{"id":74899,"date":"2025-07-30T20:58:18","date_gmt":"2025-07-30T23:58:18","guid":{"rendered":"https:\/\/noticiasribeiraopreto.com.br\/index.php\/2025\/07\/30\/mais-de-17-mil-alunos-devem-realizar-as-provas-do-enem-2025-em-ribeirao-preto\/"},"modified":"2025-07-30T20:58:18","modified_gmt":"2025-07-30T23:58:18","slug":"mais-de-17-mil-alunos-devem-realizar-as-provas-do-enem-2025-em-ribeirao-preto","status":"publish","type":"post","link":"https:\/\/noticiasribeiraopreto.com.br\/index.php\/2025\/07\/30\/mais-de-17-mil-alunos-devem-realizar-as-provas-do-enem-2025-em-ribeirao-preto\/","title":{"rendered":"Mais de 17 mil alunos devem realizar as provas do Enem 2025 em Ribeir\u00e3o Preto"},"content":{"rendered":"<div class='code-block code-block-1' style='margin: 8px 0 8px auto; text-align: right; display: block; clear: both;'>\n<p><a href=\"https:\/\/wa.link\/vpicfd\"><img data-recalc-dims=\"1\" class=\"wp-image-4922\" style=\"aspect-ratio: 2.0253164556962027; width: 561px; height: auto;\" src=\"https:\/\/i0.wp.com\/ismaelcolosi.com.br\/wp-content\/uploads\/2023\/11\/grupo-de-empregos-whatsapp-e-facebook-ismael-colosi-vagas.jpg?ssl=1\" alt=\"\" \/><\/a><\/p>\n<!-- \/wp:image -->\n<\/div>\n<p> <br \/>\n<\/p>\n<div data-td-block-uid=\"tdi_95\">\n<div class=\"tdb-block-inner td-fix-index\">\n<p>O <strong>Exame Nacional do Ensino M\u00e9dio (Enem) 2025<\/strong> ser\u00e1 aplicado nos dias 9 e 16 de novembro. Em <strong>Ribeir\u00e3o Preto<\/strong>, <mark style=\"background-color:#fcb900\" class=\"has-inline-color\">17.239 estudantes se inscreveram para realizar as provas de linguagens<\/mark>, <mark style=\"background-color:#fcb900\" class=\"has-inline-color\">ci\u00eancias humanas<\/mark> e <mark style=\"background-color:#fcb900\" class=\"has-inline-color\">reda\u00e7\u00e3o<\/mark>.<\/p>\n<p>O <strong>n\u00famero representa um aumento de 10,9% em rela\u00e7\u00e3o a 2024<\/strong>, quando 15.543 candidatos participaram da avalia\u00e7\u00e3o, em Ribeir\u00e3o Preto. <\/p>\n<p>Os dados foram divulgados nesta quarta-feira (30) pelo <strong>Minist\u00e9rio da Educa\u00e7\u00e3o (MEC) e pelo Instituto Nacional de Estudos e Pesquisas Educacionais An\u00edsio Teixeira (Inep)<\/strong>, por meio do <a href=\"https:\/\/app.powerbi.com\/view?r=eyJrIjoiYjM0N2JkYzMtZTg4Mi00NjJjLTg2MTItNWY4MmI1MmE4MWUzIiwidCI6IjI2ZjczODk3LWM4YWMtNGIxZS05NzhmLWVhNGMwNzc0MzRiZiJ9\" data-type=\"link\" data-id=\"https:\/\/app.powerbi.com\/view?r=eyJrIjoiYjM0N2JkYzMtZTg4Mi00NjJjLTg2MTItNWY4MmI1MmE4MWUzIiwidCI6IjI2ZjczODk3LWM4YWMtNGIxZS05NzhmLWVhNGMwNzc0MzRiZiJ9\" target=\"_blank\" rel=\"noopener\">Painel Enem 2025<\/a>.<\/p>\n<p><strong>Vale ressaltar<\/strong> que, segundo o Inep, <strong>os dados do painel s\u00e3o autodeclarat\u00f3rios<\/strong>. <\/p>\n<hr class=\"wp-block-separator has-alpha-channel-opacity\"\/>\n<p>SAIBA MAIS<\/p>\n<p>Ribeir\u00e3o Preto recebe feira gratuita com food trucks, chope e m\u00fasica ao vivo<\/p>\n<h2 class=\"wp-block-heading\"><strong>FIQUE ON<\/strong><\/h2>\n<p>Quer ficar por dentro de tudo que acontece em Ribeir\u00e3o Preto e regi\u00e3o? Ent\u00e3o siga os perfis do\u202facidade on\u202fno\u202f<a href=\"https:\/\/www.instagram.com\/acidadeonribeirao\" target=\"_blank\" rel=\"noreferrer noopener\">Instagram<\/a>\u202fe no\u202f<a href=\"https:\/\/www.facebook.com\/acidadeonribeirao\/\" target=\"_blank\" rel=\"noreferrer noopener\">Facebook<\/a>.<\/p>\n<p>Al\u00e9m disso, voc\u00ea pode receber as principais not\u00edcias diretamente no WhatsApp. Para isso, basta\u00a0<a href=\"https:\/\/chat.whatsapp.com\/BjKQZ9oJwlz8VVT50NuePq\" target=\"_blank\" rel=\"noreferrer noopener\">entrar no grupo clicando aqui<\/a>.<\/p>\n<p>Por fim, se quiser fazer uma den\u00fancia ou sugerir uma reportagem sobre Ribeir\u00e3o Preto e regi\u00e3o, envie uma mensagem pelo WhatsApp: (16) 99117-7802.<\/p>\n<p>VEJA TAMB\u00c9M<\/p>\n<p>Qual o hor\u00e1rio em que celulares s\u00e3o mais furtados?<\/p>\n<p><!-- AI CONTENT END 1 -->\n<\/div>\n<\/div>\n<p><script async src=\"\/\/www.instagram.com\/embed.js\"><\/script><br \/>\n<br \/><br \/>\n<br \/><a href=\"https:\/\/www.acidadeon.com\/ribeiraopreto\/cotidiano\/mais-de-17-mil-alunos-devem-realizar-as-provas-do-enem-2025-em-ribeirao-preto\/\">Source link <\/a><\/p>\n<!-- CONTENT END 1 -->\n","protected":false},"excerpt":{"rendered":"<p>O Exame Nacional do Ensino M\u00e9dio (Enem) 2025 ser\u00e1 aplicado nos dias 9 e 16 de novembro. Em Ribeir\u00e3o Preto, 17.239 estudantes se inscreveram para&#8230;<\/p>\n","protected":false},"author":1,"featured_media":74900,"comment_status":"open","ping_status":"open","sticky":false,"template":"","format":"standard","meta":{"advanced_seo_description":"","jetpack_seo_html_title":"","jetpack_seo_noindex":false,"jetpack_post_was_ever_published":false,"_jetpack_newsletter_access":"","_jetpack_dont_email_post_to_subs":false,"_jetpack_newsletter_tier_id":0,"_jetpack_memberships_contains_paywalled_content":false,"_jetpack_memberships_contains_paid_content":false,"footnotes":"","jetpack_publicize_message":"","jetpack_publicize_feature_enabled":true,"jetpack_social_post_already_shared":true,"jetpack_social_options":{"image_generator_settings":{"template":"highway","default_image_id":0,"font":"","enabled":false},"version":2}},"categories":[11],"tags":[],"class_list":["post-74899","post","type-post","status-publish","format-standard","has-post-thumbnail","hentry","category-noticias-de-ribeirao-preto-sp-e-regiao-ismael-colosi"],"jetpack_publicize_connections":[],"jetpack_featured_media_url":"https:\/\/i0.wp.com\/noticiasribeiraopreto.com.br\/wp-content\/uploads\/2025\/07\/enem.jpeg?fit=768%2C420&ssl=1","jetpack-related-posts":[{"id":59959,"url":"https:\/\/noticiasribeiraopreto.com.br\/index.php\/2024\/11\/02\/mais-de-15-mil-alunos-devem-realizar-as-provas-do-enem-2024-em-ribeirao-preto\/","url_meta":{"origin":74899,"position":0},"title":"Mais de 15 mil alunos devem realizar as provas do Enem 2024 em Ribeir\u00e3o Preto","author":"noticiasribeiraopreto.com.br","date":"2 de November de 2024","format":false,"excerpt":"O Exame Nacional do Ensino M\u00e9dio (Enem) 2024 come\u00e7a neste domingo (3). Em Ribeir\u00e3o Preto, 15.543 estudantes inscritos devem realizar as provas de conhecimentos de linguagens, ci\u00eancias humanas e reda\u00e7\u00e3o. Para auxiliar os candidatos, reunimos algumas informa\u00e7\u00f5es importantes como\u00a0o que levar, o que\u00a0n\u00e3o levar\u00a0e os\u00a0hor\u00e1rios do exame. O que preciso\u2026","rel":"","context":"In &quot;Not\u00edcias de Ribeir\u00e3o Preto-SP e Regi\u00e3o&quot;","block_context":{"text":"Not\u00edcias de Ribeir\u00e3o Preto-SP e Regi\u00e3o","link":"https:\/\/noticiasribeiraopreto.com.br\/index.php\/category\/noticias-de-ribeirao-preto-sp-e-regiao-ismael-colosi\/"},"img":{"alt_text":"","src":"https:\/\/i0.wp.com\/noticiasribeiraopreto.com.br\/wp-content\/uploads\/2024\/11\/1730573683_redacao-enem.jpg?fit=1170%2C700&ssl=1&resize=350%2C200","width":350,"height":200,"srcset":"https:\/\/i0.wp.com\/noticiasribeiraopreto.com.br\/wp-content\/uploads\/2024\/11\/1730573683_redacao-enem.jpg?fit=1170%2C700&ssl=1&resize=350%2C200 1x, https:\/\/i0.wp.com\/noticiasribeiraopreto.com.br\/wp-content\/uploads\/2024\/11\/1730573683_redacao-enem.jpg?fit=1170%2C700&ssl=1&resize=525%2C300 1.5x, https:\/\/i0.wp.com\/noticiasribeiraopreto.com.br\/wp-content\/uploads\/2024\/11\/1730573683_redacao-enem.jpg?fit=1170%2C700&ssl=1&resize=700%2C400 2x, https:\/\/i0.wp.com\/noticiasribeiraopreto.com.br\/wp-content\/uploads\/2024\/11\/1730573683_redacao-enem.jpg?fit=1170%2C700&ssl=1&resize=1050%2C600 3x"},"classes":[]},{"id":9204,"url":"https:\/\/noticiasribeiraopreto.com.br\/index.php\/2023\/12\/01\/ribeirao-preto-vai-ser-uma-das-sedes-do-enem-dos-concursos-publicos-veja-a-lista\/","url_meta":{"origin":74899,"position":1},"title":"Ribeir\u00e3o Preto vai ser uma das sedes do Enem dos concursos p\u00fablicos; Veja a lista","author":"noticiasribeiraopreto.com.br","date":"1 de December de 2023","format":false,"excerpt":"Ribeir\u00e3o Preto est\u00e1 entre os 180 munic\u00edpios brasileiros que v\u00e3o receber as provas do Concurso P\u00fablico Nacional Unificado, o \u201cEnem dos concursos\u201d. Segundo o Governo Federal, o concurso p\u00fablico contar\u00e1 com 6.640 vagas em 21 \u00f3rg\u00e3os federais. A lista completa de cidades que v\u00e3o sediar o Concurso P\u00fablico Nacional Unificado\u2026","rel":"","context":"In &quot;Not\u00edcias de Ribeir\u00e3o Preto-SP e Regi\u00e3o&quot;","block_context":{"text":"Not\u00edcias de Ribeir\u00e3o Preto-SP e Regi\u00e3o","link":"https:\/\/noticiasribeiraopreto.com.br\/index.php\/category\/noticias-de-ribeirao-preto-sp-e-regiao-ismael-colosi\/"},"img":{"alt_text":"","src":"https:\/\/i0.wp.com\/noticiasribeiraopreto.com.br\/wp-content\/uploads\/2023\/12\/eu-amo-ribeirao-preto.jpeg?fit=1200%2C800&ssl=1&resize=350%2C200","width":350,"height":200,"srcset":"https:\/\/i0.wp.com\/noticiasribeiraopreto.com.br\/wp-content\/uploads\/2023\/12\/eu-amo-ribeirao-preto.jpeg?fit=1200%2C800&ssl=1&resize=350%2C200 1x, https:\/\/i0.wp.com\/noticiasribeiraopreto.com.br\/wp-content\/uploads\/2023\/12\/eu-amo-ribeirao-preto.jpeg?fit=1200%2C800&ssl=1&resize=525%2C300 1.5x, https:\/\/i0.wp.com\/noticiasribeiraopreto.com.br\/wp-content\/uploads\/2023\/12\/eu-amo-ribeirao-preto.jpeg?fit=1200%2C800&ssl=1&resize=700%2C400 2x, https:\/\/i0.wp.com\/noticiasribeiraopreto.com.br\/wp-content\/uploads\/2023\/12\/eu-amo-ribeirao-preto.jpeg?fit=1200%2C800&ssl=1&resize=1050%2C600 3x"},"classes":[]},{"id":59919,"url":"https:\/\/noticiasribeiraopreto.com.br\/index.php\/2024\/11\/01\/confira-tudo-o-que-voce-precisa-saber-para-realizar-o-enem\/","url_meta":{"origin":74899,"position":2},"title":"Confira tudo o que voc\u00ea precisa saber para realizar o Enem","author":"noticiasribeiraopreto.com.br","date":"1 de November de 2024","format":false,"excerpt":"O Exame Nacional do Ensino M\u00e9dio (Enem) acontece nos dois pr\u00f3ximos domingos (3 e 10 de novembro) e mais de 15,5 mil pessoas v\u00e3o fazer a prova em Ribeir\u00e3o Preto, de acordo o Minist\u00e9rio da Educa\u00e7\u00e3o (Mec). As provas avaliam o desempenho escolar dos estudantes ao t\u00e9rmino da educa\u00e7\u00e3o b\u00e1sica\u2026","rel":"","context":"In &quot;Not\u00edcias de Ribeir\u00e3o Preto-SP e Regi\u00e3o&quot;","block_context":{"text":"Not\u00edcias de Ribeir\u00e3o Preto-SP e Regi\u00e3o","link":"https:\/\/noticiasribeiraopreto.com.br\/index.php\/category\/noticias-de-ribeirao-preto-sp-e-regiao-ismael-colosi\/"},"img":{"alt_text":"","src":"https:\/\/i0.wp.com\/noticiasribeiraopreto.com.br\/wp-content\/uploads\/2024\/11\/redacao-enem.jpg?fit=1170%2C700&ssl=1&resize=350%2C200","width":350,"height":200,"srcset":"https:\/\/i0.wp.com\/noticiasribeiraopreto.com.br\/wp-content\/uploads\/2024\/11\/redacao-enem.jpg?fit=1170%2C700&ssl=1&resize=350%2C200 1x, https:\/\/i0.wp.com\/noticiasribeiraopreto.com.br\/wp-content\/uploads\/2024\/11\/redacao-enem.jpg?fit=1170%2C700&ssl=1&resize=525%2C300 1.5x, https:\/\/i0.wp.com\/noticiasribeiraopreto.com.br\/wp-content\/uploads\/2024\/11\/redacao-enem.jpg?fit=1170%2C700&ssl=1&resize=700%2C400 2x, https:\/\/i0.wp.com\/noticiasribeiraopreto.com.br\/wp-content\/uploads\/2024\/11\/redacao-enem.jpg?fit=1170%2C700&ssl=1&resize=1050%2C600 3x"},"classes":[]},{"id":60285,"url":"https:\/\/noticiasribeiraopreto.com.br\/index.php\/2024\/11\/10\/enem-em-ribeirao-tem-mais-de-15-mil-candidatos-confira-orientacoes-para-o-2o-dia-de-provas\/","url_meta":{"origin":74899,"position":3},"title":"Enem em Ribeir\u00e3o tem mais de 15 mil candidatos; Confira orienta\u00e7\u00f5es para o 2\u00ba dia de provas","author":"noticiasribeiraopreto.com.br","date":"10 de November de 2024","format":false,"excerpt":"Mais de 15 mil candidatos devem realizar a segunda etapa do Enem (Exame Nacional do Ensino M\u00e9dio) em Ribeir\u00e3o Preto, neste domingo (10), de acordo com o Inep (Instituto Nacional de Educa\u00e7\u00e3o e Pesquisas Educacionais An\u00edsio Teixeira). Neste segundo dia, ser\u00e3o aplicados os exames de ci\u00eancias da natureza e matem\u00e1tica.\u2026","rel":"","context":"In &quot;Not\u00edcias de Ribeir\u00e3o Preto-SP e Regi\u00e3o&quot;","block_context":{"text":"Not\u00edcias de Ribeir\u00e3o Preto-SP e Regi\u00e3o","link":"https:\/\/noticiasribeiraopreto.com.br\/index.php\/category\/noticias-de-ribeirao-preto-sp-e-regiao-ismael-colosi\/"},"img":{"alt_text":"","src":"https:\/\/i0.wp.com\/noticiasribeiraopreto.com.br\/wp-content\/uploads\/2024\/11\/enem_mcamgo_abr_03112024-9_2024-11-10_13-35-35_jpg_2024-11-10_13-35-37-scaled.webp.webp?fit=1200%2C800&ssl=1&resize=350%2C200","width":350,"height":200,"srcset":"https:\/\/i0.wp.com\/noticiasribeiraopreto.com.br\/wp-content\/uploads\/2024\/11\/enem_mcamgo_abr_03112024-9_2024-11-10_13-35-35_jpg_2024-11-10_13-35-37-scaled.webp.webp?fit=1200%2C800&ssl=1&resize=350%2C200 1x, https:\/\/i0.wp.com\/noticiasribeiraopreto.com.br\/wp-content\/uploads\/2024\/11\/enem_mcamgo_abr_03112024-9_2024-11-10_13-35-35_jpg_2024-11-10_13-35-37-scaled.webp.webp?fit=1200%2C800&ssl=1&resize=525%2C300 1.5x, https:\/\/i0.wp.com\/noticiasribeiraopreto.com.br\/wp-content\/uploads\/2024\/11\/enem_mcamgo_abr_03112024-9_2024-11-10_13-35-35_jpg_2024-11-10_13-35-37-scaled.webp.webp?fit=1200%2C800&ssl=1&resize=700%2C400 2x, https:\/\/i0.wp.com\/noticiasribeiraopreto.com.br\/wp-content\/uploads\/2024\/11\/enem_mcamgo_abr_03112024-9_2024-11-10_13-35-35_jpg_2024-11-10_13-35-37-scaled.webp.webp?fit=1200%2C800&ssl=1&resize=1050%2C600 3x"},"classes":[]},{"id":15875,"url":"https:\/\/noticiasribeiraopreto.com.br\/index.php\/2023\/12\/14\/veja-quando-comecam-as-inscricoes-do-enem-dos-concursos-ribeirao-vai-receber-provas\/","url_meta":{"origin":74899,"position":4},"title":"Veja quando come\u00e7am as inscri\u00e7\u00f5es do \u2018Enem dos concursos\u2019; Ribeir\u00e3o vai receber provas","author":"noticiasribeiraopreto.com.br","date":"14 de December de 2023","format":false,"excerpt":"O Minist\u00e9rio da Gest\u00e3o e da Inova\u00e7\u00e3o em Servi\u00e7os P\u00fablicos informou nesta quinta-feira (14) que as inscri\u00e7\u00f5es do Concurso P\u00fablico Nacional Unificado, o \u201cEnem dos concursos\u201d, v\u00e3o come\u00e7ar no dia 19 de janeiro. As provas ser\u00e3o realizadas em 217 cidades, incluindo Ribeir\u00e3o Preto. O edital com todas as regras do\u2026","rel":"","context":"In &quot;Not\u00edcias de Ribeir\u00e3o Preto-SP e Regi\u00e3o&quot;","block_context":{"text":"Not\u00edcias de Ribeir\u00e3o Preto-SP e Regi\u00e3o","link":"https:\/\/noticiasribeiraopreto.com.br\/index.php\/category\/noticias-de-ribeirao-preto-sp-e-regiao-ismael-colosi\/"},"img":{"alt_text":"","src":"https:\/\/i0.wp.com\/noticiasribeiraopreto.com.br\/wp-content\/uploads\/2023\/12\/concurso-publico-14.jpg?fit=1200%2C801&ssl=1&resize=350%2C200","width":350,"height":200,"srcset":"https:\/\/i0.wp.com\/noticiasribeiraopreto.com.br\/wp-content\/uploads\/2023\/12\/concurso-publico-14.jpg?fit=1200%2C801&ssl=1&resize=350%2C200 1x, https:\/\/i0.wp.com\/noticiasribeiraopreto.com.br\/wp-content\/uploads\/2023\/12\/concurso-publico-14.jpg?fit=1200%2C801&ssl=1&resize=525%2C300 1.5x, https:\/\/i0.wp.com\/noticiasribeiraopreto.com.br\/wp-content\/uploads\/2023\/12\/concurso-publico-14.jpg?fit=1200%2C801&ssl=1&resize=700%2C400 2x, https:\/\/i0.wp.com\/noticiasribeiraopreto.com.br\/wp-content\/uploads\/2023\/12\/concurso-publico-14.jpg?fit=1200%2C801&ssl=1&resize=1050%2C600 3x"},"classes":[]},{"id":79857,"url":"https:\/\/noticiasribeiraopreto.com.br\/index.php\/2025\/11\/09\/enem-2025-veja-qual-e-o-tema-da-redacao\/","url_meta":{"origin":74899,"position":5},"title":"Enem 2025: veja qual \u00e9 o tema da reda\u00e7\u00e3o","author":"noticiasribeiraopreto.com.br","date":"9 de November de 2025","format":false,"excerpt":"O ministro da Educa\u00e7\u00e3o, Camilo Santana, anunciou na tarde deste domingo (9) o tema da reda\u00e7\u00e3o do Exame Nacional do Ensino M\u00e9dio (Enem) 2025. O assunto escolhido para este ano \u00e9: \u201cPerspectivas acerca do envelhecimento na sociedade brasileira\u201d. O tema da reda\u00e7\u00e3o do Enem 2025 \u00e9: \"Perspectivas acerca do envelhecimento\u2026","rel":"","context":"In &quot;Not\u00edcias de Ribeir\u00e3o Preto-SP e Regi\u00e3o&quot;","block_context":{"text":"Not\u00edcias de Ribeir\u00e3o Preto-SP e Regi\u00e3o","link":"https:\/\/noticiasribeiraopreto.com.br\/index.php\/category\/noticias-de-ribeirao-preto-sp-e-regiao-ismael-colosi\/"},"img":{"alt_text":"","src":"https:\/\/i0.wp.com\/noticiasribeiraopreto.com.br\/wp-content\/uploads\/2025\/11\/0d9a5498.webp.webp?fit=1170%2C700&ssl=1&resize=350%2C200","width":350,"height":200,"srcset":"https:\/\/i0.wp.com\/noticiasribeiraopreto.com.br\/wp-content\/uploads\/2025\/11\/0d9a5498.webp.webp?fit=1170%2C700&ssl=1&resize=350%2C200 1x, https:\/\/i0.wp.com\/noticiasribeiraopreto.com.br\/wp-content\/uploads\/2025\/11\/0d9a5498.webp.webp?fit=1170%2C700&ssl=1&resize=525%2C300 1.5x, https:\/\/i0.wp.com\/noticiasribeiraopreto.com.br\/wp-content\/uploads\/2025\/11\/0d9a5498.webp.webp?fit=1170%2C700&ssl=1&resize=700%2C400 2x, https:\/\/i0.wp.com\/noticiasribeiraopreto.com.br\/wp-content\/uploads\/2025\/11\/0d9a5498.webp.webp?fit=1170%2C700&ssl=1&resize=1050%2C600 3x"},"classes":[]}],"jetpack_sharing_enabled":true,"jetpack_shortlink":"https:\/\/wp.me\/peQAOb-ju3","_links":{"self":[{"href":"https:\/\/noticiasribeiraopreto.com.br\/index.php\/wp-json\/wp\/v2\/posts\/74899","targetHints":{"allow":["GET"]}}],"collection":[{"href":"https:\/\/noticiasribeiraopreto.com.br\/index.php\/wp-json\/wp\/v2\/posts"}],"about":[{"href":"https:\/\/noticiasribeiraopreto.com.br\/index.php\/wp-json\/wp\/v2\/types\/post"}],"author":[{"embeddable":true,"href":"https:\/\/noticiasribeiraopreto.com.br\/index.php\/wp-json\/wp\/v2\/users\/1"}],"replies":[{"embeddable":true,"href":"https:\/\/noticiasribeiraopreto.com.br\/index.php\/wp-json\/wp\/v2\/comments?post=74899"}],"version-history":[{"count":0,"href":"https:\/\/noticiasribeiraopreto.com.br\/index.php\/wp-json\/wp\/v2\/posts\/74899\/revisions"}],"wp:featuredmedia":[{"embeddable":true,"href":"https:\/\/noticiasribeiraopreto.com.br\/index.php\/wp-json\/wp\/v2\/media\/74900"}],"wp:attachment":[{"href":"https:\/\/noticiasribeiraopreto.com.br\/index.php\/wp-json\/wp\/v2\/media?parent=74899"}],"wp:term":[{"taxonomy":"category","embeddable":true,"href":"https:\/\/noticiasribeiraopreto.com.br\/index.php\/wp-json\/wp\/v2\/categories?post=74899"},{"taxonomy":"post_tag","embeddable":true,"href":"https:\/\/noticiasribeiraopreto.com.br\/index.php\/wp-json\/wp\/v2\/tags?post=74899"}],"curies":[{"name":"wp","href":"https:\/\/api.w.org\/{rel}","templated":true}]}}