{"id":74904,"date":"2025-07-30T21:09:24","date_gmt":"2025-07-31T00:09:24","guid":{"rendered":"https:\/\/noticiasribeiraopreto.com.br\/index.php\/2025\/07\/30\/ribeirao-preto-lanca-novo-aplicativo-de-saude-digital-veja-como-acessar\/"},"modified":"2025-07-30T21:09:24","modified_gmt":"2025-07-31T00:09:24","slug":"ribeirao-preto-lanca-novo-aplicativo-de-saude-digital-veja-como-acessar","status":"publish","type":"post","link":"https:\/\/noticiasribeiraopreto.com.br\/index.php\/2025\/07\/30\/ribeirao-preto-lanca-novo-aplicativo-de-saude-digital-veja-como-acessar\/","title":{"rendered":"Ribeir\u00e3o Preto lan\u00e7a novo aplicativo de sa\u00fade digital; veja como acessar"},"content":{"rendered":"<div class='code-block code-block-1' style='margin: 8px 0 8px auto; text-align: right; display: block; clear: both;'>\n<p><a href=\"https:\/\/wa.link\/vpicfd\"><img data-recalc-dims=\"1\" class=\"wp-image-4922\" style=\"aspect-ratio: 2.0253164556962027; width: 561px; height: auto;\" src=\"https:\/\/i0.wp.com\/ismaelcolosi.com.br\/wp-content\/uploads\/2023\/11\/grupo-de-empregos-whatsapp-e-facebook-ismael-colosi-vagas.jpg?ssl=1\" alt=\"\" \/><\/a><\/p>\n<!-- \/wp:image -->\n<\/div>\n<p> <br \/>\n<\/p>\n<div>\n<p><strong>Ribeir\u00e3o Preto iniciou nesta quarta-feira (30) uma nova etapa na \u00e1rea da sa\u00fade digital<\/strong> com o lan\u00e7amento do aplicativo <strong>Cuidar+On<\/strong>, plataforma que passa a concentrar os servi\u00e7os antes oferecidos pelo antigo <strong>Sa\u00fade24h<\/strong>. O novo app j\u00e1 est\u00e1 dispon\u00edvel para download na <strong>Google Play<\/strong> para usu\u00e1rios de celulares com sistema Android.<\/p>\n<p>O<strong> Cuidar+On<\/strong> mant\u00e9m todas as funcionalidades anteriores, como <strong>teleconsultas com enfermeiros<\/strong>, <strong>cl\u00ednicos gerais <\/strong>e <strong>psic\u00f3logos<\/strong>, al\u00e9m de incorporar melhorias na interface e na experi\u00eancia de navega\u00e7\u00e3o. Os <strong>atendimentos online seguem dispon\u00edveis 24 horas por dia, todos os dias da semana.<\/strong><\/p>\n<p>A partir de agora, <strong>todos os atendimentos realizados anteriormente pelo Sa\u00fade24h passam a ser feitos exclusivamente no novo aplicativo.<\/strong> A transi\u00e7\u00e3o ocorre de forma gradual e sem interrup\u00e7\u00f5es. Desde o dia 24 de julho, os usu\u00e1rios que utilizaram os servi\u00e7os de telemedicina j\u00e1 come\u00e7aram a receber notifica\u00e7\u00f5es com orienta\u00e7\u00f5es sobre a mudan\u00e7a.<\/p>\n<p>Para usu\u00e1rios de iPhone, os atendimentos continuam sendo realizados via <strong>WhatsApp<\/strong>, pelo n\u00famero 0800, at\u00e9 que o app seja disponibilizado na <strong>App Store<\/strong>. A libera\u00e7\u00e3o para dispositivos iOS ser\u00e1 comunicada oficialmente quando conclu\u00edda.<\/p>\n<h2 class=\"wp-block-heading\"><strong>Como usar?<\/strong><\/h2>\n<p>Para utilizar o Cuidar+On, <strong>o usu\u00e1rio deve baixar o aplicativo na<\/strong> <strong>Google Play<\/strong> e fazer o<strong> login com CPF e data de nascimento. <\/strong>Ap\u00f3s o acesso, \u00e9 poss\u00edvel solicitar atendimentos por v\u00eddeo com profissionais da sa\u00fade, enviar documentos e receber receitas ou atestados diretamente no celular. O servi\u00e7o funciona 24 horas por dia e est\u00e1 dispon\u00edvel para toda a popula\u00e7\u00e3o cadastrada na rede p\u00fablica de sa\u00fade.<\/p>\n<p>O novo aplicativo permite ao <strong>profissional de sa\u00fade prescrever receitas<\/strong>, <strong>emitir atestados<\/strong> e o<strong>rientar o paciente remotamente<\/strong>.<\/p>\n<hr class=\"wp-block-separator has-alpha-channel-opacity\"\/>\n<p>SAIBA MAIS<\/p>\n<p>Ribeir\u00e3o Preto recebe feira gratuita com food trucks, chope e m\u00fasica ao vivo<\/p>\n<h2 class=\"wp-block-heading\"><strong>FIQUE ON<\/strong><\/h2>\n<p>Quer ficar por dentro de tudo que acontece em Ribeir\u00e3o Preto e regi\u00e3o? Ent\u00e3o siga os perfis do\u202facidade on\u202fno\u202f<a href=\"https:\/\/www.instagram.com\/acidadeonribeirao\" target=\"_blank\" rel=\"noreferrer noopener\">Instagram<\/a>\u202fe no\u202f<a href=\"https:\/\/www.facebook.com\/acidadeonribeirao\/\" target=\"_blank\" rel=\"noreferrer noopener\">Facebook<\/a>.<\/p>\n<p>Al\u00e9m disso, voc\u00ea pode receber as principais not\u00edcias diretamente no WhatsApp. Para isso, basta\u00a0<a href=\"https:\/\/chat.whatsapp.com\/BjKQZ9oJwlz8VVT50NuePq\" target=\"_blank\" rel=\"noreferrer noopener\">entrar no grupo clicando aqui<\/a>.<\/p>\n<p>Por fim, se quiser fazer uma den\u00fancia ou sugerir uma reportagem sobre Ribeir\u00e3o Preto e regi\u00e3o, envie uma mensagem pelo WhatsApp: (16) 99117-7802.<\/p>\n<p>VEJA TAMB\u00c9M<\/p>\n<p>Qual o hor\u00e1rio em que celulares s\u00e3o mais furtados?<\/p>\n<p><!-- AI CONTENT END 1 -->\n<\/div>\n<p><script async src=\"\/\/www.instagram.com\/embed.js\"><\/script><br \/>\n<br \/><br \/>\n<br \/><a href=\"https:\/\/www.acidadeon.com\/ribeiraopreto\/cotidiano\/ribeirao-preto-lanca-novo-aplicativo-de-saude-digital-veja-como-acessar\/\">Source link <\/a><\/p>\n<!-- CONTENT END 1 -->\n","protected":false},"excerpt":{"rendered":"<p>Ribeir\u00e3o Preto iniciou nesta quarta-feira (30) uma nova etapa na \u00e1rea da sa\u00fade digital com o lan\u00e7amento do aplicativo Cuidar+On, plataforma que passa a concentrar&#8230;<\/p>\n","protected":false},"author":1,"featured_media":74905,"comment_status":"open","ping_status":"open","sticky":false,"template":"","format":"standard","meta":{"advanced_seo_description":"","jetpack_seo_html_title":"","jetpack_seo_noindex":false,"jetpack_post_was_ever_published":false,"_jetpack_newsletter_access":"","_jetpack_dont_email_post_to_subs":false,"_jetpack_newsletter_tier_id":0,"_jetpack_memberships_contains_paywalled_content":false,"_jetpack_memberships_contains_paid_content":false,"footnotes":"","jetpack_publicize_message":"","jetpack_publicize_feature_enabled":true,"jetpack_social_post_already_shared":true,"jetpack_social_options":{"image_generator_settings":{"template":"highway","default_image_id":0,"font":"","enabled":false},"version":2}},"categories":[11],"tags":[],"class_list":["post-74904","post","type-post","status-publish","format-standard","has-post-thumbnail","hentry","category-noticias-de-ribeirao-preto-sp-e-regiao-ismael-colosi"],"jetpack_publicize_connections":[],"jetpack_featured_media_url":"https:\/\/i0.wp.com\/noticiasribeiraopreto.com.br\/wp-content\/uploads\/2025\/07\/idoso-celular_2025-05-19_17-31-50.webp.webp?fit=1200%2C798&ssl=1","jetpack-related-posts":[{"id":74909,"url":"https:\/\/noticiasribeiraopreto.com.br\/index.php\/2025\/07\/31\/prefeitura-lanca-app-de-teleconsulta\/","url_meta":{"origin":74904,"position":0},"title":"Prefeitura lan\u00e7a app de teleconsulta","author":"noticiasribeiraopreto.com.br","date":"31 de July de 2025","format":false,"excerpt":"O prefeito Ricardo Silva (PSD) lan\u00e7ou nesta quarta-feira, 30 de julho, o aplicativo Cuidar+On para teleconsulta. O an\u00fancio ocorreu no Centro Administrativo Prefeito Jos\u00e9 de Magalh\u00e3es, sede da prefeitura de Ribeir\u00e3o Preto. A plataforma foi desenvolvida especialmente para atender \u00e0s necessidades da popula\u00e7\u00e3o e substituir\u00e1 o Sa\u00fade24h, mantendo todos os\u2026","rel":"","context":"In &quot;Not\u00edcias de Ribeir\u00e3o Preto-SP e Regi\u00e3o&quot;","block_context":{"text":"Not\u00edcias de Ribeir\u00e3o Preto-SP e Regi\u00e3o","link":"https:\/\/noticiasribeiraopreto.com.br\/index.php\/category\/noticias-de-ribeirao-preto-sp-e-regiao-ismael-colosi\/"},"img":{"alt_text":"","src":"https:\/\/i0.wp.com\/noticiasribeiraopreto.com.br\/wp-content\/uploads\/2025\/07\/SaudeAPP-Alfredo-Risk-scaled.jpg?fit=1170%2C780&ssl=1&resize=350%2C200","width":350,"height":200,"srcset":"https:\/\/i0.wp.com\/noticiasribeiraopreto.com.br\/wp-content\/uploads\/2025\/07\/SaudeAPP-Alfredo-Risk-scaled.jpg?fit=1170%2C780&ssl=1&resize=350%2C200 1x, https:\/\/i0.wp.com\/noticiasribeiraopreto.com.br\/wp-content\/uploads\/2025\/07\/SaudeAPP-Alfredo-Risk-scaled.jpg?fit=1170%2C780&ssl=1&resize=525%2C300 1.5x, https:\/\/i0.wp.com\/noticiasribeiraopreto.com.br\/wp-content\/uploads\/2025\/07\/SaudeAPP-Alfredo-Risk-scaled.jpg?fit=1170%2C780&ssl=1&resize=700%2C400 2x, https:\/\/i0.wp.com\/noticiasribeiraopreto.com.br\/wp-content\/uploads\/2025\/07\/SaudeAPP-Alfredo-Risk-scaled.jpg?fit=1170%2C780&ssl=1&resize=1050%2C600 3x"},"classes":[]},{"id":26995,"url":"https:\/\/noticiasribeiraopreto.com.br\/index.php\/2024\/01\/11\/paciente-pode-acompanhar-tamanho-da-fila-em-upas-de-ribeirao-por-aplicativo\/","url_meta":{"origin":74904,"position":1},"title":"Paciente pode acompanhar tamanho da fila em UPAs de Ribeir\u00e3o por aplicativo","author":"noticiasribeiraopreto.com.br","date":"11 de January de 2024","format":false,"excerpt":"Os pacientes podem acompanhar o tamanho das filas de atendimento nas UPAs (Unidade de Pronto Atendimento) de Ribeir\u00e3o Preto pelo aplicativo Sa\u00fade Digital. A nova fun\u00e7\u00e3o permite ao usu\u00e1rio consultar o tempo m\u00e9dio de espera para atendimento por especialidades. Segundo a Secretaria da Sa\u00fade de Ribeir\u00e3o Preto, os profissionais das\u2026","rel":"","context":"In &quot;Not\u00edcias de Ribeir\u00e3o Preto-SP e Regi\u00e3o&quot;","block_context":{"text":"Not\u00edcias de Ribeir\u00e3o Preto-SP e Regi\u00e3o","link":"https:\/\/noticiasribeiraopreto.com.br\/index.php\/category\/noticias-de-ribeirao-preto-sp-e-regiao-ismael-colosi\/"},"img":{"alt_text":"","src":"https:\/\/i0.wp.com\/noticiasribeiraopreto.com.br\/wp-content\/uploads\/2024\/01\/upa.jpg?fit=1200%2C799&ssl=1&resize=350%2C200","width":350,"height":200,"srcset":"https:\/\/i0.wp.com\/noticiasribeiraopreto.com.br\/wp-content\/uploads\/2024\/01\/upa.jpg?fit=1200%2C799&ssl=1&resize=350%2C200 1x, https:\/\/i0.wp.com\/noticiasribeiraopreto.com.br\/wp-content\/uploads\/2024\/01\/upa.jpg?fit=1200%2C799&ssl=1&resize=525%2C300 1.5x, https:\/\/i0.wp.com\/noticiasribeiraopreto.com.br\/wp-content\/uploads\/2024\/01\/upa.jpg?fit=1200%2C799&ssl=1&resize=700%2C400 2x, https:\/\/i0.wp.com\/noticiasribeiraopreto.com.br\/wp-content\/uploads\/2024\/01\/upa.jpg?fit=1200%2C799&ssl=1&resize=1050%2C600 3x"},"classes":[]},{"id":65403,"url":"https:\/\/noticiasribeiraopreto.com.br\/index.php\/2025\/03\/19\/veja-como-consultar-resultados-de-exames-realizados-em-ribeirao-preto-pelo-aplicativo\/","url_meta":{"origin":74904,"position":2},"title":"Veja como consultar resultados de exames realizados em Ribeir\u00e3o Preto pelo aplicativo","author":"noticiasribeiraopreto.com.br","date":"19 de March de 2025","format":false,"excerpt":"A partir de agora, os usu\u00e1rios do sistema p\u00fablico de Sa\u00fade de Ribeir\u00e3o Preto podem consultar os resultados de exames laboratoriais em tempo real e acompanhar o status de encaminhamentos para consultas com especialistas e exames com o aplicativo Sa\u00fade Digital. Ficam dispon\u00edveis os resultados de exames realizados na rede\u2026","rel":"","context":"In &quot;Not\u00edcias de Ribeir\u00e3o Preto-SP e Regi\u00e3o&quot;","block_context":{"text":"Not\u00edcias de Ribeir\u00e3o Preto-SP e Regi\u00e3o","link":"https:\/\/noticiasribeiraopreto.com.br\/index.php\/category\/noticias-de-ribeirao-preto-sp-e-regiao-ismael-colosi\/"},"img":{"alt_text":"","src":"https:\/\/i0.wp.com\/noticiasribeiraopreto.com.br\/wp-content\/uploads\/2025\/03\/app-saude-digital_2025-03-19_20-00-48_jpg_2025-03-19_20-00-48.webp.webp?fit=1200%2C800&ssl=1&resize=350%2C200","width":350,"height":200,"srcset":"https:\/\/i0.wp.com\/noticiasribeiraopreto.com.br\/wp-content\/uploads\/2025\/03\/app-saude-digital_2025-03-19_20-00-48_jpg_2025-03-19_20-00-48.webp.webp?fit=1200%2C800&ssl=1&resize=350%2C200 1x, https:\/\/i0.wp.com\/noticiasribeiraopreto.com.br\/wp-content\/uploads\/2025\/03\/app-saude-digital_2025-03-19_20-00-48_jpg_2025-03-19_20-00-48.webp.webp?fit=1200%2C800&ssl=1&resize=525%2C300 1.5x, https:\/\/i0.wp.com\/noticiasribeiraopreto.com.br\/wp-content\/uploads\/2025\/03\/app-saude-digital_2025-03-19_20-00-48_jpg_2025-03-19_20-00-48.webp.webp?fit=1200%2C800&ssl=1&resize=700%2C400 2x, https:\/\/i0.wp.com\/noticiasribeiraopreto.com.br\/wp-content\/uploads\/2025\/03\/app-saude-digital_2025-03-19_20-00-48_jpg_2025-03-19_20-00-48.webp.webp?fit=1200%2C800&ssl=1&resize=1050%2C600 3x"},"classes":[]},{"id":79803,"url":"https:\/\/noticiasribeiraopreto.com.br\/index.php\/2025\/11\/07\/ribeirao-preto-adota-numero-unico-para-consultas-medicas-e-telemedicina\/","url_meta":{"origin":74904,"position":3},"title":"Ribeir\u00e3o Preto adota n\u00famero \u00fanico para consultas m\u00e9dicas e telemedicina","author":"noticiasribeiraopreto.com.br","date":"7 de November de 2025","format":false,"excerpt":"A partir da pr\u00f3xima segunda-feira (10), moradores de Ribeir\u00e3o Preto ter\u00e3o um \u00fanico n\u00famero para agendar consultas e acessar o servi\u00e7o de telemedicina da rede municipal. O atendimento passa a ser feito pelo 0800 772 7215, o mesmo n\u00famero do Cuidar+On, plataforma de teleconsulta da Prefeitura. Com a mudan\u00e7a, o\u2026","rel":"","context":"In &quot;Not\u00edcias de Ribeir\u00e3o Preto-SP e Regi\u00e3o&quot;","block_context":{"text":"Not\u00edcias de Ribeir\u00e3o Preto-SP e Regi\u00e3o","link":"https:\/\/noticiasribeiraopreto.com.br\/index.php\/category\/noticias-de-ribeirao-preto-sp-e-regiao-ismael-colosi\/"},"img":{"alt_text":"","src":"https:\/\/i0.wp.com\/noticiasribeiraopreto.com.br\/wp-content\/uploads\/2025\/09\/Copia-de-Copia-de-Copia-de-TAMANHO-EXATO-PARA-FOTOS-NO-SISTEMA-NOVO-2025-09-08T162125.333_2025-09-08_19-21-46.webp.webp?fit=1200%2C675&ssl=1&resize=350%2C200","width":350,"height":200,"srcset":"https:\/\/i0.wp.com\/noticiasribeiraopreto.com.br\/wp-content\/uploads\/2025\/09\/Copia-de-Copia-de-Copia-de-TAMANHO-EXATO-PARA-FOTOS-NO-SISTEMA-NOVO-2025-09-08T162125.333_2025-09-08_19-21-46.webp.webp?fit=1200%2C675&ssl=1&resize=350%2C200 1x, https:\/\/i0.wp.com\/noticiasribeiraopreto.com.br\/wp-content\/uploads\/2025\/09\/Copia-de-Copia-de-Copia-de-TAMANHO-EXATO-PARA-FOTOS-NO-SISTEMA-NOVO-2025-09-08T162125.333_2025-09-08_19-21-46.webp.webp?fit=1200%2C675&ssl=1&resize=525%2C300 1.5x, https:\/\/i0.wp.com\/noticiasribeiraopreto.com.br\/wp-content\/uploads\/2025\/09\/Copia-de-Copia-de-Copia-de-TAMANHO-EXATO-PARA-FOTOS-NO-SISTEMA-NOVO-2025-09-08T162125.333_2025-09-08_19-21-46.webp.webp?fit=1200%2C675&ssl=1&resize=700%2C400 2x, https:\/\/i0.wp.com\/noticiasribeiraopreto.com.br\/wp-content\/uploads\/2025\/09\/Copia-de-Copia-de-Copia-de-TAMANHO-EXATO-PARA-FOTOS-NO-SISTEMA-NOVO-2025-09-08T162125.333_2025-09-08_19-21-46.webp.webp?fit=1200%2C675&ssl=1&resize=1050%2C600 3x"},"classes":[]},{"id":76915,"url":"https:\/\/noticiasribeiraopreto.com.br\/index.php\/2025\/09\/08\/ribeirao-preto-lanca-novo-modelo-de-agendamento-de-consultas-veja-como-funciona\/","url_meta":{"origin":74904,"position":4},"title":"Ribeir\u00e3o Preto lan\u00e7a novo modelo de agendamento de consultas; veja como funciona","author":"noticiasribeiraopreto.com.br","date":"8 de September de 2025","format":false,"excerpt":"A partir desta segunda-feira (8), Ribeir\u00e3o Preto iniciou um novo modelo de atendimento no N\u00facleo Interno de Gest\u00e3o de Agendas para agendar consultas, exames e procedimentos nas unidades de sa\u00fade do munic\u00edpio. O objetivo \u00e9 reduzir filas presenciais nas UBSs. Nesta primeira fase, o sistema funciona em quatro unidades: Eug\u00eanio\u2026","rel":"","context":"In &quot;Not\u00edcias de Ribeir\u00e3o Preto-SP e Regi\u00e3o&quot;","block_context":{"text":"Not\u00edcias de Ribeir\u00e3o Preto-SP e Regi\u00e3o","link":"https:\/\/noticiasribeiraopreto.com.br\/index.php\/category\/noticias-de-ribeirao-preto-sp-e-regiao-ismael-colosi\/"},"img":{"alt_text":"","src":"https:\/\/i0.wp.com\/noticiasribeiraopreto.com.br\/wp-content\/uploads\/2025\/09\/Copia-de-Copia-de-Copia-de-TAMANHO-EXATO-PARA-FOTOS-NO-SISTEMA-NOVO-2025-09-08T162125.333_2025-09-08_19-21-46.webp.webp?fit=1200%2C675&ssl=1&resize=350%2C200","width":350,"height":200,"srcset":"https:\/\/i0.wp.com\/noticiasribeiraopreto.com.br\/wp-content\/uploads\/2025\/09\/Copia-de-Copia-de-Copia-de-TAMANHO-EXATO-PARA-FOTOS-NO-SISTEMA-NOVO-2025-09-08T162125.333_2025-09-08_19-21-46.webp.webp?fit=1200%2C675&ssl=1&resize=350%2C200 1x, https:\/\/i0.wp.com\/noticiasribeiraopreto.com.br\/wp-content\/uploads\/2025\/09\/Copia-de-Copia-de-Copia-de-TAMANHO-EXATO-PARA-FOTOS-NO-SISTEMA-NOVO-2025-09-08T162125.333_2025-09-08_19-21-46.webp.webp?fit=1200%2C675&ssl=1&resize=525%2C300 1.5x, https:\/\/i0.wp.com\/noticiasribeiraopreto.com.br\/wp-content\/uploads\/2025\/09\/Copia-de-Copia-de-Copia-de-TAMANHO-EXATO-PARA-FOTOS-NO-SISTEMA-NOVO-2025-09-08T162125.333_2025-09-08_19-21-46.webp.webp?fit=1200%2C675&ssl=1&resize=700%2C400 2x, https:\/\/i0.wp.com\/noticiasribeiraopreto.com.br\/wp-content\/uploads\/2025\/09\/Copia-de-Copia-de-Copia-de-TAMANHO-EXATO-PARA-FOTOS-NO-SISTEMA-NOVO-2025-09-08T162125.333_2025-09-08_19-21-46.webp.webp?fit=1200%2C675&ssl=1&resize=1050%2C600 3x"},"classes":[]},{"id":26710,"url":"https:\/\/noticiasribeiraopreto.com.br\/index.php\/2024\/01\/10\/aplicativo-saude-digital-tem-nova-funcao-que-indica-tempo-medio-de-atendimento-nas-upas\/","url_meta":{"origin":74904,"position":5},"title":"Aplicativo Sa\u00fade Digital tem nova fun\u00e7\u00e3o que indica tempo m\u00e9dio de atendimento nas UPAs \u2013 Folha de Ribeir\u00e3o","author":"noticiasribeiraopreto.com.br","date":"10 de January de 2024","format":false,"excerpt":"J\u00e1 est\u00e1 dispon\u00edvel para a popula\u00e7\u00e3o, no aplicativo Sa\u00fade Digital, a nova fun\u00e7\u00e3o que permite ao usu\u00e1rio consultar o tempo m\u00e9dio de espera para atendimento por especialidades nas UPAs \u2013 Unidades de Pronto Atendimento de Ribeir\u00e3o Preto. \u201cOs profissionais das UPAs ficam respons\u00e1veis por alimentar esses dados de hora em\u2026","rel":"","context":"In &quot;Not\u00edcias de Ribeir\u00e3o Preto-SP e Regi\u00e3o&quot;","block_context":{"text":"Not\u00edcias de Ribeir\u00e3o Preto-SP e Regi\u00e3o","link":"https:\/\/noticiasribeiraopreto.com.br\/index.php\/category\/noticias-de-ribeirao-preto-sp-e-regiao-ismael-colosi\/"},"img":{"alt_text":"","src":"https:\/\/i0.wp.com\/noticiasribeiraopreto.com.br\/wp-content\/uploads\/2024\/01\/app_saude_digital_-_foto_guilherme_sircili_22.jpg?fit=1200%2C800&ssl=1&resize=350%2C200","width":350,"height":200,"srcset":"https:\/\/i0.wp.com\/noticiasribeiraopreto.com.br\/wp-content\/uploads\/2024\/01\/app_saude_digital_-_foto_guilherme_sircili_22.jpg?fit=1200%2C800&ssl=1&resize=350%2C200 1x, https:\/\/i0.wp.com\/noticiasribeiraopreto.com.br\/wp-content\/uploads\/2024\/01\/app_saude_digital_-_foto_guilherme_sircili_22.jpg?fit=1200%2C800&ssl=1&resize=525%2C300 1.5x, https:\/\/i0.wp.com\/noticiasribeiraopreto.com.br\/wp-content\/uploads\/2024\/01\/app_saude_digital_-_foto_guilherme_sircili_22.jpg?fit=1200%2C800&ssl=1&resize=700%2C400 2x, https:\/\/i0.wp.com\/noticiasribeiraopreto.com.br\/wp-content\/uploads\/2024\/01\/app_saude_digital_-_foto_guilherme_sircili_22.jpg?fit=1200%2C800&ssl=1&resize=1050%2C600 3x"},"classes":[]}],"jetpack_sharing_enabled":true,"jetpack_shortlink":"https:\/\/wp.me\/peQAOb-ju8","_links":{"self":[{"href":"https:\/\/noticiasribeiraopreto.com.br\/index.php\/wp-json\/wp\/v2\/posts\/74904","targetHints":{"allow":["GET"]}}],"collection":[{"href":"https:\/\/noticiasribeiraopreto.com.br\/index.php\/wp-json\/wp\/v2\/posts"}],"about":[{"href":"https:\/\/noticiasribeiraopreto.com.br\/index.php\/wp-json\/wp\/v2\/types\/post"}],"author":[{"embeddable":true,"href":"https:\/\/noticiasribeiraopreto.com.br\/index.php\/wp-json\/wp\/v2\/users\/1"}],"replies":[{"embeddable":true,"href":"https:\/\/noticiasribeiraopreto.com.br\/index.php\/wp-json\/wp\/v2\/comments?post=74904"}],"version-history":[{"count":0,"href":"https:\/\/noticiasribeiraopreto.com.br\/index.php\/wp-json\/wp\/v2\/posts\/74904\/revisions"}],"wp:featuredmedia":[{"embeddable":true,"href":"https:\/\/noticiasribeiraopreto.com.br\/index.php\/wp-json\/wp\/v2\/media\/74905"}],"wp:attachment":[{"href":"https:\/\/noticiasribeiraopreto.com.br\/index.php\/wp-json\/wp\/v2\/media?parent=74904"}],"wp:term":[{"taxonomy":"category","embeddable":true,"href":"https:\/\/noticiasribeiraopreto.com.br\/index.php\/wp-json\/wp\/v2\/categories?post=74904"},{"taxonomy":"post_tag","embeddable":true,"href":"https:\/\/noticiasribeiraopreto.com.br\/index.php\/wp-json\/wp\/v2\/tags?post=74904"}],"curies":[{"name":"wp","href":"https:\/\/api.w.org\/{rel}","templated":true}]}}