{"id":74906,"date":"2025-07-31T00:00:09","date_gmt":"2025-07-31T03:00:09","guid":{"rendered":"https:\/\/noticiasribeiraopreto.com.br\/index.php\/2025\/07\/31\/botafogo-empata-com-uniao-sao-joao-pela-copa-paulista-e-segue-na-vice-lanterna\/"},"modified":"2025-07-31T00:00:09","modified_gmt":"2025-07-31T03:00:09","slug":"botafogo-empata-com-uniao-sao-joao-pela-copa-paulista-e-segue-na-vice-lanterna","status":"publish","type":"post","link":"https:\/\/noticiasribeiraopreto.com.br\/index.php\/2025\/07\/31\/botafogo-empata-com-uniao-sao-joao-pela-copa-paulista-e-segue-na-vice-lanterna\/","title":{"rendered":"Botafogo empata com Uni\u00e3o S\u00e3o Jo\u00e3o pela Copa Paulista e segue na vice-lanterna"},"content":{"rendered":"<div class='code-block code-block-1' style='margin: 8px 0 8px auto; text-align: right; display: block; clear: both;'>\n<p><a href=\"https:\/\/wa.link\/vpicfd\"><img data-recalc-dims=\"1\" class=\"wp-image-4922\" style=\"aspect-ratio: 2.0253164556962027; width: 561px; height: auto;\" src=\"https:\/\/i0.wp.com\/ismaelcolosi.com.br\/wp-content\/uploads\/2023\/11\/grupo-de-empregos-whatsapp-e-facebook-ismael-colosi-vagas.jpg?ssl=1\" alt=\"\" \/><\/a><\/p>\n<!-- \/wp:image -->\n<\/div>\n<p> <br \/>\n<\/p>\n<div data-td-block-uid=\"tdi_95\">\n<div class=\"tdb-block-inner td-fix-index\">\n<p>O <strong>Botafogo ficou no empate por 2 a 2 com o Uni\u00e3o S\u00e3o Jo\u00e3o<\/strong>, em partida v\u00e1lida pela 7\u00aa rodada da Copa Paulista. O confronto foi disputado no Est\u00e1dio Doutor Herm\u00ednio Ometto, em Araras, nesta quarta-feira (30).<\/p>\n<p>Com o resultado, o <strong>Pantera permanece na vice-lanterna do Grupo 2<\/strong>, com 6 pontos somados. J\u00e1 o Uni\u00e3o S\u00e3o Jo\u00e3o lidera a chave com 14 pontos.<\/p>\n<p>Os gols do Botafogo foram marcados por Caio Dias e Gabriel Amaral. Pelo lado do Uni\u00e3o S\u00e3o Jo\u00e3o, Tallys e Rafael Tanque balan\u00e7aram as redes.<\/p>\n<h2 class=\"wp-block-heading\"><strong>Pr\u00f3ximos jogos<\/strong><\/h2>\n<p>O <strong>Botafogo volta a campo na pr\u00f3xima quarta-feira (6)<\/strong>, para o <strong>cl\u00e1ssico Come-Fogo contra o Comercial<\/strong>, \u00e0s 19h, no Est\u00e1dio Santa Cruz. No mesmo dia, o Uni\u00e3o S\u00e3o Jo\u00e3o enfrenta a Inter de Limeira, \u00e0s 15h, no Est\u00e1dio Major Levy Sobrinho, em Limeira.<\/p>\n<hr class=\"wp-block-separator has-alpha-channel-opacity\"\/>\n<!-- AI CONTENT END 1 -->\n<\/div>\n<\/div>\n<p><br \/>\n<br \/><a href=\"https:\/\/www.acidadeon.com\/ribeiraopreto\/esportes\/botafogo-empata-com-uniao-sao-joao-pela-copa-paulista-e-segue-na-vice-lanterna\/\">Source link <\/a><\/p>\n<!-- CONTENT END 1 -->\n","protected":false},"excerpt":{"rendered":"<p>O Botafogo ficou no empate por 2 a 2 com o Uni\u00e3o S\u00e3o Jo\u00e3o, em partida v\u00e1lida pela 7\u00aa rodada da Copa Paulista. O confronto&#8230;<\/p>\n","protected":false},"author":1,"featured_media":74907,"comment_status":"open","ping_status":"open","sticky":false,"template":"","format":"standard","meta":{"advanced_seo_description":"","jetpack_seo_html_title":"","jetpack_seo_noindex":false,"jetpack_post_was_ever_published":false,"_jetpack_newsletter_access":"","_jetpack_dont_email_post_to_subs":false,"_jetpack_newsletter_tier_id":0,"_jetpack_memberships_contains_paywalled_content":false,"_jetpack_memberships_contains_paid_content":false,"footnotes":"","jetpack_publicize_message":"","jetpack_publicize_feature_enabled":true,"jetpack_social_post_already_shared":true,"jetpack_social_options":{"image_generator_settings":{"template":"highway","default_image_id":0,"font":"","enabled":false},"version":2}},"categories":[11],"tags":[],"class_list":["post-74906","post","type-post","status-publish","format-standard","has-post-thumbnail","hentry","category-noticias-de-ribeirao-preto-sp-e-regiao-ismael-colosi"],"jetpack_publicize_connections":[],"jetpack_featured_media_url":"https:\/\/i0.wp.com\/noticiasribeiraopreto.com.br\/wp-content\/uploads\/2025\/07\/Copia-de-Copia-de-Copia-de-TAMANHO-EXATO-PARA-FOTOS-NO-SISTEMA-NOVO-2025-07-30T210530.333_2025-07-31_00-05-44.webp.webp?fit=1200%2C675&ssl=1","jetpack-related-posts":[{"id":73130,"url":"https:\/\/noticiasribeiraopreto.com.br\/index.php\/2025\/06\/25\/botafogo-empata-com-uniao-sao-joao-pela-copa-paulista\/","url_meta":{"origin":74906,"position":0},"title":"Botafogo empata com Uni\u00e3o S\u00e3o Jo\u00e3o pela Copa Paulista","author":"noticiasribeiraopreto.com.br","date":"25 de June de 2025","format":false,"excerpt":"Pantera sai na frente, mas cede igualdade no final e continua na lanterna 25 de junho de 2025 17:330 Compartilhar0 Por Hugo Luque O Botafogo empatou em 1 a 1 com o Uni\u00e3o S\u00e3o Jo\u00e3o nesta quarta-feira (25), no Est\u00e1dio Palma Travassos, pela segunda rodada da Copa Paulista. O Tricolor\u2026","rel":"","context":"In &quot;Not\u00edcias de Ribeir\u00e3o Preto-SP e Regi\u00e3o&quot;","block_context":{"text":"Not\u00edcias de Ribeir\u00e3o Preto-SP e Regi\u00e3o","link":"https:\/\/noticiasribeiraopreto.com.br\/index.php\/category\/noticias-de-ribeirao-preto-sp-e-regiao-ismael-colosi\/"},"img":{"alt_text":"","src":"https:\/\/i0.wp.com\/noticiasribeiraopreto.com.br\/wp-content\/uploads\/2025\/06\/1-Botafogo-x-Uniao-Sao-Joao-Raul-Ramos-scaled.jpg?fit=800%2C533&ssl=1&resize=350%2C200","width":350,"height":200,"srcset":"https:\/\/i0.wp.com\/noticiasribeiraopreto.com.br\/wp-content\/uploads\/2025\/06\/1-Botafogo-x-Uniao-Sao-Joao-Raul-Ramos-scaled.jpg?fit=800%2C533&ssl=1&resize=350%2C200 1x, https:\/\/i0.wp.com\/noticiasribeiraopreto.com.br\/wp-content\/uploads\/2025\/06\/1-Botafogo-x-Uniao-Sao-Joao-Raul-Ramos-scaled.jpg?fit=800%2C533&ssl=1&resize=525%2C300 1.5x, https:\/\/i0.wp.com\/noticiasribeiraopreto.com.br\/wp-content\/uploads\/2025\/06\/1-Botafogo-x-Uniao-Sao-Joao-Raul-Ramos-scaled.jpg?fit=800%2C533&ssl=1&resize=700%2C400 2x"},"classes":[]},{"id":74504,"url":"https:\/\/noticiasribeiraopreto.com.br\/index.php\/2025\/07\/23\/botafogo-perde-para-a-inter-de-limeira-e-e-vice-lanterna-tambem-na-copa-paulista\/","url_meta":{"origin":74906,"position":1},"title":"Botafogo perde para a Inter de Limeira e \u00e9 vice-lanterna tamb\u00e9m na Copa Paulista","author":"noticiasribeiraopreto.com.br","date":"23 de July de 2025","format":false,"excerpt":"O Botafogo foi derrotado pela Internacional de Limeira por 2 a 1 na tarde desta quarta-feira (23), no Est\u00e1dio Santa Cruz, em Ribeir\u00e3o Preto, em partida v\u00e1lida pela 6\u00aa rodada da Copa Paulista. Com o resultado, o Pantera ocupa a vice-lanterna do Grupo 2, com apenas 5 pontos, \u00e0 frente\u2026","rel":"","context":"In &quot;Not\u00edcias de Ribeir\u00e3o Preto-SP e Regi\u00e3o&quot;","block_context":{"text":"Not\u00edcias de Ribeir\u00e3o Preto-SP e Regi\u00e3o","link":"https:\/\/noticiasribeiraopreto.com.br\/index.php\/category\/noticias-de-ribeirao-preto-sp-e-regiao-ismael-colosi\/"},"img":{"alt_text":"","src":"https:\/\/i0.wp.com\/noticiasribeiraopreto.com.br\/wp-content\/uploads\/2025\/07\/Copia-de-Copia-de-Copia-de-TAMANHO-EXATO-PARA-FOTOS-NO-SISTEMA-NOVO-2025-07-23T170517.727_2025-07-23_20-05-29.webp.webp?fit=1200%2C675&ssl=1&resize=350%2C200","width":350,"height":200,"srcset":"https:\/\/i0.wp.com\/noticiasribeiraopreto.com.br\/wp-content\/uploads\/2025\/07\/Copia-de-Copia-de-Copia-de-TAMANHO-EXATO-PARA-FOTOS-NO-SISTEMA-NOVO-2025-07-23T170517.727_2025-07-23_20-05-29.webp.webp?fit=1200%2C675&ssl=1&resize=350%2C200 1x, https:\/\/i0.wp.com\/noticiasribeiraopreto.com.br\/wp-content\/uploads\/2025\/07\/Copia-de-Copia-de-Copia-de-TAMANHO-EXATO-PARA-FOTOS-NO-SISTEMA-NOVO-2025-07-23T170517.727_2025-07-23_20-05-29.webp.webp?fit=1200%2C675&ssl=1&resize=525%2C300 1.5x, https:\/\/i0.wp.com\/noticiasribeiraopreto.com.br\/wp-content\/uploads\/2025\/07\/Copia-de-Copia-de-Copia-de-TAMANHO-EXATO-PARA-FOTOS-NO-SISTEMA-NOVO-2025-07-23T170517.727_2025-07-23_20-05-29.webp.webp?fit=1200%2C675&ssl=1&resize=700%2C400 2x, https:\/\/i0.wp.com\/noticiasribeiraopreto.com.br\/wp-content\/uploads\/2025\/07\/Copia-de-Copia-de-Copia-de-TAMANHO-EXATO-PARA-FOTOS-NO-SISTEMA-NOVO-2025-07-23T170517.727_2025-07-23_20-05-29.webp.webp?fit=1200%2C675&ssl=1&resize=1050%2C600 3x"},"classes":[]},{"id":73080,"url":"https:\/\/noticiasribeiraopreto.com.br\/index.php\/2025\/06\/25\/botafogo-encara-uniao-sao-joao-pela-copa-paulista\/","url_meta":{"origin":74906,"position":2},"title":"Botafogo encara Uni\u00e3o S\u00e3o Jo\u00e3o pela Copa Paulista","author":"noticiasribeiraopreto.com.br","date":"25 de June de 2025","format":false,"excerpt":"25 de junho de 2025 10:303 Compartilhar0 Por Hugo Luque O Botafogo busca apagar a estreia ruim na Copa Paulista nesta quarta-feira (25), \u00e0s 15h, diante do Uni\u00e3o S\u00e3o Jo\u00e3o, pela segunda rodada do Grupo 2, no Est\u00e1dio Palma Travassos. O duelo ser\u00e1 na casa do rival Comercial porque o\u2026","rel":"","context":"In &quot;Not\u00edcias de Ribeir\u00e3o Preto-SP e Regi\u00e3o&quot;","block_context":{"text":"Not\u00edcias de Ribeir\u00e3o Preto-SP e Regi\u00e3o","link":"https:\/\/noticiasribeiraopreto.com.br\/index.php\/category\/noticias-de-ribeirao-preto-sp-e-regiao-ismael-colosi\/"},"img":{"alt_text":"","src":"https:\/\/i0.wp.com\/noticiasribeiraopreto.com.br\/wp-content\/uploads\/2025\/06\/1-Inter-de-Limeira-x-Botafogo-Raul-Ramos-2.jpg?fit=750%2C500&ssl=1&resize=350%2C200","width":350,"height":200,"srcset":"https:\/\/i0.wp.com\/noticiasribeiraopreto.com.br\/wp-content\/uploads\/2025\/06\/1-Inter-de-Limeira-x-Botafogo-Raul-Ramos-2.jpg?fit=750%2C500&ssl=1&resize=350%2C200 1x, https:\/\/i0.wp.com\/noticiasribeiraopreto.com.br\/wp-content\/uploads\/2025\/06\/1-Inter-de-Limeira-x-Botafogo-Raul-Ramos-2.jpg?fit=750%2C500&ssl=1&resize=525%2C300 1.5x, https:\/\/i0.wp.com\/noticiasribeiraopreto.com.br\/wp-content\/uploads\/2025\/06\/1-Inter-de-Limeira-x-Botafogo-Raul-Ramos-2.jpg?fit=750%2C500&ssl=1&resize=700%2C400 2x"},"classes":[]},{"id":73785,"url":"https:\/\/noticiasribeiraopreto.com.br\/index.php\/2025\/07\/09\/na-copa-paulista-botafogo-conquista-primeira-vitoria-ao-superar-a-itapirense\/","url_meta":{"origin":74906,"position":3},"title":"Na Copa Paulista, Botafogo conquista primeira vit\u00f3ria ao superar a Itapirense","author":"noticiasribeiraopreto.com.br","date":"9 de July de 2025","format":false,"excerpt":"O Botafogo venceu a Itapirense por 1 a 0 na tarde desta quarta-feira (9), em Ribeir\u00e3o Preto, e conquistou os primeiros tr\u00eas pontos na Copa Paulista. A partida foi v\u00e1lida pela quarta rodada do Grupo 2. O \u00fanico gol saiu no segundo tempo, em cobran\u00e7a de p\u00eanalti convertida por Pablo\u2026","rel":"","context":"In &quot;Not\u00edcias de Ribeir\u00e3o Preto-SP e Regi\u00e3o&quot;","block_context":{"text":"Not\u00edcias de Ribeir\u00e3o Preto-SP e Regi\u00e3o","link":"https:\/\/noticiasribeiraopreto.com.br\/index.php\/category\/noticias-de-ribeirao-preto-sp-e-regiao-ismael-colosi\/"},"img":{"alt_text":"","src":"https:\/\/i0.wp.com\/noticiasribeiraopreto.com.br\/wp-content\/uploads\/2025\/07\/Imagem-do-WhatsApp-de-2025-07-09-as-16.03.36_238abe2c_2025-07-09_20-45-26.webp.webp?fit=1200%2C800&ssl=1&resize=350%2C200","width":350,"height":200,"srcset":"https:\/\/i0.wp.com\/noticiasribeiraopreto.com.br\/wp-content\/uploads\/2025\/07\/Imagem-do-WhatsApp-de-2025-07-09-as-16.03.36_238abe2c_2025-07-09_20-45-26.webp.webp?fit=1200%2C800&ssl=1&resize=350%2C200 1x, https:\/\/i0.wp.com\/noticiasribeiraopreto.com.br\/wp-content\/uploads\/2025\/07\/Imagem-do-WhatsApp-de-2025-07-09-as-16.03.36_238abe2c_2025-07-09_20-45-26.webp.webp?fit=1200%2C800&ssl=1&resize=525%2C300 1.5x, https:\/\/i0.wp.com\/noticiasribeiraopreto.com.br\/wp-content\/uploads\/2025\/07\/Imagem-do-WhatsApp-de-2025-07-09-as-16.03.36_238abe2c_2025-07-09_20-45-26.webp.webp?fit=1200%2C800&ssl=1&resize=700%2C400 2x, https:\/\/i0.wp.com\/noticiasribeiraopreto.com.br\/wp-content\/uploads\/2025\/07\/Imagem-do-WhatsApp-de-2025-07-09-as-16.03.36_238abe2c_2025-07-09_20-45-26.webp.webp?fit=1200%2C800&ssl=1&resize=1050%2C600 3x"},"classes":[]},{"id":74902,"url":"https:\/\/noticiasribeiraopreto.com.br\/index.php\/2025\/07\/30\/botafogo-empata-com-uniao-sao-joao\/","url_meta":{"origin":74906,"position":4},"title":"Botafogo empata com Uni\u00e3o S\u00e3o Jo\u00e3o","author":"noticiasribeiraopreto.com.br","date":"30 de July de 2025","format":false,"excerpt":"Fora de casa, Pantera flerta com vit\u00f3ria, mas falha nos minutos finais 30 de julho de 2025 21:036 Compartilhar0 Por Hugo Luque O Botafogo empatou em 2 a 2 com o Uni\u00e3o S\u00e3o Jo\u00e3o nesta quarta-feira (30), no Est\u00e1dio Doutor Herm\u00ednio Ometto, pela s\u00e9tima rodada do Grupo 2 da Copa\u2026","rel":"","context":"In &quot;Not\u00edcias de Ribeir\u00e3o Preto-SP e Regi\u00e3o&quot;","block_context":{"text":"Not\u00edcias de Ribeir\u00e3o Preto-SP e Regi\u00e3o","link":"https:\/\/noticiasribeiraopreto.com.br\/index.php\/category\/noticias-de-ribeirao-preto-sp-e-regiao-ismael-colosi\/"},"img":{"alt_text":"","src":"https:\/\/i0.wp.com\/noticiasribeiraopreto.com.br\/wp-content\/uploads\/2025\/07\/Uniao-Sao-Joao-x-Botafogo-Luiz-Fernando-Cosenzo_Agencia-Botafogo-scaled.jpg?fit=1170%2C780&ssl=1&resize=350%2C200","width":350,"height":200,"srcset":"https:\/\/i0.wp.com\/noticiasribeiraopreto.com.br\/wp-content\/uploads\/2025\/07\/Uniao-Sao-Joao-x-Botafogo-Luiz-Fernando-Cosenzo_Agencia-Botafogo-scaled.jpg?fit=1170%2C780&ssl=1&resize=350%2C200 1x, https:\/\/i0.wp.com\/noticiasribeiraopreto.com.br\/wp-content\/uploads\/2025\/07\/Uniao-Sao-Joao-x-Botafogo-Luiz-Fernando-Cosenzo_Agencia-Botafogo-scaled.jpg?fit=1170%2C780&ssl=1&resize=525%2C300 1.5x, https:\/\/i0.wp.com\/noticiasribeiraopreto.com.br\/wp-content\/uploads\/2025\/07\/Uniao-Sao-Joao-x-Botafogo-Luiz-Fernando-Cosenzo_Agencia-Botafogo-scaled.jpg?fit=1170%2C780&ssl=1&resize=700%2C400 2x, https:\/\/i0.wp.com\/noticiasribeiraopreto.com.br\/wp-content\/uploads\/2025\/07\/Uniao-Sao-Joao-x-Botafogo-Luiz-Fernando-Cosenzo_Agencia-Botafogo-scaled.jpg?fit=1170%2C780&ssl=1&resize=1050%2C600 3x"},"classes":[]},{"id":73136,"url":"https:\/\/noticiasribeiraopreto.com.br\/index.php\/2025\/06\/25\/botafogo-empata-com-o-uniao-sao-joao-e-segue-sem-vencer-na-copa-paulista\/","url_meta":{"origin":74906,"position":5},"title":"Botafogo empata com o Uni\u00e3o S\u00e3o Jo\u00e3o e segue sem vencer na Copa Paulista","author":"noticiasribeiraopreto.com.br","date":"25 de June de 2025","format":false,"excerpt":"O Botafogo empatou por 1 a 1 com o Uni\u00e3o S\u00e3o Jo\u00e3o na tarde desta quarta-feira (25), em partida v\u00e1lida pela segunda rodada da Copa Paulista. O jogo aconteceu no est\u00e1dio Palma Travassos, em Ribeir\u00e3o Preto. Com o resultado, o Tricolor continua sem vencer na competi\u00e7\u00e3o. O Pantera abriu o\u2026","rel":"","context":"In &quot;Not\u00edcias de Ribeir\u00e3o Preto-SP e Regi\u00e3o&quot;","block_context":{"text":"Not\u00edcias de Ribeir\u00e3o Preto-SP e Regi\u00e3o","link":"https:\/\/noticiasribeiraopreto.com.br\/index.php\/category\/noticias-de-ribeirao-preto-sp-e-regiao-ismael-colosi\/"},"img":{"alt_text":"","src":"https:\/\/i0.wp.com\/noticiasribeiraopreto.com.br\/wp-content\/uploads\/2025\/06\/ec6136dc-cc42-44c5-80f2-194d542f36dc_2025-06-25_20-14-55.webp.webp?fit=1200%2C800&ssl=1&resize=350%2C200","width":350,"height":200,"srcset":"https:\/\/i0.wp.com\/noticiasribeiraopreto.com.br\/wp-content\/uploads\/2025\/06\/ec6136dc-cc42-44c5-80f2-194d542f36dc_2025-06-25_20-14-55.webp.webp?fit=1200%2C800&ssl=1&resize=350%2C200 1x, https:\/\/i0.wp.com\/noticiasribeiraopreto.com.br\/wp-content\/uploads\/2025\/06\/ec6136dc-cc42-44c5-80f2-194d542f36dc_2025-06-25_20-14-55.webp.webp?fit=1200%2C800&ssl=1&resize=525%2C300 1.5x, https:\/\/i0.wp.com\/noticiasribeiraopreto.com.br\/wp-content\/uploads\/2025\/06\/ec6136dc-cc42-44c5-80f2-194d542f36dc_2025-06-25_20-14-55.webp.webp?fit=1200%2C800&ssl=1&resize=700%2C400 2x, https:\/\/i0.wp.com\/noticiasribeiraopreto.com.br\/wp-content\/uploads\/2025\/06\/ec6136dc-cc42-44c5-80f2-194d542f36dc_2025-06-25_20-14-55.webp.webp?fit=1200%2C800&ssl=1&resize=1050%2C600 3x"},"classes":[]}],"jetpack_sharing_enabled":true,"jetpack_shortlink":"https:\/\/wp.me\/peQAOb-jua","_links":{"self":[{"href":"https:\/\/noticiasribeiraopreto.com.br\/index.php\/wp-json\/wp\/v2\/posts\/74906","targetHints":{"allow":["GET"]}}],"collection":[{"href":"https:\/\/noticiasribeiraopreto.com.br\/index.php\/wp-json\/wp\/v2\/posts"}],"about":[{"href":"https:\/\/noticiasribeiraopreto.com.br\/index.php\/wp-json\/wp\/v2\/types\/post"}],"author":[{"embeddable":true,"href":"https:\/\/noticiasribeiraopreto.com.br\/index.php\/wp-json\/wp\/v2\/users\/1"}],"replies":[{"embeddable":true,"href":"https:\/\/noticiasribeiraopreto.com.br\/index.php\/wp-json\/wp\/v2\/comments?post=74906"}],"version-history":[{"count":0,"href":"https:\/\/noticiasribeiraopreto.com.br\/index.php\/wp-json\/wp\/v2\/posts\/74906\/revisions"}],"wp:featuredmedia":[{"embeddable":true,"href":"https:\/\/noticiasribeiraopreto.com.br\/index.php\/wp-json\/wp\/v2\/media\/74907"}],"wp:attachment":[{"href":"https:\/\/noticiasribeiraopreto.com.br\/index.php\/wp-json\/wp\/v2\/media?parent=74906"}],"wp:term":[{"taxonomy":"category","embeddable":true,"href":"https:\/\/noticiasribeiraopreto.com.br\/index.php\/wp-json\/wp\/v2\/categories?post=74906"},{"taxonomy":"post_tag","embeddable":true,"href":"https:\/\/noticiasribeiraopreto.com.br\/index.php\/wp-json\/wp\/v2\/tags?post=74906"}],"curies":[{"name":"wp","href":"https:\/\/api.w.org\/{rel}","templated":true}]}}