{"id":74909,"date":"2025-07-31T08:28:04","date_gmt":"2025-07-31T11:28:04","guid":{"rendered":"https:\/\/noticiasribeiraopreto.com.br\/index.php\/2025\/07\/31\/prefeitura-lanca-app-de-teleconsulta\/"},"modified":"2025-07-31T08:28:04","modified_gmt":"2025-07-31T11:28:04","slug":"prefeitura-lanca-app-de-teleconsulta","status":"publish","type":"post","link":"https:\/\/noticiasribeiraopreto.com.br\/index.php\/2025\/07\/31\/prefeitura-lanca-app-de-teleconsulta\/","title":{"rendered":"Prefeitura lan\u00e7a app de teleconsulta"},"content":{"rendered":"<div class='code-block code-block-1' style='margin: 8px 0 8px auto; text-align: right; display: block; clear: both;'>\n<p><a href=\"https:\/\/wa.link\/vpicfd\"><img data-recalc-dims=\"1\" class=\"wp-image-4922\" style=\"aspect-ratio: 2.0253164556962027; width: 561px; height: auto;\" src=\"https:\/\/i0.wp.com\/ismaelcolosi.com.br\/wp-content\/uploads\/2023\/11\/grupo-de-empregos-whatsapp-e-facebook-ismael-colosi-vagas.jpg?ssl=1\" alt=\"\" \/><\/a><\/p>\n<!-- \/wp:image -->\n<\/div>\n<p> <br \/>\n<\/p>\n<div>\n<p>O prefeito Ricardo Silva (PSD) lan\u00e7ou nesta quarta-feira, 30 de julho, o aplicativo Cuidar+On para teleconsulta. O an\u00fancio ocorreu no Centro Administrativo Prefeito Jos\u00e9 de Magalh\u00e3es, sede da prefeitura de Ribeir\u00e3o Preto. A plataforma foi desenvolvida especialmente para atender \u00e0s necessidades da popula\u00e7\u00e3o e substituir\u00e1 o Sa\u00fade24h, mantendo todos os servi\u00e7os j\u00e1 oferecidos e incorporando melhorias na experi\u00eancia do usu\u00e1rio.<\/p>\n<p>\u201cDe qualquer lugar do mundo, o ribeir\u00e3o-pretano pode ter acesso ao Cuidar+On, que marca um novo momento da sa\u00fade digital na cidade. \u00c9 um avan\u00e7o importante para aproximar ainda mais os servi\u00e7os de sa\u00fade das pessoas, com uma ferramenta moderna, intuitiva e pensada para a popula\u00e7\u00e3o de Ribeir\u00e3o\u201d, afirma| Ricardo Silva.<\/p>\n<p>Com a mudan\u00e7a, todos os atendimentos realizados pelo aplicativo Sa\u00fade24h passam a ser feitos exclusivamente pelo Cuidar+On. A transi\u00e7\u00e3o ocorre de forma simples e sem interrup\u00e7\u00f5es. Desde o \u00faltimo dia 24, todas as pessoas que passaram por consultas online receberam um comunicado acerca do novo aplicativo, que j\u00e1 est\u00e1 dispon\u00edvel para download no Google Play aos usu\u00e1rios de Android.<\/p>\n<p>Para usu\u00e1rios de iPhone, os atendimentos por WhatsApp, por meio do 0800, continuar\u00e3o funcionando normalmente at\u00e9 que o aplicativo esteja dispon\u00edvel na App Store, o que ser\u00e1 comunicado oficialmente \u00e0 popula\u00e7\u00e3o. O Cuidar+On faz parte da estrat\u00e9gia da Secretaria Municipal de Sa\u00fade para fortalecer o acesso remoto aos servi\u00e7os de teleconsulta com enfermeiros, m\u00e9dicos cl\u00ednico gerais e psic\u00f3logos, 24 horas por dia, todos os dias da semana.<\/p>\n<p>Por meio do atendimento online, o m\u00e9dico pode prescrever receitas e emitir atestados, com agilidade e seguran\u00e7a. Para ter acesso, \u00e9 preciso ter o cadastro atualizado em uma unidade de sa\u00fade de Ribeir\u00e3o Preto. Os usu\u00e1rios passam por uma triagem com enfermeiros que definem, de forma respons\u00e1vel, se o atendimento pode ser feito por v\u00eddeo ou se h\u00e1 necessidade de encaminhamento para atendimento presencial em unidade de sa\u00fade.<\/p>\n<p>\u201cA sa\u00fade mental \u00e9 uma das prioridades da nossa gest\u00e3o. Com o Cuidar+On, oferecemos um cuidado cont\u00ednuo e humanizado: o usu\u00e1rio pode ser atendido por um psic\u00f3logo e dar sequ\u00eancia ao acompanhamento com o mesmo profissional, em at\u00e9 quatro sess\u00f5es agendadas, fortalecendo o v\u00ednculo terap\u00eautico e garantindo um atendimento mais eficaz\u201d, destaca o secret\u00e1rio municipal da sa\u00fade, Maur\u00edcio Godinho.<\/p>\n<p>Para reduzir o tempo de espera e agilizar o cuidado, foram implantadas salas de teleconsulta do Cuidar+On nas Unidades de Pronto Atendimento (UPA) para pacientes que apresentarem sintomas leves. Na chegada \u00e0 unidade, o servi\u00e7o \u00e9 oferecido de forma opcional e a medida visa reduzir o tempo de espera. Os medicamentos prescritos durante a teleconsulta podem ser retirados nas farm\u00e1cias das UPAs e demais unidades de sa\u00fade.<\/p>\n<p>Ribeir\u00e3o Preto tem quatro postos que atendem urg\u00eancia e emerg\u00eancia. Um deles \u00e9 a Unidade B\u00e1sica Distrital de Sa\u00fade (UBDS) Doutor Marco Ant\u00f4nio Sah\u00e3o, na rua Franco da Rocha n\u00ba 1.270, na Vila Virg\u00ednia, tamb\u00e9m chamada de UPA Sul.<\/p>\n<p>As UPAs s\u00e3o a Doutor Luis At\u00edlio Losi Viana (UPA Leste, avenida Treze de Maio n\u00ba 353, Jardim Paulistano), Nelson Mandela (UPA Norte, no Adelino Simioni, avenida General Euclides de Figueiredo n\u00ba 295 ) e Doutor Jo\u00e3o Jos\u00e9 Carneiro (UPA Oeste, no Sumarezinho, rua Teresina n\u00ba 678). Todas s\u00e3o administradas pela Funda\u00e7\u00e3o Hospital Santa Lydia.<\/p>\n<p>A prefeitura tamb\u00e9m est\u00e1 construindo uma UPA municipal no Complexo Ribeir\u00e3o Verde Ser\u00e1 a primeira unidade municipal de pronto-atendimento que vai beneficiar mais de 70 mil habitantes da regi\u00e3o. A respons\u00e1vel pela obra \u00e9 a Laforma Com\u00e9rcio e Servi\u00e7o Ltda., da cidade de S\u00e3o Paulo (SP). Receber\u00e1 R$ 14.765.131,91 pelo servi\u00e7o e ter\u00e1 doze meses para entregar a unidade \u2013 come\u00e7ou no final de mar\u00e7o.<\/p>\n<p>Para garantir a ades\u00e3o da popula\u00e7\u00e3o a esse novo momento da sa\u00fade digital, uma ampla campanha de divulga\u00e7\u00e3o ser\u00e1 realizada em toda a cidade. As unidades de sa\u00fade j\u00e1 contam com totens, cartazes e panfletos informativos. Tamb\u00e9m est\u00e3o sendo distribu\u00eddos bottons e \u00edm\u00e3s de geladeira. A divulga\u00e7\u00e3o inclui ainda inser\u00e7\u00f5es em r\u00e1dio e outdoors em pontos estrat\u00e9gicos do munic\u00edpio.<\/p>\n<p>Toda a campanha publicit\u00e1ria \u00e9 de responsabilidade da empresa Top Med, prestadora do servi\u00e7o de sa\u00fade digital em Ribeir\u00e3o Preto, e ocorre com custo zero para a prefeitura. A empresa foi contratada, por meio de licita\u00e7\u00e3o, para realizar as teleconsultas em Ribeir\u00e3o Preto, na gest\u00e3o do ex-prefeito Duarte Nogueira (ent\u00e3o no PSDB, hoje no PSD). Foi a vencedora do preg\u00e3o eletr\u00f4nico n\u00ba 228\/2024 pelo valor de R$ 7.249.600 por doze meses de servi\u00e7o.<\/p>\n<p>\u00a0<\/p>\n<p>\u00a0<\/p>\n<\/div>\n<p><br \/>\n<br \/><a href=\"https:\/\/www.tribunaribeirao.com.br\/prefeitura-lanca-app-de-teleconsulta\/\">Source link <\/a><\/p>\n<!-- CONTENT END 1 -->\n","protected":false},"excerpt":{"rendered":"<p>O prefeito Ricardo Silva (PSD) lan\u00e7ou nesta quarta-feira, 30 de julho, o aplicativo Cuidar+On para teleconsulta. O an\u00fancio ocorreu no Centro Administrativo Prefeito Jos\u00e9 de&#8230;<\/p>\n","protected":false},"author":1,"featured_media":74910,"comment_status":"open","ping_status":"open","sticky":false,"template":"","format":"standard","meta":{"advanced_seo_description":"","jetpack_seo_html_title":"","jetpack_seo_noindex":false,"jetpack_post_was_ever_published":false,"_jetpack_newsletter_access":"","_jetpack_dont_email_post_to_subs":false,"_jetpack_newsletter_tier_id":0,"_jetpack_memberships_contains_paywalled_content":false,"_jetpack_memberships_contains_paid_content":false,"footnotes":"","jetpack_publicize_message":"","jetpack_publicize_feature_enabled":true,"jetpack_social_post_already_shared":true,"jetpack_social_options":{"image_generator_settings":{"template":"highway","default_image_id":0,"font":"","enabled":false},"version":2}},"categories":[11],"tags":[],"class_list":["post-74909","post","type-post","status-publish","format-standard","has-post-thumbnail","hentry","category-noticias-de-ribeirao-preto-sp-e-regiao-ismael-colosi"],"jetpack_publicize_connections":[],"jetpack_featured_media_url":"https:\/\/i0.wp.com\/noticiasribeiraopreto.com.br\/wp-content\/uploads\/2025\/07\/SaudeAPP-Alfredo-Risk-scaled.jpg?fit=1170%2C780&ssl=1","jetpack-related-posts":[{"id":68347,"url":"https:\/\/noticiasribeiraopreto.com.br\/index.php\/2025\/04\/24\/upa-oeste-ganha-teleconsulta-tribuna-ribeirao\/","url_meta":{"origin":74909,"position":0},"title":"Upa Oeste ganha teleconsulta &#8211; Tribuna Ribeir\u00e3o","author":"noticiasribeiraopreto.com.br","date":"24 de April de 2025","format":false,"excerpt":"24 de abril de 2025 15:4924 de abril de 2025 15:501 Compartilhar0 A Prefeitura de Ribeir\u00e3o Preto implementou a teleconsulta na Unidade de Pronto Atendimento (UPA) Oeste, localizada no bairro Sumarezinho. O objetivo \u00e9 agilizar o atendimento de casos leves e reduzir as filas presenciais. O servi\u00e7o foi criado a\u2026","rel":"","context":"In &quot;Not\u00edcias de Ribeir\u00e3o Preto-SP e Regi\u00e3o&quot;","block_context":{"text":"Not\u00edcias de Ribeir\u00e3o Preto-SP e Regi\u00e3o","link":"https:\/\/noticiasribeiraopreto.com.br\/index.php\/category\/noticias-de-ribeirao-preto-sp-e-regiao-ismael-colosi\/"},"img":{"alt_text":"","src":"https:\/\/i0.wp.com\/noticiasribeiraopreto.com.br\/wp-content\/uploads\/2025\/04\/upa.jpg?fit=740%2C493&ssl=1&resize=350%2C200","width":350,"height":200,"srcset":"https:\/\/i0.wp.com\/noticiasribeiraopreto.com.br\/wp-content\/uploads\/2025\/04\/upa.jpg?fit=740%2C493&ssl=1&resize=350%2C200 1x, https:\/\/i0.wp.com\/noticiasribeiraopreto.com.br\/wp-content\/uploads\/2025\/04\/upa.jpg?fit=740%2C493&ssl=1&resize=525%2C300 1.5x, https:\/\/i0.wp.com\/noticiasribeiraopreto.com.br\/wp-content\/uploads\/2025\/04\/upa.jpg?fit=740%2C493&ssl=1&resize=700%2C400 2x"},"classes":[]},{"id":79803,"url":"https:\/\/noticiasribeiraopreto.com.br\/index.php\/2025\/11\/07\/ribeirao-preto-adota-numero-unico-para-consultas-medicas-e-telemedicina\/","url_meta":{"origin":74909,"position":1},"title":"Ribeir\u00e3o Preto adota n\u00famero \u00fanico para consultas m\u00e9dicas e telemedicina","author":"noticiasribeiraopreto.com.br","date":"7 de November de 2025","format":false,"excerpt":"A partir da pr\u00f3xima segunda-feira (10), moradores de Ribeir\u00e3o Preto ter\u00e3o um \u00fanico n\u00famero para agendar consultas e acessar o servi\u00e7o de telemedicina da rede municipal. O atendimento passa a ser feito pelo 0800 772 7215, o mesmo n\u00famero do Cuidar+On, plataforma de teleconsulta da Prefeitura. Com a mudan\u00e7a, o\u2026","rel":"","context":"In &quot;Not\u00edcias de Ribeir\u00e3o Preto-SP e Regi\u00e3o&quot;","block_context":{"text":"Not\u00edcias de Ribeir\u00e3o Preto-SP e Regi\u00e3o","link":"https:\/\/noticiasribeiraopreto.com.br\/index.php\/category\/noticias-de-ribeirao-preto-sp-e-regiao-ismael-colosi\/"},"img":{"alt_text":"","src":"https:\/\/i0.wp.com\/noticiasribeiraopreto.com.br\/wp-content\/uploads\/2025\/09\/Copia-de-Copia-de-Copia-de-TAMANHO-EXATO-PARA-FOTOS-NO-SISTEMA-NOVO-2025-09-08T162125.333_2025-09-08_19-21-46.webp.webp?fit=1200%2C675&ssl=1&resize=350%2C200","width":350,"height":200,"srcset":"https:\/\/i0.wp.com\/noticiasribeiraopreto.com.br\/wp-content\/uploads\/2025\/09\/Copia-de-Copia-de-Copia-de-TAMANHO-EXATO-PARA-FOTOS-NO-SISTEMA-NOVO-2025-09-08T162125.333_2025-09-08_19-21-46.webp.webp?fit=1200%2C675&ssl=1&resize=350%2C200 1x, https:\/\/i0.wp.com\/noticiasribeiraopreto.com.br\/wp-content\/uploads\/2025\/09\/Copia-de-Copia-de-Copia-de-TAMANHO-EXATO-PARA-FOTOS-NO-SISTEMA-NOVO-2025-09-08T162125.333_2025-09-08_19-21-46.webp.webp?fit=1200%2C675&ssl=1&resize=525%2C300 1.5x, https:\/\/i0.wp.com\/noticiasribeiraopreto.com.br\/wp-content\/uploads\/2025\/09\/Copia-de-Copia-de-Copia-de-TAMANHO-EXATO-PARA-FOTOS-NO-SISTEMA-NOVO-2025-09-08T162125.333_2025-09-08_19-21-46.webp.webp?fit=1200%2C675&ssl=1&resize=700%2C400 2x, https:\/\/i0.wp.com\/noticiasribeiraopreto.com.br\/wp-content\/uploads\/2025\/09\/Copia-de-Copia-de-Copia-de-TAMANHO-EXATO-PARA-FOTOS-NO-SISTEMA-NOVO-2025-09-08T162125.333_2025-09-08_19-21-46.webp.webp?fit=1200%2C675&ssl=1&resize=1050%2C600 3x"},"classes":[]},{"id":74904,"url":"https:\/\/noticiasribeiraopreto.com.br\/index.php\/2025\/07\/30\/ribeirao-preto-lanca-novo-aplicativo-de-saude-digital-veja-como-acessar\/","url_meta":{"origin":74909,"position":2},"title":"Ribeir\u00e3o Preto lan\u00e7a novo aplicativo de sa\u00fade digital; veja como acessar","author":"noticiasribeiraopreto.com.br","date":"30 de July de 2025","format":false,"excerpt":"Ribeir\u00e3o Preto iniciou nesta quarta-feira (30) uma nova etapa na \u00e1rea da sa\u00fade digital com o lan\u00e7amento do aplicativo Cuidar+On, plataforma que passa a concentrar os servi\u00e7os antes oferecidos pelo antigo Sa\u00fade24h. O novo app j\u00e1 est\u00e1 dispon\u00edvel para download na Google Play para usu\u00e1rios de celulares com sistema Android.\u2026","rel":"","context":"In &quot;Not\u00edcias de Ribeir\u00e3o Preto-SP e Regi\u00e3o&quot;","block_context":{"text":"Not\u00edcias de Ribeir\u00e3o Preto-SP e Regi\u00e3o","link":"https:\/\/noticiasribeiraopreto.com.br\/index.php\/category\/noticias-de-ribeirao-preto-sp-e-regiao-ismael-colosi\/"},"img":{"alt_text":"","src":"https:\/\/i0.wp.com\/noticiasribeiraopreto.com.br\/wp-content\/uploads\/2025\/07\/idoso-celular_2025-05-19_17-31-50.webp.webp?fit=1200%2C798&ssl=1&resize=350%2C200","width":350,"height":200,"srcset":"https:\/\/i0.wp.com\/noticiasribeiraopreto.com.br\/wp-content\/uploads\/2025\/07\/idoso-celular_2025-05-19_17-31-50.webp.webp?fit=1200%2C798&ssl=1&resize=350%2C200 1x, https:\/\/i0.wp.com\/noticiasribeiraopreto.com.br\/wp-content\/uploads\/2025\/07\/idoso-celular_2025-05-19_17-31-50.webp.webp?fit=1200%2C798&ssl=1&resize=525%2C300 1.5x, https:\/\/i0.wp.com\/noticiasribeiraopreto.com.br\/wp-content\/uploads\/2025\/07\/idoso-celular_2025-05-19_17-31-50.webp.webp?fit=1200%2C798&ssl=1&resize=700%2C400 2x, https:\/\/i0.wp.com\/noticiasribeiraopreto.com.br\/wp-content\/uploads\/2025\/07\/idoso-celular_2025-05-19_17-31-50.webp.webp?fit=1200%2C798&ssl=1&resize=1050%2C600 3x"},"classes":[]},{"id":78456,"url":"https:\/\/noticiasribeiraopreto.com.br\/index.php\/2025\/10\/10\/ricardo-anuncia-troca-de-comando-no-alto-escalao-da-prefeitura-de-ribeirao-preto\/","url_meta":{"origin":74909,"position":3},"title":"Ricardo anuncia troca de comando no alto escal\u00e3o da Prefeitura de Ribeir\u00e3o Preto","author":"noticiasribeiraopreto.com.br","date":"10 de October de 2025","format":false,"excerpt":"O prefeito de Ribeir\u00e3o Preto, Ricardo Silva (PSD), anunciou nesta sexta-feira (10) uma troca de comando no alto escal\u00e3o da prefeitura. O atual secret\u00e1rio de Planejamento Antonio Carlos Moretti J\u00fanior, foi remanejado para o comando Secretaria de Governo Digital, criada na reforma administrativa. J\u00e1 o secret\u00e1rio de Meio Ambiente, Agricultura\u2026","rel":"","context":"In &quot;Not\u00edcias de Ribeir\u00e3o Preto-SP e Regi\u00e3o&quot;","block_context":{"text":"Not\u00edcias de Ribeir\u00e3o Preto-SP e Regi\u00e3o","link":"https:\/\/noticiasribeiraopreto.com.br\/index.php\/category\/noticias-de-ribeirao-preto-sp-e-regiao-ismael-colosi\/"},"img":{"alt_text":"","src":"https:\/\/i0.wp.com\/noticiasribeiraopreto.com.br\/wp-content\/uploads\/2025\/10\/secretarios-ribeirao-preto_2025-10-10_20-11-20.webp.webp?fit=1200%2C674&ssl=1&resize=350%2C200","width":350,"height":200,"srcset":"https:\/\/i0.wp.com\/noticiasribeiraopreto.com.br\/wp-content\/uploads\/2025\/10\/secretarios-ribeirao-preto_2025-10-10_20-11-20.webp.webp?fit=1200%2C674&ssl=1&resize=350%2C200 1x, https:\/\/i0.wp.com\/noticiasribeiraopreto.com.br\/wp-content\/uploads\/2025\/10\/secretarios-ribeirao-preto_2025-10-10_20-11-20.webp.webp?fit=1200%2C674&ssl=1&resize=525%2C300 1.5x, https:\/\/i0.wp.com\/noticiasribeiraopreto.com.br\/wp-content\/uploads\/2025\/10\/secretarios-ribeirao-preto_2025-10-10_20-11-20.webp.webp?fit=1200%2C674&ssl=1&resize=700%2C400 2x, https:\/\/i0.wp.com\/noticiasribeiraopreto.com.br\/wp-content\/uploads\/2025\/10\/secretarios-ribeirao-preto_2025-10-10_20-11-20.webp.webp?fit=1200%2C674&ssl=1&resize=1050%2C600 3x"},"classes":[]},{"id":50895,"url":"https:\/\/noticiasribeiraopreto.com.br\/index.php\/2024\/05\/20\/ricardo-silva-confirma-pre-candidatura-para-prefeito-de-ribeirao-preto-veja-todos-os-nomes\/","url_meta":{"origin":74909,"position":4},"title":"Ricardo Silva confirma pr\u00e9-candidatura para prefeito de Ribeir\u00e3o Preto; Veja todos os nomes","author":"noticiasribeiraopreto.com.br","date":"20 de May de 2024","format":false,"excerpt":"Foi confirmada na tarde desta segunda-feira (20) a pr\u00e9-candidatura do deputado federal Ricardo Silva (PSD) na disputa pela Prefeitura de Ribeir\u00e3o Preto.\u00a0 Outros nove nomes j\u00e1 se colocaram, anteriormente, \u00e0 disposi\u00e7\u00e3o dos partidos para concorrer \u00e0 disputa pelo cargo do Executivo (veja abaixo). Apesar de os nomes serem confirmados como\u2026","rel":"","context":"In &quot;Not\u00edcias de Ribeir\u00e3o Preto-SP e Regi\u00e3o&quot;","block_context":{"text":"Not\u00edcias de Ribeir\u00e3o Preto-SP e Regi\u00e3o","link":"https:\/\/noticiasribeiraopreto.com.br\/index.php\/category\/noticias-de-ribeirao-preto-sp-e-regiao-ismael-colosi\/"},"img":{"alt_text":"","src":"https:\/\/i0.wp.com\/noticiasribeiraopreto.com.br\/wp-content\/uploads\/2024\/05\/AnyConv.com__Copia-de-Copia-de-TAMANHO-EXATO-PARA-FOTOS-NO-SISTEMA-NOVO-19_2024-05-20_19-18-31.webp.webp?fit=1200%2C675&ssl=1&resize=350%2C200","width":350,"height":200,"srcset":"https:\/\/i0.wp.com\/noticiasribeiraopreto.com.br\/wp-content\/uploads\/2024\/05\/AnyConv.com__Copia-de-Copia-de-TAMANHO-EXATO-PARA-FOTOS-NO-SISTEMA-NOVO-19_2024-05-20_19-18-31.webp.webp?fit=1200%2C675&ssl=1&resize=350%2C200 1x, https:\/\/i0.wp.com\/noticiasribeiraopreto.com.br\/wp-content\/uploads\/2024\/05\/AnyConv.com__Copia-de-Copia-de-TAMANHO-EXATO-PARA-FOTOS-NO-SISTEMA-NOVO-19_2024-05-20_19-18-31.webp.webp?fit=1200%2C675&ssl=1&resize=525%2C300 1.5x, https:\/\/i0.wp.com\/noticiasribeiraopreto.com.br\/wp-content\/uploads\/2024\/05\/AnyConv.com__Copia-de-Copia-de-TAMANHO-EXATO-PARA-FOTOS-NO-SISTEMA-NOVO-19_2024-05-20_19-18-31.webp.webp?fit=1200%2C675&ssl=1&resize=700%2C400 2x, https:\/\/i0.wp.com\/noticiasribeiraopreto.com.br\/wp-content\/uploads\/2024\/05\/AnyConv.com__Copia-de-Copia-de-TAMANHO-EXATO-PARA-FOTOS-NO-SISTEMA-NOVO-19_2024-05-20_19-18-31.webp.webp?fit=1200%2C675&ssl=1&resize=1050%2C600 3x"},"classes":[]},{"id":59651,"url":"https:\/\/noticiasribeiraopreto.com.br\/index.php\/2024\/10\/27\/ricardo-silva-do-psd-e-eleito-prefeito-de-ribeirao-preto-com-foco-em-mudancas-estruturais\/","url_meta":{"origin":74909,"position":5},"title":"Ricardo Silva, do PSD, \u00e9 Eleito Prefeito de Ribeir\u00e3o Preto com Foco em Mudan\u00e7as Estruturais","author":"noticiasribeiraopreto.com.br","date":"27 de October de 2024","format":false,"excerpt":"Ricardo Silva, candidato pelo Partido Social Democr\u00e1tico (PSD), foi eleito prefeito de Ribeir\u00e3o Preto, consolidando sua lideran\u00e7a com propostas de inova\u00e7\u00e3o e crescimento econ\u00f4mico. Com uma campanha voltada para a moderniza\u00e7\u00e3o das pol\u00edticas p\u00fablicas e o desenvolvimento urbano, Ricardo venceu o pleito com uma ampla margem de votos, recebendo apoio\u2026","rel":"","context":"In &quot;Not\u00edcias de Ribeir\u00e3o Preto-SP e Regi\u00e3o&quot;","block_context":{"text":"Not\u00edcias de Ribeir\u00e3o Preto-SP e Regi\u00e3o","link":"https:\/\/noticiasribeiraopreto.com.br\/index.php\/category\/noticias-de-ribeirao-preto-sp-e-regiao-ismael-colosi\/"},"img":{"alt_text":"","src":"https:\/\/i0.wp.com\/noticiasribeiraopreto.com.br\/wp-content\/uploads\/2024\/10\/ricardo-silva_2024-09-27_14-05-41_jpg_2024-09-27_14-05-41.webp.webp?fit=1200%2C863&ssl=1&resize=350%2C200","width":350,"height":200,"srcset":"https:\/\/i0.wp.com\/noticiasribeiraopreto.com.br\/wp-content\/uploads\/2024\/10\/ricardo-silva_2024-09-27_14-05-41_jpg_2024-09-27_14-05-41.webp.webp?fit=1200%2C863&ssl=1&resize=350%2C200 1x, https:\/\/i0.wp.com\/noticiasribeiraopreto.com.br\/wp-content\/uploads\/2024\/10\/ricardo-silva_2024-09-27_14-05-41_jpg_2024-09-27_14-05-41.webp.webp?fit=1200%2C863&ssl=1&resize=525%2C300 1.5x, https:\/\/i0.wp.com\/noticiasribeiraopreto.com.br\/wp-content\/uploads\/2024\/10\/ricardo-silva_2024-09-27_14-05-41_jpg_2024-09-27_14-05-41.webp.webp?fit=1200%2C863&ssl=1&resize=700%2C400 2x, https:\/\/i0.wp.com\/noticiasribeiraopreto.com.br\/wp-content\/uploads\/2024\/10\/ricardo-silva_2024-09-27_14-05-41_jpg_2024-09-27_14-05-41.webp.webp?fit=1200%2C863&ssl=1&resize=1050%2C600 3x"},"classes":[]}],"jetpack_sharing_enabled":true,"jetpack_shortlink":"https:\/\/wp.me\/peQAOb-jud","_links":{"self":[{"href":"https:\/\/noticiasribeiraopreto.com.br\/index.php\/wp-json\/wp\/v2\/posts\/74909","targetHints":{"allow":["GET"]}}],"collection":[{"href":"https:\/\/noticiasribeiraopreto.com.br\/index.php\/wp-json\/wp\/v2\/posts"}],"about":[{"href":"https:\/\/noticiasribeiraopreto.com.br\/index.php\/wp-json\/wp\/v2\/types\/post"}],"author":[{"embeddable":true,"href":"https:\/\/noticiasribeiraopreto.com.br\/index.php\/wp-json\/wp\/v2\/users\/1"}],"replies":[{"embeddable":true,"href":"https:\/\/noticiasribeiraopreto.com.br\/index.php\/wp-json\/wp\/v2\/comments?post=74909"}],"version-history":[{"count":0,"href":"https:\/\/noticiasribeiraopreto.com.br\/index.php\/wp-json\/wp\/v2\/posts\/74909\/revisions"}],"wp:featuredmedia":[{"embeddable":true,"href":"https:\/\/noticiasribeiraopreto.com.br\/index.php\/wp-json\/wp\/v2\/media\/74910"}],"wp:attachment":[{"href":"https:\/\/noticiasribeiraopreto.com.br\/index.php\/wp-json\/wp\/v2\/media?parent=74909"}],"wp:term":[{"taxonomy":"category","embeddable":true,"href":"https:\/\/noticiasribeiraopreto.com.br\/index.php\/wp-json\/wp\/v2\/categories?post=74909"},{"taxonomy":"post_tag","embeddable":true,"href":"https:\/\/noticiasribeiraopreto.com.br\/index.php\/wp-json\/wp\/v2\/tags?post=74909"}],"curies":[{"name":"wp","href":"https:\/\/api.w.org\/{rel}","templated":true}]}}