{"id":74913,"date":"2025-07-31T09:21:14","date_gmt":"2025-07-31T12:21:14","guid":{"rendered":"https:\/\/noticiasribeiraopreto.com.br\/index.php\/2025\/07\/31\/etec-ribeirao-preto-oferece-vagas-remanescentes-veja-como-se-inscrever\/"},"modified":"2025-07-31T09:21:14","modified_gmt":"2025-07-31T12:21:14","slug":"etec-ribeirao-preto-oferece-vagas-remanescentes-veja-como-se-inscrever","status":"publish","type":"post","link":"https:\/\/noticiasribeiraopreto.com.br\/index.php\/2025\/07\/31\/etec-ribeirao-preto-oferece-vagas-remanescentes-veja-como-se-inscrever\/","title":{"rendered":"Etec Ribeir\u00e3o Preto oferece vagas remanescentes; Veja como se inscrever"},"content":{"rendered":"<div class='code-block code-block-1' style='margin: 8px 0 8px auto; text-align: right; display: block; clear: both;'>\n<p><a href=\"https:\/\/wa.link\/vpicfd\"><img data-recalc-dims=\"1\" class=\"wp-image-4922\" style=\"aspect-ratio: 2.0253164556962027; width: 561px; height: auto;\" src=\"https:\/\/i0.wp.com\/ismaelcolosi.com.br\/wp-content\/uploads\/2023\/11\/grupo-de-empregos-whatsapp-e-facebook-ismael-colosi-vagas.jpg?ssl=1\" alt=\"\" \/><\/a><\/p>\n<!-- \/wp:image -->\n<\/div>\n<p> <br \/>\n<\/p>\n<div>\n<p><strong>A Etec (Escola T\u00e9cnica Estadual) Jos\u00e9 Martimiano da Silva, em Ribeir\u00e3o Preto, est\u00e1 com vagas remanescentes em cursos t\u00e9cnicos.<\/strong><\/p>\n<h2 class=\"wp-block-heading\"><strong>O que fazer?<\/strong><\/h2>\n<p>Os interessados dever\u00e3o se inscrever a partir desta quinta-feira (31) at\u00e9 o dia 8 de agosto, presencialmente na secretaria da unidade, na rua Tamandar\u00e9, 520, no bairro Campos El\u00edseos. A inscri\u00e7\u00e3o \u00e9 gratuita.<\/p>\n<p>A prova ser\u00e1 realizada no dia 13 de agosto, \u00e0s 19h, na Etec. Al\u00e9m de Ribeir\u00e3o, h\u00e1 vagas tamb\u00e9m em Sert\u00e3ozinho e Dumont.<\/p>\n<h3 class=\"wp-block-heading\"><strong>Quais s\u00e3o os cursos?<\/strong><\/h3>\n<p><strong>Etec Jos\u00e9 Martimiano da Silva \u2013 Ribeir\u00e3o Preto<\/strong><\/p>\n<ul class=\"wp-block-list\">\n<li>Administra\u00e7\u00e3o \u2013 tarde<\/li>\n<li>Edifica\u00e7\u00f5es \u2013 noite<\/li>\n<li>Gastronomia \u2013 noite<\/li>\n<li>Mec\u00e2nica \u2013 noite<\/li>\n<li>Recursos Humanos \u2013 noite<\/li>\n<\/ul>\n<p><strong>Extens\u00e3o E.E. Prof. Am\u00e9lia dos Santos Musa \u2013 Ribeir\u00e3o Preto<\/strong><\/p>\n<ul class=\"wp-block-list\">\n<li>Administra\u00e7\u00e3o \u2013 noite<\/li>\n<\/ul>\n<p><strong>Classe Descentralizada E.E. Winston Churchill \u2013 Sert\u00e3ozinho<\/strong><\/p>\n<ul class=\"wp-block-list\">\n<li>Contabilidade \u2013noite<\/li>\n<li>Recursos Humanos \u2013 noite<\/li>\n<\/ul>\n<p><strong>Classe Descentralizada<\/strong> <strong>E. E. Prof. Altino Jhacinto Tovo \u2013 Dumont<\/strong><\/p>\n<h4 class=\"wp-block-heading\"><strong>Servi\u00e7o<\/strong><\/h4>\n<p><em>Etec Ribeir\u00e3o Preto \u2013 Processo de Sele\u00e7\u00e3o (Vagas Remanescentes)<\/em><\/p>\n<p><strong>Inscri\u00e7\u00f5es:<\/strong> de 31 de julho a 8 de agosto<br \/><strong>Onde:<\/strong> Secretaria da Etec Jos\u00e9 Martimiano da Silva<br \/><strong>Endere\u00e7o:<\/strong> Rua Tamandar\u00e9, 520, Campos El\u00edseos\u00a0\u2013 Ribeir\u00e3o Preto<br \/><strong>Documentos necess\u00e1rios:<\/strong> c\u00f3pia do documento de identidade (RG), Certid\u00e3o de Nascimento ou Casamento, hist\u00f3rico escolar do Ensino M\u00e9dio ou declara\u00e7\u00e3o escolar de matr\u00edcula no 2\u00b0 ano do Ensino M\u00e9dio<br \/><strong>Prova:<\/strong> 13 de agosto, \u00e0s 19h<br \/><strong>Informa\u00e7\u00f5es:<\/strong> (16) 3610-8374 ou e-mail 074acad@cps.sp.gov.br<\/p>\n<p>SAIBA MAIS<\/p>\n<p>At\u00e9 quando vai o frio? Veja previs\u00e3o nos pr\u00f3ximos dias<\/p>\n<h5 class=\"wp-block-heading\"><strong>FIQUE ON<\/strong><\/h5>\n<p>Quer ficar por dentro de tudo que acontece em Ribeir\u00e3o Preto e regi\u00e3o? Ent\u00e3o siga os perfis do\u202facidade on\u202fno\u202f<a href=\"https:\/\/www.instagram.com\/acidadeonribeirao\" target=\"_blank\" rel=\"noreferrer noopener\">Instagram<\/a>\u202fe no\u202f<a href=\"https:\/\/www.facebook.com\/acidadeonribeirao\/\" target=\"_blank\" rel=\"noreferrer noopener\">Facebook<\/a>.<\/p>\n<p>Al\u00e9m disso, voc\u00ea pode receber as principais not\u00edcias diretamente no WhatsApp. Para isso, basta\u00a0<a href=\"https:\/\/chat.whatsapp.com\/BjKQZ9oJwlz8VVT50NuePq\" target=\"_blank\" rel=\"noreferrer noopener\">entrar no grupo clicando aqui<\/a>.<\/p>\n<p>Por fim, se quiser fazer uma den\u00fancia ou sugerir uma reportagem sobre Ribeir\u00e3o Preto e regi\u00e3o, envie uma mensagem pelo WhatsApp: (16) 99117-7802.<\/p>\n<p>VEJA TAMB\u00c9M<\/p>\n<p>Quando o frio acaba em SP?<\/p>\n<p><!-- AI CONTENT END 1 -->\n<\/div>\n<p><script async src=\"\/\/www.instagram.com\/embed.js\"><\/script><br \/>\n<br \/><br \/>\n<br \/><a href=\"https:\/\/www.acidadeon.com\/ribeiraopreto\/cotidiano\/etec-ribeirao-preto-oferece-vagas-remanescentes-veja-como-se-inscrever\/\">Source link <\/a><\/p>\n<!-- CONTENT END 1 -->\n","protected":false},"excerpt":{"rendered":"<p>A Etec (Escola T\u00e9cnica Estadual) Jos\u00e9 Martimiano da Silva, em Ribeir\u00e3o Preto, est\u00e1 com vagas remanescentes em cursos t\u00e9cnicos. O que fazer? Os interessados dever\u00e3o&#8230;<\/p>\n","protected":false},"author":1,"featured_media":74914,"comment_status":"open","ping_status":"open","sticky":false,"template":"","format":"standard","meta":{"advanced_seo_description":"","jetpack_seo_html_title":"","jetpack_seo_noindex":false,"jetpack_post_was_ever_published":false,"_jetpack_newsletter_access":"","_jetpack_dont_email_post_to_subs":false,"_jetpack_newsletter_tier_id":0,"_jetpack_memberships_contains_paywalled_content":false,"_jetpack_memberships_contains_paid_content":false,"footnotes":"","jetpack_publicize_message":"","jetpack_publicize_feature_enabled":true,"jetpack_social_post_already_shared":true,"jetpack_social_options":{"image_generator_settings":{"template":"highway","default_image_id":0,"font":"","enabled":false},"version":2}},"categories":[11],"tags":[],"class_list":["post-74913","post","type-post","status-publish","format-standard","has-post-thumbnail","hentry","category-noticias-de-ribeirao-preto-sp-e-regiao-ismael-colosi"],"jetpack_publicize_connections":[],"jetpack_featured_media_url":"https:\/\/i0.wp.com\/noticiasribeiraopreto.com.br\/wp-content\/uploads\/2025\/07\/WhatsApp-Image-2024-10-29-at-11.01.13_2024-10-29_15-11-48_jpeg_2024-10-29_15-11-48.webp.webp?fit=1600%2C898&ssl=1","jetpack-related-posts":[{"id":49082,"url":"https:\/\/noticiasribeiraopreto.com.br\/index.php\/2024\/05\/08\/prorrogadas-as-inscricoes-para-vestibulinho-da-etec-ribeirao-preto-com-680-vagas\/","url_meta":{"origin":74913,"position":0},"title":"Prorrogadas as inscri\u00e7\u00f5es para vestibulinho da Etec Ribeir\u00e3o Preto com 680 vagas","author":"noticiasribeiraopreto.com.br","date":"8 de May de 2024","format":false,"excerpt":"Foram prorrogadas as inscri\u00e7\u00f5es para o vestibulinho da Etec Jos\u00e9 Martimiano da Silva em Ribeir\u00e3o Preto at\u00e9 o dia 17 de maio. Com 680 vagas de cursos t\u00e9cnicos gratuitos dispon\u00edveis, o in\u00edcio das aulas ser\u00e1 no segundo semestre deste ano. Os interessados devem se inscrever pelo site da Etec (clique\u2026","rel":"","context":"In &quot;Not\u00edcias de Ribeir\u00e3o Preto-SP e Regi\u00e3o&quot;","block_context":{"text":"Not\u00edcias de Ribeir\u00e3o Preto-SP e Regi\u00e3o","link":"https:\/\/noticiasribeiraopreto.com.br\/index.php\/category\/noticias-de-ribeirao-preto-sp-e-regiao-ismael-colosi\/"},"img":{"alt_text":"","src":"https:\/\/i0.wp.com\/noticiasribeiraopreto.com.br\/wp-content\/uploads\/2024\/05\/WhatsApp-Image-2023-10-01-at-14.58.24.jpeg?fit=1200%2C876&ssl=1&resize=350%2C200","width":350,"height":200,"srcset":"https:\/\/i0.wp.com\/noticiasribeiraopreto.com.br\/wp-content\/uploads\/2024\/05\/WhatsApp-Image-2023-10-01-at-14.58.24.jpeg?fit=1200%2C876&ssl=1&resize=350%2C200 1x, https:\/\/i0.wp.com\/noticiasribeiraopreto.com.br\/wp-content\/uploads\/2024\/05\/WhatsApp-Image-2023-10-01-at-14.58.24.jpeg?fit=1200%2C876&ssl=1&resize=525%2C300 1.5x, https:\/\/i0.wp.com\/noticiasribeiraopreto.com.br\/wp-content\/uploads\/2024\/05\/WhatsApp-Image-2023-10-01-at-14.58.24.jpeg?fit=1200%2C876&ssl=1&resize=700%2C400 2x, https:\/\/i0.wp.com\/noticiasribeiraopreto.com.br\/wp-content\/uploads\/2024\/05\/WhatsApp-Image-2023-10-01-at-14.58.24.jpeg?fit=1200%2C876&ssl=1&resize=1050%2C600 3x"},"classes":[]},{"id":50493,"url":"https:\/\/noticiasribeiraopreto.com.br\/index.php\/2024\/05\/16\/inscricoes-para-vestibulinho-da-etec-ribeirao-com-680-vagas-terminam-nesta-sexta-feira\/","url_meta":{"origin":74913,"position":1},"title":"Inscri\u00e7\u00f5es para vestibulinho da Etec Ribeir\u00e3o com 680 vagas terminam nesta sexta-feira","author":"noticiasribeiraopreto.com.br","date":"16 de May de 2024","format":false,"excerpt":"As inscri\u00e7\u00f5es para o vestibulinho da Etec Jos\u00e9 Martimiano da Silva em Ribeir\u00e3o Preto terminam, \u00e0s 15h, desta sexta-feira (17). Com 680 vagas de cursos t\u00e9cnicos gratuitos dispon\u00edveis, o in\u00edcio das aulas ser\u00e1 no segundo semestre deste ano. Os interessados devem se inscrever pelo site da Etec (clique aqui). O\u2026","rel":"","context":"In &quot;Not\u00edcias de Ribeir\u00e3o Preto-SP e Regi\u00e3o&quot;","block_context":{"text":"Not\u00edcias de Ribeir\u00e3o Preto-SP e Regi\u00e3o","link":"https:\/\/noticiasribeiraopreto.com.br\/index.php\/category\/noticias-de-ribeirao-preto-sp-e-regiao-ismael-colosi\/"},"img":{"alt_text":"","src":"https:\/\/i0.wp.com\/noticiasribeiraopreto.com.br\/wp-content\/uploads\/2024\/05\/1715876066_WhatsApp-Image-2023-10-01-at-14.58.24.jpeg?fit=1200%2C876&ssl=1&resize=350%2C200","width":350,"height":200,"srcset":"https:\/\/i0.wp.com\/noticiasribeiraopreto.com.br\/wp-content\/uploads\/2024\/05\/1715876066_WhatsApp-Image-2023-10-01-at-14.58.24.jpeg?fit=1200%2C876&ssl=1&resize=350%2C200 1x, https:\/\/i0.wp.com\/noticiasribeiraopreto.com.br\/wp-content\/uploads\/2024\/05\/1715876066_WhatsApp-Image-2023-10-01-at-14.58.24.jpeg?fit=1200%2C876&ssl=1&resize=525%2C300 1.5x, https:\/\/i0.wp.com\/noticiasribeiraopreto.com.br\/wp-content\/uploads\/2024\/05\/1715876066_WhatsApp-Image-2023-10-01-at-14.58.24.jpeg?fit=1200%2C876&ssl=1&resize=700%2C400 2x, https:\/\/i0.wp.com\/noticiasribeiraopreto.com.br\/wp-content\/uploads\/2024\/05\/1715876066_WhatsApp-Image-2023-10-01-at-14.58.24.jpeg?fit=1200%2C876&ssl=1&resize=1050%2C600 3x"},"classes":[]},{"id":45267,"url":"https:\/\/noticiasribeiraopreto.com.br\/index.php\/2024\/04\/03\/ribeirao-preto-tem-680-vagas-gratuitas-para-cursos-tecnicos-veja-como-se-inscrever\/","url_meta":{"origin":74913,"position":2},"title":"Ribeir\u00e3o Preto tem 680 vagas gratuitas para cursos t\u00e9cnicos; Veja como se inscrever","author":"noticiasribeiraopreto.com.br","date":"3 de April de 2024","format":false,"excerpt":"As inscri\u00e7\u00f5es para o vestibulinho da Etec Jos\u00e9 Martimiano da Silva em Ribeir\u00e3o Preto, com 680 vagas dispon\u00edveis, come\u00e7am nesta quinta-feira (4) para cursos t\u00e9cnicos gratuitos com in\u00edcio no segundo semestre deste ano. Os interessados podem se inscrever at\u00e9 \u00e0s 15h do dia 9 de maio pelo site da Etec.\u2026","rel":"","context":"In &quot;Not\u00edcias de Ribeir\u00e3o Preto-SP e Regi\u00e3o&quot;","block_context":{"text":"Not\u00edcias de Ribeir\u00e3o Preto-SP e Regi\u00e3o","link":"https:\/\/noticiasribeiraopreto.com.br\/index.php\/category\/noticias-de-ribeirao-preto-sp-e-regiao-ismael-colosi\/"},"img":{"alt_text":"","src":"https:\/\/i0.wp.com\/noticiasribeiraopreto.com.br\/wp-content\/uploads\/2024\/04\/Copia-de-Copia-de-TAMANHO-EXATO-PARA-FOTOS-NO-SISTEMA-NOVO-20.jpg?fit=1200%2C675&ssl=1&resize=350%2C200","width":350,"height":200,"srcset":"https:\/\/i0.wp.com\/noticiasribeiraopreto.com.br\/wp-content\/uploads\/2024\/04\/Copia-de-Copia-de-TAMANHO-EXATO-PARA-FOTOS-NO-SISTEMA-NOVO-20.jpg?fit=1200%2C675&ssl=1&resize=350%2C200 1x, https:\/\/i0.wp.com\/noticiasribeiraopreto.com.br\/wp-content\/uploads\/2024\/04\/Copia-de-Copia-de-TAMANHO-EXATO-PARA-FOTOS-NO-SISTEMA-NOVO-20.jpg?fit=1200%2C675&ssl=1&resize=525%2C300 1.5x, https:\/\/i0.wp.com\/noticiasribeiraopreto.com.br\/wp-content\/uploads\/2024\/04\/Copia-de-Copia-de-TAMANHO-EXATO-PARA-FOTOS-NO-SISTEMA-NOVO-20.jpg?fit=1200%2C675&ssl=1&resize=700%2C400 2x, https:\/\/i0.wp.com\/noticiasribeiraopreto.com.br\/wp-content\/uploads\/2024\/04\/Copia-de-Copia-de-TAMANHO-EXATO-PARA-FOTOS-NO-SISTEMA-NOVO-20.jpg?fit=1200%2C675&ssl=1&resize=1050%2C600 3x"},"classes":[]},{"id":84759,"url":"https:\/\/noticiasribeiraopreto.com.br\/index.php\/2026\/04\/15\/etec-de-ribeirao-preto-abre-inscricoes-para-vestibulinho-curso-de-design-de-moveis-e-novidade\/","url_meta":{"origin":74913,"position":3},"title":"Etec de Ribeir\u00e3o Preto abre inscri\u00e7\u00f5es para Vestibulinho; Curso de Design de M\u00f3veis \u00e9 novidade","author":"noticiasribeiraopreto.com.br","date":"15 de April de 2026","format":false,"excerpt":"Ler o resumo da not\u00edcia \r Vestibulinho Etec \u00e9 o processo seletivo das Escolas T\u00e9cnicas Estaduais de S\u00e3o Paulo.\r N\u00e3o h\u00e1 informa\u00e7\u00f5es adicionais dispon\u00edveis na mat\u00e9ria fornecida.\r O resumo n\u00e3o pode ser completado devido \u00e0 falta de dados na fonte original.\r A Etec (Escola T\u00e9cnica Estadual) Jos\u00e9 Martimiano da Silva,\u2026","rel":"","context":"In &quot;Not\u00edcias de Ribeir\u00e3o Preto-SP e Regi\u00e3o&quot;","block_context":{"text":"Not\u00edcias de Ribeir\u00e3o Preto-SP e Regi\u00e3o","link":"https:\/\/noticiasribeiraopreto.com.br\/index.php\/category\/noticias-de-ribeirao-preto-sp-e-regiao-ismael-colosi\/"},"img":{"alt_text":"","src":"https:\/\/i0.wp.com\/noticiasribeiraopreto.com.br\/wp-content\/uploads\/2024\/10\/WhatsApp-Image-2024-10-29-at-11.01.13_2024-10-29_15-11-48_jpeg_2024-10-29_15-11-48.webp.webp?fit=1200%2C674&ssl=1&resize=350%2C200","width":350,"height":200,"srcset":"https:\/\/i0.wp.com\/noticiasribeiraopreto.com.br\/wp-content\/uploads\/2024\/10\/WhatsApp-Image-2024-10-29-at-11.01.13_2024-10-29_15-11-48_jpeg_2024-10-29_15-11-48.webp.webp?fit=1200%2C674&ssl=1&resize=350%2C200 1x, https:\/\/i0.wp.com\/noticiasribeiraopreto.com.br\/wp-content\/uploads\/2024\/10\/WhatsApp-Image-2024-10-29-at-11.01.13_2024-10-29_15-11-48_jpeg_2024-10-29_15-11-48.webp.webp?fit=1200%2C674&ssl=1&resize=525%2C300 1.5x, https:\/\/i0.wp.com\/noticiasribeiraopreto.com.br\/wp-content\/uploads\/2024\/10\/WhatsApp-Image-2024-10-29-at-11.01.13_2024-10-29_15-11-48_jpeg_2024-10-29_15-11-48.webp.webp?fit=1200%2C674&ssl=1&resize=700%2C400 2x, https:\/\/i0.wp.com\/noticiasribeiraopreto.com.br\/wp-content\/uploads\/2024\/10\/WhatsApp-Image-2024-10-29-at-11.01.13_2024-10-29_15-11-48_jpeg_2024-10-29_15-11-48.webp.webp?fit=1200%2C674&ssl=1&resize=1050%2C600 3x"},"classes":[]},{"id":770,"url":"https:\/\/noticiasribeiraopreto.com.br\/index.php\/2023\/11\/09\/foram-prorrogadas-as-inscricoes-para-o-vestibulinho-das-etecs\/","url_meta":{"origin":74913,"position":4},"title":"Foram prorrogadas as inscri\u00e7\u00f5es para o vestibulinho das Etecs","author":"noticiasribeiraopreto.com.br","date":"9 de November de 2023","format":false,"excerpt":"8 de novembro de 2023 | 18:008 de novembro de 2023 | 16:19 0No dia 10 de dezembro, candidatos fazem a prova do Vestibulinho das Escolas T\u00e9cnicas Estaduais (Etecs), que d\u00e1 acesso a mais de 91 mil vagas para ensino p\u00fablico gratuito. O interessado em aproveitar a oportunidade deve se\u2026","rel":"","context":"In &quot;Not\u00edcias de Ribeir\u00e3o Preto-SP e Regi\u00e3o&quot;","block_context":{"text":"Not\u00edcias de Ribeir\u00e3o Preto-SP e Regi\u00e3o","link":"https:\/\/noticiasribeiraopreto.com.br\/index.php\/category\/noticias-de-ribeirao-preto-sp-e-regiao-ismael-colosi\/"},"img":{"alt_text":"","src":"https:\/\/i0.wp.com\/noticiasribeiraopreto.com.br\/wp-content\/uploads\/2023\/11\/1-etec-alfredo-risk-scaled.jpg?fit=1000%2C462&ssl=1&resize=350%2C200","width":350,"height":200,"srcset":"https:\/\/i0.wp.com\/noticiasribeiraopreto.com.br\/wp-content\/uploads\/2023\/11\/1-etec-alfredo-risk-scaled.jpg?fit=1000%2C462&ssl=1&resize=350%2C200 1x, https:\/\/i0.wp.com\/noticiasribeiraopreto.com.br\/wp-content\/uploads\/2023\/11\/1-etec-alfredo-risk-scaled.jpg?fit=1000%2C462&ssl=1&resize=525%2C300 1.5x, https:\/\/i0.wp.com\/noticiasribeiraopreto.com.br\/wp-content\/uploads\/2023\/11\/1-etec-alfredo-risk-scaled.jpg?fit=1000%2C462&ssl=1&resize=700%2C400 2x"},"classes":[]},{"id":59734,"url":"https:\/\/noticiasribeiraopreto.com.br\/index.php\/2024\/10\/29\/etec-ribeirao-preto-oferece-mais-de-mil-vagas-em-cursos-gratuitos-veja-como-se-inscrever\/","url_meta":{"origin":74913,"position":5},"title":"Etec Ribeir\u00e3o Preto oferece mais de mil vagas em cursos gratuitos; Veja como se inscrever","author":"noticiasribeiraopreto.com.br","date":"29 de October de 2024","format":false,"excerpt":"As inscri\u00e7\u00f5es para o Vestibulinho 2025 da Etec (Escola T\u00e9cnica Estadual) Jos\u00e9 Martimiano da Silva, em Ribeir\u00e3o Preto, come\u00e7am na pr\u00f3xima quinta-feira (31). S\u00e3o oferecidas 1.120 vagas em 27 cursos gratuitos. Os interessados devem se inscrever pelo site da institui\u00e7\u00e3o at\u00e9 as 15h do dia 26 de novembro. Clique aqui\u2026","rel":"","context":"In &quot;Not\u00edcias de Ribeir\u00e3o Preto-SP e Regi\u00e3o&quot;","block_context":{"text":"Not\u00edcias de Ribeir\u00e3o Preto-SP e Regi\u00e3o","link":"https:\/\/noticiasribeiraopreto.com.br\/index.php\/category\/noticias-de-ribeirao-preto-sp-e-regiao-ismael-colosi\/"},"img":{"alt_text":"","src":"https:\/\/i0.wp.com\/noticiasribeiraopreto.com.br\/wp-content\/uploads\/2024\/10\/WhatsApp-Image-2024-10-29-at-11.01.13_2024-10-29_15-11-48_jpeg_2024-10-29_15-11-48.webp.webp?fit=1200%2C674&ssl=1&resize=350%2C200","width":350,"height":200,"srcset":"https:\/\/i0.wp.com\/noticiasribeiraopreto.com.br\/wp-content\/uploads\/2024\/10\/WhatsApp-Image-2024-10-29-at-11.01.13_2024-10-29_15-11-48_jpeg_2024-10-29_15-11-48.webp.webp?fit=1200%2C674&ssl=1&resize=350%2C200 1x, https:\/\/i0.wp.com\/noticiasribeiraopreto.com.br\/wp-content\/uploads\/2024\/10\/WhatsApp-Image-2024-10-29-at-11.01.13_2024-10-29_15-11-48_jpeg_2024-10-29_15-11-48.webp.webp?fit=1200%2C674&ssl=1&resize=525%2C300 1.5x, https:\/\/i0.wp.com\/noticiasribeiraopreto.com.br\/wp-content\/uploads\/2024\/10\/WhatsApp-Image-2024-10-29-at-11.01.13_2024-10-29_15-11-48_jpeg_2024-10-29_15-11-48.webp.webp?fit=1200%2C674&ssl=1&resize=700%2C400 2x, https:\/\/i0.wp.com\/noticiasribeiraopreto.com.br\/wp-content\/uploads\/2024\/10\/WhatsApp-Image-2024-10-29-at-11.01.13_2024-10-29_15-11-48_jpeg_2024-10-29_15-11-48.webp.webp?fit=1200%2C674&ssl=1&resize=1050%2C600 3x"},"classes":[]}],"jetpack_sharing_enabled":true,"jetpack_shortlink":"https:\/\/wp.me\/peQAOb-juh","_links":{"self":[{"href":"https:\/\/noticiasribeiraopreto.com.br\/index.php\/wp-json\/wp\/v2\/posts\/74913","targetHints":{"allow":["GET"]}}],"collection":[{"href":"https:\/\/noticiasribeiraopreto.com.br\/index.php\/wp-json\/wp\/v2\/posts"}],"about":[{"href":"https:\/\/noticiasribeiraopreto.com.br\/index.php\/wp-json\/wp\/v2\/types\/post"}],"author":[{"embeddable":true,"href":"https:\/\/noticiasribeiraopreto.com.br\/index.php\/wp-json\/wp\/v2\/users\/1"}],"replies":[{"embeddable":true,"href":"https:\/\/noticiasribeiraopreto.com.br\/index.php\/wp-json\/wp\/v2\/comments?post=74913"}],"version-history":[{"count":0,"href":"https:\/\/noticiasribeiraopreto.com.br\/index.php\/wp-json\/wp\/v2\/posts\/74913\/revisions"}],"wp:featuredmedia":[{"embeddable":true,"href":"https:\/\/noticiasribeiraopreto.com.br\/index.php\/wp-json\/wp\/v2\/media\/74914"}],"wp:attachment":[{"href":"https:\/\/noticiasribeiraopreto.com.br\/index.php\/wp-json\/wp\/v2\/media?parent=74913"}],"wp:term":[{"taxonomy":"category","embeddable":true,"href":"https:\/\/noticiasribeiraopreto.com.br\/index.php\/wp-json\/wp\/v2\/categories?post=74913"},{"taxonomy":"post_tag","embeddable":true,"href":"https:\/\/noticiasribeiraopreto.com.br\/index.php\/wp-json\/wp\/v2\/tags?post=74913"}],"curies":[{"name":"wp","href":"https:\/\/api.w.org\/{rel}","templated":true}]}}