{"id":74916,"date":"2025-07-31T09:41:17","date_gmt":"2025-07-31T12:41:17","guid":{"rendered":"https:\/\/noticiasribeiraopreto.com.br\/index.php\/2025\/07\/31\/etanol-pode-subir-r-012\/"},"modified":"2025-07-31T09:41:17","modified_gmt":"2025-07-31T12:41:17","slug":"etanol-pode-subir-r-012","status":"publish","type":"post","link":"https:\/\/noticiasribeiraopreto.com.br\/index.php\/2025\/07\/31\/etanol-pode-subir-r-012\/","title":{"rendered":"Etanol pode subir R$ 0,12"},"content":{"rendered":"<div class='code-block code-block-1' style='margin: 8px 0 8px auto; text-align: right; display: block; clear: both;'>\n<p><a href=\"https:\/\/wa.link\/vpicfd\"><img data-recalc-dims=\"1\" class=\"wp-image-4922\" style=\"aspect-ratio: 2.0253164556962027; width: 561px; height: auto;\" src=\"https:\/\/i0.wp.com\/ismaelcolosi.com.br\/wp-content\/uploads\/2023\/11\/grupo-de-empregos-whatsapp-e-facebook-ismael-colosi-vagas.jpg?ssl=1\" alt=\"\" \/><\/a><\/p>\n<!-- \/wp:image -->\n<\/div>\n<p> <br \/>\n<\/p>\n<div>\n<p>A Associa\u00e7\u00e3o N\u00facleo Postos Ribeir\u00e3o Preto, que re\u00fane 100 revendedores da cidade e regi\u00e3o, alerta para tend\u00eancia de alta no pre\u00e7o do etanol para os pr\u00f3ximos dias. Da \u00faltima semana para c\u00e1, o pre\u00e7o do litro do biocombust\u00edvel disparou, em m\u00e9dia, R$ 0,12 das distribuidoras para os postos revendedores.<\/p>\n<p>\u201cCom pre\u00e7o mais caro, praticado pelas distribuidoras, a tend\u00eancia deve ser de que os postos revendedores repassem parte do aumento, ou sua totalidade, para as bombas\u201d, explica Fernando Roca, presidente da entidade.\u00a0 Ele cita a medida do governo federal que determinou a eleva\u00e7\u00e3o do percentual de adi\u00e7\u00e3o de etanol na composi\u00e7\u00e3o do litro da gasolina C (vendida nos postos), de 27% para 30%.<\/p>\n<p>A medida est\u00e1 prevista para entrar em vigor nesta sexta-feira, 1\u00ba de agosto, com objetivo de baratear o pre\u00e7o da gasolina. \u00a0\u201cPara atender o crescimento da demanda, as usinas t\u00eam de produzir mais etanol o que est\u00e1 gerando impacto nos estoques reguladores e na pr\u00f3pria opera\u00e7\u00e3o da ind\u00fastria sucroenerg\u00e9tica\u201d, diz.<\/p>\n<p>\u201cDiante disso, as usinas elevaram o pre\u00e7o do litro de etanol, para as distribuidoras, com objetivo de reduzir o consumo e evitar um eventual desabastecimento do mercado\u201d, destaca o presidente da Associa\u00e7\u00e3o N\u00facleo Postos Ribeir\u00e3o Preto.<\/p>\n<p>\u201cTudo indica que as usinas ainda n\u00e3o est\u00e3o totalmente \u2018calibradas\u2019 para essa alta da produ\u00e7\u00e3o de etanol, at\u00e9 porque, de alguns anos para c\u00e1, o foco das safras tem sido mais para a exporta\u00e7\u00e3o de a\u00e7\u00facar (favorecida pela cota\u00e7\u00e3o do d\u00f3lar) do que para o etanol. A estabilidade deve vir com a defini\u00e7\u00e3o de um ponto de equil\u00edbrio na produ\u00e7\u00e3o\u201d, completa.<\/p>\n<p><strong>Pesquisa \u2013 <\/strong>Segundo pesquisa da Ag\u00eancia Nacional do Petr\u00f3leo, G\u00e1s Natural e Biocombust\u00edveis (ANP), realizada entre 20 e 26 de julho, o litro do etanol vendido em Ribeir\u00e3o Preto custa, em m\u00e9dia, R$ 3,81 (m\u00ednimo de R$ 3,64 e m\u00e1ximo de R$ 3,99). S\u00e3o R$ 0,07 a menos que o R$ 3,88 (piso de R$ 3,67 e teto de R$ 4,29) da semana anterior, queda de 1,80%.<\/p>\n<p>O litro da gasolina sai por R$ 6,02 (m\u00ednimo de R$ 5,69 e m\u00e1ximo de R$ 6,59), contra R$ 6,11 (piso de R$ 5,69 e teto de R$ 6,69) da semana anterior, desconto e R$ 0,09 e baixa de 1,47%. O litro do diesel custa R$ 5,87 (m\u00ednimo de R$ 5,59 e m\u00e1ximo de R$ 6,39), contra R$ 5,93 (piso de R$ 5.49 e teto de R$ 6,39) do dia 19, abatimento de R$ 0,06 e baixa de 1,01%.<\/p>\n<p>A paridade estava em 63,29%. \u00c9 vantajoso abastecer com \u00e1lcool quando esta rela\u00e7\u00e3o n\u00e3o supera 70%. A gasolina aditivada sai por R$ 6,19 (m\u00ednimo de R$ 5,69 e m\u00e1ximo de R$ 6,79). O litro do diesel S-10 \u00e9 vendido, em m\u00e9dia por R$ 6,07 (piso de R$ 5,64 e m\u00e1ximo de R$ 6,49).<\/p>\n<p><strong>Usinas \u2013 <\/strong>Na \u00faltima sexta-feira, 25 de julho, o pre\u00e7o do \u00e1lcool combust\u00edvel voltou a subir nas usinas paulistas ap\u00f3s tr\u00eas semanas seguidas de queda. Avan\u00e7ou 0,83%, contra retra\u00e7\u00e3o se 1,10%, 2,05% e 0,17% nos intervalos anteriores. O valor do hidratado est\u00e1 abaixo de R$ 2,55, mas \u201cencostou\u201d nos R$ 3,90 no final de 2021. Agora, passou de R$ 2,5239 para R$ 2,5448 por litro.<\/p>\n<p>J\u00e1 o valor do anidro \u2013 adicionado \u00e0 gasolina em at\u00e9 27% \u2013 est\u00e1 abaixo de R$ 3,00. Caiu 0,12%, terceira semana seguida de queda, ap\u00f3s duas baixas de 1,33%. Agora, passou de R$ 2,9204 o litro para R$ 2,91684 em m\u00e9dia. Os dados s\u00e3o do Centro de Estudos Avan\u00e7ados em Economia Aplicada (Cepea) da Escola Superior de Agricultura Luiz de Queiroz da Universidade de S\u00e3o Paulo (Esalq\/USP).<\/p>\n<p><strong>Valores m\u00e9dios:<br \/>Ribeir\u00e3o Preto<br \/>Gasolina: <\/strong>R$ 6,02<br \/><strong>Gasolina aditivada: <\/strong>R$ 6,19<strong><br \/>Etanol: <\/strong>R$ 3,81<br \/><strong>Diesel: <\/strong>R$ 5,87<br \/><strong>Diesel S10:<\/strong> R$ 6,07<br \/><strong>Per\u00edodo:<\/strong> de 20 a 26 de julho<br \/><strong>Fonte:<\/strong> ANP<\/p>\n<\/div>\n<p><br \/>\n<br \/><a href=\"https:\/\/www.tribunaribeirao.com.br\/etanol-pode-subir-r-012\/\">Source link <\/a><\/p>\n<!-- CONTENT END 1 -->\n","protected":false},"excerpt":{"rendered":"<p>A Associa\u00e7\u00e3o N\u00facleo Postos Ribeir\u00e3o Preto, que re\u00fane 100 revendedores da cidade e regi\u00e3o, alerta para tend\u00eancia de alta no pre\u00e7o do etanol para os&#8230;<\/p>\n","protected":false},"author":1,"featured_media":74917,"comment_status":"open","ping_status":"open","sticky":false,"template":"","format":"standard","meta":{"advanced_seo_description":"","jetpack_seo_html_title":"","jetpack_seo_noindex":false,"jetpack_post_was_ever_published":false,"_jetpack_newsletter_access":"","_jetpack_dont_email_post_to_subs":false,"_jetpack_newsletter_tier_id":0,"_jetpack_memberships_contains_paywalled_content":false,"_jetpack_memberships_contains_paid_content":false,"footnotes":"","jetpack_publicize_message":"","jetpack_publicize_feature_enabled":true,"jetpack_social_post_already_shared":true,"jetpack_social_options":{"image_generator_settings":{"template":"highway","default_image_id":0,"font":"","enabled":false},"version":2}},"categories":[11],"tags":[],"class_list":["post-74916","post","type-post","status-publish","format-standard","has-post-thumbnail","hentry","category-noticias-de-ribeirao-preto-sp-e-regiao-ismael-colosi"],"jetpack_publicize_connections":[],"jetpack_featured_media_url":"https:\/\/i0.wp.com\/noticiasribeiraopreto.com.br\/wp-content\/uploads\/2025\/07\/EtanolRP-Divulgacao-scaled.png?fit=1200%2C675&ssl=1","jetpack-related-posts":[{"id":74930,"url":"https:\/\/noticiasribeiraopreto.com.br\/index.php\/2025\/07\/31\/entenda-o-aumento-no-preco-do-etanol-em-ribeirao-preto\/","url_meta":{"origin":74916,"position":0},"title":"Entenda o aumento no pre\u00e7o do etanol em Ribeir\u00e3o Preto","author":"noticiasribeiraopreto.com.br","date":"31 de July de 2025","format":false,"excerpt":"A Associa\u00e7\u00e3o N\u00facleo Postos Ribeir\u00e3o Preto emitiu um alerta para tend\u00eancia de alta no pre\u00e7o do etanol na bomba. Segundo a entidade, que re\u00fane 100 revendedores da cidade e regi\u00e3o, desde a \u00faltima semana at\u00e9 agora o pre\u00e7o do litro do biocombust\u00edvel subiu, em m\u00e9dia, R$ 0,12 das distribuidoras para\u2026","rel":"","context":"In &quot;Not\u00edcias de Ribeir\u00e3o Preto-SP e Regi\u00e3o&quot;","block_context":{"text":"Not\u00edcias de Ribeir\u00e3o Preto-SP e Regi\u00e3o","link":"https:\/\/noticiasribeiraopreto.com.br\/index.php\/category\/noticias-de-ribeirao-preto-sp-e-regiao-ismael-colosi\/"},"img":{"alt_text":"","src":"","width":0,"height":0},"classes":[]},{"id":19699,"url":"https:\/\/noticiasribeiraopreto.com.br\/index.php\/2023\/12\/22\/preco-do-etanol-dispara-nas-distribuidoras\/","url_meta":{"origin":74916,"position":1},"title":"Pre\u00e7o do etanol dispara nas distribuidoras\u00a0","author":"noticiasribeiraopreto.com.br","date":"22 de December de 2023","format":false,"excerpt":"22 de dezembro de 2023 | 16:0022 de dezembro de 2023 | 15:24 0Segundo a Central de Monitoramento do N\u00facleo Postos Ribeir\u00e3o Preto, associa\u00e7\u00e3o independente que re\u00fane 85 revendedores de postos de combust\u00edveis da cidade e regi\u00e3o, nas \u00faltimas 24 horas (contando desde a tarde desta quinta-feira, dia 21), o\u2026","rel":"","context":"In &quot;Not\u00edcias de Ribeir\u00e3o Preto-SP e Regi\u00e3o&quot;","block_context":{"text":"Not\u00edcias de Ribeir\u00e3o Preto-SP e Regi\u00e3o","link":"https:\/\/noticiasribeiraopreto.com.br\/index.php\/category\/noticias-de-ribeirao-preto-sp-e-regiao-ismael-colosi\/"},"img":{"alt_text":"","src":"https:\/\/i0.wp.com\/noticiasribeiraopreto.com.br\/wp-content\/uploads\/2023\/12\/1-etanol-scaled.jpg?fit=967%2C645&ssl=1&resize=350%2C200","width":350,"height":200,"srcset":"https:\/\/i0.wp.com\/noticiasribeiraopreto.com.br\/wp-content\/uploads\/2023\/12\/1-etanol-scaled.jpg?fit=967%2C645&ssl=1&resize=350%2C200 1x, https:\/\/i0.wp.com\/noticiasribeiraopreto.com.br\/wp-content\/uploads\/2023\/12\/1-etanol-scaled.jpg?fit=967%2C645&ssl=1&resize=525%2C300 1.5x, https:\/\/i0.wp.com\/noticiasribeiraopreto.com.br\/wp-content\/uploads\/2023\/12\/1-etanol-scaled.jpg?fit=967%2C645&ssl=1&resize=700%2C400 2x"},"classes":[]},{"id":79772,"url":"https:\/\/noticiasribeiraopreto.com.br\/index.php\/2025\/11\/07\/preco-do-etanol-sobe-em-postos-de-ribeirao-preto-entenda-o-motivo\/","url_meta":{"origin":74916,"position":2},"title":"Pre\u00e7o do etanol sobe em postos de Ribeir\u00e3o Preto; Entenda o motivo","author":"noticiasribeiraopreto.com.br","date":"7 de November de 2025","format":false,"excerpt":"O consumidor paga mais caro pelo litro do etanol nesta sexta-feira (7), em postos de Ribeir\u00e3o Preto. Em alguns estabelecimentos, o aumento chega a R$ 0,20 por litro do combust\u00edvel. A Associa\u00e7\u00e3o N\u00facleo Postos Ribeir\u00e3o Preto disse, em um comunicado divulgado nesta quinta-feira (6), que havia uma tend\u00eancia de aumento\u2026","rel":"","context":"In &quot;Not\u00edcias de Ribeir\u00e3o Preto-SP e Regi\u00e3o&quot;","block_context":{"text":"Not\u00edcias de Ribeir\u00e3o Preto-SP e Regi\u00e3o","link":"https:\/\/noticiasribeiraopreto.com.br\/index.php\/category\/noticias-de-ribeirao-preto-sp-e-regiao-ismael-colosi\/"},"img":{"alt_text":"","src":"https:\/\/i0.wp.com\/noticiasribeiraopreto.com.br\/wp-content\/uploads\/2025\/11\/WhatsApp-Image-2025-11-07-at-08.14.12_2025-11-07_11-14-38.webp.webp?fit=855%2C500&ssl=1&resize=350%2C200","width":350,"height":200,"srcset":"https:\/\/i0.wp.com\/noticiasribeiraopreto.com.br\/wp-content\/uploads\/2025\/11\/WhatsApp-Image-2025-11-07-at-08.14.12_2025-11-07_11-14-38.webp.webp?fit=855%2C500&ssl=1&resize=350%2C200 1x, https:\/\/i0.wp.com\/noticiasribeiraopreto.com.br\/wp-content\/uploads\/2025\/11\/WhatsApp-Image-2025-11-07-at-08.14.12_2025-11-07_11-14-38.webp.webp?fit=855%2C500&ssl=1&resize=525%2C300 1.5x, https:\/\/i0.wp.com\/noticiasribeiraopreto.com.br\/wp-content\/uploads\/2025\/11\/WhatsApp-Image-2025-11-07-at-08.14.12_2025-11-07_11-14-38.webp.webp?fit=855%2C500&ssl=1&resize=700%2C400 2x"},"classes":[]},{"id":79790,"url":"https:\/\/noticiasribeiraopreto.com.br\/index.php\/2025\/11\/07\/preco-do-etanol-deve-avancar-5\/","url_meta":{"origin":74916,"position":3},"title":"Pre\u00e7o do etanol deve avan\u00e7ar 5%","author":"noticiasribeiraopreto.com.br","date":"7 de November de 2025","format":false,"excerpt":"No \u00faltimo m\u00eas, o pre\u00e7o praticado pelas distribuidoras para os postos revendedores acumulou alta de mais de 5%; gasolina tamb\u00e9m deve sofrer impacto \u2028\u2028A Associa\u00e7\u00e3o N\u00facleo Postos Ribeir\u00e3o Preto, que re\u00fane 100 revendedores da cidade e regi\u00e3o, alerta para tend\u00eancia de aumento no pre\u00e7o do etanol nos pr\u00f3ximos dias. Desde\u2026","rel":"","context":"In &quot;Not\u00edcias de Ribeir\u00e3o Preto-SP e Regi\u00e3o&quot;","block_context":{"text":"Not\u00edcias de Ribeir\u00e3o Preto-SP e Regi\u00e3o","link":"https:\/\/noticiasribeiraopreto.com.br\/index.php\/category\/noticias-de-ribeirao-preto-sp-e-regiao-ismael-colosi\/"},"img":{"alt_text":"","src":"https:\/\/i0.wp.com\/noticiasribeiraopreto.com.br\/wp-content\/uploads\/2025\/11\/EtanolRP-Marcelo-Camargo-Ag.Br_.jpg?fit=1170%2C700&ssl=1&resize=350%2C200","width":350,"height":200,"srcset":"https:\/\/i0.wp.com\/noticiasribeiraopreto.com.br\/wp-content\/uploads\/2025\/11\/EtanolRP-Marcelo-Camargo-Ag.Br_.jpg?fit=1170%2C700&ssl=1&resize=350%2C200 1x, https:\/\/i0.wp.com\/noticiasribeiraopreto.com.br\/wp-content\/uploads\/2025\/11\/EtanolRP-Marcelo-Camargo-Ag.Br_.jpg?fit=1170%2C700&ssl=1&resize=525%2C300 1.5x, https:\/\/i0.wp.com\/noticiasribeiraopreto.com.br\/wp-content\/uploads\/2025\/11\/EtanolRP-Marcelo-Camargo-Ag.Br_.jpg?fit=1170%2C700&ssl=1&resize=700%2C400 2x, https:\/\/i0.wp.com\/noticiasribeiraopreto.com.br\/wp-content\/uploads\/2025\/11\/EtanolRP-Marcelo-Camargo-Ag.Br_.jpg?fit=1170%2C700&ssl=1&resize=1050%2C600 3x"},"classes":[]},{"id":81572,"url":"https:\/\/noticiasribeiraopreto.com.br\/index.php\/2026\/01\/10\/preco-medio-do-etanol-dispara-25-centavos-nos-ultimos-40-dias\/","url_meta":{"origin":74916,"position":4},"title":"Pre\u00e7o m\u00e9dio do etanol dispara 25 centavos nos \u00faltimos 40 dias","author":"noticiasribeiraopreto.com.br","date":"10 de January de 2026","format":false,"excerpt":"\r \r \r 10 de janeiro de 2026 08:059 de janeiro de 2026 23:39 \r Compartilhar0 A Central de Monitoramento da Associa\u00e7\u00e3o N\u00facleo Postos Ribeir\u00e3o Preto, que re\u00fane 100 revendedores da cidade e regi\u00e3o, detectou nova disparada do pre\u00e7o do litro de etanol que j\u00e1 acumula alta m\u00e9dia de R$\u2026","rel":"","context":"In &quot;Not\u00edcias de Ribeir\u00e3o Preto-SP e Regi\u00e3o&quot;","block_context":{"text":"Not\u00edcias de Ribeir\u00e3o Preto-SP e Regi\u00e3o","link":"https:\/\/noticiasribeiraopreto.com.br\/index.php\/category\/noticias-de-ribeirao-preto-sp-e-regiao-ismael-colosi\/"},"img":{"alt_text":"","src":"https:\/\/i0.wp.com\/noticiasribeiraopreto.com.br\/wp-content\/uploads\/2026\/01\/1-etanol-scaled.jpeg?fit=1170%2C780&ssl=1&resize=350%2C200","width":350,"height":200,"srcset":"https:\/\/i0.wp.com\/noticiasribeiraopreto.com.br\/wp-content\/uploads\/2026\/01\/1-etanol-scaled.jpeg?fit=1170%2C780&ssl=1&resize=350%2C200 1x, https:\/\/i0.wp.com\/noticiasribeiraopreto.com.br\/wp-content\/uploads\/2026\/01\/1-etanol-scaled.jpeg?fit=1170%2C780&ssl=1&resize=525%2C300 1.5x, https:\/\/i0.wp.com\/noticiasribeiraopreto.com.br\/wp-content\/uploads\/2026\/01\/1-etanol-scaled.jpeg?fit=1170%2C780&ssl=1&resize=700%2C400 2x, https:\/\/i0.wp.com\/noticiasribeiraopreto.com.br\/wp-content\/uploads\/2026\/01\/1-etanol-scaled.jpeg?fit=1170%2C780&ssl=1&resize=1050%2C600 3x"},"classes":[]},{"id":71100,"url":"https:\/\/noticiasribeiraopreto.com.br\/index.php\/2025\/06\/02\/petrobras-reduz-preco-da-gasolina-veja-impacto-nos-postos-de-ribeirao\/","url_meta":{"origin":74916,"position":5},"title":"Petrobras reduz pre\u00e7o da gasolina; veja impacto nos postos de Ribeir\u00e3o","author":"noticiasribeiraopreto.com.br","date":"2 de June de 2025","format":false,"excerpt":"Os pre\u00e7os da gasolina ficar\u00e3o mais baratos a partir desta ter\u00e7a-feira (3). Isso porque, a Petrobras reduzir\u00e1 os pre\u00e7os de venda de gasolina para as distribuidoras em 5,6%. Com isso, o pre\u00e7o m\u00e9dio de venda do combust\u00edvel para as distribuidoras passar\u00e1 a ser, em m\u00e9dia, de R$ 2,85 por litro,\u2026","rel":"","context":"In &quot;Not\u00edcias de Ribeir\u00e3o Preto-SP e Regi\u00e3o&quot;","block_context":{"text":"Not\u00edcias de Ribeir\u00e3o Preto-SP e Regi\u00e3o","link":"https:\/\/noticiasribeiraopreto.com.br\/index.php\/category\/noticias-de-ribeirao-preto-sp-e-regiao-ismael-colosi\/"},"img":{"alt_text":"","src":"https:\/\/i0.wp.com\/noticiasribeiraopreto.com.br\/wp-content\/uploads\/2025\/01\/AnyConv.com__gasolina-1_2024-07-08_16-38-14.webp.webp?fit=1170%2C700&ssl=1&resize=350%2C200","width":350,"height":200,"srcset":"https:\/\/i0.wp.com\/noticiasribeiraopreto.com.br\/wp-content\/uploads\/2025\/01\/AnyConv.com__gasolina-1_2024-07-08_16-38-14.webp.webp?fit=1170%2C700&ssl=1&resize=350%2C200 1x, https:\/\/i0.wp.com\/noticiasribeiraopreto.com.br\/wp-content\/uploads\/2025\/01\/AnyConv.com__gasolina-1_2024-07-08_16-38-14.webp.webp?fit=1170%2C700&ssl=1&resize=525%2C300 1.5x, https:\/\/i0.wp.com\/noticiasribeiraopreto.com.br\/wp-content\/uploads\/2025\/01\/AnyConv.com__gasolina-1_2024-07-08_16-38-14.webp.webp?fit=1170%2C700&ssl=1&resize=700%2C400 2x, https:\/\/i0.wp.com\/noticiasribeiraopreto.com.br\/wp-content\/uploads\/2025\/01\/AnyConv.com__gasolina-1_2024-07-08_16-38-14.webp.webp?fit=1170%2C700&ssl=1&resize=1050%2C600 3x"},"classes":[]}],"jetpack_sharing_enabled":true,"jetpack_shortlink":"https:\/\/wp.me\/peQAOb-juk","_links":{"self":[{"href":"https:\/\/noticiasribeiraopreto.com.br\/index.php\/wp-json\/wp\/v2\/posts\/74916","targetHints":{"allow":["GET"]}}],"collection":[{"href":"https:\/\/noticiasribeiraopreto.com.br\/index.php\/wp-json\/wp\/v2\/posts"}],"about":[{"href":"https:\/\/noticiasribeiraopreto.com.br\/index.php\/wp-json\/wp\/v2\/types\/post"}],"author":[{"embeddable":true,"href":"https:\/\/noticiasribeiraopreto.com.br\/index.php\/wp-json\/wp\/v2\/users\/1"}],"replies":[{"embeddable":true,"href":"https:\/\/noticiasribeiraopreto.com.br\/index.php\/wp-json\/wp\/v2\/comments?post=74916"}],"version-history":[{"count":0,"href":"https:\/\/noticiasribeiraopreto.com.br\/index.php\/wp-json\/wp\/v2\/posts\/74916\/revisions"}],"wp:featuredmedia":[{"embeddable":true,"href":"https:\/\/noticiasribeiraopreto.com.br\/index.php\/wp-json\/wp\/v2\/media\/74917"}],"wp:attachment":[{"href":"https:\/\/noticiasribeiraopreto.com.br\/index.php\/wp-json\/wp\/v2\/media?parent=74916"}],"wp:term":[{"taxonomy":"category","embeddable":true,"href":"https:\/\/noticiasribeiraopreto.com.br\/index.php\/wp-json\/wp\/v2\/categories?post=74916"},{"taxonomy":"post_tag","embeddable":true,"href":"https:\/\/noticiasribeiraopreto.com.br\/index.php\/wp-json\/wp\/v2\/tags?post=74916"}],"curies":[{"name":"wp","href":"https:\/\/api.w.org\/{rel}","templated":true}]}}