{"id":74918,"date":"2025-07-31T10:58:34","date_gmt":"2025-07-31T13:58:34","guid":{"rendered":"https:\/\/noticiasribeiraopreto.com.br\/index.php\/2025\/07\/31\/sp-abre-5-mil-vagas-para-professor\/"},"modified":"2025-07-31T10:58:34","modified_gmt":"2025-07-31T13:58:34","slug":"sp-abre-5-mil-vagas-para-professor","status":"publish","type":"post","link":"https:\/\/noticiasribeiraopreto.com.br\/index.php\/2025\/07\/31\/sp-abre-5-mil-vagas-para-professor\/","title":{"rendered":"SP abre 5 mil vagas para professor"},"content":{"rendered":"<div class='code-block code-block-1' style='margin: 8px 0 8px auto; text-align: right; display: block; clear: both;'>\n<p><a href=\"https:\/\/wa.link\/vpicfd\"><img data-recalc-dims=\"1\" class=\"wp-image-4922\" style=\"aspect-ratio: 2.0253164556962027; width: 561px; height: auto;\" src=\"https:\/\/i0.wp.com\/ismaelcolosi.com.br\/wp-content\/uploads\/2023\/11\/grupo-de-empregos-whatsapp-e-facebook-ismael-colosi-vagas.jpg?ssl=1\" alt=\"\" \/><\/a><\/p>\n<!-- \/wp:image -->\n<\/div>\n<p> <br \/>\n<\/p>\n<div>\n<p>O per\u00edodo de inscri\u00e7\u00f5es do processo seletivo simplificado para cadastro de cerca de cinco mil vagas para professores dos cursos do itiner\u00e1rio de forma\u00e7\u00e3o t\u00e9cnica e profissional do ensino m\u00e9dio para 2026 est\u00e1 aberto at\u00e9 o dia 11 de agosto. A inscri\u00e7\u00e3o acontece exclusivamente pelo site da Funda\u00e7\u00e3o Get\u00falio Vargas (FGV): https:\/\/conhecimento.fgv.br\/concursos\/seducsp25.<\/p>\n<p>A taxa de inscri\u00e7\u00e3o custa R$ 49. Candidatos pretos, pardos, ind\u00edgenas e pessoas com defici\u00eancia ter\u00e3o acesso a a\u00e7\u00f5es afirmativas espec\u00edficas previstas em edital. Estrangeiros com resid\u00eancia legal no pa\u00eds e que atendam aos crit\u00e9rios de naturaliza\u00e7\u00e3o tamb\u00e9m podem se inscrever.<\/p>\n<p>H\u00e1 oportunidades nas 91 diretorias regionais de ensino da Secretaria da Educa\u00e7\u00e3o do Estado de S\u00e3o Paulo (Seduc-SP), entre elas a de Ribeir\u00e3o Preto S\u00e3o 83 escolas da rede estadual na cidade com cerca de 55 mil alunos dos ensinos fundamental e m\u00e9dio. Na \u00e1rea de abrang\u00eancia s\u00e3o 102 unidades e mais de 63 mil alunos matriculados.<\/p>\n<p>A Diretoria Regional de Ensino de Ribeir\u00e3o Preto \u00e9 composta por mais 13 munic\u00edpios: Altin\u00f3polis, Batatais, Brodowski, Cajuru, C\u00e1ssia dos Coqueiros, Cravinhos, Lu\u00eds Ant\u00f4nio, Santa Cruz da Esperan\u00e7a, Santa Rosa de Viterbo, Santo Ant\u00f4nio da Alegria, S\u00e3o Sim\u00e3o, Serra Azul e Serrana.<\/p>\n<p>Podem participar profissionais com forma\u00e7\u00e3o em cursos de licenciatura, bacharelado ou tecn\u00f3logos, al\u00e9m de especialistas com not\u00f3rio saber e t\u00e9cnicos com experi\u00eancia comprovada, conforme crit\u00e9rios estabelecidos na Delibera\u00e7\u00e3o CEE n\u00ba 207\/2022.<\/p>\n<p>A remunera\u00e7\u00e3o \u00e9 de R$ 5.565 para carga de 40 horas semanais, com possibilidade de jornada proporcional. A contrata\u00e7\u00e3o \u00e9 por tempo determinado. O edital completo est\u00e1 publicado no Di\u00e1rio Oficial do Estado. O processo seletivo abrange seis eixos tecnol\u00f3gicos com vagas para os cursos t\u00e9cnicos que ser\u00e3o ofertados na rede estadual em 2026.<\/p>\n<p>As \u00e1reas contempladas s\u00e3o: gest\u00e3o e neg\u00f3cios (administra\u00e7\u00e3o, log\u00edstica e vendas), sa\u00fade (enfermagem e farm\u00e1cia), tecnologia da informa\u00e7\u00e3o (ci\u00eancia de dados e desenvolvimento de sistemas e rob\u00f3tica), recursos naturais (agroneg\u00f3cio), turismo, hospitalidade e lazer (hospedagem) e controle e processos industriais (eletr\u00f4nica) e demais componentes curriculares de natureza\u00a0 t\u00e9cnica que comp\u00f5em os demais itiner\u00e1rios ofertados pela Seduc-SP.<\/p>\n<p>Cada uma das 91 diretorias de ensino oferece um conjunto espec\u00edfico de eixos, de acordo com a demanda e pesquisa de interesse dos estudantes. A lista completa com os cursos por diretoria est\u00e1 dispon\u00edvel no anexo VI do edital. O processo seletivo simplificado \u00e9 organizado em quatro etapas.<\/p>\n<p>Haver\u00e1 prova objetiva (30 quest\u00f5es\u2013 dez de conhecimentos pedag\u00f3gicos e 20 espec\u00edficos do eixo escolhido), discursiva (umaquest\u00e3o, com valor de at\u00e9 20 pontos, sobre conte\u00fados gerais e espec\u00edficos da \u00e1rea escolhida) e uma pr\u00e1tica (v\u00eddeo de cinco a sete7 minutos simulando uma aula, com temas definidos pela Seduc-SP)<\/p>\n<p><strong>Avalia\u00e7\u00e3o de t\u00edtulos \u2013 <\/strong>A prova discursiva, de car\u00e1ter eliminat\u00f3rio, vai avaliar a capacidade do candidato em interpretar, argumentar e redigir textos na norma culta da l\u00edngua portuguesa, com base em temas ligados ao perfil do professor de educa\u00e7\u00e3o profissional, pr\u00e1ticas pedag\u00f3gicas e conhecimentos t\u00e9cnicos espec\u00edficos de cada eixo.<\/p>\n<p>As provas objetiva e discursiva ser\u00e3o aplicadas no dia 28 de setembro nos 77 munic\u00edpios-sede das diretorias de ensino. Os candidatos t\u00eam entre 18 de agosto e 15 de setembro para enviar \u00e0 banca os v\u00eddeos da prova pr\u00e1tica. Os profissionais devem escolher, no momento da inscri\u00e7\u00e3o, at\u00e9 duas diretorias de ensino para fins de contrata\u00e7\u00e3o, al\u00e9m de um ou dois eixos de prova \u2013 desde que os hor\u00e1rios n\u00e3o coincidam.<\/p>\n<p>\u00a0<\/p>\n<\/div>\n<p><br \/>\n<br \/><a href=\"https:\/\/www.tribunaribeirao.com.br\/sp-abre-5-mil-vagas-para-professor\/\">Source link <\/a><\/p>\n<!-- CONTENT END 1 -->\n","protected":false},"excerpt":{"rendered":"<p>O per\u00edodo de inscri\u00e7\u00f5es do processo seletivo simplificado para cadastro de cerca de cinco mil vagas para professores dos cursos do itiner\u00e1rio de forma\u00e7\u00e3o t\u00e9cnica&#8230;<\/p>\n","protected":false},"author":1,"featured_media":74919,"comment_status":"open","ping_status":"open","sticky":false,"template":"","format":"standard","meta":{"advanced_seo_description":"","jetpack_seo_html_title":"","jetpack_seo_noindex":false,"jetpack_post_was_ever_published":false,"_jetpack_newsletter_access":"","_jetpack_dont_email_post_to_subs":false,"_jetpack_newsletter_tier_id":0,"_jetpack_memberships_contains_paywalled_content":false,"_jetpack_memberships_contains_paid_content":false,"footnotes":"","jetpack_publicize_message":"","jetpack_publicize_feature_enabled":true,"jetpack_social_post_already_shared":true,"jetpack_social_options":{"image_generator_settings":{"template":"highway","default_image_id":0,"font":"","enabled":false},"version":2}},"categories":[11],"tags":[],"class_list":["post-74918","post","type-post","status-publish","format-standard","has-post-thumbnail","hentry","category-noticias-de-ribeirao-preto-sp-e-regiao-ismael-colosi"],"jetpack_publicize_connections":[],"jetpack_featured_media_url":"https:\/\/i0.wp.com\/noticiasribeiraopreto.com.br\/wp-content\/uploads\/2025\/07\/EducaSP-Governo-de-Sao-Paulo.jpg?fit=700%2C480&ssl=1","jetpack-related-posts":[{"id":55371,"url":"https:\/\/noticiasribeiraopreto.com.br\/index.php\/2024\/08\/01\/ribeirao-preto-tem-mais-de-100-vagas-para-processo-seletivo-com-salario-de-ate-r-53-mil\/","url_meta":{"origin":74918,"position":0},"title":"Ribeir\u00e3o Preto tem mais de 100 vagas para processo seletivo com sal\u00e1rio de at\u00e9 R$ 5,3 mil","author":"noticiasribeiraopreto.com.br","date":"1 de August de 2024","format":false,"excerpt":"Um processo seletivo da Secretaria de Estado da Educa\u00e7\u00e3o, com 130 vagas para Ribeir\u00e3o Preto e sal\u00e1rios de R$ 5,3 mil para 40h semanais e R$ 3.312,50 para 25h semanais, est\u00e1 com inscri\u00e7\u00f5es abertas at\u00e9 a pr\u00f3xima segunda-feira (5). Ao todo, no Estado de S\u00e3o Paulo, s\u00e3o 3 mil oportunidades\u2026","rel":"","context":"In &quot;Not\u00edcias de Ribeir\u00e3o Preto-SP e Regi\u00e3o&quot;","block_context":{"text":"Not\u00edcias de Ribeir\u00e3o Preto-SP e Regi\u00e3o","link":"https:\/\/noticiasribeiraopreto.com.br\/index.php\/category\/noticias-de-ribeirao-preto-sp-e-regiao-ismael-colosi\/"},"img":{"alt_text":"","src":"https:\/\/i0.wp.com\/noticiasribeiraopreto.com.br\/wp-content\/uploads\/2024\/08\/Copia-de-Copia-de-TAMANHO-EXATO-PARA-FOTOS-NO-SISTEMA-NOVO-30_2024-07-25_19-13-25_jpg_2024-07-25_19-13-25.webp.webp?fit=1200%2C675&ssl=1&resize=350%2C200","width":350,"height":200,"srcset":"https:\/\/i0.wp.com\/noticiasribeiraopreto.com.br\/wp-content\/uploads\/2024\/08\/Copia-de-Copia-de-TAMANHO-EXATO-PARA-FOTOS-NO-SISTEMA-NOVO-30_2024-07-25_19-13-25_jpg_2024-07-25_19-13-25.webp.webp?fit=1200%2C675&ssl=1&resize=350%2C200 1x, https:\/\/i0.wp.com\/noticiasribeiraopreto.com.br\/wp-content\/uploads\/2024\/08\/Copia-de-Copia-de-TAMANHO-EXATO-PARA-FOTOS-NO-SISTEMA-NOVO-30_2024-07-25_19-13-25_jpg_2024-07-25_19-13-25.webp.webp?fit=1200%2C675&ssl=1&resize=525%2C300 1.5x, https:\/\/i0.wp.com\/noticiasribeiraopreto.com.br\/wp-content\/uploads\/2024\/08\/Copia-de-Copia-de-TAMANHO-EXATO-PARA-FOTOS-NO-SISTEMA-NOVO-30_2024-07-25_19-13-25_jpg_2024-07-25_19-13-25.webp.webp?fit=1200%2C675&ssl=1&resize=700%2C400 2x, https:\/\/i0.wp.com\/noticiasribeiraopreto.com.br\/wp-content\/uploads\/2024\/08\/Copia-de-Copia-de-TAMANHO-EXATO-PARA-FOTOS-NO-SISTEMA-NOVO-30_2024-07-25_19-13-25_jpg_2024-07-25_19-13-25.webp.webp?fit=1200%2C675&ssl=1&resize=1050%2C600 3x"},"classes":[]},{"id":41334,"url":"https:\/\/noticiasribeiraopreto.com.br\/index.php\/2024\/03\/07\/veja-como-concorrer-as-14-mil-vagas-para-agentes-da-rede-estadual-de-ensino-de-sp\/","url_meta":{"origin":74918,"position":1},"title":"Veja como concorrer as 14 mil vagas para agentes da rede estadual de ensino de SP","author":"noticiasribeiraopreto.com.br","date":"7 de March de 2024","format":false,"excerpt":"A Secretaria da Educa\u00e7\u00e3o do Estado de S\u00e3o Paulo est\u00e1 com 14.159 vagas para agente de organiza\u00e7\u00e3o escolar. As oportunidades s\u00e3o para as 91 Diretorias Regionais de Ensino, sendo que para as regionais de Ribeir\u00e3o Preto, Sert\u00e3ozinho e Jaboticabal s\u00e3o 282 vagas (veja abaixo). O sal\u00e1rio inicial para o cargo\u2026","rel":"","context":"In &quot;Not\u00edcias de Ribeir\u00e3o Preto-SP e Regi\u00e3o&quot;","block_context":{"text":"Not\u00edcias de Ribeir\u00e3o Preto-SP e Regi\u00e3o","link":"https:\/\/noticiasribeiraopreto.com.br\/index.php\/category\/noticias-de-ribeirao-preto-sp-e-regiao-ismael-colosi\/"},"img":{"alt_text":"","src":"https:\/\/i0.wp.com\/noticiasribeiraopreto.com.br\/wp-content\/uploads\/2024\/03\/Capturar-3.jpg?fit=874%2C525&ssl=1&resize=350%2C200","width":350,"height":200,"srcset":"https:\/\/i0.wp.com\/noticiasribeiraopreto.com.br\/wp-content\/uploads\/2024\/03\/Capturar-3.jpg?fit=874%2C525&ssl=1&resize=350%2C200 1x, https:\/\/i0.wp.com\/noticiasribeiraopreto.com.br\/wp-content\/uploads\/2024\/03\/Capturar-3.jpg?fit=874%2C525&ssl=1&resize=525%2C300 1.5x, https:\/\/i0.wp.com\/noticiasribeiraopreto.com.br\/wp-content\/uploads\/2024\/03\/Capturar-3.jpg?fit=874%2C525&ssl=1&resize=700%2C400 2x"},"classes":[]},{"id":6397,"url":"https:\/\/noticiasribeiraopreto.com.br\/index.php\/2023\/11\/25\/confira-lista-com-cinco-concursos-publicos-com-salarios-de-ate-13-mil\/","url_meta":{"origin":74918,"position":2},"title":"Confira lista com cinco concursos p\u00fablicos com sal\u00e1rios de at\u00e9 13 mil\u00a0","author":"noticiasribeiraopreto.com.br","date":"25 de November de 2023","format":false,"excerpt":"Para quem est\u00e1 em busca de oportunidades, o acidadeon Ribeir\u00e3o Preto preparou uma lista com cinco\u00a0concursos que est\u00e3o com inscri\u00e7\u00f5es abertas para. H\u00e1 op\u00e7\u00f5es com sal\u00e1rios que variam entre R$ 1,9 mil a R$ 13,9 mil.\u00a0\u00a0 Confira mais informa\u00e7\u00f5es sobre as vagas abaixo: PREFEITURA MUNICIPAL DE RIBEIR\u00c3O PRETO\u00a0 A Prefeitura\u2026","rel":"","context":"In &quot;Not\u00edcias de Ribeir\u00e3o Preto-SP e Regi\u00e3o&quot;","block_context":{"text":"Not\u00edcias de Ribeir\u00e3o Preto-SP e Regi\u00e3o","link":"https:\/\/noticiasribeiraopreto.com.br\/index.php\/category\/noticias-de-ribeirao-preto-sp-e-regiao-ismael-colosi\/"},"img":{"alt_text":"","src":"https:\/\/i0.wp.com\/noticiasribeiraopreto.com.br\/wp-content\/uploads\/2023\/11\/mao-com-a-pena-sobre-o-formulario-de-candidatura-scaled.jpg?fit=1200%2C801&ssl=1&resize=350%2C200","width":350,"height":200,"srcset":"https:\/\/i0.wp.com\/noticiasribeiraopreto.com.br\/wp-content\/uploads\/2023\/11\/mao-com-a-pena-sobre-o-formulario-de-candidatura-scaled.jpg?fit=1200%2C801&ssl=1&resize=350%2C200 1x, https:\/\/i0.wp.com\/noticiasribeiraopreto.com.br\/wp-content\/uploads\/2023\/11\/mao-com-a-pena-sobre-o-formulario-de-candidatura-scaled.jpg?fit=1200%2C801&ssl=1&resize=525%2C300 1.5x, https:\/\/i0.wp.com\/noticiasribeiraopreto.com.br\/wp-content\/uploads\/2023\/11\/mao-com-a-pena-sobre-o-formulario-de-candidatura-scaled.jpg?fit=1200%2C801&ssl=1&resize=700%2C400 2x, https:\/\/i0.wp.com\/noticiasribeiraopreto.com.br\/wp-content\/uploads\/2023\/11\/mao-com-a-pena-sobre-o-formulario-de-candidatura-scaled.jpg?fit=1200%2C801&ssl=1&resize=1050%2C600 3x"},"classes":[]},{"id":37070,"url":"https:\/\/noticiasribeiraopreto.com.br\/index.php\/2024\/02\/14\/prefeitura-no-interior-de-sp-tem-concurso-publico-com-53-vagas-e-salarios-de-r-3-mil\/","url_meta":{"origin":74918,"position":3},"title":"Prefeitura no interior de SP tem concurso p\u00fablico com 53 vagas e sal\u00e1rios de R$ 3 mil","author":"noticiasribeiraopreto.com.br","date":"14 de February de 2024","format":false,"excerpt":"A Prefeitura de Terra Roxa, no interior de S\u00e3o Paulo, tem concurso p\u00fablico com 53 vagas e sal\u00e1rios de at\u00e9 R$ 3,2 mil. As oportunidades s\u00e3o de n\u00edvel fundamental, m\u00e9dio e superior. As inscri\u00e7\u00f5es devem ser realizadas at\u00e9 o dia 25 de fevereiro pela internet (clique aqui). O valor da\u2026","rel":"","context":"In &quot;Not\u00edcias de Ribeir\u00e3o Preto-SP e Regi\u00e3o&quot;","block_context":{"text":"Not\u00edcias de Ribeir\u00e3o Preto-SP e Regi\u00e3o","link":"https:\/\/noticiasribeiraopreto.com.br\/index.php\/category\/noticias-de-ribeirao-preto-sp-e-regiao-ismael-colosi\/"},"img":{"alt_text":"","src":"https:\/\/i0.wp.com\/noticiasribeiraopreto.com.br\/wp-content\/uploads\/2024\/02\/1707915946_concurso-publico-13.jpg?fit=1200%2C801&ssl=1&resize=350%2C200","width":350,"height":200,"srcset":"https:\/\/i0.wp.com\/noticiasribeiraopreto.com.br\/wp-content\/uploads\/2024\/02\/1707915946_concurso-publico-13.jpg?fit=1200%2C801&ssl=1&resize=350%2C200 1x, https:\/\/i0.wp.com\/noticiasribeiraopreto.com.br\/wp-content\/uploads\/2024\/02\/1707915946_concurso-publico-13.jpg?fit=1200%2C801&ssl=1&resize=525%2C300 1.5x, https:\/\/i0.wp.com\/noticiasribeiraopreto.com.br\/wp-content\/uploads\/2024\/02\/1707915946_concurso-publico-13.jpg?fit=1200%2C801&ssl=1&resize=700%2C400 2x, https:\/\/i0.wp.com\/noticiasribeiraopreto.com.br\/wp-content\/uploads\/2024\/02\/1707915946_concurso-publico-13.jpg?fit=1200%2C801&ssl=1&resize=1050%2C600 3x"},"classes":[]},{"id":41627,"url":"https:\/\/noticiasribeiraopreto.com.br\/index.php\/2024\/03\/09\/veja-5-concursos-publicos-com-vagas-em-ribeirao-e-outras-cidades-do-interior-de-sp\/","url_meta":{"origin":74918,"position":4},"title":"Veja 5 concursos p\u00fablicos com vagas em Ribeir\u00e3o e outras cidades do interior de SP","author":"noticiasribeiraopreto.com.br","date":"9 de March de 2024","format":false,"excerpt":"Cinco concursos p\u00fablicos oferecem vagas em Ribeir\u00e3o Preto e outras cidades do interior de S\u00e3o Paulo. H\u00e1 oportunidades com sal\u00e1rios de at\u00e9 R$ 14 mil. Confira a lista: 1 \u2013 Universidade de S\u00e3o Paulo O concurso p\u00fablico\u00a0da\u00a0USP (Universidade de S\u00e3o Paulo)\u00a0com 49 vagas de n\u00edvel superior\u00a0inicia as inscri\u00e7\u00f5es a partir\u2026","rel":"","context":"In &quot;Not\u00edcias de Ribeir\u00e3o Preto-SP e Regi\u00e3o&quot;","block_context":{"text":"Not\u00edcias de Ribeir\u00e3o Preto-SP e Regi\u00e3o","link":"https:\/\/noticiasribeiraopreto.com.br\/index.php\/category\/noticias-de-ribeirao-preto-sp-e-regiao-ismael-colosi\/"},"img":{"alt_text":"","src":"https:\/\/i0.wp.com\/noticiasribeiraopreto.com.br\/wp-content\/uploads\/2024\/03\/concurso-publico-11.jpg?fit=1200%2C801&ssl=1&resize=350%2C200","width":350,"height":200,"srcset":"https:\/\/i0.wp.com\/noticiasribeiraopreto.com.br\/wp-content\/uploads\/2024\/03\/concurso-publico-11.jpg?fit=1200%2C801&ssl=1&resize=350%2C200 1x, https:\/\/i0.wp.com\/noticiasribeiraopreto.com.br\/wp-content\/uploads\/2024\/03\/concurso-publico-11.jpg?fit=1200%2C801&ssl=1&resize=525%2C300 1.5x, https:\/\/i0.wp.com\/noticiasribeiraopreto.com.br\/wp-content\/uploads\/2024\/03\/concurso-publico-11.jpg?fit=1200%2C801&ssl=1&resize=700%2C400 2x, https:\/\/i0.wp.com\/noticiasribeiraopreto.com.br\/wp-content\/uploads\/2024\/03\/concurso-publico-11.jpg?fit=1200%2C801&ssl=1&resize=1050%2C600 3x"},"classes":[]},{"id":1105,"url":"https:\/\/noticiasribeiraopreto.com.br\/index.php\/2023\/11\/10\/veja-cinco-concursos-publicos-no-interior-de-sp-com-salarios-de-ate-r-21-mil\/","url_meta":{"origin":74918,"position":5},"title":"Veja cinco concursos p\u00fablicos no interior de SP com sal\u00e1rios de at\u00e9 R$ 21 mil","author":"noticiasribeiraopreto.com.br","date":"10 de November de 2023","format":false,"excerpt":"Nesta semana, diversos concursos p\u00fablicos foram abertos no interior de S\u00e3o Paulo. O acidade on Ribeir\u00e3o separou cinco concursos com vagas de n\u00edvel fundamental, m\u00e9dio, t\u00e9cnico e superior e sal\u00e1rios de at\u00e9 R$ 21 mil. Veja os concursos p\u00fablicos: Prefeitura de Ribeir\u00e3o Preto A Prefeitura de Ribeir\u00e3o Preto publicou edital\u2026","rel":"","context":"In &quot;Not\u00edcias de Ribeir\u00e3o Preto-SP e Regi\u00e3o&quot;","block_context":{"text":"Not\u00edcias de Ribeir\u00e3o Preto-SP e Regi\u00e3o","link":"https:\/\/noticiasribeiraopreto.com.br\/index.php\/category\/noticias-de-ribeirao-preto-sp-e-regiao-ismael-colosi\/"},"img":{"alt_text":"","src":"https:\/\/i0.wp.com\/noticiasribeiraopreto.com.br\/wp-content\/uploads\/2023\/11\/concurso-publico-9.jpg?fit=1200%2C800&ssl=1&resize=350%2C200","width":350,"height":200,"srcset":"https:\/\/i0.wp.com\/noticiasribeiraopreto.com.br\/wp-content\/uploads\/2023\/11\/concurso-publico-9.jpg?fit=1200%2C800&ssl=1&resize=350%2C200 1x, https:\/\/i0.wp.com\/noticiasribeiraopreto.com.br\/wp-content\/uploads\/2023\/11\/concurso-publico-9.jpg?fit=1200%2C800&ssl=1&resize=525%2C300 1.5x, https:\/\/i0.wp.com\/noticiasribeiraopreto.com.br\/wp-content\/uploads\/2023\/11\/concurso-publico-9.jpg?fit=1200%2C800&ssl=1&resize=700%2C400 2x, https:\/\/i0.wp.com\/noticiasribeiraopreto.com.br\/wp-content\/uploads\/2023\/11\/concurso-publico-9.jpg?fit=1200%2C800&ssl=1&resize=1050%2C600 3x"},"classes":[]}],"jetpack_sharing_enabled":true,"jetpack_shortlink":"https:\/\/wp.me\/peQAOb-jum","_links":{"self":[{"href":"https:\/\/noticiasribeiraopreto.com.br\/index.php\/wp-json\/wp\/v2\/posts\/74918","targetHints":{"allow":["GET"]}}],"collection":[{"href":"https:\/\/noticiasribeiraopreto.com.br\/index.php\/wp-json\/wp\/v2\/posts"}],"about":[{"href":"https:\/\/noticiasribeiraopreto.com.br\/index.php\/wp-json\/wp\/v2\/types\/post"}],"author":[{"embeddable":true,"href":"https:\/\/noticiasribeiraopreto.com.br\/index.php\/wp-json\/wp\/v2\/users\/1"}],"replies":[{"embeddable":true,"href":"https:\/\/noticiasribeiraopreto.com.br\/index.php\/wp-json\/wp\/v2\/comments?post=74918"}],"version-history":[{"count":0,"href":"https:\/\/noticiasribeiraopreto.com.br\/index.php\/wp-json\/wp\/v2\/posts\/74918\/revisions"}],"wp:featuredmedia":[{"embeddable":true,"href":"https:\/\/noticiasribeiraopreto.com.br\/index.php\/wp-json\/wp\/v2\/media\/74919"}],"wp:attachment":[{"href":"https:\/\/noticiasribeiraopreto.com.br\/index.php\/wp-json\/wp\/v2\/media?parent=74918"}],"wp:term":[{"taxonomy":"category","embeddable":true,"href":"https:\/\/noticiasribeiraopreto.com.br\/index.php\/wp-json\/wp\/v2\/categories?post=74918"},{"taxonomy":"post_tag","embeddable":true,"href":"https:\/\/noticiasribeiraopreto.com.br\/index.php\/wp-json\/wp\/v2\/tags?post=74918"}],"curies":[{"name":"wp","href":"https:\/\/api.w.org\/{rel}","templated":true}]}}