{"id":74920,"date":"2025-07-31T11:13:38","date_gmt":"2025-07-31T14:13:38","guid":{"rendered":"https:\/\/noticiasribeiraopreto.com.br\/index.php\/2025\/07\/31\/video-pm-impede-execucao-de-tribunal-do-crime\/"},"modified":"2025-07-31T11:13:38","modified_gmt":"2025-07-31T14:13:38","slug":"video-pm-impede-execucao-de-tribunal-do-crime","status":"publish","type":"post","link":"https:\/\/noticiasribeiraopreto.com.br\/index.php\/2025\/07\/31\/video-pm-impede-execucao-de-tribunal-do-crime\/","title":{"rendered":"V\u00cdDEO &#8211; PM impede execu\u00e7\u00e3o de Tribunal do Crime"},"content":{"rendered":"<div class='code-block code-block-1' style='margin: 8px 0 8px auto; text-align: right; display: block; clear: both;'>\n<p><a href=\"https:\/\/wa.link\/vpicfd\"><img data-recalc-dims=\"1\" class=\"wp-image-4922\" style=\"aspect-ratio: 2.0253164556962027; width: 561px; height: auto;\" src=\"https:\/\/i0.wp.com\/ismaelcolosi.com.br\/wp-content\/uploads\/2023\/11\/grupo-de-empregos-whatsapp-e-facebook-ismael-colosi-vagas.jpg?ssl=1\" alt=\"\" \/><\/a><\/p>\n<!-- \/wp:image -->\n<\/div>\n<p> <br \/>\n<\/p>\n<div id=\"\">\n<h2 class=\"penci-post-subtitle\">Homem era \u201cjulgado\u201d por suposto estupro e j\u00e1 havia sido torturado e condenado \u00e0 morte<\/h2>\n<p>\n\t\t\t\t\t\t\t\t\t<span class=\"entry-meta-item penci-posted-on\"><i class=\"fa fa-clock-o\"\/><time class=\"entry-date published\" datetime=\"2025-07-31T11:07:38-03:00\">31 de julho de 2025 11:07<\/time><time class=\"updated\" datetime=\"2025-07-31T11:08:09-03:00\">31 de julho de 2025 11:08<\/time><\/span><span class=\"entry-meta-item penci-post-countview\"><span class=\"entry-meta-item penci-post-countview penci_post-meta_item\"><i class=\"fa fa-eye\"\/><span class=\"penci-post-countview-number penci-post-countview-p433297\">6<\/span><\/span><\/span>\t\t\t\t\t\t\t\t<\/p>\n<p><!-- .entry-meta --><br \/>\n\t\t\t\t\t\t\t\t<span class=\"penci-social-buttons penci-social-share-footer\"><span class=\"penci-social-share-text\">Compartilhar<\/span><a href=\"#\" class=\"penci-post-like penci_post-meta_item  single-like-button penci-social-item like\" data-post_id=\"433297\" title=\"Like\" data-like=\"Like\" data-unlike=\"Unlike\"><i class=\"fa fa-thumbs-o-up\"\/><span class=\"penci-share-number\">1<\/span><\/a><i class=\"fa fa-facebook\"\/><a class=\"penci-social-item twitter\" target=\"_blank\" rel=\"noopener\" title=\"\" href=\"https:\/\/twitter.com\/intent\/tweet?text=V\u00cdDEO%20-%20PM%20impede%20execu\u00e7\u00e3o%20de%20Tribunal%20do%20Crime%20-%20https:\/\/www.tribunaribeirao.com.br\/video-pm-impede-execucao-de-tribunal-do-crime\/\"><i class=\"fa fa-twitter\"\/><\/a><i class=\"fa fa-linkedin\"\/><i class=\"fa fa-whatsapp\"\/><i class=\"fa fa-telegram\"\/><i class=\"fa fa-envelope\"\/><\/span>\t\t\t\t\t\t\t<\/div>\n<div>\n<p>Por: Adalberto Luque<\/p>\n<p>Um homem de 28 anos foi resgatado pela Pol\u00edcia Militar de um \u201cTribunal do Crime\u201d, no final da tarde desta quarta-feira (30). Ele estava sendo julgado por membros de uma fac\u00e7\u00e3o criminosa nos fundos de um bar, localizado na Rua It\u00e1polis, Favela da It\u00e1polis, Jardim Salgado Filho, zona Norte.<\/p>\n<p>De acordo com o Boletim de Ocorr\u00eancia (B.O.), uma viatura da For\u00e7a T\u00e1tica recebeu notifica\u00e7\u00e3o via r\u00e1dio, que um homem estaria sendo julgado por membros de uma fac\u00e7\u00e3o criminosa no interior de um bar, localizado em uma comunidade da zona Norte.<\/p>\n<p>Os policiais seguiram at\u00e9 o local e perceberam que, no local informado, havia um homem que estaria vigiando a entrada de um bar. Assim que ele foi abordado, outros homens come\u00e7aram a fugir do local.<\/p>\n<p>Outras viaturas foram acionadas e foram feitas buscas na regi\u00e3o. Al\u00e9m do vigia do \u201cTribunal do Crime\u201d, outros quatro integrantes foram localizados e detidos pela PM.<\/p>\n<figure id=\"attachment_433298\" aria-describedby=\"caption-attachment-433298\" style=\"width: 822px\" class=\"wp-caption alignnone\"><img data-recalc-dims=\"1\" loading=\"lazy\" decoding=\"async\" class=\"size-full wp-image-433298 lazyload\" src=\"https:\/\/i0.wp.com\/www.tribunaribeirao.com.br\/wp-content\/uploads\/2025\/07\/31-jul-2025-tribunaldocrime.jpg?resize=822%2C723&#038;ssl=1\" alt=\"\" width=\"822\" height=\"723\" srcset=\"https:\/\/www.tribunaribeirao.com.br\/wp-content\/uploads\/2025\/07\/31-jul-2025-tribunaldocrime.jpg 822w, https:\/\/www.tribunaribeirao.com.br\/wp-content\/uploads\/2025\/07\/31-jul-2025-tribunaldocrime-300x264.jpg 300w, https:\/\/www.tribunaribeirao.com.br\/wp-content\/uploads\/2025\/07\/31-jul-2025-tribunaldocrime-768x676.jpg 768w, https:\/\/www.tribunaribeirao.com.br\/wp-content\/uploads\/2025\/07\/31-jul-2025-tribunaldocrime-455x400.jpg 455w, https:\/\/www.tribunaribeirao.com.br\/wp-content\/uploads\/2025\/07\/31-jul-2025-tribunaldocrime-585x515.jpg 585w\" data-sizes=\"(max-width: 822px) 100vw, 822px\" style=\"--smush-placeholder-width: 822px; --smush-placeholder-aspect-ratio: 822\/723;\"\/><figcaption id=\"caption-attachment-433298\" class=\"wp-caption-text\">PM prendeu cinco e apreendeu arma, al\u00e9m de diversos objetos usados em tortura (Foto: PM\/Divulga\u00e7\u00e3o)<\/figcaption><\/figure>\n<p>Dentro do bar, foram encontrados diversos objetos usados na tortura da v\u00edtima. Al\u00e9m de um rev\u00f3lver calibre 38, os policiais militares localizaram fac\u00e3o, martelo, alicate e outros itens.<\/p>\n<p>O homem que havia sido torturado estava no interior do bar, muito machucado. Ele disse aos policiais que havia sido acusado por estupro e foi raptado e levado para o bar, onde estava sendo \u201cjulgado\u201d.<\/p>\n<p>Ele relatou que foi agredido fisicamente por v\u00e1rias horas e que ja havia sido \u201cdecretado\u201d, isto \u00e9, condenado \u00e0 morte pelos integrantes da fac\u00e7\u00e3o. Os homens aguardavam apenas o momento da execu\u00e7\u00e3o.<\/p>\n<p>Uma unidade de resgate foi at\u00e9 o local e a v\u00edtima foi levada para um hospital. O local para onde o homem foi levado e seu estado de sa\u00fade n\u00e3o foram informados.<\/p>\n<p>Os cinco detidos e os objetos apreendidos foram levados para a Central de Pol\u00edcia Judici\u00e1ria (CPJ), no Centro de Ribeir\u00e3o Preto. O delegado Andr\u00e9 Baldochi determinou a pris\u00e3o em flagrante dos cinco suspeitos.<\/p>\n<p>Eles foram indiciados por organiza\u00e7\u00e3o criminosa, sequestro e c\u00e1rcere privado qualificado, tortura, tentativa de homic\u00eddio qualificado e porte ilegal de arma de fogo de uso restrito com numera\u00e7\u00e3o suprimida. Encaminhados para unidades prisionais, ficaram \u00e0 disposi\u00e7\u00e3o da Justi\u00e7a.<\/p>\n<p>\u00a0<\/p>\n<p>___<\/p>\n<p>\u00a0<\/p>\n<p>Jornal Tribuna Ribeir\u00e3o<br \/>Um Jornal com a cara de Ribeir\u00e3o!<\/p>\n<p>Impresso | WEB | Redes sociais<br \/>Tribuna Ribeir\u00e3o \u2013 Fone: (16) 3632-2200 \u2013 Whatsapp: (16) 98161-8743<br \/>Av. Bar\u00e3o do Bananal, 880 \u2013 Jardim Anhanguera, Ribeir\u00e3o Preto<\/p>\n<p>@tribunaribeirao<br \/>@meiaderibeirao<br \/>@dinoderibeirao<br \/>#TribunaRibeir\u00e3o<br \/>#News<br \/>#Not\u00edcia<br \/>#Ribeir\u00e3oPreto #Not\u00edciasDeRibeir\u00e3oPreto<br \/>#ClassificadosTribunaRibeir\u00e3o<br \/>#Jornalismo<br \/>#ClassificadosRibeir\u00e3o<\/p>\n<\/div>\n<p><script async src=\"\/\/platform.twitter.com\/widgets.js\" charset=\"utf-8\"><\/script><br \/>\n<br \/><br \/>\n<br \/><a href=\"https:\/\/www.tribunaribeirao.com.br\/video-pm-impede-execucao-de-tribunal-do-crime\/\">Source link <\/a><\/p>\n<!-- CONTENT END 1 -->\n","protected":false},"excerpt":{"rendered":"<p>Homem era \u201cjulgado\u201d por suposto estupro e j\u00e1 havia sido torturado e condenado \u00e0 morte 31 de julho de 2025 11:0731 de julho de 2025&#8230;<\/p>\n","protected":false},"author":1,"featured_media":74921,"comment_status":"open","ping_status":"open","sticky":false,"template":"","format":"standard","meta":{"advanced_seo_description":"","jetpack_seo_html_title":"","jetpack_seo_noindex":false,"jetpack_post_was_ever_published":false,"_jetpack_newsletter_access":"","_jetpack_dont_email_post_to_subs":false,"_jetpack_newsletter_tier_id":0,"_jetpack_memberships_contains_paywalled_content":false,"_jetpack_memberships_contains_paid_content":false,"footnotes":"","jetpack_publicize_message":"","jetpack_publicize_feature_enabled":true,"jetpack_social_post_already_shared":true,"jetpack_social_options":{"image_generator_settings":{"template":"highway","default_image_id":0,"font":"","enabled":false},"version":2}},"categories":[11],"tags":[],"class_list":["post-74920","post","type-post","status-publish","format-standard","has-post-thumbnail","hentry","category-noticias-de-ribeirao-preto-sp-e-regiao-ismael-colosi"],"jetpack_publicize_connections":[],"jetpack_featured_media_url":"https:\/\/i0.wp.com\/noticiasribeiraopreto.com.br\/wp-content\/uploads\/2025\/07\/31-jul-2025-tribunaldocrime.jpg?fit=822%2C723&ssl=1","jetpack-related-posts":[{"id":69608,"url":"https:\/\/noticiasribeiraopreto.com.br\/index.php\/2025\/05\/07\/xico-sa-e-luciana-mello-participam-de-feira-do-livro-na-regiao-de-ribeirao-preto\/","url_meta":{"origin":74920,"position":0},"title":"Xico S\u00e1 e Luciana Mello participam de feira do livro na regi\u00e3o de Ribeir\u00e3o Preto","author":"noticiasribeiraopreto.com.br","date":"7 de May de 2025","format":false,"excerpt":"Entre os dias 8 e 11 de maio, Guar\u00e1, cidade na regi\u00e3o de Ribeir\u00e3o Preto, recebe a 7\u00aa edi\u00e7\u00e3o da Feira do Livro. Neste ano, a obra do escritor e desenhista Mauricio de Sousa \u00e9 homenageada. A programa\u00e7\u00e3o \u00e9 gratuita e acontece na pra\u00e7a Nove de Julho. O evento receber\u00e1\u2026","rel":"","context":"In &quot;Not\u00edcias de Ribeir\u00e3o Preto-SP e Regi\u00e3o&quot;","block_context":{"text":"Not\u00edcias de Ribeir\u00e3o Preto-SP e Regi\u00e3o","link":"https:\/\/noticiasribeiraopreto.com.br\/index.php\/category\/noticias-de-ribeirao-preto-sp-e-regiao-ismael-colosi\/"},"img":{"alt_text":"","src":"https:\/\/i0.wp.com\/noticiasribeiraopreto.com.br\/wp-content\/uploads\/2025\/05\/xico-sa-e-luciana-mello_2025-05-07_14-01-07.webp.webp?fit=1200%2C674&ssl=1&resize=350%2C200","width":350,"height":200,"srcset":"https:\/\/i0.wp.com\/noticiasribeiraopreto.com.br\/wp-content\/uploads\/2025\/05\/xico-sa-e-luciana-mello_2025-05-07_14-01-07.webp.webp?fit=1200%2C674&ssl=1&resize=350%2C200 1x, https:\/\/i0.wp.com\/noticiasribeiraopreto.com.br\/wp-content\/uploads\/2025\/05\/xico-sa-e-luciana-mello_2025-05-07_14-01-07.webp.webp?fit=1200%2C674&ssl=1&resize=525%2C300 1.5x, https:\/\/i0.wp.com\/noticiasribeiraopreto.com.br\/wp-content\/uploads\/2025\/05\/xico-sa-e-luciana-mello_2025-05-07_14-01-07.webp.webp?fit=1200%2C674&ssl=1&resize=700%2C400 2x, https:\/\/i0.wp.com\/noticiasribeiraopreto.com.br\/wp-content\/uploads\/2025\/05\/xico-sa-e-luciana-mello_2025-05-07_14-01-07.webp.webp?fit=1200%2C674&ssl=1&resize=1050%2C600 3x"},"classes":[]},{"id":54571,"url":"https:\/\/noticiasribeiraopreto.com.br\/index.php\/2024\/07\/12\/bolsa-familia-lei-confirmada-hoje-12-07-entra-em-vigor-nos-pagamentos-de-julho-confira-detalhes\/","url_meta":{"origin":74920,"position":1},"title":"Bolsa Fam\u00edlia: Lei Confirmada Hoje (12\/07) Entra em Vigor nos Pagamentos de Julho; Confira detalhes","author":"noticiasribeiraopreto.com.br","date":"12 de July de 2024","format":false,"excerpt":"Atendendo a 20,8 milh\u00f5es de brasileiros, o Bolsa Fam\u00edlia \u00e9 um dos maiores programas sociais do Brasil. Em julho deste ano, os pagamentos come\u00e7ar\u00e3o na pr\u00f3xima quinta-feira (18). No entanto, os benefici\u00e1rios ficaram surpreendidos com a redu\u00e7\u00e3o do montante da ajuda. O desconto ocorre devido \u00e0 interrup\u00e7\u00e3o do aux\u00edlio g\u00e1s\u2026","rel":"","context":"In &quot;Dinheiro e Investimento&quot;","block_context":{"text":"Dinheiro e Investimento","link":"https:\/\/noticiasribeiraopreto.com.br\/index.php\/category\/dinheiro-e-investimento-como-fazer-como-ganhar\/"},"img":{"alt_text":"","src":"https:\/\/i0.wp.com\/noticiasribeiraopreto.com.br\/wp-content\/uploads\/2024\/07\/www.reallygreatsite.com_.webp.webp?fit=1200%2C630&ssl=1&resize=350%2C200","width":350,"height":200,"srcset":"https:\/\/i0.wp.com\/noticiasribeiraopreto.com.br\/wp-content\/uploads\/2024\/07\/www.reallygreatsite.com_.webp.webp?fit=1200%2C630&ssl=1&resize=350%2C200 1x, https:\/\/i0.wp.com\/noticiasribeiraopreto.com.br\/wp-content\/uploads\/2024\/07\/www.reallygreatsite.com_.webp.webp?fit=1200%2C630&ssl=1&resize=525%2C300 1.5x, https:\/\/i0.wp.com\/noticiasribeiraopreto.com.br\/wp-content\/uploads\/2024\/07\/www.reallygreatsite.com_.webp.webp?fit=1200%2C630&ssl=1&resize=700%2C400 2x, https:\/\/i0.wp.com\/noticiasribeiraopreto.com.br\/wp-content\/uploads\/2024\/07\/www.reallygreatsite.com_.webp.webp?fit=1200%2C630&ssl=1&resize=1050%2C600 3x"},"classes":[]},{"id":54497,"url":"https:\/\/noticiasribeiraopreto.com.br\/index.php\/2024\/07\/11\/comunicado-oficial-do-bolsa-familia-saque-unificado-do-nis-123456789-e-0-confira-aqui\/","url_meta":{"origin":74920,"position":2},"title":"Comunicado Oficial Do Bolsa Fam\u00edlia: Saque Unificado Do NIS 1,2,3,4,5,6,7,8,9 E 0 ; Confira aqui!","author":"noticiasribeiraopreto.com.br","date":"11 de July de 2024","format":false,"excerpt":"O Minist\u00e9rio do Desenvolvimento e Assist\u00eancia Social (MDS) anunciou medidas emergenciais para os benefici\u00e1rios do Bolsa Fam\u00edlia em cidades e estados afetados pelo desastre, principalmente no Rio Grande do Sul. Para ajudar os necessitados, o governo federal aprovou uma retirada uniforme de todos os benef\u00edcios do NIS (N\u00famero de Identifica\u00e7\u00e3o\u2026","rel":"","context":"In &quot;Dinheiro e Investimento&quot;","block_context":{"text":"Dinheiro e Investimento","link":"https:\/\/noticiasribeiraopreto.com.br\/index.php\/category\/dinheiro-e-investimento-como-fazer-como-ganhar\/"},"img":{"alt_text":"","src":"https:\/\/i0.wp.com\/noticiasribeiraopreto.com.br\/wp-content\/uploads\/2024\/07\/Redebrasilnews.com_.br-2.webp.webp?fit=1200%2C630&ssl=1&resize=350%2C200","width":350,"height":200,"srcset":"https:\/\/i0.wp.com\/noticiasribeiraopreto.com.br\/wp-content\/uploads\/2024\/07\/Redebrasilnews.com_.br-2.webp.webp?fit=1200%2C630&ssl=1&resize=350%2C200 1x, https:\/\/i0.wp.com\/noticiasribeiraopreto.com.br\/wp-content\/uploads\/2024\/07\/Redebrasilnews.com_.br-2.webp.webp?fit=1200%2C630&ssl=1&resize=525%2C300 1.5x, https:\/\/i0.wp.com\/noticiasribeiraopreto.com.br\/wp-content\/uploads\/2024\/07\/Redebrasilnews.com_.br-2.webp.webp?fit=1200%2C630&ssl=1&resize=700%2C400 2x, https:\/\/i0.wp.com\/noticiasribeiraopreto.com.br\/wp-content\/uploads\/2024\/07\/Redebrasilnews.com_.br-2.webp.webp?fit=1200%2C630&ssl=1&resize=1050%2C600 3x"},"classes":[]},{"id":73765,"url":"https:\/\/noticiasribeiraopreto.com.br\/index.php\/2025\/07\/09\/festa-do-leite-de-batatais-comeca-nesta-quarta-feira-veja-as-atracoes\/","url_meta":{"origin":74920,"position":3},"title":"Festa do Leite de Batatais come\u00e7a nesta quarta-feira; Veja as atra\u00e7\u00f5es","author":"noticiasribeiraopreto.com.br","date":"9 de July de 2025","format":false,"excerpt":"A tradicional Festa do Leite de Batatais chega \u00e0 sua 48\u00aa edi\u00e7\u00e3o. O evento come\u00e7a nesta quarta-feira (9) e segue at\u00e9 o dia 13 de julho no Centro de Eventos Ant\u00f4nio Carlos Prado Baptista. A Festa do Leite re\u00fane atra\u00e7\u00f5es art\u00edsticas, culturais e agropecu\u00e1rias. Neste feriado de 9 de julho,\u2026","rel":"","context":"In &quot;Not\u00edcias de Ribeir\u00e3o Preto-SP e Regi\u00e3o&quot;","block_context":{"text":"Not\u00edcias de Ribeir\u00e3o Preto-SP e Regi\u00e3o","link":"https:\/\/noticiasribeiraopreto.com.br\/index.php\/category\/noticias-de-ribeirao-preto-sp-e-regiao-ismael-colosi\/"},"img":{"alt_text":"","src":"https:\/\/i0.wp.com\/noticiasribeiraopreto.com.br\/wp-content\/uploads\/2025\/07\/fernando-e-sorocaba_2025-07-09_13-06-39.webp.webp?fit=1189%2C696&ssl=1&resize=350%2C200","width":350,"height":200,"srcset":"https:\/\/i0.wp.com\/noticiasribeiraopreto.com.br\/wp-content\/uploads\/2025\/07\/fernando-e-sorocaba_2025-07-09_13-06-39.webp.webp?fit=1189%2C696&ssl=1&resize=350%2C200 1x, https:\/\/i0.wp.com\/noticiasribeiraopreto.com.br\/wp-content\/uploads\/2025\/07\/fernando-e-sorocaba_2025-07-09_13-06-39.webp.webp?fit=1189%2C696&ssl=1&resize=525%2C300 1.5x, https:\/\/i0.wp.com\/noticiasribeiraopreto.com.br\/wp-content\/uploads\/2025\/07\/fernando-e-sorocaba_2025-07-09_13-06-39.webp.webp?fit=1189%2C696&ssl=1&resize=700%2C400 2x, https:\/\/i0.wp.com\/noticiasribeiraopreto.com.br\/wp-content\/uploads\/2025\/07\/fernando-e-sorocaba_2025-07-09_13-06-39.webp.webp?fit=1189%2C696&ssl=1&resize=1050%2C600 3x"},"classes":[]},{"id":54137,"url":"https:\/\/noticiasribeiraopreto.com.br\/index.php\/2024\/06\/29\/governo-anuncia-3-beneficios-do-bolsa-familia-em-julho-com-pagamentos-juntos-confira\/","url_meta":{"origin":74920,"position":4},"title":"Governo Anuncia 3 Benef\u00edcios do Bolsa Fam\u00edlia em JULHO com Pagamentos Juntos; Confira!","author":"noticiasribeiraopreto.com.br","date":"29 de June de 2024","format":false,"excerpt":"O Governo Federal anunciou recentemente que implementar\u00e1 tr\u00eas novos benef\u00edcios dentro do programa Bolsa Fam\u00edlia, que tem lan\u00e7amento previsto para Julho. Esses acr\u00e9scimos visam fornecer apoio financeiro adicional \u00e0s fam\u00edlias de baixa renda, com foco em crian\u00e7as pequenas, adolescentes e gestantes. O pagamento desses novos benef\u00edcios ser\u00e1 feito ao mesmo\u2026","rel":"","context":"In &quot;Dinheiro e Investimento&quot;","block_context":{"text":"Dinheiro e Investimento","link":"https:\/\/noticiasribeiraopreto.com.br\/index.php\/category\/dinheiro-e-investimento-como-fazer-como-ganhar\/"},"img":{"alt_text":"","src":"https:\/\/i0.wp.com\/noticiasribeiraopreto.com.br\/wp-content\/uploads\/2024\/06\/www.Financasbrasil.org-1-1.webp.webp?fit=1200%2C630&ssl=1&resize=350%2C200","width":350,"height":200,"srcset":"https:\/\/i0.wp.com\/noticiasribeiraopreto.com.br\/wp-content\/uploads\/2024\/06\/www.Financasbrasil.org-1-1.webp.webp?fit=1200%2C630&ssl=1&resize=350%2C200 1x, https:\/\/i0.wp.com\/noticiasribeiraopreto.com.br\/wp-content\/uploads\/2024\/06\/www.Financasbrasil.org-1-1.webp.webp?fit=1200%2C630&ssl=1&resize=525%2C300 1.5x, https:\/\/i0.wp.com\/noticiasribeiraopreto.com.br\/wp-content\/uploads\/2024\/06\/www.Financasbrasil.org-1-1.webp.webp?fit=1200%2C630&ssl=1&resize=700%2C400 2x, https:\/\/i0.wp.com\/noticiasribeiraopreto.com.br\/wp-content\/uploads\/2024\/06\/www.Financasbrasil.org-1-1.webp.webp?fit=1200%2C630&ssl=1&resize=1050%2C600 3x"},"classes":[]},{"id":80131,"url":"https:\/\/noticiasribeiraopreto.com.br\/index.php\/2025\/11\/15\/encontro-de-brechos-e-troca-de-livros-movimentam-a-nove-de-julho-neste-domingo\/","url_meta":{"origin":74920,"position":5},"title":"Encontro de brech\u00f3s e troca de livros movimentam a Nove de Julho neste domingo","author":"noticiasribeiraopreto.com.br","date":"15 de November de 2025","format":false,"excerpt":"A avenida Nove de Julho, em Ribeir\u00e3o Preto, recebe neste domingo (16) a\u00e7\u00f5es de troca de livros e brech\u00f3s. As atividades ser\u00e3o realizadas em frente \u00e0 antiga sede da Recra, a partir das 14h, e tem o objetivo de incentivar a economia circular e o consumo consciente. Encontro de Brech\u00f3s\u2026","rel":"","context":"In &quot;Not\u00edcias de Ribeir\u00e3o Preto-SP e Regi\u00e3o&quot;","block_context":{"text":"Not\u00edcias de Ribeir\u00e3o Preto-SP e Regi\u00e3o","link":"https:\/\/noticiasribeiraopreto.com.br\/index.php\/category\/noticias-de-ribeirao-preto-sp-e-regiao-ismael-colosi\/"},"img":{"alt_text":"","src":"https:\/\/i0.wp.com\/noticiasribeiraopreto.com.br\/wp-content\/uploads\/2025\/11\/encontro-de-brechos_2025-11-15_17-57-25.webp.webp?fit=1200%2C889&ssl=1&resize=350%2C200","width":350,"height":200,"srcset":"https:\/\/i0.wp.com\/noticiasribeiraopreto.com.br\/wp-content\/uploads\/2025\/11\/encontro-de-brechos_2025-11-15_17-57-25.webp.webp?fit=1200%2C889&ssl=1&resize=350%2C200 1x, https:\/\/i0.wp.com\/noticiasribeiraopreto.com.br\/wp-content\/uploads\/2025\/11\/encontro-de-brechos_2025-11-15_17-57-25.webp.webp?fit=1200%2C889&ssl=1&resize=525%2C300 1.5x, https:\/\/i0.wp.com\/noticiasribeiraopreto.com.br\/wp-content\/uploads\/2025\/11\/encontro-de-brechos_2025-11-15_17-57-25.webp.webp?fit=1200%2C889&ssl=1&resize=700%2C400 2x, https:\/\/i0.wp.com\/noticiasribeiraopreto.com.br\/wp-content\/uploads\/2025\/11\/encontro-de-brechos_2025-11-15_17-57-25.webp.webp?fit=1200%2C889&ssl=1&resize=1050%2C600 3x"},"classes":[]}],"jetpack_sharing_enabled":true,"jetpack_shortlink":"https:\/\/wp.me\/peQAOb-juo","_links":{"self":[{"href":"https:\/\/noticiasribeiraopreto.com.br\/index.php\/wp-json\/wp\/v2\/posts\/74920","targetHints":{"allow":["GET"]}}],"collection":[{"href":"https:\/\/noticiasribeiraopreto.com.br\/index.php\/wp-json\/wp\/v2\/posts"}],"about":[{"href":"https:\/\/noticiasribeiraopreto.com.br\/index.php\/wp-json\/wp\/v2\/types\/post"}],"author":[{"embeddable":true,"href":"https:\/\/noticiasribeiraopreto.com.br\/index.php\/wp-json\/wp\/v2\/users\/1"}],"replies":[{"embeddable":true,"href":"https:\/\/noticiasribeiraopreto.com.br\/index.php\/wp-json\/wp\/v2\/comments?post=74920"}],"version-history":[{"count":0,"href":"https:\/\/noticiasribeiraopreto.com.br\/index.php\/wp-json\/wp\/v2\/posts\/74920\/revisions"}],"wp:featuredmedia":[{"embeddable":true,"href":"https:\/\/noticiasribeiraopreto.com.br\/index.php\/wp-json\/wp\/v2\/media\/74921"}],"wp:attachment":[{"href":"https:\/\/noticiasribeiraopreto.com.br\/index.php\/wp-json\/wp\/v2\/media?parent=74920"}],"wp:term":[{"taxonomy":"category","embeddable":true,"href":"https:\/\/noticiasribeiraopreto.com.br\/index.php\/wp-json\/wp\/v2\/categories?post=74920"},{"taxonomy":"post_tag","embeddable":true,"href":"https:\/\/noticiasribeiraopreto.com.br\/index.php\/wp-json\/wp\/v2\/tags?post=74920"}],"curies":[{"name":"wp","href":"https:\/\/api.w.org\/{rel}","templated":true}]}}