{"id":74922,"date":"2025-07-31T12:15:13","date_gmt":"2025-07-31T15:15:13","guid":{"rendered":"https:\/\/noticiasribeiraopreto.com.br\/index.php\/2025\/07\/31\/teatro-de-arena-de-ribeirao-preto-recebe-show-da-banda-jovem-dionisio-veja-quando\/"},"modified":"2025-07-31T12:15:13","modified_gmt":"2025-07-31T15:15:13","slug":"teatro-de-arena-de-ribeirao-preto-recebe-show-da-banda-jovem-dionisio-veja-quando","status":"publish","type":"post","link":"https:\/\/noticiasribeiraopreto.com.br\/index.php\/2025\/07\/31\/teatro-de-arena-de-ribeirao-preto-recebe-show-da-banda-jovem-dionisio-veja-quando\/","title":{"rendered":"Teatro de Arena de Ribeir\u00e3o Preto recebe show da banda Jovem Dion\u00edsio; veja quando"},"content":{"rendered":"<div class='code-block code-block-1' style='margin: 8px 0 8px auto; text-align: right; display: block; clear: both;'>\n<p><a href=\"https:\/\/wa.link\/vpicfd\"><img data-recalc-dims=\"1\" class=\"wp-image-4922\" style=\"aspect-ratio: 2.0253164556962027; width: 561px; height: auto;\" src=\"https:\/\/i0.wp.com\/ismaelcolosi.com.br\/wp-content\/uploads\/2023\/11\/grupo-de-empregos-whatsapp-e-facebook-ismael-colosi-vagas.jpg?ssl=1\" alt=\"\" \/><\/a><\/p>\n<!-- \/wp:image -->\n<\/div>\n<p> <br \/>\n<\/p>\n<div data-td-block-uid=\"tdi_95\">\n<div class=\"tdb-block-inner td-fix-index\">\n<p>O <strong>Teatro de Arena de Ribeir\u00e3o Preto<\/strong> recebe no dia <strong>31 de agosto<\/strong>, \u00e0s 18h, a banda curitibana <strong>Jovem Dion\u00edsio<\/strong>. A venda dos ingressos come\u00e7am no dia <strong>19 de agosto<\/strong>.<\/p>\n<p>O show promovido pelo <strong>Sesc Ribeir\u00e3o<\/strong> contar\u00e1 com o repert\u00f3rio do novo disco da banda \u201c<strong>Ontem eu tinha Certeza (Hoje eu tenho Mais)<\/strong>\u201d, que traz a mistura de pop, rock, funk e outros ritmos. Al\u00e9m dos hits \u201c<strong>Acorda Pedrinho<\/strong>\u201d e \u201c<strong>Pontos de Exclama\u00e7\u00e3o<\/strong>\u201d.<\/p>\n<p><strong>Jovem Dion\u00edsio<\/strong> \u00e9 composta por <strong>Bernardo Pasquali<\/strong> (vocal), <strong>Rafael Dunajski Mendes<\/strong>, o \u2018Fufa\u2019 (guitarra), <strong>Gustavo Karam<\/strong> (baixo), <strong>Bernardo Hey<\/strong>, o \u2018Ber Hey\u2019 (teclado) e <strong>Gabriel Dunajski Mendes<\/strong>, o \u2018Mend\u00e3o\u2019 (bateria).<\/p>\n<h2 class=\"wp-block-heading\"><strong>Ingressos<\/strong><\/h2>\n<p>A <strong>venda on-line<\/strong> de ingressos inicia no dia <strong>19 de agosto<\/strong>, a partir das <strong>17h<\/strong>, e a <strong>venda presencial<\/strong> na bilheteria do <strong>Sesc<\/strong> no dia <strong>20 de agosto<\/strong>, \u00e0s <strong>17h<\/strong>. Os pre\u00e7os variam entre:<\/p>\n<ul class=\"wp-block-list\">\n<li><strong>R$ 60 <\/strong>(inteira)<\/li>\n<li><strong>R$ 30<\/strong> (meia-entrada)  <\/li>\n<li><strong>R$ 18<\/strong> (credencial plena)<\/li>\n<\/ul>\n<h2 class=\"wp-block-heading\"><strong>Entre no clima<\/strong><\/h2>\n<figure class=\"wp-block-embed is-type-video is-provider-youtube wp-block-embed-youtube wp-embed-aspect-16-9 wp-has-aspect-ratio\">\n<div class=\"wp-block-embed__wrapper\">\n<p><iframe loading=\"lazy\" title=\"Jovem Dionisio - ACORDA PEDRINHO (Lyric Video)\" width=\"500\" height=\"281\" src=\"https:\/\/www.youtube.com\/embed\/d-tx9D4a8dc?feature=oembed\" frameborder=\"0\" allow=\"accelerometer; autoplay; clipboard-write; encrypted-media; gyroscope; picture-in-picture; web-share\" referrerpolicy=\"strict-origin-when-cross-origin\" allowfullscreen><\/iframe><\/p>\n<\/div>\n<\/figure>\n<p>SAIBA MAIS<br \/>Teatro Municipal de Ribeir\u00e3o Preto recebe com\u00e9dia com Bianca Rinaldi<\/p>\n<h3 class=\"wp-block-heading\"><strong>FIQUE ON\u00a0\u00a0\u00a0\u00a0\u00a0\u00a0\u00a0\u00a0\u00a0<\/strong><\/h3>\n<p>Quer ficar por dentro de tudo que acontece em Ribeir\u00e3o Preto e regi\u00e3o? Ent\u00e3o siga os perfis do\u202facidade on\u202fno\u202f<a href=\"https:\/\/www.instagram.com\/acidadeonribeirao\" target=\"_blank\" rel=\"noreferrer noopener\">Instagram<\/a>\u202fe no\u202f<a href=\"https:\/\/www.facebook.com\/acidadeonribeirao\/\" target=\"_blank\" rel=\"noreferrer noopener\">Facebook<\/a>.<\/p>\n<p>Al\u00e9m disso, voc\u00ea pode receber as principais not\u00edcias diretamente no WhatsApp. Para isso, basta\u00a0<a href=\"https:\/\/chat.whatsapp.com\/BjKQZ9oJwlz8VVT50NuePq\" target=\"_blank\" rel=\"noreferrer noopener\">entrar no grupo clicando aqui<\/a>.<\/p>\n<p>Por fim, se quiser fazer uma den\u00fancia ou sugerir uma reportagem sobre Ribeir\u00e3o Preto e regi\u00e3o, envie uma mensagem pelo WhatsApp: (16) 99117-7802.<\/p>\n<p>VEJA TAMB\u00c9M<br \/>Quando estreia \u2018Dias Perfeitos\u2019?<\/p>\n<p><!-- AI CONTENT END 1 -->\n<\/div>\n<\/div>\n<p><script async src=\"\/\/www.instagram.com\/embed.js\"><\/script><br \/>\n<br \/><br \/>\n<br \/><a href=\"https:\/\/www.acidadeon.com\/ribeiraopreto\/lazer-e-cultura\/teatro-de-arena-de-ribeirao-preto-recebe-show-da-banda-jovem-dionisio-veja-quando\/\">Source link <\/a><\/p>\n<!-- CONTENT END 1 -->\n","protected":false},"excerpt":{"rendered":"<p>O Teatro de Arena de Ribeir\u00e3o Preto recebe no dia 31 de agosto, \u00e0s 18h, a banda curitibana Jovem Dion\u00edsio. A venda dos ingressos come\u00e7am&#8230;<\/p>\n","protected":false},"author":1,"featured_media":74924,"comment_status":"open","ping_status":"open","sticky":false,"template":"","format":"standard","meta":{"advanced_seo_description":"","jetpack_seo_html_title":"","jetpack_seo_noindex":false,"jetpack_post_was_ever_published":false,"_jetpack_newsletter_access":"","_jetpack_dont_email_post_to_subs":false,"_jetpack_newsletter_tier_id":0,"_jetpack_memberships_contains_paywalled_content":false,"_jetpack_memberships_contains_paid_content":false,"footnotes":"","jetpack_publicize_message":"","jetpack_publicize_feature_enabled":true,"jetpack_social_post_already_shared":true,"jetpack_social_options":{"image_generator_settings":{"template":"highway","default_image_id":0,"font":"","enabled":false},"version":2}},"categories":[11],"tags":[],"class_list":["post-74922","post","type-post","status-publish","format-standard","has-post-thumbnail","hentry","category-noticias-de-ribeirao-preto-sp-e-regiao-ismael-colosi"],"jetpack_publicize_connections":[],"jetpack_featured_media_url":"https:\/\/i0.wp.com\/noticiasribeiraopreto.com.br\/wp-content\/uploads\/2025\/07\/jovem-dionisio-foto-1068x770-1_2025-07-31_13-42-49.webp.webp?fit=1068%2C770&ssl=1","jetpack-related-posts":[{"id":74955,"url":"https:\/\/noticiasribeiraopreto.com.br\/index.php\/2025\/07\/31\/teatro-de-arena-de-ribeirao-preto-recebe-show-da-banda-jovem-dionisio-veja-quando-2\/","url_meta":{"origin":74922,"position":0},"title":"Teatro de Arena de Ribeir\u00e3o Preto recebe show da banda Jovem Dion\u00edsio; veja quando","author":"noticiasribeiraopreto.com.br","date":"31 de July de 2025","format":false,"excerpt":"O Teatro de Arena de Ribeir\u00e3o Preto recebe no dia 31 de agosto, \u00e0s 18h, a banda curitibana Jovem Dion\u00edsio. A venda dos ingressos come\u00e7am no dia 19 de agosto. O show promovido pelo Sesc Ribeir\u00e3o contar\u00e1 com o repert\u00f3rio do novo disco da banda \u201cOntem eu tinha Certeza (Hoje\u2026","rel":"","context":"In &quot;Not\u00edcias de Ribeir\u00e3o Preto-SP e Regi\u00e3o&quot;","block_context":{"text":"Not\u00edcias de Ribeir\u00e3o Preto-SP e Regi\u00e3o","link":"https:\/\/noticiasribeiraopreto.com.br\/index.php\/category\/noticias-de-ribeirao-preto-sp-e-regiao-ismael-colosi\/"},"img":{"alt_text":"","src":"https:\/\/i0.wp.com\/noticiasribeiraopreto.com.br\/wp-content\/uploads\/2025\/07\/jovem-dionisio-banda_2025-07-31_15-17-50.webp.webp?fit=1200%2C758&ssl=1&resize=350%2C200","width":350,"height":200,"srcset":"https:\/\/i0.wp.com\/noticiasribeiraopreto.com.br\/wp-content\/uploads\/2025\/07\/jovem-dionisio-banda_2025-07-31_15-17-50.webp.webp?fit=1200%2C758&ssl=1&resize=350%2C200 1x, https:\/\/i0.wp.com\/noticiasribeiraopreto.com.br\/wp-content\/uploads\/2025\/07\/jovem-dionisio-banda_2025-07-31_15-17-50.webp.webp?fit=1200%2C758&ssl=1&resize=525%2C300 1.5x, https:\/\/i0.wp.com\/noticiasribeiraopreto.com.br\/wp-content\/uploads\/2025\/07\/jovem-dionisio-banda_2025-07-31_15-17-50.webp.webp?fit=1200%2C758&ssl=1&resize=700%2C400 2x, https:\/\/i0.wp.com\/noticiasribeiraopreto.com.br\/wp-content\/uploads\/2025\/07\/jovem-dionisio-banda_2025-07-31_15-17-50.webp.webp?fit=1200%2C758&ssl=1&resize=1050%2C600 3x"},"classes":[]},{"id":20863,"url":"https:\/\/noticiasribeiraopreto.com.br\/index.php\/2023\/12\/26\/morre-pedrinho-da-musica-acorda-pedrinho-grande-sucesso-nas-paradas\/","url_meta":{"origin":74922,"position":1},"title":"Morre Pedrinho, da m\u00fasica &#8216;Acorda, Pedrinho&#8217;, grande sucesso nas paradas","author":"noticiasribeiraopreto.com.br","date":"26 de December de 2023","format":false,"excerpt":"Foi confirmada a morte de Pedro Domingos Prado, que foi inspira\u00e7\u00e3o para a m\u00fasica Acorda, Pedrinho, da banda Jovem Dion\u00edsio. A can\u00e7\u00e3o, para quem n\u00e3o lenbra, virou uma febre h\u00e1 um tempo no Brasil e ficou entre as mais bombadas das redes sociais e plataformas de reprodu\u00e7\u00e3o de m\u00fasicas.Pedro Domingos\u2026","rel":"","context":"In &quot;Blog&quot;","block_context":{"text":"Blog","link":"https:\/\/noticiasribeiraopreto.com.br\/index.php\/category\/blog\/"},"img":{"alt_text":"","src":"https:\/\/i0.wp.com\/noticiasribeiraopreto.com.br\/wp-content\/uploads\/2023\/12\/postimg-658b093bd467c5167.jpg?fit=1200%2C628&ssl=1&resize=350%2C200","width":350,"height":200,"srcset":"https:\/\/i0.wp.com\/noticiasribeiraopreto.com.br\/wp-content\/uploads\/2023\/12\/postimg-658b093bd467c5167.jpg?fit=1200%2C628&ssl=1&resize=350%2C200 1x, https:\/\/i0.wp.com\/noticiasribeiraopreto.com.br\/wp-content\/uploads\/2023\/12\/postimg-658b093bd467c5167.jpg?fit=1200%2C628&ssl=1&resize=525%2C300 1.5x, https:\/\/i0.wp.com\/noticiasribeiraopreto.com.br\/wp-content\/uploads\/2023\/12\/postimg-658b093bd467c5167.jpg?fit=1200%2C628&ssl=1&resize=700%2C400 2x, https:\/\/i0.wp.com\/noticiasribeiraopreto.com.br\/wp-content\/uploads\/2023\/12\/postimg-658b093bd467c5167.jpg?fit=1200%2C628&ssl=1&resize=1050%2C600 3x"},"classes":[]},{"id":74943,"url":"https:\/\/noticiasribeiraopreto.com.br\/index.php\/2025\/07\/31\/ribeirao-preto-recebe-festival-de-blues-no-fim-de-semana\/","url_meta":{"origin":74922,"position":2},"title":"Ribeir\u00e3o Preto recebe festival de blues no fim de semana","author":"noticiasribeiraopreto.com.br","date":"31 de July de 2025","format":false,"excerpt":"Em comemora\u00e7\u00e3o ao Dia Internacional do Blues, Ribeir\u00e3o Preto recebe neste s\u00e1bado (2), o festival \u201cMacumba Bourbon Festival\u201d. O evento tem entrada gratuita e come\u00e7a a partir das 16h, na rua Sete de Setembro, em frente ao Sem Fronteiras Bar. O line-up conta com shows das bandas Mississippi Devils e\u2026","rel":"","context":"In &quot;Not\u00edcias de Ribeir\u00e3o Preto-SP e Regi\u00e3o&quot;","block_context":{"text":"Not\u00edcias de Ribeir\u00e3o Preto-SP e Regi\u00e3o","link":"https:\/\/noticiasribeiraopreto.com.br\/index.php\/category\/noticias-de-ribeirao-preto-sp-e-regiao-ismael-colosi\/"},"img":{"alt_text":"","src":"https:\/\/i0.wp.com\/noticiasribeiraopreto.com.br\/wp-content\/uploads\/2025\/07\/blues_2025-07-31_17-21-51.webp.webp?fit=1200%2C798&ssl=1&resize=350%2C200","width":350,"height":200,"srcset":"https:\/\/i0.wp.com\/noticiasribeiraopreto.com.br\/wp-content\/uploads\/2025\/07\/blues_2025-07-31_17-21-51.webp.webp?fit=1200%2C798&ssl=1&resize=350%2C200 1x, https:\/\/i0.wp.com\/noticiasribeiraopreto.com.br\/wp-content\/uploads\/2025\/07\/blues_2025-07-31_17-21-51.webp.webp?fit=1200%2C798&ssl=1&resize=525%2C300 1.5x, https:\/\/i0.wp.com\/noticiasribeiraopreto.com.br\/wp-content\/uploads\/2025\/07\/blues_2025-07-31_17-21-51.webp.webp?fit=1200%2C798&ssl=1&resize=700%2C400 2x, https:\/\/i0.wp.com\/noticiasribeiraopreto.com.br\/wp-content\/uploads\/2025\/07\/blues_2025-07-31_17-21-51.webp.webp?fit=1200%2C798&ssl=1&resize=1050%2C600 3x"},"classes":[]},{"id":66913,"url":"https:\/\/noticiasribeiraopreto.com.br\/index.php\/2025\/04\/07\/banda-lamparina-se-apresenta-no-teatro-de-arena-de-ribeirao-preto\/","url_meta":{"origin":74922,"position":3},"title":"Banda Lamparina se apresenta no Teatro de Arena de Ribeir\u00e3o Preto","author":"noticiasribeiraopreto.com.br","date":"7 de April de 2025","format":false,"excerpt":"O grupo mineiro Lamparina se apresenta no Teatro de Arena \u201cJaime Zeiger\u201d, em Ribeir\u00e3o Preto, na pr\u00f3xima quinta-feira (10), \u00e0s 20h. Os ingressos j\u00e1 est\u00e3o \u00e0 venda. \u2013 veja como adquirir abaixo. O repert\u00f3rio faz uma ode \u00e0 m\u00fasica brasileira, com suingue e batidas eletr\u00f4nicas. Al\u00e9m de trazer elementos org\u00e2nicos,\u2026","rel":"","context":"In &quot;Not\u00edcias de Ribeir\u00e3o Preto-SP e Regi\u00e3o&quot;","block_context":{"text":"Not\u00edcias de Ribeir\u00e3o Preto-SP e Regi\u00e3o","link":"https:\/\/noticiasribeiraopreto.com.br\/index.php\/category\/noticias-de-ribeirao-preto-sp-e-regiao-ismael-colosi\/"},"img":{"alt_text":"","src":"https:\/\/i0.wp.com\/noticiasribeiraopreto.com.br\/wp-content\/uploads\/2025\/04\/banda-lamparina_2025-04-07_15-49-39_jpg_2025-04-07_15-49-39.webp.webp?fit=1000%2C733&ssl=1&resize=350%2C200","width":350,"height":200,"srcset":"https:\/\/i0.wp.com\/noticiasribeiraopreto.com.br\/wp-content\/uploads\/2025\/04\/banda-lamparina_2025-04-07_15-49-39_jpg_2025-04-07_15-49-39.webp.webp?fit=1000%2C733&ssl=1&resize=350%2C200 1x, https:\/\/i0.wp.com\/noticiasribeiraopreto.com.br\/wp-content\/uploads\/2025\/04\/banda-lamparina_2025-04-07_15-49-39_jpg_2025-04-07_15-49-39.webp.webp?fit=1000%2C733&ssl=1&resize=525%2C300 1.5x, https:\/\/i0.wp.com\/noticiasribeiraopreto.com.br\/wp-content\/uploads\/2025\/04\/banda-lamparina_2025-04-07_15-49-39_jpg_2025-04-07_15-49-39.webp.webp?fit=1000%2C733&ssl=1&resize=700%2C400 2x"},"classes":[]},{"id":68746,"url":"https:\/\/noticiasribeiraopreto.com.br\/index.php\/2025\/04\/28\/massacration-se-apresenta-em-ribeirao-preto-no-fim-de-semana\/","url_meta":{"origin":74922,"position":4},"title":"Massacration se apresenta em Ribeir\u00e3o Preto no fim de semana","author":"noticiasribeiraopreto.com.br","date":"28 de April de 2025","format":false,"excerpt":"A banda sat\u00edrica Massacration se apresenta em Ribeir\u00e3o Preto no pr\u00f3ximo domingo (4), no Vila Dion\u00edsio. Os ingressos podem ser adquiridos on-line. Massacration \u00e9 uma banda sat\u00edrica criada pelo grupo de humor Hermes e Renato. Ribeir\u00e3o Preto \u00e9 a segunda cidade a receber a turn\u00ea, que ainda passar\u00e1 por S\u00e3o\u2026","rel":"","context":"In &quot;Not\u00edcias de Ribeir\u00e3o Preto-SP e Regi\u00e3o&quot;","block_context":{"text":"Not\u00edcias de Ribeir\u00e3o Preto-SP e Regi\u00e3o","link":"https:\/\/noticiasribeiraopreto.com.br\/index.php\/category\/noticias-de-ribeirao-preto-sp-e-regiao-ismael-colosi\/"},"img":{"alt_text":"","src":"https:\/\/i0.wp.com\/noticiasribeiraopreto.com.br\/wp-content\/uploads\/2025\/04\/banda-massacration-se-apresenta-em-goiania_2025-04-28_16-24-06.webp.webp?fit=627%2C400&ssl=1&resize=350%2C200","width":350,"height":200,"srcset":"https:\/\/i0.wp.com\/noticiasribeiraopreto.com.br\/wp-content\/uploads\/2025\/04\/banda-massacration-se-apresenta-em-goiania_2025-04-28_16-24-06.webp.webp?fit=627%2C400&ssl=1&resize=350%2C200 1x, https:\/\/i0.wp.com\/noticiasribeiraopreto.com.br\/wp-content\/uploads\/2025\/04\/banda-massacration-se-apresenta-em-goiania_2025-04-28_16-24-06.webp.webp?fit=627%2C400&ssl=1&resize=525%2C300 1.5x"},"classes":[]},{"id":76467,"url":"https:\/\/noticiasribeiraopreto.com.br\/index.php\/2025\/08\/29\/shows-stand-up-e-coxinha-veja-opcoes-para-aproveitar-o-fim-de-semana\/","url_meta":{"origin":74922,"position":5},"title":"Shows, stand-up e coxinha: veja op\u00e7\u00f5es para aproveitar o fim de semana","author":"noticiasribeiraopreto.com.br","date":"29 de August de 2025","format":false,"excerpt":"Encerrando o m\u00eas de agosto, Ribeir\u00e3o Preto e regi\u00e3o recebe diversas atividades culturais para diferentes gostos neste fim de semana. Entre os destaques, est\u00e3o shows, apresenta\u00e7\u00e3o de stand-up e o Vila Dionisio Festival, que oferece mais de 15 sabores de coxinha. Confira: Barret\u00e3o A Festa do Pe\u00e3o de Barretos 2025\u2026","rel":"","context":"In &quot;Not\u00edcias de Ribeir\u00e3o Preto-SP e Regi\u00e3o&quot;","block_context":{"text":"Not\u00edcias de Ribeir\u00e3o Preto-SP e Regi\u00e3o","link":"https:\/\/noticiasribeiraopreto.com.br\/index.php\/category\/noticias-de-ribeirao-preto-sp-e-regiao-ismael-colosi\/"},"img":{"alt_text":"","src":"https:\/\/i0.wp.com\/noticiasribeiraopreto.com.br\/wp-content\/uploads\/2025\/07\/delacruz_2025-07-30_14-29-50.webp.webp?fit=1200%2C800&ssl=1&resize=350%2C200","width":350,"height":200,"srcset":"https:\/\/i0.wp.com\/noticiasribeiraopreto.com.br\/wp-content\/uploads\/2025\/07\/delacruz_2025-07-30_14-29-50.webp.webp?fit=1200%2C800&ssl=1&resize=350%2C200 1x, https:\/\/i0.wp.com\/noticiasribeiraopreto.com.br\/wp-content\/uploads\/2025\/07\/delacruz_2025-07-30_14-29-50.webp.webp?fit=1200%2C800&ssl=1&resize=525%2C300 1.5x, https:\/\/i0.wp.com\/noticiasribeiraopreto.com.br\/wp-content\/uploads\/2025\/07\/delacruz_2025-07-30_14-29-50.webp.webp?fit=1200%2C800&ssl=1&resize=700%2C400 2x, https:\/\/i0.wp.com\/noticiasribeiraopreto.com.br\/wp-content\/uploads\/2025\/07\/delacruz_2025-07-30_14-29-50.webp.webp?fit=1200%2C800&ssl=1&resize=1050%2C600 3x"},"classes":[]}],"jetpack_sharing_enabled":true,"jetpack_shortlink":"https:\/\/wp.me\/peQAOb-juq","_links":{"self":[{"href":"https:\/\/noticiasribeiraopreto.com.br\/index.php\/wp-json\/wp\/v2\/posts\/74922","targetHints":{"allow":["GET"]}}],"collection":[{"href":"https:\/\/noticiasribeiraopreto.com.br\/index.php\/wp-json\/wp\/v2\/posts"}],"about":[{"href":"https:\/\/noticiasribeiraopreto.com.br\/index.php\/wp-json\/wp\/v2\/types\/post"}],"author":[{"embeddable":true,"href":"https:\/\/noticiasribeiraopreto.com.br\/index.php\/wp-json\/wp\/v2\/users\/1"}],"replies":[{"embeddable":true,"href":"https:\/\/noticiasribeiraopreto.com.br\/index.php\/wp-json\/wp\/v2\/comments?post=74922"}],"version-history":[{"count":0,"href":"https:\/\/noticiasribeiraopreto.com.br\/index.php\/wp-json\/wp\/v2\/posts\/74922\/revisions"}],"wp:featuredmedia":[{"embeddable":true,"href":"https:\/\/noticiasribeiraopreto.com.br\/index.php\/wp-json\/wp\/v2\/media\/74924"}],"wp:attachment":[{"href":"https:\/\/noticiasribeiraopreto.com.br\/index.php\/wp-json\/wp\/v2\/media?parent=74922"}],"wp:term":[{"taxonomy":"category","embeddable":true,"href":"https:\/\/noticiasribeiraopreto.com.br\/index.php\/wp-json\/wp\/v2\/categories?post=74922"},{"taxonomy":"post_tag","embeddable":true,"href":"https:\/\/noticiasribeiraopreto.com.br\/index.php\/wp-json\/wp\/v2\/tags?post=74922"}],"curies":[{"name":"wp","href":"https:\/\/api.w.org\/{rel}","templated":true}]}}