{"id":74925,"date":"2025-07-31T12:22:17","date_gmt":"2025-07-31T15:22:17","guid":{"rendered":"https:\/\/noticiasribeiraopreto.com.br\/index.php\/2025\/07\/31\/como-fazer-o-emplacamento-de-veiculos-com-as-novas-regras-do-detran-sp\/"},"modified":"2025-07-31T12:22:17","modified_gmt":"2025-07-31T15:22:17","slug":"como-fazer-o-emplacamento-de-veiculos-com-as-novas-regras-do-detran-sp","status":"publish","type":"post","link":"https:\/\/noticiasribeiraopreto.com.br\/index.php\/2025\/07\/31\/como-fazer-o-emplacamento-de-veiculos-com-as-novas-regras-do-detran-sp\/","title":{"rendered":"Como fazer o emplacamento de ve\u00edculos com as novas regras do Detran-SP"},"content":{"rendered":"<div class='code-block code-block-1' style='margin: 8px 0 8px auto; text-align: right; display: block; clear: both;'>\n<p><a href=\"https:\/\/wa.link\/vpicfd\"><img data-recalc-dims=\"1\" class=\"wp-image-4922\" style=\"aspect-ratio: 2.0253164556962027; width: 561px; height: auto;\" src=\"https:\/\/i0.wp.com\/ismaelcolosi.com.br\/wp-content\/uploads\/2023\/11\/grupo-de-empregos-whatsapp-e-facebook-ismael-colosi-vagas.jpg?ssl=1\" alt=\"\" \/><\/a><\/p>\n<!-- \/wp:image -->\n<\/div>\n<p> <br \/>\n<\/p>\n<div>\n<p>O processo de emplacamento de ve\u00edculos, tanto para carros e motos zero quil\u00f4metro, como para os que necessitam substituir a placa, vai mudar a partir desta sexta-feira (1\u00ba de agosto). Agora, o pedido passar\u00e1 a ser feito diretamente ao <strong>Detran-SP (Departamento Estadual de Tr\u00e2nsito de S\u00e3o Paulo) <\/strong>no in\u00edcio do processo.<\/p>\n<p>Antes, a solicita\u00e7\u00e3o para a instala\u00e7\u00e3o da PIV (placa de identifica\u00e7\u00e3o veicular) era feita pelo propriet\u00e1rio diretamente a uma empresa de estampagem credenciada \u2013 ap\u00f3s pagamento da taxa de primeiro registro ou transfer\u00eancia do ve\u00edculo.<\/p>\n<p>Com isso, a autarquia ganha maior visibilidade das etapas e garante mais seguran\u00e7a e transpar\u00eancia no emplacamento. Al\u00e9m disso, a expectativa que o processo de solicita\u00e7\u00e3o de placas fique mais barato. A economia pode chegar a R$ 56,6 milh\u00f5es anuais, levando em conta o n\u00famero de emplacamentos de autom\u00f3veis realizados no ano passado.<\/p>\n<h2 class=\"wp-block-heading\"><strong>Como solicitar a placa de ve\u00edculo?<\/strong><\/h2>\n<p>A solicita\u00e7\u00e3o para instalar a PIV \u00e9 precedida do pagamento da taxa correspondente. A AEPIV ( Autoriza\u00e7\u00e3o para Estampagem de Placa de Identifica\u00e7\u00e3o Veicular) tem valor fixado em 0,85 \u00a0Ufesp (Unidade Fiscal do Estado de S\u00e3o Paulo). Para este ano, o valor fixado pela Secretaria da Fazenda e Planejamento para a Ufesp \u00e9 de R$ 37,02. Assim, a taxa custa cerca de R$ 30.<\/p>\n<p>No caso do cidad\u00e3o, pessoa f\u00edsica, basta fornecer o CPF para seguir com o pagamento. Para as empresas, o documento requerido \u00e9 o CNPJ, que permitir\u00e1 o pagamento em lote de frotas associadas a um mesmo n\u00famero.<\/p>\n<p>Na segunda fase do processo, o propriet\u00e1rio do ve\u00edculo deve buscar uma estampadora credenciada ao Detran-SP e apresentar tanto o registro do autom\u00f3vel em seu nome como a libera\u00e7\u00e3o da autarquia para encomendar a placa.<\/p>\n<p>O pagamento pela placa \u00e9 feito diretamente \u00e0 estampadora. Aqui, outra mudan\u00e7a traz mais flexibilidade ao processo: a instala\u00e7\u00e3o da placa poder\u00e1 ser feita pelo propriet\u00e1rio, pela estampadora, procurador, ou estabelecimento de aquisi\u00e7\u00e3o do ve\u00edculo, com sua autoriza\u00e7\u00e3o.<\/p>\n<p>SAIBA MAIS<br \/>Ribeir\u00e3o Preto recebe feira gratuita com food trucks, chope e m\u00fasica ao vivo<\/p>\n<h3 class=\"wp-block-heading\"><strong>FIQUE ON\u00a0\u00a0\u00a0\u00a0\u00a0\u00a0\u00a0\u00a0\u00a0<\/strong><\/h3>\n<p>Quer ficar por dentro de tudo que acontece em Ribeir\u00e3o Preto e regi\u00e3o? Ent\u00e3o siga os perfis do\u202facidade on\u202fno\u202f<a href=\"https:\/\/www.instagram.com\/acidadeonribeirao\" target=\"_blank\" rel=\"noreferrer noopener\">Instagram<\/a>\u202fe no\u202f<a href=\"https:\/\/www.facebook.com\/acidadeonribeirao\/\" target=\"_blank\" rel=\"noreferrer noopener\">Facebook<\/a>.<\/p>\n<p>Al\u00e9m disso, voc\u00ea pode receber as principais not\u00edcias diretamente no WhatsApp. Para isso, basta\u00a0<a href=\"https:\/\/chat.whatsapp.com\/BjKQZ9oJwlz8VVT50NuePq\" target=\"_blank\" rel=\"noreferrer noopener\">entrar no grupo clicando aqui<\/a>.<\/p>\n<p>Por fim, se quiser fazer uma den\u00fancia ou sugerir uma reportagem sobre Ribeir\u00e3o Preto e regi\u00e3o, envie uma mensagem pelo WhatsApp: (16) 99117-7802.<\/p>\n<p>VEJA TAMB\u00c9M<br \/>Quando estreia \u2018Dias Perfeitos\u2019?<\/p>\n<p><!-- AI CONTENT END 1 -->\n<\/div>\n<p><script async src=\"\/\/www.instagram.com\/embed.js\"><\/script><br \/>\n<br \/><br \/>\n<br \/><a href=\"https:\/\/www.acidadeon.com\/ribeiraopreto\/cotidiano\/como-fazer-o-emplacamento-de-veiculos-com-as-novas-regras-do-detran-sp\/\">Source link <\/a><\/p>\n<!-- CONTENT END 1 -->\n","protected":false},"excerpt":{"rendered":"<p>O processo de emplacamento de ve\u00edculos, tanto para carros e motos zero quil\u00f4metro, como para os que necessitam substituir a placa, vai mudar a partir&#8230;<\/p>\n","protected":false},"author":1,"featured_media":74926,"comment_status":"open","ping_status":"open","sticky":false,"template":"","format":"standard","meta":{"advanced_seo_description":"","jetpack_seo_html_title":"","jetpack_seo_noindex":false,"jetpack_post_was_ever_published":false,"_jetpack_newsletter_access":"","_jetpack_dont_email_post_to_subs":false,"_jetpack_newsletter_tier_id":0,"_jetpack_memberships_contains_paywalled_content":false,"_jetpack_memberships_contains_paid_content":false,"footnotes":"","jetpack_publicize_message":"","jetpack_publicize_feature_enabled":true,"jetpack_social_post_already_shared":true,"jetpack_social_options":{"image_generator_settings":{"template":"highway","default_image_id":0,"font":"","enabled":false},"version":2}},"categories":[11],"tags":[],"class_list":["post-74925","post","type-post","status-publish","format-standard","has-post-thumbnail","hentry","category-noticias-de-ribeirao-preto-sp-e-regiao-ismael-colosi"],"jetpack_publicize_connections":[],"jetpack_featured_media_url":"https:\/\/i0.wp.com\/noticiasribeiraopreto.com.br\/wp-content\/uploads\/2025\/07\/placa-mercosul_2025-07-31_14-36-49.webp.webp?fit=1024%2C683&ssl=1","jetpack-related-posts":[{"id":65372,"url":"https:\/\/noticiasribeiraopreto.com.br\/index.php\/2025\/03\/19\/solicitacao-para-instalacao-de-placa-veicular-tera-mudancas-veja-quais\/","url_meta":{"origin":74925,"position":0},"title":"Solicita\u00e7\u00e3o para instala\u00e7\u00e3o de placa veicular ter\u00e1 mudan\u00e7as; Veja quais","author":"noticiasribeiraopreto.com.br","date":"19 de March de 2025","format":false,"excerpt":"O processo de emplacamento de ve\u00edculos, tanto para carros e motos zero quil\u00f4metro, como para aqueles que necessitam trocar de placa, ter\u00e1 mudan\u00e7as a partir de 1\u00ba de julho. A autoriza\u00e7\u00e3o para a instala\u00e7\u00e3o da PIV (placa de identifica\u00e7\u00e3o veicular), antes encomendada pelo propriet\u00e1rio diretamente a uma empresa de estampagem\u2026","rel":"","context":"In &quot;Not\u00edcias de Ribeir\u00e3o Preto-SP e Regi\u00e3o&quot;","block_context":{"text":"Not\u00edcias de Ribeir\u00e3o Preto-SP e Regi\u00e3o","link":"https:\/\/noticiasribeiraopreto.com.br\/index.php\/category\/noticias-de-ribeirao-preto-sp-e-regiao-ismael-colosi\/"},"img":{"alt_text":"","src":"https:\/\/i0.wp.com\/noticiasribeiraopreto.com.br\/wp-content\/uploads\/2024\/09\/transito_ribeirao_1024x576_15122019171112_2024-09-24_16-27-41_jpg_2024-09-24_16-27-41.webp.webp?fit=1024%2C576&ssl=1&resize=350%2C200","width":350,"height":200,"srcset":"https:\/\/i0.wp.com\/noticiasribeiraopreto.com.br\/wp-content\/uploads\/2024\/09\/transito_ribeirao_1024x576_15122019171112_2024-09-24_16-27-41_jpg_2024-09-24_16-27-41.webp.webp?fit=1024%2C576&ssl=1&resize=350%2C200 1x, https:\/\/i0.wp.com\/noticiasribeiraopreto.com.br\/wp-content\/uploads\/2024\/09\/transito_ribeirao_1024x576_15122019171112_2024-09-24_16-27-41_jpg_2024-09-24_16-27-41.webp.webp?fit=1024%2C576&ssl=1&resize=525%2C300 1.5x, https:\/\/i0.wp.com\/noticiasribeiraopreto.com.br\/wp-content\/uploads\/2024\/09\/transito_ribeirao_1024x576_15122019171112_2024-09-24_16-27-41_jpg_2024-09-24_16-27-41.webp.webp?fit=1024%2C576&ssl=1&resize=700%2C400 2x"},"classes":[]},{"id":81080,"url":"https:\/\/noticiasribeiraopreto.com.br\/index.php\/2025\/12\/23\/emplacamento-de-0-km-cresce-35-na-regiao-de-ribeirao-preto-em-2025\/","url_meta":{"origin":74925,"position":1},"title":"Emplacamento de 0 km cresce 3,5% na regi\u00e3o de Ribeir\u00e3o Preto em 2025","author":"noticiasribeiraopreto.com.br","date":"23 de December de 2025","format":false,"excerpt":"A regi\u00e3o de Ribeir\u00e3o Preto teve aumento de 3,5% no emplacamento de ve\u00edculos 0 km em 2025, de acordo com dados do Detran-SP (Departamento Estadual de Tr\u00e2nsito de S\u00e3o Paulo).\u00a0 Ao todo, 45.426 carros e motos 0 km ganharam a primeira placa at\u00e9 meados de dezembro, 3,5% a mais que\u2026","rel":"","context":"In &quot;Not\u00edcias de Ribeir\u00e3o Preto-SP e Regi\u00e3o&quot;","block_context":{"text":"Not\u00edcias de Ribeir\u00e3o Preto-SP e Regi\u00e3o","link":"https:\/\/noticiasribeiraopreto.com.br\/index.php\/category\/noticias-de-ribeirao-preto-sp-e-regiao-ismael-colosi\/"},"img":{"alt_text":"","src":"https:\/\/i0.wp.com\/noticiasribeiraopreto.com.br\/wp-content\/uploads\/2025\/12\/carro-zero_2025-12-22_19-12-08.webp.webp?fit=1200%2C801&ssl=1&resize=350%2C200","width":350,"height":200,"srcset":"https:\/\/i0.wp.com\/noticiasribeiraopreto.com.br\/wp-content\/uploads\/2025\/12\/carro-zero_2025-12-22_19-12-08.webp.webp?fit=1200%2C801&ssl=1&resize=350%2C200 1x, https:\/\/i0.wp.com\/noticiasribeiraopreto.com.br\/wp-content\/uploads\/2025\/12\/carro-zero_2025-12-22_19-12-08.webp.webp?fit=1200%2C801&ssl=1&resize=525%2C300 1.5x, https:\/\/i0.wp.com\/noticiasribeiraopreto.com.br\/wp-content\/uploads\/2025\/12\/carro-zero_2025-12-22_19-12-08.webp.webp?fit=1200%2C801&ssl=1&resize=700%2C400 2x, https:\/\/i0.wp.com\/noticiasribeiraopreto.com.br\/wp-content\/uploads\/2025\/12\/carro-zero_2025-12-22_19-12-08.webp.webp?fit=1200%2C801&ssl=1&resize=1050%2C600 3x"},"classes":[]},{"id":81474,"url":"https:\/\/noticiasribeiraopreto.com.br\/index.php\/2026\/01\/07\/licenciamento-2026-ja-esta-disponivel-em-sp-confira-o-calendario\/","url_meta":{"origin":74925,"position":2},"title":"Licenciamento 2026 j\u00e1 est\u00e1 dispon\u00edvel em SP; confira o calend\u00e1rio","author":"noticiasribeiraopreto.com.br","date":"7 de January de 2026","format":false,"excerpt":"O licenciamento de ve\u00edculos para 2026 j\u00e1 est\u00e1 dispon\u00edvel para motoristas do estado de S\u00e3o Paulo. O Departamento Estadual de Tr\u00e2nsito de S\u00e3o Paulo (Detran-SP) permite a regulariza\u00e7\u00e3o antecipada no primeiro semestre do ano para ve\u00edculos de todos os finais de placa, antes do in\u00edcio do calend\u00e1rio obrigat\u00f3rio, que vai\u2026","rel":"","context":"In &quot;Not\u00edcias de Ribeir\u00e3o Preto-SP e Regi\u00e3o&quot;","block_context":{"text":"Not\u00edcias de Ribeir\u00e3o Preto-SP e Regi\u00e3o","link":"https:\/\/noticiasribeiraopreto.com.br\/index.php\/category\/noticias-de-ribeirao-preto-sp-e-regiao-ismael-colosi\/"},"img":{"alt_text":"","src":"https:\/\/i0.wp.com\/noticiasribeiraopreto.com.br\/wp-content\/uploads\/2025\/07\/WhatsApp-Image-2025-04-28-at-07.17.05_2025-04-28_10-22-30.webp.webp?fit=1200%2C900&ssl=1&resize=350%2C200","width":350,"height":200,"srcset":"https:\/\/i0.wp.com\/noticiasribeiraopreto.com.br\/wp-content\/uploads\/2025\/07\/WhatsApp-Image-2025-04-28-at-07.17.05_2025-04-28_10-22-30.webp.webp?fit=1200%2C900&ssl=1&resize=350%2C200 1x, https:\/\/i0.wp.com\/noticiasribeiraopreto.com.br\/wp-content\/uploads\/2025\/07\/WhatsApp-Image-2025-04-28-at-07.17.05_2025-04-28_10-22-30.webp.webp?fit=1200%2C900&ssl=1&resize=525%2C300 1.5x, https:\/\/i0.wp.com\/noticiasribeiraopreto.com.br\/wp-content\/uploads\/2025\/07\/WhatsApp-Image-2025-04-28-at-07.17.05_2025-04-28_10-22-30.webp.webp?fit=1200%2C900&ssl=1&resize=700%2C400 2x, https:\/\/i0.wp.com\/noticiasribeiraopreto.com.br\/wp-content\/uploads\/2025\/07\/WhatsApp-Image-2025-04-28-at-07.17.05_2025-04-28_10-22-30.webp.webp?fit=1200%2C900&ssl=1&resize=1050%2C600 3x"},"classes":[]},{"id":46388,"url":"https:\/\/noticiasribeiraopreto.com.br\/index.php\/2024\/04\/11\/nomes-de-cidades-nas-placas-de-carros-podem-voltar-entenda\/","url_meta":{"origin":74925,"position":3},"title":"Nomes de cidades nas placas de carros podem voltar? Entenda","author":"noticiasribeiraopreto.com.br","date":"11 de April de 2024","format":false,"excerpt":"O Senado realizou uma audi\u00eancia p\u00fablica para discutir a reintrodu\u00e7\u00e3o do nome da cidade e do estado nas placas dos ve\u00edculos que circulam no Pa\u00eds. Segundo os participantes do debate, a proposta contribui para a seguran\u00e7a no tr\u00e2nsito e facilita a identifica\u00e7\u00e3o da frota que circula no Brasil. O debate\u2026","rel":"","context":"In &quot;Not\u00edcias de Ribeir\u00e3o Preto-SP e Regi\u00e3o&quot;","block_context":{"text":"Not\u00edcias de Ribeir\u00e3o Preto-SP e Regi\u00e3o","link":"https:\/\/noticiasribeiraopreto.com.br\/index.php\/category\/noticias-de-ribeirao-preto-sp-e-regiao-ismael-colosi\/"},"img":{"alt_text":"","src":"https:\/\/i0.wp.com\/noticiasribeiraopreto.com.br\/wp-content\/uploads\/2024\/04\/AnyConv.com__placa-carro.webp.webp?fit=1164%2C694&ssl=1&resize=350%2C200","width":350,"height":200,"srcset":"https:\/\/i0.wp.com\/noticiasribeiraopreto.com.br\/wp-content\/uploads\/2024\/04\/AnyConv.com__placa-carro.webp.webp?fit=1164%2C694&ssl=1&resize=350%2C200 1x, https:\/\/i0.wp.com\/noticiasribeiraopreto.com.br\/wp-content\/uploads\/2024\/04\/AnyConv.com__placa-carro.webp.webp?fit=1164%2C694&ssl=1&resize=525%2C300 1.5x, https:\/\/i0.wp.com\/noticiasribeiraopreto.com.br\/wp-content\/uploads\/2024\/04\/AnyConv.com__placa-carro.webp.webp?fit=1164%2C694&ssl=1&resize=700%2C400 2x, https:\/\/i0.wp.com\/noticiasribeiraopreto.com.br\/wp-content\/uploads\/2024\/04\/AnyConv.com__placa-carro.webp.webp?fit=1164%2C694&ssl=1&resize=1050%2C600 3x"},"classes":[]},{"id":77903,"url":"https:\/\/noticiasribeiraopreto.com.br\/index.php\/2025\/09\/28\/motociclista-e-preso-com-placa-de-plastico-em-moto-na-zona-oeste-ribeirao-preto\/","url_meta":{"origin":74925,"position":4},"title":"Motociclista \u00e9 preso com placa de pl\u00e1stico em moto na zona Oeste Ribeir\u00e3o Preto","author":"noticiasribeiraopreto.com.br","date":"28 de September de 2025","format":false,"excerpt":"A PM (Pol\u00edcia Militar) prendeu um motociclista que transitava neste domingo (28), em Ribeir\u00e3o Preto, com a placa da moto impressa em um peda\u00e7o de pl\u00e1stico. Segundo a pol\u00edcia, a abordagem ocorreu pela avenida Patriarca, na zona Oeste, ap\u00f3s a equipe desconfiar da colora\u00e7\u00e3o suspeita da placa do ve\u00edculo, uma\u2026","rel":"","context":"In &quot;Not\u00edcias de Ribeir\u00e3o Preto-SP e Regi\u00e3o&quot;","block_context":{"text":"Not\u00edcias de Ribeir\u00e3o Preto-SP e Regi\u00e3o","link":"https:\/\/noticiasribeiraopreto.com.br\/index.php\/category\/noticias-de-ribeirao-preto-sp-e-regiao-ismael-colosi\/"},"img":{"alt_text":"","src":"https:\/\/i0.wp.com\/noticiasribeiraopreto.com.br\/wp-content\/uploads\/2025\/09\/WhatsApp-Image-2025-09-28-at-11.58.07_2025-09-28_15-02-56.webp.webp?fit=1200%2C675&ssl=1&resize=350%2C200","width":350,"height":200,"srcset":"https:\/\/i0.wp.com\/noticiasribeiraopreto.com.br\/wp-content\/uploads\/2025\/09\/WhatsApp-Image-2025-09-28-at-11.58.07_2025-09-28_15-02-56.webp.webp?fit=1200%2C675&ssl=1&resize=350%2C200 1x, https:\/\/i0.wp.com\/noticiasribeiraopreto.com.br\/wp-content\/uploads\/2025\/09\/WhatsApp-Image-2025-09-28-at-11.58.07_2025-09-28_15-02-56.webp.webp?fit=1200%2C675&ssl=1&resize=525%2C300 1.5x, https:\/\/i0.wp.com\/noticiasribeiraopreto.com.br\/wp-content\/uploads\/2025\/09\/WhatsApp-Image-2025-09-28-at-11.58.07_2025-09-28_15-02-56.webp.webp?fit=1200%2C675&ssl=1&resize=700%2C400 2x, https:\/\/i0.wp.com\/noticiasribeiraopreto.com.br\/wp-content\/uploads\/2025\/09\/WhatsApp-Image-2025-09-28-at-11.58.07_2025-09-28_15-02-56.webp.webp?fit=1200%2C675&ssl=1&resize=1050%2C600 3x"},"classes":[]},{"id":42326,"url":"https:\/\/noticiasribeiraopreto.com.br\/index.php\/2024\/03\/13\/transferencia-de-veiculos-agora-e-digital-no-estado\/","url_meta":{"origin":74925,"position":5},"title":"Transfer\u00eancia de ve\u00edculos\u00a0agora \u00e9 digital no estado\u00a0","author":"noticiasribeiraopreto.com.br","date":"13 de March de 2024","format":false,"excerpt":"13 de mar\u00e7o de 2024 | 15:0013 de mar\u00e7o de 2024 | 10:36 0Desde esta ter\u00e7a-feira, 12 de mar\u00e7o, donos de ve\u00edculos registrados em S\u00e3o Paulo s\u00e3o os primeiros do pa\u00eds a ter acesso a um servi\u00e7o de transfer\u00eancia 100% digital, dispon\u00edvel a qualquer hora, sem intermedi\u00e1rios ou visita a\u2026","rel":"","context":"In &quot;Not\u00edcias de Ribeir\u00e3o Preto-SP e Regi\u00e3o&quot;","block_context":{"text":"Not\u00edcias de Ribeir\u00e3o Preto-SP e Regi\u00e3o","link":"https:\/\/noticiasribeiraopreto.com.br\/index.php\/category\/noticias-de-ribeirao-preto-sp-e-regiao-ismael-colosi\/"},"img":{"alt_text":"","src":"https:\/\/i0.wp.com\/noticiasribeiraopreto.com.br\/wp-content\/uploads\/2024\/03\/Documento_09012020_20787_1280_960-scaled.jpg?fit=860%2C645&ssl=1&resize=350%2C200","width":350,"height":200,"srcset":"https:\/\/i0.wp.com\/noticiasribeiraopreto.com.br\/wp-content\/uploads\/2024\/03\/Documento_09012020_20787_1280_960-scaled.jpg?fit=860%2C645&ssl=1&resize=350%2C200 1x, https:\/\/i0.wp.com\/noticiasribeiraopreto.com.br\/wp-content\/uploads\/2024\/03\/Documento_09012020_20787_1280_960-scaled.jpg?fit=860%2C645&ssl=1&resize=525%2C300 1.5x, https:\/\/i0.wp.com\/noticiasribeiraopreto.com.br\/wp-content\/uploads\/2024\/03\/Documento_09012020_20787_1280_960-scaled.jpg?fit=860%2C645&ssl=1&resize=700%2C400 2x"},"classes":[]}],"jetpack_sharing_enabled":true,"jetpack_shortlink":"https:\/\/wp.me\/peQAOb-jut","_links":{"self":[{"href":"https:\/\/noticiasribeiraopreto.com.br\/index.php\/wp-json\/wp\/v2\/posts\/74925","targetHints":{"allow":["GET"]}}],"collection":[{"href":"https:\/\/noticiasribeiraopreto.com.br\/index.php\/wp-json\/wp\/v2\/posts"}],"about":[{"href":"https:\/\/noticiasribeiraopreto.com.br\/index.php\/wp-json\/wp\/v2\/types\/post"}],"author":[{"embeddable":true,"href":"https:\/\/noticiasribeiraopreto.com.br\/index.php\/wp-json\/wp\/v2\/users\/1"}],"replies":[{"embeddable":true,"href":"https:\/\/noticiasribeiraopreto.com.br\/index.php\/wp-json\/wp\/v2\/comments?post=74925"}],"version-history":[{"count":0,"href":"https:\/\/noticiasribeiraopreto.com.br\/index.php\/wp-json\/wp\/v2\/posts\/74925\/revisions"}],"wp:featuredmedia":[{"embeddable":true,"href":"https:\/\/noticiasribeiraopreto.com.br\/index.php\/wp-json\/wp\/v2\/media\/74926"}],"wp:attachment":[{"href":"https:\/\/noticiasribeiraopreto.com.br\/index.php\/wp-json\/wp\/v2\/media?parent=74925"}],"wp:term":[{"taxonomy":"category","embeddable":true,"href":"https:\/\/noticiasribeiraopreto.com.br\/index.php\/wp-json\/wp\/v2\/categories?post=74925"},{"taxonomy":"post_tag","embeddable":true,"href":"https:\/\/noticiasribeiraopreto.com.br\/index.php\/wp-json\/wp\/v2\/tags?post=74925"}],"curies":[{"name":"wp","href":"https:\/\/api.w.org\/{rel}","templated":true}]}}