{"id":74927,"date":"2025-07-31T12:31:14","date_gmt":"2025-07-31T15:31:14","guid":{"rendered":"https:\/\/noticiasribeiraopreto.com.br\/index.php\/2025\/07\/31\/amores-materialistas-e-outros-quatro-filmes-estreiam-nos-cinemas-de-ribeirao-preto\/"},"modified":"2025-07-31T12:31:14","modified_gmt":"2025-07-31T15:31:14","slug":"amores-materialistas-e-outros-quatro-filmes-estreiam-nos-cinemas-de-ribeirao-preto","status":"publish","type":"post","link":"https:\/\/noticiasribeiraopreto.com.br\/index.php\/2025\/07\/31\/amores-materialistas-e-outros-quatro-filmes-estreiam-nos-cinemas-de-ribeirao-preto\/","title":{"rendered":"\u2018Amores Materialistas\u2019 e outros quatro filmes estreiam nos cinemas de Ribeir\u00e3o Preto"},"content":{"rendered":"<div class='code-block code-block-1' style='margin: 8px 0 8px auto; text-align: right; display: block; clear: both;'>\n<p><a href=\"https:\/\/wa.link\/vpicfd\"><img data-recalc-dims=\"1\" class=\"wp-image-4922\" style=\"aspect-ratio: 2.0253164556962027; width: 561px; height: auto;\" src=\"https:\/\/i0.wp.com\/ismaelcolosi.com.br\/wp-content\/uploads\/2023\/11\/grupo-de-empregos-whatsapp-e-facebook-ismael-colosi-vagas.jpg?ssl=1\" alt=\"\" \/><\/a><\/p>\n<!-- \/wp:image -->\n<\/div>\n<p> <br \/>\n<\/p>\n<div>\n<p>Os cinemas de <strong>Ribeir\u00e3o Preto<\/strong> recebem nesta <strong>quinta-feira (31)<\/strong> cinco estreias. O destaque da programa\u00e7\u00e3o \u00e9 o longa \u201c<strong>Amores Materialistas<\/strong>\u201d, que re\u00fane no elenco as estrelas de Hollywood: <strong>Dakota Johnson<\/strong>, <strong>Chris Evans<\/strong> e o brasileiro <strong>Pedro Pascal<\/strong>.<\/p>\n<p>Ribeir\u00e3o Preto conta com quatro cinemas, o\u00a0<strong>UCI<\/strong>\u00a0localizado no Ribeir\u00e3o Shopping, o\u00a0<strong>Cinep\u00f3lis<\/strong>\u00a0nos shoppings Santa \u00darsula e Iguatemi e o\u00a0<strong>Cinemark<\/strong>, no Novo Shopping.<\/p>\n<h2 class=\"wp-block-heading\"><strong>Amores Materialistas<\/strong><\/h2>\n<p>\u201c<strong>Amores Materialistas<\/strong>\u201d, o novo filme da diretora <strong>Celine Song<\/strong> apresenta <strong>Lucy (Dakota Johnson)<\/strong>, uma casamenteira profissional que vive um tri\u00e2ngulo amoroso. Dividida entre <strong>John (Chris Evans)<\/strong>, seu ex-namorado impulsivo e apaixonado, e <strong>Harry (Pedro Pascal)<\/strong>, um homem rico, gentil e sofisticado. \u00a0<\/p>\n<p><strong>Lucy<\/strong> precisa escolher entre um amor ca\u00f3tico do passado e a promessa de um relacionamento ideal no presente. O filme n\u00e3o \u00e9 recomendado para menores de <strong>14 anos<\/strong>. Assista ao trailer:<\/p>\n<figure class=\"wp-block-embed is-type-video is-provider-youtube wp-block-embed-youtube wp-embed-aspect-16-9 wp-has-aspect-ratio\">\n<div class=\"wp-block-embed__wrapper\">\n<p><iframe loading=\"lazy\" title=\"Amores Materialistas | Trailer Oficial Dublado | Em breve nos cinemas\" width=\"500\" height=\"281\" src=\"https:\/\/www.youtube.com\/embed\/XoARdoG5038?feature=oembed\" frameborder=\"0\" allow=\"accelerometer; autoplay; clipboard-write; encrypted-media; gyroscope; picture-in-picture; web-share\" referrerpolicy=\"strict-origin-when-cross-origin\" allowfullscreen><\/iframe><\/p>\n<\/div>\n<\/figure>\n<h2 class=\"wp-block-heading\"><strong>O Ritual<\/strong><\/h2>\n<p>Baseado em fatos reais, \u201c<strong>O Ritual<\/strong>\u201d chega aos cinemas para agradar os f\u00e3s de terror. A trama apresenta dois padres que vivem ao mesmo tempo momentos complicados de suas vidas. Enquanto um passa a questionar a verdade em sua f\u00e9, o outro precisa lidar com as consequ\u00eancias de um passado extremamente conturbado.<\/p>\n<p>No entanto, ambos precisam deixar suas diferen\u00e7as e conflitos de lado e se unem para exorcizar uma jovem possu\u00edda. A classifica\u00e7\u00e3o indicativa \u00e9 <strong>de 14 anos<\/strong>. Veja o trailer:<\/p>\n<figure class=\"wp-block-embed is-type-video is-provider-youtube wp-block-embed-youtube wp-embed-aspect-16-9 wp-has-aspect-ratio\">\n<p>\n<iframe loading=\"lazy\" title=\"O Ritual | Trailer Oficial Legendado\" width=\"500\" height=\"281\" src=\"https:\/\/www.youtube.com\/embed\/kiZl6IiYK7c?feature=oembed\" frameborder=\"0\" allow=\"accelerometer; autoplay; clipboard-write; encrypted-media; gyroscope; picture-in-picture; web-share\" referrerpolicy=\"strict-origin-when-cross-origin\" allowfullscreen><\/iframe>\n<\/p>\n<\/figure>\n<h2 class=\"wp-block-heading\"><strong>Fam\u00edlia \u00e0 Prova de Balas<\/strong><\/h2>\n<p>Nesta com\u00e9dia, um ex-policial tenta equilibrar sua rotina como pai de fam\u00edlia e capanga da m\u00e1fia. Um detalhe, por\u00e9m, pode estregar a promessa de levar uma vida tranquila. Quando uma miss\u00e3o sai do controle, ele precisa proteger seus entes queridos antes que o submundo do crime descubra onde ele est\u00e1. A classifica\u00e7\u00e3o indicativa \u00e9 <strong>16 anos<\/strong>. Assista ao trailer:<\/p>\n<figure class=\"wp-block-embed is-type-video is-provider-youtube wp-block-embed-youtube wp-embed-aspect-16-9 wp-has-aspect-ratio\">\n<p>\n<iframe loading=\"lazy\" title=\"FAM\u00cdLIA \u00c0 PROVA DE BALAS | Trailer Oficial Dublado\" width=\"500\" height=\"281\" src=\"https:\/\/www.youtube.com\/embed\/4oU-DL924fg?feature=oembed\" frameborder=\"0\" allow=\"accelerometer; autoplay; clipboard-write; encrypted-media; gyroscope; picture-in-picture; web-share\" referrerpolicy=\"strict-origin-when-cross-origin\" allowfullscreen><\/iframe>\n<\/p>\n<\/figure>\n<h2 class=\"wp-block-heading\"><strong>Atena<\/strong><\/h2>\n<p>O filme nacional conta a hist\u00f3ria de uma mulher atingida emocionalmente pelos traumas causados pelos abusos de seu pai na inf\u00e2ncia e que se une com outra sobrevivente para <strong>combater a viol\u00eancia contra mulheres<\/strong>, em um grupo considerado um <strong>tribunal clandestino<\/strong>.<\/p>\n<p>Por\u00e9m, o caso \u00e9 descoberto por um rep\u00f3rter investigativo que passa a acompanhar todas as atividades. O filme n\u00e3o \u00e9 recomendado para menores de <strong>16 anos<\/strong>. Assista ao trailer:<\/p>\n<figure class=\"wp-block-embed is-type-video is-provider-youtube wp-block-embed-youtube wp-embed-aspect-16-9 wp-has-aspect-ratio\">\n<div class=\"wp-block-embed__wrapper\">\n<p><iframe loading=\"lazy\" title=\"Atena | Trailer Oficial Exclusivo\" width=\"500\" height=\"281\" src=\"https:\/\/www.youtube.com\/embed\/4nWq_Sq3YEo?feature=oembed\" frameborder=\"0\" allow=\"accelerometer; autoplay; clipboard-write; encrypted-media; gyroscope; picture-in-picture; web-share\" referrerpolicy=\"strict-origin-when-cross-origin\" allowfullscreen><\/iframe><\/p>\n<\/div>\n<\/figure>\n<h2 class=\"wp-block-heading\"><strong>A Morte de Um Unic\u00f3rnio<\/strong><\/h2>\n<p>A com\u00e9dia de humor \u00e1cido, com pitadas de fantasia, \u00e9 estrelada por <strong>Paul Rudd<\/strong> e <strong>Jenna Ortega<\/strong>. A hist\u00f3ria acompanha um pai e sua filha, que a caminho de um retiro, atropelam acidentalmente um <strong>unic\u00f3rnio<\/strong>.<\/p>\n<p>Quando descobrem que a criatura \u00e9 capaz de realizar milagres, se veem envolvidos em uma trama bizarra orquestrada por um bilion\u00e1rio que quer explorar o animal. O filme n\u00e3o \u00e9 recomendado para menores de <strong>18 anos<\/strong>.<\/p>\n<figure class=\"wp-block-embed is-type-video is-provider-youtube wp-block-embed-youtube wp-embed-aspect-16-9 wp-has-aspect-ratio\">\n<div class=\"wp-block-embed__wrapper\">\n<p><iframe loading=\"lazy\" title=\"A Morte de um Unic\u00f3rnio | Trailer Oficial (Universal Pictures) - HD\" width=\"500\" height=\"281\" src=\"https:\/\/www.youtube.com\/embed\/pqfF86lqsJY?feature=oembed\" frameborder=\"0\" allow=\"accelerometer; autoplay; clipboard-write; encrypted-media; gyroscope; picture-in-picture; web-share\" referrerpolicy=\"strict-origin-when-cross-origin\" allowfullscreen><\/iframe><\/p>\n<\/div>\n<\/figure>\n<p>SAIBA MAIS<br \/>Ribeir\u00e3o Preto recebe feira gratuita com food trucks, chope e m\u00fasica ao vivo<\/p>\n<h3 class=\"wp-block-heading\"><strong>FIQUE ON\u00a0\u00a0\u00a0\u00a0\u00a0\u00a0\u00a0\u00a0\u00a0<\/strong><\/h3>\n<p>Quer ficar por dentro de tudo que acontece em Ribeir\u00e3o Preto e regi\u00e3o? Ent\u00e3o siga os perfis do\u202facidade on\u202fno\u202f<a href=\"https:\/\/www.instagram.com\/acidadeonribeirao\" target=\"_blank\" rel=\"noreferrer noopener\">Instagram<\/a>\u202fe no\u202f<a href=\"https:\/\/www.facebook.com\/acidadeonribeirao\/\" target=\"_blank\" rel=\"noreferrer noopener\">Facebook<\/a>.<\/p>\n<p>Al\u00e9m disso, voc\u00ea pode receber as principais not\u00edcias diretamente no WhatsApp. Para isso, basta\u00a0<a href=\"https:\/\/chat.whatsapp.com\/BjKQZ9oJwlz8VVT50NuePq\" target=\"_blank\" rel=\"noreferrer noopener\">entrar no grupo clicando aqui<\/a>.<\/p>\n<p>Por fim, se quiser fazer uma den\u00fancia ou sugerir uma reportagem sobre Ribeir\u00e3o Preto e regi\u00e3o, envie uma mensagem pelo WhatsApp: (16) 99117-7802.<\/p>\n<p>VEJA TAMB\u00c9M<br \/>Quando estreia \u2018Dias Perfeitos\u2019?<\/p>\n<p><!-- AI CONTENT END 1 -->\n<\/div>\n<p><script async src=\"\/\/www.instagram.com\/embed.js\"><\/script><br \/>\n<br \/><br \/>\n<br \/><a href=\"https:\/\/www.acidadeon.com\/ribeiraopreto\/lazer-e-cultura\/amores-materialistas-e-outros-quatro-filmes-estreiam-nos-cinemas-de-ribeirao-preto\/\">Source link <\/a><\/p>\n<!-- CONTENT END 1 -->\n","protected":false},"excerpt":{"rendered":"<p>Os cinemas de Ribeir\u00e3o Preto recebem nesta quinta-feira (31) cinco estreias. O destaque da programa\u00e7\u00e3o \u00e9 o longa \u201cAmores Materialistas\u201d, que re\u00fane no elenco as&#8230;<\/p>\n","protected":false},"author":1,"featured_media":74929,"comment_status":"open","ping_status":"open","sticky":false,"template":"","format":"standard","meta":{"advanced_seo_description":"","jetpack_seo_html_title":"","jetpack_seo_noindex":false,"jetpack_post_was_ever_published":false,"_jetpack_newsletter_access":"","_jetpack_dont_email_post_to_subs":false,"_jetpack_newsletter_tier_id":0,"_jetpack_memberships_contains_paywalled_content":false,"_jetpack_memberships_contains_paid_content":false,"footnotes":"","jetpack_publicize_message":"","jetpack_publicize_feature_enabled":true,"jetpack_social_post_already_shared":true,"jetpack_social_options":{"image_generator_settings":{"template":"highway","default_image_id":0,"font":"","enabled":false},"version":2}},"categories":[11],"tags":[],"class_list":["post-74927","post","type-post","status-publish","format-standard","has-post-thumbnail","hentry","category-noticias-de-ribeirao-preto-sp-e-regiao-ismael-colosi"],"jetpack_publicize_connections":[],"jetpack_featured_media_url":"https:\/\/i0.wp.com\/noticiasribeiraopreto.com.br\/wp-content\/uploads\/2025\/07\/relacionamento-e-negocio-e-amor-entra-no-orcamento-em-amores-materialistas_2025-07-31_12-16-49.webp.webp?fit=1200%2C675&ssl=1","jetpack-related-posts":[{"id":52348,"url":"https:\/\/noticiasribeiraopreto.com.br\/index.php\/2024\/06\/06\/bad-boys-e-grande-sertao-veja-os-lancamentos-nos-cinemas-de-ribeirao-preto\/","url_meta":{"origin":74927,"position":0},"title":"&#8216;Bad Boys&#8217; e &#8216;Grande Sert\u00e3o&#8217;: Veja os lan\u00e7amentos nos cinemas de Ribeir\u00e3o Preto","author":"noticiasribeiraopreto.com.br","date":"6 de June de 2024","format":false,"excerpt":"Os cinemas de Ribeir\u00e3o Preto trazem grandes lan\u00e7amentos nesta quinta-feira (6), como os filmes Bad Boys: At\u00e9 o Fim e Grande Sert\u00e3o. S\u00e3o quatro cinemas em Ribeir\u00e3o: o UCI, localizado no Ribeir\u00e3oShopping, o Cinep\u00f3lis, nos shoppings Santa \u00darsula e Iguatemi, e o Cinemark, no Novo Shopping. Todos est\u00e3o com promo\u00e7\u00e3o\u2026","rel":"","context":"In &quot;Not\u00edcias de Ribeir\u00e3o Preto-SP e Regi\u00e3o&quot;","block_context":{"text":"Not\u00edcias de Ribeir\u00e3o Preto-SP e Regi\u00e3o","link":"https:\/\/noticiasribeiraopreto.com.br\/index.php\/category\/noticias-de-ribeirao-preto-sp-e-regiao-ismael-colosi\/"},"img":{"alt_text":"","src":"https:\/\/i0.wp.com\/noticiasribeiraopreto.com.br\/wp-content\/uploads\/2024\/06\/Capturar_2024-06-06_12-05-22_jpg_2024-06-06_12-05-22.webp.webp?fit=1135%2C626&ssl=1&resize=350%2C200","width":350,"height":200,"srcset":"https:\/\/i0.wp.com\/noticiasribeiraopreto.com.br\/wp-content\/uploads\/2024\/06\/Capturar_2024-06-06_12-05-22_jpg_2024-06-06_12-05-22.webp.webp?fit=1135%2C626&ssl=1&resize=350%2C200 1x, https:\/\/i0.wp.com\/noticiasribeiraopreto.com.br\/wp-content\/uploads\/2024\/06\/Capturar_2024-06-06_12-05-22_jpg_2024-06-06_12-05-22.webp.webp?fit=1135%2C626&ssl=1&resize=525%2C300 1.5x, https:\/\/i0.wp.com\/noticiasribeiraopreto.com.br\/wp-content\/uploads\/2024\/06\/Capturar_2024-06-06_12-05-22_jpg_2024-06-06_12-05-22.webp.webp?fit=1135%2C626&ssl=1&resize=700%2C400 2x, https:\/\/i0.wp.com\/noticiasribeiraopreto.com.br\/wp-content\/uploads\/2024\/06\/Capturar_2024-06-06_12-05-22_jpg_2024-06-06_12-05-22.webp.webp?fit=1135%2C626&ssl=1&resize=1050%2C600 3x"},"classes":[]},{"id":63432,"url":"https:\/\/noticiasribeiraopreto.com.br\/index.php\/2025\/02\/13\/capitao-america-admiravel-mundo-novo-estreia-nos-cinemas-de-ribeirao-preto\/","url_meta":{"origin":74927,"position":1},"title":"\u2018Capit\u00e3o Am\u00e9rica: Admir\u00e1vel Mundo Novo\u2019 estreia nos cinemas de Ribeir\u00e3o Preto","author":"noticiasribeiraopreto.com.br","date":"13 de February de 2025","format":false,"excerpt":"Esta quinta-feira (13) \u00e9 marcada pelo lan\u00e7amento de tr\u00eas filmes nos cinemas de Ribeir\u00e3o Preto. O destaque da programa\u00e7\u00e3o \u00e9 a produ\u00e7\u00e3o \u201cCapit\u00e3o Am\u00e9rica: Admir\u00e1vel Mundo Novo\u201d, que traz o famoso her\u00f3i da Marvel de volta \u00e0s telonas. Veja todos os longas que entram em cartaz: Ribeir\u00e3o Preto conta com\u2026","rel":"","context":"In &quot;Not\u00edcias de Ribeir\u00e3o Preto-SP e Regi\u00e3o&quot;","block_context":{"text":"Not\u00edcias de Ribeir\u00e3o Preto-SP e Regi\u00e3o","link":"https:\/\/noticiasribeiraopreto.com.br\/index.php\/category\/noticias-de-ribeirao-preto-sp-e-regiao-ismael-colosi\/"},"img":{"alt_text":"","src":"https:\/\/i0.wp.com\/noticiasribeiraopreto.com.br\/wp-content\/uploads\/2025\/02\/capitaoamerica4_3_2025-02-13_12-23-56.webp.webp?fit=1200%2C630&ssl=1&resize=350%2C200","width":350,"height":200,"srcset":"https:\/\/i0.wp.com\/noticiasribeiraopreto.com.br\/wp-content\/uploads\/2025\/02\/capitaoamerica4_3_2025-02-13_12-23-56.webp.webp?fit=1200%2C630&ssl=1&resize=350%2C200 1x, https:\/\/i0.wp.com\/noticiasribeiraopreto.com.br\/wp-content\/uploads\/2025\/02\/capitaoamerica4_3_2025-02-13_12-23-56.webp.webp?fit=1200%2C630&ssl=1&resize=525%2C300 1.5x, https:\/\/i0.wp.com\/noticiasribeiraopreto.com.br\/wp-content\/uploads\/2025\/02\/capitaoamerica4_3_2025-02-13_12-23-56.webp.webp?fit=1200%2C630&ssl=1&resize=700%2C400 2x, https:\/\/i0.wp.com\/noticiasribeiraopreto.com.br\/wp-content\/uploads\/2025\/02\/capitaoamerica4_3_2025-02-13_12-23-56.webp.webp?fit=1200%2C630&ssl=1&resize=1050%2C600 3x"},"classes":[]},{"id":62515,"url":"https:\/\/noticiasribeiraopreto.com.br\/index.php\/2025\/01\/16\/aqui-e-mma-meu-melhor-amigo-estreiam-nos-cinemas-de-ribeirao-preto\/","url_meta":{"origin":74927,"position":2},"title":"\u2018Aqui\u2019 e \u2018MMA \u2013 Meu Melhor Amigo\u2019 estreiam nos cinemas de Ribeir\u00e3o Preto","author":"noticiasribeiraopreto.com.br","date":"16 de January de 2025","format":false,"excerpt":"Nesta quinta-feira (16), os cinemas de Ribeir\u00e3o Preto recebem quatro novos filmes em sua programa\u00e7\u00e3o. Estreiam produ\u00e7\u00f5es de drama, biogr\u00e1fico e terror. Entre os destaques est\u00e3o \u201cAqui\u201d e \u201cMMA \u2013 Meu Melhor Amigo\u201d.\u00a0Veja os longas em cartaz abaixo. Ribeir\u00e3o Preto conta com quatro cinemas, o UCI localizado no Ribeir\u00e3o Shopping,\u2026","rel":"","context":"In &quot;Not\u00edcias de Ribeir\u00e3o Preto-SP e Regi\u00e3o&quot;","block_context":{"text":"Not\u00edcias de Ribeir\u00e3o Preto-SP e Regi\u00e3o","link":"https:\/\/noticiasribeiraopreto.com.br\/index.php\/category\/noticias-de-ribeirao-preto-sp-e-regiao-ismael-colosi\/"},"img":{"alt_text":"","src":"https:\/\/i0.wp.com\/noticiasribeiraopreto.com.br\/wp-content\/uploads\/2025\/01\/aqui-tom-hanks_2025-01-16_15-08-40-scaled.webp.webp?fit=1200%2C675&ssl=1&resize=350%2C200","width":350,"height":200,"srcset":"https:\/\/i0.wp.com\/noticiasribeiraopreto.com.br\/wp-content\/uploads\/2025\/01\/aqui-tom-hanks_2025-01-16_15-08-40-scaled.webp.webp?fit=1200%2C675&ssl=1&resize=350%2C200 1x, https:\/\/i0.wp.com\/noticiasribeiraopreto.com.br\/wp-content\/uploads\/2025\/01\/aqui-tom-hanks_2025-01-16_15-08-40-scaled.webp.webp?fit=1200%2C675&ssl=1&resize=525%2C300 1.5x, https:\/\/i0.wp.com\/noticiasribeiraopreto.com.br\/wp-content\/uploads\/2025\/01\/aqui-tom-hanks_2025-01-16_15-08-40-scaled.webp.webp?fit=1200%2C675&ssl=1&resize=700%2C400 2x, https:\/\/i0.wp.com\/noticiasribeiraopreto.com.br\/wp-content\/uploads\/2025\/01\/aqui-tom-hanks_2025-01-16_15-08-40-scaled.webp.webp?fit=1200%2C675&ssl=1&resize=1050%2C600 3x"},"classes":[]},{"id":66047,"url":"https:\/\/noticiasribeiraopreto.com.br\/index.php\/2025\/03\/27\/resgate-implacavel-e-outros-quatro-filmes-estreiam-nos-cinemas-de-ribeirao-preto\/","url_meta":{"origin":74927,"position":3},"title":"\u2018Resgate Implac\u00e1vel\u2019 e outros quatro filmes estreiam nos cinemas de Ribeir\u00e3o Preto","author":"noticiasribeiraopreto.com.br","date":"27 de March de 2025","format":false,"excerpt":"A quinta-feira (27) \u00e9 marcada pela estreia de quatro filmes nas telonas dos cinemas de Ribeir\u00e3o Preto. As op\u00e7\u00f5es contam com filmes de a\u00e7\u00e3o, drama e com\u00e9dia. O destaque da programa\u00e7\u00e3o \u00e9 o filme estrelado por Jason Statham, \u201cResgate implac\u00e1vel\u201d. Ribeir\u00e3o Preto conta com quatro cinemas, o UCI localizado no\u2026","rel":"","context":"In &quot;Not\u00edcias de Ribeir\u00e3o Preto-SP e Regi\u00e3o&quot;","block_context":{"text":"Not\u00edcias de Ribeir\u00e3o Preto-SP e Regi\u00e3o","link":"https:\/\/noticiasribeiraopreto.com.br\/index.php\/category\/noticias-de-ribeirao-preto-sp-e-regiao-ismael-colosi\/"},"img":{"alt_text":"","src":"https:\/\/i0.wp.com\/noticiasribeiraopreto.com.br\/wp-content\/uploads\/2025\/03\/Resgate-Implacavel-filme-de-acao-com-Jason-Statham0033697700202503211020-3_2025-03-27_12-34-23.webp.webp?fit=1200%2C714&ssl=1&resize=350%2C200","width":350,"height":200,"srcset":"https:\/\/i0.wp.com\/noticiasribeiraopreto.com.br\/wp-content\/uploads\/2025\/03\/Resgate-Implacavel-filme-de-acao-com-Jason-Statham0033697700202503211020-3_2025-03-27_12-34-23.webp.webp?fit=1200%2C714&ssl=1&resize=350%2C200 1x, https:\/\/i0.wp.com\/noticiasribeiraopreto.com.br\/wp-content\/uploads\/2025\/03\/Resgate-Implacavel-filme-de-acao-com-Jason-Statham0033697700202503211020-3_2025-03-27_12-34-23.webp.webp?fit=1200%2C714&ssl=1&resize=525%2C300 1.5x, https:\/\/i0.wp.com\/noticiasribeiraopreto.com.br\/wp-content\/uploads\/2025\/03\/Resgate-Implacavel-filme-de-acao-com-Jason-Statham0033697700202503211020-3_2025-03-27_12-34-23.webp.webp?fit=1200%2C714&ssl=1&resize=700%2C400 2x, https:\/\/i0.wp.com\/noticiasribeiraopreto.com.br\/wp-content\/uploads\/2025\/03\/Resgate-Implacavel-filme-de-acao-com-Jason-Statham0033697700202503211020-3_2025-03-27_12-34-23.webp.webp?fit=1200%2C714&ssl=1&resize=1050%2C600 3x"},"classes":[]},{"id":60176,"url":"https:\/\/noticiasribeiraopreto.com.br\/index.php\/2024\/11\/07\/ainda-estou-aqui-e-outros-quatro-filmes-chegam-aos-cinemas-nesta-quinta-feira\/","url_meta":{"origin":74927,"position":4},"title":"\u2018Ainda Estou Aqui\u2019 e outros quatro filmes chegam aos cinemas nesta quinta-feira","author":"noticiasribeiraopreto.com.br","date":"7 de November de 2024","format":false,"excerpt":"A primeira quinta-feira de novembro \u00e9 marcada com grandes estreias nos cinemas de Ribeir\u00e3o Preto, como a do filme brasileiro mais comentado do ano, \u201cAinda Estou Aqui\u201d. Outros quatro filmes tamb\u00e9m chegam \u00e0s telonas. Ribeir\u00e3o Preto conta com quatro cinemas, o UCI localizado no Ribeir\u00e3o Shopping, o Cinep\u00f3lis nos shoppings\u2026","rel":"","context":"In &quot;Not\u00edcias de Ribeir\u00e3o Preto-SP e Regi\u00e3o&quot;","block_context":{"text":"Not\u00edcias de Ribeir\u00e3o Preto-SP e Regi\u00e3o","link":"https:\/\/noticiasribeiraopreto.com.br\/index.php\/category\/noticias-de-ribeirao-preto-sp-e-regiao-ismael-colosi\/"},"img":{"alt_text":"","src":"https:\/\/i0.wp.com\/noticiasribeiraopreto.com.br\/wp-content\/uploads\/2024\/11\/Creditos_-ALILEDARAONAWALE_2024-11-07_16-53-38.webp.webp?fit=1200%2C675&ssl=1&resize=350%2C200","width":350,"height":200,"srcset":"https:\/\/i0.wp.com\/noticiasribeiraopreto.com.br\/wp-content\/uploads\/2024\/11\/Creditos_-ALILEDARAONAWALE_2024-11-07_16-53-38.webp.webp?fit=1200%2C675&ssl=1&resize=350%2C200 1x, https:\/\/i0.wp.com\/noticiasribeiraopreto.com.br\/wp-content\/uploads\/2024\/11\/Creditos_-ALILEDARAONAWALE_2024-11-07_16-53-38.webp.webp?fit=1200%2C675&ssl=1&resize=525%2C300 1.5x, https:\/\/i0.wp.com\/noticiasribeiraopreto.com.br\/wp-content\/uploads\/2024\/11\/Creditos_-ALILEDARAONAWALE_2024-11-07_16-53-38.webp.webp?fit=1200%2C675&ssl=1&resize=700%2C400 2x, https:\/\/i0.wp.com\/noticiasribeiraopreto.com.br\/wp-content\/uploads\/2024\/11\/Creditos_-ALILEDARAONAWALE_2024-11-07_16-53-38.webp.webp?fit=1200%2C675&ssl=1&resize=1050%2C600 3x"},"classes":[]},{"id":60888,"url":"https:\/\/noticiasribeiraopreto.com.br\/index.php\/2024\/11\/28\/moana-2-e-a-contadora-de-filmes-estreiam-nos-cinemas-de-ribeirao-preto\/","url_meta":{"origin":74927,"position":5},"title":"\u2018Moana 2\u2019 e \u2018A Contadora de Filmes\u2019 estreiam nos cinemas de Ribeir\u00e3o Preto","author":"noticiasribeiraopreto.com.br","date":"28 de November de 2024","format":false,"excerpt":"Esta quinta-feira (28) \u00e9 marcada pelo lan\u00e7amento de dois filmes nos cinemas de Ribeir\u00e3o Preto. Uma das grandes apostas do ano \u201cMoana 2\u201d e o longa chileno \u201cA Contadora de Filmes\u201d entram em cartaz. Ribeir\u00e3o Preto conta com quatro cinemas, o UCI localizado no Ribeir\u00e3o Shopping, o Cinep\u00f3lis nos shoppings\u2026","rel":"","context":"In &quot;Not\u00edcias de Ribeir\u00e3o Preto-SP e Regi\u00e3o&quot;","block_context":{"text":"Not\u00edcias de Ribeir\u00e3o Preto-SP e Regi\u00e3o","link":"https:\/\/noticiasribeiraopreto.com.br\/index.php\/category\/noticias-de-ribeirao-preto-sp-e-regiao-ismael-colosi\/"},"img":{"alt_text":"","src":"https:\/\/i0.wp.com\/noticiasribeiraopreto.com.br\/wp-content\/uploads\/2024\/11\/novo-poster-moana_2024-11-28_12-14-29.webp.webp?fit=1200%2C675&ssl=1&resize=350%2C200","width":350,"height":200,"srcset":"https:\/\/i0.wp.com\/noticiasribeiraopreto.com.br\/wp-content\/uploads\/2024\/11\/novo-poster-moana_2024-11-28_12-14-29.webp.webp?fit=1200%2C675&ssl=1&resize=350%2C200 1x, https:\/\/i0.wp.com\/noticiasribeiraopreto.com.br\/wp-content\/uploads\/2024\/11\/novo-poster-moana_2024-11-28_12-14-29.webp.webp?fit=1200%2C675&ssl=1&resize=525%2C300 1.5x, https:\/\/i0.wp.com\/noticiasribeiraopreto.com.br\/wp-content\/uploads\/2024\/11\/novo-poster-moana_2024-11-28_12-14-29.webp.webp?fit=1200%2C675&ssl=1&resize=700%2C400 2x, https:\/\/i0.wp.com\/noticiasribeiraopreto.com.br\/wp-content\/uploads\/2024\/11\/novo-poster-moana_2024-11-28_12-14-29.webp.webp?fit=1200%2C675&ssl=1&resize=1050%2C600 3x"},"classes":[]}],"jetpack_sharing_enabled":true,"jetpack_shortlink":"https:\/\/wp.me\/peQAOb-juv","_links":{"self":[{"href":"https:\/\/noticiasribeiraopreto.com.br\/index.php\/wp-json\/wp\/v2\/posts\/74927","targetHints":{"allow":["GET"]}}],"collection":[{"href":"https:\/\/noticiasribeiraopreto.com.br\/index.php\/wp-json\/wp\/v2\/posts"}],"about":[{"href":"https:\/\/noticiasribeiraopreto.com.br\/index.php\/wp-json\/wp\/v2\/types\/post"}],"author":[{"embeddable":true,"href":"https:\/\/noticiasribeiraopreto.com.br\/index.php\/wp-json\/wp\/v2\/users\/1"}],"replies":[{"embeddable":true,"href":"https:\/\/noticiasribeiraopreto.com.br\/index.php\/wp-json\/wp\/v2\/comments?post=74927"}],"version-history":[{"count":0,"href":"https:\/\/noticiasribeiraopreto.com.br\/index.php\/wp-json\/wp\/v2\/posts\/74927\/revisions"}],"wp:featuredmedia":[{"embeddable":true,"href":"https:\/\/noticiasribeiraopreto.com.br\/index.php\/wp-json\/wp\/v2\/media\/74929"}],"wp:attachment":[{"href":"https:\/\/noticiasribeiraopreto.com.br\/index.php\/wp-json\/wp\/v2\/media?parent=74927"}],"wp:term":[{"taxonomy":"category","embeddable":true,"href":"https:\/\/noticiasribeiraopreto.com.br\/index.php\/wp-json\/wp\/v2\/categories?post=74927"},{"taxonomy":"post_tag","embeddable":true,"href":"https:\/\/noticiasribeiraopreto.com.br\/index.php\/wp-json\/wp\/v2\/tags?post=74927"}],"curies":[{"name":"wp","href":"https:\/\/api.w.org\/{rel}","templated":true}]}}