{"id":74935,"date":"2025-07-31T12:58:06","date_gmt":"2025-07-31T15:58:06","guid":{"rendered":"https:\/\/noticiasribeiraopreto.com.br\/index.php\/2025\/07\/31\/concurso-publico-da-usp-tem-salarios-de-r-113-mil-veja-como-participar\/"},"modified":"2025-07-31T12:58:06","modified_gmt":"2025-07-31T15:58:06","slug":"concurso-publico-da-usp-tem-salarios-de-r-113-mil-veja-como-participar","status":"publish","type":"post","link":"https:\/\/noticiasribeiraopreto.com.br\/index.php\/2025\/07\/31\/concurso-publico-da-usp-tem-salarios-de-r-113-mil-veja-como-participar\/","title":{"rendered":"Concurso p\u00fablico da USP tem sal\u00e1rios de R$ 11,3 mil; Veja como participar"},"content":{"rendered":"<div class='code-block code-block-1' style='margin: 8px 0 8px auto; text-align: right; display: block; clear: both;'>\n<p><a href=\"https:\/\/wa.link\/vpicfd\"><img data-recalc-dims=\"1\" class=\"wp-image-4922\" style=\"aspect-ratio: 2.0253164556962027; width: 561px; height: auto;\" src=\"https:\/\/i0.wp.com\/ismaelcolosi.com.br\/wp-content\/uploads\/2023\/11\/grupo-de-empregos-whatsapp-e-facebook-ismael-colosi-vagas.jpg?ssl=1\" alt=\"\" \/><\/a><\/p>\n<!-- \/wp:image -->\n<\/div>\n<p> <br \/>\n<\/p>\n<div data-td-block-uid=\"tdi_95\">\n<div class=\"tdb-block-inner td-fix-index\">\n<p>A<strong><a href=\"https:\/\/www5.usp.br\/\" data-type=\"link\" data-id=\"https:\/\/www5.usp.br\/\" target=\"_blank\" rel=\"noopener\"> USP (Universidade de S\u00e3o Paulo)<\/a><\/strong> publicou nesta quinta-feira (31) edital de <strong>concurso p\u00fablico <\/strong>para o cargo de <strong>f\u00edsico<\/strong>, com \u00eanfase em ci\u00eancias do patrim\u00f4nio. <mark style=\"background-color:#fcb900\" class=\"has-inline-color has-black-color\">Os sal\u00e1rios para o cargo s\u00e3o de R$ 11.334,47.<\/mark><\/p>\n<p>As inscri\u00e7\u00f5es dever\u00e3o ser realizadas das 12h do dia 11 de agosto \u00e0s 12h de 9 de setembro de 2025 no site da <strong>Fuvest <\/strong>(<a href=\"https:\/\/www.fuvest.br\/fisico\/\" data-type=\"link\" data-id=\"https:\/\/www.fuvest.br\/fisico\/\" target=\"_blank\" rel=\"noopener\">clique aqui<\/a>). A taxa de inscri\u00e7\u00e3o custa R$ 230,00.<\/p>\n<p>A vaga \u00e9 para S\u00e3o Paulo, mas os candidatos podem ser alocados em outros campi da USP, incluindo Ribeir\u00e3o Preto, caso suja a oportunidade.<\/p>\n<h2 class=\"wp-block-heading\"><strong>Pr\u00e9-requisitos<\/strong><\/h2>\n<p>Para participar, \u00e9 preciso seguir os seguintes pr\u00e9-requistos:<\/p>\n<ul class=\"wp-block-list\">\n<li>Possuir curso de gradua\u00e7\u00e3o, com carga hor\u00e1ria m\u00ednima fixada pelo MEC, em F\u00edsica;<\/li>\n<\/ul>\n<ul class=\"wp-block-list\">\n<li>Possuir conhecimento intermedi\u00e1rio de ingl\u00eas;<\/li>\n<\/ul>\n<ul class=\"wp-block-list\">\n<li>Possuir conhecimento em inform\u00e1tica.<\/li>\n<\/ul>\n<p><a href=\"https:\/\/www.fuvest.br\/fisico\/\" data-type=\"link\" data-id=\"https:\/\/www.fuvest.br\/fisico\/\" target=\"_blank\" rel=\"noopener\">Clique aqui <\/a>e veja o edital completo.<\/p>\n<p>SAIBA MAIS<br \/>At\u00e9 quando vai o frio? Veja previs\u00e3o nos pr\u00f3ximos dias<\/p>\n<h2 class=\"wp-block-heading\"><strong>FIQUE ON<\/strong><\/h2>\n<p>Fique ligado em tudo que acontece em Ribeir\u00e3o Preto e regi\u00e3o. Siga os perfis do <strong>acidade on<\/strong> no <a href=\"https:\/\/www.instagram.com\/acidadeonribeirao\" data-type=\"link\" data-id=\"https:\/\/www.instagram.com\/acidadeonribeirao\" target=\"_blank\" rel=\"noopener\">Instagram<\/a> e no <a href=\"https:\/\/www.facebook.com\/acidadeonribeirao\/\" data-type=\"link\" data-id=\"https:\/\/www.facebook.com\/acidadeonribeirao\/\" target=\"_blank\" rel=\"noopener\">Facebook<\/a>.<\/p>\n<p>Receba not\u00edcias do<strong> acidade on<\/strong> no WhatsApp. <a href=\"https:\/\/chat.whatsapp.com\/BjKQZ9oJwlz8VVT50NuePq\" data-type=\"link\" data-id=\"https:\/\/chat.whatsapp.com\/BjKQZ9oJwlz8VVT50NuePq\" target=\"_blank\" rel=\"noopener\">Para entrar no grupo, basta clicar aqui.<\/a><\/p>\n<p>Fa\u00e7a uma den\u00fancia ou sugira uma reportagem sobre Ribeir\u00e3o Preto e regi\u00e3o pelo WhatsApp: 16 99117 7802.<\/p>\n<p>VEJA TAMB\u00c9M<br \/>Como fazer churros do amor?<\/p>\n<p><!-- AI CONTENT END 1 -->\n<\/div>\n<\/div>\n<p><script async src=\"\/\/www.instagram.com\/embed.js\"><\/script><br \/>\n<br \/><br \/>\n<br \/><a href=\"https:\/\/www.acidadeon.com\/ribeiraopreto\/economia\/concurso-publico-da-usp-tem-salarios-de-r-113-mil-veja-como-participar\/\">Source link <\/a><\/p>\n<!-- CONTENT END 1 -->\n","protected":false},"excerpt":{"rendered":"<p>A USP (Universidade de S\u00e3o Paulo) publicou nesta quinta-feira (31) edital de concurso p\u00fablico para o cargo de f\u00edsico, com \u00eanfase em ci\u00eancias do patrim\u00f4nio&#8230;.<\/p>\n","protected":false},"author":1,"featured_media":73816,"comment_status":"open","ping_status":"open","sticky":false,"template":"","format":"standard","meta":{"advanced_seo_description":"","jetpack_seo_html_title":"","jetpack_seo_noindex":false,"jetpack_post_was_ever_published":false,"_jetpack_newsletter_access":"","_jetpack_dont_email_post_to_subs":false,"_jetpack_newsletter_tier_id":0,"_jetpack_memberships_contains_paywalled_content":false,"_jetpack_memberships_contains_paid_content":false,"footnotes":"","jetpack_publicize_message":"","jetpack_publicize_feature_enabled":true,"jetpack_social_post_already_shared":true,"jetpack_social_options":{"image_generator_settings":{"template":"highway","default_image_id":0,"font":"","enabled":false},"version":2}},"categories":[11],"tags":[],"class_list":["post-74935","post","type-post","status-publish","format-standard","has-post-thumbnail","hentry","category-noticias-de-ribeirao-preto-sp-e-regiao-ismael-colosi"],"jetpack_publicize_connections":[],"jetpack_featured_media_url":"https:\/\/i0.wp.com\/noticiasribeiraopreto.com.br\/wp-content\/uploads\/2025\/07\/concurso-publico-ribeirao-preto_2024-08-13_10-44-40_jpg_2024-08-13_10-44-40.webp.webp?fit=1200%2C800&ssl=1","jetpack-related-posts":[{"id":74810,"url":"https:\/\/noticiasribeiraopreto.com.br\/index.php\/2025\/07\/29\/usp-abre-concurso-publico-com-12-vagas-e-salarios-de-r-6-mil-saiba-como-participar\/","url_meta":{"origin":74935,"position":0},"title":"USP abre concurso p\u00fablico com 12 vagas e sal\u00e1rios de R$ 6 mil; Saiba como participar","author":"noticiasribeiraopreto.com.br","date":"29 de July de 2025","format":false,"excerpt":"A USP (Universidade de S\u00e3o Paulo) publicou edital de concurso p\u00fablico com 12 vagas para o cargo de t\u00e9cnico de laborat\u00f3rio (especialidade: qu\u00edmica). Os sal\u00e1rios s\u00e3o de R$ 6.027,72 e as oportunidades s\u00e3o para quatro campi da USP, incluindo Ribeir\u00e3o Preto. As inscri\u00e7\u00f5es devem ser realizadas no site da Fuvest\u2026","rel":"","context":"In &quot;Not\u00edcias de Ribeir\u00e3o Preto-SP e Regi\u00e3o&quot;","block_context":{"text":"Not\u00edcias de Ribeir\u00e3o Preto-SP e Regi\u00e3o","link":"https:\/\/noticiasribeiraopreto.com.br\/index.php\/category\/noticias-de-ribeirao-preto-sp-e-regiao-ismael-colosi\/"},"img":{"alt_text":"","src":"https:\/\/i0.wp.com\/noticiasribeiraopreto.com.br\/wp-content\/uploads\/2025\/07\/concurso-publico_2025-07-09_13-50-45.webp.webp?fit=1200%2C798&ssl=1&resize=350%2C200","width":350,"height":200,"srcset":"https:\/\/i0.wp.com\/noticiasribeiraopreto.com.br\/wp-content\/uploads\/2025\/07\/concurso-publico_2025-07-09_13-50-45.webp.webp?fit=1200%2C798&ssl=1&resize=350%2C200 1x, https:\/\/i0.wp.com\/noticiasribeiraopreto.com.br\/wp-content\/uploads\/2025\/07\/concurso-publico_2025-07-09_13-50-45.webp.webp?fit=1200%2C798&ssl=1&resize=525%2C300 1.5x, https:\/\/i0.wp.com\/noticiasribeiraopreto.com.br\/wp-content\/uploads\/2025\/07\/concurso-publico_2025-07-09_13-50-45.webp.webp?fit=1200%2C798&ssl=1&resize=700%2C400 2x, https:\/\/i0.wp.com\/noticiasribeiraopreto.com.br\/wp-content\/uploads\/2025\/07\/concurso-publico_2025-07-09_13-50-45.webp.webp?fit=1200%2C798&ssl=1&resize=1050%2C600 3x"},"classes":[]},{"id":46072,"url":"https:\/\/noticiasribeiraopreto.com.br\/index.php\/2024\/04\/09\/usp-ribeirao-preto-tem-concurso-publico-com-salarios-de-r-21-mil\/","url_meta":{"origin":74935,"position":1},"title":"USP Ribeir\u00e3o Preto tem concurso p\u00fablico com sal\u00e1rios de R$ 21 mil","author":"noticiasribeiraopreto.com.br","date":"9 de April de 2024","format":false,"excerpt":"A Escola de Enfermagem de Ribeir\u00e3o Preto da USP (Universidade de S\u00e3o Paulo) abriu as inscri\u00e7\u00f5es para concurso p\u00fablico com duas vagas para o cargo de professor titular. Os sal\u00e1rios para o cargo s\u00e3o de R$ 21.942,59. As inscri\u00e7\u00f5es podem ser realizadas at\u00e9 as 17h do dia 4 de outubro\u2026","rel":"","context":"In &quot;Not\u00edcias de Ribeir\u00e3o Preto-SP e Regi\u00e3o&quot;","block_context":{"text":"Not\u00edcias de Ribeir\u00e3o Preto-SP e Regi\u00e3o","link":"https:\/\/noticiasribeiraopreto.com.br\/index.php\/category\/noticias-de-ribeirao-preto-sp-e-regiao-ismael-colosi\/"},"img":{"alt_text":"","src":"https:\/\/i0.wp.com\/noticiasribeiraopreto.com.br\/wp-content\/uploads\/2024\/04\/concurso-publico-nacional-unificado-cesgranrio.jpg?fit=1200%2C798&ssl=1&resize=350%2C200","width":350,"height":200,"srcset":"https:\/\/i0.wp.com\/noticiasribeiraopreto.com.br\/wp-content\/uploads\/2024\/04\/concurso-publico-nacional-unificado-cesgranrio.jpg?fit=1200%2C798&ssl=1&resize=350%2C200 1x, https:\/\/i0.wp.com\/noticiasribeiraopreto.com.br\/wp-content\/uploads\/2024\/04\/concurso-publico-nacional-unificado-cesgranrio.jpg?fit=1200%2C798&ssl=1&resize=525%2C300 1.5x, https:\/\/i0.wp.com\/noticiasribeiraopreto.com.br\/wp-content\/uploads\/2024\/04\/concurso-publico-nacional-unificado-cesgranrio.jpg?fit=1200%2C798&ssl=1&resize=700%2C400 2x, https:\/\/i0.wp.com\/noticiasribeiraopreto.com.br\/wp-content\/uploads\/2024\/04\/concurso-publico-nacional-unificado-cesgranrio.jpg?fit=1200%2C798&ssl=1&resize=1050%2C600 3x"},"classes":[]},{"id":859,"url":"https:\/\/noticiasribeiraopreto.com.br\/index.php\/2023\/11\/09\/usp-de-ribeirao-preto-tem-concurso-publico-com-salarios-de-r-14-mil\/","url_meta":{"origin":74935,"position":2},"title":"USP de Ribeir\u00e3o Preto tem concurso p\u00fablico com sal\u00e1rios de R$ 14 mil","author":"noticiasribeiraopreto.com.br","date":"9 de November de 2023","format":false,"excerpt":"A Faculdade de Ci\u00eancias Farmac\u00eauticas de Ribeir\u00e3o Preto da USP (Universidade de S\u00e3o Paulo) publicou nesta quinta-feira (9) edital de concurso p\u00fablico para o cargo de professor doutor. Os sal\u00e1rios para fun\u00e7\u00e3o s\u00e3o de R$ 14.761,02. O cargo \u00e9 para o Departamento de Ci\u00eancias Biomoleculares da Faculdade de Ci\u00eancias Farmac\u00eauticas,\u2026","rel":"","context":"In &quot;Not\u00edcias de Ribeir\u00e3o Preto-SP e Regi\u00e3o&quot;","block_context":{"text":"Not\u00edcias de Ribeir\u00e3o Preto-SP e Regi\u00e3o","link":"https:\/\/noticiasribeiraopreto.com.br\/index.php\/category\/noticias-de-ribeirao-preto-sp-e-regiao-ismael-colosi\/"},"img":{"alt_text":"","src":"https:\/\/i0.wp.com\/noticiasribeiraopreto.com.br\/wp-content\/uploads\/2023\/11\/CAMPUS-DA-USP-DE-RIBEIRAO-PRETO-1024x683.jpg?fit=1024%2C683&ssl=1&resize=350%2C200","width":350,"height":200,"srcset":"https:\/\/i0.wp.com\/noticiasribeiraopreto.com.br\/wp-content\/uploads\/2023\/11\/CAMPUS-DA-USP-DE-RIBEIRAO-PRETO-1024x683.jpg?fit=1024%2C683&ssl=1&resize=350%2C200 1x, https:\/\/i0.wp.com\/noticiasribeiraopreto.com.br\/wp-content\/uploads\/2023\/11\/CAMPUS-DA-USP-DE-RIBEIRAO-PRETO-1024x683.jpg?fit=1024%2C683&ssl=1&resize=525%2C300 1.5x, https:\/\/i0.wp.com\/noticiasribeiraopreto.com.br\/wp-content\/uploads\/2023\/11\/CAMPUS-DA-USP-DE-RIBEIRAO-PRETO-1024x683.jpg?fit=1024%2C683&ssl=1&resize=700%2C400 2x"},"classes":[]},{"id":58666,"url":"https:\/\/noticiasribeiraopreto.com.br\/index.php\/2024\/10\/03\/usp-ribeirao-preto-tem-concurso-publico-com-salarios-de-r-15-mil-2\/","url_meta":{"origin":74935,"position":3},"title":"USP Ribeir\u00e3o Preto tem concurso p\u00fablico com sal\u00e1rios de R$ 15 mil","author":"noticiasribeiraopreto.com.br","date":"3 de October de 2024","format":false,"excerpt":"A Faculdade de Medicina de Ribeir\u00e3o Preto da USP (Universidade de S\u00e3o Paulo) publicou o edital do concurso p\u00fablico para o cargo de professor doutor no departamento de Ortopedia e Anestesiologia. Os sal\u00e1rios para o cargo s\u00e3o de R$ 15.498,97. As inscri\u00e7\u00f5es dever\u00e3o ser realizadas no per\u00edodo entre 9h do\u2026","rel":"","context":"In &quot;Not\u00edcias de Ribeir\u00e3o Preto-SP e Regi\u00e3o&quot;","block_context":{"text":"Not\u00edcias de Ribeir\u00e3o Preto-SP e Regi\u00e3o","link":"https:\/\/noticiasribeiraopreto.com.br\/index.php\/category\/noticias-de-ribeirao-preto-sp-e-regiao-ismael-colosi\/"},"img":{"alt_text":"","src":"https:\/\/i0.wp.com\/noticiasribeiraopreto.com.br\/wp-content\/uploads\/2024\/07\/fmrp4jpg_2024-07-11_23-52-20_jpg_2024-07-11_23-52-21.webp.webp?fit=1200%2C675&ssl=1&resize=350%2C200","width":350,"height":200,"srcset":"https:\/\/i0.wp.com\/noticiasribeiraopreto.com.br\/wp-content\/uploads\/2024\/07\/fmrp4jpg_2024-07-11_23-52-20_jpg_2024-07-11_23-52-21.webp.webp?fit=1200%2C675&ssl=1&resize=350%2C200 1x, https:\/\/i0.wp.com\/noticiasribeiraopreto.com.br\/wp-content\/uploads\/2024\/07\/fmrp4jpg_2024-07-11_23-52-20_jpg_2024-07-11_23-52-21.webp.webp?fit=1200%2C675&ssl=1&resize=525%2C300 1.5x, https:\/\/i0.wp.com\/noticiasribeiraopreto.com.br\/wp-content\/uploads\/2024\/07\/fmrp4jpg_2024-07-11_23-52-20_jpg_2024-07-11_23-52-21.webp.webp?fit=1200%2C675&ssl=1&resize=700%2C400 2x, https:\/\/i0.wp.com\/noticiasribeiraopreto.com.br\/wp-content\/uploads\/2024\/07\/fmrp4jpg_2024-07-11_23-52-20_jpg_2024-07-11_23-52-21.webp.webp?fit=1200%2C675&ssl=1&resize=1050%2C600 3x"},"classes":[]},{"id":56039,"url":"https:\/\/noticiasribeiraopreto.com.br\/index.php\/2024\/08\/09\/usp-ribeirao-preto-tem-concurso-publico-com-salarios-de-r-15-mil\/","url_meta":{"origin":74935,"position":4},"title":"USP Ribeir\u00e3o Preto tem concurso p\u00fablico com sal\u00e1rios de R$ 15 mil","author":"noticiasribeiraopreto.com.br","date":"9 de August de 2024","format":false,"excerpt":"A FEA-RP (Faculdade de Economia, Administra\u00e7\u00e3o e Contabilidade de Ribeir\u00e3o Preto) da USP (Universidade de S\u00e3o Paulo) est\u00e1 com as inscri\u00e7\u00f5es abertas para o concurso p\u00fablico de professor doutor. Os sal\u00e1rios para o cargo s\u00e3o de R$ 15.498,97. O profissional vai atuar na \u00e1rea de teoria econ\u00f4mica no departamento de\u2026","rel":"","context":"In &quot;Not\u00edcias de Ribeir\u00e3o Preto-SP e Regi\u00e3o&quot;","block_context":{"text":"Not\u00edcias de Ribeir\u00e3o Preto-SP e Regi\u00e3o","link":"https:\/\/noticiasribeiraopreto.com.br\/index.php\/category\/noticias-de-ribeirao-preto-sp-e-regiao-ismael-colosi\/"},"img":{"alt_text":"","src":"https:\/\/i0.wp.com\/noticiasribeiraopreto.com.br\/wp-content\/uploads\/2024\/08\/fea-usp-ribeirao-preto.jpg?fit=1200%2C800&ssl=1&resize=350%2C200","width":350,"height":200,"srcset":"https:\/\/i0.wp.com\/noticiasribeiraopreto.com.br\/wp-content\/uploads\/2024\/08\/fea-usp-ribeirao-preto.jpg?fit=1200%2C800&ssl=1&resize=350%2C200 1x, https:\/\/i0.wp.com\/noticiasribeiraopreto.com.br\/wp-content\/uploads\/2024\/08\/fea-usp-ribeirao-preto.jpg?fit=1200%2C800&ssl=1&resize=525%2C300 1.5x, https:\/\/i0.wp.com\/noticiasribeiraopreto.com.br\/wp-content\/uploads\/2024\/08\/fea-usp-ribeirao-preto.jpg?fit=1200%2C800&ssl=1&resize=700%2C400 2x, https:\/\/i0.wp.com\/noticiasribeiraopreto.com.br\/wp-content\/uploads\/2024\/08\/fea-usp-ribeirao-preto.jpg?fit=1200%2C800&ssl=1&resize=1050%2C600 3x"},"classes":[]},{"id":74731,"url":"https:\/\/noticiasribeiraopreto.com.br\/index.php\/2025\/07\/28\/usp-abre-concurso-publico-com-vagas-em-ribeirao-preto-veja-como-participar\/","url_meta":{"origin":74935,"position":5},"title":"USP abre concurso p\u00fablico com vagas em Ribeir\u00e3o Preto; Veja como participar","author":"noticiasribeiraopreto.com.br","date":"28 de July de 2025","format":false,"excerpt":"A USP (Universidade de S\u00e3o Paulo) publicou tr\u00eas editais de concurso p\u00fablico no Di\u00e1rio Oficial do Estado desta segunda-feira (28). Ao todo, s\u00e3o tr\u00eas vagas dispon\u00edveis, sendo duas para Ribeir\u00e3o Preto e outra para S\u00e3o Paulo. Os sal\u00e1rios para os tr\u00eas cargos s\u00e3o de R$ 11.334,47. Veja as vagas Ribeir\u00e3o\u2026","rel":"","context":"In &quot;Not\u00edcias de Ribeir\u00e3o Preto-SP e Regi\u00e3o&quot;","block_context":{"text":"Not\u00edcias de Ribeir\u00e3o Preto-SP e Regi\u00e3o","link":"https:\/\/noticiasribeiraopreto.com.br\/index.php\/category\/noticias-de-ribeirao-preto-sp-e-regiao-ismael-colosi\/"},"img":{"alt_text":"","src":"https:\/\/i0.wp.com\/noticiasribeiraopreto.com.br\/wp-content\/uploads\/2025\/07\/21_2025-01-02_15-54-47_jpg_2025-01-02_15-54-47.webp.webp?fit=1200%2C767&ssl=1&resize=350%2C200","width":350,"height":200,"srcset":"https:\/\/i0.wp.com\/noticiasribeiraopreto.com.br\/wp-content\/uploads\/2025\/07\/21_2025-01-02_15-54-47_jpg_2025-01-02_15-54-47.webp.webp?fit=1200%2C767&ssl=1&resize=350%2C200 1x, https:\/\/i0.wp.com\/noticiasribeiraopreto.com.br\/wp-content\/uploads\/2025\/07\/21_2025-01-02_15-54-47_jpg_2025-01-02_15-54-47.webp.webp?fit=1200%2C767&ssl=1&resize=525%2C300 1.5x, https:\/\/i0.wp.com\/noticiasribeiraopreto.com.br\/wp-content\/uploads\/2025\/07\/21_2025-01-02_15-54-47_jpg_2025-01-02_15-54-47.webp.webp?fit=1200%2C767&ssl=1&resize=700%2C400 2x, https:\/\/i0.wp.com\/noticiasribeiraopreto.com.br\/wp-content\/uploads\/2025\/07\/21_2025-01-02_15-54-47_jpg_2025-01-02_15-54-47.webp.webp?fit=1200%2C767&ssl=1&resize=1050%2C600 3x"},"classes":[]}],"jetpack_sharing_enabled":true,"jetpack_shortlink":"https:\/\/wp.me\/peQAOb-juD","_links":{"self":[{"href":"https:\/\/noticiasribeiraopreto.com.br\/index.php\/wp-json\/wp\/v2\/posts\/74935","targetHints":{"allow":["GET"]}}],"collection":[{"href":"https:\/\/noticiasribeiraopreto.com.br\/index.php\/wp-json\/wp\/v2\/posts"}],"about":[{"href":"https:\/\/noticiasribeiraopreto.com.br\/index.php\/wp-json\/wp\/v2\/types\/post"}],"author":[{"embeddable":true,"href":"https:\/\/noticiasribeiraopreto.com.br\/index.php\/wp-json\/wp\/v2\/users\/1"}],"replies":[{"embeddable":true,"href":"https:\/\/noticiasribeiraopreto.com.br\/index.php\/wp-json\/wp\/v2\/comments?post=74935"}],"version-history":[{"count":0,"href":"https:\/\/noticiasribeiraopreto.com.br\/index.php\/wp-json\/wp\/v2\/posts\/74935\/revisions"}],"wp:featuredmedia":[{"embeddable":true,"href":"https:\/\/noticiasribeiraopreto.com.br\/index.php\/wp-json\/wp\/v2\/media\/73816"}],"wp:attachment":[{"href":"https:\/\/noticiasribeiraopreto.com.br\/index.php\/wp-json\/wp\/v2\/media?parent=74935"}],"wp:term":[{"taxonomy":"category","embeddable":true,"href":"https:\/\/noticiasribeiraopreto.com.br\/index.php\/wp-json\/wp\/v2\/categories?post=74935"},{"taxonomy":"post_tag","embeddable":true,"href":"https:\/\/noticiasribeiraopreto.com.br\/index.php\/wp-json\/wp\/v2\/tags?post=74935"}],"curies":[{"name":"wp","href":"https:\/\/api.w.org\/{rel}","templated":true}]}}