{"id":74936,"date":"2025-07-31T13:19:03","date_gmt":"2025-07-31T16:19:03","guid":{"rendered":"https:\/\/noticiasribeiraopreto.com.br\/index.php\/2025\/07\/31\/lucas-paqueta-e-absolvido-de-acusacao-de-envolvimento-com-apostas\/"},"modified":"2025-07-31T13:19:03","modified_gmt":"2025-07-31T16:19:03","slug":"lucas-paqueta-e-absolvido-de-acusacao-de-envolvimento-com-apostas","status":"publish","type":"post","link":"https:\/\/noticiasribeiraopreto.com.br\/index.php\/2025\/07\/31\/lucas-paqueta-e-absolvido-de-acusacao-de-envolvimento-com-apostas\/","title":{"rendered":"Lucas Paquet\u00e1 \u00e9 absolvido de acusa\u00e7\u00e3o de envolvimento com apostas"},"content":{"rendered":"<div class='code-block code-block-1' style='margin: 8px 0 8px auto; text-align: right; display: block; clear: both;'>\n<p><a href=\"https:\/\/wa.link\/vpicfd\"><img data-recalc-dims=\"1\" class=\"wp-image-4922\" style=\"aspect-ratio: 2.0253164556962027; width: 561px; height: auto;\" src=\"https:\/\/i0.wp.com\/ismaelcolosi.com.br\/wp-content\/uploads\/2023\/11\/grupo-de-empregos-whatsapp-e-facebook-ismael-colosi-vagas.jpg?ssl=1\" alt=\"\" \/><\/a><\/p>\n<!-- \/wp:image -->\n<\/div>\n<p> <br \/>\n<\/p>\n<div id=\"\">\n<h2 class=\"penci-post-subtitle\">Meia brasileiro corria risco de ser banido do futebol<\/h2>\n<p>\n\t\t\t\t\t\t\t\t\t<span class=\"entry-meta-item penci-posted-on\"><i class=\"fa fa-clock-o\"\/><time class=\"entry-date published updated\" datetime=\"2025-07-31T13:12:07-03:00\">31 de julho de 2025 13:12<\/time><\/span><span class=\"entry-meta-item penci-post-countview\"><span class=\"entry-meta-item penci-post-countview penci_post-meta_item\"><i class=\"fa fa-eye\"\/><span class=\"penci-post-countview-number penci-post-countview-p433303\">0<\/span><\/span><\/span>\t\t\t\t\t\t\t\t<\/p>\n<p><!-- .entry-meta --><br \/>\n\t\t\t\t\t\t\t\t<span class=\"penci-social-buttons penci-social-share-footer\"><span class=\"penci-social-share-text\">Compartilhar<\/span><a href=\"#\" class=\"penci-post-like penci_post-meta_item  single-like-button penci-social-item like\" data-post_id=\"433303\" title=\"Like\" data-like=\"Like\" data-unlike=\"Unlike\"><i class=\"fa fa-thumbs-o-up\"\/><span class=\"penci-share-number\">0<\/span><\/a><i class=\"fa fa-facebook\"\/><a class=\"penci-social-item twitter\" target=\"_blank\" rel=\"noopener\" title=\"\" href=\"https:\/\/twitter.com\/intent\/tweet?text=Lucas%20Paquet\u00e1%20\u00e9%20absolvido%20de%20acusa\u00e7\u00e3o%20de%20envolvimento%20com%20apostas%20-%20https:\/\/www.tribunaribeirao.com.br\/lucas-paqueta-e-absolvido-de-acusacao-de-envolvimento-com-apostas\/\"><i class=\"fa fa-twitter\"\/><\/a><i class=\"fa fa-linkedin\"\/><i class=\"fa fa-whatsapp\"\/><i class=\"fa fa-telegram\"\/><i class=\"fa fa-envelope\"\/><\/span>\t\t\t\t\t\t\t<\/div>\n<div>\n<p>O meio-campista brasileiro Lucas Paquet\u00e1, acusado de quatro viola\u00e7\u00f5es em rela\u00e7\u00e3o \u00e0s regras de apostas em partidas do Campeonato Ingl\u00eas, foi absolvido pela Comiss\u00e3o Reguladora que considerou infundadas as acusa\u00e7\u00f5es contra o jogador do West Ham. Diante da decis\u00e3o proferida nesta quinta-feira, o jogador est\u00e1 liberado para defender sua equipe na pr\u00f3xima edi\u00e7\u00e3o da Premier League.<\/p>\n<p>A absolvi\u00e7\u00e3o foi anunciada inicialmente pelo pr\u00f3prio clube. \u201cEstamos satisfeitos que Lucas tenha sido inocentado. Ele alegou inoc\u00eancia desde o in\u00edcio e, como clube, o apoiamos firmemente durante todo o processo\u201d, disse a vice-presidente Karren Brady por meio de comunicado.<\/p>\n<p>A dirigente exaltou a dedica\u00e7\u00e3o do jogador revelado pelo Flamengo desde que as acusa\u00e7\u00f5es ganharam o notici\u00e1rio esportivo e afirmou que ele agora ter\u00e1 mais tranquilidade para seguir a sua carreira.<\/p>\n<p>\u201cApesar da incr\u00edvel press\u00e3o, Lucas tem se destacado semana ap\u00f3s semana pelo clube, sempre dando tudo de si. Tem sido um momento dif\u00edcil para Lucas e sua fam\u00edlia, mas ele se manteve absolutamente profissional durante todo o processo e agora est\u00e1 ansioso para encerrar este epis\u00f3dio, assim como todos n\u00f3s do West Ham\u201d, completa o comunicado.<\/p>\n<p>A partir de agora, a equipe inglesa deve se reunir com o estafe do atleta para definir que rumo tomar. O jogador de 28 anos esteve no radar de v\u00e1rios grandes times europeus como o Manchester City. O Flamengo tamb\u00e9m manifestou o desejo de ter o atleta, mas recuou e preferiu aguardar a defini\u00e7\u00e3o da quest\u00e3o.<\/p>\n<p>Paquet\u00e1 foi denunciado em maio de 2024 pela Associa\u00e7\u00e3o de Futebol da Inglaterra (FA na sigla em ingl\u00eas) sob acusa\u00e7\u00e3o de ter violado as regras de conduta relacionada a apostas esportivas em quatro partidas do Campeonato Ingl\u00eas.<\/p>\n<p>Os jogos citados foram contra o Leicester, em 12 de novembro de 2022; Aston Villa, em 12 de mar\u00e7o de 2023; Leeds United, em 21 de maio de 2023; e ainda contra o Bournemouth, em 12 de agosto do mesmo ano. O atleta levou cart\u00e3o amarelo nesses quatro confrontos.<\/p>\n<p>Desde que foi denunciado, o brasileiro alegou ser inocente da acusa\u00e7\u00e3o de ter violado a Regra E5.1: \u201cUm participante n\u00e3o deve, direta ou indiretamente, tentar influenciar para fins indevidos o resultado, o andamento, a conduta ou qualquer outro aspecto ou ocorr\u00eancia em ou em conex\u00e3o com uma partida ou competi\u00e7\u00e3o de futebol\u201d.<\/p>\n<p>Ap\u00f3s a decis\u00e3o, o jogador celebrou a decis\u00e3o em suas redes sociais. \u201cDesde o primeiro dia desta investiga\u00e7\u00e3o, mantive a minha inoc\u00eancia contra essas acusa\u00e7\u00f5es grav\u00edssimas. N\u00e3o posso dizer mais nada agora, mas tamb\u00e9m n\u00e3o consigo expressar o quanto dou grato a Deus e quanto estou ansioso para voltar a jogar futebol com um sorriso no rosto. \u00c0 minha esposa, que n\u00e3o soltou a minha m\u00e3o, ao West Ham, aos torcedores que sempre me apoiaram, ao Fernando Malta e minha equipe jur\u00eddica da LEVEL, obrigado por tudo.\u201d<\/p>\n<p>Paquet\u00e1 ainda corre o risco de sofrer uma san\u00e7\u00e3o leve por ter infringido, na avalia\u00e7\u00e3o da Comiss\u00e3o Reguladora, o item F3 do Regulamento da FA, que trata da necess\u00e1ria coopera\u00e7\u00e3o do atleta em caso de investiga\u00e7\u00f5es. \u201cLucas Paquet\u00e1 negou as acusa\u00e7\u00f5es contra ele, mas a Comiss\u00e3o Reguladora considerou-as comprovadas ap\u00f3s a audi\u00eancia. A Comiss\u00e3o Reguladora decidir\u00e1 sobre a san\u00e7\u00e3o apropriada para essas infra\u00e7\u00f5es assim que poss\u00edvel\u201d, informou a FA, em refer\u00eancia ao item\u00a0F3.<\/p>\n<p>Via Estad\u00e3o Conte\u00fado<\/p>\n<pre>Jornal Tribuna Ribeir\u00e3o&#13;\nUm Jornal com a cara de Ribeir\u00e3o!&#13;\nImpresso | WEB | Redes sociais&#13;\n&#13;\nTribuna Ribeir\u00e3o - Fone: (16) 3632-2200 - Whatsapp: (16) 98161-8743&#13;\nAv. Bar\u00e3o do Bananal, 880 - Jardim Anhanguera, Ribeir\u00e3o Preto&#13;\n&#13;\n@tribunaribeirao @jornaltribuna&#13;\n@jornaltribunaribeirao @jornalribeiraopreto&#13;\n@noticiasribeiraopreto @meiamaratona&#13;\n@meiamaratonainternacionalderibeiraopreto&#13;\n@meiamaratonatribunaribeirao&#13;\n&#13;\n#TribunaRibeir\u00e3o #News #Not\u00edcia #Ribeir\u00e3oPreto #Not\u00edciasDeRibeir\u00e3oPreto #ClassificadosTribunaRibeir\u00e3o #Jornalismo #ClassificadosRibeir\u00e3o<\/pre>\n<\/div>\n<p><script async src=\"\/\/platform.twitter.com\/widgets.js\" charset=\"utf-8\"><\/script><br \/>\n<br \/><br \/>\n<br \/><a href=\"https:\/\/www.tribunaribeirao.com.br\/lucas-paqueta-e-absolvido-de-acusacao-de-envolvimento-com-apostas\/\">Source link <\/a><\/p>\n<!-- CONTENT END 1 -->\n","protected":false},"excerpt":{"rendered":"<p>Meia brasileiro corria risco de ser banido do futebol 31 de julho de 2025 13:120 Compartilhar0 O meio-campista brasileiro Lucas Paquet\u00e1, acusado de quatro viola\u00e7\u00f5es&#8230;<\/p>\n","protected":false},"author":1,"featured_media":74937,"comment_status":"open","ping_status":"open","sticky":false,"template":"","format":"standard","meta":{"advanced_seo_description":"","jetpack_seo_html_title":"","jetpack_seo_noindex":false,"jetpack_post_was_ever_published":false,"_jetpack_newsletter_access":"","_jetpack_dont_email_post_to_subs":false,"_jetpack_newsletter_tier_id":0,"_jetpack_memberships_contains_paywalled_content":false,"_jetpack_memberships_contains_paid_content":false,"footnotes":"","jetpack_publicize_message":"","jetpack_publicize_feature_enabled":true,"jetpack_social_post_already_shared":true,"jetpack_social_options":{"image_generator_settings":{"template":"highway","default_image_id":0,"font":"","enabled":false},"version":2}},"categories":[11],"tags":[],"class_list":["post-74936","post","type-post","status-publish","format-standard","has-post-thumbnail","hentry","category-noticias-de-ribeirao-preto-sp-e-regiao-ismael-colosi"],"jetpack_publicize_connections":[],"jetpack_featured_media_url":"https:\/\/i0.wp.com\/noticiasribeiraopreto.com.br\/wp-content\/uploads\/2025\/07\/MEI-Lucas-Paqueta-Henry-Browne_Getty-Images.jpeg?fit=700%2C467&ssl=1","jetpack-related-posts":[{"id":77465,"url":"https:\/\/noticiasribeiraopreto.com.br\/index.php\/2025\/09\/19\/defesa-civil-publica-alerta-para-o-estado-de-sp-veja-regioes-afetadas\/","url_meta":{"origin":74936,"position":0},"title":"Defesa Civil publica alerta para o estado de SP; Veja regi\u00f5es afetadas","author":"noticiasribeiraopreto.com.br","date":"19 de September de 2025","format":false,"excerpt":"A Defesa Civil emitiu alerta para calor, baixa umidade do ar, queimadas e chuvas fortes no estado de S\u00e3o Paulo a partir desta sexta-feira (19). No domingo (21) est\u00e1 prevista a aproxima\u00e7\u00e3o de uma frente fria. Segundo o \u00f3rg\u00e3o, entre esta sexta e domingo a previs\u00e3o \u00e9 de predom\u00ednio de\u2026","rel":"","context":"In &quot;Not\u00edcias de Ribeir\u00e3o Preto-SP e Regi\u00e3o&quot;","block_context":{"text":"Not\u00edcias de Ribeir\u00e3o Preto-SP e Regi\u00e3o","link":"https:\/\/noticiasribeiraopreto.com.br\/index.php\/category\/noticias-de-ribeirao-preto-sp-e-regiao-ismael-colosi\/"},"img":{"alt_text":"","src":"https:\/\/i0.wp.com\/noticiasribeiraopreto.com.br\/wp-content\/uploads\/2025\/07\/WhatsApp-Image-2024-07-13-at-19.42.17_2024-07-13_22-42-51_jpeg_2024-07-13_22-42-51.webp.webp?fit=1200%2C553&ssl=1&resize=350%2C200","width":350,"height":200,"srcset":"https:\/\/i0.wp.com\/noticiasribeiraopreto.com.br\/wp-content\/uploads\/2025\/07\/WhatsApp-Image-2024-07-13-at-19.42.17_2024-07-13_22-42-51_jpeg_2024-07-13_22-42-51.webp.webp?fit=1200%2C553&ssl=1&resize=350%2C200 1x, https:\/\/i0.wp.com\/noticiasribeiraopreto.com.br\/wp-content\/uploads\/2025\/07\/WhatsApp-Image-2024-07-13-at-19.42.17_2024-07-13_22-42-51_jpeg_2024-07-13_22-42-51.webp.webp?fit=1200%2C553&ssl=1&resize=525%2C300 1.5x, https:\/\/i0.wp.com\/noticiasribeiraopreto.com.br\/wp-content\/uploads\/2025\/07\/WhatsApp-Image-2024-07-13-at-19.42.17_2024-07-13_22-42-51_jpeg_2024-07-13_22-42-51.webp.webp?fit=1200%2C553&ssl=1&resize=700%2C400 2x, https:\/\/i0.wp.com\/noticiasribeiraopreto.com.br\/wp-content\/uploads\/2025\/07\/WhatsApp-Image-2024-07-13-at-19.42.17_2024-07-13_22-42-51_jpeg_2024-07-13_22-42-51.webp.webp?fit=1200%2C553&ssl=1&resize=1050%2C600 3x"},"classes":[]},{"id":16216,"url":"https:\/\/noticiasribeiraopreto.com.br\/index.php\/2023\/12\/15\/urgente-publicado-edital-para-144-vagas-e-cadastros-de-analistas-2\/","url_meta":{"origin":74936,"position":1},"title":"Urgente! Publicado edital para 144 vagas e cadastros de analistas","author":"noticiasribeiraopreto.com.br","date":"15 de December de 2023","format":false,"excerpt":"Foi publicado, no di\u00e1rio oficial da Uni\u00e3o desta sexta-feira, 15 de dezembro, o edital do novo concurso Capes (Coordena\u00e7\u00e3o de Aperfei\u00e7oamento de Pessoal de N\u00edvel Superior). A sele\u00e7\u00e3o j\u00e1 contava com contrato assinado com a banca desde o \u00faltimo dia 1 de dezembro e conta com oferta de 144 vagas,\u2026","rel":"","context":"In &quot;Vagas de Emprego em Ribeir\u00e3o Preto-SP&quot;","block_context":{"text":"Vagas de Emprego em Ribeir\u00e3o Preto-SP","link":"https:\/\/noticiasribeiraopreto.com.br\/index.php\/category\/empregos-classificados-vagas-trabalho\/vagas-de-empregos-em-ribeirao-preto-regiao-brasil\/"},"img":{"alt_text":"cap1","src":"https:\/\/i0.wp.com\/jcconcursos.com.br\/media\/uploads\/cap1.jpg?resize=350%2C200&ssl=1","width":350,"height":200,"srcset":"https:\/\/i0.wp.com\/jcconcursos.com.br\/media\/uploads\/cap1.jpg?resize=350%2C200&ssl=1 1x, https:\/\/i0.wp.com\/jcconcursos.com.br\/media\/uploads\/cap1.jpg?resize=525%2C300&ssl=1 1.5x, https:\/\/i0.wp.com\/jcconcursos.com.br\/media\/uploads\/cap1.jpg?resize=700%2C400&ssl=1 2x"},"classes":[]},{"id":75001,"url":"https:\/\/noticiasribeiraopreto.com.br\/index.php\/2025\/08\/01\/roubos-avancam-em-junho-ante-maio\/","url_meta":{"origin":74936,"position":2},"title":"Roubos avan\u00e7am em junho ante maio","author":"noticiasribeiraopreto.com.br","date":"1 de August de 2025","format":false,"excerpt":"A Secretaria de Seguran\u00e7a P\u00fablica do Estado de S\u00e3o Paulo (SSP\/SP) divulgou os resultados das \u201cEstat\u00edsticas da Criminalidade\u201d. Em Ribeir\u00e3o Preto, todos os crimes contra o patrim\u00f4nio registraram queda \u2013 furtos e roubos em geral e furtos e roubos de ve\u00edculos \u2013 no primeiro semestre deste ano em rela\u00e7\u00e3o ao\u2026","rel":"","context":"In &quot;Not\u00edcias de Ribeir\u00e3o Preto-SP e Regi\u00e3o&quot;","block_context":{"text":"Not\u00edcias de Ribeir\u00e3o Preto-SP e Regi\u00e3o","link":"https:\/\/noticiasribeiraopreto.com.br\/index.php\/category\/noticias-de-ribeirao-preto-sp-e-regiao-ismael-colosi\/"},"img":{"alt_text":"","src":"https:\/\/i0.wp.com\/noticiasribeiraopreto.com.br\/wp-content\/uploads\/2025\/08\/CrimeRP-Pixabay-scaled.jpg?fit=1170%2C780&ssl=1&resize=350%2C200","width":350,"height":200,"srcset":"https:\/\/i0.wp.com\/noticiasribeiraopreto.com.br\/wp-content\/uploads\/2025\/08\/CrimeRP-Pixabay-scaled.jpg?fit=1170%2C780&ssl=1&resize=350%2C200 1x, https:\/\/i0.wp.com\/noticiasribeiraopreto.com.br\/wp-content\/uploads\/2025\/08\/CrimeRP-Pixabay-scaled.jpg?fit=1170%2C780&ssl=1&resize=525%2C300 1.5x, https:\/\/i0.wp.com\/noticiasribeiraopreto.com.br\/wp-content\/uploads\/2025\/08\/CrimeRP-Pixabay-scaled.jpg?fit=1170%2C780&ssl=1&resize=700%2C400 2x, https:\/\/i0.wp.com\/noticiasribeiraopreto.com.br\/wp-content\/uploads\/2025\/08\/CrimeRP-Pixabay-scaled.jpg?fit=1170%2C780&ssl=1&resize=1050%2C600 3x"},"classes":[]},{"id":40392,"url":"https:\/\/noticiasribeiraopreto.com.br\/index.php\/2024\/03\/03\/arquivo-recebeu-mais-de-13-mil-pedidos-de-certidoes-de-imigracao\/","url_meta":{"origin":74936,"position":3},"title":"Arquivo recebeu mais de 13 mil pedidos de certid\u00f5es de imigra\u00e7\u00e3o\u00a0","author":"noticiasribeiraopreto.com.br","date":"3 de March de 2024","format":false,"excerpt":"3 de mar\u00e7o de 2024 | 11:002 de mar\u00e7o de 2024 | 11:56 0O Arquivo P\u00fablico do Estado de S\u00e3o Paulo (APESP) recebeu 13.372 requerimentos de certid\u00f5es de imigra\u00e7\u00e3o em 2023. Desse total, quase 60% foram de descendentes italianos em busca de mais informa\u00e7\u00f5es sobre os familiares. Desde 2011, os\u2026","rel":"","context":"In &quot;Not\u00edcias de Ribeir\u00e3o Preto-SP e Regi\u00e3o&quot;","block_context":{"text":"Not\u00edcias de Ribeir\u00e3o Preto-SP e Regi\u00e3o","link":"https:\/\/noticiasribeiraopreto.com.br\/index.php\/category\/noticias-de-ribeirao-preto-sp-e-regiao-ismael-colosi\/"},"img":{"alt_text":"","src":"https:\/\/i0.wp.com\/noticiasribeiraopreto.com.br\/wp-content\/uploads\/2024\/03\/fotoarquivopublicodoestadodesaopaulo-creditoreproducao-scaled.jpg?fit=967%2C645&ssl=1&resize=350%2C200","width":350,"height":200,"srcset":"https:\/\/i0.wp.com\/noticiasribeiraopreto.com.br\/wp-content\/uploads\/2024\/03\/fotoarquivopublicodoestadodesaopaulo-creditoreproducao-scaled.jpg?fit=967%2C645&ssl=1&resize=350%2C200 1x, https:\/\/i0.wp.com\/noticiasribeiraopreto.com.br\/wp-content\/uploads\/2024\/03\/fotoarquivopublicodoestadodesaopaulo-creditoreproducao-scaled.jpg?fit=967%2C645&ssl=1&resize=525%2C300 1.5x, https:\/\/i0.wp.com\/noticiasribeiraopreto.com.br\/wp-content\/uploads\/2024\/03\/fotoarquivopublicodoestadodesaopaulo-creditoreproducao-scaled.jpg?fit=967%2C645&ssl=1&resize=700%2C400 2x"},"classes":[]},{"id":73182,"url":"https:\/\/noticiasribeiraopreto.com.br\/index.php\/2025\/06\/26\/unesp-abre-concurso-publico-com-salarios-de-ate-r-124-mil\/","url_meta":{"origin":74936,"position":4},"title":"Unesp abre concurso p\u00fablico com sal\u00e1rios de at\u00e9 R$ 12,4 mil","author":"noticiasribeiraopreto.com.br","date":"26 de June de 2025","format":false,"excerpt":"A Unesp publicou novos editais de concurso p\u00fablico com 41 vagas de n\u00edvel fundamental, m\u00e9dio e superior. Os sal\u00e1rios para as fun\u00e7\u00f5es variam entre R$ 4.258,11 e R$ 12.456,12. As oportunidades s\u00e3o para os campi de Bauru, Rio Claro, Dracena, Araraquara, Presidente Prudente, S\u00e3o Paulo, Botucatu, Franca, Sorocaba, Jaboticabal e\u2026","rel":"","context":"In &quot;Not\u00edcias de Ribeir\u00e3o Preto-SP e Regi\u00e3o&quot;","block_context":{"text":"Not\u00edcias de Ribeir\u00e3o Preto-SP e Regi\u00e3o","link":"https:\/\/noticiasribeiraopreto.com.br\/index.php\/category\/noticias-de-ribeirao-preto-sp-e-regiao-ismael-colosi\/"},"img":{"alt_text":"","src":"https:\/\/i0.wp.com\/noticiasribeiraopreto.com.br\/wp-content\/uploads\/2025\/06\/concurso-publico-7_2025-01-22_20-01-23_jpg_2025-01-22_20-01-23.webp.webp?fit=1200%2C800&ssl=1&resize=350%2C200","width":350,"height":200,"srcset":"https:\/\/i0.wp.com\/noticiasribeiraopreto.com.br\/wp-content\/uploads\/2025\/06\/concurso-publico-7_2025-01-22_20-01-23_jpg_2025-01-22_20-01-23.webp.webp?fit=1200%2C800&ssl=1&resize=350%2C200 1x, https:\/\/i0.wp.com\/noticiasribeiraopreto.com.br\/wp-content\/uploads\/2025\/06\/concurso-publico-7_2025-01-22_20-01-23_jpg_2025-01-22_20-01-23.webp.webp?fit=1200%2C800&ssl=1&resize=525%2C300 1.5x, https:\/\/i0.wp.com\/noticiasribeiraopreto.com.br\/wp-content\/uploads\/2025\/06\/concurso-publico-7_2025-01-22_20-01-23_jpg_2025-01-22_20-01-23.webp.webp?fit=1200%2C800&ssl=1&resize=700%2C400 2x, https:\/\/i0.wp.com\/noticiasribeiraopreto.com.br\/wp-content\/uploads\/2025\/06\/concurso-publico-7_2025-01-22_20-01-23_jpg_2025-01-22_20-01-23.webp.webp?fit=1200%2C800&ssl=1&resize=1050%2C600 3x"},"classes":[]},{"id":38834,"url":"https:\/\/noticiasribeiraopreto.com.br\/index.php\/2024\/02\/21\/inmet-alerta-para-chuvas-intensas-no-interior-de-sp-veja-previsao-para-10-dias-em-ribeirao\/","url_meta":{"origin":74936,"position":5},"title":"Inmet alerta para chuvas intensas no interior de SP; Veja previs\u00e3o para 10 dias em Ribeir\u00e3o","author":"noticiasribeiraopreto.com.br","date":"21 de February de 2024","format":false,"excerpt":"O Instituto Nacional de Meteorologia (Inmet) emitiu um alerta, nesta quarta-feira (21), de \u201cperigo potencial\u201d para chuvas intensas no interior de S\u00e3o Paulo, incluindo a regi\u00e3o de Ribeir\u00e3o Preto. O comunicado, que \u00e9 v\u00e1lido at\u00e9 a manh\u00e3 desta quinta-feira (22), prev\u00ea chuva de at\u00e9 50 mil\u00edmetros por dia, com ventos\u2026","rel":"","context":"In &quot;Not\u00edcias de Ribeir\u00e3o Preto-SP e Regi\u00e3o&quot;","block_context":{"text":"Not\u00edcias de Ribeir\u00e3o Preto-SP e Regi\u00e3o","link":"https:\/\/noticiasribeiraopreto.com.br\/index.php\/category\/noticias-de-ribeirao-preto-sp-e-regiao-ismael-colosi\/"},"img":{"alt_text":"","src":"https:\/\/i0.wp.com\/noticiasribeiraopreto.com.br\/wp-content\/uploads\/2024\/02\/chuva_ribeirao_1024x576_27012021223007.jpg?fit=1024%2C576&ssl=1&resize=350%2C200","width":350,"height":200,"srcset":"https:\/\/i0.wp.com\/noticiasribeiraopreto.com.br\/wp-content\/uploads\/2024\/02\/chuva_ribeirao_1024x576_27012021223007.jpg?fit=1024%2C576&ssl=1&resize=350%2C200 1x, https:\/\/i0.wp.com\/noticiasribeiraopreto.com.br\/wp-content\/uploads\/2024\/02\/chuva_ribeirao_1024x576_27012021223007.jpg?fit=1024%2C576&ssl=1&resize=525%2C300 1.5x, https:\/\/i0.wp.com\/noticiasribeiraopreto.com.br\/wp-content\/uploads\/2024\/02\/chuva_ribeirao_1024x576_27012021223007.jpg?fit=1024%2C576&ssl=1&resize=700%2C400 2x"},"classes":[]}],"jetpack_sharing_enabled":true,"jetpack_shortlink":"https:\/\/wp.me\/peQAOb-juE","_links":{"self":[{"href":"https:\/\/noticiasribeiraopreto.com.br\/index.php\/wp-json\/wp\/v2\/posts\/74936","targetHints":{"allow":["GET"]}}],"collection":[{"href":"https:\/\/noticiasribeiraopreto.com.br\/index.php\/wp-json\/wp\/v2\/posts"}],"about":[{"href":"https:\/\/noticiasribeiraopreto.com.br\/index.php\/wp-json\/wp\/v2\/types\/post"}],"author":[{"embeddable":true,"href":"https:\/\/noticiasribeiraopreto.com.br\/index.php\/wp-json\/wp\/v2\/users\/1"}],"replies":[{"embeddable":true,"href":"https:\/\/noticiasribeiraopreto.com.br\/index.php\/wp-json\/wp\/v2\/comments?post=74936"}],"version-history":[{"count":0,"href":"https:\/\/noticiasribeiraopreto.com.br\/index.php\/wp-json\/wp\/v2\/posts\/74936\/revisions"}],"wp:featuredmedia":[{"embeddable":true,"href":"https:\/\/noticiasribeiraopreto.com.br\/index.php\/wp-json\/wp\/v2\/media\/74937"}],"wp:attachment":[{"href":"https:\/\/noticiasribeiraopreto.com.br\/index.php\/wp-json\/wp\/v2\/media?parent=74936"}],"wp:term":[{"taxonomy":"category","embeddable":true,"href":"https:\/\/noticiasribeiraopreto.com.br\/index.php\/wp-json\/wp\/v2\/categories?post=74936"},{"taxonomy":"post_tag","embeddable":true,"href":"https:\/\/noticiasribeiraopreto.com.br\/index.php\/wp-json\/wp\/v2\/tags?post=74936"}],"curies":[{"name":"wp","href":"https:\/\/api.w.org\/{rel}","templated":true}]}}