{"id":74938,"date":"2025-07-31T15:16:31","date_gmt":"2025-07-31T18:16:31","guid":{"rendered":"https:\/\/noticiasribeiraopreto.com.br\/index.php\/2025\/07\/31\/festival-com-cerveja-gastronomia-e-entrada-gratuita-comeca-nesta-sexta-em-ribeirao-preto\/"},"modified":"2025-07-31T15:16:31","modified_gmt":"2025-07-31T18:16:31","slug":"festival-com-cerveja-gastronomia-e-entrada-gratuita-comeca-nesta-sexta-em-ribeirao-preto","status":"publish","type":"post","link":"https:\/\/noticiasribeiraopreto.com.br\/index.php\/2025\/07\/31\/festival-com-cerveja-gastronomia-e-entrada-gratuita-comeca-nesta-sexta-em-ribeirao-preto\/","title":{"rendered":"Festival com cerveja, gastronomia e entrada gratuita come\u00e7a nesta sexta em Ribeir\u00e3o Preto"},"content":{"rendered":"<div class='code-block code-block-1' style='margin: 8px 0 8px auto; text-align: right; display: block; clear: both;'>\n<p><a href=\"https:\/\/wa.link\/vpicfd\"><img data-recalc-dims=\"1\" class=\"wp-image-4922\" style=\"aspect-ratio: 2.0253164556962027; width: 561px; height: auto;\" src=\"https:\/\/i0.wp.com\/ismaelcolosi.com.br\/wp-content\/uploads\/2023\/11\/grupo-de-empregos-whatsapp-e-facebook-ismael-colosi-vagas.jpg?ssl=1\" alt=\"\" \/><\/a><\/p>\n<!-- \/wp:image -->\n<\/div>\n<p> <br \/>\n<\/p>\n<div>\n<p>O <mark style=\"background-color:#fcb900\" class=\"has-inline-color\">maior festival de cervejas artesanais do estado de S\u00e3o Paulo<\/mark>, o <strong>Champions Beer<\/strong>, come\u00e7a nesta <strong>quinta-feira (1\u00ba)<\/strong> no estacionamento do Shopping Iguatemi, <strong>em Ribeir\u00e3o Preto.<\/strong><\/p>\n<p><strong>O evento tem entrada gratuita<\/strong> e acontece durante dois finais de semana: de <strong>1 a 3 de agosto<\/strong> e de <strong>8 a 10 de agosto<\/strong>, sempre a partir das <strong>17h \u00e0s sextas-feiras<\/strong> e das <strong>14h aos s\u00e1bados e domingos<\/strong>.<\/p>\n<h2 class=\"wp-block-heading\"><strong>14 cervejarias confirmadas<\/strong><\/h2>\n<p>O p\u00fablico poder\u00e1 degustar r\u00f3tulos de <strong>14 cervejarias artesanais<\/strong> vindas de diversas cidades paulistas, al\u00e9m de uma representante do Paran\u00e1. Entre elas, est\u00e3o:<\/p>\n<ul class=\"wp-block-list\">\n<li><strong>Ribeir\u00e3o Preto<\/strong>: Memento.brew, Maltesa, Walf\u00e4nger, Invicta e Amarillo<\/li>\n<li><strong>Sert\u00e3ozinho<\/strong>: N\u00f8rdlands<\/li>\n<li><strong>Monte Alto<\/strong>: Maltvs<\/li>\n<li><strong>Curitiba<\/strong>: BodeBrown<\/li>\n<li><strong>Campinas<\/strong>: Cervejaria Campinas<\/li>\n<li><strong>Bragan\u00e7a Paulista<\/strong>: Bragantina<\/li>\n<li><strong>Louveira<\/strong>: Hebling<\/li>\n<li><strong>Araraquara<\/strong>: Cervejaria Opera<\/li>\n<li><strong>Piracicaba<\/strong>: Tutta<\/li>\n<li><strong>Santo Andr\u00e9<\/strong>: Madalena<\/li>\n<\/ul>\n<p>No domingo (10), \u00e0s 17h, o <strong>p\u00fablico escolhe a melhor cerveja do evento por meio de vota\u00e7\u00e3o popular.<\/strong><\/p>\n<h3 class=\"wp-block-heading\"><strong>Gastronomia e estrutura <\/strong><\/h3>\n<p>Al\u00e9m das cervejas, o festival oferece uma ampla pra\u00e7a de alimenta\u00e7\u00e3o com <strong>food trucks de hamb\u00farguer, churrasco, crepe, pastel, cachorro-quente e op\u00e7\u00f5es doces<\/strong>. A estrutura conta ainda com <strong>espa\u00e7o pet-friendly, \u00e1rea kids<\/strong> e ambiente com seguran\u00e7a para toda a fam\u00edlia.<\/p>\n<h3 class=\"wp-block-heading\"><strong>M\u00fasica ao vivo<\/strong><\/h3>\n<p>O <strong>Champions Beer<\/strong> tamb\u00e9m ter\u00e1 <strong>shows ao vivo<\/strong> com bandas cover e artistas regionais. Confira a programa\u00e7\u00e3o completa:<\/p>\n<h4 class=\"wp-block-heading\"><strong>Sexta-feira (1\/8)<\/strong><\/h4>\n<ul class=\"wp-block-list\">\n<li>17h \u2013 Abertura<\/li>\n<li>18h \u2013 Rock Friends<\/li>\n<li>20h \u2013 Hardwired Metallica Tributo<\/li>\n<\/ul>\n<h4 class=\"wp-block-heading\"><strong>S\u00e1bado (2\/8)<\/strong><\/h4>\n<ul class=\"wp-block-list\">\n<li>14h \u2013 House Band<\/li>\n<li>17h \u2013 Space Loops<\/li>\n<li>20h \u2013 Banda Paradise<\/li>\n<\/ul>\n<h4 class=\"wp-block-heading\"><strong>Domingo (3\/8)<\/strong><\/h4>\n<ul class=\"wp-block-list\">\n<li>14h \u2013 Master Band School of Rock<\/li>\n<li>15h \u2013 Nil Guimar\u00e3es<\/li>\n<li>19h \u2013 Tonantes<\/li>\n<\/ul>\n<h4 class=\"wp-block-heading\"><strong>Sexta-feira (8\/8)<\/strong><\/h4>\n<ul class=\"wp-block-list\">\n<li>17h \u2013 Abertura<\/li>\n<li>18h \u2013 Banda Z\u00e9firo<\/li>\n<li>20h \u2013 Vers\u00e3o 2<\/li>\n<\/ul>\n<h4 class=\"wp-block-heading\"><strong>S\u00e1bado (9\/8)<\/strong><\/h4>\n<ul class=\"wp-block-list\">\n<li>14h \u2013 Sector A Rush Tribute<\/li>\n<li>16h \u2013 A Minas<\/li>\n<li>20h \u2013 Runaway Bon Jovi Cover<\/li>\n<\/ul>\n<h4 class=\"wp-block-heading\"><strong>Domingo (10\/8)<\/strong><\/h4>\n<ul class=\"wp-block-list\">\n<li>14h \u2013 Abertura<\/li>\n<li>16h \u2013 Mr. Dan \u2013 Especial Queen<\/li>\n<li>19h \u2013 Rubber Soul Beatles (especial Dia dos Pais)<\/li>\n<\/ul>\n<hr class=\"wp-block-separator has-alpha-channel-opacity\"\/>\n<p>SAIBA MAIS<\/p>\n<p>Ribeir\u00e3o Preto recebe feira gratuita com food trucks, chope e m\u00fasica ao vivo<\/p>\n<h2 class=\"wp-block-heading\"><strong>FIQUE ON<\/strong><\/h2>\n<p>Quer ficar por dentro de tudo que acontece em Ribeir\u00e3o Preto e regi\u00e3o? Ent\u00e3o siga os perfis do\u202facidade on\u202fno\u202f<a href=\"https:\/\/www.instagram.com\/acidadeonribeirao\" target=\"_blank\" rel=\"noreferrer noopener\">Instagram<\/a>\u202fe no\u202f<a href=\"https:\/\/www.facebook.com\/acidadeonribeirao\/\" target=\"_blank\" rel=\"noreferrer noopener\">Facebook<\/a>.<\/p>\n<p>Al\u00e9m disso, voc\u00ea pode receber as principais not\u00edcias diretamente no WhatsApp. Para isso, basta\u00a0<a href=\"https:\/\/chat.whatsapp.com\/BjKQZ9oJwlz8VVT50NuePq\" target=\"_blank\" rel=\"noreferrer noopener\">entrar no grupo clicando aqui<\/a>.<\/p>\n<p>Por fim, se quiser fazer uma den\u00fancia ou sugerir uma reportagem sobre Ribeir\u00e3o Preto e regi\u00e3o, envie uma mensagem pelo WhatsApp: (16) 99117-7802.<\/p>\n<p>VEJA TAMB\u00c9M<\/p>\n<p>Qual o hor\u00e1rio em que celulares s\u00e3o mais furtados?<\/p>\n<p><!-- AI CONTENT END 1 -->\n<\/div>\n<p><script async src=\"\/\/www.instagram.com\/embed.js\"><\/script><br \/>\n<br \/><br \/>\n<br \/><a href=\"https:\/\/www.acidadeon.com\/ribeiraopreto\/cotidiano\/festival-com-cerveja-gastronomia-e-entrada-gratuita-comeca-nesta-sexta-em-ribeirao-preto\/\">Source link <\/a><\/p>\n<!-- CONTENT END 1 -->\n","protected":false},"excerpt":{"rendered":"<p>O maior festival de cervejas artesanais do estado de S\u00e3o Paulo, o Champions Beer, come\u00e7a nesta quinta-feira (1\u00ba) no estacionamento do Shopping Iguatemi, em Ribeir\u00e3o&#8230;<\/p>\n","protected":false},"author":1,"featured_media":74754,"comment_status":"open","ping_status":"open","sticky":false,"template":"","format":"standard","meta":{"advanced_seo_description":"","jetpack_seo_html_title":"","jetpack_seo_noindex":false,"jetpack_post_was_ever_published":false,"_jetpack_newsletter_access":"","_jetpack_dont_email_post_to_subs":false,"_jetpack_newsletter_tier_id":0,"_jetpack_memberships_contains_paywalled_content":false,"_jetpack_memberships_contains_paid_content":false,"footnotes":"","jetpack_publicize_message":"","jetpack_publicize_feature_enabled":true,"jetpack_social_post_already_shared":true,"jetpack_social_options":{"image_generator_settings":{"template":"highway","default_image_id":0,"font":"","enabled":false},"version":2}},"categories":[11],"tags":[],"class_list":["post-74938","post","type-post","status-publish","format-standard","has-post-thumbnail","hentry","category-noticias-de-ribeirao-preto-sp-e-regiao-ismael-colosi"],"jetpack_publicize_connections":[],"jetpack_featured_media_url":"https:\/\/i0.wp.com\/noticiasribeiraopreto.com.br\/wp-content\/uploads\/2025\/07\/Copia-de-Copia-de-Copia-de-TAMANHO-EXATO-PARA-FOTOS-NO-SISTEMA-NOVO-2025-07-28T161641.051_2025-07-28_19-17-00.webp.webp?fit=1200%2C675&ssl=1","jetpack-related-posts":[{"id":74971,"url":"https:\/\/noticiasribeiraopreto.com.br\/index.php\/2025\/07\/31\/festival-com-cerveja-gastronomia-e-entrada-gratuita-comeca-nesta-sexta-em-ribeirao-preto-2\/","url_meta":{"origin":74938,"position":0},"title":"Festival com cerveja, gastronomia e entrada gratuita come\u00e7a nesta sexta em Ribeir\u00e3o Preto","author":"noticiasribeiraopreto.com.br","date":"31 de July de 2025","format":false,"excerpt":"O maior festival de cervejas artesanais do estado de S\u00e3o Paulo, o Champions Beer, come\u00e7a nesta quinta-feira (1\u00ba) no estacionamento do Shopping Iguatemi, em Ribeir\u00e3o Preto. O evento tem entrada gratuita e acontece durante dois finais de semana: de 1 a 3 de agosto e de 8 a 10 de\u2026","rel":"","context":"In &quot;Not\u00edcias de Ribeir\u00e3o Preto-SP e Regi\u00e3o&quot;","block_context":{"text":"Not\u00edcias de Ribeir\u00e3o Preto-SP e Regi\u00e3o","link":"https:\/\/noticiasribeiraopreto.com.br\/index.php\/category\/noticias-de-ribeirao-preto-sp-e-regiao-ismael-colosi\/"},"img":{"alt_text":"","src":"https:\/\/i0.wp.com\/noticiasribeiraopreto.com.br\/wp-content\/uploads\/2025\/07\/Copia-de-Copia-de-Copia-de-TAMANHO-EXATO-PARA-FOTOS-NO-SISTEMA-NOVO-2025-07-28T161641.051_2025-07-28_19-17-00.webp.webp?fit=1200%2C675&ssl=1&resize=350%2C200","width":350,"height":200,"srcset":"https:\/\/i0.wp.com\/noticiasribeiraopreto.com.br\/wp-content\/uploads\/2025\/07\/Copia-de-Copia-de-Copia-de-TAMANHO-EXATO-PARA-FOTOS-NO-SISTEMA-NOVO-2025-07-28T161641.051_2025-07-28_19-17-00.webp.webp?fit=1200%2C675&ssl=1&resize=350%2C200 1x, https:\/\/i0.wp.com\/noticiasribeiraopreto.com.br\/wp-content\/uploads\/2025\/07\/Copia-de-Copia-de-Copia-de-TAMANHO-EXATO-PARA-FOTOS-NO-SISTEMA-NOVO-2025-07-28T161641.051_2025-07-28_19-17-00.webp.webp?fit=1200%2C675&ssl=1&resize=525%2C300 1.5x, https:\/\/i0.wp.com\/noticiasribeiraopreto.com.br\/wp-content\/uploads\/2025\/07\/Copia-de-Copia-de-Copia-de-TAMANHO-EXATO-PARA-FOTOS-NO-SISTEMA-NOVO-2025-07-28T161641.051_2025-07-28_19-17-00.webp.webp?fit=1200%2C675&ssl=1&resize=700%2C400 2x, https:\/\/i0.wp.com\/noticiasribeiraopreto.com.br\/wp-content\/uploads\/2025\/07\/Copia-de-Copia-de-Copia-de-TAMANHO-EXATO-PARA-FOTOS-NO-SISTEMA-NOVO-2025-07-28T161641.051_2025-07-28_19-17-00.webp.webp?fit=1200%2C675&ssl=1&resize=1050%2C600 3x"},"classes":[]},{"id":74753,"url":"https:\/\/noticiasribeiraopreto.com.br\/index.php\/2025\/07\/28\/festival-de-cerveja-artesanal-em-ribeirao-preto-tem-entrada-gratuita-e-atracoes-musicais\/","url_meta":{"origin":74938,"position":1},"title":"Festival de cerveja artesanal em Ribeir\u00e3o Preto tem entrada gratuita e atra\u00e7\u00f5es musicais","author":"noticiasribeiraopreto.com.br","date":"28 de July de 2025","format":false,"excerpt":"Ribeir\u00e3o Preto sedia, nos dois pr\u00f3ximos fins de semana, o festival de cervejas artesanais Champions Beer, no estacionamento do Shopping Iguatemi. O evento tem entrada gratuita e re\u00fane 15 cervejarias de diferentes cidades de S\u00e3o Paulo, al\u00e9m de shows ao vivo, pra\u00e7a de alimenta\u00e7\u00e3o, espa\u00e7o pet-friendly e \u00e1rea kids. A\u2026","rel":"","context":"In &quot;Not\u00edcias de Ribeir\u00e3o Preto-SP e Regi\u00e3o&quot;","block_context":{"text":"Not\u00edcias de Ribeir\u00e3o Preto-SP e Regi\u00e3o","link":"https:\/\/noticiasribeiraopreto.com.br\/index.php\/category\/noticias-de-ribeirao-preto-sp-e-regiao-ismael-colosi\/"},"img":{"alt_text":"","src":"https:\/\/i0.wp.com\/noticiasribeiraopreto.com.br\/wp-content\/uploads\/2025\/07\/Copia-de-Copia-de-Copia-de-TAMANHO-EXATO-PARA-FOTOS-NO-SISTEMA-NOVO-2025-07-28T161641.051_2025-07-28_19-17-00.webp.webp?fit=1200%2C675&ssl=1&resize=350%2C200","width":350,"height":200,"srcset":"https:\/\/i0.wp.com\/noticiasribeiraopreto.com.br\/wp-content\/uploads\/2025\/07\/Copia-de-Copia-de-Copia-de-TAMANHO-EXATO-PARA-FOTOS-NO-SISTEMA-NOVO-2025-07-28T161641.051_2025-07-28_19-17-00.webp.webp?fit=1200%2C675&ssl=1&resize=350%2C200 1x, https:\/\/i0.wp.com\/noticiasribeiraopreto.com.br\/wp-content\/uploads\/2025\/07\/Copia-de-Copia-de-Copia-de-TAMANHO-EXATO-PARA-FOTOS-NO-SISTEMA-NOVO-2025-07-28T161641.051_2025-07-28_19-17-00.webp.webp?fit=1200%2C675&ssl=1&resize=525%2C300 1.5x, https:\/\/i0.wp.com\/noticiasribeiraopreto.com.br\/wp-content\/uploads\/2025\/07\/Copia-de-Copia-de-Copia-de-TAMANHO-EXATO-PARA-FOTOS-NO-SISTEMA-NOVO-2025-07-28T161641.051_2025-07-28_19-17-00.webp.webp?fit=1200%2C675&ssl=1&resize=700%2C400 2x, https:\/\/i0.wp.com\/noticiasribeiraopreto.com.br\/wp-content\/uploads\/2025\/07\/Copia-de-Copia-de-Copia-de-TAMANHO-EXATO-PARA-FOTOS-NO-SISTEMA-NOVO-2025-07-28T161641.051_2025-07-28_19-17-00.webp.webp?fit=1200%2C675&ssl=1&resize=1050%2C600 3x"},"classes":[]},{"id":67165,"url":"https:\/\/noticiasribeiraopreto.com.br\/index.php\/2025\/04\/10\/festival-de-cervejas-artesanais-continua-neste-fim-de-semana-em-ribeirao-preto\/","url_meta":{"origin":74938,"position":2},"title":"Festival de cervejas artesanais continua neste fim de semana em Ribeir\u00e3o Preto","author":"noticiasribeiraopreto.com.br","date":"10 de April de 2025","format":false,"excerpt":"Continua neste fim de semana a programa\u00e7\u00e3o do Champions Beer. A abertura do festival de cervejas artesanais acontece na sexta-feira (11), \u00e0s 17h e segue at\u00e9 domingo (13), no estacionamento do Shopping Iguatemi. A entrada \u00e9 gratuita. Al\u00e9m das cervejas artesanais, o evento conta com programa\u00e7\u00e3o musical, pra\u00e7a de alimenta\u00e7\u00e3o,\u2026","rel":"","context":"In &quot;Not\u00edcias de Ribeir\u00e3o Preto-SP e Regi\u00e3o&quot;","block_context":{"text":"Not\u00edcias de Ribeir\u00e3o Preto-SP e Regi\u00e3o","link":"https:\/\/noticiasribeiraopreto.com.br\/index.php\/category\/noticias-de-ribeirao-preto-sp-e-regiao-ismael-colosi\/"},"img":{"alt_text":"","src":"https:\/\/i0.wp.com\/noticiasribeiraopreto.com.br\/wp-content\/uploads\/2024\/09\/champions-beer_2024-09-06_17-47-35_jpeg_2024-09-06_17-47-35.webp.webp?fit=1200%2C675&ssl=1&resize=350%2C200","width":350,"height":200,"srcset":"https:\/\/i0.wp.com\/noticiasribeiraopreto.com.br\/wp-content\/uploads\/2024\/09\/champions-beer_2024-09-06_17-47-35_jpeg_2024-09-06_17-47-35.webp.webp?fit=1200%2C675&ssl=1&resize=350%2C200 1x, https:\/\/i0.wp.com\/noticiasribeiraopreto.com.br\/wp-content\/uploads\/2024\/09\/champions-beer_2024-09-06_17-47-35_jpeg_2024-09-06_17-47-35.webp.webp?fit=1200%2C675&ssl=1&resize=525%2C300 1.5x, https:\/\/i0.wp.com\/noticiasribeiraopreto.com.br\/wp-content\/uploads\/2024\/09\/champions-beer_2024-09-06_17-47-35_jpeg_2024-09-06_17-47-35.webp.webp?fit=1200%2C675&ssl=1&resize=700%2C400 2x, https:\/\/i0.wp.com\/noticiasribeiraopreto.com.br\/wp-content\/uploads\/2024\/09\/champions-beer_2024-09-06_17-47-35_jpeg_2024-09-06_17-47-35.webp.webp?fit=1200%2C675&ssl=1&resize=1050%2C600 3x"},"classes":[]},{"id":66462,"url":"https:\/\/noticiasribeiraopreto.com.br\/index.php\/2025\/04\/01\/ribeirao-preto-recebe-festival-de-cervejas-artesanais-com-food-trucks-e-shows-gratuitos\/","url_meta":{"origin":74938,"position":3},"title":"Ribeir\u00e3o Preto recebe festival de cervejas artesanais com food trucks e shows gratuitos","author":"noticiasribeiraopreto.com.br","date":"1 de April de 2025","format":false,"excerpt":"O festival de cervejas artesanais Champions Beer chega a Ribeir\u00e3o Preto nos dois pr\u00f3ximos finais de semana, no Shopping Iguatemi, com entrada gratuita. A abertura ocorre nesta sexta-feira (4), \u00e0s 17h. No s\u00e1bado (5) e no domingo (6), o evento inicia \u00e0s 13h. O festival ser\u00e1 retomado entre os dias\u2026","rel":"","context":"In &quot;Not\u00edcias de Ribeir\u00e3o Preto-SP e Regi\u00e3o&quot;","block_context":{"text":"Not\u00edcias de Ribeir\u00e3o Preto-SP e Regi\u00e3o","link":"https:\/\/noticiasribeiraopreto.com.br\/index.php\/category\/noticias-de-ribeirao-preto-sp-e-regiao-ismael-colosi\/"},"img":{"alt_text":"","src":"https:\/\/i0.wp.com\/noticiasribeiraopreto.com.br\/wp-content\/uploads\/2024\/09\/champions-beer_2024-09-06_17-47-35_jpeg_2024-09-06_17-47-35.webp.webp?fit=1200%2C675&ssl=1&resize=350%2C200","width":350,"height":200,"srcset":"https:\/\/i0.wp.com\/noticiasribeiraopreto.com.br\/wp-content\/uploads\/2024\/09\/champions-beer_2024-09-06_17-47-35_jpeg_2024-09-06_17-47-35.webp.webp?fit=1200%2C675&ssl=1&resize=350%2C200 1x, https:\/\/i0.wp.com\/noticiasribeiraopreto.com.br\/wp-content\/uploads\/2024\/09\/champions-beer_2024-09-06_17-47-35_jpeg_2024-09-06_17-47-35.webp.webp?fit=1200%2C675&ssl=1&resize=525%2C300 1.5x, https:\/\/i0.wp.com\/noticiasribeiraopreto.com.br\/wp-content\/uploads\/2024\/09\/champions-beer_2024-09-06_17-47-35_jpeg_2024-09-06_17-47-35.webp.webp?fit=1200%2C675&ssl=1&resize=700%2C400 2x, https:\/\/i0.wp.com\/noticiasribeiraopreto.com.br\/wp-content\/uploads\/2024\/09\/champions-beer_2024-09-06_17-47-35_jpeg_2024-09-06_17-47-35.webp.webp?fit=1200%2C675&ssl=1&resize=1050%2C600 3x"},"classes":[]},{"id":79459,"url":"https:\/\/noticiasribeiraopreto.com.br\/index.php\/2025\/11\/01\/evento-com-entrada-gratuita-reune-12-cervejarias-independentes-em-ribeirao-preto\/","url_meta":{"origin":74938,"position":4},"title":"Evento com entrada gratuita re\u00fane 12 cervejarias independentes em Ribeir\u00e3o Preto","author":"noticiasribeiraopreto.com.br","date":"1 de November de 2025","format":false,"excerpt":"Ribeir\u00e3o Preto vai receber neste domingo (2), um evento que re\u00fane 12 cervejarias independentes da cidade e regi\u00e3o. O \u00c1gora ser\u00e1 realizado na rua Sete de Setembro e oferece ao p\u00fablico degusta\u00e7\u00e3o de diferentes estilos de cerveja, m\u00fasica ao vivo, gastronomia e atividades culturais. Inspirado nas \u00e1goras gregas, o evento,\u2026","rel":"","context":"In &quot;Not\u00edcias de Ribeir\u00e3o Preto-SP e Regi\u00e3o&quot;","block_context":{"text":"Not\u00edcias de Ribeir\u00e3o Preto-SP e Regi\u00e3o","link":"https:\/\/noticiasribeiraopreto.com.br\/index.php\/category\/noticias-de-ribeirao-preto-sp-e-regiao-ismael-colosi\/"},"img":{"alt_text":"","src":"https:\/\/i0.wp.com\/noticiasribeiraopreto.com.br\/wp-content\/uploads\/2025\/06\/cerveja-artesanal_2025-06-17_14-49-37.webp.webp?fit=1200%2C675&ssl=1&resize=350%2C200","width":350,"height":200,"srcset":"https:\/\/i0.wp.com\/noticiasribeiraopreto.com.br\/wp-content\/uploads\/2025\/06\/cerveja-artesanal_2025-06-17_14-49-37.webp.webp?fit=1200%2C675&ssl=1&resize=350%2C200 1x, https:\/\/i0.wp.com\/noticiasribeiraopreto.com.br\/wp-content\/uploads\/2025\/06\/cerveja-artesanal_2025-06-17_14-49-37.webp.webp?fit=1200%2C675&ssl=1&resize=525%2C300 1.5x, https:\/\/i0.wp.com\/noticiasribeiraopreto.com.br\/wp-content\/uploads\/2025\/06\/cerveja-artesanal_2025-06-17_14-49-37.webp.webp?fit=1200%2C675&ssl=1&resize=700%2C400 2x, https:\/\/i0.wp.com\/noticiasribeiraopreto.com.br\/wp-content\/uploads\/2025\/06\/cerveja-artesanal_2025-06-17_14-49-37.webp.webp?fit=1200%2C675&ssl=1&resize=1050%2C600 3x"},"classes":[]},{"id":57666,"url":"https:\/\/noticiasribeiraopreto.com.br\/index.php\/2024\/09\/06\/champions-beer-ribeirao-preto-recebe-festival-de-cervejas-artesanais\/","url_meta":{"origin":74938,"position":5},"title":"Champions Beer: Ribeir\u00e3o Preto recebe festival de cervejas artesanais","author":"noticiasribeiraopreto.com.br","date":"6 de September de 2024","format":false,"excerpt":"Acontece neste final de semana o festival de cervejas artesanais Champions Beer, no Shopping Iguatemi, em Ribeir\u00e3o Preto. A abertura do festival acontece nesta sexta-feira (6), a partir das 17h. No s\u00e1bado (7) e no domingo (8) a abertura ser\u00e1 \u00e0s 12h. O evento ser\u00e1 retomado entre os dias 13\u2026","rel":"","context":"In &quot;Not\u00edcias de Ribeir\u00e3o Preto-SP e Regi\u00e3o&quot;","block_context":{"text":"Not\u00edcias de Ribeir\u00e3o Preto-SP e Regi\u00e3o","link":"https:\/\/noticiasribeiraopreto.com.br\/index.php\/category\/noticias-de-ribeirao-preto-sp-e-regiao-ismael-colosi\/"},"img":{"alt_text":"","src":"https:\/\/i0.wp.com\/noticiasribeiraopreto.com.br\/wp-content\/uploads\/2024\/09\/champions-beer_2024-09-06_17-47-35_jpeg_2024-09-06_17-47-35.webp.webp?fit=1200%2C675&ssl=1&resize=350%2C200","width":350,"height":200,"srcset":"https:\/\/i0.wp.com\/noticiasribeiraopreto.com.br\/wp-content\/uploads\/2024\/09\/champions-beer_2024-09-06_17-47-35_jpeg_2024-09-06_17-47-35.webp.webp?fit=1200%2C675&ssl=1&resize=350%2C200 1x, https:\/\/i0.wp.com\/noticiasribeiraopreto.com.br\/wp-content\/uploads\/2024\/09\/champions-beer_2024-09-06_17-47-35_jpeg_2024-09-06_17-47-35.webp.webp?fit=1200%2C675&ssl=1&resize=525%2C300 1.5x, https:\/\/i0.wp.com\/noticiasribeiraopreto.com.br\/wp-content\/uploads\/2024\/09\/champions-beer_2024-09-06_17-47-35_jpeg_2024-09-06_17-47-35.webp.webp?fit=1200%2C675&ssl=1&resize=700%2C400 2x, https:\/\/i0.wp.com\/noticiasribeiraopreto.com.br\/wp-content\/uploads\/2024\/09\/champions-beer_2024-09-06_17-47-35_jpeg_2024-09-06_17-47-35.webp.webp?fit=1200%2C675&ssl=1&resize=1050%2C600 3x"},"classes":[]}],"jetpack_sharing_enabled":true,"jetpack_shortlink":"https:\/\/wp.me\/peQAOb-juG","_links":{"self":[{"href":"https:\/\/noticiasribeiraopreto.com.br\/index.php\/wp-json\/wp\/v2\/posts\/74938","targetHints":{"allow":["GET"]}}],"collection":[{"href":"https:\/\/noticiasribeiraopreto.com.br\/index.php\/wp-json\/wp\/v2\/posts"}],"about":[{"href":"https:\/\/noticiasribeiraopreto.com.br\/index.php\/wp-json\/wp\/v2\/types\/post"}],"author":[{"embeddable":true,"href":"https:\/\/noticiasribeiraopreto.com.br\/index.php\/wp-json\/wp\/v2\/users\/1"}],"replies":[{"embeddable":true,"href":"https:\/\/noticiasribeiraopreto.com.br\/index.php\/wp-json\/wp\/v2\/comments?post=74938"}],"version-history":[{"count":0,"href":"https:\/\/noticiasribeiraopreto.com.br\/index.php\/wp-json\/wp\/v2\/posts\/74938\/revisions"}],"wp:featuredmedia":[{"embeddable":true,"href":"https:\/\/noticiasribeiraopreto.com.br\/index.php\/wp-json\/wp\/v2\/media\/74754"}],"wp:attachment":[{"href":"https:\/\/noticiasribeiraopreto.com.br\/index.php\/wp-json\/wp\/v2\/media?parent=74938"}],"wp:term":[{"taxonomy":"category","embeddable":true,"href":"https:\/\/noticiasribeiraopreto.com.br\/index.php\/wp-json\/wp\/v2\/categories?post=74938"},{"taxonomy":"post_tag","embeddable":true,"href":"https:\/\/noticiasribeiraopreto.com.br\/index.php\/wp-json\/wp\/v2\/tags?post=74938"}],"curies":[{"name":"wp","href":"https:\/\/api.w.org\/{rel}","templated":true}]}}