{"id":74939,"date":"2025-07-31T15:23:40","date_gmt":"2025-07-31T18:23:40","guid":{"rendered":"https:\/\/noticiasribeiraopreto.com.br\/index.php\/2025\/07\/31\/conheca-os-profissionais-confirmados-na-7a-edicao-da-casacor-ribeirao-preto\/"},"modified":"2025-07-31T15:23:40","modified_gmt":"2025-07-31T18:23:40","slug":"conheca-os-profissionais-confirmados-na-7a-edicao-da-casacor-ribeirao-preto","status":"publish","type":"post","link":"https:\/\/noticiasribeiraopreto.com.br\/index.php\/2025\/07\/31\/conheca-os-profissionais-confirmados-na-7a-edicao-da-casacor-ribeirao-preto\/","title":{"rendered":"Conhe\u00e7a os profissionais confirmados na 7\u00aa edi\u00e7\u00e3o da Casacor Ribeir\u00e3o Preto"},"content":{"rendered":"<div class='code-block code-block-1' style='margin: 8px 0 8px auto; text-align: right; display: block; clear: both;'>\n<p><a href=\"https:\/\/wa.link\/vpicfd\"><img data-recalc-dims=\"1\" class=\"wp-image-4922\" style=\"aspect-ratio: 2.0253164556962027; width: 561px; height: auto;\" src=\"https:\/\/i0.wp.com\/ismaelcolosi.com.br\/wp-content\/uploads\/2023\/11\/grupo-de-empregos-whatsapp-e-facebook-ismael-colosi-vagas.jpg?ssl=1\" alt=\"\" \/><\/a><\/p>\n<!-- \/wp:image -->\n<\/div>\n<p> <br \/>\n<\/p>\n<div>\n<p>Conectando talentos e tend\u00eancias, a<strong> Casacor Ribeir\u00e3o Preto<\/strong> apresenta sua 7\u00aa edi\u00e7\u00e3o, que ser\u00e1 realizada entre os dias<mark style=\"background-color:#fcb900\" class=\"has-inline-color has-black-color\"> 19 de agosto e 12 de outubro<\/mark>, no Alto da Boa Vista, em<strong> Ribeir\u00e3o Preto<\/strong>. Neste ano, o evento re\u00fane 45 profissionais, entre arquitetos, designers de interiores e paisagistas, para cria\u00e7\u00e3o dos mais de 30 ambientes confirmados.<\/p>\n<p>Os espa\u00e7os estar\u00e3o distribu\u00eddos em dois im\u00f3veis integrados no bairro Alto da Boa Vista, promovendo uma imers\u00e3o criativa para os visitantes com o tema \u201cSemear Sonhos\u201d.<\/p>\n<p>\u00a0\u201cA mostra impactar\u00e1 pela pluralidade de talentos e pela for\u00e7a criativa dos amantes da arquitetura e decora\u00e7\u00e3o em um time diverso e altamente qualificado para traduzir o conceito em cada detalhe da mostra\u201d, destaca o diretor da Casacor Ribeir\u00e3o Preto, Maur\u00edcio Siqueira.<\/p>\n<h2 class=\"wp-block-heading\"><strong>Nesta edi\u00e7\u00e3o<\/strong><\/h2>\n<p>A edi\u00e7\u00e3o deste ano ocupa uma \u00e1rea constru\u00edda de 1.700 m\u00b2, com ambientes amplos, sofisticados e integrados. Os espa\u00e7os projetados contemplam livings, varandas, su\u00edtes, sala de m\u00fasica, cozinha, restaurante, caf\u00e9 \u2014 e um bar secreto \u2014 prometendo uma experi\u00eancia imersiva e sensorial ao p\u00fablico.<\/p>\n<p>\u00a0Conhe\u00e7a os profissionais confirmados na 7\u00aa edi\u00e7\u00e3o da mostra:<\/p>\n<ul class=\"wp-block-list\">\n<li>Cris Bermud\u00e9z, Marina Strang e Tales Miranda (S\u00e3o Paulo-SP): Fachada<\/li>\n<\/ul>\n<ul class=\"wp-block-list\">\n<li>Rafael Andrade e Gabriela Andrade (Ribeir\u00e3o Preto-SP): Lounge Gourmet Eventos<\/li>\n<\/ul>\n<ul class=\"wp-block-list\">\n<li>Paola Landgraf (Leme): Living Design<\/li>\n<\/ul>\n<ul class=\"wp-block-list\">\n<li>Nat\u00e1lia Hetem (Ribeir\u00e3o Preto): Lavabo Futurista<\/li>\n<\/ul>\n<ul class=\"wp-block-list\">\n<li>Marcelo Lima, Vinicius Silva e Junior Blanco (Passos): Varanda Gelato<\/li>\n<\/ul>\n<ul class=\"wp-block-list\">\n<li>Adriana Fontana (S\u00e3o Paulo): Pimenta Ardida<\/li>\n<\/ul>\n<ul class=\"wp-block-list\">\n<li>Joel Pereira, Marina Moro e Viviane Cantarino (Ribeir\u00e3o Preto): Espa\u00e7o Reconectar<\/li>\n<\/ul>\n<ul class=\"wp-block-list\">\n<li>Caio Persiguini (Araraquara): Cozinha Fam\u00edlia Deca<\/li>\n<\/ul>\n<ul class=\"wp-block-list\">\n<li>Camila Duarte, Caroline Souza, Vitor Cunha e Claudia Souza (Ribeir\u00e3o Preto): Living Raiz e Asa \u2013 Boa Vista Planejados<\/li>\n<\/ul>\n<ul class=\"wp-block-list\">\n<li>Andresa Tostes e Fabio Grile (Ribeir\u00e3o Preto): Podcast Resonare e Banheiro Podcast<\/li>\n<\/ul>\n<ul class=\"wp-block-list\">\n<li>Camila Strang (Ribeir\u00e3o Preto): Living Family por Placas do Brasil<\/li>\n<\/ul>\n<ul class=\"wp-block-list\">\n<li>Maicon Cesca (Ribeir\u00e3o Preto): Sala Grotta e Lavabo Grotta<\/li>\n<\/ul>\n<ul class=\"wp-block-list\">\n<li>Maria Fernanda Murari e Maria Carolina Murari (Ja\u00fa): Su\u00edte Infantil e Lavabo Beb\u00ea<\/li>\n<\/ul>\n<ul class=\"wp-block-list\">\n<li>Morize Carvalho (Ribeir\u00e3o Preto): Su\u00edte Mem\u00f3rias e Banheiro Mem\u00f3rias<\/li>\n<\/ul>\n<ul class=\"wp-block-list\">\n<li>Rose Kumayama (Santa F\u00e9 do Sul): Sala Escritor Augusto Cury e Lavabo<\/li>\n<\/ul>\n<ul class=\"wp-block-list\">\n<li>Douglas Oliveira (Ribeir\u00e3o Preto): Escrit\u00f3rio do En\u00f3filo<\/li>\n<\/ul>\n<ul class=\"wp-block-list\">\n<li>Rose Ara\u00fajo e Eloisa Mondi (Ribeir\u00e3o Preto): Cozinha do Chef<\/li>\n<\/ul>\n<ul class=\"wp-block-list\">\n<li>Lara Mattioli (Ribeir\u00e3o Preto): Onde Mora o Sonho<\/li>\n<\/ul>\n<ul class=\"wp-block-list\">\n<li>Jonathan Souza e Lucas Ohara Nakaguma (Ara\u00e7atuba): Ressoar<\/li>\n<\/ul>\n<ul class=\"wp-block-list\">\n<li>Vanessa Chieregato (Franca): Caf\u00e9 Florada e Lavabo Trama<\/li>\n<\/ul>\n<ul class=\"wp-block-list\">\n<li>Wallace Oliveira (Ribeir\u00e3o Preto): Varanda Aconchego<\/li>\n<\/ul>\n<ul class=\"wp-block-list\">\n<li>Roberta Alonso (Ribeir\u00e3o Preto): Casa Bem Vivida Electrolux<\/li>\n<\/ul>\n<ul class=\"wp-block-list\">\n<li>Monica Costa (Ribeir\u00e3o Preto): O\u00e1sis Sonhos<\/li>\n<\/ul>\n<ul class=\"wp-block-list\">\n<li>Carina Rezende e Maisa Andrade (Ribeir\u00e3o Preto): Restaurante CASACOR<\/li>\n<\/ul>\n<ul class=\"wp-block-list\">\n<li>Andr\u00e9 Dourado do Bereta, Ayra Rodrigues, Lucas Moreira da Silva Higino, Lucas Henrique da Silva Silveira, Patricia Monteiro, Patricia S\u00e1 Soares e Tayara Avelino da Silva (Projeto Senac \u2013 Ribeir\u00e3o Preto): Boulevard e Lavabo Funcional Restaurante<\/li>\n<\/ul>\n<ul class=\"wp-block-list\">\n<li>Patricia Makhoul (Ribeir\u00e3o Preto): Electrolux Concept Store<\/li>\n<\/ul>\n<ul class=\"wp-block-list\">\n<li>Thiago Manarelli e Ana Paula Guimar\u00e3es (Ribeir\u00e3o Preto): Bar Secreto<\/li>\n<\/ul>\n<p>SAIBA MAIS<br \/>Teatro de Arena de Ribeir\u00e3o Preto recebe show da banda Jovem Dion\u00edsio; veja quando<\/p>\n<h3 class=\"wp-block-heading\"><strong>FIQUE ON\u00a0\u00a0\u00a0\u00a0\u00a0\u00a0\u00a0\u00a0\u00a0<\/strong><\/h3>\n<p>Quer ficar por dentro de tudo que acontece em Ribeir\u00e3o Preto e regi\u00e3o? Ent\u00e3o siga os perfis do\u202facidade on\u202fno\u202f<a href=\"https:\/\/www.instagram.com\/acidadeonribeirao\" target=\"_blank\" rel=\"noreferrer noopener\">Instagram<\/a>\u202fe no\u202f<a href=\"https:\/\/www.facebook.com\/acidadeonribeirao\/\" target=\"_blank\" rel=\"noreferrer noopener\">Facebook<\/a>.<\/p>\n<p>Al\u00e9m disso, voc\u00ea pode receber as principais not\u00edcias diretamente no WhatsApp. Para isso, basta\u00a0<a href=\"https:\/\/chat.whatsapp.com\/BjKQZ9oJwlz8VVT50NuePq\" target=\"_blank\" rel=\"noreferrer noopener\">entrar no grupo clicando aqui<\/a>.<\/p>\n<p>Por fim, se quiser fazer uma den\u00fancia ou sugerir uma reportagem sobre Ribeir\u00e3o Preto e regi\u00e3o, envie uma mensagem pelo WhatsApp: (16) 99117-7802.<\/p>\n<p>VEJA TAMB\u00c9M<br \/>Qual era a idade de Christiane Torloni em \u2018A Viagem\u2019?<\/p>\n<p><!-- AI CONTENT END 1 -->\n<\/div>\n<p><script async src=\"\/\/www.instagram.com\/embed.js\"><\/script><br \/>\n<br \/><br \/>\n<br \/><a href=\"https:\/\/www.acidadeon.com\/ribeiraopreto\/lazer-e-cultura\/giro-lazer-e-cultura\/conheca-os-profissionais-confirmados-na-7a-edicao-da-casacor-ribeirao-preto\/\">Source link <\/a><\/p>\n<!-- CONTENT END 1 -->\n","protected":false},"excerpt":{"rendered":"<p>Conectando talentos e tend\u00eancias, a Casacor Ribeir\u00e3o Preto apresenta sua 7\u00aa edi\u00e7\u00e3o, que ser\u00e1 realizada entre os dias 19 de agosto e 12 de outubro,&#8230;<\/p>\n","protected":false},"author":1,"featured_media":74940,"comment_status":"open","ping_status":"open","sticky":false,"template":"","format":"standard","meta":{"advanced_seo_description":"","jetpack_seo_html_title":"","jetpack_seo_noindex":false,"jetpack_post_was_ever_published":false,"_jetpack_newsletter_access":"","_jetpack_dont_email_post_to_subs":false,"_jetpack_newsletter_tier_id":0,"_jetpack_memberships_contains_paywalled_content":false,"_jetpack_memberships_contains_paid_content":false,"footnotes":"","jetpack_publicize_message":"","jetpack_publicize_feature_enabled":true,"jetpack_social_post_already_shared":true,"jetpack_social_options":{"image_generator_settings":{"template":"highway","default_image_id":0,"font":"","enabled":false},"version":2}},"categories":[11],"tags":[],"class_list":["post-74939","post","type-post","status-publish","format-standard","has-post-thumbnail","hentry","category-noticias-de-ribeirao-preto-sp-e-regiao-ismael-colosi"],"jetpack_publicize_connections":[],"jetpack_featured_media_url":"https:\/\/i0.wp.com\/noticiasribeiraopreto.com.br\/wp-content\/uploads\/2025\/07\/casacor-ribeirao-preto_2025-07-31_17-48-46.webp.webp?fit=1200%2C800&ssl=1","jetpack-related-posts":[{"id":78562,"url":"https:\/\/noticiasribeiraopreto.com.br\/index.php\/2025\/10\/13\/casacor-ribeirao-preto-encerra-edicao-com-premiacao-dos-melhores-ambientes-e-profissionais-confira\/","url_meta":{"origin":74939,"position":0},"title":"Casacor Ribeir\u00e3o Preto encerra edi\u00e7\u00e3o com premia\u00e7\u00e3o dos melhores ambientes e profissionais; Confira","author":"noticiasribeiraopreto.com.br","date":"13 de October de 2025","format":false,"excerpt":"A 7\u00aa edi\u00e7\u00e3o da Casacor Ribeir\u00e3o Preto terminou neste final e reuniu cerca de 15 mil visitantes, segundo a organiza\u00e7\u00e3o. O evento aconteceu em dois im\u00f3veis integrados no bairro Alto da Boa Vista, na zona Sul da cidade. A mostra apresentou o tema \u201cSemear Sonhos\u201d, reunindo mais de 45 profissionais\u2026","rel":"","context":"In &quot;Not\u00edcias de Ribeir\u00e3o Preto-SP e Regi\u00e3o&quot;","block_context":{"text":"Not\u00edcias de Ribeir\u00e3o Preto-SP e Regi\u00e3o","link":"https:\/\/noticiasribeiraopreto.com.br\/index.php\/category\/noticias-de-ribeirao-preto-sp-e-regiao-ismael-colosi\/"},"img":{"alt_text":"","src":"https:\/\/i0.wp.com\/noticiasribeiraopreto.com.br\/wp-content\/uploads\/2025\/10\/d85aa5fa4f75d62098d4cde53283db42_2025-10-13_20-32-35.webp.webp?fit=1200%2C800&ssl=1&resize=350%2C200","width":350,"height":200,"srcset":"https:\/\/i0.wp.com\/noticiasribeiraopreto.com.br\/wp-content\/uploads\/2025\/10\/d85aa5fa4f75d62098d4cde53283db42_2025-10-13_20-32-35.webp.webp?fit=1200%2C800&ssl=1&resize=350%2C200 1x, https:\/\/i0.wp.com\/noticiasribeiraopreto.com.br\/wp-content\/uploads\/2025\/10\/d85aa5fa4f75d62098d4cde53283db42_2025-10-13_20-32-35.webp.webp?fit=1200%2C800&ssl=1&resize=525%2C300 1.5x, https:\/\/i0.wp.com\/noticiasribeiraopreto.com.br\/wp-content\/uploads\/2025\/10\/d85aa5fa4f75d62098d4cde53283db42_2025-10-13_20-32-35.webp.webp?fit=1200%2C800&ssl=1&resize=700%2C400 2x, https:\/\/i0.wp.com\/noticiasribeiraopreto.com.br\/wp-content\/uploads\/2025\/10\/d85aa5fa4f75d62098d4cde53283db42_2025-10-13_20-32-35.webp.webp?fit=1200%2C800&ssl=1&resize=1050%2C600 3x"},"classes":[]},{"id":65876,"url":"https:\/\/noticiasribeiraopreto.com.br\/index.php\/2025\/03\/25\/casacor-revela-sede-da-proxima-edicao-em-ribeirao-preto-confira\/","url_meta":{"origin":74939,"position":1},"title":"Casacor revela sede da pr\u00f3xima edi\u00e7\u00e3o em Ribeir\u00e3o Preto; Confira","author":"noticiasribeiraopreto.com.br","date":"25 de March de 2025","format":false,"excerpt":"A Casacor Ribeir\u00e3o Preto divulgou nesta ter\u00e7a-feira (25) o im\u00f3vel que sediar\u00e1 a 7\u00aa edi\u00e7\u00e3o. O evento est\u00e1 previsto para acontecer entre os dias 19 de agosto e 12 de outubro, no bairro Alto da Boa Vista, na zona Sul de Ribeir\u00e3o Preto. As casas est\u00e3o localizadas na avenida Anhanguera,\u2026","rel":"","context":"In &quot;Not\u00edcias de Ribeir\u00e3o Preto-SP e Regi\u00e3o&quot;","block_context":{"text":"Not\u00edcias de Ribeir\u00e3o Preto-SP e Regi\u00e3o","link":"https:\/\/noticiasribeiraopreto.com.br\/index.php\/category\/noticias-de-ribeirao-preto-sp-e-regiao-ismael-colosi\/"},"img":{"alt_text":"","src":"https:\/\/i0.wp.com\/noticiasribeiraopreto.com.br\/wp-content\/uploads\/2025\/03\/Copia-de-Copia-de-Copia-de-TAMANHO-EXATO-PARA-FOTOS-NO-SISTEMA-NOVO-34_2025-03-25_16-30-11_jpg_2025-03-25_16-30-11.webp.webp?fit=1200%2C675&ssl=1&resize=350%2C200","width":350,"height":200,"srcset":"https:\/\/i0.wp.com\/noticiasribeiraopreto.com.br\/wp-content\/uploads\/2025\/03\/Copia-de-Copia-de-Copia-de-TAMANHO-EXATO-PARA-FOTOS-NO-SISTEMA-NOVO-34_2025-03-25_16-30-11_jpg_2025-03-25_16-30-11.webp.webp?fit=1200%2C675&ssl=1&resize=350%2C200 1x, https:\/\/i0.wp.com\/noticiasribeiraopreto.com.br\/wp-content\/uploads\/2025\/03\/Copia-de-Copia-de-Copia-de-TAMANHO-EXATO-PARA-FOTOS-NO-SISTEMA-NOVO-34_2025-03-25_16-30-11_jpg_2025-03-25_16-30-11.webp.webp?fit=1200%2C675&ssl=1&resize=525%2C300 1.5x, https:\/\/i0.wp.com\/noticiasribeiraopreto.com.br\/wp-content\/uploads\/2025\/03\/Copia-de-Copia-de-Copia-de-TAMANHO-EXATO-PARA-FOTOS-NO-SISTEMA-NOVO-34_2025-03-25_16-30-11_jpg_2025-03-25_16-30-11.webp.webp?fit=1200%2C675&ssl=1&resize=700%2C400 2x, https:\/\/i0.wp.com\/noticiasribeiraopreto.com.br\/wp-content\/uploads\/2025\/03\/Copia-de-Copia-de-Copia-de-TAMANHO-EXATO-PARA-FOTOS-NO-SISTEMA-NOVO-34_2025-03-25_16-30-11_jpg_2025-03-25_16-30-11.webp.webp?fit=1200%2C675&ssl=1&resize=1050%2C600 3x"},"classes":[]},{"id":75378,"url":"https:\/\/noticiasribeiraopreto.com.br\/index.php\/2025\/08\/07\/casacor-ribeirao-preto-inicia-pre-venda-de-ingressos-com-desconto\/","url_meta":{"origin":74939,"position":2},"title":"Casacor Ribeir\u00e3o Preto inicia pr\u00e9-venda de ingressos com desconto","author":"noticiasribeiraopreto.com.br","date":"7 de August de 2025","format":false,"excerpt":"A Casacor Ribeir\u00e3o Preto 2025 come\u00e7ou a pr\u00e9-venda de ingressos com desconto de 30%. A mostra de arquitetura e decora\u00e7\u00e3o come\u00e7a no pr\u00f3ximo dia 19 de agosto e as entradas custam a partir de R$ 68 (j\u00e1 com desconto). A partir da abertura ao p\u00fablico, os visitantes poder\u00e3o adquirir os\u2026","rel":"","context":"In &quot;Not\u00edcias de Ribeir\u00e3o Preto-SP e Regi\u00e3o&quot;","block_context":{"text":"Not\u00edcias de Ribeir\u00e3o Preto-SP e Regi\u00e3o","link":"https:\/\/noticiasribeiraopreto.com.br\/index.php\/category\/noticias-de-ribeirao-preto-sp-e-regiao-ismael-colosi\/"},"img":{"alt_text":"","src":"https:\/\/i0.wp.com\/noticiasribeiraopreto.com.br\/wp-content\/uploads\/2025\/08\/casacor-ribeirao-preto-2_2025-08-07_20-07-50.webp.webp?fit=1200%2C800&ssl=1&resize=350%2C200","width":350,"height":200,"srcset":"https:\/\/i0.wp.com\/noticiasribeiraopreto.com.br\/wp-content\/uploads\/2025\/08\/casacor-ribeirao-preto-2_2025-08-07_20-07-50.webp.webp?fit=1200%2C800&ssl=1&resize=350%2C200 1x, https:\/\/i0.wp.com\/noticiasribeiraopreto.com.br\/wp-content\/uploads\/2025\/08\/casacor-ribeirao-preto-2_2025-08-07_20-07-50.webp.webp?fit=1200%2C800&ssl=1&resize=525%2C300 1.5x, https:\/\/i0.wp.com\/noticiasribeiraopreto.com.br\/wp-content\/uploads\/2025\/08\/casacor-ribeirao-preto-2_2025-08-07_20-07-50.webp.webp?fit=1200%2C800&ssl=1&resize=700%2C400 2x, https:\/\/i0.wp.com\/noticiasribeiraopreto.com.br\/wp-content\/uploads\/2025\/08\/casacor-ribeirao-preto-2_2025-08-07_20-07-50.webp.webp?fit=1200%2C800&ssl=1&resize=1050%2C600 3x"},"classes":[]},{"id":73549,"url":"https:\/\/noticiasribeiraopreto.com.br\/index.php\/2025\/07\/04\/casacor-antecipa-programacao-e-inaugura-exposicao-gratuita-em-ribeirao-preto\/","url_meta":{"origin":74939,"position":3},"title":"Casacor antecipa programa\u00e7\u00e3o e inaugura exposi\u00e7\u00e3o gratuita em Ribeir\u00e3o Preto","author":"noticiasribeiraopreto.com.br","date":"4 de July de 2025","format":false,"excerpt":"A 7\u00aa edi\u00e7\u00e3o da Casacor Ribeir\u00e3o Preto ainda n\u00e3o come\u00e7ou oficialmente, contudo, j\u00e1 movimenta o cen\u00e1rio cultural do munic\u00edpio. Como parte das a\u00e7\u00f5es que antecedem o evento, a exposi\u00e7\u00e3o \u201cCaminho se conhece andando\u201d segue acontecendo no lobby do Hotel Tryp, localizado no Jardim Nova Alian\u00e7a. A visita\u00e7\u00e3o \u00e9 gratuita e\u2026","rel":"","context":"In &quot;Not\u00edcias de Ribeir\u00e3o Preto-SP e Regi\u00e3o&quot;","block_context":{"text":"Not\u00edcias de Ribeir\u00e3o Preto-SP e Regi\u00e3o","link":"https:\/\/noticiasribeiraopreto.com.br\/index.php\/category\/noticias-de-ribeirao-preto-sp-e-regiao-ismael-colosi\/"},"img":{"alt_text":"","src":"https:\/\/i0.wp.com\/noticiasribeiraopreto.com.br\/wp-content\/uploads\/2025\/07\/Copia-de-Copia-de-Copia-de-TAMANHO-EXATO-PARA-FOTOS-NO-SISTEMA-NOVO-2025-07-04T111912.635_2025-07-04_14-19-19.webp.webp?fit=1200%2C675&ssl=1&resize=350%2C200","width":350,"height":200,"srcset":"https:\/\/i0.wp.com\/noticiasribeiraopreto.com.br\/wp-content\/uploads\/2025\/07\/Copia-de-Copia-de-Copia-de-TAMANHO-EXATO-PARA-FOTOS-NO-SISTEMA-NOVO-2025-07-04T111912.635_2025-07-04_14-19-19.webp.webp?fit=1200%2C675&ssl=1&resize=350%2C200 1x, https:\/\/i0.wp.com\/noticiasribeiraopreto.com.br\/wp-content\/uploads\/2025\/07\/Copia-de-Copia-de-Copia-de-TAMANHO-EXATO-PARA-FOTOS-NO-SISTEMA-NOVO-2025-07-04T111912.635_2025-07-04_14-19-19.webp.webp?fit=1200%2C675&ssl=1&resize=525%2C300 1.5x, https:\/\/i0.wp.com\/noticiasribeiraopreto.com.br\/wp-content\/uploads\/2025\/07\/Copia-de-Copia-de-Copia-de-TAMANHO-EXATO-PARA-FOTOS-NO-SISTEMA-NOVO-2025-07-04T111912.635_2025-07-04_14-19-19.webp.webp?fit=1200%2C675&ssl=1&resize=700%2C400 2x, https:\/\/i0.wp.com\/noticiasribeiraopreto.com.br\/wp-content\/uploads\/2025\/07\/Copia-de-Copia-de-Copia-de-TAMANHO-EXATO-PARA-FOTOS-NO-SISTEMA-NOVO-2025-07-04T111912.635_2025-07-04_14-19-19.webp.webp?fit=1200%2C675&ssl=1&resize=1050%2C600 3x"},"classes":[]},{"id":55516,"url":"https:\/\/noticiasribeiraopreto.com.br\/index.php\/2024\/08\/02\/veja-como-comprar-ingressos-com-descontos-para-a-casacor-ribeirao-preto\/","url_meta":{"origin":74939,"position":4},"title":"Veja como comprar ingressos com descontos para a Casacor Ribeir\u00e3o Preto","author":"noticiasribeiraopreto.com.br","date":"2 de August de 2024","format":false,"excerpt":"Os ingressos para a Casacor Ribeir\u00e3o Preto, que acontece entre os dias 20 de agosto e 20 de outubro, podem ser adquiridos de forma on-line e com desconto, a partir desta sexta-feira (2). Os interessados em visitar o evento, que apresenta inspira\u00e7\u00f5es nos segmentos de arquitetura, paisagismo, arte e design\u2026","rel":"","context":"In &quot;Not\u00edcias de Ribeir\u00e3o Preto-SP e Regi\u00e3o&quot;","block_context":{"text":"Not\u00edcias de Ribeir\u00e3o Preto-SP e Regi\u00e3o","link":"https:\/\/noticiasribeiraopreto.com.br\/index.php\/category\/noticias-de-ribeirao-preto-sp-e-regiao-ismael-colosi\/"},"img":{"alt_text":"","src":"https:\/\/i0.wp.com\/noticiasribeiraopreto.com.br\/wp-content\/uploads\/2024\/08\/Copia-de-Copia-de-TAMANHO-EXATO-PARA-FOTOS-NO-SISTEMA-NOVO-2024-08-02T155836.169_2024-08-02_18-58-41_png_2024-08-02_18-58-41.webp.webp?fit=1200%2C675&ssl=1&resize=350%2C200","width":350,"height":200,"srcset":"https:\/\/i0.wp.com\/noticiasribeiraopreto.com.br\/wp-content\/uploads\/2024\/08\/Copia-de-Copia-de-TAMANHO-EXATO-PARA-FOTOS-NO-SISTEMA-NOVO-2024-08-02T155836.169_2024-08-02_18-58-41_png_2024-08-02_18-58-41.webp.webp?fit=1200%2C675&ssl=1&resize=350%2C200 1x, https:\/\/i0.wp.com\/noticiasribeiraopreto.com.br\/wp-content\/uploads\/2024\/08\/Copia-de-Copia-de-TAMANHO-EXATO-PARA-FOTOS-NO-SISTEMA-NOVO-2024-08-02T155836.169_2024-08-02_18-58-41_png_2024-08-02_18-58-41.webp.webp?fit=1200%2C675&ssl=1&resize=525%2C300 1.5x, https:\/\/i0.wp.com\/noticiasribeiraopreto.com.br\/wp-content\/uploads\/2024\/08\/Copia-de-Copia-de-TAMANHO-EXATO-PARA-FOTOS-NO-SISTEMA-NOVO-2024-08-02T155836.169_2024-08-02_18-58-41_png_2024-08-02_18-58-41.webp.webp?fit=1200%2C675&ssl=1&resize=700%2C400 2x, https:\/\/i0.wp.com\/noticiasribeiraopreto.com.br\/wp-content\/uploads\/2024\/08\/Copia-de-Copia-de-TAMANHO-EXATO-PARA-FOTOS-NO-SISTEMA-NOVO-2024-08-02T155836.169_2024-08-02_18-58-41_png_2024-08-02_18-58-41.webp.webp?fit=1200%2C675&ssl=1&resize=1050%2C600 3x"},"classes":[]},{"id":77859,"url":"https:\/\/noticiasribeiraopreto.com.br\/index.php\/2025\/09\/26\/casacor-ribeirao-preto-entra-na-reta-final-com-destaques-na-gastronomia\/","url_meta":{"origin":74939,"position":5},"title":"Casacor Ribeir\u00e3o Preto entra na reta final com destaques na gastronomia","author":"noticiasribeiraopreto.com.br","date":"26 de September de 2025","format":false,"excerpt":"A Casacor Ribeir\u00e3o Preto 2025 entra em sua reta final. A mostra de arquitetura e decora\u00e7\u00e3o segue at\u00e9 o dia 12 de outubro e re\u00fane mais de 30 ambientes que exploram o tema \u201cSemear Sonhos\u201d. A gastronomia \u00e9 um dos destaques da edi\u00e7\u00e3o. S\u00e3o tr\u00eas opera\u00e7\u00f5es exclusivas: o Restaurante Brisa,\u2026","rel":"","context":"In &quot;Not\u00edcias de Ribeir\u00e3o Preto-SP e Regi\u00e3o&quot;","block_context":{"text":"Not\u00edcias de Ribeir\u00e3o Preto-SP e Regi\u00e3o","link":"https:\/\/noticiasribeiraopreto.com.br\/index.php\/category\/noticias-de-ribeirao-preto-sp-e-regiao-ismael-colosi\/"},"img":{"alt_text":"","src":"https:\/\/i0.wp.com\/noticiasribeiraopreto.com.br\/wp-content\/uploads\/2025\/09\/carina-maisa_2025-09-26_17-43-17.webp.webp?fit=1200%2C800&ssl=1&resize=350%2C200","width":350,"height":200,"srcset":"https:\/\/i0.wp.com\/noticiasribeiraopreto.com.br\/wp-content\/uploads\/2025\/09\/carina-maisa_2025-09-26_17-43-17.webp.webp?fit=1200%2C800&ssl=1&resize=350%2C200 1x, https:\/\/i0.wp.com\/noticiasribeiraopreto.com.br\/wp-content\/uploads\/2025\/09\/carina-maisa_2025-09-26_17-43-17.webp.webp?fit=1200%2C800&ssl=1&resize=525%2C300 1.5x, https:\/\/i0.wp.com\/noticiasribeiraopreto.com.br\/wp-content\/uploads\/2025\/09\/carina-maisa_2025-09-26_17-43-17.webp.webp?fit=1200%2C800&ssl=1&resize=700%2C400 2x, https:\/\/i0.wp.com\/noticiasribeiraopreto.com.br\/wp-content\/uploads\/2025\/09\/carina-maisa_2025-09-26_17-43-17.webp.webp?fit=1200%2C800&ssl=1&resize=1050%2C600 3x"},"classes":[]}],"jetpack_sharing_enabled":true,"jetpack_shortlink":"https:\/\/wp.me\/peQAOb-juH","_links":{"self":[{"href":"https:\/\/noticiasribeiraopreto.com.br\/index.php\/wp-json\/wp\/v2\/posts\/74939","targetHints":{"allow":["GET"]}}],"collection":[{"href":"https:\/\/noticiasribeiraopreto.com.br\/index.php\/wp-json\/wp\/v2\/posts"}],"about":[{"href":"https:\/\/noticiasribeiraopreto.com.br\/index.php\/wp-json\/wp\/v2\/types\/post"}],"author":[{"embeddable":true,"href":"https:\/\/noticiasribeiraopreto.com.br\/index.php\/wp-json\/wp\/v2\/users\/1"}],"replies":[{"embeddable":true,"href":"https:\/\/noticiasribeiraopreto.com.br\/index.php\/wp-json\/wp\/v2\/comments?post=74939"}],"version-history":[{"count":0,"href":"https:\/\/noticiasribeiraopreto.com.br\/index.php\/wp-json\/wp\/v2\/posts\/74939\/revisions"}],"wp:featuredmedia":[{"embeddable":true,"href":"https:\/\/noticiasribeiraopreto.com.br\/index.php\/wp-json\/wp\/v2\/media\/74940"}],"wp:attachment":[{"href":"https:\/\/noticiasribeiraopreto.com.br\/index.php\/wp-json\/wp\/v2\/media?parent=74939"}],"wp:term":[{"taxonomy":"category","embeddable":true,"href":"https:\/\/noticiasribeiraopreto.com.br\/index.php\/wp-json\/wp\/v2\/categories?post=74939"},{"taxonomy":"post_tag","embeddable":true,"href":"https:\/\/noticiasribeiraopreto.com.br\/index.php\/wp-json\/wp\/v2\/tags?post=74939"}],"curies":[{"name":"wp","href":"https:\/\/api.w.org\/{rel}","templated":true}]}}