{"id":74941,"date":"2025-07-31T15:31:19","date_gmt":"2025-07-31T18:31:19","guid":{"rendered":"https:\/\/noticiasribeiraopreto.com.br\/index.php\/2025\/07\/31\/sao-paulo-recebe-athletico-pr-pela-copa-do-brasil\/"},"modified":"2025-07-31T15:31:19","modified_gmt":"2025-07-31T18:31:19","slug":"sao-paulo-recebe-athletico-pr-pela-copa-do-brasil","status":"publish","type":"post","link":"https:\/\/noticiasribeiraopreto.com.br\/index.php\/2025\/07\/31\/sao-paulo-recebe-athletico-pr-pela-copa-do-brasil\/","title":{"rendered":"S\u00e3o Paulo recebe Athletico-PR pela Copa do Brasil"},"content":{"rendered":"<div class='code-block code-block-1' style='margin: 8px 0 8px auto; text-align: right; display: block; clear: both;'>\n<p><a href=\"https:\/\/wa.link\/vpicfd\"><img data-recalc-dims=\"1\" class=\"wp-image-4922\" style=\"aspect-ratio: 2.0253164556962027; width: 561px; height: auto;\" src=\"https:\/\/i0.wp.com\/ismaelcolosi.com.br\/wp-content\/uploads\/2023\/11\/grupo-de-empregos-whatsapp-e-facebook-ismael-colosi-vagas.jpg?ssl=1\" alt=\"\" \/><\/a><\/p>\n<!-- \/wp:image -->\n<\/div>\n<p> <br \/>\n<\/p>\n<div id=\"\">\n<p>\n\t\t\t\t\t\t\t\t\t<span class=\"entry-meta-item penci-posted-on\"><i class=\"fa fa-clock-o\"\/><time class=\"entry-date published\" datetime=\"2025-07-31T15:30:20-03:00\">31 de julho de 2025 15:30<\/time><time class=\"updated\" datetime=\"2025-07-31T09:57:39-03:00\">31 de julho de 2025 09:57<\/time><\/span><span class=\"entry-meta-item penci-post-countview\"><span class=\"entry-meta-item penci-post-countview penci_post-meta_item\"><i class=\"fa fa-eye\"\/><span class=\"penci-post-countview-number penci-post-countview-p433284\">7<\/span><\/span><\/span>\t\t\t\t\t\t\t\t<\/p>\n<p><!-- .entry-meta --><br \/>\n\t\t\t\t\t\t\t\t<span class=\"penci-social-buttons penci-social-share-footer\"><span class=\"penci-social-share-text\">Compartilhar<\/span><a href=\"#\" class=\"penci-post-like penci_post-meta_item  single-like-button penci-social-item like\" data-post_id=\"433284\" title=\"Like\" data-like=\"Like\" data-unlike=\"Unlike\"><i class=\"fa fa-thumbs-o-up\"\/><span class=\"penci-share-number\">0<\/span><\/a><i class=\"fa fa-facebook\"\/><a class=\"penci-social-item twitter\" target=\"_blank\" rel=\"noopener\" title=\"\" href=\"https:\/\/twitter.com\/intent\/tweet?text=S\u00e3o%20Paulo%20recebe%20Athletico-PR%20pela%20Copa%20do%20Brasil%20-%20https:\/\/www.tribunaribeirao.com.br\/sao-paulo-recebe-athletico-pr-pela-copa-do-brasil\/\"><i class=\"fa fa-twitter\"\/><\/a><i class=\"fa fa-linkedin\"\/><i class=\"fa fa-whatsapp\"\/><i class=\"fa fa-telegram\"\/><i class=\"fa fa-envelope\"\/><\/span>\t\t\t\t\t\t\t<\/div>\n<div>\n<p><strong><em>Por Hugo Luque<\/em><\/strong><\/p>\n<p>Campe\u00e3o da Copa do Brasil em 2023, o S\u00e3o Paulo recebe o Athletico-PR nesta quinta-feira (31), \u00e0s 19h30, no Morumbis, pela partida de ida das oitavas de final da competi\u00e7\u00e3o. Ser\u00e1 o primeiro duelo eliminat\u00f3rio de Hern\u00e1n Crespo em sua segunda passagem pelo Tricolor.<\/p>\n<p>At\u00e9 o momento, o t\u00e9cnico argentino dirigiu o time paulista somente no Campeonato Brasileiro. Em cinco partidas \u2013 todas desde a retomada do nacional depois da Copa do Mundo de Clubes \u2013, o S\u00e3o Paulo conquistou tr\u00eas vit\u00f3rias, al\u00e9m de ter empatado uma vez e perdido outra.<\/p>\n<p>Os triunfos foram nas \u00faltimas tr\u00eas rodadas do Brasileir\u00e3o, diante de Corinthians, Juventude e Fluminense, respectivamente. A boa fase fez a equipe deixar as proximidades da zona de rebaixamento e subir para a primeira metade da classifica\u00e7\u00e3o.<\/p>\n<p>Por estar na Copa Libertadores (fez a segunda melhor campanha da primeira fase), o Tricolor entrou na Copa do Brasil apenas na fase anterior, a terceira. Com duas vit\u00f3rias por 2 a 1, o conjunto s\u00e3o-paulino, ainda comandado por Luis Zubeld\u00eda, deixou pelo caminho o N\u00e1utico.<\/p>\n<p>Do outro lado, o Athletico vive um de seus piores momentos nos \u00faltimos anos. Protagonista no cen\u00e1rio nacional ao longo da \u00faltima d\u00e9cada, com um t\u00edtulo da Copa do Brasil (2019) e dois da Sul-Americana (2018 e 2021), al\u00e9m de um vice-campeonato na Libertadores (2022), o Furac\u00e3o foi rebaixado para a S\u00e9rie B no ano passado e, neste ano, tem sofrido para se manter na briga pelo acesso \u2013 \u00e9 apenas o 11\u00ba.<\/p>\n<p>Antes de encontrar o S\u00e3o Paulo, o Rubro-Negro eliminou Pouso Alegre, Guarany de Bag\u00e9-RS e Brusque. As equipes j\u00e1 se enfrentaram 71 vezes, incluindo uma final da Libertadores, em 2005, vencida pelo Tricolor. Foram 26 vit\u00f3rias dos paulistas, 21 dos paranaenses e 24 empates.<\/p>\n<p>Expulso contra o N\u00e1utico na volta da fase anterior, o zagueiro Ferraresi \u00e9 desfalque, assim como os lesionados Lucas (iniciou fase de transi\u00e7\u00e3o nesta semana), Oscar, Ryan Francisco, Luiz Gustavo e Lucca. Dinenno, rec\u00e9m-contratado, j\u00e1 entrou de campo pelo torneio nacional e n\u00e3o pode jogar.<\/p>\n<p>Com possibilidade de 11 inicial alternativo, Crespo deve levar a campo: Rafael; Alan Franco, Arboleda e Sabino; Maik (C\u00e9dric), Bobadilla (Pablo Maia), Marcos Ant\u00f4nio, Alisson (Rodriguinho) e Wendell (Enzo D\u00edaz); Luciano (Tapia) e Andr\u00e9 Silva (Ferreirinha).<\/p>\n<p>\u00a0<\/p>\n<p>\u00a0<\/p>\n<\/div>\n<p><script async src=\"\/\/platform.twitter.com\/widgets.js\" charset=\"utf-8\"><\/script><br \/>\n<br \/><br \/>\n<br \/><a href=\"https:\/\/www.tribunaribeirao.com.br\/sao-paulo-recebe-athletico-pr-pela-copa-do-brasil\/\">Source link <\/a><\/p>\n<!-- CONTENT END 1 -->\n","protected":false},"excerpt":{"rendered":"<p>31 de julho de 2025 15:3031 de julho de 2025 09:577 Compartilhar0 Por Hugo Luque Campe\u00e3o da Copa do Brasil em 2023, o S\u00e3o Paulo&#8230;<\/p>\n","protected":false},"author":1,"featured_media":74942,"comment_status":"open","ping_status":"open","sticky":false,"template":"","format":"standard","meta":{"advanced_seo_description":"","jetpack_seo_html_title":"","jetpack_seo_noindex":false,"jetpack_post_was_ever_published":false,"_jetpack_newsletter_access":"","_jetpack_dont_email_post_to_subs":false,"_jetpack_newsletter_tier_id":0,"_jetpack_memberships_contains_paywalled_content":false,"_jetpack_memberships_contains_paid_content":false,"footnotes":"","jetpack_publicize_message":"","jetpack_publicize_feature_enabled":true,"jetpack_social_post_already_shared":true,"jetpack_social_options":{"image_generator_settings":{"template":"highway","default_image_id":0,"font":"","enabled":false},"version":2}},"categories":[11],"tags":[],"class_list":["post-74941","post","type-post","status-publish","format-standard","has-post-thumbnail","hentry","category-noticias-de-ribeirao-preto-sp-e-regiao-ismael-colosi"],"jetpack_publicize_connections":[],"jetpack_featured_media_url":"https:\/\/i0.wp.com\/noticiasribeiraopreto.com.br\/wp-content\/uploads\/2025\/07\/2-MC-Marcos-Antonio-Paulo-Pinto_Sao-Paulo-FC.jpg?fit=800%2C537&ssl=1","jetpack-related-posts":[{"id":54571,"url":"https:\/\/noticiasribeiraopreto.com.br\/index.php\/2024\/07\/12\/bolsa-familia-lei-confirmada-hoje-12-07-entra-em-vigor-nos-pagamentos-de-julho-confira-detalhes\/","url_meta":{"origin":74941,"position":0},"title":"Bolsa Fam\u00edlia: Lei Confirmada Hoje (12\/07) Entra em Vigor nos Pagamentos de Julho; Confira detalhes","author":"noticiasribeiraopreto.com.br","date":"12 de July de 2024","format":false,"excerpt":"Atendendo a 20,8 milh\u00f5es de brasileiros, o Bolsa Fam\u00edlia \u00e9 um dos maiores programas sociais do Brasil. Em julho deste ano, os pagamentos come\u00e7ar\u00e3o na pr\u00f3xima quinta-feira (18). No entanto, os benefici\u00e1rios ficaram surpreendidos com a redu\u00e7\u00e3o do montante da ajuda. O desconto ocorre devido \u00e0 interrup\u00e7\u00e3o do aux\u00edlio g\u00e1s\u2026","rel":"","context":"In &quot;Dinheiro e Investimento&quot;","block_context":{"text":"Dinheiro e Investimento","link":"https:\/\/noticiasribeiraopreto.com.br\/index.php\/category\/dinheiro-e-investimento-como-fazer-como-ganhar\/"},"img":{"alt_text":"","src":"https:\/\/i0.wp.com\/noticiasribeiraopreto.com.br\/wp-content\/uploads\/2024\/07\/www.reallygreatsite.com_.webp.webp?fit=1200%2C630&ssl=1&resize=350%2C200","width":350,"height":200,"srcset":"https:\/\/i0.wp.com\/noticiasribeiraopreto.com.br\/wp-content\/uploads\/2024\/07\/www.reallygreatsite.com_.webp.webp?fit=1200%2C630&ssl=1&resize=350%2C200 1x, https:\/\/i0.wp.com\/noticiasribeiraopreto.com.br\/wp-content\/uploads\/2024\/07\/www.reallygreatsite.com_.webp.webp?fit=1200%2C630&ssl=1&resize=525%2C300 1.5x, https:\/\/i0.wp.com\/noticiasribeiraopreto.com.br\/wp-content\/uploads\/2024\/07\/www.reallygreatsite.com_.webp.webp?fit=1200%2C630&ssl=1&resize=700%2C400 2x, https:\/\/i0.wp.com\/noticiasribeiraopreto.com.br\/wp-content\/uploads\/2024\/07\/www.reallygreatsite.com_.webp.webp?fit=1200%2C630&ssl=1&resize=1050%2C600 3x"},"classes":[]},{"id":53667,"url":"https:\/\/noticiasribeiraopreto.com.br\/index.php\/2024\/06\/22\/novo-valor-do-bolsa-familia-em-julho-r-850-para-beneficiarios-selecionados-confira-se-voce-faz-parte-do-grupo\/","url_meta":{"origin":74941,"position":1},"title":"Novo Valor do Bolsa Fam\u00edlia em Julho: R$ 850 para Benefici\u00e1rios Selecionados; Confira se voc\u00ea faz parte do grupo","author":"noticiasribeiraopreto.com.br","date":"22 de June de 2024","format":false,"excerpt":"O ciclo de pagamento do Bolsa Fam\u00edlia em julho come\u00e7a em poucas semanas e os benefici\u00e1rios com N\u00famero de Identifica\u00e7\u00e3o Social (NIS) terminam em 1. O programa, executado pela Caixa Econ\u00f4mica Federal (CEF), \u00e9 um importante componente da pol\u00edtica de assist\u00eancia social do Brasil. O Bolsa Fam\u00edlia de julho continua\u2026","rel":"","context":"In &quot;Dinheiro e Investimento&quot;","block_context":{"text":"Dinheiro e Investimento","link":"https:\/\/noticiasribeiraopreto.com.br\/index.php\/category\/dinheiro-e-investimento-como-fazer-como-ganhar\/"},"img":{"alt_text":"","src":"https:\/\/i0.wp.com\/noticiasribeiraopreto.com.br\/wp-content\/uploads\/2024\/06\/Design-sem-nome-3.webp.webp?fit=1200%2C630&ssl=1&resize=350%2C200","width":350,"height":200,"srcset":"https:\/\/i0.wp.com\/noticiasribeiraopreto.com.br\/wp-content\/uploads\/2024\/06\/Design-sem-nome-3.webp.webp?fit=1200%2C630&ssl=1&resize=350%2C200 1x, https:\/\/i0.wp.com\/noticiasribeiraopreto.com.br\/wp-content\/uploads\/2024\/06\/Design-sem-nome-3.webp.webp?fit=1200%2C630&ssl=1&resize=525%2C300 1.5x, https:\/\/i0.wp.com\/noticiasribeiraopreto.com.br\/wp-content\/uploads\/2024\/06\/Design-sem-nome-3.webp.webp?fit=1200%2C630&ssl=1&resize=700%2C400 2x, https:\/\/i0.wp.com\/noticiasribeiraopreto.com.br\/wp-content\/uploads\/2024\/06\/Design-sem-nome-3.webp.webp?fit=1200%2C630&ssl=1&resize=1050%2C600 3x"},"classes":[]},{"id":54137,"url":"https:\/\/noticiasribeiraopreto.com.br\/index.php\/2024\/06\/29\/governo-anuncia-3-beneficios-do-bolsa-familia-em-julho-com-pagamentos-juntos-confira\/","url_meta":{"origin":74941,"position":2},"title":"Governo Anuncia 3 Benef\u00edcios do Bolsa Fam\u00edlia em JULHO com Pagamentos Juntos; Confira!","author":"noticiasribeiraopreto.com.br","date":"29 de June de 2024","format":false,"excerpt":"O Governo Federal anunciou recentemente que implementar\u00e1 tr\u00eas novos benef\u00edcios dentro do programa Bolsa Fam\u00edlia, que tem lan\u00e7amento previsto para Julho. Esses acr\u00e9scimos visam fornecer apoio financeiro adicional \u00e0s fam\u00edlias de baixa renda, com foco em crian\u00e7as pequenas, adolescentes e gestantes. O pagamento desses novos benef\u00edcios ser\u00e1 feito ao mesmo\u2026","rel":"","context":"In &quot;Dinheiro e Investimento&quot;","block_context":{"text":"Dinheiro e Investimento","link":"https:\/\/noticiasribeiraopreto.com.br\/index.php\/category\/dinheiro-e-investimento-como-fazer-como-ganhar\/"},"img":{"alt_text":"","src":"https:\/\/i0.wp.com\/noticiasribeiraopreto.com.br\/wp-content\/uploads\/2024\/06\/www.Financasbrasil.org-1-1.webp.webp?fit=1200%2C630&ssl=1&resize=350%2C200","width":350,"height":200,"srcset":"https:\/\/i0.wp.com\/noticiasribeiraopreto.com.br\/wp-content\/uploads\/2024\/06\/www.Financasbrasil.org-1-1.webp.webp?fit=1200%2C630&ssl=1&resize=350%2C200 1x, https:\/\/i0.wp.com\/noticiasribeiraopreto.com.br\/wp-content\/uploads\/2024\/06\/www.Financasbrasil.org-1-1.webp.webp?fit=1200%2C630&ssl=1&resize=525%2C300 1.5x, https:\/\/i0.wp.com\/noticiasribeiraopreto.com.br\/wp-content\/uploads\/2024\/06\/www.Financasbrasil.org-1-1.webp.webp?fit=1200%2C630&ssl=1&resize=700%2C400 2x, https:\/\/i0.wp.com\/noticiasribeiraopreto.com.br\/wp-content\/uploads\/2024\/06\/www.Financasbrasil.org-1-1.webp.webp?fit=1200%2C630&ssl=1&resize=1050%2C600 3x"},"classes":[]},{"id":73283,"url":"https:\/\/noticiasribeiraopreto.com.br\/index.php\/2025\/06\/28\/museu-casa-de-portinari-tem-programacao-especial-nas-ferias-de-julho-confira\/","url_meta":{"origin":74941,"position":3},"title":"Museu Casa de Portinari tem programa\u00e7\u00e3o especial nas f\u00e9rias de julho; Confira","author":"noticiasribeiraopreto.com.br","date":"28 de June de 2025","format":false,"excerpt":"O Museu Casa de Portinari, em Brodowski, na regi\u00e3o de Ribeir\u00e3o Preto, oferece uma programa\u00e7\u00e3o especial de f\u00e9rias gratuita com oficinas, brincadeiras, jogos e espa\u00e7os de leitura. O projeto \u201cF\u00e9rias no Museu\u201d estimula a criatividade e aproxima as crian\u00e7as do universo art\u00edstico de Portinari. As atividades acontecem na esplanada do\u2026","rel":"","context":"In &quot;Not\u00edcias de Ribeir\u00e3o Preto-SP e Regi\u00e3o&quot;","block_context":{"text":"Not\u00edcias de Ribeir\u00e3o Preto-SP e Regi\u00e3o","link":"https:\/\/noticiasribeiraopreto.com.br\/index.php\/category\/noticias-de-ribeirao-preto-sp-e-regiao-ismael-colosi\/"},"img":{"alt_text":"","src":"https:\/\/i0.wp.com\/noticiasribeiraopreto.com.br\/wp-content\/uploads\/2025\/06\/5b6b7a56-6e5e-497d-8fe3-fe7aeed37d26_2025-06-28_17-41-04.webp.webp?fit=1200%2C728&ssl=1&resize=350%2C200","width":350,"height":200,"srcset":"https:\/\/i0.wp.com\/noticiasribeiraopreto.com.br\/wp-content\/uploads\/2025\/06\/5b6b7a56-6e5e-497d-8fe3-fe7aeed37d26_2025-06-28_17-41-04.webp.webp?fit=1200%2C728&ssl=1&resize=350%2C200 1x, https:\/\/i0.wp.com\/noticiasribeiraopreto.com.br\/wp-content\/uploads\/2025\/06\/5b6b7a56-6e5e-497d-8fe3-fe7aeed37d26_2025-06-28_17-41-04.webp.webp?fit=1200%2C728&ssl=1&resize=525%2C300 1.5x, https:\/\/i0.wp.com\/noticiasribeiraopreto.com.br\/wp-content\/uploads\/2025\/06\/5b6b7a56-6e5e-497d-8fe3-fe7aeed37d26_2025-06-28_17-41-04.webp.webp?fit=1200%2C728&ssl=1&resize=700%2C400 2x, https:\/\/i0.wp.com\/noticiasribeiraopreto.com.br\/wp-content\/uploads\/2025\/06\/5b6b7a56-6e5e-497d-8fe3-fe7aeed37d26_2025-06-28_17-41-04.webp.webp?fit=1200%2C728&ssl=1&resize=1050%2C600 3x"},"classes":[]},{"id":54622,"url":"https:\/\/noticiasribeiraopreto.com.br\/index.php\/2024\/07\/15\/atencao-beneficiarios-bolsa-familia-anuncia-suspensao-em-julho-confira-se-seu-nis-esta-na-lista\/","url_meta":{"origin":74941,"position":4},"title":"Aten\u00e7\u00e3o Benefici\u00e1rios! Bolsa Fam\u00edlia Anuncia Suspens\u00e3o em Julho: Confira se Seu NIS Est\u00e1 na Lista","author":"noticiasribeiraopreto.com.br","date":"15 de July de 2024","format":false,"excerpt":"Em julho deste ano, o programa Bolsa Fam\u00edlia passou por rigorosas fiscaliza\u00e7\u00f5es, que podem resultar na suspens\u00e3o ou exclus\u00e3o de alguns benefici\u00e1rios. Implementada pelo Minist\u00e9rio do Desenvolvimento, Assist\u00eancia Social, Fam\u00edlia e Combate \u00e0 Fome (MDS), essa iniciativa tem como objetivo garantir que os recursos p\u00fablicos sejam direcionados corretamente para as\u2026","rel":"","context":"In &quot;Dinheiro e Investimento&quot;","block_context":{"text":"Dinheiro e Investimento","link":"https:\/\/noticiasribeiraopreto.com.br\/index.php\/category\/dinheiro-e-investimento-como-fazer-como-ganhar\/"},"img":{"alt_text":"","src":"https:\/\/i0.wp.com\/noticiasribeiraopreto.com.br\/wp-content\/uploads\/2024\/07\/Liberdade.webp.webp?fit=1200%2C630&ssl=1&resize=350%2C200","width":350,"height":200,"srcset":"https:\/\/i0.wp.com\/noticiasribeiraopreto.com.br\/wp-content\/uploads\/2024\/07\/Liberdade.webp.webp?fit=1200%2C630&ssl=1&resize=350%2C200 1x, https:\/\/i0.wp.com\/noticiasribeiraopreto.com.br\/wp-content\/uploads\/2024\/07\/Liberdade.webp.webp?fit=1200%2C630&ssl=1&resize=525%2C300 1.5x, https:\/\/i0.wp.com\/noticiasribeiraopreto.com.br\/wp-content\/uploads\/2024\/07\/Liberdade.webp.webp?fit=1200%2C630&ssl=1&resize=700%2C400 2x, https:\/\/i0.wp.com\/noticiasribeiraopreto.com.br\/wp-content\/uploads\/2024\/07\/Liberdade.webp.webp?fit=1200%2C630&ssl=1&resize=1050%2C600 3x"},"classes":[]},{"id":53941,"url":"https:\/\/noticiasribeiraopreto.com.br\/index.php\/2024\/06\/26\/bolsa-familia-julho-aumento-nas-mensalidades-e-novas-datas-de-pagamento-confira-calendario\/","url_meta":{"origin":74941,"position":5},"title":"Bolsa Fam\u00edlia Julho: Aumento nas mensalidades e novas datas de pagamento; Confira calend\u00e1rio","author":"noticiasribeiraopreto.com.br","date":"26 de June de 2024","format":false,"excerpt":"O Bolsa Fam\u00edlia de julho traz novidades importantes para o combate \u00e0 pobreza no Brasil. Em 2024, o programa continuar\u00e1 sendo um pilar fundamental para milh\u00f5es de brasileiros. A Caixa Econ\u00f4mica Federal (CEF) gerencia os pagamentos com o objetivo de distribuir de forma eficiente os recursos para melhorar as condi\u00e7\u00f5es\u2026","rel":"","context":"In &quot;Dinheiro e Investimento&quot;","block_context":{"text":"Dinheiro e Investimento","link":"https:\/\/noticiasribeiraopreto.com.br\/index.php\/category\/dinheiro-e-investimento-como-fazer-como-ganhar\/"},"img":{"alt_text":"","src":"https:\/\/i0.wp.com\/noticiasribeiraopreto.com.br\/wp-content\/uploads\/2024\/06\/Design-sem-nome-1-1.webp.webp?fit=1200%2C630&ssl=1&resize=350%2C200","width":350,"height":200,"srcset":"https:\/\/i0.wp.com\/noticiasribeiraopreto.com.br\/wp-content\/uploads\/2024\/06\/Design-sem-nome-1-1.webp.webp?fit=1200%2C630&ssl=1&resize=350%2C200 1x, https:\/\/i0.wp.com\/noticiasribeiraopreto.com.br\/wp-content\/uploads\/2024\/06\/Design-sem-nome-1-1.webp.webp?fit=1200%2C630&ssl=1&resize=525%2C300 1.5x, https:\/\/i0.wp.com\/noticiasribeiraopreto.com.br\/wp-content\/uploads\/2024\/06\/Design-sem-nome-1-1.webp.webp?fit=1200%2C630&ssl=1&resize=700%2C400 2x, https:\/\/i0.wp.com\/noticiasribeiraopreto.com.br\/wp-content\/uploads\/2024\/06\/Design-sem-nome-1-1.webp.webp?fit=1200%2C630&ssl=1&resize=1050%2C600 3x"},"classes":[]}],"jetpack_sharing_enabled":true,"jetpack_shortlink":"https:\/\/wp.me\/peQAOb-juJ","_links":{"self":[{"href":"https:\/\/noticiasribeiraopreto.com.br\/index.php\/wp-json\/wp\/v2\/posts\/74941","targetHints":{"allow":["GET"]}}],"collection":[{"href":"https:\/\/noticiasribeiraopreto.com.br\/index.php\/wp-json\/wp\/v2\/posts"}],"about":[{"href":"https:\/\/noticiasribeiraopreto.com.br\/index.php\/wp-json\/wp\/v2\/types\/post"}],"author":[{"embeddable":true,"href":"https:\/\/noticiasribeiraopreto.com.br\/index.php\/wp-json\/wp\/v2\/users\/1"}],"replies":[{"embeddable":true,"href":"https:\/\/noticiasribeiraopreto.com.br\/index.php\/wp-json\/wp\/v2\/comments?post=74941"}],"version-history":[{"count":0,"href":"https:\/\/noticiasribeiraopreto.com.br\/index.php\/wp-json\/wp\/v2\/posts\/74941\/revisions"}],"wp:featuredmedia":[{"embeddable":true,"href":"https:\/\/noticiasribeiraopreto.com.br\/index.php\/wp-json\/wp\/v2\/media\/74942"}],"wp:attachment":[{"href":"https:\/\/noticiasribeiraopreto.com.br\/index.php\/wp-json\/wp\/v2\/media?parent=74941"}],"wp:term":[{"taxonomy":"category","embeddable":true,"href":"https:\/\/noticiasribeiraopreto.com.br\/index.php\/wp-json\/wp\/v2\/categories?post=74941"},{"taxonomy":"post_tag","embeddable":true,"href":"https:\/\/noticiasribeiraopreto.com.br\/index.php\/wp-json\/wp\/v2\/tags?post=74941"}],"curies":[{"name":"wp","href":"https:\/\/api.w.org\/{rel}","templated":true}]}}