{"id":74943,"date":"2025-07-31T15:34:34","date_gmt":"2025-07-31T18:34:34","guid":{"rendered":"https:\/\/noticiasribeiraopreto.com.br\/index.php\/2025\/07\/31\/ribeirao-preto-recebe-festival-de-blues-no-fim-de-semana\/"},"modified":"2025-07-31T15:34:34","modified_gmt":"2025-07-31T18:34:34","slug":"ribeirao-preto-recebe-festival-de-blues-no-fim-de-semana","status":"publish","type":"post","link":"https:\/\/noticiasribeiraopreto.com.br\/index.php\/2025\/07\/31\/ribeirao-preto-recebe-festival-de-blues-no-fim-de-semana\/","title":{"rendered":"Ribeir\u00e3o Preto recebe festival de blues no fim de semana"},"content":{"rendered":"<div class='code-block code-block-1' style='margin: 8px 0 8px auto; text-align: right; display: block; clear: both;'>\n<p><a href=\"https:\/\/wa.link\/vpicfd\"><img data-recalc-dims=\"1\" class=\"wp-image-4922\" style=\"aspect-ratio: 2.0253164556962027; width: 561px; height: auto;\" src=\"https:\/\/i0.wp.com\/ismaelcolosi.com.br\/wp-content\/uploads\/2023\/11\/grupo-de-empregos-whatsapp-e-facebook-ismael-colosi-vagas.jpg?ssl=1\" alt=\"\" \/><\/a><\/p>\n<!-- \/wp:image -->\n<\/div>\n<p> <br \/>\n<\/p>\n<div data-td-block-uid=\"tdi_95\">\n<div class=\"tdb-block-inner td-fix-index\">\n<p>Em comemora\u00e7\u00e3o ao <strong>Dia Internacional do Blues<\/strong>, <strong>Ribeir\u00e3o Preto<\/strong> recebe neste <strong>s\u00e1bado (2)<\/strong>, o festival \u201c<strong>Macumba Bourbon Festival<\/strong>\u201d. O evento tem entrada gratuita e come\u00e7a a partir das <strong>16h<\/strong>, na <strong>rua Sete de Setembro<\/strong>, em frente ao <strong>Sem Fronteiras Bar<\/strong>.<\/p>\n<p>O line-up conta com shows das bandas <strong>Mississippi Devils<\/strong> e <strong>Ernesto Rodarte &amp; The Trouble Makers<\/strong>.<\/p>\n<p>O repert\u00f3rio das apresenta\u00e7\u00f5es dialoga com as ra\u00edzes do <strong>blues<\/strong> e as releituras contempor\u00e2neas do g\u00eanero.<\/p>\n<h2 class=\"wp-block-heading\"><strong>Gastronomia<\/strong><\/h2>\n<p>O festival tamb\u00e9m conta com card\u00e1pio inspirado na culin\u00e1ria <strong>cajun e crioula<\/strong> de <strong>Nova Orleans<\/strong>, que inclui pratos t\u00edpicos, cervejas e chopes.<\/p>\n<p>SAIBA MAIS<br \/>Teatro de Arena de Ribeir\u00e3o Preto recebe show da banda Jovem Dion\u00edsio; veja quando<\/p>\n<h3 class=\"wp-block-heading\"><strong>FIQUE ON\u00a0\u00a0\u00a0\u00a0\u00a0\u00a0\u00a0\u00a0\u00a0<\/strong><\/h3>\n<p>Quer ficar por dentro de tudo que acontece em Ribeir\u00e3o Preto e regi\u00e3o? Ent\u00e3o siga os perfis do\u202facidade on\u202fno\u202f<a href=\"https:\/\/www.instagram.com\/acidadeonribeirao\" target=\"_blank\" rel=\"noreferrer noopener\">Instagram<\/a>\u202fe no\u202f<a href=\"https:\/\/www.facebook.com\/acidadeonribeirao\/\" target=\"_blank\" rel=\"noreferrer noopener\">Facebook<\/a>.<\/p>\n<p>Al\u00e9m disso, voc\u00ea pode receber as principais not\u00edcias diretamente no WhatsApp. Para isso, basta\u00a0<a href=\"https:\/\/chat.whatsapp.com\/BjKQZ9oJwlz8VVT50NuePq\" target=\"_blank\" rel=\"noreferrer noopener\">entrar no grupo clicando aqui<\/a>.<\/p>\n<p>Por fim, se quiser fazer uma den\u00fancia ou sugerir uma reportagem sobre Ribeir\u00e3o Preto e regi\u00e3o, envie uma mensagem pelo WhatsApp: (16) 99117-7802.<\/p>\n<p>VEJA TAMB\u00c9M<br \/>Qual era a idade de Christiane Torloni em \u2018A Viagem\u2019?<\/p>\n<p><!-- AI CONTENT END 1 -->\n<\/div>\n<\/div>\n<p><script async src=\"\/\/www.instagram.com\/embed.js\"><\/script><br \/>\n<br \/><br \/>\n<br \/><a href=\"https:\/\/www.acidadeon.com\/ribeiraopreto\/lazer-e-cultura\/ribeirao-preto-recebe-festival-blues-no-fim-de-semana\/\">Source link <\/a><\/p>\n<!-- CONTENT END 1 -->\n","protected":false},"excerpt":{"rendered":"<p>Em comemora\u00e7\u00e3o ao Dia Internacional do Blues, Ribeir\u00e3o Preto recebe neste s\u00e1bado (2), o festival \u201cMacumba Bourbon Festival\u201d. O evento tem entrada gratuita e come\u00e7a&#8230;<\/p>\n","protected":false},"author":1,"featured_media":74944,"comment_status":"open","ping_status":"open","sticky":false,"template":"","format":"standard","meta":{"advanced_seo_description":"","jetpack_seo_html_title":"","jetpack_seo_noindex":false,"jetpack_post_was_ever_published":false,"_jetpack_newsletter_access":"","_jetpack_dont_email_post_to_subs":false,"_jetpack_newsletter_tier_id":0,"_jetpack_memberships_contains_paywalled_content":false,"_jetpack_memberships_contains_paid_content":false,"footnotes":"","jetpack_publicize_message":"","jetpack_publicize_feature_enabled":true,"jetpack_social_post_already_shared":true,"jetpack_social_options":{"image_generator_settings":{"template":"highway","default_image_id":0,"font":"","enabled":false},"version":2}},"categories":[11],"tags":[],"class_list":["post-74943","post","type-post","status-publish","format-standard","has-post-thumbnail","hentry","category-noticias-de-ribeirao-preto-sp-e-regiao-ismael-colosi"],"jetpack_publicize_connections":[],"jetpack_featured_media_url":"https:\/\/i0.wp.com\/noticiasribeiraopreto.com.br\/wp-content\/uploads\/2025\/07\/blues_2025-07-31_17-21-51.webp.webp?fit=1200%2C798&ssl=1","jetpack-related-posts":[{"id":2355,"url":"https:\/\/noticiasribeiraopreto.com.br\/index.php\/2023\/11\/15\/ribeirao-preto-volta-a-receber-festival-de-bandas-e-fanfarras\/","url_meta":{"origin":74943,"position":0},"title":"Ribeir\u00e3o Preto volta a receber Festival de Bandas e Fanfarras","author":"noticiasribeiraopreto.com.br","date":"15 de November de 2023","format":false,"excerpt":"Ribeir\u00e3o Preto volta a ser palco do Festival de Bandas e Fanfarras. A informa\u00e7\u00e3o foi divulgada pela Prefeitura de Ribeir\u00e3o Preto. O \u00faltimo evento do tipo ocorreu h\u00e1 20 anos. O Festival acontece no domingo (19), a partir das 9h, na avenida Dom Pedro I, em frente na pra\u00e7a Pedro\u2026","rel":"","context":"In &quot;Not\u00edcias de Ribeir\u00e3o Preto-SP e Regi\u00e3o&quot;","block_context":{"text":"Not\u00edcias de Ribeir\u00e3o Preto-SP e Regi\u00e3o","link":"https:\/\/noticiasribeiraopreto.com.br\/index.php\/category\/noticias-de-ribeirao-preto-sp-e-regiao-ismael-colosi\/"},"img":{"alt_text":"","src":"https:\/\/i0.wp.com\/noticiasribeiraopreto.com.br\/wp-content\/uploads\/2023\/11\/uma-banda-de-musicos-tocando-o-hino-nacional-scaled.jpg?fit=1200%2C686&ssl=1&resize=350%2C200","width":350,"height":200,"srcset":"https:\/\/i0.wp.com\/noticiasribeiraopreto.com.br\/wp-content\/uploads\/2023\/11\/uma-banda-de-musicos-tocando-o-hino-nacional-scaled.jpg?fit=1200%2C686&ssl=1&resize=350%2C200 1x, https:\/\/i0.wp.com\/noticiasribeiraopreto.com.br\/wp-content\/uploads\/2023\/11\/uma-banda-de-musicos-tocando-o-hino-nacional-scaled.jpg?fit=1200%2C686&ssl=1&resize=525%2C300 1.5x, https:\/\/i0.wp.com\/noticiasribeiraopreto.com.br\/wp-content\/uploads\/2023\/11\/uma-banda-de-musicos-tocando-o-hino-nacional-scaled.jpg?fit=1200%2C686&ssl=1&resize=700%2C400 2x, https:\/\/i0.wp.com\/noticiasribeiraopreto.com.br\/wp-content\/uploads\/2023\/11\/uma-banda-de-musicos-tocando-o-hino-nacional-scaled.jpg?fit=1200%2C686&ssl=1&resize=1050%2C600 3x"},"classes":[]},{"id":53602,"url":"https:\/\/noticiasribeiraopreto.com.br\/index.php\/2024\/06\/21\/ribeirao-recebe-festival-de-cerveja-artesanal-com-shows-de-rock-entrada-e-gratuita\/","url_meta":{"origin":74943,"position":1},"title":"Ribeir\u00e3o recebe festival de cerveja artesanal com shows de rock; entrada \u00e9 gratuita","author":"noticiasribeiraopreto.com.br","date":"21 de June de 2024","format":false,"excerpt":"O Palco Orgulho RP, no estacionamento do Teatro Municipal, no Morro do S\u00e3o Bento, recebe neste s\u00e1bado (22), a partir das 14h, o \u201cRibeir\u00e3o Beer Festival\u201d, um festival de cerveja artesanal com shows de rock ao vivo e com entrada gratuita. O evento celebra os 168 anos de Ribeir\u00e3o Preto.\u2026","rel":"","context":"In &quot;Not\u00edcias de Ribeir\u00e3o Preto-SP e Regi\u00e3o&quot;","block_context":{"text":"Not\u00edcias de Ribeir\u00e3o Preto-SP e Regi\u00e3o","link":"https:\/\/noticiasribeiraopreto.com.br\/index.php\/category\/noticias-de-ribeirao-preto-sp-e-regiao-ismael-colosi\/"},"img":{"alt_text":"","src":"https:\/\/i0.wp.com\/noticiasribeiraopreto.com.br\/wp-content\/uploads\/2024\/06\/pexels-elevate-1269043_2024-06-21_14-40-13_jpg_2024-06-21_14-40-16-scaled.webp.webp?fit=1200%2C801&ssl=1&resize=350%2C200","width":350,"height":200,"srcset":"https:\/\/i0.wp.com\/noticiasribeiraopreto.com.br\/wp-content\/uploads\/2024\/06\/pexels-elevate-1269043_2024-06-21_14-40-13_jpg_2024-06-21_14-40-16-scaled.webp.webp?fit=1200%2C801&ssl=1&resize=350%2C200 1x, https:\/\/i0.wp.com\/noticiasribeiraopreto.com.br\/wp-content\/uploads\/2024\/06\/pexels-elevate-1269043_2024-06-21_14-40-13_jpg_2024-06-21_14-40-16-scaled.webp.webp?fit=1200%2C801&ssl=1&resize=525%2C300 1.5x, https:\/\/i0.wp.com\/noticiasribeiraopreto.com.br\/wp-content\/uploads\/2024\/06\/pexels-elevate-1269043_2024-06-21_14-40-13_jpg_2024-06-21_14-40-16-scaled.webp.webp?fit=1200%2C801&ssl=1&resize=700%2C400 2x, https:\/\/i0.wp.com\/noticiasribeiraopreto.com.br\/wp-content\/uploads\/2024\/06\/pexels-elevate-1269043_2024-06-21_14-40-13_jpg_2024-06-21_14-40-16-scaled.webp.webp?fit=1200%2C801&ssl=1&resize=1050%2C600 3x"},"classes":[]},{"id":78480,"url":"https:\/\/noticiasribeiraopreto.com.br\/index.php\/2025\/10\/11\/ribeirao-preto-recebe-3o-festival-de-bandas-e-fanfarras-no-parque-maurilio-biagi\/","url_meta":{"origin":74943,"position":2},"title":"Ribeir\u00e3o Preto recebe 3\u00ba Festival de Bandas e Fanfarras no Parque Maur\u00edlio Biagi","author":"noticiasribeiraopreto.com.br","date":"11 de October de 2025","format":false,"excerpt":"O 3\u00ba Festival de Bandas e Fanfarras de Ribeir\u00e3o Preto acontece neste s\u00e1bado (11), no Parque Maur\u00edlio Biagi, a partir das 17h. O evento contar\u00e1 com apresenta\u00e7\u00f5es de corpora\u00e7\u00f5es musicais locais e de munic\u00edpios pr\u00f3ximos. A entrada \u00e9 gratuita e aberta ao p\u00fablico. Veja as bandas e fanfarras participantes: Fanfarra\u2026","rel":"","context":"In &quot;Not\u00edcias de Ribeir\u00e3o Preto-SP e Regi\u00e3o&quot;","block_context":{"text":"Not\u00edcias de Ribeir\u00e3o Preto-SP e Regi\u00e3o","link":"https:\/\/noticiasribeiraopreto.com.br\/index.php\/category\/noticias-de-ribeirao-preto-sp-e-regiao-ismael-colosi\/"},"img":{"alt_text":"","src":"https:\/\/i0.wp.com\/noticiasribeiraopreto.com.br\/wp-content\/uploads\/2025\/10\/173759335127741367_2025-10-11_17-14-56.webp.webp?fit=1200%2C600&ssl=1&resize=350%2C200","width":350,"height":200,"srcset":"https:\/\/i0.wp.com\/noticiasribeiraopreto.com.br\/wp-content\/uploads\/2025\/10\/173759335127741367_2025-10-11_17-14-56.webp.webp?fit=1200%2C600&ssl=1&resize=350%2C200 1x, https:\/\/i0.wp.com\/noticiasribeiraopreto.com.br\/wp-content\/uploads\/2025\/10\/173759335127741367_2025-10-11_17-14-56.webp.webp?fit=1200%2C600&ssl=1&resize=525%2C300 1.5x, https:\/\/i0.wp.com\/noticiasribeiraopreto.com.br\/wp-content\/uploads\/2025\/10\/173759335127741367_2025-10-11_17-14-56.webp.webp?fit=1200%2C600&ssl=1&resize=700%2C400 2x, https:\/\/i0.wp.com\/noticiasribeiraopreto.com.br\/wp-content\/uploads\/2025\/10\/173759335127741367_2025-10-11_17-14-56.webp.webp?fit=1200%2C600&ssl=1&resize=1050%2C600 3x"},"classes":[]},{"id":71795,"url":"https:\/\/noticiasribeiraopreto.com.br\/index.php\/2025\/06\/10\/arena-rock-ribeirao-preto-recebe-festival-gratuito-em-comemoracao-ao-aniversario-da-cidade\/","url_meta":{"origin":74943,"position":3},"title":"Arena Rock: Ribeir\u00e3o Preto recebe festival gratuito em comemora\u00e7\u00e3o ao anivers\u00e1rio da cidade","author":"noticiasribeiraopreto.com.br","date":"10 de June de 2025","format":false,"excerpt":"A 11\u00aa edi\u00e7\u00e3o do Arena Rock acontece na pr\u00f3xima ter\u00e7a-feira (17), no Teatro de Arena de Ribeir\u00e3o Preto, a partir das 16h. O evento conta com cinco atra\u00e7\u00f5es e entrada gratuita. A programa\u00e7\u00e3o integra o calend\u00e1rio de comemora\u00e7\u00e3o do anivers\u00e1rio de 169 anos da cidade. Sobem ao palco o DJ\u2026","rel":"","context":"In &quot;Not\u00edcias de Ribeir\u00e3o Preto-SP e Regi\u00e3o&quot;","block_context":{"text":"Not\u00edcias de Ribeir\u00e3o Preto-SP e Regi\u00e3o","link":"https:\/\/noticiasribeiraopreto.com.br\/index.php\/category\/noticias-de-ribeirao-preto-sp-e-regiao-ismael-colosi\/"},"img":{"alt_text":"","src":"https:\/\/i0.wp.com\/noticiasribeiraopreto.com.br\/wp-content\/uploads\/2025\/06\/WhatsApp-Image-2024-03-02-at-17.58.26.jpeg?fit=1200%2C800&ssl=1&resize=350%2C200","width":350,"height":200,"srcset":"https:\/\/i0.wp.com\/noticiasribeiraopreto.com.br\/wp-content\/uploads\/2025\/06\/WhatsApp-Image-2024-03-02-at-17.58.26.jpeg?fit=1200%2C800&ssl=1&resize=350%2C200 1x, https:\/\/i0.wp.com\/noticiasribeiraopreto.com.br\/wp-content\/uploads\/2025\/06\/WhatsApp-Image-2024-03-02-at-17.58.26.jpeg?fit=1200%2C800&ssl=1&resize=525%2C300 1.5x, https:\/\/i0.wp.com\/noticiasribeiraopreto.com.br\/wp-content\/uploads\/2025\/06\/WhatsApp-Image-2024-03-02-at-17.58.26.jpeg?fit=1200%2C800&ssl=1&resize=700%2C400 2x, https:\/\/i0.wp.com\/noticiasribeiraopreto.com.br\/wp-content\/uploads\/2025\/06\/WhatsApp-Image-2024-03-02-at-17.58.26.jpeg?fit=1200%2C800&ssl=1&resize=1050%2C600 3x"},"classes":[]},{"id":57666,"url":"https:\/\/noticiasribeiraopreto.com.br\/index.php\/2024\/09\/06\/champions-beer-ribeirao-preto-recebe-festival-de-cervejas-artesanais\/","url_meta":{"origin":74943,"position":4},"title":"Champions Beer: Ribeir\u00e3o Preto recebe festival de cervejas artesanais","author":"noticiasribeiraopreto.com.br","date":"6 de September de 2024","format":false,"excerpt":"Acontece neste final de semana o festival de cervejas artesanais Champions Beer, no Shopping Iguatemi, em Ribeir\u00e3o Preto. A abertura do festival acontece nesta sexta-feira (6), a partir das 17h. No s\u00e1bado (7) e no domingo (8) a abertura ser\u00e1 \u00e0s 12h. O evento ser\u00e1 retomado entre os dias 13\u2026","rel":"","context":"In &quot;Not\u00edcias de Ribeir\u00e3o Preto-SP e Regi\u00e3o&quot;","block_context":{"text":"Not\u00edcias de Ribeir\u00e3o Preto-SP e Regi\u00e3o","link":"https:\/\/noticiasribeiraopreto.com.br\/index.php\/category\/noticias-de-ribeirao-preto-sp-e-regiao-ismael-colosi\/"},"img":{"alt_text":"","src":"https:\/\/i0.wp.com\/noticiasribeiraopreto.com.br\/wp-content\/uploads\/2024\/09\/champions-beer_2024-09-06_17-47-35_jpeg_2024-09-06_17-47-35.webp.webp?fit=1200%2C675&ssl=1&resize=350%2C200","width":350,"height":200,"srcset":"https:\/\/i0.wp.com\/noticiasribeiraopreto.com.br\/wp-content\/uploads\/2024\/09\/champions-beer_2024-09-06_17-47-35_jpeg_2024-09-06_17-47-35.webp.webp?fit=1200%2C675&ssl=1&resize=350%2C200 1x, https:\/\/i0.wp.com\/noticiasribeiraopreto.com.br\/wp-content\/uploads\/2024\/09\/champions-beer_2024-09-06_17-47-35_jpeg_2024-09-06_17-47-35.webp.webp?fit=1200%2C675&ssl=1&resize=525%2C300 1.5x, https:\/\/i0.wp.com\/noticiasribeiraopreto.com.br\/wp-content\/uploads\/2024\/09\/champions-beer_2024-09-06_17-47-35_jpeg_2024-09-06_17-47-35.webp.webp?fit=1200%2C675&ssl=1&resize=700%2C400 2x, https:\/\/i0.wp.com\/noticiasribeiraopreto.com.br\/wp-content\/uploads\/2024\/09\/champions-beer_2024-09-06_17-47-35_jpeg_2024-09-06_17-47-35.webp.webp?fit=1200%2C675&ssl=1&resize=1050%2C600 3x"},"classes":[]},{"id":57691,"url":"https:\/\/noticiasribeiraopreto.com.br\/index.php\/2024\/09\/07\/regiao-de-ribeirao-preto-recebe-festival-gastronomico-di-san-gennaro\/","url_meta":{"origin":74943,"position":5},"title":"Regi\u00e3o de Ribeir\u00e3o Preto recebe Festival Gastron\u00f4mico di San Gennaro","author":"noticiasribeiraopreto.com.br","date":"7 de September de 2024","format":false,"excerpt":"Come\u00e7ou neste final de semana em Batatais, na regi\u00e3o de Ribeir\u00e3o Preto, o Festival Gastron\u00f4mico di San Gennaro. A 30\u00aa edi\u00e7\u00e3o do evento acontece em duas etapas: no final de semana entre 6 e 8 e de 13 a 15 de setembro. A festa \u00e9 realizada no Centro de Eventos\u2026","rel":"","context":"In &quot;Not\u00edcias de Ribeir\u00e3o Preto-SP e Regi\u00e3o&quot;","block_context":{"text":"Not\u00edcias de Ribeir\u00e3o Preto-SP e Regi\u00e3o","link":"https:\/\/noticiasribeiraopreto.com.br\/index.php\/category\/noticias-de-ribeirao-preto-sp-e-regiao-ismael-colosi\/"},"img":{"alt_text":"","src":"https:\/\/i0.wp.com\/noticiasribeiraopreto.com.br\/wp-content\/uploads\/2024\/09\/san-gennaro_2024-09-07_15-29-38_jpg_2024-09-07_15-29-38.webp.webp?fit=1200%2C798&ssl=1&resize=350%2C200","width":350,"height":200,"srcset":"https:\/\/i0.wp.com\/noticiasribeiraopreto.com.br\/wp-content\/uploads\/2024\/09\/san-gennaro_2024-09-07_15-29-38_jpg_2024-09-07_15-29-38.webp.webp?fit=1200%2C798&ssl=1&resize=350%2C200 1x, https:\/\/i0.wp.com\/noticiasribeiraopreto.com.br\/wp-content\/uploads\/2024\/09\/san-gennaro_2024-09-07_15-29-38_jpg_2024-09-07_15-29-38.webp.webp?fit=1200%2C798&ssl=1&resize=525%2C300 1.5x, https:\/\/i0.wp.com\/noticiasribeiraopreto.com.br\/wp-content\/uploads\/2024\/09\/san-gennaro_2024-09-07_15-29-38_jpg_2024-09-07_15-29-38.webp.webp?fit=1200%2C798&ssl=1&resize=700%2C400 2x, https:\/\/i0.wp.com\/noticiasribeiraopreto.com.br\/wp-content\/uploads\/2024\/09\/san-gennaro_2024-09-07_15-29-38_jpg_2024-09-07_15-29-38.webp.webp?fit=1200%2C798&ssl=1&resize=1050%2C600 3x"},"classes":[]}],"jetpack_sharing_enabled":true,"jetpack_shortlink":"https:\/\/wp.me\/peQAOb-juL","_links":{"self":[{"href":"https:\/\/noticiasribeiraopreto.com.br\/index.php\/wp-json\/wp\/v2\/posts\/74943","targetHints":{"allow":["GET"]}}],"collection":[{"href":"https:\/\/noticiasribeiraopreto.com.br\/index.php\/wp-json\/wp\/v2\/posts"}],"about":[{"href":"https:\/\/noticiasribeiraopreto.com.br\/index.php\/wp-json\/wp\/v2\/types\/post"}],"author":[{"embeddable":true,"href":"https:\/\/noticiasribeiraopreto.com.br\/index.php\/wp-json\/wp\/v2\/users\/1"}],"replies":[{"embeddable":true,"href":"https:\/\/noticiasribeiraopreto.com.br\/index.php\/wp-json\/wp\/v2\/comments?post=74943"}],"version-history":[{"count":0,"href":"https:\/\/noticiasribeiraopreto.com.br\/index.php\/wp-json\/wp\/v2\/posts\/74943\/revisions"}],"wp:featuredmedia":[{"embeddable":true,"href":"https:\/\/noticiasribeiraopreto.com.br\/index.php\/wp-json\/wp\/v2\/media\/74944"}],"wp:attachment":[{"href":"https:\/\/noticiasribeiraopreto.com.br\/index.php\/wp-json\/wp\/v2\/media?parent=74943"}],"wp:term":[{"taxonomy":"category","embeddable":true,"href":"https:\/\/noticiasribeiraopreto.com.br\/index.php\/wp-json\/wp\/v2\/categories?post=74943"},{"taxonomy":"post_tag","embeddable":true,"href":"https:\/\/noticiasribeiraopreto.com.br\/index.php\/wp-json\/wp\/v2\/tags?post=74943"}],"curies":[{"name":"wp","href":"https:\/\/api.w.org\/{rel}","templated":true}]}}