{"id":74945,"date":"2025-07-31T15:41:51","date_gmt":"2025-07-31T18:41:51","guid":{"rendered":"https:\/\/noticiasribeiraopreto.com.br\/index.php\/2025\/07\/31\/multinacional-esta-com-inscricoes-abertas-para-curso-gratuito-em-ribeirao-preto\/"},"modified":"2025-07-31T15:41:51","modified_gmt":"2025-07-31T18:41:51","slug":"multinacional-esta-com-inscricoes-abertas-para-curso-gratuito-em-ribeirao-preto","status":"publish","type":"post","link":"https:\/\/noticiasribeiraopreto.com.br\/index.php\/2025\/07\/31\/multinacional-esta-com-inscricoes-abertas-para-curso-gratuito-em-ribeirao-preto\/","title":{"rendered":"Multinacional est\u00e1 com inscri\u00e7\u00f5es abertas para curso gratuito em Ribeir\u00e3o Preto"},"content":{"rendered":"<div class='code-block code-block-1' style='margin: 8px 0 8px auto; text-align: right; display: block; clear: both;'>\n<p><a href=\"https:\/\/wa.link\/vpicfd\"><img data-recalc-dims=\"1\" class=\"wp-image-4922\" style=\"aspect-ratio: 2.0253164556962027; width: 561px; height: auto;\" src=\"https:\/\/i0.wp.com\/ismaelcolosi.com.br\/wp-content\/uploads\/2023\/11\/grupo-de-empregos-whatsapp-e-facebook-ismael-colosi-vagas.jpg?ssl=1\" alt=\"\" \/><\/a><\/p>\n<!-- \/wp:image -->\n<\/div>\n<p> <br \/>\n<\/p>\n<div>\n<p>O<strong> Instituto 3M<\/strong>, ligado a multinacional 3M, prorrogou as inscri\u00e7\u00f5es at\u00e9 17 de agosto para curso gratuito de qualifica\u00e7\u00e3o profissional em <strong>Ribeir\u00e3o Preto<\/strong>. <mark style=\"background-color:#fcb900\" class=\"has-inline-color has-black-color\">S\u00e3o 20 vagas dispon\u00edveis para jovens residentes pr\u00f3ximos \u00e0 unidade da empresa e que tenham renda per capita de at\u00e9 um sal\u00e1rio m\u00ednimo por pessoa.\u00a0\u00a0<\/mark><\/p>\n<p>A iniciativa \u00e9 fruto de um conv\u00eanio firmado entre a empresa e o Formare, programa de qualifica\u00e7\u00e3o profissional para jovens em situa\u00e7\u00e3o de desvantagem socioecon\u00f4mica, da Funda\u00e7\u00e3o Iochpe.<\/p>\n<p>As aulas acontecem dentro da unidade da 3M, com uma metodologia que combina teoria e pr\u00e1tica, em um ambiente real de trabalho. Os educadores s\u00e3o os pr\u00f3prios profissionais da empresa, que atuam de forma volunt\u00e1ria, oferecendo aos alunos uma forma\u00e7\u00e3o conectada com as exig\u00eancias do mercado.<\/p>\n<h2 class=\"wp-block-heading\"><strong>Requisitos<\/strong><\/h2>\n<p>As vagas s\u00e3o para fun\u00e7\u00e3o de Assistente de Produ\u00e7\u00e3o Industrial. Para participar \u00e9 preciso ter nascido entre 2007 e 2008, estar cursando ou ter conclu\u00eddo o ensino m\u00e9dio em rede p\u00fablica de ensino, ter renda familiar por pessoa de at\u00e9 um sal\u00e1rio m\u00ednimo, ter interesse pela \u00e1rea do curso (preferencialmente), n\u00e3o ter frequentado cursos profissionalizantes.<\/p>\n<h2 class=\"wp-block-heading\"><strong>Benef\u00edcios<\/strong><\/h2>\n<p>Bolsa aux\u00edlio de estudos, alimenta\u00e7\u00e3o, uniforme, aux\u00edlio transporte, material did\u00e1tico para uso durante o curso, seguro de vida em grupo; assist\u00eancia m\u00e9dica ambulatorial, equipamento de prote\u00e7\u00e3o individual e coletivo (para aulas te\u00f3ricas e pr\u00e1ticas quando necess\u00e1rio).<\/p>\n<h2 class=\"wp-block-heading\"><strong>Inscri\u00e7\u00e3o<\/strong><\/h2>\n<p>As inscri\u00e7\u00f5es devem ser realizadas pela internet na plataforma <strong>AVA Fiochpe<\/strong> (<a href=\"https:\/\/ava.fiochpe.org.br\/login\/index.php\" data-type=\"link\" data-id=\"https:\/\/ava.fiochpe.org.br\/login\/index.php\" target=\"_blank\" rel=\"noopener\">clique aqui<\/a>). Ap\u00f3s o cadastro, o candidato passar\u00e1 por provas de conhecimentos b\u00e1sicos (L\u00edngua Portuguesa e Matem\u00e1tica), pesquisa de opini\u00e3o, entrevista com familiares, entrevista individual e estudo de Caso.<\/p>\n<p>Informa\u00e7\u00f5es: Carina Urso \u2013 Coordenadora Formare no Instituto 3M em Ribeir\u00e3o Preto \u2013 caurso.cw@mmm.com \u2013 (16) 98196-004.<\/p>\n<p>SAIBA MAIS<br \/>Ribeir\u00e3o Preto recebe feira gratuita com food trucks, chope e m\u00fasica ao vivo<\/p>\n<h3 class=\"wp-block-heading\"><strong>FIQUE ON\u00a0\u00a0\u00a0\u00a0\u00a0\u00a0\u00a0\u00a0\u00a0<\/strong><\/h3>\n<p>Quer ficar por dentro de tudo que acontece em Ribeir\u00e3o Preto e regi\u00e3o? Ent\u00e3o siga os perfis do\u202facidade on\u202fno\u202f<a href=\"https:\/\/www.instagram.com\/acidadeonribeirao\" target=\"_blank\" rel=\"noreferrer noopener\">Instagram<\/a>\u202fe no\u202f<a href=\"https:\/\/www.facebook.com\/acidadeonribeirao\/\" target=\"_blank\" rel=\"noreferrer noopener\">Facebook<\/a>.<\/p>\n<p>Al\u00e9m disso, voc\u00ea pode receber as principais not\u00edcias diretamente no WhatsApp. Para isso, basta\u00a0<a href=\"https:\/\/chat.whatsapp.com\/BjKQZ9oJwlz8VVT50NuePq\" target=\"_blank\" rel=\"noreferrer noopener\">entrar no grupo clicando aqui<\/a>.<\/p>\n<p>Por fim, se quiser fazer uma den\u00fancia ou sugerir uma reportagem sobre Ribeir\u00e3o Preto e regi\u00e3o, envie uma mensagem pelo WhatsApp: (16) 99117-7802.<\/p>\n<p>VEJA TAMB\u00c9M<br \/>Quando estreia \u2018Dias Perfeitos\u2019?<\/p>\n<p><!-- AI CONTENT END 1 -->\n<\/div>\n<p><script async src=\"\/\/www.instagram.com\/embed.js\"><\/script><br \/>\n<br \/><br \/>\n<br \/><a href=\"https:\/\/www.acidadeon.com\/ribeiraopreto\/economia\/multinacional-esta-com-inscricoes-abertas-para-curso-gratuito-em-ribeirao-preto\/\">Source link <\/a><\/p>\n<!-- CONTENT END 1 -->\n","protected":false},"excerpt":{"rendered":"<p>O Instituto 3M, ligado a multinacional 3M, prorrogou as inscri\u00e7\u00f5es at\u00e9 17 de agosto para curso gratuito de qualifica\u00e7\u00e3o profissional em Ribeir\u00e3o Preto. S\u00e3o 20&#8230;<\/p>\n","protected":false},"author":1,"featured_media":74946,"comment_status":"open","ping_status":"open","sticky":false,"template":"","format":"standard","meta":{"advanced_seo_description":"","jetpack_seo_html_title":"","jetpack_seo_noindex":false,"jetpack_post_was_ever_published":false,"_jetpack_newsletter_access":"","_jetpack_dont_email_post_to_subs":false,"_jetpack_newsletter_tier_id":0,"_jetpack_memberships_contains_paywalled_content":false,"_jetpack_memberships_contains_paid_content":false,"footnotes":"","jetpack_publicize_message":"","jetpack_publicize_feature_enabled":true,"jetpack_social_post_already_shared":true,"jetpack_social_options":{"image_generator_settings":{"template":"highway","default_image_id":0,"font":"","enabled":false},"version":2}},"categories":[11],"tags":[],"class_list":["post-74945","post","type-post","status-publish","format-standard","has-post-thumbnail","hentry","category-noticias-de-ribeirao-preto-sp-e-regiao-ismael-colosi"],"jetpack_publicize_connections":[],"jetpack_featured_media_url":"https:\/\/i0.wp.com\/noticiasribeiraopreto.com.br\/wp-content\/uploads\/2025\/07\/AnyConv.com__3m_2024-06-25_18-32-59.webp.webp?fit=983%2C616&ssl=1","jetpack-related-posts":[{"id":73126,"url":"https:\/\/noticiasribeiraopreto.com.br\/index.php\/2025\/06\/25\/multinacional-abre-inscricoes-para-curso-gratuito-de-qualificacao-ha-vagas-em-ribeirao\/","url_meta":{"origin":74945,"position":0},"title":"Multinacional abre inscri\u00e7\u00f5es para curso gratuito de qualifica\u00e7\u00e3o; h\u00e1 vagas em Ribeir\u00e3o","author":"noticiasribeiraopreto.com.br","date":"25 de June de 2025","format":false,"excerpt":"A empresa multinacional 3M, por meio do Instituto 3M, est\u00e1 com inscri\u00e7\u00f5es abertas para um curso gratuito de qualifica\u00e7\u00e3o profissional voltado a jovens de baixa renda. Em Ribeir\u00e3o Preto, est\u00e3o dispon\u00edveis 20 vagas para o curso de assistente de produ\u00e7\u00e3o industrial, com aulas realizadas na unidade local da empresa. Tamb\u00e9m\u2026","rel":"","context":"In &quot;Not\u00edcias de Ribeir\u00e3o Preto-SP e Regi\u00e3o&quot;","block_context":{"text":"Not\u00edcias de Ribeir\u00e3o Preto-SP e Regi\u00e3o","link":"https:\/\/noticiasribeiraopreto.com.br\/index.php\/category\/noticias-de-ribeirao-preto-sp-e-regiao-ismael-colosi\/"},"img":{"alt_text":"","src":"https:\/\/i0.wp.com\/noticiasribeiraopreto.com.br\/wp-content\/uploads\/2025\/06\/female-industrial-employee-teaching-colleague-operate-machine-pointing-control-board-using-tablet_2025-06-25_17-40-50.webp.webp?fit=1200%2C800&ssl=1&resize=350%2C200","width":350,"height":200,"srcset":"https:\/\/i0.wp.com\/noticiasribeiraopreto.com.br\/wp-content\/uploads\/2025\/06\/female-industrial-employee-teaching-colleague-operate-machine-pointing-control-board-using-tablet_2025-06-25_17-40-50.webp.webp?fit=1200%2C800&ssl=1&resize=350%2C200 1x, https:\/\/i0.wp.com\/noticiasribeiraopreto.com.br\/wp-content\/uploads\/2025\/06\/female-industrial-employee-teaching-colleague-operate-machine-pointing-control-board-using-tablet_2025-06-25_17-40-50.webp.webp?fit=1200%2C800&ssl=1&resize=525%2C300 1.5x, https:\/\/i0.wp.com\/noticiasribeiraopreto.com.br\/wp-content\/uploads\/2025\/06\/female-industrial-employee-teaching-colleague-operate-machine-pointing-control-board-using-tablet_2025-06-25_17-40-50.webp.webp?fit=1200%2C800&ssl=1&resize=700%2C400 2x, https:\/\/i0.wp.com\/noticiasribeiraopreto.com.br\/wp-content\/uploads\/2025\/06\/female-industrial-employee-teaching-colleague-operate-machine-pointing-control-board-using-tablet_2025-06-25_17-40-50.webp.webp?fit=1200%2C800&ssl=1&resize=1050%2C600 3x"},"classes":[]},{"id":84270,"url":"https:\/\/noticiasribeiraopreto.com.br\/index.php\/2026\/04\/06\/caminho-da-capacitacao-abre-inscricoes-para-cursos-gratuitos-na-regiao-de-ribeirao-preto\/","url_meta":{"origin":74945,"position":1},"title":"Caminho da Capacita\u00e7\u00e3o abre inscri\u00e7\u00f5es para cursos gratuitos na regi\u00e3o de Ribeir\u00e3o Preto","author":"noticiasribeiraopreto.com.br","date":"6 de April de 2026","format":false,"excerpt":"Ler o resumo da not\u00edcia Caminho da Capacita\u00e7\u00e3o abre inscri\u00e7\u00f5es para cursos gratuitos na regi\u00e3o de Ribeir\u00e3o Preto O programa Caminho da Capacita\u00e7\u00e3o, do Fundo Social de S\u00e3o Paulo, chega pela primeira vez \u00e0 regi\u00e3o de Ribeir\u00e3o Preto com inscri\u00e7\u00f5es abertas para cursos gratuitos de qualifica\u00e7\u00e3o profissional. As aulas ser\u00e3o\u2026","rel":"","context":"In &quot;Not\u00edcias de Ribeir\u00e3o Preto-SP e Regi\u00e3o&quot;","block_context":{"text":"Not\u00edcias de Ribeir\u00e3o Preto-SP e Regi\u00e3o","link":"https:\/\/noticiasribeiraopreto.com.br\/index.php\/category\/noticias-de-ribeirao-preto-sp-e-regiao-ismael-colosi\/"},"img":{"alt_text":"","src":"https:\/\/i0.wp.com\/noticiasribeiraopreto.com.br\/wp-content\/uploads\/2026\/04\/caminho-da-capacitacao-2_2026-04-06_18-03-32.webp.webp?fit=750%2C347&ssl=1&resize=350%2C200","width":350,"height":200,"srcset":"https:\/\/i0.wp.com\/noticiasribeiraopreto.com.br\/wp-content\/uploads\/2026\/04\/caminho-da-capacitacao-2_2026-04-06_18-03-32.webp.webp?fit=750%2C347&ssl=1&resize=350%2C200 1x, https:\/\/i0.wp.com\/noticiasribeiraopreto.com.br\/wp-content\/uploads\/2026\/04\/caminho-da-capacitacao-2_2026-04-06_18-03-32.webp.webp?fit=750%2C347&ssl=1&resize=525%2C300 1.5x, https:\/\/i0.wp.com\/noticiasribeiraopreto.com.br\/wp-content\/uploads\/2026\/04\/caminho-da-capacitacao-2_2026-04-06_18-03-32.webp.webp?fit=750%2C347&ssl=1&resize=700%2C400 2x"},"classes":[]},{"id":52632,"url":"https:\/\/noticiasribeiraopreto.com.br\/index.php\/2024\/06\/10\/ribeirao-tem-cursos-gratuitos-para-qualificacao-profissional-veja-oportunidades\/","url_meta":{"origin":74945,"position":2},"title":"Ribeir\u00e3o tem cursos gratuitos para qualifica\u00e7\u00e3o profissional; Veja oportunidades","author":"noticiasribeiraopreto.com.br","date":"10 de June de 2024","format":false,"excerpt":"A Escola de Educa\u00e7\u00e3o Profissional B\u00e1sica Dr. Celso Charuri, em Ribeir\u00e3o Preto, est\u00e1 com vagas abertas para v\u00e1rios cursos gratuitos de capacita\u00e7\u00e3o profissional. \u00a0As inscri\u00e7\u00f5es s\u00e3o para pessoas maiores de 16 anos, sem limite de idade m\u00e1xima. Como se inscrever? Os interessados devem procurar a secretaria da unidade escolar, que\u2026","rel":"","context":"In &quot;Not\u00edcias de Ribeir\u00e3o Preto-SP e Regi\u00e3o&quot;","block_context":{"text":"Not\u00edcias de Ribeir\u00e3o Preto-SP e Regi\u00e3o","link":"https:\/\/noticiasribeiraopreto.com.br\/index.php\/category\/noticias-de-ribeirao-preto-sp-e-regiao-ismael-colosi\/"},"img":{"alt_text":"","src":"https:\/\/i0.wp.com\/noticiasribeiraopreto.com.br\/wp-content\/uploads\/2024\/06\/cursoscelsocharuri_-_cursos_inclusao_produtiva_costura_-_foto_guilherme_sircili_2_2024-06-10_22-08-18_jpg_2024-06-10_22-08-18.webp.webp?fit=1200%2C799&ssl=1&resize=350%2C200","width":350,"height":200,"srcset":"https:\/\/i0.wp.com\/noticiasribeiraopreto.com.br\/wp-content\/uploads\/2024\/06\/cursoscelsocharuri_-_cursos_inclusao_produtiva_costura_-_foto_guilherme_sircili_2_2024-06-10_22-08-18_jpg_2024-06-10_22-08-18.webp.webp?fit=1200%2C799&ssl=1&resize=350%2C200 1x, https:\/\/i0.wp.com\/noticiasribeiraopreto.com.br\/wp-content\/uploads\/2024\/06\/cursoscelsocharuri_-_cursos_inclusao_produtiva_costura_-_foto_guilherme_sircili_2_2024-06-10_22-08-18_jpg_2024-06-10_22-08-18.webp.webp?fit=1200%2C799&ssl=1&resize=525%2C300 1.5x, https:\/\/i0.wp.com\/noticiasribeiraopreto.com.br\/wp-content\/uploads\/2024\/06\/cursoscelsocharuri_-_cursos_inclusao_produtiva_costura_-_foto_guilherme_sircili_2_2024-06-10_22-08-18_jpg_2024-06-10_22-08-18.webp.webp?fit=1200%2C799&ssl=1&resize=700%2C400 2x, https:\/\/i0.wp.com\/noticiasribeiraopreto.com.br\/wp-content\/uploads\/2024\/06\/cursoscelsocharuri_-_cursos_inclusao_produtiva_costura_-_foto_guilherme_sircili_2_2024-06-10_22-08-18_jpg_2024-06-10_22-08-18.webp.webp?fit=1200%2C799&ssl=1&resize=1050%2C600 3x"},"classes":[]},{"id":27720,"url":"https:\/\/noticiasribeiraopreto.com.br\/index.php\/2024\/01\/13\/empresa-abre-30-vagas-de-estagio\/","url_meta":{"origin":74945,"position":3},"title":"Empresa abre 30 vagas de est\u00e1gio\u00a0","author":"noticiasribeiraopreto.com.br","date":"13 de January de 2024","format":false,"excerpt":"Est\u00e3o abertas as inscri\u00e7\u00f5es para o Programa de Est\u00e1gio 2024 para a \u00e1rea de Manufatura da 3M. Para concorrer a uma das 30 vagas dispon\u00edveis \u00e9 necess\u00e1rio estar matriculado em curso superior de bacharelado ou t\u00e9cnico em engenharia de produ\u00e7\u00e3o, mec\u00e2nica, manufatura, controle e automa\u00e7\u00e3o, ou \u00e1reas relacionadas. O candidato\u2026","rel":"","context":"In &quot;Not\u00edcias de Ribeir\u00e3o Preto-SP e Regi\u00e3o&quot;","block_context":{"text":"Not\u00edcias de Ribeir\u00e3o Preto-SP e Regi\u00e3o","link":"https:\/\/noticiasribeiraopreto.com.br\/index.php\/category\/noticias-de-ribeirao-preto-sp-e-regiao-ismael-colosi\/"},"img":{"alt_text":"","src":"https:\/\/i0.wp.com\/noticiasribeiraopreto.com.br\/wp-content\/uploads\/2024\/01\/3m-abre-inscricoes-para-programa-de-estagio2021-181042.jpg?fit=620%2C351&ssl=1&resize=350%2C200","width":350,"height":200,"srcset":"https:\/\/i0.wp.com\/noticiasribeiraopreto.com.br\/wp-content\/uploads\/2024\/01\/3m-abre-inscricoes-para-programa-de-estagio2021-181042.jpg?fit=620%2C351&ssl=1&resize=350%2C200 1x, https:\/\/i0.wp.com\/noticiasribeiraopreto.com.br\/wp-content\/uploads\/2024\/01\/3m-abre-inscricoes-para-programa-de-estagio2021-181042.jpg?fit=620%2C351&ssl=1&resize=525%2C300 1.5x"},"classes":[]},{"id":76809,"url":"https:\/\/noticiasribeiraopreto.com.br\/index.php\/2025\/09\/05\/multinacional-abre-processo-seletivo-com-vagas-em-ribeirao-preto\/","url_meta":{"origin":74945,"position":4},"title":"Multinacional abre processo seletivo com vagas em Ribeir\u00e3o Preto","author":"noticiasribeiraopreto.com.br","date":"5 de September de 2025","format":false,"excerpt":"A 3M, multinacional que conta com unidade em Ribeir\u00e3o Preto, abre processo seletivo para o programa de est\u00e1gio 2026. A iniciativa busca estudantes de diversas \u00e1reas do conhecimento e estejam cursando o ensino superior. Al\u00e9m de Ribeir\u00e3o Preto, h\u00e1 oportunidades em Sumar\u00e9, Itapetininga e Ribeir\u00e3o Preto. As inscri\u00e7\u00f5es est\u00e3o abertas\u2026","rel":"","context":"In &quot;Not\u00edcias de Ribeir\u00e3o Preto-SP e Regi\u00e3o&quot;","block_context":{"text":"Not\u00edcias de Ribeir\u00e3o Preto-SP e Regi\u00e3o","link":"https:\/\/noticiasribeiraopreto.com.br\/index.php\/category\/noticias-de-ribeirao-preto-sp-e-regiao-ismael-colosi\/"},"img":{"alt_text":"","src":"https:\/\/i0.wp.com\/noticiasribeiraopreto.com.br\/wp-content\/uploads\/2025\/07\/AnyConv.com__3m_2024-06-25_18-32-59.webp.webp?fit=983%2C616&ssl=1&resize=350%2C200","width":350,"height":200,"srcset":"https:\/\/i0.wp.com\/noticiasribeiraopreto.com.br\/wp-content\/uploads\/2025\/07\/AnyConv.com__3m_2024-06-25_18-32-59.webp.webp?fit=983%2C616&ssl=1&resize=350%2C200 1x, https:\/\/i0.wp.com\/noticiasribeiraopreto.com.br\/wp-content\/uploads\/2025\/07\/AnyConv.com__3m_2024-06-25_18-32-59.webp.webp?fit=983%2C616&ssl=1&resize=525%2C300 1.5x, https:\/\/i0.wp.com\/noticiasribeiraopreto.com.br\/wp-content\/uploads\/2025\/07\/AnyConv.com__3m_2024-06-25_18-32-59.webp.webp?fit=983%2C616&ssl=1&resize=700%2C400 2x"},"classes":[]},{"id":59174,"url":"https:\/\/noticiasribeiraopreto.com.br\/index.php\/2024\/10\/16\/multinacional-abre-vagas-para-aprendiz-na-regiao-de-ribeirao-preto\/","url_meta":{"origin":74945,"position":5},"title":"Multinacional abre vagas para aprendiz na regi\u00e3o de Ribeir\u00e3o Preto","author":"noticiasribeiraopreto.com.br","date":"16 de October de 2024","format":false,"excerpt":"A multinacional Sylvamo, que atua na produ\u00e7\u00e3o de papel, anunciou a abertura de 21 vagas em um programa de aprendiz para jovens residentes em Luiz Ant\u00f4nio, S\u00e3o Sim\u00e3o e Guatapar\u00e1, na regi\u00e3o de Ribeir\u00e3o Preto. O programa, que \u00e9 ligado a um instituto mantido pela empresa e tem parceria com\u2026","rel":"","context":"In &quot;Not\u00edcias de Ribeir\u00e3o Preto-SP e Regi\u00e3o&quot;","block_context":{"text":"Not\u00edcias de Ribeir\u00e3o Preto-SP e Regi\u00e3o","link":"https:\/\/noticiasribeiraopreto.com.br\/index.php\/category\/noticias-de-ribeirao-preto-sp-e-regiao-ismael-colosi\/"},"img":{"alt_text":"","src":"https:\/\/i0.wp.com\/noticiasribeiraopreto.com.br\/wp-content\/uploads\/2024\/10\/students-with-laptop-medium-shot_2024-10-16_17-30-54_jpg_2024-10-16_17-30-56-scaled.webp.webp?fit=1200%2C800&ssl=1&resize=350%2C200","width":350,"height":200,"srcset":"https:\/\/i0.wp.com\/noticiasribeiraopreto.com.br\/wp-content\/uploads\/2024\/10\/students-with-laptop-medium-shot_2024-10-16_17-30-54_jpg_2024-10-16_17-30-56-scaled.webp.webp?fit=1200%2C800&ssl=1&resize=350%2C200 1x, https:\/\/i0.wp.com\/noticiasribeiraopreto.com.br\/wp-content\/uploads\/2024\/10\/students-with-laptop-medium-shot_2024-10-16_17-30-54_jpg_2024-10-16_17-30-56-scaled.webp.webp?fit=1200%2C800&ssl=1&resize=525%2C300 1.5x, https:\/\/i0.wp.com\/noticiasribeiraopreto.com.br\/wp-content\/uploads\/2024\/10\/students-with-laptop-medium-shot_2024-10-16_17-30-54_jpg_2024-10-16_17-30-56-scaled.webp.webp?fit=1200%2C800&ssl=1&resize=700%2C400 2x, https:\/\/i0.wp.com\/noticiasribeiraopreto.com.br\/wp-content\/uploads\/2024\/10\/students-with-laptop-medium-shot_2024-10-16_17-30-54_jpg_2024-10-16_17-30-56-scaled.webp.webp?fit=1200%2C800&ssl=1&resize=1050%2C600 3x"},"classes":[]}],"jetpack_sharing_enabled":true,"jetpack_shortlink":"https:\/\/wp.me\/peQAOb-juN","_links":{"self":[{"href":"https:\/\/noticiasribeiraopreto.com.br\/index.php\/wp-json\/wp\/v2\/posts\/74945","targetHints":{"allow":["GET"]}}],"collection":[{"href":"https:\/\/noticiasribeiraopreto.com.br\/index.php\/wp-json\/wp\/v2\/posts"}],"about":[{"href":"https:\/\/noticiasribeiraopreto.com.br\/index.php\/wp-json\/wp\/v2\/types\/post"}],"author":[{"embeddable":true,"href":"https:\/\/noticiasribeiraopreto.com.br\/index.php\/wp-json\/wp\/v2\/users\/1"}],"replies":[{"embeddable":true,"href":"https:\/\/noticiasribeiraopreto.com.br\/index.php\/wp-json\/wp\/v2\/comments?post=74945"}],"version-history":[{"count":0,"href":"https:\/\/noticiasribeiraopreto.com.br\/index.php\/wp-json\/wp\/v2\/posts\/74945\/revisions"}],"wp:featuredmedia":[{"embeddable":true,"href":"https:\/\/noticiasribeiraopreto.com.br\/index.php\/wp-json\/wp\/v2\/media\/74946"}],"wp:attachment":[{"href":"https:\/\/noticiasribeiraopreto.com.br\/index.php\/wp-json\/wp\/v2\/media?parent=74945"}],"wp:term":[{"taxonomy":"category","embeddable":true,"href":"https:\/\/noticiasribeiraopreto.com.br\/index.php\/wp-json\/wp\/v2\/categories?post=74945"},{"taxonomy":"post_tag","embeddable":true,"href":"https:\/\/noticiasribeiraopreto.com.br\/index.php\/wp-json\/wp\/v2\/tags?post=74945"}],"curies":[{"name":"wp","href":"https:\/\/api.w.org\/{rel}","templated":true}]}}