{"id":74947,"date":"2025-07-31T15:48:24","date_gmt":"2025-07-31T18:48:24","guid":{"rendered":"https:\/\/noticiasribeiraopreto.com.br\/index.php\/2025\/07\/31\/faxineira-e-presa-por-envolvimento-em-roubo-milionario\/"},"modified":"2025-07-31T15:48:24","modified_gmt":"2025-07-31T18:48:24","slug":"faxineira-e-presa-por-envolvimento-em-roubo-milionario","status":"publish","type":"post","link":"https:\/\/noticiasribeiraopreto.com.br\/index.php\/2025\/07\/31\/faxineira-e-presa-por-envolvimento-em-roubo-milionario\/","title":{"rendered":"Faxineira \u00e9 presa por envolvimento em roubo milion\u00e1rio"},"content":{"rendered":"<div class='code-block code-block-1' style='margin: 8px 0 8px auto; text-align: right; display: block; clear: both;'>\n<p><a href=\"https:\/\/wa.link\/vpicfd\"><img data-recalc-dims=\"1\" class=\"wp-image-4922\" style=\"aspect-ratio: 2.0253164556962027; width: 561px; height: auto;\" src=\"https:\/\/i0.wp.com\/ismaelcolosi.com.br\/wp-content\/uploads\/2023\/11\/grupo-de-empregos-whatsapp-e-facebook-ismael-colosi-vagas.jpg?ssl=1\" alt=\"\" \/><\/a><\/p>\n<!-- \/wp:image -->\n<\/div>\n<p> <br \/>\n<\/p>\n<div>\n<p>Por: Adalberto Luque<\/p>\n<p>Um casal foi preso, na manh\u00e3 desta quinta-feira (31), acusado de participa\u00e7\u00e3o no roubo de uma resid\u00eancia localizada no Alto da Boa Vista. O caso ocorreu no dia 31 de dezembro de 2024 e os criminosos levaram joias avaliadas em R$ 4 milh\u00f5es e US$ 100 mil em c\u00e9dulas.<\/p>\n<p>Segundo o delegado Andr\u00e9 Baldochi, que coordenou a pris\u00e3o, a mulher j\u00e1 havia sido presa dias ap\u00f3s o roubo, mas acabou obtendo a liberdade por n\u00e3o haver provas mais contundentes. Segundo o delegado, ap\u00f3s a soltura da mulher, foi instaurado um inqu\u00e9rito paralelo onde foram colhidas as provas que comprovam a participa\u00e7\u00e3o do casal.<\/p>\n<p>De acordo com Baldochi, as provas foram obtidas com a extra\u00e7\u00e3o dos dados de celulares dos envolvidos. Foi conclu\u00eddo que ambos trocaram mensagens com o dono de farm\u00e1cia em Serrana, que tamb\u00e9m foi candidato a vereador na cidade da regi\u00e3o metropolitana.<\/p>\n<figure id=\"attachment_433322\" aria-describedby=\"caption-attachment-433322\" style=\"width: 822px\" class=\"wp-caption alignnone\"><img data-recalc-dims=\"1\" loading=\"lazy\" decoding=\"async\" class=\"size-full wp-image-433322 lazyload\" src=\"https:\/\/i0.wp.com\/www.tribunaribeirao.com.br\/wp-content\/uploads\/2025\/07\/31-jul-2025-rouboabv1.jpg?resize=822%2C515&#038;ssl=1\" alt=\"\" width=\"822\" height=\"515\" srcset=\"https:\/\/www.tribunaribeirao.com.br\/wp-content\/uploads\/2025\/07\/31-jul-2025-rouboabv1.jpg 822w, https:\/\/www.tribunaribeirao.com.br\/wp-content\/uploads\/2025\/07\/31-jul-2025-rouboabv1-300x188.jpg 300w, https:\/\/www.tribunaribeirao.com.br\/wp-content\/uploads\/2025\/07\/31-jul-2025-rouboabv1-768x481.jpg 768w, https:\/\/www.tribunaribeirao.com.br\/wp-content\/uploads\/2025\/07\/31-jul-2025-rouboabv1-638x400.jpg 638w, https:\/\/www.tribunaribeirao.com.br\/wp-content\/uploads\/2025\/07\/31-jul-2025-rouboabv1-585x367.jpg 585w\" data-sizes=\"(max-width: 822px) 100vw, 822px\" style=\"--smush-placeholder-width: 822px; --smush-placeholder-aspect-ratio: 822\/515;\"\/><figcaption id=\"caption-attachment-433322\" class=\"wp-caption-text\">Joias, dinheiro e arma foram encontrados em maleta no carro do ex-candidato a vereador em Serrana (Foto: Divulga\u00e7\u00e3o)<\/figcaption><\/figure>\n<p>O marido da dom\u00e9stica era anotado com o nome de \u201cd\u00f3lar\u201d na agenda telef\u00f4nica do homem que teria sido o mentor intelectual do roubo. Com a pris\u00e3o do casal, j\u00e1 s\u00e3o cinco os presos durante as investiga\u00e7\u00f5es. O inqu\u00e9rito j\u00e1 foi conclu\u00eddo e encaminhado para o Minist\u00e9rio P\u00fablico de S\u00e3o Paulo.<\/p>\n<p>De acordo com Baldochi, o mandado de pris\u00e3o foi preventivo e n\u00e3o tempor\u00e1rio. O homem foi preso no Recreio das Ac\u00e1cias, zona Sul de Ribeir\u00e3o Preto. J\u00e1 a mulher foi presa no Planalto Verde, zona Oeste. A reportagem n\u00e3o conseguiu contato com a defesa dos detidos.<\/p>\n<p><strong>Relembre o caso<\/strong><\/p>\n<p>Na manh\u00e3 de 31 de dezembro de 2024, dois ladr\u00f5es invadiram uma casa no Alto da Boa Vista, zona Sul de Ribeir\u00e3o Preto, e levaram 100 mil d\u00f3lares em dinheiro e uma maleta com joias avaliadas em R$ 4 milh\u00f5es. Toda a\u00e7\u00e3o aconteceu em apenas oito minutos.<\/p>\n<figure id=\"attachment_433325\" aria-describedby=\"caption-attachment-433325\" style=\"width: 957px\" class=\"wp-caption alignnone\"><img data-recalc-dims=\"1\" loading=\"lazy\" decoding=\"async\" class=\"size-full wp-image-433325 lazyload\" src=\"https:\/\/i0.wp.com\/www.tribunaribeirao.com.br\/wp-content\/uploads\/2025\/07\/31-jul-2025-rouboabv4.jpg?resize=957%2C760&#038;ssl=1\" alt=\"\" width=\"957\" height=\"760\" srcset=\"https:\/\/www.tribunaribeirao.com.br\/wp-content\/uploads\/2025\/07\/31-jul-2025-rouboabv4.jpg 957w, https:\/\/www.tribunaribeirao.com.br\/wp-content\/uploads\/2025\/07\/31-jul-2025-rouboabv4-300x238.jpg 300w, https:\/\/www.tribunaribeirao.com.br\/wp-content\/uploads\/2025\/07\/31-jul-2025-rouboabv4-768x610.jpg 768w, https:\/\/www.tribunaribeirao.com.br\/wp-content\/uploads\/2025\/07\/31-jul-2025-rouboabv4-504x400.jpg 504w, https:\/\/www.tribunaribeirao.com.br\/wp-content\/uploads\/2025\/07\/31-jul-2025-rouboabv4-585x465.jpg 585w\" data-sizes=\"(max-width: 957px) 100vw, 957px\" style=\"--smush-placeholder-width: 957px; --smush-placeholder-aspect-ratio: 957\/760;\"\/><figcaption id=\"caption-attachment-433325\" class=\"wp-caption-text\">Policiais apreenderam armas, al\u00e9m de recuperar algumas joias e dinheiro (Foto: Divulga\u00e7\u00e3o)<\/figcaption><\/figure>\n<p>Segundo o boletim de ocorr\u00eancia, a casa foi invadida por dois criminosos. Eles estavam armados e entraram pelo port\u00e3o da garagem, que estava aberto.<\/p>\n<p>Na resid\u00eancia, os bandidos renderam tr\u00eas pessoas e arrombaram a porta de um closet, onde estavam os objetos roubados. Os donos do im\u00f3vel estavam viajando e na casa haviam prestadores de servi\u00e7o que faziam uma reforma no im\u00f3vel.<\/p>\n<p>C\u00e2meras de seguran\u00e7a da casa n\u00e3o gravaram o assalto. A Pol\u00edcia Civil concluiu que elas foram desligadas intencionalmente. A Pol\u00edcia conseguiu, todavia, imagens de c\u00e2meras de seguran\u00e7a de casas vizinhas, que mostraram os assaltantes descendo e retornando a um Honda CR-V preto.<\/p>\n<p>O carro, com placas de Serrana, pertence ao dono de farm\u00e1cias naquela cidade, que tamb\u00e9m foi candidato derrotado a vereador em duas elei\u00e7\u00f5es. A pol\u00edcia constatou que o carro teria sa\u00eddo de Serrana, no dia 31, \u00e0s 10h04, retornando para cidade no mesmo dia, \u00e0s 11h49.<\/p>\n<p>No dia 2 de janeiro, o dono do carro foi preso. Com ele os policiais encontraram uma maleta contendo R$ 28 mil, 45 mil d\u00f3lares, diversas joias e tr\u00eas rev\u00f3lveres, um deles com numera\u00e7\u00e3o raspada. Ele foi preso em Serrana por mandado de pris\u00e3o preventiva, isto \u00e9, sem prazo definido.<\/p>\n<p>A funcion\u00e1ria da casa tamb\u00e9m foi considerada suspeita e presa temporariamente. A pol\u00edcia entendeu que ela teria passado informa\u00e7\u00f5es privilegiadas. Al\u00e9m disso, teria desligado as c\u00e2meras e a internet da resid\u00eancia durante a a\u00e7\u00e3o dos criminosos. Ela foi solta ap\u00f3s 30 dias.<\/p>\n<figure id=\"attachment_433326\" aria-describedby=\"caption-attachment-433326\" style=\"width: 800px\" class=\"wp-caption alignnone\"><img data-recalc-dims=\"1\" loading=\"lazy\" decoding=\"async\" class=\"size-full wp-image-433326 lazyload\" src=\"https:\/\/i0.wp.com\/www.tribunaribeirao.com.br\/wp-content\/uploads\/2025\/07\/31-jul-2025-rouboabv5.jpg?resize=800%2C450&#038;ssl=1\" alt=\"\" width=\"800\" height=\"450\" srcset=\"https:\/\/www.tribunaribeirao.com.br\/wp-content\/uploads\/2025\/07\/31-jul-2025-rouboabv5.jpg 800w, https:\/\/www.tribunaribeirao.com.br\/wp-content\/uploads\/2025\/07\/31-jul-2025-rouboabv5-300x169.jpg 300w, https:\/\/www.tribunaribeirao.com.br\/wp-content\/uploads\/2025\/07\/31-jul-2025-rouboabv5-768x432.jpg 768w, https:\/\/www.tribunaribeirao.com.br\/wp-content\/uploads\/2025\/07\/31-jul-2025-rouboabv5-711x400.jpg 711w, https:\/\/www.tribunaribeirao.com.br\/wp-content\/uploads\/2025\/07\/31-jul-2025-rouboabv5-585x329.jpg 585w\" data-sizes=\"(max-width: 800px) 100vw, 800px\" style=\"--smush-placeholder-width: 800px; --smush-placeholder-aspect-ratio: 800\/450;\"\/><figcaption id=\"caption-attachment-433326\" class=\"wp-caption-text\">Homem foi preso em Mogi Gua\u00e7u com dinheiro, celulares, TV de \u00faltima gera\u00e7\u00e3o e duas motocicletas novas (Foto: Divulga\u00e7\u00e3o)<\/figcaption><\/figure>\n<p>No dia 3 de janeiro, outro homem foi preso, tamb\u00e9m em Serrana. Ele teria sido reconhecido por testemunhas como um dos dois homens que entrou na casa. Outro homem foi preso em 16 de janeiro, na cidade de Mogi Gua\u00e7u, regi\u00e3o de Campinas.<\/p>\n<p>Com ele os agentes apreenderam tr\u00eas celulares, uma TV de \u00faltima gera\u00e7\u00e3o, algumas joias, muitas c\u00e9dulas de reais e duas motocicletas novas, compradas possivelmente com dinheiro do roubo.<\/p>\n<p>A propriet\u00e1ria da casa disse que os valores roubados eram relativos a uma transa\u00e7\u00e3o imobili\u00e1ria. Explicou que, por conta de instabilidade financeira do Pa\u00eds, optou em manter a moeda estrangeira e que a Receita Federal estava devidamente informada.<\/p>\n<p>Sobre as joias, adiantou que a maioria \u00e9 heran\u00e7a de fam\u00edlia. Ao falar com a imprensa, revelou que somente uma das funcion\u00e1rias poderia ter passado informa\u00e7\u00e3o, j\u00e1 que os funcion\u00e1rios n\u00e3o tinham acesso ao closet feminino da casa, onde os bens estavam guardados. Somente parte das joias e do dinheiro foram recuperados.<\/p>\n<p>\u00a0<\/p>\n<p>_____<\/p>\n<p>\u00a0<\/p>\n<p>Jornal Tribuna Ribeir\u00e3o<br \/>Um Jornal com a cara de Ribeir\u00e3o!<\/p>\n<p>Impresso | WEB | Redes sociais<br \/>Tribuna Ribeir\u00e3o \u2013 Fone: (16) 3632-2200 \u2013 Whatsapp: (16) 98161-8743<br \/>Av. Bar\u00e3o do Bananal, 880 \u2013 Jardim Anhanguera, Ribeir\u00e3o Preto<\/p>\n<p>@tribunaribeirao<br \/>@meiaderibeirao<br \/>@dinoderibeirao<br \/>#TribunaRibeir\u00e3o<br \/>#News<br \/>#Not\u00edcia<br \/>#Ribeir\u00e3oPreto #Not\u00edciasDeRibeir\u00e3oPreto<br \/>#ClassificadosTribunaRibeir\u00e3o<br \/>#Jornalismo<br \/>#ClassificadosRibeir\u00e3o<\/p>\n<\/div>\n<p><br \/>\n<br \/><a href=\"https:\/\/www.tribunaribeirao.com.br\/faxineira-e-presa-por-envolvimento-em-roubo-milionario\/\">Source link <\/a><\/p>\n<!-- CONTENT END 1 -->\n","protected":false},"excerpt":{"rendered":"<p>Por: Adalberto Luque Um casal foi preso, na manh\u00e3 desta quinta-feira (31), acusado de participa\u00e7\u00e3o no roubo de uma resid\u00eancia localizada no Alto da Boa&#8230;<\/p>\n","protected":false},"author":1,"featured_media":74948,"comment_status":"open","ping_status":"open","sticky":false,"template":"","format":"standard","meta":{"advanced_seo_description":"","jetpack_seo_html_title":"","jetpack_seo_noindex":false,"jetpack_post_was_ever_published":false,"_jetpack_newsletter_access":"","_jetpack_dont_email_post_to_subs":false,"_jetpack_newsletter_tier_id":0,"_jetpack_memberships_contains_paywalled_content":false,"_jetpack_memberships_contains_paid_content":false,"footnotes":"","jetpack_publicize_message":"","jetpack_publicize_feature_enabled":true,"jetpack_social_post_already_shared":true,"jetpack_social_options":{"image_generator_settings":{"template":"highway","default_image_id":0,"font":"","enabled":false},"version":2}},"categories":[11],"tags":[],"class_list":["post-74947","post","type-post","status-publish","format-standard","has-post-thumbnail","hentry","category-noticias-de-ribeirao-preto-sp-e-regiao-ismael-colosi"],"jetpack_publicize_connections":[],"jetpack_featured_media_url":"https:\/\/i0.wp.com\/noticiasribeiraopreto.com.br\/wp-content\/uploads\/2025\/07\/31-jul-2025-rouboabv2.jpg?fit=667%2C500&ssl=1","jetpack-related-posts":[{"id":73707,"url":"https:\/\/noticiasribeiraopreto.com.br\/index.php\/2025\/07\/08\/video-policia-prende-suspeito-de-roubo-de-medicamentos\/","url_meta":{"origin":74947,"position":0},"title":"V\u00cdDEO &#8211; Pol\u00edcia prende suspeito de roubo de medicamentos","author":"noticiasribeiraopreto.com.br","date":"8 de July de 2025","format":false,"excerpt":"Por: Alfredo Risk e Adalberto Luque A Pol\u00edcia Civil prendeu, na manh\u00e3 desta ter\u00e7a-feira (8), um dos envolvidos no roubo de medicamentos de alto custo do Hospital Estadual de Ribeir\u00e3o Preto (HERP). A pris\u00e3o ocorreu em uma resid\u00eancia no Parque Ribeir\u00e3o Preto, zona Oeste da cidade. Segundo o delegado Andr\u00e9\u2026","rel":"","context":"In &quot;Not\u00edcias de Ribeir\u00e3o Preto-SP e Regi\u00e3o&quot;","block_context":{"text":"Not\u00edcias de Ribeir\u00e3o Preto-SP e Regi\u00e3o","link":"https:\/\/noticiasribeiraopreto.com.br\/index.php\/category\/noticias-de-ribeirao-preto-sp-e-regiao-ismael-colosi\/"},"img":{"alt_text":"","src":"https:\/\/i0.wp.com\/noticiasribeiraopreto.com.br\/wp-content\/uploads\/2025\/07\/08-jul-2025-prisaomedicamentos1.jpg?fit=822%2C805&ssl=1&resize=350%2C200","width":350,"height":200,"srcset":"https:\/\/i0.wp.com\/noticiasribeiraopreto.com.br\/wp-content\/uploads\/2025\/07\/08-jul-2025-prisaomedicamentos1.jpg?fit=822%2C805&ssl=1&resize=350%2C200 1x, https:\/\/i0.wp.com\/noticiasribeiraopreto.com.br\/wp-content\/uploads\/2025\/07\/08-jul-2025-prisaomedicamentos1.jpg?fit=822%2C805&ssl=1&resize=525%2C300 1.5x, https:\/\/i0.wp.com\/noticiasribeiraopreto.com.br\/wp-content\/uploads\/2025\/07\/08-jul-2025-prisaomedicamentos1.jpg?fit=822%2C805&ssl=1&resize=700%2C400 2x"},"classes":[]},{"id":84813,"url":"https:\/\/noticiasribeiraopreto.com.br\/index.php\/2026\/04\/16\/em-familia-sogro-e-genro-sao-presos-por-roubo\/","url_meta":{"origin":74947,"position":1},"title":"Em fam\u00edlia: sogro e genro s\u00e3o presos por roubo","author":"noticiasribeiraopreto.com.br","date":"16 de April de 2026","format":false,"excerpt":"\r Uma das v\u00edtimas do assalto foi ferida por um tiro disparado pelo assaltante\r \r 16 de abril de 2026 11:38 \r Compartilhar2 | Por: Adalberto Luque | Dois homens foram presos, na manh\u00e3 desta quinta-feira (16), por um roubo que resultou na v\u00edtima ferida por um disparo de arma\u2026","rel":"","context":"In &quot;Not\u00edcias de Ribeir\u00e3o Preto-SP e Regi\u00e3o&quot;","block_context":{"text":"Not\u00edcias de Ribeir\u00e3o Preto-SP e Regi\u00e3o","link":"https:\/\/noticiasribeiraopreto.com.br\/index.php\/category\/noticias-de-ribeirao-preto-sp-e-regiao-ismael-colosi\/"},"img":{"alt_text":"","src":"https:\/\/i0.wp.com\/noticiasribeiraopreto.com.br\/wp-content\/uploads\/2026\/04\/16-abr-2026-emfamilia-scaled.jpg?fit=1082%2C780&ssl=1&resize=350%2C200","width":350,"height":200,"srcset":"https:\/\/i0.wp.com\/noticiasribeiraopreto.com.br\/wp-content\/uploads\/2026\/04\/16-abr-2026-emfamilia-scaled.jpg?fit=1082%2C780&ssl=1&resize=350%2C200 1x, https:\/\/i0.wp.com\/noticiasribeiraopreto.com.br\/wp-content\/uploads\/2026\/04\/16-abr-2026-emfamilia-scaled.jpg?fit=1082%2C780&ssl=1&resize=525%2C300 1.5x, https:\/\/i0.wp.com\/noticiasribeiraopreto.com.br\/wp-content\/uploads\/2026\/04\/16-abr-2026-emfamilia-scaled.jpg?fit=1082%2C780&ssl=1&resize=700%2C400 2x, https:\/\/i0.wp.com\/noticiasribeiraopreto.com.br\/wp-content\/uploads\/2026\/04\/16-abr-2026-emfamilia-scaled.jpg?fit=1082%2C780&ssl=1&resize=1050%2C600 3x"},"classes":[]},{"id":79106,"url":"https:\/\/noticiasribeiraopreto.com.br\/index.php\/2025\/10\/24\/policia-prende-mais-quatro-de-assalto-a-predio-do-centro\/","url_meta":{"origin":74947,"position":2},"title":"Pol\u00edcia prende mais quatro de assalto a pr\u00e9dio do Centro","author":"noticiasribeiraopreto.com.br","date":"24 de October de 2025","format":false,"excerpt":"Por: Adalberto Luque A Pol\u00edcia Civil realizou uma megaopera\u00e7\u00e3o, na manh\u00e3 desta sexta-feira, 24 de outubro, contra integrantes da quadrilha que assaltou um condom\u00ednio de apartamentos de alto padr\u00e3o, com um por andar, na rua Campos Salles, Centro de Ribeir\u00e3o Preto. O assalto ocorreu em 24 de setembro. Segundo o\u2026","rel":"","context":"In &quot;Not\u00edcias de Ribeir\u00e3o Preto-SP e Regi\u00e3o&quot;","block_context":{"text":"Not\u00edcias de Ribeir\u00e3o Preto-SP e Regi\u00e3o","link":"https:\/\/noticiasribeiraopreto.com.br\/index.php\/category\/noticias-de-ribeirao-preto-sp-e-regiao-ismael-colosi\/"},"img":{"alt_text":"","src":"https:\/\/i0.wp.com\/noticiasribeiraopreto.com.br\/wp-content\/uploads\/2025\/10\/24-out-2025-operacaocercado1-1-scaled.jpg?fit=1170%2C780&ssl=1&resize=350%2C200","width":350,"height":200,"srcset":"https:\/\/i0.wp.com\/noticiasribeiraopreto.com.br\/wp-content\/uploads\/2025\/10\/24-out-2025-operacaocercado1-1-scaled.jpg?fit=1170%2C780&ssl=1&resize=350%2C200 1x, https:\/\/i0.wp.com\/noticiasribeiraopreto.com.br\/wp-content\/uploads\/2025\/10\/24-out-2025-operacaocercado1-1-scaled.jpg?fit=1170%2C780&ssl=1&resize=525%2C300 1.5x, https:\/\/i0.wp.com\/noticiasribeiraopreto.com.br\/wp-content\/uploads\/2025\/10\/24-out-2025-operacaocercado1-1-scaled.jpg?fit=1170%2C780&ssl=1&resize=700%2C400 2x, https:\/\/i0.wp.com\/noticiasribeiraopreto.com.br\/wp-content\/uploads\/2025\/10\/24-out-2025-operacaocercado1-1-scaled.jpg?fit=1170%2C780&ssl=1&resize=1050%2C600 3x"},"classes":[]},{"id":79147,"url":"https:\/\/noticiasribeiraopreto.com.br\/index.php\/2025\/10\/25\/operacao-prende-quatro-suspeitos-tribuna-ribeirao\/","url_meta":{"origin":74947,"position":3},"title":"Opera\u00e7\u00e3o prende quatro suspeitos &#8211; Tribuna Ribeir\u00e3o","author":"noticiasribeiraopreto.com.br","date":"25 de October de 2025","format":false,"excerpt":"Por Adalberto Luque \u00a0 A Pol\u00edcia Civil realizou uma megaopera\u00e7\u00e3o, na manh\u00e3 desta sexta-feira, 24 de outubro, contra integrantes da quadrilha que assaltou o Edif\u00edcio Jati\u00faca, um pr\u00e9dio de alto padr\u00e3o de um apartamento por andar (s\u00e3o 14) na rua Campos Salles, no Centro de Ribeir\u00e3o Preto, em 24 de\u2026","rel":"","context":"In &quot;Not\u00edcias de Ribeir\u00e3o Preto-SP e Regi\u00e3o&quot;","block_context":{"text":"Not\u00edcias de Ribeir\u00e3o Preto-SP e Regi\u00e3o","link":"https:\/\/noticiasribeiraopreto.com.br\/index.php\/category\/noticias-de-ribeirao-preto-sp-e-regiao-ismael-colosi\/"},"img":{"alt_text":"","src":"https:\/\/i0.wp.com\/noticiasribeiraopreto.com.br\/wp-content\/uploads\/2025\/10\/AssaltoPRE-Pre-Divulgacao-Policia-Civil-01.jpg?fit=960%2C572&ssl=1&resize=350%2C200","width":350,"height":200,"srcset":"https:\/\/i0.wp.com\/noticiasribeiraopreto.com.br\/wp-content\/uploads\/2025\/10\/AssaltoPRE-Pre-Divulgacao-Policia-Civil-01.jpg?fit=960%2C572&ssl=1&resize=350%2C200 1x, https:\/\/i0.wp.com\/noticiasribeiraopreto.com.br\/wp-content\/uploads\/2025\/10\/AssaltoPRE-Pre-Divulgacao-Policia-Civil-01.jpg?fit=960%2C572&ssl=1&resize=525%2C300 1.5x, https:\/\/i0.wp.com\/noticiasribeiraopreto.com.br\/wp-content\/uploads\/2025\/10\/AssaltoPRE-Pre-Divulgacao-Policia-Civil-01.jpg?fit=960%2C572&ssl=1&resize=700%2C400 2x"},"classes":[]},{"id":74953,"url":"https:\/\/noticiasribeiraopreto.com.br\/index.php\/2025\/07\/31\/casal-acusado-de-envolvimento-em-roubo-milionario-e-preso-em-ribeirao-preto\/","url_meta":{"origin":74947,"position":4},"title":"Casal acusado de envolvimento em roubo milion\u00e1rio \u00e9 preso em Ribeir\u00e3o Preto","author":"noticiasribeiraopreto.com.br","date":"31 de July de 2025","format":false,"excerpt":"A Pol\u00edcia Civil de Ribeir\u00e3o Preto prendeu nesta quinta-feira (31) um casal envolvido em roubo milion\u00e1rio no Alto da Boa Vista, na zona Sul. O crime aconteceu no dia 31 de dezembro de 2024 na casa de uma advogada. Na ocasi\u00e3o, os criminosos levaram 100 mil d\u00f3lares, al\u00e9m de R$\u2026","rel":"","context":"In &quot;Not\u00edcias de Ribeir\u00e3o Preto-SP e Regi\u00e3o&quot;","block_context":{"text":"Not\u00edcias de Ribeir\u00e3o Preto-SP e Regi\u00e3o","link":"https:\/\/noticiasribeiraopreto.com.br\/index.php\/category\/noticias-de-ribeirao-preto-sp-e-regiao-ismael-colosi\/"},"img":{"alt_text":"","src":"https:\/\/i0.wp.com\/noticiasribeiraopreto.com.br\/wp-content\/uploads\/2025\/07\/dolares_2025-07-31_15-37-57.webp.webp?fit=1063%2C790&ssl=1&resize=350%2C200","width":350,"height":200,"srcset":"https:\/\/i0.wp.com\/noticiasribeiraopreto.com.br\/wp-content\/uploads\/2025\/07\/dolares_2025-07-31_15-37-57.webp.webp?fit=1063%2C790&ssl=1&resize=350%2C200 1x, https:\/\/i0.wp.com\/noticiasribeiraopreto.com.br\/wp-content\/uploads\/2025\/07\/dolares_2025-07-31_15-37-57.webp.webp?fit=1063%2C790&ssl=1&resize=525%2C300 1.5x, https:\/\/i0.wp.com\/noticiasribeiraopreto.com.br\/wp-content\/uploads\/2025\/07\/dolares_2025-07-31_15-37-57.webp.webp?fit=1063%2C790&ssl=1&resize=700%2C400 2x, https:\/\/i0.wp.com\/noticiasribeiraopreto.com.br\/wp-content\/uploads\/2025\/07\/dolares_2025-07-31_15-37-57.webp.webp?fit=1063%2C790&ssl=1&resize=1050%2C600 3x"},"classes":[]},{"id":82119,"url":"https:\/\/noticiasribeiraopreto.com.br\/index.php\/2026\/02\/04\/policia-civil-prende-suspeito-de-roubo-de-cobre-em-obra-de-escola-na-zona-norte-de-ribeirao\/","url_meta":{"origin":74947,"position":5},"title":"Pol\u00edcia Civil prende suspeito de roubo de cobre em obra de escola na zona Norte de Ribeir\u00e3o","author":"noticiasribeiraopreto.com.br","date":"4 de February de 2026","format":false,"excerpt":"Um homem suspeito de envolvimento em um roubo na obra da escola do Sesi, na Vila Carvalho, zona Norte de Ribeir\u00e3o Preto, foi preso na manh\u00e3 desta ter\u00e7a-feira (3). O crime ocorreu no dia 4 de janeiro, quando quatro homens armados invadiram o local, renderam uma vigilante gr\u00e1vida e levaram\u2026","rel":"","context":"In &quot;Not\u00edcias de Ribeir\u00e3o Preto-SP e Regi\u00e3o&quot;","block_context":{"text":"Not\u00edcias de Ribeir\u00e3o Preto-SP e Regi\u00e3o","link":"https:\/\/noticiasribeiraopreto.com.br\/index.php\/category\/noticias-de-ribeirao-preto-sp-e-regiao-ismael-colosi\/"},"img":{"alt_text":"","src":"https:\/\/i0.wp.com\/noticiasribeiraopreto.com.br\/wp-content\/uploads\/2026\/02\/sesi-thomaz-alberto_2026-01-05_17-07-48.webp.webp?fit=1200%2C672&ssl=1&resize=350%2C200","width":350,"height":200,"srcset":"https:\/\/i0.wp.com\/noticiasribeiraopreto.com.br\/wp-content\/uploads\/2026\/02\/sesi-thomaz-alberto_2026-01-05_17-07-48.webp.webp?fit=1200%2C672&ssl=1&resize=350%2C200 1x, https:\/\/i0.wp.com\/noticiasribeiraopreto.com.br\/wp-content\/uploads\/2026\/02\/sesi-thomaz-alberto_2026-01-05_17-07-48.webp.webp?fit=1200%2C672&ssl=1&resize=525%2C300 1.5x, https:\/\/i0.wp.com\/noticiasribeiraopreto.com.br\/wp-content\/uploads\/2026\/02\/sesi-thomaz-alberto_2026-01-05_17-07-48.webp.webp?fit=1200%2C672&ssl=1&resize=700%2C400 2x, https:\/\/i0.wp.com\/noticiasribeiraopreto.com.br\/wp-content\/uploads\/2026\/02\/sesi-thomaz-alberto_2026-01-05_17-07-48.webp.webp?fit=1200%2C672&ssl=1&resize=1050%2C600 3x"},"classes":[]}],"jetpack_sharing_enabled":true,"jetpack_shortlink":"https:\/\/wp.me\/peQAOb-juP","_links":{"self":[{"href":"https:\/\/noticiasribeiraopreto.com.br\/index.php\/wp-json\/wp\/v2\/posts\/74947","targetHints":{"allow":["GET"]}}],"collection":[{"href":"https:\/\/noticiasribeiraopreto.com.br\/index.php\/wp-json\/wp\/v2\/posts"}],"about":[{"href":"https:\/\/noticiasribeiraopreto.com.br\/index.php\/wp-json\/wp\/v2\/types\/post"}],"author":[{"embeddable":true,"href":"https:\/\/noticiasribeiraopreto.com.br\/index.php\/wp-json\/wp\/v2\/users\/1"}],"replies":[{"embeddable":true,"href":"https:\/\/noticiasribeiraopreto.com.br\/index.php\/wp-json\/wp\/v2\/comments?post=74947"}],"version-history":[{"count":0,"href":"https:\/\/noticiasribeiraopreto.com.br\/index.php\/wp-json\/wp\/v2\/posts\/74947\/revisions"}],"wp:featuredmedia":[{"embeddable":true,"href":"https:\/\/noticiasribeiraopreto.com.br\/index.php\/wp-json\/wp\/v2\/media\/74948"}],"wp:attachment":[{"href":"https:\/\/noticiasribeiraopreto.com.br\/index.php\/wp-json\/wp\/v2\/media?parent=74947"}],"wp:term":[{"taxonomy":"category","embeddable":true,"href":"https:\/\/noticiasribeiraopreto.com.br\/index.php\/wp-json\/wp\/v2\/categories?post=74947"},{"taxonomy":"post_tag","embeddable":true,"href":"https:\/\/noticiasribeiraopreto.com.br\/index.php\/wp-json\/wp\/v2\/tags?post=74947"}],"curies":[{"name":"wp","href":"https:\/\/api.w.org\/{rel}","templated":true}]}}