{"id":74949,"date":"2025-07-31T15:51:52","date_gmt":"2025-07-31T18:51:52","guid":{"rendered":"https:\/\/noticiasribeiraopreto.com.br\/index.php\/2025\/07\/31\/troca-de-bomba-pode-afetar-abastecimento-de-agua-em-bairros-de-ribeirao-preto\/"},"modified":"2025-07-31T15:51:52","modified_gmt":"2025-07-31T18:51:52","slug":"troca-de-bomba-pode-afetar-abastecimento-de-agua-em-bairros-de-ribeirao-preto","status":"publish","type":"post","link":"https:\/\/noticiasribeiraopreto.com.br\/index.php\/2025\/07\/31\/troca-de-bomba-pode-afetar-abastecimento-de-agua-em-bairros-de-ribeirao-preto\/","title":{"rendered":"Troca de bomba pode afetar abastecimento de \u00e1gua em bairros de Ribeir\u00e3o Preto"},"content":{"rendered":"<div class='code-block code-block-1' style='margin: 8px 0 8px auto; text-align: right; display: block; clear: both;'>\n<p><a href=\"https:\/\/wa.link\/vpicfd\"><img data-recalc-dims=\"1\" class=\"wp-image-4922\" style=\"aspect-ratio: 2.0253164556962027; width: 561px; height: auto;\" src=\"https:\/\/i0.wp.com\/ismaelcolosi.com.br\/wp-content\/uploads\/2023\/11\/grupo-de-empregos-whatsapp-e-facebook-ismael-colosi-vagas.jpg?ssl=1\" alt=\"\" \/><\/a><\/p>\n<!-- \/wp:image -->\n<\/div>\n<p> <br \/>\n<\/p>\n<div data-td-block-uid=\"tdi_95\">\n<div class=\"tdb-block-inner td-fix-index\">\n<p>A <strong>Saerp (Secretaria de \u00c1gua e Esgoto de Ribeir\u00e3o Preto)<\/strong> informou que tr\u00eas bairros da zona Norte de Ribeir\u00e3o Preto podem ficar sem \u00e1gua at\u00e9 a noite desta quinta-feira (31).<\/p>\n<p>A secretaria informou que realiza a troca da bomba do Po\u00e7o Vila Albertina. Por conta disso, os bairros Ipiranga, Vila Albertina, Jardim Jandaia e imedia\u00e7\u00f5es podem sofrer com as falhas no abastecimento.<\/p>\n<h2 class=\"wp-block-heading\"><strong>Retorno<\/strong><\/h2>\n<p><mark style=\"background-color:#fcb900\" class=\"has-inline-color has-black-color\">A previs\u00e3o de conclus\u00e3o do servi\u00e7o \u00e9 nesta quinta-feira, \u00e0s 22h. <\/mark>Mas o retorno do abastecimento deve ocorrer gradativamente ap\u00f3s a finaliza\u00e7\u00e3o do servi\u00e7o.<\/p>\n<h3 class=\"wp-block-heading\"><strong>O que fazer?<\/strong><\/h3>\n<p>Caso o seu bairro apresente falhas no abastecimento, entre em contato com a Saerp pelo telefone 0800 115 0115 ou procure por um posto de atendimento (<a href=\"https:\/\/www.ribeiraopreto.sp.gov.br\/portal\/saerp\/\" target=\"_blank\" rel=\"noreferrer noopener\">clique aqui<\/a>).<\/p>\n<p>SAIBA MAIS<br \/>Ribeir\u00e3o Preto recebe feira gratuita com food trucks, chope e m\u00fasica ao vivo<\/p>\n<h3 class=\"wp-block-heading\"><strong>FIQUE ON\u00a0\u00a0\u00a0\u00a0\u00a0\u00a0\u00a0\u00a0\u00a0<\/strong><\/h3>\n<p>Quer ficar por dentro de tudo que acontece em Ribeir\u00e3o Preto e regi\u00e3o? Ent\u00e3o siga os perfis do\u202facidade on\u202fno\u202f<a href=\"https:\/\/www.instagram.com\/acidadeonribeirao\" target=\"_blank\" rel=\"noreferrer noopener\">Instagram<\/a>\u202fe no\u202f<a href=\"https:\/\/www.facebook.com\/acidadeonribeirao\/\" target=\"_blank\" rel=\"noreferrer noopener\">Facebook<\/a>.<\/p>\n<p>Al\u00e9m disso, voc\u00ea pode receber as principais not\u00edcias diretamente no WhatsApp. Para isso, basta\u00a0<a href=\"https:\/\/chat.whatsapp.com\/BjKQZ9oJwlz8VVT50NuePq\" target=\"_blank\" rel=\"noreferrer noopener\">entrar no grupo clicando aqui<\/a>.<\/p>\n<p>Por fim, se quiser fazer uma den\u00fancia ou sugerir uma reportagem sobre Ribeir\u00e3o Preto e regi\u00e3o, envie uma mensagem pelo WhatsApp: (16) 99117-7802.<\/p>\n<p>VEJA TAMB\u00c9M<br \/>Quando estreia \u2018Dias Perfeitos\u2019?<\/p>\n<p><!-- AI CONTENT END 1 -->\n<\/div>\n<\/div>\n<p><script async src=\"\/\/www.instagram.com\/embed.js\"><\/script><br \/>\n<br \/><br \/>\n<br \/><a href=\"https:\/\/www.acidadeon.com\/ribeiraopreto\/cotidiano\/troca-bomba-pode-afetar-abastecimento-de-agua-em-bairros-de-ribeirao-preto\/\">Source link <\/a><\/p>\n<!-- CONTENT END 1 -->\n","protected":false},"excerpt":{"rendered":"<p>A Saerp (Secretaria de \u00c1gua e Esgoto de Ribeir\u00e3o Preto) informou que tr\u00eas bairros da zona Norte de Ribeir\u00e3o Preto podem ficar sem \u00e1gua at\u00e9&#8230;<\/p>\n","protected":false},"author":1,"featured_media":74950,"comment_status":"open","ping_status":"open","sticky":false,"template":"","format":"standard","meta":{"advanced_seo_description":"","jetpack_seo_html_title":"","jetpack_seo_noindex":false,"jetpack_post_was_ever_published":false,"_jetpack_newsletter_access":"","_jetpack_dont_email_post_to_subs":false,"_jetpack_newsletter_tier_id":0,"_jetpack_memberships_contains_paywalled_content":false,"_jetpack_memberships_contains_paid_content":false,"footnotes":"","jetpack_publicize_message":"","jetpack_publicize_feature_enabled":true,"jetpack_social_post_already_shared":true,"jetpack_social_options":{"image_generator_settings":{"template":"highway","default_image_id":0,"font":"","enabled":false},"version":2}},"categories":[11],"tags":[],"class_list":["post-74949","post","type-post","status-publish","format-standard","has-post-thumbnail","hentry","category-noticias-de-ribeirao-preto-sp-e-regiao-ismael-colosi"],"jetpack_publicize_connections":[],"jetpack_featured_media_url":"https:\/\/i0.wp.com\/noticiasribeiraopreto.com.br\/wp-content\/uploads\/2025\/07\/falta-de-agua-1_2024-12-03_12-50-33.webp.webp?fit=1024%2C585&ssl=1","jetpack-related-posts":[{"id":61212,"url":"https:\/\/noticiasribeiraopreto.com.br\/index.php\/2024\/12\/06\/veja-quais-bairros-podem-ficar-sem-agua-nesta-sexta-feira-em-ribeirao-preto\/","url_meta":{"origin":74949,"position":0},"title":"Veja quais bairros podem ficar sem \u00e1gua nesta sexta-feira em Ribeir\u00e3o Preto","author":"noticiasribeiraopreto.com.br","date":"6 de December de 2024","format":false,"excerpt":"A Saerp (Secretaria de \u00c1gua e Esgoto de Ribeir\u00e3o Preto) informou nesta sexta-feira (6) que quatro bairros de Ribeir\u00e3o Preto podem ficar sem \u00e1gua. De acordo com a secretaria, uma equipe realiza uma troca emergencial de bomba submersa no po\u00e7o Cian\u00ea Via Norte, o que pode causar falta d\u2019\u00e1gua nos\u2026","rel":"","context":"In &quot;Not\u00edcias de Ribeir\u00e3o Preto-SP e Regi\u00e3o&quot;","block_context":{"text":"Not\u00edcias de Ribeir\u00e3o Preto-SP e Regi\u00e3o","link":"https:\/\/noticiasribeiraopreto.com.br\/index.php\/category\/noticias-de-ribeirao-preto-sp-e-regiao-ismael-colosi\/"},"img":{"alt_text":"","src":"https:\/\/i0.wp.com\/noticiasribeiraopreto.com.br\/wp-content\/uploads\/2024\/12\/falta-de-agua-3-1024x574-1_2024-06-17_15-45-30_jpg_2024-06-17_15-45-30.webp.webp?fit=1024%2C574&ssl=1&resize=350%2C200","width":350,"height":200,"srcset":"https:\/\/i0.wp.com\/noticiasribeiraopreto.com.br\/wp-content\/uploads\/2024\/12\/falta-de-agua-3-1024x574-1_2024-06-17_15-45-30_jpg_2024-06-17_15-45-30.webp.webp?fit=1024%2C574&ssl=1&resize=350%2C200 1x, https:\/\/i0.wp.com\/noticiasribeiraopreto.com.br\/wp-content\/uploads\/2024\/12\/falta-de-agua-3-1024x574-1_2024-06-17_15-45-30_jpg_2024-06-17_15-45-30.webp.webp?fit=1024%2C574&ssl=1&resize=525%2C300 1.5x, https:\/\/i0.wp.com\/noticiasribeiraopreto.com.br\/wp-content\/uploads\/2024\/12\/falta-de-agua-3-1024x574-1_2024-06-17_15-45-30_jpg_2024-06-17_15-45-30.webp.webp?fit=1024%2C574&ssl=1&resize=700%2C400 2x"},"classes":[]},{"id":75447,"url":"https:\/\/noticiasribeiraopreto.com.br\/index.php\/2025\/08\/08\/bairros-de-ribeirao-preto-podem-ficar-sem-agua-ate-amanha-2\/","url_meta":{"origin":74949,"position":1},"title":"Bairros de Ribeir\u00e3o Preto podem ficar sem \u00e1gua at\u00e9 amanh\u00e3","author":"noticiasribeiraopreto.com.br","date":"8 de August de 2025","format":false,"excerpt":"A Saerp (Secretaria de \u00c1gua e Esgoto de Ribeir\u00e3o Preto) informou que tr\u00eas bairros de Ribeir\u00e3o Preto podem sofrer com a falta d\u2019\u00e1gua at\u00e9 a madrugada de s\u00e1bado (9). A pasta informou que realiza a troca da bomba do po\u00e7o P\u00f4mpolo. Segundo a Saerp, os bairros Ipiranga, Alto do Ipiranga\u2026","rel":"","context":"In &quot;Not\u00edcias de Ribeir\u00e3o Preto-SP e Regi\u00e3o&quot;","block_context":{"text":"Not\u00edcias de Ribeir\u00e3o Preto-SP e Regi\u00e3o","link":"https:\/\/noticiasribeiraopreto.com.br\/index.php\/category\/noticias-de-ribeirao-preto-sp-e-regiao-ismael-colosi\/"},"img":{"alt_text":"","src":"https:\/\/i0.wp.com\/noticiasribeiraopreto.com.br\/wp-content\/uploads\/2025\/07\/agua-tratada_2025-04-24_18-28-47.webp.webp?fit=1200%2C800&ssl=1&resize=350%2C200","width":350,"height":200,"srcset":"https:\/\/i0.wp.com\/noticiasribeiraopreto.com.br\/wp-content\/uploads\/2025\/07\/agua-tratada_2025-04-24_18-28-47.webp.webp?fit=1200%2C800&ssl=1&resize=350%2C200 1x, https:\/\/i0.wp.com\/noticiasribeiraopreto.com.br\/wp-content\/uploads\/2025\/07\/agua-tratada_2025-04-24_18-28-47.webp.webp?fit=1200%2C800&ssl=1&resize=525%2C300 1.5x, https:\/\/i0.wp.com\/noticiasribeiraopreto.com.br\/wp-content\/uploads\/2025\/07\/agua-tratada_2025-04-24_18-28-47.webp.webp?fit=1200%2C800&ssl=1&resize=700%2C400 2x, https:\/\/i0.wp.com\/noticiasribeiraopreto.com.br\/wp-content\/uploads\/2025\/07\/agua-tratada_2025-04-24_18-28-47.webp.webp?fit=1200%2C800&ssl=1&resize=1050%2C600 3x"},"classes":[]},{"id":39841,"url":"https:\/\/noticiasribeiraopreto.com.br\/index.php\/2024\/02\/28\/seis-bairros-de-ribeirao-preto-podem-ficar-sem-agua-ate-amanha\/","url_meta":{"origin":74949,"position":2},"title":"Seis bairros de Ribeir\u00e3o Preto podem ficar sem \u00e1gua at\u00e9 amanh\u00e3","author":"noticiasribeiraopreto.com.br","date":"28 de February de 2024","format":false,"excerpt":"A Saerp (Secretaria de \u00c1gua e Esgoto de Ribeir\u00e3o Preto) informou que seis bairros da zona Oeste de Ribeir\u00e3o Preto podem ficar sem \u00e1gua at\u00e9 quinta-feira (29). Isso porque, a pasta est\u00e1 realizando a substitui\u00e7\u00e3o emergencial da bomba do po\u00e7o Delboux. De acordo com a Saerp, a bomba apresentou falhas\u2026","rel":"","context":"In &quot;Not\u00edcias de Ribeir\u00e3o Preto-SP e Regi\u00e3o&quot;","block_context":{"text":"Not\u00edcias de Ribeir\u00e3o Preto-SP e Regi\u00e3o","link":"https:\/\/noticiasribeiraopreto.com.br\/index.php\/category\/noticias-de-ribeirao-preto-sp-e-regiao-ismael-colosi\/"},"img":{"alt_text":"","src":"https:\/\/i0.wp.com\/noticiasribeiraopreto.com.br\/wp-content\/uploads\/2024\/02\/FOTO-CARDS.jpg?fit=640%2C500&ssl=1&resize=350%2C200","width":350,"height":200,"srcset":"https:\/\/i0.wp.com\/noticiasribeiraopreto.com.br\/wp-content\/uploads\/2024\/02\/FOTO-CARDS.jpg?fit=640%2C500&ssl=1&resize=350%2C200 1x, https:\/\/i0.wp.com\/noticiasribeiraopreto.com.br\/wp-content\/uploads\/2024\/02\/FOTO-CARDS.jpg?fit=640%2C500&ssl=1&resize=525%2C300 1.5x"},"classes":[]},{"id":62982,"url":"https:\/\/noticiasribeiraopreto.com.br\/index.php\/2025\/01\/30\/saerp-alerta-para-falta-dagua-nesta-quinta-feira-em-ribeirao-preto-veja-locais\/","url_meta":{"origin":74949,"position":3},"title":"Saerp alerta para falta d\u2019\u00e1gua nesta quinta-feira em Ribeir\u00e3o Preto; Veja locais","author":"noticiasribeiraopreto.com.br","date":"30 de January de 2025","format":false,"excerpt":"A Saerp (Secretaria de \u00c1gua e Esgoto de Ribeir\u00e3o Preto) informou, nesta quinta-feira (30), que ao menos 11 bairros, condom\u00ednios e hospital de Ribeir\u00e3o Preto podem ficar sem \u00e1gua. De acordo com a secretaria, uma equipe realiza uma limpeza e profilaxia nos reservat\u00f3rios Monte Alegre e Portinari, o que deve\u2026","rel":"","context":"In &quot;Not\u00edcias de Ribeir\u00e3o Preto-SP e Regi\u00e3o&quot;","block_context":{"text":"Not\u00edcias de Ribeir\u00e3o Preto-SP e Regi\u00e3o","link":"https:\/\/noticiasribeiraopreto.com.br\/index.php\/category\/noticias-de-ribeirao-preto-sp-e-regiao-ismael-colosi\/"},"img":{"alt_text":"","src":"https:\/\/i0.wp.com\/noticiasribeiraopreto.com.br\/wp-content\/uploads\/2024\/08\/Copia-de-Copia-de-Copia-de-TAMANHO-EXATO-PARA-FOTOS-NO-SISTEMA-NOVO-10_2024-08-19_12-12-48_jpg_2024-08-19_12-12-48.webp.webp?fit=1200%2C675&ssl=1&resize=350%2C200","width":350,"height":200,"srcset":"https:\/\/i0.wp.com\/noticiasribeiraopreto.com.br\/wp-content\/uploads\/2024\/08\/Copia-de-Copia-de-Copia-de-TAMANHO-EXATO-PARA-FOTOS-NO-SISTEMA-NOVO-10_2024-08-19_12-12-48_jpg_2024-08-19_12-12-48.webp.webp?fit=1200%2C675&ssl=1&resize=350%2C200 1x, https:\/\/i0.wp.com\/noticiasribeiraopreto.com.br\/wp-content\/uploads\/2024\/08\/Copia-de-Copia-de-Copia-de-TAMANHO-EXATO-PARA-FOTOS-NO-SISTEMA-NOVO-10_2024-08-19_12-12-48_jpg_2024-08-19_12-12-48.webp.webp?fit=1200%2C675&ssl=1&resize=525%2C300 1.5x, https:\/\/i0.wp.com\/noticiasribeiraopreto.com.br\/wp-content\/uploads\/2024\/08\/Copia-de-Copia-de-Copia-de-TAMANHO-EXATO-PARA-FOTOS-NO-SISTEMA-NOVO-10_2024-08-19_12-12-48_jpg_2024-08-19_12-12-48.webp.webp?fit=1200%2C675&ssl=1&resize=700%2C400 2x, https:\/\/i0.wp.com\/noticiasribeiraopreto.com.br\/wp-content\/uploads\/2024\/08\/Copia-de-Copia-de-Copia-de-TAMANHO-EXATO-PARA-FOTOS-NO-SISTEMA-NOVO-10_2024-08-19_12-12-48_jpg_2024-08-19_12-12-48.webp.webp?fit=1200%2C675&ssl=1&resize=1050%2C600 3x"},"classes":[]},{"id":84303,"url":"https:\/\/noticiasribeiraopreto.com.br\/index.php\/2026\/04\/07\/dois-bairros-podem-ficar-sem-agua-na-zona-norte-de-ribeirao-preto-confira\/","url_meta":{"origin":74949,"position":4},"title":"Dois bairros podem ficar sem \u00e1gua na zona Norte de Ribeir\u00e3o Preto; Confira","author":"noticiasribeiraopreto.com.br","date":"7 de April de 2026","format":false,"excerpt":"A\u00a0Saerp (Secretaria de \u00c1gua e Esgoto de Ribeir\u00e3o Preto)\u00a0publicou alerta para o risco de falta d\u2019\u00e1gua nesta ter\u00e7a-feira (7) em dois bairros da zona Norte da cidade. Veja os bairros afetados: Jardim Aeroporto Jardim Salgado Filho e imedia\u00e7\u00f5es A Pasta informou que realiza a troca emergencial da bomba do Po\u00e7o\u2026","rel":"","context":"In &quot;Not\u00edcias de Ribeir\u00e3o Preto-SP e Regi\u00e3o&quot;","block_context":{"text":"Not\u00edcias de Ribeir\u00e3o Preto-SP e Regi\u00e3o","link":"https:\/\/noticiasribeiraopreto.com.br\/index.php\/category\/noticias-de-ribeirao-preto-sp-e-regiao-ismael-colosi\/"},"img":{"alt_text":"","src":"https:\/\/i0.wp.com\/noticiasribeiraopreto.com.br\/wp-content\/uploads\/2026\/04\/TORNEIRA_2025-10-07_16-41-14.webp.webp?fit=1200%2C673&ssl=1&resize=350%2C200","width":350,"height":200,"srcset":"https:\/\/i0.wp.com\/noticiasribeiraopreto.com.br\/wp-content\/uploads\/2026\/04\/TORNEIRA_2025-10-07_16-41-14.webp.webp?fit=1200%2C673&ssl=1&resize=350%2C200 1x, https:\/\/i0.wp.com\/noticiasribeiraopreto.com.br\/wp-content\/uploads\/2026\/04\/TORNEIRA_2025-10-07_16-41-14.webp.webp?fit=1200%2C673&ssl=1&resize=525%2C300 1.5x, https:\/\/i0.wp.com\/noticiasribeiraopreto.com.br\/wp-content\/uploads\/2026\/04\/TORNEIRA_2025-10-07_16-41-14.webp.webp?fit=1200%2C673&ssl=1&resize=700%2C400 2x, https:\/\/i0.wp.com\/noticiasribeiraopreto.com.br\/wp-content\/uploads\/2026\/04\/TORNEIRA_2025-10-07_16-41-14.webp.webp?fit=1200%2C673&ssl=1&resize=1050%2C600 3x"},"classes":[]},{"id":19121,"url":"https:\/\/noticiasribeiraopreto.com.br\/index.php\/2023\/12\/21\/prefeitura-de-ribeirao-preto-alerta-para-falta-dagua-na-zona-norte\/","url_meta":{"origin":74949,"position":5},"title":"Prefeitura de Ribeir\u00e3o Preto alerta para falta d\u2019\u00e1gua na zona Norte","author":"noticiasribeiraopreto.com.br","date":"21 de December de 2023","format":false,"excerpt":"A Prefeitura de Ribeir\u00e3o Preto divulgou um comunicado, no final da tarde desta quinta-feira (21), alertando para a possibilidade de falta d\u2019\u00e1gua em v\u00e1rios bairros da zona Norte. Segundo a nota, a Secretaria de \u00c1gua e Esgoto de Ribeir\u00e3o Preto (Saerp) est\u00e1 realizando uma substitui\u00e7\u00e3o emergencial da bomba submersa do\u2026","rel":"","context":"In &quot;Not\u00edcias de Ribeir\u00e3o Preto-SP e Regi\u00e3o&quot;","block_context":{"text":"Not\u00edcias de Ribeir\u00e3o Preto-SP e Regi\u00e3o","link":"https:\/\/noticiasribeiraopreto.com.br\/index.php\/category\/noticias-de-ribeirao-preto-sp-e-regiao-ismael-colosi\/"},"img":{"alt_text":"","src":"https:\/\/i0.wp.com\/noticiasribeiraopreto.com.br\/wp-content\/uploads\/2023\/12\/saerp.png?fit=1200%2C800&ssl=1&resize=350%2C200","width":350,"height":200,"srcset":"https:\/\/i0.wp.com\/noticiasribeiraopreto.com.br\/wp-content\/uploads\/2023\/12\/saerp.png?fit=1200%2C800&ssl=1&resize=350%2C200 1x, https:\/\/i0.wp.com\/noticiasribeiraopreto.com.br\/wp-content\/uploads\/2023\/12\/saerp.png?fit=1200%2C800&ssl=1&resize=525%2C300 1.5x, https:\/\/i0.wp.com\/noticiasribeiraopreto.com.br\/wp-content\/uploads\/2023\/12\/saerp.png?fit=1200%2C800&ssl=1&resize=700%2C400 2x, https:\/\/i0.wp.com\/noticiasribeiraopreto.com.br\/wp-content\/uploads\/2023\/12\/saerp.png?fit=1200%2C800&ssl=1&resize=1050%2C600 3x"},"classes":[]}],"jetpack_sharing_enabled":true,"jetpack_shortlink":"https:\/\/wp.me\/peQAOb-juR","_links":{"self":[{"href":"https:\/\/noticiasribeiraopreto.com.br\/index.php\/wp-json\/wp\/v2\/posts\/74949","targetHints":{"allow":["GET"]}}],"collection":[{"href":"https:\/\/noticiasribeiraopreto.com.br\/index.php\/wp-json\/wp\/v2\/posts"}],"about":[{"href":"https:\/\/noticiasribeiraopreto.com.br\/index.php\/wp-json\/wp\/v2\/types\/post"}],"author":[{"embeddable":true,"href":"https:\/\/noticiasribeiraopreto.com.br\/index.php\/wp-json\/wp\/v2\/users\/1"}],"replies":[{"embeddable":true,"href":"https:\/\/noticiasribeiraopreto.com.br\/index.php\/wp-json\/wp\/v2\/comments?post=74949"}],"version-history":[{"count":0,"href":"https:\/\/noticiasribeiraopreto.com.br\/index.php\/wp-json\/wp\/v2\/posts\/74949\/revisions"}],"wp:featuredmedia":[{"embeddable":true,"href":"https:\/\/noticiasribeiraopreto.com.br\/index.php\/wp-json\/wp\/v2\/media\/74950"}],"wp:attachment":[{"href":"https:\/\/noticiasribeiraopreto.com.br\/index.php\/wp-json\/wp\/v2\/media?parent=74949"}],"wp:term":[{"taxonomy":"category","embeddable":true,"href":"https:\/\/noticiasribeiraopreto.com.br\/index.php\/wp-json\/wp\/v2\/categories?post=74949"},{"taxonomy":"post_tag","embeddable":true,"href":"https:\/\/noticiasribeiraopreto.com.br\/index.php\/wp-json\/wp\/v2\/tags?post=74949"}],"curies":[{"name":"wp","href":"https:\/\/api.w.org\/{rel}","templated":true}]}}