{"id":74951,"date":"2025-07-31T15:58:11","date_gmt":"2025-07-31T18:58:11","guid":{"rendered":"https:\/\/noticiasribeiraopreto.com.br\/index.php\/2025\/07\/31\/desemprego-cai-para-58-menor-nivel-desde-2012\/"},"modified":"2025-07-31T15:58:11","modified_gmt":"2025-07-31T18:58:11","slug":"desemprego-cai-para-58-menor-nivel-desde-2012","status":"publish","type":"post","link":"https:\/\/noticiasribeiraopreto.com.br\/index.php\/2025\/07\/31\/desemprego-cai-para-58-menor-nivel-desde-2012\/","title":{"rendered":"Desemprego cai para 5,8%, menor n\u00edvel desde 2012"},"content":{"rendered":"<div class='code-block code-block-1' style='margin: 8px 0 8px auto; text-align: right; display: block; clear: both;'>\n<p><a href=\"https:\/\/wa.link\/vpicfd\"><img data-recalc-dims=\"1\" class=\"wp-image-4922\" style=\"aspect-ratio: 2.0253164556962027; width: 561px; height: auto;\" src=\"https:\/\/i0.wp.com\/ismaelcolosi.com.br\/wp-content\/uploads\/2023\/11\/grupo-de-empregos-whatsapp-e-facebook-ismael-colosi-vagas.jpg?ssl=1\" alt=\"\" \/><\/a><\/p>\n<!-- \/wp:image -->\n<\/div>\n<p> <br \/>\n<\/p>\n<div id=\"\">\n<p>\n\t\t\t\t\t\t\t\t\t<span class=\"entry-meta-item penci-posted-on\"><i class=\"fa fa-clock-o\"\/><time class=\"entry-date published updated\" datetime=\"2025-07-31T15:57:07-03:00\">31 de julho de 2025 15:57<\/time><\/span><span class=\"entry-meta-item penci-post-countview\"><span class=\"entry-meta-item penci-post-countview penci_post-meta_item\"><i class=\"fa fa-eye\"\/><span class=\"penci-post-countview-number penci-post-countview-p433337\">3<\/span><\/span><\/span>\t\t\t\t\t\t\t\t<\/p>\n<p><!-- .entry-meta --><br \/>\n\t\t\t\t\t\t\t\t<span class=\"penci-social-buttons penci-social-share-footer\"><span class=\"penci-social-share-text\">Compartilhar<\/span><a href=\"#\" class=\"penci-post-like penci_post-meta_item  single-like-button penci-social-item like\" data-post_id=\"433337\" title=\"Like\" data-like=\"Like\" data-unlike=\"Unlike\"><i class=\"fa fa-thumbs-o-up\"\/><span class=\"penci-share-number\">0<\/span><\/a><i class=\"fa fa-facebook\"\/><a class=\"penci-social-item twitter\" target=\"_blank\" rel=\"noopener\" title=\"\" href=\"https:\/\/twitter.com\/intent\/tweet?text=Desemprego%20cai%20para%205,8,%20menor%20n\u00edvel%20desde%202012%20-%20https:\/\/www.tribunaribeirao.com.br\/desemprego-cai-para-58-menor-nivel-desde-2012\/\"><i class=\"fa fa-twitter\"\/><\/a><i class=\"fa fa-linkedin\"\/><i class=\"fa fa-whatsapp\"\/><i class=\"fa fa-telegram\"\/><i class=\"fa fa-envelope\"\/><\/span>\t\t\t\t\t\t\t<\/div>\n<div>\n<p>A taxa de desemprego no trimestre de abril a junho deste ano ficou em 5,8%, a menor j\u00e1 registrada na s\u00e9rie hist\u00f3rica, que come\u00e7ou em 2012. Isso equivale a cerca de 6,3 milh\u00f5es de pessoas sem trabalho.<img data-recalc-dims=\"1\" decoding=\"async\" src=\"https:\/\/i0.wp.com\/agenciabrasil.ebc.com.br\/ebc.png?ssl=1\" class=\"lazyload\"\/><img data-recalc-dims=\"1\" decoding=\"async\" src=\"https:\/\/i0.wp.com\/agenciabrasil.ebc.com.br\/ebc.gif?ssl=1\" class=\"lazyload\"\/><\/p>\n<p>Na compara\u00e7\u00e3o com o primeiro trimestre, houve redu\u00e7\u00e3o de 1,2 ponto percentual e, em rela\u00e7\u00e3o ao segundo trimestre do ano passado, a queda chegou a 1,1 ponto percentual.<\/p>\n<p>As informa\u00e7\u00f5es s\u00e3o da Pesquisa Nacional por Amostra de Domic\u00edlios (PNAD)\u00a0e foram divulgadas nesta quinta-feira (31) pelo Instituto Brasileiro de Geografia e Estat\u00edstica (IBGE).<\/p>\n<h5><strong>Mais dados positivos<\/strong><\/h5>\n<p>O levantamento tamb\u00e9m aponta outros recordes. Um deles \u00e9 a taxa de participa\u00e7\u00e3o na for\u00e7a de trabalho, que chegou a 62,4%. O n\u00edvel da ocupa\u00e7\u00e3o atingiu 58,8%, repetindo o recorde do trimestre de setembro a novembro do ano passado, conforme\u00a0detalhou a coordenadora de pesquisas do IBGE, Adriana Beringuy, em entrevista para a R\u00e1dio Nacional.<\/p>\n<p>O n\u00famero de trabalhadores com carteira assinada no setor privado tamb\u00e9m atingiu recorde: 39 milh\u00f5es. Outro destaque da pesquisa foi a redu\u00e7\u00e3o na quantidade de desalentados, que alcan\u00e7ou 2,8 milh\u00f5es de pessoas, o menor n\u00edvel desde 2016. J\u00e1 o n\u00famero de trabalhadores por conta pr\u00f3pria tamb\u00e9m foi recorde, chegando a quase 26 milh\u00f5es no segundo trimestre do ano<\/p>\n<\/div>\n<p><script async src=\"\/\/platform.twitter.com\/widgets.js\" charset=\"utf-8\"><\/script><br \/>\n<br \/><br \/>\n<br \/><a href=\"https:\/\/www.tribunaribeirao.com.br\/desemprego-cai-para-58-menor-nivel-desde-2012\/\">Source link <\/a><\/p>\n<!-- CONTENT END 1 -->\n","protected":false},"excerpt":{"rendered":"<p>31 de julho de 2025 15:573 Compartilhar0 A taxa de desemprego no trimestre de abril a junho deste ano ficou em 5,8%, a menor j\u00e1&#8230;<\/p>\n","protected":false},"author":1,"featured_media":74952,"comment_status":"open","ping_status":"open","sticky":false,"template":"","format":"standard","meta":{"advanced_seo_description":"","jetpack_seo_html_title":"","jetpack_seo_noindex":false,"jetpack_post_was_ever_published":false,"_jetpack_newsletter_access":"","_jetpack_dont_email_post_to_subs":false,"_jetpack_newsletter_tier_id":0,"_jetpack_memberships_contains_paywalled_content":false,"_jetpack_memberships_contains_paid_content":false,"footnotes":"","jetpack_publicize_message":"","jetpack_publicize_feature_enabled":true,"jetpack_social_post_already_shared":true,"jetpack_social_options":{"image_generator_settings":{"template":"highway","default_image_id":0,"font":"","enabled":false},"version":2}},"categories":[11],"tags":[],"class_list":["post-74951","post","type-post","status-publish","format-standard","has-post-thumbnail","hentry","category-noticias-de-ribeirao-preto-sp-e-regiao-ismael-colosi"],"jetpack_publicize_connections":[],"jetpack_featured_media_url":"https:\/\/i0.wp.com\/noticiasribeiraopreto.com.br\/wp-content\/uploads\/2025\/07\/Mutirao-Marcelo-Camargo-Ag.Br_.-2-scaled.jpg?fit=800%2C479&ssl=1","jetpack-related-posts":[{"id":63672,"url":"https:\/\/noticiasribeiraopreto.com.br\/index.php\/2025\/02\/19\/dolar-cai-para-r568-e-fecha-no-menor-nivel-desde-novembro\/","url_meta":{"origin":74951,"position":0},"title":"D\u00f3lar Cai para R$5,68 e Fecha no Menor N\u00edvel Desde Novembro","author":"noticiasribeiraopreto.com.br","date":"19 de February de 2025","format":false,"excerpt":"A cota\u00e7\u00e3o do d\u00f3lar encerrou a sess\u00e3o em R$5,68, atingindo o menor patamar desde novembro. Esse movimento de desvaloriza\u00e7\u00e3o reflete um ambiente econ\u00f4mico de maior confian\u00e7a, tanto no mercado interno quanto no cen\u00e1rio internacional. Cen\u00e1rio Internacional e Expectativas de Mercado A estabilidade dos mercados globais e as perspectivas de recupera\u00e7\u00e3o\u2026","rel":"","context":"In &quot;Not\u00edcias de Ribeir\u00e3o Preto-SP e Regi\u00e3o&quot;","block_context":{"text":"Not\u00edcias de Ribeir\u00e3o Preto-SP e Regi\u00e3o","link":"https:\/\/noticiasribeiraopreto.com.br\/index.php\/category\/noticias-de-ribeirao-preto-sp-e-regiao-ismael-colosi\/"},"img":{"alt_text":"","src":"https:\/\/i0.wp.com\/noticiasribeiraopreto.com.br\/wp-content\/uploads\/2025\/02\/2020-09-28t121101z_1_lynxmpeg8r165_rtroptp_4_dolar-abre.webp.webp?fit=1170%2C700&ssl=1&resize=350%2C200","width":350,"height":200,"srcset":"https:\/\/i0.wp.com\/noticiasribeiraopreto.com.br\/wp-content\/uploads\/2025\/02\/2020-09-28t121101z_1_lynxmpeg8r165_rtroptp_4_dolar-abre.webp.webp?fit=1170%2C700&ssl=1&resize=350%2C200 1x, https:\/\/i0.wp.com\/noticiasribeiraopreto.com.br\/wp-content\/uploads\/2025\/02\/2020-09-28t121101z_1_lynxmpeg8r165_rtroptp_4_dolar-abre.webp.webp?fit=1170%2C700&ssl=1&resize=525%2C300 1.5x, https:\/\/i0.wp.com\/noticiasribeiraopreto.com.br\/wp-content\/uploads\/2025\/02\/2020-09-28t121101z_1_lynxmpeg8r165_rtroptp_4_dolar-abre.webp.webp?fit=1170%2C700&ssl=1&resize=700%2C400 2x, https:\/\/i0.wp.com\/noticiasribeiraopreto.com.br\/wp-content\/uploads\/2025\/02\/2020-09-28t121101z_1_lynxmpeg8r165_rtroptp_4_dolar-abre.webp.webp?fit=1170%2C700&ssl=1&resize=1050%2C600 3x"},"classes":[]},{"id":34145,"url":"https:\/\/noticiasribeiraopreto.com.br\/index.php\/2024\/02\/01\/taxa-media-de-desemprego-em-2023-e-a-menor-desde-2014\/","url_meta":{"origin":74951,"position":1},"title":"Taxa m\u00e9dia de desemprego em 2023 \u00e9 a menor desde 2014","author":"noticiasribeiraopreto.com.br","date":"1 de February de 2024","format":false,"excerpt":"A taxa m\u00e9dia de desocupa\u00e7\u00e3o em 2023 ficou em 7,8%. Esse resultado anual \u00e9 o menor desde 2014, quando o indicador marcou 7%. O dado faz parte da Pesquisa Nacional por Amostra de Domic\u00edlios Cont\u00ednua (Pnad), divulgada nesta quarta-feira (31) pelo Instituto Brasileiro de Geografia e Estat\u00edstica (IBGE).O desemprego m\u00e9dio\u2026","rel":"","context":"In &quot;Not\u00edcias de Ribeir\u00e3o Preto-SP e Regi\u00e3o&quot;","block_context":{"text":"Not\u00edcias de Ribeir\u00e3o Preto-SP e Regi\u00e3o","link":"https:\/\/noticiasribeiraopreto.com.br\/index.php\/category\/noticias-de-ribeirao-preto-sp-e-regiao-ismael-colosi\/"},"img":{"alt_text":"","src":"https:\/\/i0.wp.com\/noticiasribeiraopreto.com.br\/wp-content\/uploads\/2024\/02\/carteira-de-trabalho-primeiro-emprego-contratar-contratacao-1608066576426_v2_1920x1280-scaled.jpg?fit=967%2C645&ssl=1&resize=350%2C200","width":350,"height":200,"srcset":"https:\/\/i0.wp.com\/noticiasribeiraopreto.com.br\/wp-content\/uploads\/2024\/02\/carteira-de-trabalho-primeiro-emprego-contratar-contratacao-1608066576426_v2_1920x1280-scaled.jpg?fit=967%2C645&ssl=1&resize=350%2C200 1x, https:\/\/i0.wp.com\/noticiasribeiraopreto.com.br\/wp-content\/uploads\/2024\/02\/carteira-de-trabalho-primeiro-emprego-contratar-contratacao-1608066576426_v2_1920x1280-scaled.jpg?fit=967%2C645&ssl=1&resize=525%2C300 1.5x, https:\/\/i0.wp.com\/noticiasribeiraopreto.com.br\/wp-content\/uploads\/2024\/02\/carteira-de-trabalho-primeiro-emprego-contratar-contratacao-1608066576426_v2_1920x1280-scaled.jpg?fit=967%2C645&ssl=1&resize=700%2C400 2x"},"classes":[]},{"id":61194,"url":"https:\/\/noticiasribeiraopreto.com.br\/index.php\/2024\/12\/05\/regiao-de-ribeirao-preto-tem-o-menor-indice-de-pobreza-desde-2012\/","url_meta":{"origin":74951,"position":2},"title":"Regi\u00e3o de Ribeir\u00e3o Preto tem o menor \u00edndice de pobreza desde 2012","author":"noticiasribeiraopreto.com.br","date":"5 de December de 2024","format":false,"excerpt":"A \u00e1rea que engloba a regi\u00e3o de Ribeir\u00e3o Preto \u2013 entenda abaixo \u2013 alcan\u00e7ou o menor \u00edndice de pobreza desde 2012, de acordo com o IBGE (Instituto Brasileiro de Geografia e Estat\u00edstica). Em 2023, conforme o levantamento, 14,3% da popula\u00e7\u00e3o residente dessa \u00e1rea tinha rendimento domiciliar por pessoa abaixo de\u2026","rel":"","context":"In &quot;Not\u00edcias de Ribeir\u00e3o Preto-SP e Regi\u00e3o&quot;","block_context":{"text":"Not\u00edcias de Ribeir\u00e3o Preto-SP e Regi\u00e3o","link":"https:\/\/noticiasribeiraopreto.com.br\/index.php\/category\/noticias-de-ribeirao-preto-sp-e-regiao-ismael-colosi\/"},"img":{"alt_text":"","src":"https:\/\/i0.wp.com\/noticiasribeiraopreto.com.br\/wp-content\/uploads\/2024\/12\/aerea-ribeirao-preto.jpg?fit=1200%2C800&ssl=1&resize=350%2C200","width":350,"height":200,"srcset":"https:\/\/i0.wp.com\/noticiasribeiraopreto.com.br\/wp-content\/uploads\/2024\/12\/aerea-ribeirao-preto.jpg?fit=1200%2C800&ssl=1&resize=350%2C200 1x, https:\/\/i0.wp.com\/noticiasribeiraopreto.com.br\/wp-content\/uploads\/2024\/12\/aerea-ribeirao-preto.jpg?fit=1200%2C800&ssl=1&resize=525%2C300 1.5x, https:\/\/i0.wp.com\/noticiasribeiraopreto.com.br\/wp-content\/uploads\/2024\/12\/aerea-ribeirao-preto.jpg?fit=1200%2C800&ssl=1&resize=700%2C400 2x, https:\/\/i0.wp.com\/noticiasribeiraopreto.com.br\/wp-content\/uploads\/2024\/12\/aerea-ribeirao-preto.jpg?fit=1200%2C800&ssl=1&resize=1050%2C600 3x"},"classes":[]},{"id":65091,"url":"https:\/\/noticiasribeiraopreto.com.br\/index.php\/2025\/03\/15\/tradicional-feira-de-ribeirao-preto-e-liberada-para-voltar-para-marcondes-salgado\/","url_meta":{"origin":74951,"position":3},"title":"Tradicional feira de Ribeir\u00e3o Preto \u00e9 liberada para voltar para Marcondes Salgado","author":"noticiasribeiraopreto.com.br","date":"15 de March de 2025","format":false,"excerpt":"A tradicional feira que da rua Comandante Marcondes Salgado, no Centro de Ribeir\u00e3o Preto, foi liberada para retornar ao seu local de origem. A mudan\u00e7a de local aconteceu em janeiro deste ano, quando passou a ser realizada na avenida Nove de Julho, em raz\u00e3o das obras no Centro. De acordo\u2026","rel":"","context":"In &quot;Not\u00edcias de Ribeir\u00e3o Preto-SP e Regi\u00e3o&quot;","block_context":{"text":"Not\u00edcias de Ribeir\u00e3o Preto-SP e Regi\u00e3o","link":"https:\/\/noticiasribeiraopreto.com.br\/index.php\/category\/noticias-de-ribeirao-preto-sp-e-regiao-ismael-colosi\/"},"img":{"alt_text":"","src":"https:\/\/i0.wp.com\/noticiasribeiraopreto.com.br\/wp-content\/uploads\/2025\/03\/Copia-de-Copia-de-Copia-de-TAMANHO-EXATO-PARA-FOTOS-NO-SISTEMA-NOVO-2025-01-19T134005.651_2025-01-19_16-40-57_png_2025-01-19_16-40-58-1068x601-1_2025-03-15_15-40-59.webp.webp?fit=1068%2C601&ssl=1&resize=350%2C200","width":350,"height":200,"srcset":"https:\/\/i0.wp.com\/noticiasribeiraopreto.com.br\/wp-content\/uploads\/2025\/03\/Copia-de-Copia-de-Copia-de-TAMANHO-EXATO-PARA-FOTOS-NO-SISTEMA-NOVO-2025-01-19T134005.651_2025-01-19_16-40-57_png_2025-01-19_16-40-58-1068x601-1_2025-03-15_15-40-59.webp.webp?fit=1068%2C601&ssl=1&resize=350%2C200 1x, https:\/\/i0.wp.com\/noticiasribeiraopreto.com.br\/wp-content\/uploads\/2025\/03\/Copia-de-Copia-de-Copia-de-TAMANHO-EXATO-PARA-FOTOS-NO-SISTEMA-NOVO-2025-01-19T134005.651_2025-01-19_16-40-57_png_2025-01-19_16-40-58-1068x601-1_2025-03-15_15-40-59.webp.webp?fit=1068%2C601&ssl=1&resize=525%2C300 1.5x, https:\/\/i0.wp.com\/noticiasribeiraopreto.com.br\/wp-content\/uploads\/2025\/03\/Copia-de-Copia-de-Copia-de-TAMANHO-EXATO-PARA-FOTOS-NO-SISTEMA-NOVO-2025-01-19T134005.651_2025-01-19_16-40-57_png_2025-01-19_16-40-58-1068x601-1_2025-03-15_15-40-59.webp.webp?fit=1068%2C601&ssl=1&resize=700%2C400 2x, https:\/\/i0.wp.com\/noticiasribeiraopreto.com.br\/wp-content\/uploads\/2025\/03\/Copia-de-Copia-de-Copia-de-TAMANHO-EXATO-PARA-FOTOS-NO-SISTEMA-NOVO-2025-01-19T134005.651_2025-01-19_16-40-57_png_2025-01-19_16-40-58-1068x601-1_2025-03-15_15-40-59.webp.webp?fit=1068%2C601&ssl=1&resize=1050%2C600 3x"},"classes":[]},{"id":18395,"url":"https:\/\/noticiasribeiraopreto.com.br\/index.php\/2023\/12\/20\/prefeitura-de-ribeirao-preto-vai-fazer-nova-licitacao-para-obra-da-nove-de-julho\/","url_meta":{"origin":74951,"position":4},"title":"Prefeitura de Ribeir\u00e3o Preto vai fazer nova licita\u00e7\u00e3o para obra da Nove de Julho","author":"noticiasribeiraopreto.com.br","date":"20 de December de 2023","format":false,"excerpt":"A Prefeitura de Ribeir\u00e3o Preto vai precisar fazer uma nova licita\u00e7\u00e3o para concluir a obra da avenida Nove de Julho, na regi\u00e3o central da cidade. A Construtora Metropolitana, que venceu a primeira licita\u00e7\u00e3o j\u00e1 foi, inclusive, multada pela Prefeitura de Ribeir\u00e3o Preto por n\u00e3o respeitar o cronograma \u2013 contrato tamb\u00e9m\u2026","rel":"","context":"In &quot;Not\u00edcias de Ribeir\u00e3o Preto-SP e Regi\u00e3o&quot;","block_context":{"text":"Not\u00edcias de Ribeir\u00e3o Preto-SP e Regi\u00e3o","link":"https:\/\/noticiasribeiraopreto.com.br\/index.php\/category\/noticias-de-ribeirao-preto-sp-e-regiao-ismael-colosi\/"},"img":{"alt_text":"","src":"https:\/\/i0.wp.com\/noticiasribeiraopreto.com.br\/wp-content\/uploads\/2023\/12\/WhatsApp-Image-2023-12-20-at-10.47.41.jpeg?fit=1200%2C675&ssl=1&resize=350%2C200","width":350,"height":200,"srcset":"https:\/\/i0.wp.com\/noticiasribeiraopreto.com.br\/wp-content\/uploads\/2023\/12\/WhatsApp-Image-2023-12-20-at-10.47.41.jpeg?fit=1200%2C675&ssl=1&resize=350%2C200 1x, https:\/\/i0.wp.com\/noticiasribeiraopreto.com.br\/wp-content\/uploads\/2023\/12\/WhatsApp-Image-2023-12-20-at-10.47.41.jpeg?fit=1200%2C675&ssl=1&resize=525%2C300 1.5x, https:\/\/i0.wp.com\/noticiasribeiraopreto.com.br\/wp-content\/uploads\/2023\/12\/WhatsApp-Image-2023-12-20-at-10.47.41.jpeg?fit=1200%2C675&ssl=1&resize=700%2C400 2x, https:\/\/i0.wp.com\/noticiasribeiraopreto.com.br\/wp-content\/uploads\/2023\/12\/WhatsApp-Image-2023-12-20-at-10.47.41.jpeg?fit=1200%2C675&ssl=1&resize=1050%2C600 3x"},"classes":[]},{"id":22399,"url":"https:\/\/noticiasribeiraopreto.com.br\/index.php\/2023\/12\/29\/taxa-de-desocupacao-no-trimestre-ate-novembro-e-a-menor-desde-fevereiro-de-2015\/","url_meta":{"origin":74951,"position":5},"title":"Taxa de desocupa\u00e7\u00e3o no trimestre at\u00e9 novembro \u00e9 a menor desde fevereiro de 2015","author":"noticiasribeiraopreto.com.br","date":"29 de December de 2023","format":false,"excerpt":"29 de dezembro de 2023 | 17:0029 de dezembro de 2023 | 11:41 0A taxa de desocupa\u00e7\u00e3o caiu de 7,8% no trimestre terminado em agosto para 7,5% no trimestre encerrado em novembro, menor resultado desde fevereiro de 2015, quando tamb\u00e9m foi de 7,5%. Os dados s\u00e3o da Pesquisa Nacional por\u2026","rel":"","context":"In &quot;Not\u00edcias de Ribeir\u00e3o Preto-SP e Regi\u00e3o&quot;","block_context":{"text":"Not\u00edcias de Ribeir\u00e3o Preto-SP e Regi\u00e3o","link":"https:\/\/noticiasribeiraopreto.com.br\/index.php\/category\/noticias-de-ribeirao-preto-sp-e-regiao-ismael-colosi\/"},"img":{"alt_text":"","src":"https:\/\/i0.wp.com\/noticiasribeiraopreto.com.br\/wp-content\/uploads\/2023\/12\/CagedRP-Marcelo-Camargo-Ag.Br_-scaled.jpg?fit=1000%2C598&ssl=1&resize=350%2C200","width":350,"height":200,"srcset":"https:\/\/i0.wp.com\/noticiasribeiraopreto.com.br\/wp-content\/uploads\/2023\/12\/CagedRP-Marcelo-Camargo-Ag.Br_-scaled.jpg?fit=1000%2C598&ssl=1&resize=350%2C200 1x, https:\/\/i0.wp.com\/noticiasribeiraopreto.com.br\/wp-content\/uploads\/2023\/12\/CagedRP-Marcelo-Camargo-Ag.Br_-scaled.jpg?fit=1000%2C598&ssl=1&resize=525%2C300 1.5x, https:\/\/i0.wp.com\/noticiasribeiraopreto.com.br\/wp-content\/uploads\/2023\/12\/CagedRP-Marcelo-Camargo-Ag.Br_-scaled.jpg?fit=1000%2C598&ssl=1&resize=700%2C400 2x"},"classes":[]}],"jetpack_sharing_enabled":true,"jetpack_shortlink":"https:\/\/wp.me\/peQAOb-juT","_links":{"self":[{"href":"https:\/\/noticiasribeiraopreto.com.br\/index.php\/wp-json\/wp\/v2\/posts\/74951","targetHints":{"allow":["GET"]}}],"collection":[{"href":"https:\/\/noticiasribeiraopreto.com.br\/index.php\/wp-json\/wp\/v2\/posts"}],"about":[{"href":"https:\/\/noticiasribeiraopreto.com.br\/index.php\/wp-json\/wp\/v2\/types\/post"}],"author":[{"embeddable":true,"href":"https:\/\/noticiasribeiraopreto.com.br\/index.php\/wp-json\/wp\/v2\/users\/1"}],"replies":[{"embeddable":true,"href":"https:\/\/noticiasribeiraopreto.com.br\/index.php\/wp-json\/wp\/v2\/comments?post=74951"}],"version-history":[{"count":0,"href":"https:\/\/noticiasribeiraopreto.com.br\/index.php\/wp-json\/wp\/v2\/posts\/74951\/revisions"}],"wp:featuredmedia":[{"embeddable":true,"href":"https:\/\/noticiasribeiraopreto.com.br\/index.php\/wp-json\/wp\/v2\/media\/74952"}],"wp:attachment":[{"href":"https:\/\/noticiasribeiraopreto.com.br\/index.php\/wp-json\/wp\/v2\/media?parent=74951"}],"wp:term":[{"taxonomy":"category","embeddable":true,"href":"https:\/\/noticiasribeiraopreto.com.br\/index.php\/wp-json\/wp\/v2\/categories?post=74951"},{"taxonomy":"post_tag","embeddable":true,"href":"https:\/\/noticiasribeiraopreto.com.br\/index.php\/wp-json\/wp\/v2\/tags?post=74951"}],"curies":[{"name":"wp","href":"https:\/\/api.w.org\/{rel}","templated":true}]}}