{"id":74953,"date":"2025-07-31T16:01:40","date_gmt":"2025-07-31T19:01:40","guid":{"rendered":"https:\/\/noticiasribeiraopreto.com.br\/index.php\/2025\/07\/31\/casal-acusado-de-envolvimento-em-roubo-milionario-e-preso-em-ribeirao-preto\/"},"modified":"2025-07-31T16:01:40","modified_gmt":"2025-07-31T19:01:40","slug":"casal-acusado-de-envolvimento-em-roubo-milionario-e-preso-em-ribeirao-preto","status":"publish","type":"post","link":"https:\/\/noticiasribeiraopreto.com.br\/index.php\/2025\/07\/31\/casal-acusado-de-envolvimento-em-roubo-milionario-e-preso-em-ribeirao-preto\/","title":{"rendered":"Casal acusado de envolvimento em roubo milion\u00e1rio \u00e9 preso em Ribeir\u00e3o Preto"},"content":{"rendered":"<div class='code-block code-block-1' style='margin: 8px 0 8px auto; text-align: right; display: block; clear: both;'>\n<p><a href=\"https:\/\/wa.link\/vpicfd\"><img data-recalc-dims=\"1\" class=\"wp-image-4922\" style=\"aspect-ratio: 2.0253164556962027; width: 561px; height: auto;\" src=\"https:\/\/i0.wp.com\/ismaelcolosi.com.br\/wp-content\/uploads\/2023\/11\/grupo-de-empregos-whatsapp-e-facebook-ismael-colosi-vagas.jpg?ssl=1\" alt=\"\" \/><\/a><\/p>\n<!-- \/wp:image -->\n<\/div>\n<p> <br \/>\n<\/p>\n<div>\n<p>A <strong>Pol\u00edcia Civil de Ribeir\u00e3o Preto<\/strong> prendeu nesta quinta-feira (31) um casal envolvido em roubo milion\u00e1rio no <strong>Alto da Boa Vista<\/strong>, na zona Sul. O crime aconteceu no dia 31 de dezembro de 2024 na casa de uma advogada.<\/p>\n<p>Na ocasi\u00e3o,<mark style=\"background-color:#fcb900\" class=\"has-inline-color has-black-color\"> os criminosos levaram 100 mil d\u00f3lares, al\u00e9m de R$ 4 milh\u00f5es em joias<\/mark>. Segundo o delegado Andr\u00e9 Baldochi, da DIG\/DEIC Ribeir\u00e3o Preto, os detidos s\u00e3o a faxineira que trabalhava na resid\u00eancia e o marido dela. As pris\u00f5es aconteceram no Recreio das Ac\u00e1cias e no Planalto Verde.<\/p>\n<h2 class=\"wp-block-heading\"><strong>O crime<\/strong><\/h2>\n<p>A casa da v\u00edtima foi invadida por criminosos na manh\u00e3 de 31 de dezembro. Eles estavam com armas de fogo e entraram pelo port\u00e3o basculante, que estava aberto.<\/p>\n<p>No local, os ladr\u00f5es renderam tr\u00eas pessoas \u2013 os donos do im\u00f3vel n\u00e3o estavam no local, em raz\u00e3o de uma viagem \u2013 e arrombaram a porta de um closet, onde estavam os objetos roubados.<\/p>\n<p>Al\u00e9m dos 100 mil d\u00f3lares em dinheiro \u2013 equivalente a R$ 558.889,95 na cota\u00e7\u00e3o mais recente-, os bandidos levaram uma maleta de joias, como an\u00e9is, correntes, brincos e uma gargantilha de brilhantes com uma esmeralda.<\/p>\n<h2 class=\"wp-block-heading\"><strong>C\u00e2meras desligadas<\/strong><\/h2>\n<p>O BO informa que, segundo uma das v\u00edtimas, as c\u00e2meras da casa teriam sido desligadas por uma funcion\u00e1ria. O documento ainda destaca que o depoimento desta funcion\u00e1ria para pol\u00edcia teria sido \u201ccontroverso\u201d e, por isso, ela teve o celular apreendido.<\/p>\n<p>SAIBA MAIS<br \/>Ribeir\u00e3o Preto recebe feira gratuita com food trucks, chope e m\u00fasica ao vivo<\/p>\n<h3 class=\"wp-block-heading\"><strong>FIQUE ON\u00a0\u00a0\u00a0\u00a0\u00a0\u00a0\u00a0\u00a0\u00a0<\/strong><\/h3>\n<p>Quer ficar por dentro de tudo que acontece em Ribeir\u00e3o Preto e regi\u00e3o? Ent\u00e3o siga os perfis do\u202facidade on\u202fno\u202f<a href=\"https:\/\/www.instagram.com\/acidadeonribeirao\" target=\"_blank\" rel=\"noreferrer noopener\">Instagram<\/a>\u202fe no\u202f<a href=\"https:\/\/www.facebook.com\/acidadeonribeirao\/\" target=\"_blank\" rel=\"noreferrer noopener\">Facebook<\/a>.<\/p>\n<p>Al\u00e9m disso, voc\u00ea pode receber as principais not\u00edcias diretamente no WhatsApp. Para isso, basta\u00a0<a href=\"https:\/\/chat.whatsapp.com\/BjKQZ9oJwlz8VVT50NuePq\" target=\"_blank\" rel=\"noreferrer noopener\">entrar no grupo clicando aqui<\/a>.<\/p>\n<p>Por fim, se quiser fazer uma den\u00fancia ou sugerir uma reportagem sobre Ribeir\u00e3o Preto e regi\u00e3o, envie uma mensagem pelo WhatsApp: (16) 99117-7802.<\/p>\n<p>VEJA TAMB\u00c9M<br \/>Quando estreia \u2018Dias Perfeitos\u2019?<\/p>\n<p><!-- AI CONTENT END 1 -->\n<\/div>\n<p><script async src=\"\/\/www.instagram.com\/embed.js\"><\/script><br \/>\n<br \/><br \/>\n<br \/><a href=\"https:\/\/www.acidadeon.com\/ribeiraopreto\/cotidiano\/casal-acusado-de-envolvimento-em-roubo-milionario-e-preso-em-ribeirao-preto\/\">Source link <\/a><\/p>\n<!-- CONTENT END 1 -->\n","protected":false},"excerpt":{"rendered":"<p>A Pol\u00edcia Civil de Ribeir\u00e3o Preto prendeu nesta quinta-feira (31) um casal envolvido em roubo milion\u00e1rio no Alto da Boa Vista, na zona Sul. O&#8230;<\/p>\n","protected":false},"author":1,"featured_media":74954,"comment_status":"open","ping_status":"open","sticky":false,"template":"","format":"standard","meta":{"advanced_seo_description":"","jetpack_seo_html_title":"","jetpack_seo_noindex":false,"jetpack_post_was_ever_published":false,"_jetpack_newsletter_access":"","_jetpack_dont_email_post_to_subs":false,"_jetpack_newsletter_tier_id":0,"_jetpack_memberships_contains_paywalled_content":false,"_jetpack_memberships_contains_paid_content":false,"footnotes":"","jetpack_publicize_message":"","jetpack_publicize_feature_enabled":true,"jetpack_social_post_already_shared":true,"jetpack_social_options":{"image_generator_settings":{"template":"highway","default_image_id":0,"font":"","enabled":false},"version":2}},"categories":[11],"tags":[],"class_list":["post-74953","post","type-post","status-publish","format-standard","has-post-thumbnail","hentry","category-noticias-de-ribeirao-preto-sp-e-regiao-ismael-colosi"],"jetpack_publicize_connections":[],"jetpack_featured_media_url":"https:\/\/i0.wp.com\/noticiasribeiraopreto.com.br\/wp-content\/uploads\/2025\/07\/dolares_2025-07-31_15-37-57.webp.webp?fit=1063%2C790&ssl=1","jetpack-related-posts":[{"id":62098,"url":"https:\/\/noticiasribeiraopreto.com.br\/index.php\/2025\/01\/03\/ninguem-conhecia-a-maleta-de-joias-diz-vitima-de-roubo-milionario-em-ribeirao\/","url_meta":{"origin":74953,"position":0},"title":"&#8216;Ningu\u00e9m conhecia a maleta de joias&#8217;, diz v\u00edtima de roubo milion\u00e1rio em Ribeir\u00e3o","author":"noticiasribeiraopreto.com.br","date":"3 de January de 2025","format":false,"excerpt":"Durante coletiva de imprensa realizada nesta sexta-feira (3), na CPJ (Central de Policia Judici\u00e1ria) de Ribeir\u00e3o Preto, a mulher v\u00edtima do roubo milion\u00e1rio no munic\u00edpio deu mais detalhes de como foi a a\u00e7\u00e3o dos criminosos. A\u00a0Pol\u00edcia Militar\u00a0prendeu nesta sexta-feira (3)\u00a0o terceiro acusado de envolvimento no roubo de\u00a0100 mil d\u00f3lares, al\u00e9m\u2026","rel":"","context":"In &quot;Not\u00edcias de Ribeir\u00e3o Preto-SP e Regi\u00e3o&quot;","block_context":{"text":"Not\u00edcias de Ribeir\u00e3o Preto-SP e Regi\u00e3o","link":"https:\/\/noticiasribeiraopreto.com.br\/index.php\/category\/noticias-de-ribeirao-preto-sp-e-regiao-ismael-colosi\/"},"img":{"alt_text":"","src":"https:\/\/i0.wp.com\/noticiasribeiraopreto.com.br\/wp-content\/uploads\/2025\/01\/Copia-de-Copia-de-Copia-de-TAMANHO-EXATO-PARA-FOTOS-NO-SISTEMA-NOVO-2025-01-03T124519.867_2025-01-03_15-45-27_png_2025-01-03_15-45-27.webp.webp?fit=1200%2C675&ssl=1&resize=350%2C200","width":350,"height":200,"srcset":"https:\/\/i0.wp.com\/noticiasribeiraopreto.com.br\/wp-content\/uploads\/2025\/01\/Copia-de-Copia-de-Copia-de-TAMANHO-EXATO-PARA-FOTOS-NO-SISTEMA-NOVO-2025-01-03T124519.867_2025-01-03_15-45-27_png_2025-01-03_15-45-27.webp.webp?fit=1200%2C675&ssl=1&resize=350%2C200 1x, https:\/\/i0.wp.com\/noticiasribeiraopreto.com.br\/wp-content\/uploads\/2025\/01\/Copia-de-Copia-de-Copia-de-TAMANHO-EXATO-PARA-FOTOS-NO-SISTEMA-NOVO-2025-01-03T124519.867_2025-01-03_15-45-27_png_2025-01-03_15-45-27.webp.webp?fit=1200%2C675&ssl=1&resize=525%2C300 1.5x, https:\/\/i0.wp.com\/noticiasribeiraopreto.com.br\/wp-content\/uploads\/2025\/01\/Copia-de-Copia-de-Copia-de-TAMANHO-EXATO-PARA-FOTOS-NO-SISTEMA-NOVO-2025-01-03T124519.867_2025-01-03_15-45-27_png_2025-01-03_15-45-27.webp.webp?fit=1200%2C675&ssl=1&resize=700%2C400 2x, https:\/\/i0.wp.com\/noticiasribeiraopreto.com.br\/wp-content\/uploads\/2025\/01\/Copia-de-Copia-de-Copia-de-TAMANHO-EXATO-PARA-FOTOS-NO-SISTEMA-NOVO-2025-01-03T124519.867_2025-01-03_15-45-27_png_2025-01-03_15-45-27.webp.webp?fit=1200%2C675&ssl=1&resize=1050%2C600 3x"},"classes":[]},{"id":74947,"url":"https:\/\/noticiasribeiraopreto.com.br\/index.php\/2025\/07\/31\/faxineira-e-presa-por-envolvimento-em-roubo-milionario\/","url_meta":{"origin":74953,"position":1},"title":"Faxineira \u00e9 presa por envolvimento em roubo milion\u00e1rio","author":"noticiasribeiraopreto.com.br","date":"31 de July de 2025","format":false,"excerpt":"Por: Adalberto Luque Um casal foi preso, na manh\u00e3 desta quinta-feira (31), acusado de participa\u00e7\u00e3o no roubo de uma resid\u00eancia localizada no Alto da Boa Vista. O caso ocorreu no dia 31 de dezembro de 2024 e os criminosos levaram joias avaliadas em R$ 4 milh\u00f5es e US$ 100 mil\u2026","rel":"","context":"In &quot;Not\u00edcias de Ribeir\u00e3o Preto-SP e Regi\u00e3o&quot;","block_context":{"text":"Not\u00edcias de Ribeir\u00e3o Preto-SP e Regi\u00e3o","link":"https:\/\/noticiasribeiraopreto.com.br\/index.php\/category\/noticias-de-ribeirao-preto-sp-e-regiao-ismael-colosi\/"},"img":{"alt_text":"","src":"https:\/\/i0.wp.com\/noticiasribeiraopreto.com.br\/wp-content\/uploads\/2025\/07\/31-jul-2025-rouboabv2.jpg?fit=667%2C500&ssl=1&resize=350%2C200","width":350,"height":200,"srcset":"https:\/\/i0.wp.com\/noticiasribeiraopreto.com.br\/wp-content\/uploads\/2025\/07\/31-jul-2025-rouboabv2.jpg?fit=667%2C500&ssl=1&resize=350%2C200 1x, https:\/\/i0.wp.com\/noticiasribeiraopreto.com.br\/wp-content\/uploads\/2025\/07\/31-jul-2025-rouboabv2.jpg?fit=667%2C500&ssl=1&resize=525%2C300 1.5x"},"classes":[]},{"id":62092,"url":"https:\/\/noticiasribeiraopreto.com.br\/index.php\/2025\/01\/03\/preso-terceiro-acusado-por-roubo-milionario-na-zona-sul-de-ribeirao-preto\/","url_meta":{"origin":74953,"position":2},"title":"Preso terceiro acusado por roubo milion\u00e1rio na zona Sul de Ribeir\u00e3o Preto","author":"noticiasribeiraopreto.com.br","date":"3 de January de 2025","format":false,"excerpt":"A Pol\u00edcia Militar prendeu nesta sexta-feira (3) o terceiro acusado de envolvimento no roubo de 100 mil d\u00f3lares, al\u00e9m de R$ 4 milh\u00f5es em joias, de uma casa no Alto da Boa Vista, na zona Sul de Ribeir\u00e3o Preto. Segundo o delegado Rodolfo Latif Sebba, respons\u00e1vel pela investiga\u00e7\u00e3o, a pris\u00e3o\u2026","rel":"","context":"In &quot;Not\u00edcias de Ribeir\u00e3o Preto-SP e Regi\u00e3o&quot;","block_context":{"text":"Not\u00edcias de Ribeir\u00e3o Preto-SP e Regi\u00e3o","link":"https:\/\/noticiasribeiraopreto.com.br\/index.php\/category\/noticias-de-ribeirao-preto-sp-e-regiao-ismael-colosi\/"},"img":{"alt_text":"","src":"https:\/\/i0.wp.com\/noticiasribeiraopreto.com.br\/wp-content\/uploads\/2025\/01\/joias-roubo_2025-01-03_13-32-07_jpg_2025-01-03_13-32-07.webp.webp?fit=1200%2C900&ssl=1&resize=350%2C200","width":350,"height":200,"srcset":"https:\/\/i0.wp.com\/noticiasribeiraopreto.com.br\/wp-content\/uploads\/2025\/01\/joias-roubo_2025-01-03_13-32-07_jpg_2025-01-03_13-32-07.webp.webp?fit=1200%2C900&ssl=1&resize=350%2C200 1x, https:\/\/i0.wp.com\/noticiasribeiraopreto.com.br\/wp-content\/uploads\/2025\/01\/joias-roubo_2025-01-03_13-32-07_jpg_2025-01-03_13-32-07.webp.webp?fit=1200%2C900&ssl=1&resize=525%2C300 1.5x, https:\/\/i0.wp.com\/noticiasribeiraopreto.com.br\/wp-content\/uploads\/2025\/01\/joias-roubo_2025-01-03_13-32-07_jpg_2025-01-03_13-32-07.webp.webp?fit=1200%2C900&ssl=1&resize=700%2C400 2x, https:\/\/i0.wp.com\/noticiasribeiraopreto.com.br\/wp-content\/uploads\/2025\/01\/joias-roubo_2025-01-03_13-32-07_jpg_2025-01-03_13-32-07.webp.webp?fit=1200%2C900&ssl=1&resize=1050%2C600 3x"},"classes":[]},{"id":62104,"url":"https:\/\/noticiasribeiraopreto.com.br\/index.php\/2025\/01\/03\/empresario-e-faxineira-quem-sao-os-suspeitos-de-roubo-milionario-em-ribeirao-preto\/","url_meta":{"origin":74953,"position":3},"title":"Empres\u00e1rio e faxineira: Quem s\u00e3o os suspeitos de roubo milion\u00e1rio em Ribeir\u00e3o Preto","author":"noticiasribeiraopreto.com.br","date":"3 de January de 2025","format":false,"excerpt":"A Pol\u00edcia Civil realizou, no final da manh\u00e3 desta sexta-feira (3), uma coletiva de imprensa para divulgar mais detalhes sobre o roubo de 600 mil d\u00f3lares e uma maleta com joias avaliadas em R$ 4 milh\u00f5es, na zona Sul de Ribeir\u00e3o Preto. Entre os suspeitos que foram presos est\u00e3o o\u2026","rel":"","context":"In &quot;Not\u00edcias de Ribeir\u00e3o Preto-SP e Regi\u00e3o&quot;","block_context":{"text":"Not\u00edcias de Ribeir\u00e3o Preto-SP e Regi\u00e3o","link":"https:\/\/noticiasribeiraopreto.com.br\/index.php\/category\/noticias-de-ribeirao-preto-sp-e-regiao-ismael-colosi\/"},"img":{"alt_text":"","src":"https:\/\/i0.wp.com\/noticiasribeiraopreto.com.br\/wp-content\/uploads\/2025\/01\/WhatsApp-Image-2025-01-02-at-18.39.58_2025-01-02_22-03-57_jpeg_2025-01-02_22-03-59-scaled-e1735855462382.webp.webp?fit=1200%2C900&ssl=1&resize=350%2C200","width":350,"height":200,"srcset":"https:\/\/i0.wp.com\/noticiasribeiraopreto.com.br\/wp-content\/uploads\/2025\/01\/WhatsApp-Image-2025-01-02-at-18.39.58_2025-01-02_22-03-57_jpeg_2025-01-02_22-03-59-scaled-e1735855462382.webp.webp?fit=1200%2C900&ssl=1&resize=350%2C200 1x, https:\/\/i0.wp.com\/noticiasribeiraopreto.com.br\/wp-content\/uploads\/2025\/01\/WhatsApp-Image-2025-01-02-at-18.39.58_2025-01-02_22-03-57_jpeg_2025-01-02_22-03-59-scaled-e1735855462382.webp.webp?fit=1200%2C900&ssl=1&resize=525%2C300 1.5x, https:\/\/i0.wp.com\/noticiasribeiraopreto.com.br\/wp-content\/uploads\/2025\/01\/WhatsApp-Image-2025-01-02-at-18.39.58_2025-01-02_22-03-57_jpeg_2025-01-02_22-03-59-scaled-e1735855462382.webp.webp?fit=1200%2C900&ssl=1&resize=700%2C400 2x, https:\/\/i0.wp.com\/noticiasribeiraopreto.com.br\/wp-content\/uploads\/2025\/01\/WhatsApp-Image-2025-01-02-at-18.39.58_2025-01-02_22-03-57_jpeg_2025-01-02_22-03-59-scaled-e1735855462382.webp.webp?fit=1200%2C900&ssl=1&resize=1050%2C600 3x"},"classes":[]},{"id":62513,"url":"https:\/\/noticiasribeiraopreto.com.br\/index.php\/2025\/01\/16\/policia-civil-prende-mais-um-acusado-de-roubo-milionario-na-zona-sul-de-ribeirao-preto\/","url_meta":{"origin":74953,"position":4},"title":"Pol\u00edcia Civil prende mais um acusado de roubo milion\u00e1rio na zona Sul de Ribeir\u00e3o Preto","author":"noticiasribeiraopreto.com.br","date":"16 de January de 2025","format":false,"excerpt":"A Pol\u00edcia Civil prendeu nesta quinta-feira (16) mais um suspeito de envolvimento no roubo de 100 mil d\u00f3lares e uma maleta com joias avaliadas em R$ 4 milh\u00f5es, que aconteceu no final do ano passado, em uma resid\u00eancia da zona Sul de Ribeir\u00e3o Preto. Um mandado de pris\u00e3o tempor\u00e1ria foi\u2026","rel":"","context":"In &quot;Not\u00edcias de Ribeir\u00e3o Preto-SP e Regi\u00e3o&quot;","block_context":{"text":"Not\u00edcias de Ribeir\u00e3o Preto-SP e Regi\u00e3o","link":"https:\/\/noticiasribeiraopreto.com.br\/index.php\/category\/noticias-de-ribeirao-preto-sp-e-regiao-ismael-colosi\/"},"img":{"alt_text":"","src":"https:\/\/i0.wp.com\/noticiasribeiraopreto.com.br\/wp-content\/uploads\/2025\/01\/WhatsApp-Image-2025-01-16-at-11.30.22_2025-01-16_15-08-06_jpeg_2025-01-16_15-08-06.webp.webp?fit=1200%2C675&ssl=1&resize=350%2C200","width":350,"height":200,"srcset":"https:\/\/i0.wp.com\/noticiasribeiraopreto.com.br\/wp-content\/uploads\/2025\/01\/WhatsApp-Image-2025-01-16-at-11.30.22_2025-01-16_15-08-06_jpeg_2025-01-16_15-08-06.webp.webp?fit=1200%2C675&ssl=1&resize=350%2C200 1x, https:\/\/i0.wp.com\/noticiasribeiraopreto.com.br\/wp-content\/uploads\/2025\/01\/WhatsApp-Image-2025-01-16-at-11.30.22_2025-01-16_15-08-06_jpeg_2025-01-16_15-08-06.webp.webp?fit=1200%2C675&ssl=1&resize=525%2C300 1.5x, https:\/\/i0.wp.com\/noticiasribeiraopreto.com.br\/wp-content\/uploads\/2025\/01\/WhatsApp-Image-2025-01-16-at-11.30.22_2025-01-16_15-08-06_jpeg_2025-01-16_15-08-06.webp.webp?fit=1200%2C675&ssl=1&resize=700%2C400 2x, https:\/\/i0.wp.com\/noticiasribeiraopreto.com.br\/wp-content\/uploads\/2025\/01\/WhatsApp-Image-2025-01-16-at-11.30.22_2025-01-16_15-08-06_jpeg_2025-01-16_15-08-06.webp.webp?fit=1200%2C675&ssl=1&resize=1050%2C600 3x"},"classes":[]},{"id":74537,"url":"https:\/\/noticiasribeiraopreto.com.br\/index.php\/2025\/07\/24\/casal-e-amarrado-durante-roubo-de-joias-e-eletronicos-na-regiao-de-ribeirao-preto\/","url_meta":{"origin":74953,"position":5},"title":"Casal \u00e9 amarrado durante roubo de joias e eletr\u00f4nicos na regi\u00e3o de Ribeir\u00e3o Preto","author":"noticiasribeiraopreto.com.br","date":"24 de July de 2025","format":false,"excerpt":"Um casal foi amarrado em um quarto de casa durante um roubo na noite desta quarta-feira (23), em Brodowski, na regi\u00e3o de Ribeir\u00e3o Preto. Dois suspeitos foram presos. Segundo o boletim de ocorr\u00eancia (BO), foram roubados joias e eletr\u00f4nicos, e uma das v\u00edtimas, um homem de 55 anos, acabou agredido\u2026","rel":"","context":"In &quot;Not\u00edcias de Ribeir\u00e3o Preto-SP e Regi\u00e3o&quot;","block_context":{"text":"Not\u00edcias de Ribeir\u00e3o Preto-SP e Regi\u00e3o","link":"https:\/\/noticiasribeiraopreto.com.br\/index.php\/category\/noticias-de-ribeirao-preto-sp-e-regiao-ismael-colosi\/"},"img":{"alt_text":"","src":"https:\/\/i0.wp.com\/noticiasribeiraopreto.com.br\/wp-content\/uploads\/2025\/07\/1753372569_20220620_114539075_policia_qru_1024x576_25052021184749_jpg_715985292.jpg?fit=1200%2C606&ssl=1&resize=350%2C200","width":350,"height":200,"srcset":"https:\/\/i0.wp.com\/noticiasribeiraopreto.com.br\/wp-content\/uploads\/2025\/07\/1753372569_20220620_114539075_policia_qru_1024x576_25052021184749_jpg_715985292.jpg?fit=1200%2C606&ssl=1&resize=350%2C200 1x, https:\/\/i0.wp.com\/noticiasribeiraopreto.com.br\/wp-content\/uploads\/2025\/07\/1753372569_20220620_114539075_policia_qru_1024x576_25052021184749_jpg_715985292.jpg?fit=1200%2C606&ssl=1&resize=525%2C300 1.5x, https:\/\/i0.wp.com\/noticiasribeiraopreto.com.br\/wp-content\/uploads\/2025\/07\/1753372569_20220620_114539075_policia_qru_1024x576_25052021184749_jpg_715985292.jpg?fit=1200%2C606&ssl=1&resize=700%2C400 2x, https:\/\/i0.wp.com\/noticiasribeiraopreto.com.br\/wp-content\/uploads\/2025\/07\/1753372569_20220620_114539075_policia_qru_1024x576_25052021184749_jpg_715985292.jpg?fit=1200%2C606&ssl=1&resize=1050%2C600 3x"},"classes":[]}],"jetpack_sharing_enabled":true,"jetpack_shortlink":"https:\/\/wp.me\/peQAOb-juV","_links":{"self":[{"href":"https:\/\/noticiasribeiraopreto.com.br\/index.php\/wp-json\/wp\/v2\/posts\/74953","targetHints":{"allow":["GET"]}}],"collection":[{"href":"https:\/\/noticiasribeiraopreto.com.br\/index.php\/wp-json\/wp\/v2\/posts"}],"about":[{"href":"https:\/\/noticiasribeiraopreto.com.br\/index.php\/wp-json\/wp\/v2\/types\/post"}],"author":[{"embeddable":true,"href":"https:\/\/noticiasribeiraopreto.com.br\/index.php\/wp-json\/wp\/v2\/users\/1"}],"replies":[{"embeddable":true,"href":"https:\/\/noticiasribeiraopreto.com.br\/index.php\/wp-json\/wp\/v2\/comments?post=74953"}],"version-history":[{"count":0,"href":"https:\/\/noticiasribeiraopreto.com.br\/index.php\/wp-json\/wp\/v2\/posts\/74953\/revisions"}],"wp:featuredmedia":[{"embeddable":true,"href":"https:\/\/noticiasribeiraopreto.com.br\/index.php\/wp-json\/wp\/v2\/media\/74954"}],"wp:attachment":[{"href":"https:\/\/noticiasribeiraopreto.com.br\/index.php\/wp-json\/wp\/v2\/media?parent=74953"}],"wp:term":[{"taxonomy":"category","embeddable":true,"href":"https:\/\/noticiasribeiraopreto.com.br\/index.php\/wp-json\/wp\/v2\/categories?post=74953"},{"taxonomy":"post_tag","embeddable":true,"href":"https:\/\/noticiasribeiraopreto.com.br\/index.php\/wp-json\/wp\/v2\/tags?post=74953"}],"curies":[{"name":"wp","href":"https:\/\/api.w.org\/{rel}","templated":true}]}}