{"id":74959,"date":"2025-07-31T17:32:03","date_gmt":"2025-07-31T20:32:03","guid":{"rendered":"https:\/\/noticiasribeiraopreto.com.br\/index.php\/2025\/07\/31\/mussa-levara-rap-ao-pedro-ii\/"},"modified":"2025-07-31T17:32:03","modified_gmt":"2025-07-31T20:32:03","slug":"mussa-levara-rap-ao-pedro-ii","status":"publish","type":"post","link":"https:\/\/noticiasribeiraopreto.com.br\/index.php\/2025\/07\/31\/mussa-levara-rap-ao-pedro-ii\/","title":{"rendered":"Mussa levar\u00e1 rap ao Pedro II"},"content":{"rendered":"<div class='code-block code-block-1' style='margin: 8px 0 8px auto; text-align: right; display: block; clear: both;'>\n<p><a href=\"https:\/\/wa.link\/vpicfd\"><img data-recalc-dims=\"1\" class=\"wp-image-4922\" style=\"aspect-ratio: 2.0253164556962027; width: 561px; height: auto;\" src=\"https:\/\/i0.wp.com\/ismaelcolosi.com.br\/wp-content\/uploads\/2023\/11\/grupo-de-empregos-whatsapp-e-facebook-ismael-colosi-vagas.jpg?ssl=1\" alt=\"\" \/><\/a><\/p>\n<!-- \/wp:image -->\n<\/div>\n<p> <br \/>\n<\/p>\n<div>\n<p>O m\u00fasico, compositor e youtuber Mussa quebra barreiras e paradigmas, levando inclus\u00e3o e acessibilidade, atrav\u00e9s do rap, para crian\u00e7as de todo Brasil. O fen\u00f4meno da m\u00fasica infantil com mais de dois bilh\u00f5es de plays no YouTube (@mussoumano) est\u00e1 trazendo alegria e criatividade para fam\u00edlias de todo o Brasil com seu estilo \u00fanico e divertido.<\/p>\n<p>Ele estar\u00e1 no Theatro Pedro II, em Ribeir\u00e3o Preto neste s\u00e1bado, 2 de agosto, \u00e0s 15 horas, com o \u201cShow do Mussa\u201d. Nascido na periferia de Florian\u00f3polis (SC) e inspirado pela cultura urbana do rap, Mussa est\u00e1 redefinindo o g\u00eanero e cativando crian\u00e7as e pais por todo o pa\u00eds.<\/p>\n<p>M\u00fasico e compositor prodigioso, Mussa n\u00e3o \u00e9 apenas um rapper talentoso. Suas m\u00fasicas, impregnadas de humor e criatividade, t\u00eam dominado as plataformas de streaming e conquistado o cora\u00e7\u00e3o de milh\u00f5es de ouvintes. Com mais de dois bilh\u00f5es de plays em seu canal do YouTube, Mussa se tornou uma sensa\u00e7\u00e3o da internet e uma refer\u00eancia na m\u00fasica infantil.<\/p>\n<p>A can\u00e7\u00e3o \u201cMussa Style\u201d se tornou uma verdadeira febre entre crian\u00e7as e pais, destacando-se como um hino do estilo inconfund\u00edvel do artista. Suas m\u00fasicas contagiantes e letras inteligentes s\u00e3o apreciadas por todas as idades, tornando Mussa um \u00edcone da m\u00fasica infantil.<\/p>\n<p>O estilo \u00fanico e divertido de Mussa, conhecido como \u201cMussa Style\u201d, \u00e9 sua marca registrada. Vindo da periferia, ele traz a cultura urbana do rap para crian\u00e7as do Brasil de uma maneira leve e envolvente. Mussa quebra barreiras e paradigmas em rela\u00e7\u00e3o ao g\u00eanero rap, muitas vezes marginalizado pela sociedade, e o transforma em algo acess\u00edvel e inclusivo.<\/p>\n<p>Al\u00e9m de sua m\u00fasica, Mussa \u00e9 um influenciador positivo que incentiva e inspira as crian\u00e7as a superar desafios, desenvolverem o pensamento r\u00e1pido e superar a timidez, atrav\u00e9s da rima. Sua abordagem \u00fanica e criativa para a m\u00fasica n\u00e3o apenas entret\u00e9m, mas tamb\u00e9m educa e inspira jovens mentes em todo o Brasil.<\/p>\n<p>Mussa est\u00e1 mudando a paisagem da m\u00fasica infantil e desafiando as normas estabelecidas com seu talento e vis\u00e3o. Com m\u00fasicas envolventes, letras inteligentes e mensagens positivas, ele se tornou um modelo a ser seguido por m\u00fasicos e crian\u00e7as em todo o pa\u00eds.<\/p>\n<p><strong>Ingressos <\/strong><strong>\u2013 <\/strong>Os ingressos custam R$ 180 (plateia), R$ 140 (frisa), R$ 120 (balc\u00e3o nobre) e R$ 80 (balc\u00e3o simples). A meia-entrada sai por R$ 90, R$ 70, R$ 60 e R$ 40, respectivamente. S\u00f3cios do Clube GT t\u00eam direito a 50% de desconto. Est\u00e3o \u00e0 venda no site Ingresso Digital (<a href=\"http:\/\/www.ingressodigital.com\">www.ingressodigital.com<\/a>). Crian\u00e7as at\u00e9 24 meses de idade que ficarem no colo dos pais, n\u00e3o pagam.<\/p>\n<p>A meia tamb\u00e9m vale para estudantes, pessoa com defici\u00eancia e um acompanhante, idosos (pessoas com mais de 60 anos), diretores, coordenadores pedag\u00f3gicos, supervisores e titulares de cargos do quadro de apoio das escolas das redes estadual e municipais, professores da rede p\u00fablica estadual e das redes municipais de ensino<\/p>\n<p>O Theatro Pedro II informa que n\u00e3o \u00e9 permitido crian\u00e7as menores de 12 anos na fila A dos setores balc\u00e3o nobre e balc\u00e3o simples, por determina\u00e7\u00e3o do Minist\u00e9rio P\u00fablico de S\u00e3o Paulo (MPSP), devido a altura do guarda corpo.\u00a0 Ingressos para cadeirantes s\u00e3o destinados ao setor frisa do teatro.<\/p>\n<p>N\u00e3o ser\u00e1 permitida a entrada ap\u00f3s o in\u00edcio do espet\u00e1culo, n\u00e3o havendo troca de ingresso e nem devolu\u00e7\u00e3o do dinheiro. Para melhor conserva\u00e7\u00e3o do Theatro Pedro II \u00e9 proibido o consumo de bebidas e alimentos dentro das salas de espet\u00e1culos. Fica na\u00a0rua\u00a0\u00c1lvares Cabral n\u00ba 370, no Quarteir\u00e3o Paulista, Centro\u00a0Hist\u00f3rico de Ribeir\u00e3o Preto.<\/p>\n<p>O local tem capacidade para 1.588 pessoas, mas parte foi interditada por seguran\u00e7a. Atualmente conta com 1.300 lugares. Por\u00e9m, vai disponibilizar cerca de 1.200 poltronas. O telefone para mais informa\u00e7\u00f5es \u00e9 (16) 3977-8111., Ou acesse <a href=\"http:\/\/www.theatropedro2.com.br\">www.theatropedro2.com.br<\/a> e <a href=\"http:\/\/www.teatrogt.com.br\">www.teatrogt.com.br<\/a>.. O espet\u00e1culo n\u00e3o \u00e9 recomendado para menores de 14 anos.\u00a0O espa\u00e7o \u00e9 o terceiro maior teatro de \u00f3pera do Brasil. O uso de m\u00e1scara \u00e9 opcional.<\/p>\n<p><strong>Servi\u00e7o<\/strong><br \/><strong>Espet\u00e1culo:\u00a0 <\/strong>\u201cShow do Mussa\u201d<br \/><strong>Com: <\/strong>Mussa<br \/><strong>Quando: <\/strong>s\u00e1bado, 2 de agosto<br \/><strong>Sess\u00e3o: <\/strong>15 horas<br \/><strong>Onde:<\/strong> Theatro Pedro II<br \/><strong>Endere\u00e7o:<\/strong> rua \u00c1lvares Cabral n\u00ba 370,Centro<br \/><strong>Telefone:<\/strong><br \/>(16) 3977-8111<br \/><strong>Classifica\u00e7\u00e3o:<\/strong><br \/>14 anos<br \/><strong>Capacidade:<\/strong><br \/>1.200 lugares<br \/><strong>Informa\u00e7\u00f5es:<\/strong><br \/>(16) 3977-8111 ou<br \/><a href=\"http:\/\/www.theatropedro2.com.br\">www.theatropedro2.com.br<\/a> e<br \/><a href=\"http:\/\/www.teatrogt.com.br\">www.teatrogt.com.br<\/a><br \/><strong>Ingressos<br \/>Plateia<br \/><\/strong>R$ 180 (inteira)<br \/>e R$ 90 (meia)<br \/><strong>Frisa<br \/><\/strong>R$ 140 (inteira)<br \/>e R$ 70 (meia)\u00a0<strong><br \/>Balc\u00e3o nobre<br \/><\/strong>R$ 120 (inteira)<br \/>e R$ 60 (meia)\u00a0<strong><br \/>Balc\u00e3o simples<br \/><\/strong>R$ 80 (inteira)<br \/>e R$ 40 (meia)<br \/><strong>Vendas:<\/strong>\u00a0guich\u00ea do teatro e<br \/>site\u00a0<a href=\"http:\/\/www.ingressodigital.com\">www.ingressodigital.com<\/a><br \/><strong>Bilheteria:<\/strong> de ter\u00e7a-feira<br \/>a domingo, a partir<br \/>das 14 horas<\/p>\n<p>\u00a0<\/p>\n<p>\u00a0<\/p>\n<\/div>\n<p><br \/>\n<br \/><a href=\"https:\/\/www.tribunaribeirao.com.br\/mussa-levara-rap-ao-pedro-ii\/\">Source link <\/a><\/p>\n<!-- CONTENT END 1 -->\n","protected":false},"excerpt":{"rendered":"<p>O m\u00fasico, compositor e youtuber Mussa quebra barreiras e paradigmas, levando inclus\u00e3o e acessibilidade, atrav\u00e9s do rap, para crian\u00e7as de todo Brasil. O fen\u00f4meno da&#8230;<\/p>\n","protected":false},"author":1,"featured_media":74960,"comment_status":"open","ping_status":"open","sticky":false,"template":"","format":"standard","meta":{"advanced_seo_description":"","jetpack_seo_html_title":"","jetpack_seo_noindex":false,"jetpack_post_was_ever_published":false,"_jetpack_newsletter_access":"","_jetpack_dont_email_post_to_subs":false,"_jetpack_newsletter_tier_id":0,"_jetpack_memberships_contains_paywalled_content":false,"_jetpack_memberships_contains_paid_content":false,"footnotes":"","jetpack_publicize_message":"","jetpack_publicize_feature_enabled":true,"jetpack_social_post_already_shared":true,"jetpack_social_options":{"image_generator_settings":{"template":"highway","default_image_id":0,"font":"","enabled":false},"version":2}},"categories":[11],"tags":[],"class_list":["post-74959","post","type-post","status-publish","format-standard","has-post-thumbnail","hentry","category-noticias-de-ribeirao-preto-sp-e-regiao-ismael-colosi"],"jetpack_publicize_connections":[],"jetpack_featured_media_url":"https:\/\/i0.wp.com\/noticiasribeiraopreto.com.br\/wp-content\/uploads\/2025\/07\/Mussa-Mus-Divulgacao-scaled.jpg?fit=1200%2C675&ssl=1","jetpack-related-posts":[{"id":75032,"url":"https:\/\/noticiasribeiraopreto.com.br\/index.php\/2025\/08\/01\/theatro-pedro-ii-recebe-stand-up-show-infantil-e-tributo-aos-beatles-no-fim-de-semana\/","url_meta":{"origin":74959,"position":0},"title":"Theatro Pedro II recebe stand-up, show infantil e tributo aos Beatles no fim de semana","author":"noticiasribeiraopreto.com.br","date":"1 de August de 2025","format":false,"excerpt":"O Theatro Pedro II, em Ribeir\u00e3o Preto, conta com uma programa\u00e7\u00e3o especial que promete agradar todos os gostos neste fim de semana. Entre as atra\u00e7\u00f5es, est\u00e3o o show infantil de Mussa, o stand-up de Gio Lisboa e a banda Hey Jude com um tributo aos Beatles. Show do Mussa O\u2026","rel":"","context":"In &quot;Not\u00edcias de Ribeir\u00e3o Preto-SP e Regi\u00e3o&quot;","block_context":{"text":"Not\u00edcias de Ribeir\u00e3o Preto-SP e Regi\u00e3o","link":"https:\/\/noticiasribeiraopreto.com.br\/index.php\/category\/noticias-de-ribeirao-preto-sp-e-regiao-ismael-colosi\/"},"img":{"alt_text":"","src":"https:\/\/i0.wp.com\/noticiasribeiraopreto.com.br\/wp-content\/uploads\/2025\/08\/Copia-de-Copia-de-Copia-de-TAMANHO-EXATO-PARA-FOTOS-NO-SISTEMA-NOVO-71_2025-08-01_16-45-02.webp.webp?fit=1200%2C675&ssl=1&resize=350%2C200","width":350,"height":200,"srcset":"https:\/\/i0.wp.com\/noticiasribeiraopreto.com.br\/wp-content\/uploads\/2025\/08\/Copia-de-Copia-de-Copia-de-TAMANHO-EXATO-PARA-FOTOS-NO-SISTEMA-NOVO-71_2025-08-01_16-45-02.webp.webp?fit=1200%2C675&ssl=1&resize=350%2C200 1x, https:\/\/i0.wp.com\/noticiasribeiraopreto.com.br\/wp-content\/uploads\/2025\/08\/Copia-de-Copia-de-Copia-de-TAMANHO-EXATO-PARA-FOTOS-NO-SISTEMA-NOVO-71_2025-08-01_16-45-02.webp.webp?fit=1200%2C675&ssl=1&resize=525%2C300 1.5x, https:\/\/i0.wp.com\/noticiasribeiraopreto.com.br\/wp-content\/uploads\/2025\/08\/Copia-de-Copia-de-Copia-de-TAMANHO-EXATO-PARA-FOTOS-NO-SISTEMA-NOVO-71_2025-08-01_16-45-02.webp.webp?fit=1200%2C675&ssl=1&resize=700%2C400 2x, https:\/\/i0.wp.com\/noticiasribeiraopreto.com.br\/wp-content\/uploads\/2025\/08\/Copia-de-Copia-de-Copia-de-TAMANHO-EXATO-PARA-FOTOS-NO-SISTEMA-NOVO-71_2025-08-01_16-45-02.webp.webp?fit=1200%2C675&ssl=1&resize=1050%2C600 3x"},"classes":[]},{"id":22633,"url":"https:\/\/noticiasribeiraopreto.com.br\/index.php\/2023\/12\/30\/melhores-ceos-do-brasil-ricardo-mussa-da-raizen\/","url_meta":{"origin":74959,"position":1},"title":"Melhores CEOs do Brasil: Ricardo Mussa, da Ra\u00edzen","author":"noticiasribeiraopreto.com.br","date":"30 de December de 2023","format":false,"excerpt":"Victor AffaroRicardo Mussa tamb\u00e9m foi CEO da Radar (que tamb\u00e9m cofundou) e da Moove, do grupo Cosan, e passou por multinacionais como Unilever e Danone Ricardo Mussa assumiu a lideran\u00e7a de uma empresa com mais de 45 mil funcion\u00e1rios em uma \u00e9poca em que n\u00e3o podia se encontrar com nenhum\u2026","rel":"","context":"In &quot;Blog&quot;","block_context":{"text":"Blog","link":"https:\/\/noticiasribeiraopreto.com.br\/index.php\/category\/blog\/"},"img":{"alt_text":"","src":"https:\/\/i0.wp.com\/noticiasribeiraopreto.com.br\/wp-content\/uploads\/2023\/12\/agro-ricardo-mussa-1024x683.jpg?fit=1024%2C683&ssl=1&resize=350%2C200","width":350,"height":200,"srcset":"https:\/\/i0.wp.com\/noticiasribeiraopreto.com.br\/wp-content\/uploads\/2023\/12\/agro-ricardo-mussa-1024x683.jpg?fit=1024%2C683&ssl=1&resize=350%2C200 1x, https:\/\/i0.wp.com\/noticiasribeiraopreto.com.br\/wp-content\/uploads\/2023\/12\/agro-ricardo-mussa-1024x683.jpg?fit=1024%2C683&ssl=1&resize=525%2C300 1.5x, https:\/\/i0.wp.com\/noticiasribeiraopreto.com.br\/wp-content\/uploads\/2023\/12\/agro-ricardo-mussa-1024x683.jpg?fit=1024%2C683&ssl=1&resize=700%2C400 2x"},"classes":[]},{"id":75008,"url":"https:\/\/noticiasribeiraopreto.com.br\/index.php\/2025\/08\/01\/biquini-champions-beer-e-festa-do-peao-confira-atracoes-do-fim-de-semana-em-ribeirao-e-regiao\/","url_meta":{"origin":74959,"position":2},"title":"Biquini, Champions Beer e Festa do Pe\u00e3o: Confira atra\u00e7\u00f5es do fim de semana em Ribeir\u00e3o e regi\u00e3o","author":"noticiasribeiraopreto.com.br","date":"1 de August de 2025","format":false,"excerpt":"O m\u00eas de agosto come\u00e7a com uma programa\u00e7\u00e3o cultural recheada de atividades para diferentes gostos. Ribeir\u00e3o Preto e regi\u00e3o recebe a o show gratuito da banda Biquini, Champions Beer e a Festa do Pe\u00e3o de Pitangueiras. Confira a programa\u00e7\u00e3o completa abaixo. Biquini \u2013 A Vida Come\u00e7a Aos 40 A banda\u2026","rel":"","context":"In &quot;Not\u00edcias de Ribeir\u00e3o Preto-SP e Regi\u00e3o&quot;","block_context":{"text":"Not\u00edcias de Ribeir\u00e3o Preto-SP e Regi\u00e3o","link":"https:\/\/noticiasribeiraopreto.com.br\/index.php\/category\/noticias-de-ribeirao-preto-sp-e-regiao-ismael-colosi\/"},"img":{"alt_text":"","src":"https:\/\/i0.wp.com\/noticiasribeiraopreto.com.br\/wp-content\/uploads\/2025\/07\/biquini-show_2025-07-23_15-39-35.webp.webp?fit=1066%2C600&ssl=1&resize=350%2C200","width":350,"height":200,"srcset":"https:\/\/i0.wp.com\/noticiasribeiraopreto.com.br\/wp-content\/uploads\/2025\/07\/biquini-show_2025-07-23_15-39-35.webp.webp?fit=1066%2C600&ssl=1&resize=350%2C200 1x, https:\/\/i0.wp.com\/noticiasribeiraopreto.com.br\/wp-content\/uploads\/2025\/07\/biquini-show_2025-07-23_15-39-35.webp.webp?fit=1066%2C600&ssl=1&resize=525%2C300 1.5x, https:\/\/i0.wp.com\/noticiasribeiraopreto.com.br\/wp-content\/uploads\/2025\/07\/biquini-show_2025-07-23_15-39-35.webp.webp?fit=1066%2C600&ssl=1&resize=700%2C400 2x, https:\/\/i0.wp.com\/noticiasribeiraopreto.com.br\/wp-content\/uploads\/2025\/07\/biquini-show_2025-07-23_15-39-35.webp.webp?fit=1066%2C600&ssl=1&resize=1050%2C600 3x"},"classes":[]},{"id":83910,"url":"https:\/\/noticiasribeiraopreto.com.br\/index.php\/2026\/03\/28\/theatro-pedro-ii-recebe-espetaculo-gratuito-com-rap-poesia-e-performance\/","url_meta":{"origin":74959,"position":3},"title":"Theatro Pedro II recebe espet\u00e1culo gratuito com rap, poesia e performance","author":"noticiasribeiraopreto.com.br","date":"28 de March de 2026","format":false,"excerpt":"O Theatro Pedro II recebe no dia 12 de maio, \u00e0s 20h, o espet\u00e1culo gratuito \u201cFuturo Ancestral\u201d, do rapper, historiador e produtor cultural de Ribeir\u00e3o Preto, Vinicius Preto. O espet\u00e1culo aborda temas como tempo, mem\u00f3ria, identidade negra, pertencimento, espiritualidade, tecnologia e resist\u00eancia cultural. Os ingressos devem ser retirados de forma\u2026","rel":"","context":"In &quot;Not\u00edcias de Ribeir\u00e3o Preto-SP e Regi\u00e3o&quot;","block_context":{"text":"Not\u00edcias de Ribeir\u00e3o Preto-SP e Regi\u00e3o","link":"https:\/\/noticiasribeiraopreto.com.br\/index.php\/category\/noticias-de-ribeirao-preto-sp-e-regiao-ismael-colosi\/"},"img":{"alt_text":"","src":"https:\/\/i0.wp.com\/noticiasribeiraopreto.com.br\/wp-content\/uploads\/2026\/03\/palace-9_2026-03-28_14-53-28.webp.webp?fit=1200%2C675&ssl=1&resize=350%2C200","width":350,"height":200,"srcset":"https:\/\/i0.wp.com\/noticiasribeiraopreto.com.br\/wp-content\/uploads\/2026\/03\/palace-9_2026-03-28_14-53-28.webp.webp?fit=1200%2C675&ssl=1&resize=350%2C200 1x, https:\/\/i0.wp.com\/noticiasribeiraopreto.com.br\/wp-content\/uploads\/2026\/03\/palace-9_2026-03-28_14-53-28.webp.webp?fit=1200%2C675&ssl=1&resize=525%2C300 1.5x, https:\/\/i0.wp.com\/noticiasribeiraopreto.com.br\/wp-content\/uploads\/2026\/03\/palace-9_2026-03-28_14-53-28.webp.webp?fit=1200%2C675&ssl=1&resize=700%2C400 2x, https:\/\/i0.wp.com\/noticiasribeiraopreto.com.br\/wp-content\/uploads\/2026\/03\/palace-9_2026-03-28_14-53-28.webp.webp?fit=1200%2C675&ssl=1&resize=1050%2C600 3x"},"classes":[]},{"id":42797,"url":"https:\/\/noticiasribeiraopreto.com.br\/index.php\/2024\/03\/17\/voz-e-violao-de-o-teatro-magico-3\/","url_meta":{"origin":74959,"position":4},"title":"Voz e viol\u00e3o de\u00a0O Teatro M\u00e1gico","author":"noticiasribeiraopreto.com.br","date":"17 de March de 2024","format":false,"excerpt":"Fernando Anitelli \u00e9 a for\u00e7a inspiradora que move a trupe Teatro M\u00e1gico. Faz anos que o artista decidiu sair da zona de conforto que o sucesso trouxe. Ap\u00f3s uma d\u00e9cada e meia envolvido com as grandes produ\u00e7\u00f5es de seu renomado projeto, ele resolveu reviver a simplicidade com a qual tudo\u2026","rel":"","context":"In &quot;Not\u00edcias de Ribeir\u00e3o Preto-SP e Regi\u00e3o&quot;","block_context":{"text":"Not\u00edcias de Ribeir\u00e3o Preto-SP e Regi\u00e3o","link":"https:\/\/noticiasribeiraopreto.com.br\/index.php\/category\/noticias-de-ribeirao-preto-sp-e-regiao-ismael-colosi\/"},"img":{"alt_text":"","src":"https:\/\/i0.wp.com\/noticiasribeiraopreto.com.br\/wp-content\/uploads\/2024\/03\/Magico-Fer-Filipe-Nevares-1-scaled.jpg?fit=967%2C645&ssl=1&resize=350%2C200","width":350,"height":200,"srcset":"https:\/\/i0.wp.com\/noticiasribeiraopreto.com.br\/wp-content\/uploads\/2024\/03\/Magico-Fer-Filipe-Nevares-1-scaled.jpg?fit=967%2C645&ssl=1&resize=350%2C200 1x, https:\/\/i0.wp.com\/noticiasribeiraopreto.com.br\/wp-content\/uploads\/2024\/03\/Magico-Fer-Filipe-Nevares-1-scaled.jpg?fit=967%2C645&ssl=1&resize=525%2C300 1.5x, https:\/\/i0.wp.com\/noticiasribeiraopreto.com.br\/wp-content\/uploads\/2024\/03\/Magico-Fer-Filipe-Nevares-1-scaled.jpg?fit=967%2C645&ssl=1&resize=700%2C400 2x"},"classes":[]},{"id":41071,"url":"https:\/\/noticiasribeiraopreto.com.br\/index.php\/2024\/03\/06\/voz-e-violao-de-o-teatro-magico-2\/","url_meta":{"origin":74959,"position":5},"title":"Voz e viol\u00e3o de\u00a0 O Teatro M\u00e1gico \u00a0","author":"noticiasribeiraopreto.com.br","date":"6 de March de 2024","format":false,"excerpt":"Fernando Anitelli \u00e9 a for\u00e7a inspiradora que move a trupe Teatro M\u00e1gico. Faz anos que o artista decidiu sair da zona de conforto que o sucesso trouxe. Ap\u00f3s uma d\u00e9cada e meia envolvido com as grandes produ\u00e7\u00f5es de seu renomado projeto, ele resolveu reviver a simplicidade com a qual tudo\u2026","rel":"","context":"In &quot;Not\u00edcias de Ribeir\u00e3o Preto-SP e Regi\u00e3o&quot;","block_context":{"text":"Not\u00edcias de Ribeir\u00e3o Preto-SP e Regi\u00e3o","link":"https:\/\/noticiasribeiraopreto.com.br\/index.php\/category\/noticias-de-ribeirao-preto-sp-e-regiao-ismael-colosi\/"},"img":{"alt_text":"","src":"https:\/\/i0.wp.com\/noticiasribeiraopreto.com.br\/wp-content\/uploads\/2024\/03\/Magico-Fer-Filipe-Nevares-scaled.jpg?fit=967%2C645&ssl=1&resize=350%2C200","width":350,"height":200,"srcset":"https:\/\/i0.wp.com\/noticiasribeiraopreto.com.br\/wp-content\/uploads\/2024\/03\/Magico-Fer-Filipe-Nevares-scaled.jpg?fit=967%2C645&ssl=1&resize=350%2C200 1x, https:\/\/i0.wp.com\/noticiasribeiraopreto.com.br\/wp-content\/uploads\/2024\/03\/Magico-Fer-Filipe-Nevares-scaled.jpg?fit=967%2C645&ssl=1&resize=525%2C300 1.5x, https:\/\/i0.wp.com\/noticiasribeiraopreto.com.br\/wp-content\/uploads\/2024\/03\/Magico-Fer-Filipe-Nevares-scaled.jpg?fit=967%2C645&ssl=1&resize=700%2C400 2x"},"classes":[]}],"jetpack_sharing_enabled":true,"jetpack_shortlink":"https:\/\/wp.me\/peQAOb-jv1","_links":{"self":[{"href":"https:\/\/noticiasribeiraopreto.com.br\/index.php\/wp-json\/wp\/v2\/posts\/74959","targetHints":{"allow":["GET"]}}],"collection":[{"href":"https:\/\/noticiasribeiraopreto.com.br\/index.php\/wp-json\/wp\/v2\/posts"}],"about":[{"href":"https:\/\/noticiasribeiraopreto.com.br\/index.php\/wp-json\/wp\/v2\/types\/post"}],"author":[{"embeddable":true,"href":"https:\/\/noticiasribeiraopreto.com.br\/index.php\/wp-json\/wp\/v2\/users\/1"}],"replies":[{"embeddable":true,"href":"https:\/\/noticiasribeiraopreto.com.br\/index.php\/wp-json\/wp\/v2\/comments?post=74959"}],"version-history":[{"count":0,"href":"https:\/\/noticiasribeiraopreto.com.br\/index.php\/wp-json\/wp\/v2\/posts\/74959\/revisions"}],"wp:featuredmedia":[{"embeddable":true,"href":"https:\/\/noticiasribeiraopreto.com.br\/index.php\/wp-json\/wp\/v2\/media\/74960"}],"wp:attachment":[{"href":"https:\/\/noticiasribeiraopreto.com.br\/index.php\/wp-json\/wp\/v2\/media?parent=74959"}],"wp:term":[{"taxonomy":"category","embeddable":true,"href":"https:\/\/noticiasribeiraopreto.com.br\/index.php\/wp-json\/wp\/v2\/categories?post=74959"},{"taxonomy":"post_tag","embeddable":true,"href":"https:\/\/noticiasribeiraopreto.com.br\/index.php\/wp-json\/wp\/v2\/tags?post=74959"}],"curies":[{"name":"wp","href":"https:\/\/api.w.org\/{rel}","templated":true}]}}