{"id":74961,"date":"2025-07-31T18:23:42","date_gmt":"2025-07-31T21:23:42","guid":{"rendered":"https:\/\/noticiasribeiraopreto.com.br\/index.php\/2025\/07\/31\/ricardo-sanciona-diretrizes-do-orcamento-de-ribeirao-preto-com-140-vetos\/"},"modified":"2025-07-31T18:23:42","modified_gmt":"2025-07-31T21:23:42","slug":"ricardo-sanciona-diretrizes-do-orcamento-de-ribeirao-preto-com-140-vetos","status":"publish","type":"post","link":"https:\/\/noticiasribeiraopreto.com.br\/index.php\/2025\/07\/31\/ricardo-sanciona-diretrizes-do-orcamento-de-ribeirao-preto-com-140-vetos\/","title":{"rendered":"Ricardo sanciona diretrizes do or\u00e7amento de Ribeir\u00e3o Preto com 140 vetos"},"content":{"rendered":"<div class='code-block code-block-1' style='margin: 8px 0 8px auto; text-align: right; display: block; clear: both;'>\n<p><a href=\"https:\/\/wa.link\/vpicfd\"><img data-recalc-dims=\"1\" class=\"wp-image-4922\" style=\"aspect-ratio: 2.0253164556962027; width: 561px; height: auto;\" src=\"https:\/\/i0.wp.com\/ismaelcolosi.com.br\/wp-content\/uploads\/2023\/11\/grupo-de-empregos-whatsapp-e-facebook-ismael-colosi-vagas.jpg?ssl=1\" alt=\"\" \/><\/a><\/p>\n<!-- \/wp:image -->\n<\/div>\n<p> <br \/>\n<\/p>\n<div>\n<p>O prefeito de <strong>Ribeir\u00e3o Preto<\/strong>, <strong>Ricardo Silva (PSD)<\/strong>, sancionou a<strong> LDO (Lei de Diretrizes Or\u00e7ament\u00e1rias) de 2026<\/strong> com <mark style=\"background-color:#fcb900\" class=\"has-inline-color\">140 vetos de emendas aprovadas pelos vereadores.<\/mark> As diretrizes or\u00e7ament\u00e1rias de Ribeir\u00e3o Preto preveem or\u00e7amento de R$ 5.563.935.161 para o pr\u00f3ximo ano.<\/p>\n<p>Entre os destaques da LDO est\u00e3o projetos priorit\u00e1rios, como a constru\u00e7\u00e3o do corredor de \u00f4nibus das avenidas Tanquinho e Rio Pardo (cerca de R$ 1 bilh\u00e3o), obras de microdrenagem (R$ 250 milh\u00f5es), Policl\u00ednica no Quadril\u00e1tero Central (R$ 30 milh\u00f5es), entre outros.<\/p>\n<h2 class=\"wp-block-heading\"><strong>O que \u00e9?<\/strong><\/h2>\n<p>O projeto de lei foi aprovado no in\u00edcio de julho pela C\u00e2mara Municipal e serve como base para formula\u00e7\u00e3o da LOA (Lei Or\u00e7ament\u00e1ria Anual), que deve ser apresentada pelo Executivo e analisada pelo Legislativo no segundo semestre.<\/p>\n<p>A proposta determina o n\u00edvel de equil\u00edbrio das receitas e despesas, tra\u00e7a regras para despesas dos poderes Executivo, Legislativo e Judici\u00e1rio, indica prioridades de financiamento, entre outras.<\/p>\n<h2 class=\"wp-block-heading\"><strong>Emendas vetadas<\/strong><\/h2>\n<p>Na ocasi\u00e3o, os vereadores aprovaram 140 emendas, totalizando gastos de R$ 233.255.000, que foram vetadas por Ricardo Silva.<\/p>\n<p>Na justificativa, o prefeito alegou que as emendas que previam como receita o \u201cexcesso de arrecada\u00e7\u00e3o\u201d, devem ser vetadas, entre outros motivos, pelo contexto econ\u00f4mico provocado pelo tarifa\u00e7o, de <strong>Donald Trump<\/strong>.<\/p>\n<p>\u201c[\u2026] \u00e0s incertezas relacionadas as consequ\u00eancias dos conflitos internacionais e novo contexto econ\u00f4mico resultado de a\u00e7\u00f5es do governo americano e sobretudo considerando as despesas j\u00e1 assumidas, a proposta para arrecada\u00e7\u00e3o de 2026 \u00e9 uma proje\u00e7\u00e3o segura e que considera todos os aspectos poss\u00edveis de arrecada\u00e7\u00e3o\u201d, aponta.<\/p>\n<p>J\u00e1 aquelas que apresentavam outras fontes de recursos deveriam ser vetadas por apresentarem incompatibilidade com as pe\u00e7as de planejamento e or\u00e7amento constantes na LDO e no PPP (Plano Plurianual). Assim como, o Executivo apontou que as emendas sem fontes de recursos n\u00e3o poderiam ser acatadas.<\/p>\n<p>SAIBA MAIS<br \/>Teatro de Arena de Ribeir\u00e3o Preto recebe show da banda Jovem Dion\u00edsio; veja quando<\/p>\n<h3 class=\"wp-block-heading\"><strong>FIQUE ON\u00a0\u00a0\u00a0\u00a0\u00a0\u00a0\u00a0\u00a0\u00a0<\/strong><\/h3>\n<p>Quer ficar por dentro de tudo que acontece em Ribeir\u00e3o Preto e regi\u00e3o? Ent\u00e3o siga os perfis do\u202facidade on\u202fno\u202f<a href=\"https:\/\/www.instagram.com\/acidadeonribeirao\" target=\"_blank\" rel=\"noreferrer noopener\">Instagram<\/a>\u202fe no\u202f<a href=\"https:\/\/www.facebook.com\/acidadeonribeirao\/\" target=\"_blank\" rel=\"noreferrer noopener\">Facebook<\/a>.<\/p>\n<p>Al\u00e9m disso, voc\u00ea pode receber as principais not\u00edcias diretamente no WhatsApp. Para isso, basta\u00a0<a href=\"https:\/\/chat.whatsapp.com\/BjKQZ9oJwlz8VVT50NuePq\" target=\"_blank\" rel=\"noreferrer noopener\">entrar no grupo clicando aqui<\/a>.<\/p>\n<p>Por fim, se quiser fazer uma den\u00fancia ou sugerir uma reportagem sobre Ribeir\u00e3o Preto e regi\u00e3o, envie uma mensagem pelo WhatsApp: (16) 99117-7802.<\/p>\n<p>VEJA TAMB\u00c9M<br \/>Qual era a idade de Christiane Torloni em \u2018A Viagem\u2019?<\/p>\n<p><!-- AI CONTENT END 1 -->\n<\/div>\n<p><script async src=\"\/\/www.instagram.com\/embed.js\"><\/script><br \/>\n<br \/><br \/>\n<br \/><a href=\"https:\/\/www.acidadeon.com\/ribeiraopreto\/politica\/ricardo-sanciona-diretrizes-do-orcamento-de-ribeirao-preto-com-140-vetos\/\">Source link <\/a><\/p>\n<!-- CONTENT END 1 -->\n","protected":false},"excerpt":{"rendered":"<p>O prefeito de Ribeir\u00e3o Preto, Ricardo Silva (PSD), sancionou a LDO (Lei de Diretrizes Or\u00e7ament\u00e1rias) de 2026 com 140 vetos de emendas aprovadas pelos vereadores&#8230;.<\/p>\n","protected":false},"author":1,"featured_media":74962,"comment_status":"open","ping_status":"open","sticky":false,"template":"","format":"standard","meta":{"advanced_seo_description":"","jetpack_seo_html_title":"","jetpack_seo_noindex":false,"jetpack_post_was_ever_published":false,"_jetpack_newsletter_access":"","_jetpack_dont_email_post_to_subs":false,"_jetpack_newsletter_tier_id":0,"_jetpack_memberships_contains_paywalled_content":false,"_jetpack_memberships_contains_paid_content":false,"footnotes":"","jetpack_publicize_message":"","jetpack_publicize_feature_enabled":true,"jetpack_social_post_already_shared":true,"jetpack_social_options":{"image_generator_settings":{"template":"highway","default_image_id":0,"font":"","enabled":false},"version":2}},"categories":[11],"tags":[],"class_list":["post-74961","post","type-post","status-publish","format-standard","has-post-thumbnail","hentry","category-noticias-de-ribeirao-preto-sp-e-regiao-ismael-colosi"],"jetpack_publicize_connections":[],"jetpack_featured_media_url":"https:\/\/i0.wp.com\/noticiasribeiraopreto.com.br\/wp-content\/uploads\/2025\/07\/prefeito-ricardo-silva_2025-07-31_20-57-54.webp.webp?fit=1200%2C800&ssl=1","jetpack-related-posts":[{"id":75041,"url":"https:\/\/noticiasribeiraopreto.com.br\/index.php\/2025\/08\/02\/prefeito-veta-emendas-da-ldo\/","url_meta":{"origin":74961,"position":0},"title":"Prefeito veta emendas da LDO","author":"noticiasribeiraopreto.com.br","date":"2 de August de 2025","format":false,"excerpt":"O prefeito Ricardo Silva (PSD) vetou todas as 140 emendas de vereadores no \u00e2mbito da Lei de Diretrizes Or\u00e7ament\u00e1rias (LDO) de 2026. As sugest\u00f5es criavam despesa de R$ 233.255.000, valor que representa 4,19% da receita estimada, de R$ 5.563.935.161, segundo o projeto n\u00famero 99\/2025. \u00c9 a primeira vez na hist\u00f3ria\u2026","rel":"","context":"In &quot;Not\u00edcias de Ribeir\u00e3o Preto-SP e Regi\u00e3o&quot;","block_context":{"text":"Not\u00edcias de Ribeir\u00e3o Preto-SP e Regi\u00e3o","link":"https:\/\/noticiasribeiraopreto.com.br\/index.php\/category\/noticias-de-ribeirao-preto-sp-e-regiao-ismael-colosi\/"},"img":{"alt_text":"","src":"https:\/\/i0.wp.com\/noticiasribeiraopreto.com.br\/wp-content\/uploads\/2025\/08\/PlanoLDO-Thaisa-Coroado-Camara-scaled.jpg?fit=1170%2C780&ssl=1&resize=350%2C200","width":350,"height":200,"srcset":"https:\/\/i0.wp.com\/noticiasribeiraopreto.com.br\/wp-content\/uploads\/2025\/08\/PlanoLDO-Thaisa-Coroado-Camara-scaled.jpg?fit=1170%2C780&ssl=1&resize=350%2C200 1x, https:\/\/i0.wp.com\/noticiasribeiraopreto.com.br\/wp-content\/uploads\/2025\/08\/PlanoLDO-Thaisa-Coroado-Camara-scaled.jpg?fit=1170%2C780&ssl=1&resize=525%2C300 1.5x, https:\/\/i0.wp.com\/noticiasribeiraopreto.com.br\/wp-content\/uploads\/2025\/08\/PlanoLDO-Thaisa-Coroado-Camara-scaled.jpg?fit=1170%2C780&ssl=1&resize=700%2C400 2x, https:\/\/i0.wp.com\/noticiasribeiraopreto.com.br\/wp-content\/uploads\/2025\/08\/PlanoLDO-Thaisa-Coroado-Camara-scaled.jpg?fit=1170%2C780&ssl=1&resize=1050%2C600 3x"},"classes":[]},{"id":54210,"url":"https:\/\/noticiasribeiraopreto.com.br\/index.php\/2024\/07\/05\/camara-aprova-diretrizes-orcamentarias-de-r-49-bilhoes-para-o-proximo-prefeito-de-ribeirao\/","url_meta":{"origin":74961,"position":1},"title":"C\u00e2mara aprova diretrizes or\u00e7ament\u00e1rias de R$ 4,9 bilh\u00f5es para o pr\u00f3ximo prefeito de Ribeir\u00e3o","author":"noticiasribeiraopreto.com.br","date":"5 de July de 2024","format":false,"excerpt":"A C\u00e2mara Municipal de Ribeir\u00e3o Preto aprovou na \u00faltima quinta-feira (4), em primeira discuss\u00e3o, o projeto de LDO (Lei das Diretrizes Or\u00e7ament\u00e1rias) para 2025, quando assume o pr\u00f3ximo prefeito de Ribeir\u00e3o Preto. Segundo a proposta, a LDO prev\u00ea or\u00e7amento de R$ 4.934.477.341,00, o que representa um aumento na estimativa de\u2026","rel":"","context":"In &quot;Not\u00edcias de Ribeir\u00e3o Preto-SP e Regi\u00e3o&quot;","block_context":{"text":"Not\u00edcias de Ribeir\u00e3o Preto-SP e Regi\u00e3o","link":"https:\/\/noticiasribeiraopreto.com.br\/index.php\/category\/noticias-de-ribeirao-preto-sp-e-regiao-ismael-colosi\/"},"img":{"alt_text":"","src":"https:\/\/i0.wp.com\/noticiasribeiraopreto.com.br\/wp-content\/uploads\/2024\/07\/camara-de-ribeirao-preto_2024-07-05_18-35-41_jpg_2024-07-05_18-35-42-scaled.webp.webp?fit=1200%2C800&ssl=1&resize=350%2C200","width":350,"height":200,"srcset":"https:\/\/i0.wp.com\/noticiasribeiraopreto.com.br\/wp-content\/uploads\/2024\/07\/camara-de-ribeirao-preto_2024-07-05_18-35-41_jpg_2024-07-05_18-35-42-scaled.webp.webp?fit=1200%2C800&ssl=1&resize=350%2C200 1x, https:\/\/i0.wp.com\/noticiasribeiraopreto.com.br\/wp-content\/uploads\/2024\/07\/camara-de-ribeirao-preto_2024-07-05_18-35-41_jpg_2024-07-05_18-35-42-scaled.webp.webp?fit=1200%2C800&ssl=1&resize=525%2C300 1.5x, https:\/\/i0.wp.com\/noticiasribeiraopreto.com.br\/wp-content\/uploads\/2024\/07\/camara-de-ribeirao-preto_2024-07-05_18-35-41_jpg_2024-07-05_18-35-42-scaled.webp.webp?fit=1200%2C800&ssl=1&resize=700%2C400 2x, https:\/\/i0.wp.com\/noticiasribeiraopreto.com.br\/wp-content\/uploads\/2024\/07\/camara-de-ribeirao-preto_2024-07-05_18-35-41_jpg_2024-07-05_18-35-42-scaled.webp.webp?fit=1200%2C800&ssl=1&resize=1050%2C600 3x"},"classes":[]},{"id":73637,"url":"https:\/\/noticiasribeiraopreto.com.br\/index.php\/2025\/07\/06\/camara-de-ribeirao-preto-aprova-ldo-para-orcamento-de-2026-saiba-detalhes-da-proposta\/","url_meta":{"origin":74961,"position":2},"title":"C\u00e2mara de Ribeir\u00e3o Preto aprova LDO para or\u00e7amento de 2026; Saiba detalhes da proposta","author":"noticiasribeiraopreto.com.br","date":"6 de July de 2025","format":false,"excerpt":"A C\u00e2mara Municipal de Ribeir\u00e3o Preto aprovou, na \u00faltima quarta-feira (2), o Projeto de Lei n\u00ba 99\/2025, que estabelece as diretrizes para a elabora\u00e7\u00e3o do or\u00e7amento do munic\u00edpio em 2026. A proposta encaminhada pelo prefeito Ricardo Silva (PSD) prev\u00ea receita de R$ 5.188.791.253 para o pr\u00f3ximo ano. A LDO (Lei\u2026","rel":"","context":"In &quot;Not\u00edcias de Ribeir\u00e3o Preto-SP e Regi\u00e3o&quot;","block_context":{"text":"Not\u00edcias de Ribeir\u00e3o Preto-SP e Regi\u00e3o","link":"https:\/\/noticiasribeiraopreto.com.br\/index.php\/category\/noticias-de-ribeirao-preto-sp-e-regiao-ismael-colosi\/"},"img":{"alt_text":"","src":"https:\/\/i0.wp.com\/noticiasribeiraopreto.com.br\/wp-content\/uploads\/2025\/07\/camara_de_1024x576_02022021150323.jpg?fit=1024%2C576&ssl=1&resize=350%2C200","width":350,"height":200,"srcset":"https:\/\/i0.wp.com\/noticiasribeiraopreto.com.br\/wp-content\/uploads\/2025\/07\/camara_de_1024x576_02022021150323.jpg?fit=1024%2C576&ssl=1&resize=350%2C200 1x, https:\/\/i0.wp.com\/noticiasribeiraopreto.com.br\/wp-content\/uploads\/2025\/07\/camara_de_1024x576_02022021150323.jpg?fit=1024%2C576&ssl=1&resize=525%2C300 1.5x, https:\/\/i0.wp.com\/noticiasribeiraopreto.com.br\/wp-content\/uploads\/2025\/07\/camara_de_1024x576_02022021150323.jpg?fit=1024%2C576&ssl=1&resize=700%2C400 2x"},"classes":[]},{"id":73470,"url":"https:\/\/noticiasribeiraopreto.com.br\/index.php\/2025\/07\/03\/vereadores-aprovam-ldo-recorde-tribuna-ribeirao\/","url_meta":{"origin":74961,"position":3},"title":"Vereadores aprovam LDO recorde &#8211; Tribuna Ribeir\u00e3o","author":"noticiasribeiraopreto.com.br","date":"3 de July de 2025","format":false,"excerpt":"A C\u00e2mara de Vereadores aprovou, na sess\u00e3o desta quarta-feira, 2 de julho, em primeira discuss\u00e3o, por 17 votos a quatro, a Lei de Diretrizes Or\u00e7ament\u00e1rias (LDO) de 2026. A prefeitura de Ribeir\u00e3o Preto projeta um total de R$ 5.563.935.161 no ano que vem, segundo o projeto de n\u00famero 99\/2025. \u00c9\u2026","rel":"","context":"In &quot;Not\u00edcias de Ribeir\u00e3o Preto-SP e Regi\u00e3o&quot;","block_context":{"text":"Not\u00edcias de Ribeir\u00e3o Preto-SP e Regi\u00e3o","link":"https:\/\/noticiasribeiraopreto.com.br\/index.php\/category\/noticias-de-ribeirao-preto-sp-e-regiao-ismael-colosi\/"},"img":{"alt_text":"","src":"https:\/\/i0.wp.com\/noticiasribeiraopreto.com.br\/wp-content\/uploads\/2025\/07\/PlanoLDO-Cam-Divulgacao.jpg?fit=1171%2C878&ssl=1&resize=350%2C200","width":350,"height":200,"srcset":"https:\/\/i0.wp.com\/noticiasribeiraopreto.com.br\/wp-content\/uploads\/2025\/07\/PlanoLDO-Cam-Divulgacao.jpg?fit=1171%2C878&ssl=1&resize=350%2C200 1x, https:\/\/i0.wp.com\/noticiasribeiraopreto.com.br\/wp-content\/uploads\/2025\/07\/PlanoLDO-Cam-Divulgacao.jpg?fit=1171%2C878&ssl=1&resize=525%2C300 1.5x, https:\/\/i0.wp.com\/noticiasribeiraopreto.com.br\/wp-content\/uploads\/2025\/07\/PlanoLDO-Cam-Divulgacao.jpg?fit=1171%2C878&ssl=1&resize=700%2C400 2x, https:\/\/i0.wp.com\/noticiasribeiraopreto.com.br\/wp-content\/uploads\/2025\/07\/PlanoLDO-Cam-Divulgacao.jpg?fit=1171%2C878&ssl=1&resize=1050%2C600 3x"},"classes":[]},{"id":70908,"url":"https:\/\/noticiasribeiraopreto.com.br\/index.php\/2025\/05\/31\/emendas-a-ldo-aumentam-357\/","url_meta":{"origin":74961,"position":4},"title":"Emendas a LDO aumentam 357% \u00a0","author":"noticiasribeiraopreto.com.br","date":"31 de May de 2025","format":false,"excerpt":"A Lei de Diretrizes Or\u00e7ament\u00e1rias (LDO) de 2026 recebeu 128 emendas de vereadores e da Comiss\u00e3o de Finan\u00e7as, Or\u00e7amento, Fiscaliza\u00e7\u00e3o, Controle e Tribut\u00e1ria. O n\u00famero \u00e9 357,1% superior as 28 apresentadas \u00e0 pe\u00e7a deste ano, aprovada C\u00e2mara de Ribeir\u00e3o Preto em 2024. Em 2023 foram apenas oito. A prefeitura de\u2026","rel":"","context":"In &quot;Not\u00edcias de Ribeir\u00e3o Preto-SP e Regi\u00e3o&quot;","block_context":{"text":"Not\u00edcias de Ribeir\u00e3o Preto-SP e Regi\u00e3o","link":"https:\/\/noticiasribeiraopreto.com.br\/index.php\/category\/noticias-de-ribeirao-preto-sp-e-regiao-ismael-colosi\/"},"img":{"alt_text":"","src":"https:\/\/i0.wp.com\/noticiasribeiraopreto.com.br\/wp-content\/uploads\/2025\/05\/PlanoLDO-Alfredo-Risk-02-scaled.jpg?fit=1200%2C675&ssl=1&resize=350%2C200","width":350,"height":200,"srcset":"https:\/\/i0.wp.com\/noticiasribeiraopreto.com.br\/wp-content\/uploads\/2025\/05\/PlanoLDO-Alfredo-Risk-02-scaled.jpg?fit=1200%2C675&ssl=1&resize=350%2C200 1x, https:\/\/i0.wp.com\/noticiasribeiraopreto.com.br\/wp-content\/uploads\/2025\/05\/PlanoLDO-Alfredo-Risk-02-scaled.jpg?fit=1200%2C675&ssl=1&resize=525%2C300 1.5x, https:\/\/i0.wp.com\/noticiasribeiraopreto.com.br\/wp-content\/uploads\/2025\/05\/PlanoLDO-Alfredo-Risk-02-scaled.jpg?fit=1200%2C675&ssl=1&resize=700%2C400 2x, https:\/\/i0.wp.com\/noticiasribeiraopreto.com.br\/wp-content\/uploads\/2025\/05\/PlanoLDO-Alfredo-Risk-02-scaled.jpg?fit=1200%2C675&ssl=1&resize=1050%2C600 3x"},"classes":[]},{"id":76780,"url":"https:\/\/noticiasribeiraopreto.com.br\/index.php\/2025\/09\/05\/prefeitura-comeca-a-desenhar-orcamento\/","url_meta":{"origin":74961,"position":5},"title":"Prefeitura come\u00e7a a \u2028desenhar Or\u00e7amento","author":"noticiasribeiraopreto.com.br","date":"5 de September de 2025","format":false,"excerpt":"A prefeitura de Ribeir\u00e3o Preto definiu a data da primeira audi\u00eancia p\u00fablica para apresenta\u00e7\u00e3o da Lei Or\u00e7ament\u00e1ria Anual (LOA) de 2026, o Or\u00e7amento Municipal de Ribeir\u00e3o Preto, ainda sem valor oficialmente definido. A reuni\u00e3o ser\u00e1 em 12 de setembro, segunda sexta-feira do m\u00eas, \u00e0s dez horas, de forma h\u00edbrida \u2013\u2026","rel":"","context":"In &quot;Not\u00edcias de Ribeir\u00e3o Preto-SP e Regi\u00e3o&quot;","block_context":{"text":"Not\u00edcias de Ribeir\u00e3o Preto-SP e Regi\u00e3o","link":"https:\/\/noticiasribeiraopreto.com.br\/index.php\/category\/noticias-de-ribeirao-preto-sp-e-regiao-ismael-colosi\/"},"img":{"alt_text":"","src":"https:\/\/i0.wp.com\/noticiasribeiraopreto.com.br\/wp-content\/uploads\/2025\/09\/Reforma-Isa-Divulgacao-SSM-scaled.jpg?fit=1179%2C780&ssl=1&resize=350%2C200","width":350,"height":200,"srcset":"https:\/\/i0.wp.com\/noticiasribeiraopreto.com.br\/wp-content\/uploads\/2025\/09\/Reforma-Isa-Divulgacao-SSM-scaled.jpg?fit=1179%2C780&ssl=1&resize=350%2C200 1x, https:\/\/i0.wp.com\/noticiasribeiraopreto.com.br\/wp-content\/uploads\/2025\/09\/Reforma-Isa-Divulgacao-SSM-scaled.jpg?fit=1179%2C780&ssl=1&resize=525%2C300 1.5x, https:\/\/i0.wp.com\/noticiasribeiraopreto.com.br\/wp-content\/uploads\/2025\/09\/Reforma-Isa-Divulgacao-SSM-scaled.jpg?fit=1179%2C780&ssl=1&resize=700%2C400 2x, https:\/\/i0.wp.com\/noticiasribeiraopreto.com.br\/wp-content\/uploads\/2025\/09\/Reforma-Isa-Divulgacao-SSM-scaled.jpg?fit=1179%2C780&ssl=1&resize=1050%2C600 3x"},"classes":[]}],"jetpack_sharing_enabled":true,"jetpack_shortlink":"https:\/\/wp.me\/peQAOb-jv3","_links":{"self":[{"href":"https:\/\/noticiasribeiraopreto.com.br\/index.php\/wp-json\/wp\/v2\/posts\/74961","targetHints":{"allow":["GET"]}}],"collection":[{"href":"https:\/\/noticiasribeiraopreto.com.br\/index.php\/wp-json\/wp\/v2\/posts"}],"about":[{"href":"https:\/\/noticiasribeiraopreto.com.br\/index.php\/wp-json\/wp\/v2\/types\/post"}],"author":[{"embeddable":true,"href":"https:\/\/noticiasribeiraopreto.com.br\/index.php\/wp-json\/wp\/v2\/users\/1"}],"replies":[{"embeddable":true,"href":"https:\/\/noticiasribeiraopreto.com.br\/index.php\/wp-json\/wp\/v2\/comments?post=74961"}],"version-history":[{"count":0,"href":"https:\/\/noticiasribeiraopreto.com.br\/index.php\/wp-json\/wp\/v2\/posts\/74961\/revisions"}],"wp:featuredmedia":[{"embeddable":true,"href":"https:\/\/noticiasribeiraopreto.com.br\/index.php\/wp-json\/wp\/v2\/media\/74962"}],"wp:attachment":[{"href":"https:\/\/noticiasribeiraopreto.com.br\/index.php\/wp-json\/wp\/v2\/media?parent=74961"}],"wp:term":[{"taxonomy":"category","embeddable":true,"href":"https:\/\/noticiasribeiraopreto.com.br\/index.php\/wp-json\/wp\/v2\/categories?post=74961"},{"taxonomy":"post_tag","embeddable":true,"href":"https:\/\/noticiasribeiraopreto.com.br\/index.php\/wp-json\/wp\/v2\/tags?post=74961"}],"curies":[{"name":"wp","href":"https:\/\/api.w.org\/{rel}","templated":true}]}}