{"id":74963,"date":"2025-07-31T18:29:58","date_gmt":"2025-07-31T21:29:58","guid":{"rendered":"https:\/\/noticiasribeiraopreto.com.br\/index.php\/2025\/07\/31\/catedral-de-ribeirao-preto-recebe-concerto-da-usp-entrada-e-gratuita\/"},"modified":"2025-07-31T18:29:58","modified_gmt":"2025-07-31T21:29:58","slug":"catedral-de-ribeirao-preto-recebe-concerto-da-usp-entrada-e-gratuita","status":"publish","type":"post","link":"https:\/\/noticiasribeiraopreto.com.br\/index.php\/2025\/07\/31\/catedral-de-ribeirao-preto-recebe-concerto-da-usp-entrada-e-gratuita\/","title":{"rendered":"Catedral de Ribeir\u00e3o Preto recebe Concerto da USP; entrada \u00e9 gratuita"},"content":{"rendered":"<div class='code-block code-block-1' style='margin: 8px 0 8px auto; text-align: right; display: block; clear: both;'>\n<p><a href=\"https:\/\/wa.link\/vpicfd\"><img data-recalc-dims=\"1\" class=\"wp-image-4922\" style=\"aspect-ratio: 2.0253164556962027; width: 561px; height: auto;\" src=\"https:\/\/i0.wp.com\/ismaelcolosi.com.br\/wp-content\/uploads\/2023\/11\/grupo-de-empregos-whatsapp-e-facebook-ismael-colosi-vagas.jpg?ssl=1\" alt=\"\" \/><\/a><\/p>\n<!-- \/wp:image -->\n<\/div>\n<p> <br \/>\n<\/p>\n<div>\n<p>No pr\u00f3ximo domingo (3), \u00e0s 20h, a <strong>Catedral Metropolitana de Ribeir\u00e3o Preto<\/strong> ser\u00e1 palco de mais uma edi\u00e7\u00e3o do <strong>Concerto USP na Catedral<\/strong>. O evento que integra a campanha solid\u00e1ria <strong>\u201cSalve a Catedral\u201d<\/strong>, voltada \u00e0 valoriza\u00e7\u00e3o e preserva\u00e7\u00e3o do patrim\u00f4nio hist\u00f3rico e arquitet\u00f4nico de Ribeir\u00e3o Preto. A apresenta\u00e7\u00e3o aberta ter\u00e1 entrada gratuita.<\/p>\n<p>Nesta edi\u00e7\u00e3o,<mark style=\"background-color:#fcb900\" class=\"has-inline-color has-black-color\"> o p\u00fablico poder\u00e1 apreciar um repert\u00f3rio composto por obras de Heitor Villa-Lobos, Ant\u00f4nio Carlos Gomes, Wolfgang Amadeus Mozart e pe\u00e7as sacras<\/mark>, interpretadas por um trio formado por professores e artistas de proje\u00e7\u00e3o nacional e internacional: o pianista Rubens Russomanno Ricciardi, a soprano carioca Fabiula Carvalho de Almeida Rego e o violoncelista Andr\u00e9 Lu\u00eds Giovanini Micheletti.<\/p>\n<h2 class=\"wp-block-heading\"><strong>Salve a Catedral<\/strong><\/h2>\n<p>O <strong>padre Francisco Jaber Zanardo Moussa<\/strong>, o Padre Chico, ressalta que a parceria entre a Catedral Metropolitana de Ribeir\u00e3o Preto e a Universidade de S\u00e3o Paulo nasceu dentro da campanha \u201cSalve a Catedral\u201d, com o objetivo de mobilizar a sociedade em torno da preserva\u00e7\u00e3o do templo.<\/p>\n<p>Para ele, a iniciativa contribui n\u00e3o apenas para valorizar o patrim\u00f4nio hist\u00f3rico e religioso da Catedral, mas tamb\u00e9m para sensibilizar o p\u00fablico sobre a import\u00e2ncia de sua preserva\u00e7\u00e3o. \u201cEssas apresenta\u00e7\u00f5es despertam um novo olhar para a igreja como s\u00edmbolo cultural da cidade e ajudam a tornar mais palp\u00e1vel o desafio que enfrentamos com sua restaura\u00e7\u00e3o\u201d, afirma.<\/p>\n<h2 class=\"wp-block-heading\"><strong>Servi\u00e7o<\/strong><\/h2>\n<p><strong>Concerto USP na Catedral \u2013 Trio Rubens Ricciardi (piano), Fabiula Rego (soprano), Andr\u00e9 Micheletti (violoncelo)<br \/>Quando: <\/strong>3 de agosto de 2025 (domingo), a partir das 20h<br \/><strong>Onde: <\/strong>Catedral Metropolitana de Ribeir\u00e3o Preto \u2013 Rua Flor\u00eancio de Abreu, s\/n, Centro<br \/><strong>Entrada: <\/strong>Gratuita e aberta ao p\u00fablico<\/p>\n<p>SAIBA MAIS<br \/>Teatro de Arena de Ribeir\u00e3o Preto recebe show da banda Jovem Dion\u00edsio; veja quando<\/p>\n<h3 class=\"wp-block-heading\"><strong>FIQUE ON\u00a0\u00a0\u00a0\u00a0\u00a0\u00a0\u00a0\u00a0\u00a0<\/strong><\/h3>\n<p>Quer ficar por dentro de tudo que acontece em Ribeir\u00e3o Preto e regi\u00e3o? Ent\u00e3o siga os perfis do\u202facidade on\u202fno\u202f<a href=\"https:\/\/www.instagram.com\/acidadeonribeirao\" target=\"_blank\" rel=\"noreferrer noopener\">Instagram<\/a>\u202fe no\u202f<a href=\"https:\/\/www.facebook.com\/acidadeonribeirao\/\" target=\"_blank\" rel=\"noreferrer noopener\">Facebook<\/a>.<\/p>\n<p>Al\u00e9m disso, voc\u00ea pode receber as principais not\u00edcias diretamente no WhatsApp. Para isso, basta\u00a0<a href=\"https:\/\/chat.whatsapp.com\/BjKQZ9oJwlz8VVT50NuePq\" target=\"_blank\" rel=\"noreferrer noopener\">entrar no grupo clicando aqui<\/a>.<\/p>\n<p>Por fim, se quiser fazer uma den\u00fancia ou sugerir uma reportagem sobre Ribeir\u00e3o Preto e regi\u00e3o, envie uma mensagem pelo WhatsApp: (16) 99117-7802.<\/p>\n<p>VEJA TAMB\u00c9M<br \/>Qual era a idade de Christiane Torloni em \u2018A Viagem\u2019?<\/p>\n<p><!-- AI CONTENT END 1 -->\n<\/div>\n<p><script async src=\"\/\/www.instagram.com\/embed.js\"><\/script><br \/>\n<br \/><br \/>\n<br \/><a href=\"https:\/\/www.acidadeon.com\/ribeiraopreto\/lazer-e-cultura\/catedral-de-ribeirao-preto-recebe-concerto-da-usp-entrada-e-gratuita\/\">Source link <\/a><\/p>\n<!-- CONTENT END 1 -->\n","protected":false},"excerpt":{"rendered":"<p>No pr\u00f3ximo domingo (3), \u00e0s 20h, a Catedral Metropolitana de Ribeir\u00e3o Preto ser\u00e1 palco de mais uma edi\u00e7\u00e3o do Concerto USP na Catedral. O evento&#8230;<\/p>\n","protected":false},"author":1,"featured_media":74964,"comment_status":"open","ping_status":"open","sticky":false,"template":"","format":"standard","meta":{"advanced_seo_description":"","jetpack_seo_html_title":"","jetpack_seo_noindex":false,"jetpack_post_was_ever_published":false,"_jetpack_newsletter_access":"","_jetpack_dont_email_post_to_subs":false,"_jetpack_newsletter_tier_id":0,"_jetpack_memberships_contains_paywalled_content":false,"_jetpack_memberships_contains_paid_content":false,"footnotes":"","jetpack_publicize_message":"","jetpack_publicize_feature_enabled":true,"jetpack_social_post_already_shared":true,"jetpack_social_options":{"image_generator_settings":{"template":"highway","default_image_id":0,"font":"","enabled":false},"version":2}},"categories":[11],"tags":[],"class_list":["post-74963","post","type-post","status-publish","format-standard","has-post-thumbnail","hentry","category-noticias-de-ribeirao-preto-sp-e-regiao-ismael-colosi"],"jetpack_publicize_connections":[],"jetpack_featured_media_url":"https:\/\/i0.wp.com\/noticiasribeiraopreto.com.br\/wp-content\/uploads\/2025\/07\/concerto-usp-2_2025-07-31_20-04-54.webp.webp?fit=900%2C643&ssl=1","jetpack-related-posts":[{"id":76757,"url":"https:\/\/noticiasribeiraopreto.com.br\/index.php\/2025\/09\/04\/catedral-de-ribeirao-preto-recebe-concerto-gratuito-veja-quando\/","url_meta":{"origin":74963,"position":0},"title":"Catedral de Ribeir\u00e3o Preto recebe concerto gratuito; veja quando","author":"noticiasribeiraopreto.com.br","date":"4 de September de 2025","format":false,"excerpt":"A Catedral Metropolitana de Ribeir\u00e3o Preto recebe neste domingo (7), \u00e0s 20h, mais uma edi\u00e7\u00e3o da s\u00e9rie Concertos USP na Catedral. A apresenta\u00e7\u00e3o tem entrada gratuita e re\u00fane jovens m\u00fasicos do Departamento de M\u00fasica da USP. O programa conta com a participa\u00e7\u00e3o de: Jo\u00e3o Henrique Moreira Duarte (viol\u00e3o) Lucas Menezes\u2026","rel":"","context":"In &quot;Not\u00edcias de Ribeir\u00e3o Preto-SP e Regi\u00e3o&quot;","block_context":{"text":"Not\u00edcias de Ribeir\u00e3o Preto-SP e Regi\u00e3o","link":"https:\/\/noticiasribeiraopreto.com.br\/index.php\/category\/noticias-de-ribeirao-preto-sp-e-regiao-ismael-colosi\/"},"img":{"alt_text":"","src":"https:\/\/i0.wp.com\/noticiasribeiraopreto.com.br\/wp-content\/uploads\/2025\/09\/catedral-ribeirao-preto_2025-05-24_16-57-04.webp.webp?fit=1200%2C800&ssl=1&resize=350%2C200","width":350,"height":200,"srcset":"https:\/\/i0.wp.com\/noticiasribeiraopreto.com.br\/wp-content\/uploads\/2025\/09\/catedral-ribeirao-preto_2025-05-24_16-57-04.webp.webp?fit=1200%2C800&ssl=1&resize=350%2C200 1x, https:\/\/i0.wp.com\/noticiasribeiraopreto.com.br\/wp-content\/uploads\/2025\/09\/catedral-ribeirao-preto_2025-05-24_16-57-04.webp.webp?fit=1200%2C800&ssl=1&resize=525%2C300 1.5x, https:\/\/i0.wp.com\/noticiasribeiraopreto.com.br\/wp-content\/uploads\/2025\/09\/catedral-ribeirao-preto_2025-05-24_16-57-04.webp.webp?fit=1200%2C800&ssl=1&resize=700%2C400 2x, https:\/\/i0.wp.com\/noticiasribeiraopreto.com.br\/wp-content\/uploads\/2025\/09\/catedral-ribeirao-preto_2025-05-24_16-57-04.webp.webp?fit=1200%2C800&ssl=1&resize=1050%2C600 3x"},"classes":[]},{"id":70679,"url":"https:\/\/noticiasribeiraopreto.com.br\/index.php\/2025\/05\/28\/concerto-gratuito-na-catedral-de-ribeirao-preto-leva-obras-sacras-ao-publico-veja-quando\/","url_meta":{"origin":74963,"position":1},"title":"Concerto gratuito na Catedral de Ribeir\u00e3o Preto leva obras sacras ao p\u00fablico; Veja quando","author":"noticiasribeiraopreto.com.br","date":"28 de May de 2025","format":false,"excerpt":"A Catedral Metropolitana de Ribeir\u00e3o Preto, no Centro do munic\u00edpio, recebe neste domingo (1\u00ba), \u00e0s 20h, mais uma edi\u00e7\u00e3o do Concerto USP na Catedral, programa\u00e7\u00e3o cultural que integra a campanha \u201cSalve a Catedral\u201d. A entrada \u00e9 gratuita e aberta \u00e0 popula\u00e7\u00e3o. Com o programa \u201cExsultate Deo: A M\u00fasica e o\u2026","rel":"","context":"In &quot;Not\u00edcias de Ribeir\u00e3o Preto-SP e Regi\u00e3o&quot;","block_context":{"text":"Not\u00edcias de Ribeir\u00e3o Preto-SP e Regi\u00e3o","link":"https:\/\/noticiasribeiraopreto.com.br\/index.php\/category\/noticias-de-ribeirao-preto-sp-e-regiao-ismael-colosi\/"},"img":{"alt_text":"","src":"https:\/\/i0.wp.com\/noticiasribeiraopreto.com.br\/wp-content\/uploads\/2025\/05\/20220618_024226476_catedral_sao_1200x675_17062022004910-1.jpg?fit=1200%2C675&ssl=1&resize=350%2C200","width":350,"height":200,"srcset":"https:\/\/i0.wp.com\/noticiasribeiraopreto.com.br\/wp-content\/uploads\/2025\/05\/20220618_024226476_catedral_sao_1200x675_17062022004910-1.jpg?fit=1200%2C675&ssl=1&resize=350%2C200 1x, https:\/\/i0.wp.com\/noticiasribeiraopreto.com.br\/wp-content\/uploads\/2025\/05\/20220618_024226476_catedral_sao_1200x675_17062022004910-1.jpg?fit=1200%2C675&ssl=1&resize=525%2C300 1.5x, https:\/\/i0.wp.com\/noticiasribeiraopreto.com.br\/wp-content\/uploads\/2025\/05\/20220618_024226476_catedral_sao_1200x675_17062022004910-1.jpg?fit=1200%2C675&ssl=1&resize=700%2C400 2x, https:\/\/i0.wp.com\/noticiasribeiraopreto.com.br\/wp-content\/uploads\/2025\/05\/20220618_024226476_catedral_sao_1200x675_17062022004910-1.jpg?fit=1200%2C675&ssl=1&resize=1050%2C600 3x"},"classes":[]},{"id":82869,"url":"https:\/\/noticiasribeiraopreto.com.br\/index.php\/2026\/03\/01\/serie-concertos-usp-na-catedral-abre-temporada-2026\/","url_meta":{"origin":74963,"position":2},"title":"S\u00e9rie Concertos USP na Catedral abre temporada 2026","author":"noticiasribeiraopreto.com.br","date":"1 de March de 2026","format":false,"excerpt":"A S\u00e9rie Concertos USP na Catedral inicia sua temporada de 2026 neste domingo, 1\u00ba de mar\u00e7o, na Catedral Metropolitana de Ribeir\u00e3o Preto, \u00e0s 20h. A apresenta\u00e7\u00e3o re\u00fane canto e piano em programa dedicado a obras do s\u00e9culo XX, reafirmando a parceria entre o Departamento de M\u00fasica da Faculdade de Filosofia,\u2026","rel":"","context":"In &quot;Not\u00edcias de Ribeir\u00e3o Preto-SP e Regi\u00e3o&quot;","block_context":{"text":"Not\u00edcias de Ribeir\u00e3o Preto-SP e Regi\u00e3o","link":"https:\/\/noticiasribeiraopreto.com.br\/index.php\/category\/noticias-de-ribeirao-preto-sp-e-regiao-ismael-colosi\/"},"img":{"alt_text":"","src":"https:\/\/i0.wp.com\/noticiasribeiraopreto.com.br\/wp-content\/uploads\/2026\/03\/concerto-usp.jpg?fit=780%2C780&ssl=1&resize=350%2C200","width":350,"height":200,"srcset":"https:\/\/i0.wp.com\/noticiasribeiraopreto.com.br\/wp-content\/uploads\/2026\/03\/concerto-usp.jpg?fit=780%2C780&ssl=1&resize=350%2C200 1x, https:\/\/i0.wp.com\/noticiasribeiraopreto.com.br\/wp-content\/uploads\/2026\/03\/concerto-usp.jpg?fit=780%2C780&ssl=1&resize=525%2C300 1.5x, https:\/\/i0.wp.com\/noticiasribeiraopreto.com.br\/wp-content\/uploads\/2026\/03\/concerto-usp.jpg?fit=780%2C780&ssl=1&resize=700%2C400 2x"},"classes":[]},{"id":80400,"url":"https:\/\/noticiasribeiraopreto.com.br\/index.php\/2025\/12\/03\/catedral-de-ribeirao-preto-recebe-concerto-especial-de-natal-no-final-de-semana\/","url_meta":{"origin":74963,"position":3},"title":"Catedral de Ribeir\u00e3o Preto recebe concerto especial de Natal no final de semana","author":"noticiasribeiraopreto.com.br","date":"3 de December de 2025","format":false,"excerpt":"A Catedral Metropolitana de Ribeir\u00e3o Preto recebe no domingo (7), uma apresenta\u00e7\u00e3o especial do Coral da Unaerp (Universidade de Ribeir\u00e3o Preto), \u00e0s 20h. O concerto \u00e9 gratuito e aberto ao p\u00fablico. A apresenta\u00e7\u00e3o faz parte da programa\u00e7\u00e3o natalina organizada pela Comiss\u00e3o de Preserva\u00e7\u00e3o e Restaura\u00e7\u00e3o da Catedral em prol da\u2026","rel":"","context":"In &quot;Not\u00edcias de Ribeir\u00e3o Preto-SP e Regi\u00e3o&quot;","block_context":{"text":"Not\u00edcias de Ribeir\u00e3o Preto-SP e Regi\u00e3o","link":"https:\/\/noticiasribeiraopreto.com.br\/index.php\/category\/noticias-de-ribeirao-preto-sp-e-regiao-ismael-colosi\/"},"img":{"alt_text":"","src":"https:\/\/i0.wp.com\/noticiasribeiraopreto.com.br\/wp-content\/uploads\/2025\/12\/Tratadas_Solenidade-100-Anos-Unaerp-50_2025-12-02_23-26-19.webp.webp?fit=1200%2C800&ssl=1&resize=350%2C200","width":350,"height":200,"srcset":"https:\/\/i0.wp.com\/noticiasribeiraopreto.com.br\/wp-content\/uploads\/2025\/12\/Tratadas_Solenidade-100-Anos-Unaerp-50_2025-12-02_23-26-19.webp.webp?fit=1200%2C800&ssl=1&resize=350%2C200 1x, https:\/\/i0.wp.com\/noticiasribeiraopreto.com.br\/wp-content\/uploads\/2025\/12\/Tratadas_Solenidade-100-Anos-Unaerp-50_2025-12-02_23-26-19.webp.webp?fit=1200%2C800&ssl=1&resize=525%2C300 1.5x, https:\/\/i0.wp.com\/noticiasribeiraopreto.com.br\/wp-content\/uploads\/2025\/12\/Tratadas_Solenidade-100-Anos-Unaerp-50_2025-12-02_23-26-19.webp.webp?fit=1200%2C800&ssl=1&resize=700%2C400 2x, https:\/\/i0.wp.com\/noticiasribeiraopreto.com.br\/wp-content\/uploads\/2025\/12\/Tratadas_Solenidade-100-Anos-Unaerp-50_2025-12-02_23-26-19.webp.webp?fit=1200%2C800&ssl=1&resize=1050%2C600 3x"},"classes":[]},{"id":68936,"url":"https:\/\/noticiasribeiraopreto.com.br\/index.php\/2025\/04\/30\/trio-brasileiro-de-cordas-realiza-apresentacao-gratuita-na-catedral-de-ribeirao-preto\/","url_meta":{"origin":74963,"position":4},"title":"Trio Brasileiro de Cordas realiza apresenta\u00e7\u00e3o gratuita na Catedral de Ribeir\u00e3o Preto","author":"noticiasribeiraopreto.com.br","date":"30 de April de 2025","format":false,"excerpt":"O Trio Brasileiro de Cordas realiza apresenta\u00e7\u00e3o gratuita na Catedral Metropolitana de Ribeir\u00e3o Preto, no pr\u00f3ximo domingo (4), \u00e0s 20h. A entrada \u00e9 aberta ao p\u00fablico e n\u00e3o \u00e9 necess\u00e1rio retirar ingressos com anteced\u00eancia. O grupo se destaca pela proposta de unir instrumentos de cordas friccionadas e dedilhadas, criando sonoridades\u2026","rel":"","context":"In &quot;Not\u00edcias de Ribeir\u00e3o Preto-SP e Regi\u00e3o&quot;","block_context":{"text":"Not\u00edcias de Ribeir\u00e3o Preto-SP e Regi\u00e3o","link":"https:\/\/noticiasribeiraopreto.com.br\/index.php\/category\/noticias-de-ribeirao-preto-sp-e-regiao-ismael-colosi\/"},"img":{"alt_text":"","src":"https:\/\/i0.wp.com\/noticiasribeiraopreto.com.br\/wp-content\/uploads\/2025\/04\/Design-sem-nome-2_2025-04-30_15-33-32.webp.webp?fit=1200%2C675&ssl=1&resize=350%2C200","width":350,"height":200,"srcset":"https:\/\/i0.wp.com\/noticiasribeiraopreto.com.br\/wp-content\/uploads\/2025\/04\/Design-sem-nome-2_2025-04-30_15-33-32.webp.webp?fit=1200%2C675&ssl=1&resize=350%2C200 1x, https:\/\/i0.wp.com\/noticiasribeiraopreto.com.br\/wp-content\/uploads\/2025\/04\/Design-sem-nome-2_2025-04-30_15-33-32.webp.webp?fit=1200%2C675&ssl=1&resize=525%2C300 1.5x, https:\/\/i0.wp.com\/noticiasribeiraopreto.com.br\/wp-content\/uploads\/2025\/04\/Design-sem-nome-2_2025-04-30_15-33-32.webp.webp?fit=1200%2C675&ssl=1&resize=700%2C400 2x, https:\/\/i0.wp.com\/noticiasribeiraopreto.com.br\/wp-content\/uploads\/2025\/04\/Design-sem-nome-2_2025-04-30_15-33-32.webp.webp?fit=1200%2C675&ssl=1&resize=1050%2C600 3x"},"classes":[]},{"id":79455,"url":"https:\/\/noticiasribeiraopreto.com.br\/index.php\/2025\/11\/01\/serie-concertos-usp-encerra-temporada-de-2025-com-apresentacao-de-fratres-cello-ensemble\/","url_meta":{"origin":74963,"position":5},"title":"S\u00e9rie \u2018Concertos USP\u2019 encerra temporada de 2025 com apresenta\u00e7\u00e3o de Fratres Cello Ensemble","author":"noticiasribeiraopreto.com.br","date":"1 de November de 2025","format":false,"excerpt":"A Catedral Metropolitana de Ribeir\u00e3o Preto recebe neste domingo (2), \u00e0s 20h, o concerto de encerramento da s\u00e9rie \u201cConcertos USP na Catedral\u201d. A entrada \u00e9 gratuita e aberta ao p\u00fablico, sem necessidade de reservar ingressos.\u00a0 A noite contar\u00e1 com apresenta\u00e7\u00e3o do grupo de violoncelos do Departamento de M\u00fasica da FFCLRP-USP,\u2026","rel":"","context":"In &quot;Not\u00edcias de Ribeir\u00e3o Preto-SP e Regi\u00e3o&quot;","block_context":{"text":"Not\u00edcias de Ribeir\u00e3o Preto-SP e Regi\u00e3o","link":"https:\/\/noticiasribeiraopreto.com.br\/index.php\/category\/noticias-de-ribeirao-preto-sp-e-regiao-ismael-colosi\/"},"img":{"alt_text":"","src":"https:\/\/i0.wp.com\/noticiasribeiraopreto.com.br\/wp-content\/uploads\/2025\/11\/7a6a1318-723c-4603-9ded-9d77fca921b5_2025-11-01_16-08-51.webp.webp?fit=866%2C648&ssl=1&resize=350%2C200","width":350,"height":200,"srcset":"https:\/\/i0.wp.com\/noticiasribeiraopreto.com.br\/wp-content\/uploads\/2025\/11\/7a6a1318-723c-4603-9ded-9d77fca921b5_2025-11-01_16-08-51.webp.webp?fit=866%2C648&ssl=1&resize=350%2C200 1x, https:\/\/i0.wp.com\/noticiasribeiraopreto.com.br\/wp-content\/uploads\/2025\/11\/7a6a1318-723c-4603-9ded-9d77fca921b5_2025-11-01_16-08-51.webp.webp?fit=866%2C648&ssl=1&resize=525%2C300 1.5x, https:\/\/i0.wp.com\/noticiasribeiraopreto.com.br\/wp-content\/uploads\/2025\/11\/7a6a1318-723c-4603-9ded-9d77fca921b5_2025-11-01_16-08-51.webp.webp?fit=866%2C648&ssl=1&resize=700%2C400 2x"},"classes":[]}],"jetpack_sharing_enabled":true,"jetpack_shortlink":"https:\/\/wp.me\/peQAOb-jv5","_links":{"self":[{"href":"https:\/\/noticiasribeiraopreto.com.br\/index.php\/wp-json\/wp\/v2\/posts\/74963","targetHints":{"allow":["GET"]}}],"collection":[{"href":"https:\/\/noticiasribeiraopreto.com.br\/index.php\/wp-json\/wp\/v2\/posts"}],"about":[{"href":"https:\/\/noticiasribeiraopreto.com.br\/index.php\/wp-json\/wp\/v2\/types\/post"}],"author":[{"embeddable":true,"href":"https:\/\/noticiasribeiraopreto.com.br\/index.php\/wp-json\/wp\/v2\/users\/1"}],"replies":[{"embeddable":true,"href":"https:\/\/noticiasribeiraopreto.com.br\/index.php\/wp-json\/wp\/v2\/comments?post=74963"}],"version-history":[{"count":0,"href":"https:\/\/noticiasribeiraopreto.com.br\/index.php\/wp-json\/wp\/v2\/posts\/74963\/revisions"}],"wp:featuredmedia":[{"embeddable":true,"href":"https:\/\/noticiasribeiraopreto.com.br\/index.php\/wp-json\/wp\/v2\/media\/74964"}],"wp:attachment":[{"href":"https:\/\/noticiasribeiraopreto.com.br\/index.php\/wp-json\/wp\/v2\/media?parent=74963"}],"wp:term":[{"taxonomy":"category","embeddable":true,"href":"https:\/\/noticiasribeiraopreto.com.br\/index.php\/wp-json\/wp\/v2\/categories?post=74963"},{"taxonomy":"post_tag","embeddable":true,"href":"https:\/\/noticiasribeiraopreto.com.br\/index.php\/wp-json\/wp\/v2\/tags?post=74963"}],"curies":[{"name":"wp","href":"https:\/\/api.w.org\/{rel}","templated":true}]}}