{"id":74965,"date":"2025-07-31T18:37:54","date_gmt":"2025-07-31T21:37:54","guid":{"rendered":"https:\/\/noticiasribeiraopreto.com.br\/index.php\/2025\/07\/31\/rodovia-anhanguera-interditada-carreta-tomba-e-deixa-motorista-preso-as-ferragens\/"},"modified":"2025-07-31T18:37:54","modified_gmt":"2025-07-31T21:37:54","slug":"rodovia-anhanguera-interditada-carreta-tomba-e-deixa-motorista-preso-as-ferragens","status":"publish","type":"post","link":"https:\/\/noticiasribeiraopreto.com.br\/index.php\/2025\/07\/31\/rodovia-anhanguera-interditada-carreta-tomba-e-deixa-motorista-preso-as-ferragens\/","title":{"rendered":"Rodovia Anhanguera interditada: carreta tomba e deixa motorista preso \u00e0s ferragens"},"content":{"rendered":"<div class='code-block code-block-1' style='margin: 8px 0 8px auto; text-align: right; display: block; clear: both;'>\n<p><a href=\"https:\/\/wa.link\/vpicfd\"><img data-recalc-dims=\"1\" class=\"wp-image-4922\" style=\"aspect-ratio: 2.0253164556962027; width: 561px; height: auto;\" src=\"https:\/\/i0.wp.com\/ismaelcolosi.com.br\/wp-content\/uploads\/2023\/11\/grupo-de-empregos-whatsapp-e-facebook-ismael-colosi-vagas.jpg?ssl=1\" alt=\"\" \/><\/a><\/p>\n<!-- \/wp:image -->\n<\/div>\n<p> <br \/>\n<\/p>\n<div data-td-block-uid=\"tdi_95\">\n<div class=\"tdb-block-inner td-fix-index\">\n<p>Na tarde desta quinta-feira (31), <strong>uma carreta tombou na rodovia Anhanguera (SP-330)<\/strong>, em Ituverava, no interior de S\u00e3o Paulo. Equipes do Corpo de Bombeiros realizaram o resgate do condutor, <strong>que ficou preso \u00e0s ferragens.<\/strong><\/p>\n<p>De acordo com a Artesp, o <strong>motorista perdeu o controle da dire\u00e7\u00e3o<\/strong>, e o ve\u00edculo acabou tombando sobre as faixas e o acostamento, bloqueando totalmente a pista. A carreta transportava uma carga de desinfetante.<\/p>\n<p>A Pol\u00edcia Militar Rodovi\u00e1ria tamb\u00e9m est\u00e1 no local para auxiliar na ocorr\u00eancia e orientar o tr\u00e1fego.<\/p>\n<p>A Entrevias, concession\u00e1ria respons\u00e1vel pelo trecho,<strong> registrou congestionamento na regi\u00e3o<\/strong>. T\u00e9cnicos seguem no local para a remo\u00e7\u00e3o do ve\u00edculo e a libera\u00e7\u00e3o total da rodovia. Ainda n\u00e3o h\u00e1 informa\u00e7\u00f5es sobre o estado de sa\u00fade do motorista.<\/p>\n<hr class=\"wp-block-separator has-alpha-channel-opacity\"\/>\n<p>SAIBA MAIS<\/p>\n<p>Sabia que a cidade mais silenciosa do Brasil fica na regi\u00e3o de Ribeir\u00e3o Preto? Veja qual \u00e9<\/p>\n<h2 class=\"wp-block-heading\"><strong>FIQUE ON<\/strong><\/h2>\n<p>Quer ficar por dentro de tudo que acontece em Ribeir\u00e3o Preto e regi\u00e3o? Ent\u00e3o siga os perfis do\u202facidade on\u202fno\u202f<a href=\"https:\/\/www.instagram.com\/acidadeonribeirao\" target=\"_blank\" rel=\"noreferrer noopener\">Instagram<\/a>\u202fe no\u202f<a href=\"https:\/\/www.facebook.com\/acidadeonribeirao\/\" target=\"_blank\" rel=\"noreferrer noopener\">Facebook<\/a>.<\/p>\n<p>Al\u00e9m disso, voc\u00ea pode receber as principais not\u00edcias diretamente no WhatsApp. Para isso, basta\u00a0<a href=\"https:\/\/chat.whatsapp.com\/BjKQZ9oJwlz8VVT50NuePq\" target=\"_blank\" rel=\"noreferrer noopener\">entrar no grupo clicando aqui<\/a>.<\/p>\n<p>Por fim, se quiser fazer uma den\u00fancia ou sugerir uma reportagem sobre Ribeir\u00e3o Preto e regi\u00e3o, envie uma mensagem pelo WhatsApp: (16) 99117-7802.<\/p>\n<p>VEJA TAMB\u00c9M<\/p>\n<p>Qual o hor\u00e1rio em que celulares s\u00e3o mais furtados?<\/p>\n<p><!-- AI CONTENT END 1 -->\n<\/div>\n<\/div>\n<p><script async src=\"\/\/www.instagram.com\/embed.js\"><\/script><br \/>\n<br \/><br \/>\n<br \/><a href=\"https:\/\/www.acidadeon.com\/ribeiraopreto\/cotidiano\/rodovia-anhanguera-interditada-carreta-tomba-e-deixa-motorista-preso-as-ferragens\/\">Source link <\/a><\/p>\n<!-- CONTENT END 1 -->\n","protected":false},"excerpt":{"rendered":"<p>Na tarde desta quinta-feira (31), uma carreta tombou na rodovia Anhanguera (SP-330), em Ituverava, no interior de S\u00e3o Paulo. Equipes do Corpo de Bombeiros realizaram&#8230;<\/p>\n","protected":false},"author":1,"featured_media":74966,"comment_status":"open","ping_status":"open","sticky":false,"template":"","format":"standard","meta":{"advanced_seo_description":"","jetpack_seo_html_title":"","jetpack_seo_noindex":false,"jetpack_post_was_ever_published":false,"_jetpack_newsletter_access":"","_jetpack_dont_email_post_to_subs":false,"_jetpack_newsletter_tier_id":0,"_jetpack_memberships_contains_paywalled_content":false,"_jetpack_memberships_contains_paid_content":false,"footnotes":"","jetpack_publicize_message":"","jetpack_publicize_feature_enabled":true,"jetpack_social_post_already_shared":true,"jetpack_social_options":{"image_generator_settings":{"template":"highway","default_image_id":0,"font":"","enabled":false},"version":2}},"categories":[11],"tags":[],"class_list":["post-74965","post","type-post","status-publish","format-standard","has-post-thumbnail","hentry","category-noticias-de-ribeirao-preto-sp-e-regiao-ismael-colosi"],"jetpack_publicize_connections":[],"jetpack_featured_media_url":"https:\/\/i0.wp.com\/noticiasribeiraopreto.com.br\/wp-content\/uploads\/2025\/07\/Copia-de-Copia-de-Copia-de-TAMANHO-EXATO-PARA-FOTOS-NO-SISTEMA-NOVO-2025-07-31T163706.001_2025-07-31_19-37-15.webp.webp?fit=1200%2C675&ssl=1","jetpack-related-posts":[{"id":10038,"url":"https:\/\/noticiasribeiraopreto.com.br\/index.php\/2023\/12\/03\/motorista-de-automovel-perde-a-vida-preso-as-ferragens-ao-colidir-violentamente-contra-carreta\/","url_meta":{"origin":74965,"position":0},"title":"motorista de autom\u00f3vel perde a vida preso \u00e0s ferragens ao colidir violentamente contra carreta","author":"noticiasribeiraopreto.com.br","date":"3 de December de 2023","format":false,"excerpt":"Uma trag\u00e9dia ocorreu neste final de semana, especificamente na manh\u00e3 do domingo, 3 de dezembro, na cidade de Atalaia, localizada no interior do estado de Alagoas, no Nordeste do Brasil.O acidente, registrado nas primeiras horas do dia, envolveu um choque frontal entre um ve\u00edculo de passeio e uma carreta em\u2026","rel":"","context":"In &quot;Blog&quot;","block_context":{"text":"Blog","link":"https:\/\/noticiasribeiraopreto.com.br\/index.php\/category\/blog\/"},"img":{"alt_text":"","src":"https:\/\/i0.wp.com\/noticiasribeiraopreto.com.br\/wp-content\/uploads\/2023\/12\/postimg-656cbf2a41ab78045.jpg?fit=1200%2C628&ssl=1&resize=350%2C200","width":350,"height":200,"srcset":"https:\/\/i0.wp.com\/noticiasribeiraopreto.com.br\/wp-content\/uploads\/2023\/12\/postimg-656cbf2a41ab78045.jpg?fit=1200%2C628&ssl=1&resize=350%2C200 1x, https:\/\/i0.wp.com\/noticiasribeiraopreto.com.br\/wp-content\/uploads\/2023\/12\/postimg-656cbf2a41ab78045.jpg?fit=1200%2C628&ssl=1&resize=525%2C300 1.5x, https:\/\/i0.wp.com\/noticiasribeiraopreto.com.br\/wp-content\/uploads\/2023\/12\/postimg-656cbf2a41ab78045.jpg?fit=1200%2C628&ssl=1&resize=700%2C400 2x, https:\/\/i0.wp.com\/noticiasribeiraopreto.com.br\/wp-content\/uploads\/2023\/12\/postimg-656cbf2a41ab78045.jpg?fit=1200%2C628&ssl=1&resize=1050%2C600 3x"},"classes":[]},{"id":84367,"url":"https:\/\/noticiasribeiraopreto.com.br\/index.php\/2026\/04\/08\/motorista-tem-apagao-carreta-desce-de-marcha-a-re-e-bate-em-caminhao-na-anhanguera\/","url_meta":{"origin":74965,"position":1},"title":"Motorista tem &#8216;apag\u00e3o&#8217;, carreta desce de marcha \u00e0 r\u00e9 e bate em caminh\u00e3o na Anhanguera","author":"noticiasribeiraopreto.com.br","date":"8 de April de 2026","format":false,"excerpt":"Ler o resumo da not\u00edcia Acidente occurred on quarta-feira (8) no km 366 da rodovia Anhanguera (SP-330), em Orl\u00e2ndia, a 50 km de Ribeir\u00e3o Preto. Motorista de carreta sofreu \"apag\u00e3o\" (mal s\u00fabito), ve\u00edculo desceu de marcha \u00e0 r\u00e9 e atingiu lateral de caminh\u00e3o com perec\u00edveis. Carreta tombou ap\u00f3s bater na\u2026","rel":"","context":"In &quot;Not\u00edcias de Ribeir\u00e3o Preto-SP e Regi\u00e3o&quot;","block_context":{"text":"Not\u00edcias de Ribeir\u00e3o Preto-SP e Regi\u00e3o","link":"https:\/\/noticiasribeiraopreto.com.br\/index.php\/category\/noticias-de-ribeirao-preto-sp-e-regiao-ismael-colosi\/"},"img":{"alt_text":"","src":"https:\/\/i0.wp.com\/noticiasribeiraopreto.com.br\/wp-content\/uploads\/2026\/04\/WhatsApp-Image-2026-04-08-at-12.20.46_2026-04-08_15-21-29.webp.webp?fit=1200%2C833&ssl=1&resize=350%2C200","width":350,"height":200,"srcset":"https:\/\/i0.wp.com\/noticiasribeiraopreto.com.br\/wp-content\/uploads\/2026\/04\/WhatsApp-Image-2026-04-08-at-12.20.46_2026-04-08_15-21-29.webp.webp?fit=1200%2C833&ssl=1&resize=350%2C200 1x, https:\/\/i0.wp.com\/noticiasribeiraopreto.com.br\/wp-content\/uploads\/2026\/04\/WhatsApp-Image-2026-04-08-at-12.20.46_2026-04-08_15-21-29.webp.webp?fit=1200%2C833&ssl=1&resize=525%2C300 1.5x, https:\/\/i0.wp.com\/noticiasribeiraopreto.com.br\/wp-content\/uploads\/2026\/04\/WhatsApp-Image-2026-04-08-at-12.20.46_2026-04-08_15-21-29.webp.webp?fit=1200%2C833&ssl=1&resize=700%2C400 2x, https:\/\/i0.wp.com\/noticiasribeiraopreto.com.br\/wp-content\/uploads\/2026\/04\/WhatsApp-Image-2026-04-08-at-12.20.46_2026-04-08_15-21-29.webp.webp?fit=1200%2C833&ssl=1&resize=1050%2C600 3x"},"classes":[]},{"id":63813,"url":"https:\/\/noticiasribeiraopreto.com.br\/index.php\/2025\/02\/22\/motorista-morre-apos-acidente-entre-carro-e-carreta-na-rodovia-anhanguera\/","url_meta":{"origin":74965,"position":2},"title":"Motorista morre ap\u00f3s acidente entre carro e carreta na rodovia Anhanguera","author":"noticiasribeiraopreto.com.br","date":"22 de February de 2025","format":false,"excerpt":"Uma pessoa morreu ap\u00f3s um acidente de tr\u00e2nsito envolvendo uma carreta e um carro na rodovia Anhanguera (SP-330), em Igarapava, cidade a cerca de 130 quil\u00f4metros de Ribeir\u00e3o Preto, na noite desta sexta-feira (21). O acidente aconteceu pr\u00f3ximo ao km 441. De acordo com as informa\u00e7\u00f5es do CCI (Centro de\u2026","rel":"","context":"In &quot;Not\u00edcias de Ribeir\u00e3o Preto-SP e Regi\u00e3o&quot;","block_context":{"text":"Not\u00edcias de Ribeir\u00e3o Preto-SP e Regi\u00e3o","link":"https:\/\/noticiasribeiraopreto.com.br\/index.php\/category\/noticias-de-ribeirao-preto-sp-e-regiao-ismael-colosi\/"},"img":{"alt_text":"","src":"https:\/\/i0.wp.com\/noticiasribeiraopreto.com.br\/wp-content\/uploads\/2025\/02\/Copia-de-Copia-de-Copia-de-TAMANHO-EXATO-PARA-FOTOS-NO-SISTEMA-NOVO-2025-02-22T145326.694_2025-02-22_17-53-41_png_2025-02-22_17-53-41.webp.webp?fit=1200%2C675&ssl=1&resize=350%2C200","width":350,"height":200,"srcset":"https:\/\/i0.wp.com\/noticiasribeiraopreto.com.br\/wp-content\/uploads\/2025\/02\/Copia-de-Copia-de-Copia-de-TAMANHO-EXATO-PARA-FOTOS-NO-SISTEMA-NOVO-2025-02-22T145326.694_2025-02-22_17-53-41_png_2025-02-22_17-53-41.webp.webp?fit=1200%2C675&ssl=1&resize=350%2C200 1x, https:\/\/i0.wp.com\/noticiasribeiraopreto.com.br\/wp-content\/uploads\/2025\/02\/Copia-de-Copia-de-Copia-de-TAMANHO-EXATO-PARA-FOTOS-NO-SISTEMA-NOVO-2025-02-22T145326.694_2025-02-22_17-53-41_png_2025-02-22_17-53-41.webp.webp?fit=1200%2C675&ssl=1&resize=525%2C300 1.5x, https:\/\/i0.wp.com\/noticiasribeiraopreto.com.br\/wp-content\/uploads\/2025\/02\/Copia-de-Copia-de-Copia-de-TAMANHO-EXATO-PARA-FOTOS-NO-SISTEMA-NOVO-2025-02-22T145326.694_2025-02-22_17-53-41_png_2025-02-22_17-53-41.webp.webp?fit=1200%2C675&ssl=1&resize=700%2C400 2x, https:\/\/i0.wp.com\/noticiasribeiraopreto.com.br\/wp-content\/uploads\/2025\/02\/Copia-de-Copia-de-Copia-de-TAMANHO-EXATO-PARA-FOTOS-NO-SISTEMA-NOVO-2025-02-22T145326.694_2025-02-22_17-53-41_png_2025-02-22_17-53-41.webp.webp?fit=1200%2C675&ssl=1&resize=1050%2C600 3x"},"classes":[]},{"id":80367,"url":"https:\/\/noticiasribeiraopreto.com.br\/index.php\/2025\/11\/20\/motorista-morre-apos-colisao-com-outro-caminhao-na-anhanguera\/","url_meta":{"origin":74965,"position":3},"title":"Motorista morre ap\u00f3s colis\u00e3o com outro caminh\u00e3o na Anhanguera","author":"noticiasribeiraopreto.com.br","date":"20 de November de 2025","format":false,"excerpt":"Um caminhoneiro morreu na manh\u00e3 desta quinta-feira (20) ap\u00f3s bater na traseira de uma carreta parada no acostamento da rodovia Anhanguera, em Guar\u00e1, no interior de S\u00e3o Paulo. O acidente aconteceu por volta das 9h51, na altura do quil\u00f4metro 395. Segundo a concession\u00e1ria Entrevias, o caminh\u00e3o Mercedes-Benz seguia pela pista\u2026","rel":"","context":"In &quot;Not\u00edcias de Ribeir\u00e3o Preto-SP e Regi\u00e3o&quot;","block_context":{"text":"Not\u00edcias de Ribeir\u00e3o Preto-SP e Regi\u00e3o","link":"https:\/\/noticiasribeiraopreto.com.br\/index.php\/category\/noticias-de-ribeirao-preto-sp-e-regiao-ismael-colosi\/"},"img":{"alt_text":"","src":"https:\/\/i0.wp.com\/noticiasribeiraopreto.com.br\/wp-content\/uploads\/2025\/11\/acidente-anhanguera-7_2025-11-20_18-04-27.webp.webp?fit=1200%2C900&ssl=1&resize=350%2C200","width":350,"height":200,"srcset":"https:\/\/i0.wp.com\/noticiasribeiraopreto.com.br\/wp-content\/uploads\/2025\/11\/acidente-anhanguera-7_2025-11-20_18-04-27.webp.webp?fit=1200%2C900&ssl=1&resize=350%2C200 1x, https:\/\/i0.wp.com\/noticiasribeiraopreto.com.br\/wp-content\/uploads\/2025\/11\/acidente-anhanguera-7_2025-11-20_18-04-27.webp.webp?fit=1200%2C900&ssl=1&resize=525%2C300 1.5x, https:\/\/i0.wp.com\/noticiasribeiraopreto.com.br\/wp-content\/uploads\/2025\/11\/acidente-anhanguera-7_2025-11-20_18-04-27.webp.webp?fit=1200%2C900&ssl=1&resize=700%2C400 2x, https:\/\/i0.wp.com\/noticiasribeiraopreto.com.br\/wp-content\/uploads\/2025\/11\/acidente-anhanguera-7_2025-11-20_18-04-27.webp.webp?fit=1200%2C900&ssl=1&resize=1050%2C600 3x"},"classes":[]},{"id":78052,"url":"https:\/\/noticiasribeiraopreto.com.br\/index.php\/2025\/10\/01\/dois-feridos-em-acidente-na-rodovia-da-morte\/","url_meta":{"origin":74965,"position":4},"title":"Dois feridos em acidente na \u201crodovia da morte\u201d","author":"noticiasribeiraopreto.com.br","date":"1 de October de 2025","format":false,"excerpt":"Colis\u00e3o envolveu carreta e um ve\u00edculo que transportava um port\u00e3o no semirreboque 1 de outubro de 2025 12:451 de outubro de 2025 12:478 Compartilhar1 Por: Adalberto Luque Um acidente deixou dois feridos graves, na manh\u00e3 desta quarta-feira (1\u00ba). A colis\u00e3o ocorreu na Rodovia Deputado Cunha Bueno (SP-253), altura do km\u2026","rel":"","context":"In &quot;Not\u00edcias de Ribeir\u00e3o Preto-SP e Regi\u00e3o&quot;","block_context":{"text":"Not\u00edcias de Ribeir\u00e3o Preto-SP e Regi\u00e3o","link":"https:\/\/noticiasribeiraopreto.com.br\/index.php\/category\/noticias-de-ribeirao-preto-sp-e-regiao-ismael-colosi\/"},"img":{"alt_text":"","src":"https:\/\/i0.wp.com\/noticiasribeiraopreto.com.br\/wp-content\/uploads\/2025\/10\/01-out-2025-acidentepradopolis1.jpg?fit=779%2C780&ssl=1&resize=350%2C200","width":350,"height":200,"srcset":"https:\/\/i0.wp.com\/noticiasribeiraopreto.com.br\/wp-content\/uploads\/2025\/10\/01-out-2025-acidentepradopolis1.jpg?fit=779%2C780&ssl=1&resize=350%2C200 1x, https:\/\/i0.wp.com\/noticiasribeiraopreto.com.br\/wp-content\/uploads\/2025\/10\/01-out-2025-acidentepradopolis1.jpg?fit=779%2C780&ssl=1&resize=525%2C300 1.5x, https:\/\/i0.wp.com\/noticiasribeiraopreto.com.br\/wp-content\/uploads\/2025\/10\/01-out-2025-acidentepradopolis1.jpg?fit=779%2C780&ssl=1&resize=700%2C400 2x"},"classes":[]},{"id":80044,"url":"https:\/\/noticiasribeiraopreto.com.br\/index.php\/2025\/11\/13\/batida-entre-dois-caminhoes-deixa-vitima-presa-nas-ferragens-na-rodovia-anhanguera\/","url_meta":{"origin":74965,"position":5},"title":"Batida entre dois caminh\u00f5es deixa v\u00edtima presa nas ferragens na rodovia Anhanguera","author":"noticiasribeiraopreto.com.br","date":"13 de November de 2025","format":false,"excerpt":"Uma batida entre dois caminh\u00f5es deixou uma v\u00edtima presa nas ferragens, na noite desta quarta-feira (12), no km 289,5 pela pista norte (sentido interior) da rodovia Anhanguera (SP-330), em Cravinhos, na regi\u00e3o de Ribeir\u00e3o Preto. Segundo a Artesp (Ag\u00eancia de Transporte do Estado de S\u00e3o Paulo), o caminh\u00e3o em que\u2026","rel":"","context":"In &quot;Not\u00edcias de Ribeir\u00e3o Preto-SP e Regi\u00e3o&quot;","block_context":{"text":"Not\u00edcias de Ribeir\u00e3o Preto-SP e Regi\u00e3o","link":"https:\/\/noticiasribeiraopreto.com.br\/index.php\/category\/noticias-de-ribeirao-preto-sp-e-regiao-ismael-colosi\/"},"img":{"alt_text":"","src":"https:\/\/i0.wp.com\/noticiasribeiraopreto.com.br\/wp-content\/uploads\/2025\/11\/caminhao_2025-11-13_10-59-57.webp.webp?fit=1200%2C698&ssl=1&resize=350%2C200","width":350,"height":200,"srcset":"https:\/\/i0.wp.com\/noticiasribeiraopreto.com.br\/wp-content\/uploads\/2025\/11\/caminhao_2025-11-13_10-59-57.webp.webp?fit=1200%2C698&ssl=1&resize=350%2C200 1x, https:\/\/i0.wp.com\/noticiasribeiraopreto.com.br\/wp-content\/uploads\/2025\/11\/caminhao_2025-11-13_10-59-57.webp.webp?fit=1200%2C698&ssl=1&resize=525%2C300 1.5x, https:\/\/i0.wp.com\/noticiasribeiraopreto.com.br\/wp-content\/uploads\/2025\/11\/caminhao_2025-11-13_10-59-57.webp.webp?fit=1200%2C698&ssl=1&resize=700%2C400 2x, https:\/\/i0.wp.com\/noticiasribeiraopreto.com.br\/wp-content\/uploads\/2025\/11\/caminhao_2025-11-13_10-59-57.webp.webp?fit=1200%2C698&ssl=1&resize=1050%2C600 3x"},"classes":[]}],"jetpack_sharing_enabled":true,"jetpack_shortlink":"https:\/\/wp.me\/peQAOb-jv7","_links":{"self":[{"href":"https:\/\/noticiasribeiraopreto.com.br\/index.php\/wp-json\/wp\/v2\/posts\/74965","targetHints":{"allow":["GET"]}}],"collection":[{"href":"https:\/\/noticiasribeiraopreto.com.br\/index.php\/wp-json\/wp\/v2\/posts"}],"about":[{"href":"https:\/\/noticiasribeiraopreto.com.br\/index.php\/wp-json\/wp\/v2\/types\/post"}],"author":[{"embeddable":true,"href":"https:\/\/noticiasribeiraopreto.com.br\/index.php\/wp-json\/wp\/v2\/users\/1"}],"replies":[{"embeddable":true,"href":"https:\/\/noticiasribeiraopreto.com.br\/index.php\/wp-json\/wp\/v2\/comments?post=74965"}],"version-history":[{"count":0,"href":"https:\/\/noticiasribeiraopreto.com.br\/index.php\/wp-json\/wp\/v2\/posts\/74965\/revisions"}],"wp:featuredmedia":[{"embeddable":true,"href":"https:\/\/noticiasribeiraopreto.com.br\/index.php\/wp-json\/wp\/v2\/media\/74966"}],"wp:attachment":[{"href":"https:\/\/noticiasribeiraopreto.com.br\/index.php\/wp-json\/wp\/v2\/media?parent=74965"}],"wp:term":[{"taxonomy":"category","embeddable":true,"href":"https:\/\/noticiasribeiraopreto.com.br\/index.php\/wp-json\/wp\/v2\/categories?post=74965"},{"taxonomy":"post_tag","embeddable":true,"href":"https:\/\/noticiasribeiraopreto.com.br\/index.php\/wp-json\/wp\/v2\/tags?post=74965"}],"curies":[{"name":"wp","href":"https:\/\/api.w.org\/{rel}","templated":true}]}}