{"id":74967,"date":"2025-07-31T18:44:37","date_gmt":"2025-07-31T21:44:37","guid":{"rendered":"https:\/\/noticiasribeiraopreto.com.br\/index.php\/2025\/07\/31\/sabia-que-a-cidade-mais-silenciosa-do-brasil-fica-na-regiao-de-ribeirao-preto-veja-qual-e\/"},"modified":"2025-07-31T18:44:37","modified_gmt":"2025-07-31T21:44:37","slug":"sabia-que-a-cidade-mais-silenciosa-do-brasil-fica-na-regiao-de-ribeirao-preto-veja-qual-e","status":"publish","type":"post","link":"https:\/\/noticiasribeiraopreto.com.br\/index.php\/2025\/07\/31\/sabia-que-a-cidade-mais-silenciosa-do-brasil-fica-na-regiao-de-ribeirao-preto-veja-qual-e\/","title":{"rendered":"Sabia que a cidade mais silenciosa do Brasil fica na regi\u00e3o de Ribeir\u00e3o Preto? Veja qual \u00e9"},"content":{"rendered":"<div class='code-block code-block-1' style='margin: 8px 0 8px auto; text-align: right; display: block; clear: both;'>\n<p><a href=\"https:\/\/wa.link\/vpicfd\"><img data-recalc-dims=\"1\" class=\"wp-image-4922\" style=\"aspect-ratio: 2.0253164556962027; width: 561px; height: auto;\" src=\"https:\/\/i0.wp.com\/ismaelcolosi.com.br\/wp-content\/uploads\/2023\/11\/grupo-de-empregos-whatsapp-e-facebook-ismael-colosi-vagas.jpg?ssl=1\" alt=\"\" \/><\/a><\/p>\n<!-- \/wp:image -->\n<\/div>\n<p> <br \/>\n<\/p>\n<div>\n<p><strong>Localizada a cerca de 100 km de Ribeir\u00e3o Preto<\/strong>, <strong>Patroc\u00ednio Paulista<\/strong> ganhou destaque nacional como a <strong>cidade mais silenciosa do Brasil<\/strong>. Com pouco mais de 14 mil habitantes, o munic\u00edpio virou refer\u00eancia no chamado <strong>\u201cturismo do sono\u201d<\/strong>, tend\u00eancia que atrai visitantes em busca de descanso, sossego e noites sem ru\u00eddo.<\/p>\n<p>A fama n\u00e3o surgiu por leis exclusivas, mas pela forma como a cidade aplica e fiscaliza a legisla\u00e7\u00e3o vigente. Em \u00e1reas residenciais e comerciais, o limite de ru\u00eddo permitido \u00e9 de <strong>55 decib\u00e9is<\/strong>, o equivalente a uma conversa em tom amig\u00e1vel. Acima disso, h\u00e1 risco de <strong>multa<\/strong>, especialmente em casos de som automotivo ou equipamentos em vias p\u00fablicas.<\/p>\n<p>Segundo a prefeitura, a <strong>fiscaliza\u00e7\u00e3o continua ativa.<\/strong><\/p>\n<figure class=\"wp-block-pullquote\">\n<blockquote>\n<p>O t\u00edtulo de cidade mais silenciosa do Brasil foi um apelido que a cidade ganhou por conta dessa fiscaliza\u00e7\u00e3o. Continuamos atentos \u00e0s regras, sim, mas principalmente entre os com\u00e9rcios e carros de som, que precisam seguir as determina\u00e7\u00f5es<\/p>\n<p><cite>afirmou em nota<\/cite><\/p><\/blockquote>\n<\/figure>\n<p>A <strong>Lei do Sil\u00eancio<\/strong> \u00e9 respeitada tanto por moradores quanto por estabelecimentos. Nos fins de semana,<strong> a pra\u00e7a central se torna o principal ponto de encontro da popula\u00e7\u00e3o<\/strong> \u2014 mas sem som alto ou m\u00fasica ao vivo em volume excessivo.<\/p>\n<p>O clima de tranquilidade transformou a cidade em um destino para quem busca paz. Por l\u00e1,<mark style=\"background-color:#fcb900\" class=\"has-inline-color\"> o som mais alto costuma ser o da fonte d\u2019\u00e1gua na pra\u00e7a ou o canto dos p\u00e1ssaros.<\/mark><\/p>\n<h3 class=\"wp-block-heading\"><strong>Turismo do sono<\/strong><\/h3>\n<p>O chamado <strong>turismo do sono<\/strong> ganhou for\u00e7a com a valoriza\u00e7\u00e3o do bem-estar durante as viagens. Uma pesquisa recente do metabuscador <strong><a href=\"https:\/\/www.kayak.com.br\/flights?lang=pt&amp;skipapp=true&amp;gclid=CjwKCAjwqKzEBhANEiwAeQaPVfd_yHAomXQTqe5uCxt6fg8-SKCTllDS_upj-wyd35t2b0Jy8WgVeBoCUfsQAvD_BwE\" data-type=\"link\" data-id=\"https:\/\/www.kayak.com.br\/flights?lang=pt&amp;skipapp=true&amp;gclid=CjwKCAjwqKzEBhANEiwAeQaPVfd_yHAomXQTqe5uCxt6fg8-SKCTllDS_upj-wyd35t2b0Jy8WgVeBoCUfsQAvD_BwE\" target=\"_blank\" rel=\"noopener\">Kayak<\/a><\/strong>, divulgada no novo <strong>Guia de Turismo do Sono<\/strong>, aponta que <strong>67% dos brasileiros colocam o descanso como prioridade nas f\u00e9rias<\/strong>. <\/p>\n<p>O estudo tamb\u00e9m mostra que <strong>20% pretendem usar as pr\u00f3ximas viagens para recuperar o sono<\/strong>, enquanto <strong>14% esperam encontrar espa\u00e7os de desintoxica\u00e7\u00e3o digital nos hot\u00e9is<\/strong> nos pr\u00f3ximos cinco anos.<\/p>\n<p>Esse comportamento est\u00e1 alinhado com o que Patroc\u00ednio Paulista oferece: sil\u00eancio, tranquilidade e um ambiente ideal para desconectar da rotina agitada.<\/p>\n<hr class=\"wp-block-separator has-alpha-channel-opacity\"\/>\n<p>SAIBA MAIS<\/p>\n<p>Ribeir\u00e3o Preto recebe feira gratuita com food trucks, chope e m\u00fasica ao vivo<\/p>\n<h2 class=\"wp-block-heading\"><strong>FIQUE ON<\/strong><\/h2>\n<p>Quer ficar por dentro de tudo que acontece em Ribeir\u00e3o Preto e regi\u00e3o? Ent\u00e3o siga os perfis do\u202facidade on\u202fno\u202f<a href=\"https:\/\/www.instagram.com\/acidadeonribeirao\" target=\"_blank\" rel=\"noreferrer noopener\">Instagram<\/a>\u202fe no\u202f<a href=\"https:\/\/www.facebook.com\/acidadeonribeirao\/\" target=\"_blank\" rel=\"noreferrer noopener\">Facebook<\/a>.<\/p>\n<p>Al\u00e9m disso, voc\u00ea pode receber as principais not\u00edcias diretamente no WhatsApp. Para isso, basta\u00a0<a href=\"https:\/\/chat.whatsapp.com\/BjKQZ9oJwlz8VVT50NuePq\" target=\"_blank\" rel=\"noreferrer noopener\">entrar no grupo clicando aqui<\/a>.<\/p>\n<p>Por fim, se quiser fazer uma den\u00fancia ou sugerir uma reportagem sobre Ribeir\u00e3o Preto e regi\u00e3o, envie uma mensagem pelo WhatsApp: (16) 99117-7802.<\/p>\n<p>VEJA TAMB\u00c9M<\/p>\n<p>Qual o hor\u00e1rio em que celulares s\u00e3o mais furtados?<\/p>\n<p><!-- AI CONTENT END 1 -->\n<\/div>\n<p><script async src=\"\/\/www.instagram.com\/embed.js\"><\/script><br \/>\n<br \/><br \/>\n<br \/><a href=\"https:\/\/www.acidadeon.com\/ribeiraopreto\/lazer-e-cultura\/sabia-que-a-cidade-mais-silenciosa-do-brasil-fica-na-regiao-de-ribeirao-preto-veja-qual-e\/\">Source link <\/a><\/p>\n<!-- CONTENT END 1 -->\n","protected":false},"excerpt":{"rendered":"<p>Localizada a cerca de 100 km de Ribeir\u00e3o Preto, Patroc\u00ednio Paulista ganhou destaque nacional como a cidade mais silenciosa do Brasil. Com pouco mais de&#8230;<\/p>\n","protected":false},"author":1,"featured_media":74968,"comment_status":"open","ping_status":"open","sticky":false,"template":"","format":"standard","meta":{"advanced_seo_description":"","jetpack_seo_html_title":"","jetpack_seo_noindex":false,"jetpack_post_was_ever_published":false,"_jetpack_newsletter_access":"","_jetpack_dont_email_post_to_subs":false,"_jetpack_newsletter_tier_id":0,"_jetpack_memberships_contains_paywalled_content":false,"_jetpack_memberships_contains_paid_content":false,"footnotes":"","jetpack_publicize_message":"","jetpack_publicize_feature_enabled":true,"jetpack_social_post_already_shared":true,"jetpack_social_options":{"image_generator_settings":{"template":"highway","default_image_id":0,"font":"","enabled":false},"version":2}},"categories":[11],"tags":[],"class_list":["post-74967","post","type-post","status-publish","format-standard","has-post-thumbnail","hentry","category-noticias-de-ribeirao-preto-sp-e-regiao-ismael-colosi"],"jetpack_publicize_connections":[],"jetpack_featured_media_url":"https:\/\/i0.wp.com\/noticiasribeiraopreto.com.br\/wp-content\/uploads\/2025\/07\/Copia-de-Copia-de-Copia-de-TAMANHO-EXATO-PARA-FOTOS-NO-SISTEMA-NOVO-2025-07-31T161641.812_2025-07-31_19-17-07.webp.webp?fit=1200%2C675&ssl=1","jetpack-related-posts":[{"id":75037,"url":"https:\/\/noticiasribeiraopreto.com.br\/index.php\/2025\/08\/01\/primeiro-reservatorio-de-ribeirao-preto-recebe-visita-guiada-gratuita-veja-como-participar\/","url_meta":{"origin":74967,"position":0},"title":"Primeiro reservat\u00f3rio de Ribeir\u00e3o Preto recebe visita guiada gratuita; veja como participar","author":"noticiasribeiraopreto.com.br","date":"1 de August de 2025","format":false,"excerpt":"O Po\u00e7o Francisco Schmidt, primeiro reservat\u00f3rio de \u00e1gua de Ribeir\u00e3o Preto, recebe visita guiada gratuita neste s\u00e1bado (2). A atividade integra o passeio hist\u00f3rico \u201cConhecendo Ribeir\u00e3o\u201d, que oferece ao p\u00fablico a oportunidade de explorar constru\u00e7\u00f5es e ruas marcantes da regi\u00e3o central da cidade. Inaugurado em 1904, o Po\u00e7o Francisco Schmidt\u2026","rel":"","context":"In &quot;Not\u00edcias de Ribeir\u00e3o Preto-SP e Regi\u00e3o&quot;","block_context":{"text":"Not\u00edcias de Ribeir\u00e3o Preto-SP e Regi\u00e3o","link":"https:\/\/noticiasribeiraopreto.com.br\/index.php\/category\/noticias-de-ribeirao-preto-sp-e-regiao-ismael-colosi\/"},"img":{"alt_text":"","src":"https:\/\/i0.wp.com\/noticiasribeiraopreto.com.br\/wp-content\/uploads\/2025\/08\/Copia-de-Copia-de-Copia-de-TAMANHO-EXATO-PARA-FOTOS-NO-SISTEMA-NOVO-2025-08-01T190220.219_2025-08-01_22-02-33.webp.webp?fit=1200%2C675&ssl=1&resize=350%2C200","width":350,"height":200,"srcset":"https:\/\/i0.wp.com\/noticiasribeiraopreto.com.br\/wp-content\/uploads\/2025\/08\/Copia-de-Copia-de-Copia-de-TAMANHO-EXATO-PARA-FOTOS-NO-SISTEMA-NOVO-2025-08-01T190220.219_2025-08-01_22-02-33.webp.webp?fit=1200%2C675&ssl=1&resize=350%2C200 1x, https:\/\/i0.wp.com\/noticiasribeiraopreto.com.br\/wp-content\/uploads\/2025\/08\/Copia-de-Copia-de-Copia-de-TAMANHO-EXATO-PARA-FOTOS-NO-SISTEMA-NOVO-2025-08-01T190220.219_2025-08-01_22-02-33.webp.webp?fit=1200%2C675&ssl=1&resize=525%2C300 1.5x, https:\/\/i0.wp.com\/noticiasribeiraopreto.com.br\/wp-content\/uploads\/2025\/08\/Copia-de-Copia-de-Copia-de-TAMANHO-EXATO-PARA-FOTOS-NO-SISTEMA-NOVO-2025-08-01T190220.219_2025-08-01_22-02-33.webp.webp?fit=1200%2C675&ssl=1&resize=700%2C400 2x, https:\/\/i0.wp.com\/noticiasribeiraopreto.com.br\/wp-content\/uploads\/2025\/08\/Copia-de-Copia-de-Copia-de-TAMANHO-EXATO-PARA-FOTOS-NO-SISTEMA-NOVO-2025-08-01T190220.219_2025-08-01_22-02-33.webp.webp?fit=1200%2C675&ssl=1&resize=1050%2C600 3x"},"classes":[]},{"id":84393,"url":"https:\/\/noticiasribeiraopreto.com.br\/index.php\/2026\/04\/08\/ribeirao-vira-cenario-de-cinema-em-producao-americana-dirigida-por-brasileiro-video\/","url_meta":{"origin":74967,"position":1},"title":"Ribeir\u00e3o vira cen\u00e1rio de cinema em produ\u00e7\u00e3o americana dirigida por brasileiro; V\u00eddeo","author":"noticiasribeiraopreto.com.br","date":"8 de April de 2026","format":false,"excerpt":"Ler o resumo da not\u00edcia Produtora americana filma tr\u00eas longas em Ribeir\u00e3o Preto, Cravinhos e Sert\u00e3ozinho, dirigidos pelo brasileiro Marcelo Galv\u00e3o. As grava\u00e7\u00f5es devem ser conclu\u00eddas em cerca de seis semanas, com cenas na rodovi\u00e1ria de Ribeir\u00e3o Preto. Um dos filmes, \"What Remains\", narra a hist\u00f3ria de uma idosa de\u2026","rel":"","context":"In &quot;Not\u00edcias de Ribeir\u00e3o Preto-SP e Regi\u00e3o&quot;","block_context":{"text":"Not\u00edcias de Ribeir\u00e3o Preto-SP e Regi\u00e3o","link":"https:\/\/noticiasribeiraopreto.com.br\/index.php\/category\/noticias-de-ribeirao-preto-sp-e-regiao-ismael-colosi\/"},"img":{"alt_text":"","src":"https:\/\/i0.wp.com\/noticiasribeiraopreto.com.br\/wp-content\/uploads\/2026\/04\/palace-26_2026-04-08_22-26-37.webp.webp?fit=1200%2C675&ssl=1&resize=350%2C200","width":350,"height":200,"srcset":"https:\/\/i0.wp.com\/noticiasribeiraopreto.com.br\/wp-content\/uploads\/2026\/04\/palace-26_2026-04-08_22-26-37.webp.webp?fit=1200%2C675&ssl=1&resize=350%2C200 1x, https:\/\/i0.wp.com\/noticiasribeiraopreto.com.br\/wp-content\/uploads\/2026\/04\/palace-26_2026-04-08_22-26-37.webp.webp?fit=1200%2C675&ssl=1&resize=525%2C300 1.5x, https:\/\/i0.wp.com\/noticiasribeiraopreto.com.br\/wp-content\/uploads\/2026\/04\/palace-26_2026-04-08_22-26-37.webp.webp?fit=1200%2C675&ssl=1&resize=700%2C400 2x, https:\/\/i0.wp.com\/noticiasribeiraopreto.com.br\/wp-content\/uploads\/2026\/04\/palace-26_2026-04-08_22-26-37.webp.webp?fit=1200%2C675&ssl=1&resize=1050%2C600 3x"},"classes":[]},{"id":74975,"url":"https:\/\/noticiasribeiraopreto.com.br\/index.php\/2025\/07\/31\/quem-sera-o-novo-milionario-mega-sena-premia-aposta-feita-na-regiao-de-ribeirao-preto\/","url_meta":{"origin":74967,"position":2},"title":"Quem ser\u00e1 o novo milion\u00e1rio? Mega-Sena premia aposta feita na regi\u00e3o de Ribeir\u00e3o Preto","author":"noticiasribeiraopreto.com.br","date":"31 de July de 2025","format":false,"excerpt":"Uma aposta registrada em Serrana, cidade da regi\u00e3o de Ribeir\u00e3o Preto, acertou cinco dezenas no Concurso 2.895 da Mega-Sena e faturou R$ 87.028,54. O sorteio aconteceu na noite desta quinta-feira (31), e ningu\u00e9m conseguiu levar o pr\u00eamio principal. Os n\u00fameros sorteados foram: 09, 11, 44, 51, 52 e 56. Com\u2026","rel":"","context":"In &quot;Not\u00edcias de Ribeir\u00e3o Preto-SP e Regi\u00e3o&quot;","block_context":{"text":"Not\u00edcias de Ribeir\u00e3o Preto-SP e Regi\u00e3o","link":"https:\/\/noticiasribeiraopreto.com.br\/index.php\/category\/noticias-de-ribeirao-preto-sp-e-regiao-ismael-colosi\/"},"img":{"alt_text":"","src":"https:\/\/i0.wp.com\/noticiasribeiraopreto.com.br\/wp-content\/uploads\/2025\/06\/megasenadsc_5258.webp.webp?fit=1170%2C700&ssl=1&resize=350%2C200","width":350,"height":200,"srcset":"https:\/\/i0.wp.com\/noticiasribeiraopreto.com.br\/wp-content\/uploads\/2025\/06\/megasenadsc_5258.webp.webp?fit=1170%2C700&ssl=1&resize=350%2C200 1x, https:\/\/i0.wp.com\/noticiasribeiraopreto.com.br\/wp-content\/uploads\/2025\/06\/megasenadsc_5258.webp.webp?fit=1170%2C700&ssl=1&resize=525%2C300 1.5x, https:\/\/i0.wp.com\/noticiasribeiraopreto.com.br\/wp-content\/uploads\/2025\/06\/megasenadsc_5258.webp.webp?fit=1170%2C700&ssl=1&resize=700%2C400 2x, https:\/\/i0.wp.com\/noticiasribeiraopreto.com.br\/wp-content\/uploads\/2025\/06\/megasenadsc_5258.webp.webp?fit=1170%2C700&ssl=1&resize=1050%2C600 3x"},"classes":[]},{"id":75058,"url":"https:\/\/noticiasribeiraopreto.com.br\/index.php\/2025\/08\/02\/sabado-de-sol-e-clima-seco-em-ribeirao-preto-veja-previsao-do-tempo\/","url_meta":{"origin":74967,"position":3},"title":"S\u00e1bado de sol e clima seco em Ribeir\u00e3o Preto? Veja previs\u00e3o do tempo","author":"noticiasribeiraopreto.com.br","date":"2 de August de 2025","format":false,"excerpt":"Ribeir\u00e3o Preto ter\u00e1 um s\u00e1bado com varia\u00e7\u00e3o de nuvens, mas sem possibilidade de chuva. Durante a manh\u00e3, o tempo permanece com poucas nuvens e sol, enquanto \u00e0 tarde e \u00e0 noite a nebulosidade aumenta, embora o c\u00e9u continue firme. As temperaturas variam entre m\u00ednima de 14\u00b0C e m\u00e1xima de 28\u00b0C.\u2026","rel":"","context":"In &quot;Not\u00edcias de Ribeir\u00e3o Preto-SP e Regi\u00e3o&quot;","block_context":{"text":"Not\u00edcias de Ribeir\u00e3o Preto-SP e Regi\u00e3o","link":"https:\/\/noticiasribeiraopreto.com.br\/index.php\/category\/noticias-de-ribeirao-preto-sp-e-regiao-ismael-colosi\/"},"img":{"alt_text":"","src":"https:\/\/i0.wp.com\/noticiasribeiraopreto.com.br\/wp-content\/uploads\/2025\/08\/Imagem-do-WhatsApp-de-2025-08-02-as-09.05.00_1c74d2b0_2025-08-02_13-18-37.webp.webp?fit=1200%2C900&ssl=1&resize=350%2C200","width":350,"height":200,"srcset":"https:\/\/i0.wp.com\/noticiasribeiraopreto.com.br\/wp-content\/uploads\/2025\/08\/Imagem-do-WhatsApp-de-2025-08-02-as-09.05.00_1c74d2b0_2025-08-02_13-18-37.webp.webp?fit=1200%2C900&ssl=1&resize=350%2C200 1x, https:\/\/i0.wp.com\/noticiasribeiraopreto.com.br\/wp-content\/uploads\/2025\/08\/Imagem-do-WhatsApp-de-2025-08-02-as-09.05.00_1c74d2b0_2025-08-02_13-18-37.webp.webp?fit=1200%2C900&ssl=1&resize=525%2C300 1.5x, https:\/\/i0.wp.com\/noticiasribeiraopreto.com.br\/wp-content\/uploads\/2025\/08\/Imagem-do-WhatsApp-de-2025-08-02-as-09.05.00_1c74d2b0_2025-08-02_13-18-37.webp.webp?fit=1200%2C900&ssl=1&resize=700%2C400 2x, https:\/\/i0.wp.com\/noticiasribeiraopreto.com.br\/wp-content\/uploads\/2025\/08\/Imagem-do-WhatsApp-de-2025-08-02-as-09.05.00_1c74d2b0_2025-08-02_13-18-37.webp.webp?fit=1200%2C900&ssl=1&resize=1050%2C600 3x"},"classes":[]},{"id":75020,"url":"https:\/\/noticiasribeiraopreto.com.br\/index.php\/2025\/08\/01\/primeira-frente-fria-do-mes-avanca-e-influencia-o-tempo-no-interior-de-sp-veja-previsao\/","url_meta":{"origin":74967,"position":4},"title":"Primeira frente fria do m\u00eas avan\u00e7a e influencia o tempo no interior de SP; veja previs\u00e3o","author":"noticiasribeiraopreto.com.br","date":"1 de August de 2025","format":false,"excerpt":"Uma nova frente fria come\u00e7a a se deslocar pelo Sul do Brasil neste fim de semana e marca a chegada do primeiro sistema frontal de agosto. Embora os maiores impactos ocorram no Rio Grande do Sul, onde h\u00e1 previs\u00e3o de temporais, o sistema tamb\u00e9m influencia o tempo no interior de\u2026","rel":"","context":"In &quot;Not\u00edcias de Ribeir\u00e3o Preto-SP e Regi\u00e3o&quot;","block_context":{"text":"Not\u00edcias de Ribeir\u00e3o Preto-SP e Regi\u00e3o","link":"https:\/\/noticiasribeiraopreto.com.br\/index.php\/category\/noticias-de-ribeirao-preto-sp-e-regiao-ismael-colosi\/"},"img":{"alt_text":"","src":"https:\/\/i0.wp.com\/noticiasribeiraopreto.com.br\/wp-content\/uploads\/2025\/08\/WhatsApp-Image-2024-02-18-at-09.57.43-1.jpeg?fit=1200%2C756&ssl=1&resize=350%2C200","width":350,"height":200,"srcset":"https:\/\/i0.wp.com\/noticiasribeiraopreto.com.br\/wp-content\/uploads\/2025\/08\/WhatsApp-Image-2024-02-18-at-09.57.43-1.jpeg?fit=1200%2C756&ssl=1&resize=350%2C200 1x, https:\/\/i0.wp.com\/noticiasribeiraopreto.com.br\/wp-content\/uploads\/2025\/08\/WhatsApp-Image-2024-02-18-at-09.57.43-1.jpeg?fit=1200%2C756&ssl=1&resize=525%2C300 1.5x, https:\/\/i0.wp.com\/noticiasribeiraopreto.com.br\/wp-content\/uploads\/2025\/08\/WhatsApp-Image-2024-02-18-at-09.57.43-1.jpeg?fit=1200%2C756&ssl=1&resize=700%2C400 2x, https:\/\/i0.wp.com\/noticiasribeiraopreto.com.br\/wp-content\/uploads\/2025\/08\/WhatsApp-Image-2024-02-18-at-09.57.43-1.jpeg?fit=1200%2C756&ssl=1&resize=1050%2C600 3x"},"classes":[]},{"id":74979,"url":"https:\/\/noticiasribeiraopreto.com.br\/index.php\/2025\/08\/01\/carro-invade-loja-de-conveniencia-e-deixa-duas-pessoas-feridas-em-ribeirao-preto\/","url_meta":{"origin":74967,"position":5},"title":"Carro invade loja de conveni\u00eancia e deixa duas pessoas feridas em Ribeir\u00e3o Preto","author":"noticiasribeiraopreto.com.br","date":"1 de August de 2025","format":false,"excerpt":"Um carro invadiu uma loja de conveni\u00eancia de um posto de combust\u00edvel, na zona Sul de Ribeir\u00e3o Preto, na noite desta quinta-feira (31). O ve\u00edculo atravessou a fachada de vidro do estabelecimento e atingiu duas pessoas que estavam sentadas em uma mesa. As v\u00edtimas sofreram fraturas: uma quebrou a perna\u2026","rel":"","context":"In &quot;Not\u00edcias de Ribeir\u00e3o Preto-SP e Regi\u00e3o&quot;","block_context":{"text":"Not\u00edcias de Ribeir\u00e3o Preto-SP e Regi\u00e3o","link":"https:\/\/noticiasribeiraopreto.com.br\/index.php\/category\/noticias-de-ribeirao-preto-sp-e-regiao-ismael-colosi\/"},"img":{"alt_text":"","src":"https:\/\/i0.wp.com\/noticiasribeiraopreto.com.br\/wp-content\/uploads\/2025\/08\/Copia-de-Copia-de-Copia-de-TAMANHO-EXATO-PARA-FOTOS-NO-SISTEMA-NOVO_2025-08-01_01-08-19.webp.webp?fit=1200%2C675&ssl=1&resize=350%2C200","width":350,"height":200,"srcset":"https:\/\/i0.wp.com\/noticiasribeiraopreto.com.br\/wp-content\/uploads\/2025\/08\/Copia-de-Copia-de-Copia-de-TAMANHO-EXATO-PARA-FOTOS-NO-SISTEMA-NOVO_2025-08-01_01-08-19.webp.webp?fit=1200%2C675&ssl=1&resize=350%2C200 1x, https:\/\/i0.wp.com\/noticiasribeiraopreto.com.br\/wp-content\/uploads\/2025\/08\/Copia-de-Copia-de-Copia-de-TAMANHO-EXATO-PARA-FOTOS-NO-SISTEMA-NOVO_2025-08-01_01-08-19.webp.webp?fit=1200%2C675&ssl=1&resize=525%2C300 1.5x, https:\/\/i0.wp.com\/noticiasribeiraopreto.com.br\/wp-content\/uploads\/2025\/08\/Copia-de-Copia-de-Copia-de-TAMANHO-EXATO-PARA-FOTOS-NO-SISTEMA-NOVO_2025-08-01_01-08-19.webp.webp?fit=1200%2C675&ssl=1&resize=700%2C400 2x, https:\/\/i0.wp.com\/noticiasribeiraopreto.com.br\/wp-content\/uploads\/2025\/08\/Copia-de-Copia-de-Copia-de-TAMANHO-EXATO-PARA-FOTOS-NO-SISTEMA-NOVO_2025-08-01_01-08-19.webp.webp?fit=1200%2C675&ssl=1&resize=1050%2C600 3x"},"classes":[]}],"jetpack_sharing_enabled":true,"jetpack_shortlink":"https:\/\/wp.me\/peQAOb-jv9","_links":{"self":[{"href":"https:\/\/noticiasribeiraopreto.com.br\/index.php\/wp-json\/wp\/v2\/posts\/74967","targetHints":{"allow":["GET"]}}],"collection":[{"href":"https:\/\/noticiasribeiraopreto.com.br\/index.php\/wp-json\/wp\/v2\/posts"}],"about":[{"href":"https:\/\/noticiasribeiraopreto.com.br\/index.php\/wp-json\/wp\/v2\/types\/post"}],"author":[{"embeddable":true,"href":"https:\/\/noticiasribeiraopreto.com.br\/index.php\/wp-json\/wp\/v2\/users\/1"}],"replies":[{"embeddable":true,"href":"https:\/\/noticiasribeiraopreto.com.br\/index.php\/wp-json\/wp\/v2\/comments?post=74967"}],"version-history":[{"count":0,"href":"https:\/\/noticiasribeiraopreto.com.br\/index.php\/wp-json\/wp\/v2\/posts\/74967\/revisions"}],"wp:featuredmedia":[{"embeddable":true,"href":"https:\/\/noticiasribeiraopreto.com.br\/index.php\/wp-json\/wp\/v2\/media\/74968"}],"wp:attachment":[{"href":"https:\/\/noticiasribeiraopreto.com.br\/index.php\/wp-json\/wp\/v2\/media?parent=74967"}],"wp:term":[{"taxonomy":"category","embeddable":true,"href":"https:\/\/noticiasribeiraopreto.com.br\/index.php\/wp-json\/wp\/v2\/categories?post=74967"},{"taxonomy":"post_tag","embeddable":true,"href":"https:\/\/noticiasribeiraopreto.com.br\/index.php\/wp-json\/wp\/v2\/tags?post=74967"}],"curies":[{"name":"wp","href":"https:\/\/api.w.org\/{rel}","templated":true}]}}