{"id":74969,"date":"2025-07-31T18:51:38","date_gmt":"2025-07-31T21:51:38","guid":{"rendered":"https:\/\/noticiasribeiraopreto.com.br\/index.php\/2025\/07\/31\/identificados-genes-que-podem-prever-resposta-de-pacientes-em-tratamento-contra-o-cancer\/"},"modified":"2025-07-31T18:51:38","modified_gmt":"2025-07-31T21:51:38","slug":"identificados-genes-que-podem-prever-resposta-de-pacientes-em-tratamento-contra-o-cancer","status":"publish","type":"post","link":"https:\/\/noticiasribeiraopreto.com.br\/index.php\/2025\/07\/31\/identificados-genes-que-podem-prever-resposta-de-pacientes-em-tratamento-contra-o-cancer\/","title":{"rendered":"Identificados genes que podem prever resposta de pacientes em tratamento contra o c\u00e2ncer"},"content":{"rendered":"<div class='code-block code-block-1' style='margin: 8px 0 8px auto; text-align: right; display: block; clear: both;'>\n<p><a href=\"https:\/\/wa.link\/vpicfd\"><img data-recalc-dims=\"1\" class=\"wp-image-4922\" style=\"aspect-ratio: 2.0253164556962027; width: 561px; height: auto;\" src=\"https:\/\/i0.wp.com\/ismaelcolosi.com.br\/wp-content\/uploads\/2023\/11\/grupo-de-empregos-whatsapp-e-facebook-ismael-colosi-vagas.jpg?ssl=1\" alt=\"\" \/><\/a><\/p>\n<!-- \/wp:image -->\n<\/div>\n<p> <br \/>\n<\/p>\n<div>\n<p><strong>Ag\u00eancia Fapesp*<\/strong> \u2013 Pesquisadores do <strong>Centro de Pesquisa em Oncologia Molecular do Hospital de Amor (antigo Hospital de C\u00e2ncer)<\/strong>, em <strong>Barretos<\/strong>, no <strong>interior de S\u00e3o Paulo<\/strong>, deram um importante passo rumo \u00e0 medicina de precis\u00e3o ao identificar quatro genes capazes de predizer quais pacientes com melanoma n\u00e3o v\u00e3o responder \u00e0 imunoterapia.<\/p>\n<p>Esse tipo de tratamento revolucionou o combate ao melanoma, o c\u00e2ncer de pele mais agressivo e letal, mas ainda apresenta efic\u00e1cia vari\u00e1vel e um custo elevado que limita seu uso, especialmente no SUS (Sistema \u00danico de Sa\u00fade).<\/p>\n<p><mark style=\"background-color:#fcb900\" class=\"has-inline-color has-black-color\">A partir da descoberta, a ideia \u00e9 criar maneiras de identificar pacientes eleg\u00edveis ao tratamento e, dessa forma, reduzir os custos na rede p\u00fablica.<\/mark><\/p>\n<h2 class=\"wp-block-heading\"><strong>Melanoma<\/strong><\/h2>\n<p>O melanoma representa cerca de 4% dos tumores de pele, mas \u00e9 o mais perigoso por causa de sua alta capacidade de se espalhar para outros \u00f3rg\u00e3os. No Brasil, segundo o<strong> Inca (Instituto Nacional de C\u00e2ncer)<\/strong>, s\u00e3o registrados cerca de <mark style=\"background-color:#fcb900\" class=\"has-inline-color has-black-color\">9 mil casos e quase 2 mil mortes por ano em decorr\u00eancia da doen\u00e7a<\/mark>.<\/p>\n<p>J\u00e1 se sabe h\u00e1 algum tempo que o melanoma \u00e9 altamente imunog\u00eanico, ou seja, responde bem \u00e0 imunoterapia \u2013 um tratamento que estimula o sistema imunol\u00f3gico a reconhecer e atacar as c\u00e9lulas cancer\u00edgenas.<\/p>\n<p>Entre os diferentes tipos de imunoterapia, o bloqueio da prote\u00edna PD-1 se tornou o tratamento padr\u00e3o para casos avan\u00e7ados de melanoma. No entanto, entre 40% e 60% dos pacientes n\u00e3o respondem bem a essa abordagem e ainda podem sofrer efeitos colaterais relevantes.<\/p>\n<p>Isso traz desafios cl\u00ednicos e econ\u00f4micos, principalmente em pa\u00edses como o Brasil, onde o acesso \u00e0 imunoterapia no SUS \u00e9 restrito. Embora a Conitec (Comiss\u00e3o Nacional de Incorpora\u00e7\u00e3o de Tecnologias) j\u00e1 tenha recomendado sua inclus\u00e3o na rede p\u00fablica, o alto custo ainda impede a ado\u00e7\u00e3o rotineira do tratamento.<\/p>\n<h2 class=\"wp-block-heading\"><strong>Marcadores gen\u00e9ticos<\/strong><\/h2>\n<p>Foi diante desse cen\u00e1rio que a engenheira biotecnol\u00f3gica<strong> Bruna Pereira Sorroche<\/strong> decidiu investigar se seria poss\u00edvel identificar marcadores gen\u00e9ticos que indicassem previamente a efic\u00e1cia da imunoterapia em indiv\u00edduos com melanoma.<\/p>\n<p>O estudo, financiado pela Fapesp por meio de dois projetos (19\/07111-9\u00a0e\u00a019\/03570-9), \u00a0contou com orienta\u00e7\u00e3o da professora <strong>L\u00eddia Maria Rebolho Batista Arantes<\/strong>. Os resultados foram publicados\u00a0no Journal of Molecular Medicine.<\/p>\n<p><mark style=\"background-color:#fcb900\" class=\"has-inline-color has-black-color\">A pesquisa analisou amostras de tumor de 35 pacientes com melanoma avan\u00e7ado tratados com imunoterapia anti-PD-1 entre 2016 e 2021 no Hospital de Amor. <\/mark>A cientista cruzou essas amostras com dados de um painel de 579 genes relacionados ao sistema imunol\u00f3gico. Com isso, identificou quatro genes \u2013 CD24, NFIL3, FN1 e KLRK1 \u2013 cuja express\u00e3o aumentada se mostrou fortemente associada \u00e0 resist\u00eancia ao tratamento.<\/p>\n<p>Segundo o estudo, pacientes com alta express\u00e3o desses genes apresentavam um risco 230 vezes maior de n\u00e3o responder \u00e0 imunoterapia em compara\u00e7\u00e3o com os que tinham baixa express\u00e3o.<\/p>\n<p>Al\u00e9m disso, a sobrevida global tamb\u00e9m foi menor nesses casos: ap\u00f3s cinco anos, 48,1% dos pacientes com baixa express\u00e3o dos genes ainda estavam vivos, contra apenas 5,9% entre os com alta express\u00e3o.<\/p>\n<h2 class=\"wp-block-heading\"><strong>Evas\u00e3o do sistema imune<\/strong><\/h2>\n<p>A an\u00e1lise aprofundada mostrou que esses genes est\u00e3o ligados a mecanismos de evas\u00e3o do sistema imune e supress\u00e3o da resposta inflamat\u00f3ria.<\/p>\n<p>Por exemplo, o gene CD24 atua como um \u201cponto de checagem\u201d (checkpoint) imunol\u00f3gico, ajudando o tumor a escapar da a\u00e7\u00e3o do sistema de defesa do corpo.<\/p>\n<p>O FN1 est\u00e1 relacionado \u00e0 progress\u00e3o tumoral e \u00e0 forma\u00e7\u00e3o de estruturas que favorecem o crescimento do c\u00e2ncer. J\u00e1 o KLRK1, normalmente envolvido na ativa\u00e7\u00e3o de c\u00e9lulas imunes, pode ter sua fun\u00e7\u00e3o comprometida quando desregulado, enfraquecendo a resposta do organismo contra o tumor.<\/p>\n<p>O gene NFIL3 tamb\u00e9m tem papel relevante na resposta imunol\u00f3gica, podendo contribuir para o escape tumoral.<\/p>\n<p>\u201cO aumento da express\u00e3o desses quatro genes est\u00e1 relacionado a mecanismos j\u00e1 conhecidos de desenvolvimento de tumores e escape imunol\u00f3gico \u2013 ou seja, formas pelas quais o c\u00e2ncer consegue \u2018se esconder\u2019 do sistema de defesa do corpo. Isso explicaria por que alguns pacientes n\u00e3o se beneficiam da imunoterapia, mesmo quando o tratamento \u00e9 tecnicamente indicado\u201d, diz Sorroche.<\/p>\n<h2 class=\"wp-block-heading\"><strong>Valida\u00e7\u00e3o das descobertas<\/strong><\/h2>\n<p>Para validar os achados, a equipe comparou os resultados com dados de duas coortes internacionais independentes. A assinatura gen\u00e9tica se manteve eficaz na previs\u00e3o da resposta ao tratamento e dos desfechos cl\u00ednicos, mesmo com varia\u00e7\u00f5es esperadas entre os grupos analisados.<\/p>\n<p>Um dos diferenciais do estudo foi o uso da tecnologia NanoString, uma plataforma de an\u00e1lise gen\u00e9tica mais acess\u00edvel e custo-efetiva que o sequenciamento tradicional de RNA, o que facilita sua aplica\u00e7\u00e3o na pr\u00e1tica cl\u00ednica, inclusive em hospitais com menos recursos.<\/p>\n<p>Outro aspecto promissor \u00e9 que essa assinatura gen\u00e9tica tamb\u00e9m se mostrou preditiva em pacientes diagnosticados ainda nas fases iniciais da doen\u00e7a. Isso indica que o perfil gen\u00e9tico do tumor pode ser \u00fatil desde o in\u00edcio do tratamento para orientar decis\u00f5es terap\u00eauticas de forma mais eficaz.<\/p>\n<h2 class=\"wp-block-heading\"><strong>Painel<\/strong><\/h2>\n<p>A equipe est\u00e1 em fase de patenteamento da tecnologia. <mark style=\"background-color:#fcb900\" class=\"has-inline-color has-black-color\">A ideia \u00e9 criar um painel utilizando estes e outros genes como uma ferramenta comercial que permita avaliar, antes da indica\u00e7\u00e3o do tratamento, se o paciente tem ou n\u00e3o chances reais de se beneficiar da imunoterapia.<\/mark><\/p>\n<p>\u201cIsso pode ajudar m\u00e9dicos e gestores de sa\u00fade a decidir sobre o melhor caminho terap\u00eautico, evitando gastos desnecess\u00e1rios com um tratamento que pode custar entre R$ 30 mil e R$ 40 mil por m\u00eas, valor impratic\u00e1vel para a maioria dos pacientes e tamb\u00e9m para o SUS, principalmente se o tratamento durar anos\u201d, comenta a orientadora do estudo.<\/p>\n<p>Apesar de a pesquisa ter sido realizada com um n\u00famero reduzido de pacientes e dados retrospectivos, Sorroche e Arantes acreditam que os achados abrem um caminho promissor para personalizar o tratamento do melanoma. Isso pode poupar pacientes dos efeitos colaterais de terapias ineficazes e ajudar a direcionar os recursos p\u00fablicos com mais efici\u00eancia.<\/p>\n<p>\u201cNosso achado \u00e9 in\u00e9dito porque a pesquisa foi feita com base no perfil gen\u00e9tico da popula\u00e7\u00e3o atendida pelo SUS, o que garante uma maior ader\u00eancia \u00e0s realidades da sa\u00fade p\u00fablica no Brasil\u201d, afirma.<\/p>\n<p>O pr\u00f3ximo passo \u00e9 ampliar os estudos com um n\u00famero maior de pacientes para validar os resultados e definir um valor de corte \u2013 ou seja, um n\u00edvel m\u00ednimo de express\u00e3o dos genes acima do qual a resposta ao tratamento se tornaria improv\u00e1vel.<\/p>\n<p>Esse painel poder\u00e1 ent\u00e3o ser usado como uma ferramenta de predi\u00e7\u00e3o para que m\u00e9dicos consigam decidir, de forma mais informada, qual abordagem terap\u00eautica oferecer a cada paciente. A iniciativa pode representar um divisor de \u00e1guas para a oncologia personalizada no Brasil.<\/p>\n<p>O artigo CD24, NFIL3, FN1, and KLRK1 signature predicts melanoma immunotherapy response and survival pode ser acessado <a href=\"https:\/\/link.springer.com\/article\/10.1007\/s00109-025-02550-z\" data-type=\"link\" data-id=\"https:\/\/link.springer.com\/article\/10.1007\/s00109-025-02550-z\" target=\"_blank\" rel=\"noopener\">clicando aqui<\/a>.<\/p>\n<p>\u00a0*com informa\u00e7\u00f5es <strong>Fernanda Bassette\/Ag\u00eancia Fapesp<\/strong><\/p>\n<p><!-- AI CONTENT END 1 -->\n<\/div>\n<p><br \/>\n<br \/><a href=\"https:\/\/www.acidadeon.com\/ribeiraopreto\/cotidiano\/identificados-genes-que-podem-prever-resposta-de-pacientes-em-tratamento-contra-o-cancer\/\">Source link <\/a><\/p>\n<!-- CONTENT END 1 -->\n","protected":false},"excerpt":{"rendered":"<p>Ag\u00eancia Fapesp* \u2013 Pesquisadores do Centro de Pesquisa em Oncologia Molecular do Hospital de Amor (antigo Hospital de C\u00e2ncer), em Barretos, no interior de S\u00e3o&#8230;<\/p>\n","protected":false},"author":1,"featured_media":74970,"comment_status":"open","ping_status":"open","sticky":false,"template":"","format":"standard","meta":{"advanced_seo_description":"","jetpack_seo_html_title":"","jetpack_seo_noindex":false,"jetpack_post_was_ever_published":false,"_jetpack_newsletter_access":"","_jetpack_dont_email_post_to_subs":false,"_jetpack_newsletter_tier_id":0,"_jetpack_memberships_contains_paywalled_content":false,"_jetpack_memberships_contains_paid_content":false,"footnotes":"","jetpack_publicize_message":"","jetpack_publicize_feature_enabled":true,"jetpack_social_post_already_shared":true,"jetpack_social_options":{"image_generator_settings":{"template":"highway","default_image_id":0,"font":"","enabled":false},"version":2}},"categories":[11],"tags":[],"class_list":["post-74969","post","type-post","status-publish","format-standard","has-post-thumbnail","hentry","category-noticias-de-ribeirao-preto-sp-e-regiao-ismael-colosi"],"jetpack_publicize_connections":[],"jetpack_featured_media_url":"https:\/\/i0.wp.com\/noticiasribeiraopreto.com.br\/wp-content\/uploads\/2025\/07\/chemist-2815640_1280-1.jpg?fit=1280%2C853&ssl=1","jetpack-related-posts":[{"id":18144,"url":"https:\/\/noticiasribeiraopreto.com.br\/index.php\/2023\/12\/19\/dezembro-laranja-veja-como-tratar-o-cancer-de-pele-meu-valor-digital\/","url_meta":{"origin":74969,"position":0},"title":"Dezembro Laranja: veja como tratar o c\u00e2ncer de pele &#8211; Meu Valor Digital","author":"noticiasribeiraopreto.com.br","date":"19 de December de 2023","format":false,"excerpt":"O Dezembro Laranja \u00e9 uma forma de chamar a aten\u00e7\u00e3o da popula\u00e7\u00e3o para o c\u00e2ncer de pele. A doen\u00e7a \u00e9 causada pelo crescimento anormal e descontrolado das c\u00e9lulas que comp\u00f5em a pele, principalmente devido \u00e0 exposi\u00e7\u00e3o excessiva ao sol. O principal sintoma do tumor inclui o surgimento de les\u00f5es, pintas\u2026","rel":"","context":"In &quot;Vagas de Emprego em Ribeir\u00e3o Preto-SP&quot;","block_context":{"text":"Vagas de Emprego em Ribeir\u00e3o Preto-SP","link":"https:\/\/noticiasribeiraopreto.com.br\/index.php\/category\/empregos-classificados-vagas-trabalho\/vagas-de-empregos-em-ribeirao-preto-regiao-brasil\/"},"img":{"alt_text":"","src":"https:\/\/i0.wp.com\/noticiasribeiraopreto.com.br\/wp-content\/uploads\/2023\/12\/3-Dezembro-Amarelo.jpg?fit=1200%2C773&ssl=1&resize=350%2C200","width":350,"height":200,"srcset":"https:\/\/i0.wp.com\/noticiasribeiraopreto.com.br\/wp-content\/uploads\/2023\/12\/3-Dezembro-Amarelo.jpg?fit=1200%2C773&ssl=1&resize=350%2C200 1x, https:\/\/i0.wp.com\/noticiasribeiraopreto.com.br\/wp-content\/uploads\/2023\/12\/3-Dezembro-Amarelo.jpg?fit=1200%2C773&ssl=1&resize=525%2C300 1.5x, https:\/\/i0.wp.com\/noticiasribeiraopreto.com.br\/wp-content\/uploads\/2023\/12\/3-Dezembro-Amarelo.jpg?fit=1200%2C773&ssl=1&resize=700%2C400 2x, https:\/\/i0.wp.com\/noticiasribeiraopreto.com.br\/wp-content\/uploads\/2023\/12\/3-Dezembro-Amarelo.jpg?fit=1200%2C773&ssl=1&resize=1050%2C600 3x"},"classes":[]},{"id":12178,"url":"https:\/\/noticiasribeiraopreto.com.br\/index.php\/2023\/12\/07\/os-sintomas-do-cancer-de-pulmao-que-vitimou-o-dj-linearwave\/","url_meta":{"origin":74969,"position":1},"title":"Os sintomas do c\u00e2ncer de pulm\u00e3o que vitimou o DJ Linearwave","author":"noticiasribeiraopreto.com.br","date":"7 de December de 2023","format":false,"excerpt":"Yuri Bastos, tamb\u00e9m conhecido como\u00a0Linearwave, DJ e o maior produtor de Lo-fi (g\u00eanero que ajuda no controle da ansiedade) da Am\u00e9rica Latina, morreu na quarta-feira, 6. Com mais de 200 milh\u00f5es de streamings no Spotify, Yuri criava m\u00fasicas com refer\u00eancias de g\u00eaneros como bossa nova, m\u00fasica eletr\u00f4nica, hip-hop e ambient\u2026","rel":"","context":"In &quot;Variedades&quot;","block_context":{"text":"Variedades","link":"https:\/\/noticiasribeiraopreto.com.br\/index.php\/category\/variedades\/"},"img":{"alt_text":"","src":"https:\/\/i0.wp.com\/noticiasribeiraopreto.com.br\/wp-content\/uploads\/2023\/12\/fotos-catraca-2023-12-07t132410902.png?fit=1200%2C638&ssl=1&resize=350%2C200","width":350,"height":200,"srcset":"https:\/\/i0.wp.com\/noticiasribeiraopreto.com.br\/wp-content\/uploads\/2023\/12\/fotos-catraca-2023-12-07t132410902.png?fit=1200%2C638&ssl=1&resize=350%2C200 1x, https:\/\/i0.wp.com\/noticiasribeiraopreto.com.br\/wp-content\/uploads\/2023\/12\/fotos-catraca-2023-12-07t132410902.png?fit=1200%2C638&ssl=1&resize=525%2C300 1.5x, https:\/\/i0.wp.com\/noticiasribeiraopreto.com.br\/wp-content\/uploads\/2023\/12\/fotos-catraca-2023-12-07t132410902.png?fit=1200%2C638&ssl=1&resize=700%2C400 2x, https:\/\/i0.wp.com\/noticiasribeiraopreto.com.br\/wp-content\/uploads\/2023\/12\/fotos-catraca-2023-12-07t132410902.png?fit=1200%2C638&ssl=1&resize=1050%2C600 3x"},"classes":[]},{"id":42017,"url":"https:\/\/noticiasribeiraopreto.com.br\/index.php\/2024\/03\/12\/usp-inicia-teste-contra-o-cancer\/","url_meta":{"origin":74969,"position":2},"title":"USP inicia teste contra o c\u00e2ncer\u00a0","author":"noticiasribeiraopreto.com.br","date":"12 de March de 2024","format":false,"excerpt":"12 de mar\u00e7o de 2024 | 15:0012 de mar\u00e7o de 2024 | 9:27 0Com informa\u00e7\u00f5es de Carlos Fioravanti \u00a0(Revista Fapesp)\u00a0\u00a0Come\u00e7a na pr\u00f3xima sexta-feira, 15 de mar\u00e7o, o estudo cl\u00ednico com o uso de terapia CAR-T conduzido pelo Hemocentro de Ribeir\u00e3o Preto, em parceria com o Hospital das Cl\u00ednicas da Faculdade\u2026","rel":"","context":"In &quot;Not\u00edcias de Ribeir\u00e3o Preto-SP e Regi\u00e3o&quot;","block_context":{"text":"Not\u00edcias de Ribeir\u00e3o Preto-SP e Regi\u00e3o","link":"https:\/\/noticiasribeiraopreto.com.br\/index.php\/category\/noticias-de-ribeirao-preto-sp-e-regiao-ismael-colosi\/"},"img":{"alt_text":"","src":"https:\/\/i0.wp.com\/noticiasribeiraopreto.com.br\/wp-content\/uploads\/2024\/03\/Linfoma-Nut-Guilherme-Sircili-scaled.jpg?fit=1000%2C585&ssl=1&resize=350%2C200","width":350,"height":200,"srcset":"https:\/\/i0.wp.com\/noticiasribeiraopreto.com.br\/wp-content\/uploads\/2024\/03\/Linfoma-Nut-Guilherme-Sircili-scaled.jpg?fit=1000%2C585&ssl=1&resize=350%2C200 1x, https:\/\/i0.wp.com\/noticiasribeiraopreto.com.br\/wp-content\/uploads\/2024\/03\/Linfoma-Nut-Guilherme-Sircili-scaled.jpg?fit=1000%2C585&ssl=1&resize=525%2C300 1.5x, https:\/\/i0.wp.com\/noticiasribeiraopreto.com.br\/wp-content\/uploads\/2024\/03\/Linfoma-Nut-Guilherme-Sircili-scaled.jpg?fit=1000%2C585&ssl=1&resize=700%2C400 2x"},"classes":[]},{"id":41843,"url":"https:\/\/noticiasribeiraopreto.com.br\/index.php\/2024\/03\/11\/hc-ribeirao-preto-comeca-testes-de-terapia-celular-contra-o-cancer-nesta-semana\/","url_meta":{"origin":74969,"position":3},"title":"HC Ribeir\u00e3o Preto come\u00e7a testes de terapia celular contra o c\u00e2ncer nesta semana","author":"noticiasribeiraopreto.com.br","date":"11 de March de 2024","format":false,"excerpt":"O Hospital das Cl\u00ednicas de Ribeir\u00e3o Preto vai come\u00e7ar na pr\u00f3xima sexta-feira (15) o teste de terapia celular contra o c\u00e2ncer. De acordo com a USP (Universidade de S\u00e3o Paulo), ter\u00e1 in\u00edcio a inclus\u00e3o dos candidatos no estudo cl\u00ednico das fases 1 e 2 no tratamento com c\u00e9lulas CAR-T em\u2026","rel":"","context":"In &quot;Not\u00edcias de Ribeir\u00e3o Preto-SP e Regi\u00e3o&quot;","block_context":{"text":"Not\u00edcias de Ribeir\u00e3o Preto-SP e Regi\u00e3o","link":"https:\/\/noticiasribeiraopreto.com.br\/index.php\/category\/noticias-de-ribeirao-preto-sp-e-regiao-ismael-colosi\/"},"img":{"alt_text":"","src":"https:\/\/i0.wp.com\/noticiasribeiraopreto.com.br\/wp-content\/uploads\/2024\/03\/AnyConv.com__nutera-rp.webp.webp?fit=796%2C445&ssl=1&resize=350%2C200","width":350,"height":200,"srcset":"https:\/\/i0.wp.com\/noticiasribeiraopreto.com.br\/wp-content\/uploads\/2024\/03\/AnyConv.com__nutera-rp.webp.webp?fit=796%2C445&ssl=1&resize=350%2C200 1x, https:\/\/i0.wp.com\/noticiasribeiraopreto.com.br\/wp-content\/uploads\/2024\/03\/AnyConv.com__nutera-rp.webp.webp?fit=796%2C445&ssl=1&resize=525%2C300 1.5x, https:\/\/i0.wp.com\/noticiasribeiraopreto.com.br\/wp-content\/uploads\/2024\/03\/AnyConv.com__nutera-rp.webp.webp?fit=796%2C445&ssl=1&resize=700%2C400 2x"},"classes":[]},{"id":42294,"url":"https:\/\/noticiasribeiraopreto.com.br\/index.php\/2024\/03\/13\/entenda-como-funciona-a-terapia-celular-contra-o-cancer-do-hc-de-ribeirao\/","url_meta":{"origin":74969,"position":4},"title":"Entenda como funciona a terapia celular contra o c\u00e2ncer do HC de Ribeir\u00e3o","author":"noticiasribeiraopreto.com.br","date":"13 de March de 2024","format":false,"excerpt":"O Hospital das Cl\u00ednicas de Ribeir\u00e3o Preto come\u00e7a nesta sexta-feira (15) os testes sobre o tratamento celular contra o c\u00e2ncer. Na primeira etapa, o tratamento com c\u00e9lulas CAR-T ser\u00e1 aplicado em quatro pacientes com linfoma e leucemia. O tratamento com c\u00e9lulas CAR-T foi desenvolvido em 2017 nos Estados Unidos e,\u2026","rel":"","context":"In &quot;Not\u00edcias de Ribeir\u00e3o Preto-SP e Regi\u00e3o&quot;","block_context":{"text":"Not\u00edcias de Ribeir\u00e3o Preto-SP e Regi\u00e3o","link":"https:\/\/noticiasribeiraopreto.com.br\/index.php\/category\/noticias-de-ribeirao-preto-sp-e-regiao-ismael-colosi\/"},"img":{"alt_text":"","src":"https:\/\/i0.wp.com\/noticiasribeiraopreto.com.br\/wp-content\/uploads\/2024\/03\/AnyConv.com__celula-cart.webp.webp?fit=1200%2C630&ssl=1&resize=350%2C200","width":350,"height":200,"srcset":"https:\/\/i0.wp.com\/noticiasribeiraopreto.com.br\/wp-content\/uploads\/2024\/03\/AnyConv.com__celula-cart.webp.webp?fit=1200%2C630&ssl=1&resize=350%2C200 1x, https:\/\/i0.wp.com\/noticiasribeiraopreto.com.br\/wp-content\/uploads\/2024\/03\/AnyConv.com__celula-cart.webp.webp?fit=1200%2C630&ssl=1&resize=525%2C300 1.5x, https:\/\/i0.wp.com\/noticiasribeiraopreto.com.br\/wp-content\/uploads\/2024\/03\/AnyConv.com__celula-cart.webp.webp?fit=1200%2C630&ssl=1&resize=700%2C400 2x, https:\/\/i0.wp.com\/noticiasribeiraopreto.com.br\/wp-content\/uploads\/2024\/03\/AnyConv.com__celula-cart.webp.webp?fit=1200%2C630&ssl=1&resize=1050%2C600 3x"},"classes":[]},{"id":44112,"url":"https:\/\/noticiasribeiraopreto.com.br\/index.php\/2024\/03\/25\/ministra-da-saude-participa-de-lancamento-de-estudo-clinico-contra-cancer-no-hc-de-ribeirao\/","url_meta":{"origin":74969,"position":5},"title":"Ministra da Sa\u00fade participa de lan\u00e7amento de estudo cl\u00ednico contra c\u00e2ncer no HC de Ribeir\u00e3o","author":"noticiasribeiraopreto.com.br","date":"25 de March de 2024","format":false,"excerpt":"A ministra da Sa\u00fade, N\u00edsia Trindade, esteve em Ribeir\u00e3o Preto, nesta segunda-feira (25), para participar do lan\u00e7amento de um estudo cl\u00ednico com a terapia que usa as c\u00e9lulas CAR-T para combate a linfoma n\u00e3o Hodgkin de c\u00e9lulas B e leucemia linf\u00f3ide de c\u00e9lulas B. Na ocasi\u00e3o, a ministra tamb\u00e9m conheceu\u2026","rel":"","context":"In &quot;Not\u00edcias de Ribeir\u00e3o Preto-SP e Regi\u00e3o&quot;","block_context":{"text":"Not\u00edcias de Ribeir\u00e3o Preto-SP e Regi\u00e3o","link":"https:\/\/noticiasribeiraopreto.com.br\/index.php\/category\/noticias-de-ribeirao-preto-sp-e-regiao-ismael-colosi\/"},"img":{"alt_text":"","src":"https:\/\/i0.wp.com\/noticiasribeiraopreto.com.br\/wp-content\/uploads\/2024\/03\/AnyConv.com__Copia-de-Copia-de-TAMANHO-EXATO-PARA-FOTOS-NO-SISTEMA-NOVO.webp.webp?fit=1200%2C675&ssl=1&resize=350%2C200","width":350,"height":200,"srcset":"https:\/\/i0.wp.com\/noticiasribeiraopreto.com.br\/wp-content\/uploads\/2024\/03\/AnyConv.com__Copia-de-Copia-de-TAMANHO-EXATO-PARA-FOTOS-NO-SISTEMA-NOVO.webp.webp?fit=1200%2C675&ssl=1&resize=350%2C200 1x, https:\/\/i0.wp.com\/noticiasribeiraopreto.com.br\/wp-content\/uploads\/2024\/03\/AnyConv.com__Copia-de-Copia-de-TAMANHO-EXATO-PARA-FOTOS-NO-SISTEMA-NOVO.webp.webp?fit=1200%2C675&ssl=1&resize=525%2C300 1.5x, https:\/\/i0.wp.com\/noticiasribeiraopreto.com.br\/wp-content\/uploads\/2024\/03\/AnyConv.com__Copia-de-Copia-de-TAMANHO-EXATO-PARA-FOTOS-NO-SISTEMA-NOVO.webp.webp?fit=1200%2C675&ssl=1&resize=700%2C400 2x, https:\/\/i0.wp.com\/noticiasribeiraopreto.com.br\/wp-content\/uploads\/2024\/03\/AnyConv.com__Copia-de-Copia-de-TAMANHO-EXATO-PARA-FOTOS-NO-SISTEMA-NOVO.webp.webp?fit=1200%2C675&ssl=1&resize=1050%2C600 3x"},"classes":[]}],"jetpack_sharing_enabled":true,"jetpack_shortlink":"https:\/\/wp.me\/peQAOb-jvb","_links":{"self":[{"href":"https:\/\/noticiasribeiraopreto.com.br\/index.php\/wp-json\/wp\/v2\/posts\/74969","targetHints":{"allow":["GET"]}}],"collection":[{"href":"https:\/\/noticiasribeiraopreto.com.br\/index.php\/wp-json\/wp\/v2\/posts"}],"about":[{"href":"https:\/\/noticiasribeiraopreto.com.br\/index.php\/wp-json\/wp\/v2\/types\/post"}],"author":[{"embeddable":true,"href":"https:\/\/noticiasribeiraopreto.com.br\/index.php\/wp-json\/wp\/v2\/users\/1"}],"replies":[{"embeddable":true,"href":"https:\/\/noticiasribeiraopreto.com.br\/index.php\/wp-json\/wp\/v2\/comments?post=74969"}],"version-history":[{"count":0,"href":"https:\/\/noticiasribeiraopreto.com.br\/index.php\/wp-json\/wp\/v2\/posts\/74969\/revisions"}],"wp:featuredmedia":[{"embeddable":true,"href":"https:\/\/noticiasribeiraopreto.com.br\/index.php\/wp-json\/wp\/v2\/media\/74970"}],"wp:attachment":[{"href":"https:\/\/noticiasribeiraopreto.com.br\/index.php\/wp-json\/wp\/v2\/media?parent=74969"}],"wp:term":[{"taxonomy":"category","embeddable":true,"href":"https:\/\/noticiasribeiraopreto.com.br\/index.php\/wp-json\/wp\/v2\/categories?post=74969"},{"taxonomy":"post_tag","embeddable":true,"href":"https:\/\/noticiasribeiraopreto.com.br\/index.php\/wp-json\/wp\/v2\/tags?post=74969"}],"curies":[{"name":"wp","href":"https:\/\/api.w.org\/{rel}","templated":true}]}}