{"id":74976,"date":"2025-07-31T21:31:23","date_gmt":"2025-08-01T00:31:23","guid":{"rendered":"https:\/\/noticiasribeiraopreto.com.br\/index.php\/2025\/07\/31\/sem-entrar-em-campo-comercial-avanca-na-copa-paulista\/"},"modified":"2025-07-31T21:31:23","modified_gmt":"2025-08-01T00:31:23","slug":"sem-entrar-em-campo-comercial-avanca-na-copa-paulista","status":"publish","type":"post","link":"https:\/\/noticiasribeiraopreto.com.br\/index.php\/2025\/07\/31\/sem-entrar-em-campo-comercial-avanca-na-copa-paulista\/","title":{"rendered":"Sem entrar em campo, Comercial avan\u00e7a na Copa Paulista"},"content":{"rendered":"<div class='code-block code-block-1' style='margin: 8px 0 8px auto; text-align: right; display: block; clear: both;'>\n<p><a href=\"https:\/\/wa.link\/vpicfd\"><img data-recalc-dims=\"1\" class=\"wp-image-4922\" style=\"aspect-ratio: 2.0253164556962027; width: 561px; height: auto;\" src=\"https:\/\/i0.wp.com\/ismaelcolosi.com.br\/wp-content\/uploads\/2023\/11\/grupo-de-empregos-whatsapp-e-facebook-ismael-colosi-vagas.jpg?ssl=1\" alt=\"\" \/><\/a><\/p>\n<!-- \/wp:image -->\n<\/div>\n<p> <br \/>\n<\/p>\n<div data-td-block-uid=\"tdi_95\">\n<div class=\"tdb-block-inner td-fix-index\">\n<p>O <strong>Comercial est\u00e1 garantido nas oitavas de final da Copa Paulista <\/strong>sem precisar entrar em campo. A classifica\u00e7\u00e3o antecipada veio ap\u00f3s o empate entre Uni\u00e3o S\u00e3o Jo\u00e3o e Botafogo, na noite de quarta-feira (30). Com isso, o Le\u00e3o do Norte assegurou vaga na pr\u00f3xima fase com tr\u00eas rodadas de anteced\u00eancia.<\/p>\n<p>O avan\u00e7o se deve aos confrontos diretos que ainda v\u00e3o ocorrer entre os times da parte de baixo da tabela. <strong>Francana <\/strong>(7 pontos), <strong>Botafogo <\/strong>(6) e <strong>Itapirense <\/strong>(4) ainda se enfrentam nas pr\u00f3ximas rodadas e, por isso, n\u00e3o conseguem mais ultrapassar o Alvinegro, que soma<strong> 13 pontos.<\/strong><\/p>\n<p>Agora, o Bafo foca em terminar a fase de grupos na lideran\u00e7a do grupo 2 para garantir a vantagem de decidir os jogos do mata-mata em casa. At\u00e9 aqui, a campanha tem quatro vit\u00f3rias, um empate e duas derrotas.<\/p>\n<h2 class=\"wp-block-heading\"><strong>Os pr\u00f3ximos jogos do Comercial:<\/strong><\/h2>\n<ul class=\"wp-block-list\">\n<li>Botafogo (fora de casa)<\/li>\n<li>Inter de Limeira (em casa)<\/li>\n<li>Uni\u00e3o S\u00e3o Jo\u00e3o (fora de casa)<\/li>\n<\/ul>\n<hr class=\"wp-block-separator has-alpha-channel-opacity\"\/>\n<p>SAIBA MAIS<\/p>\n<p>Sabia que a cidade mais silenciosa do Brasil fica na regi\u00e3o de Ribeir\u00e3o Preto? Veja qual \u00e9<\/p>\n<h2 class=\"wp-block-heading\"><strong>FIQUE ON<\/strong><\/h2>\n<p>Quer ficar por dentro de tudo que acontece em Ribeir\u00e3o Preto e regi\u00e3o? Ent\u00e3o siga os perfis do\u202facidade on\u202fno\u202f<a href=\"https:\/\/www.instagram.com\/acidadeonribeirao\" target=\"_blank\" rel=\"noreferrer noopener\">Instagram<\/a>\u202fe no\u202f<a href=\"https:\/\/www.facebook.com\/acidadeonribeirao\/\" target=\"_blank\" rel=\"noreferrer noopener\">Facebook<\/a>.<\/p>\n<p>Al\u00e9m disso, voc\u00ea pode receber as principais not\u00edcias diretamente no WhatsApp. Para isso, basta\u00a0<a href=\"https:\/\/chat.whatsapp.com\/BjKQZ9oJwlz8VVT50NuePq\" target=\"_blank\" rel=\"noreferrer noopener\">entrar no grupo clicando aqui<\/a>.<\/p>\n<p>Por fim, se quiser fazer uma den\u00fancia ou sugerir uma reportagem sobre Ribeir\u00e3o Preto e regi\u00e3o, envie uma mensagem pelo WhatsApp: (16) 99117-7802.<\/p>\n<p>VEJA TAMB\u00c9M<\/p>\n<p>Qual o hor\u00e1rio em que celulares s\u00e3o mais furtados?<\/p>\n<p><!-- AI CONTENT END 1 -->\n<\/div>\n<\/div>\n<p><script async src=\"\/\/www.instagram.com\/embed.js\"><\/script><br \/>\n<br \/><br \/>\n<br \/><a href=\"https:\/\/www.acidadeon.com\/ribeiraopreto\/esportes\/sem-entrar-em-campo-comercial-avanca-na-copa-paulista\/\">Source link <\/a><\/p>\n<!-- CONTENT END 1 -->\n","protected":false},"excerpt":{"rendered":"<p>O Comercial est\u00e1 garantido nas oitavas de final da Copa Paulista sem precisar entrar em campo. A classifica\u00e7\u00e3o antecipada veio ap\u00f3s o empate entre Uni\u00e3o&#8230;<\/p>\n","protected":false},"author":1,"featured_media":73465,"comment_status":"open","ping_status":"open","sticky":false,"template":"","format":"standard","meta":{"advanced_seo_description":"","jetpack_seo_html_title":"","jetpack_seo_noindex":false,"jetpack_post_was_ever_published":false,"_jetpack_newsletter_access":"","_jetpack_dont_email_post_to_subs":false,"_jetpack_newsletter_tier_id":0,"_jetpack_memberships_contains_paywalled_content":false,"_jetpack_memberships_contains_paid_content":false,"footnotes":"","jetpack_publicize_message":"","jetpack_publicize_feature_enabled":true,"jetpack_social_post_already_shared":true,"jetpack_social_options":{"image_generator_settings":{"template":"highway","default_image_id":0,"font":"","enabled":false},"version":2}},"categories":[11],"tags":[],"class_list":["post-74976","post","type-post","status-publish","format-standard","has-post-thumbnail","hentry","category-noticias-de-ribeirao-preto-sp-e-regiao-ismael-colosi"],"jetpack_publicize_connections":[],"jetpack_featured_media_url":"https:\/\/i0.wp.com\/noticiasribeiraopreto.com.br\/wp-content\/uploads\/2025\/07\/comerfogo31_2025-07-03_00-04-13.webp.webp?fit=1200%2C828&ssl=1","jetpack-related-posts":[{"id":73715,"url":"https:\/\/noticiasribeiraopreto.com.br\/index.php\/2025\/07\/08\/comercial-visita-inter-de-limeira-pela-copa-paulista\/","url_meta":{"origin":74976,"position":0},"title":"Comercial visita Inter de Limeira pela Copa Paulista","author":"noticiasribeiraopreto.com.br","date":"8 de July de 2025","format":false,"excerpt":"8 de julho de 2025 13:008 de julho de 2025 11:2516 Compartilhar0 Por Hugo Luque O Comercial encara a Inter de Limeira nesta ter\u00e7a-feira (8), \u00e0s 19h, no Est\u00e1dio Major Jos\u00e9 Levy Sobrinho, pela quarta rodada do Grupo 2 da Copa Paulista. Em grande fase, o Le\u00e3o do Norte busca\u2026","rel":"","context":"In &quot;Not\u00edcias de Ribeir\u00e3o Preto-SP e Regi\u00e3o&quot;","block_context":{"text":"Not\u00edcias de Ribeir\u00e3o Preto-SP e Regi\u00e3o","link":"https:\/\/noticiasribeiraopreto.com.br\/index.php\/category\/noticias-de-ribeirao-preto-sp-e-regiao-ismael-colosi\/"},"img":{"alt_text":"","src":"https:\/\/i0.wp.com\/noticiasribeiraopreto.com.br\/wp-content\/uploads\/2025\/07\/1-Comercial-x-Botafogo-Raul-Ramos-3.jpg?fit=799%2C533&ssl=1&resize=350%2C200","width":350,"height":200,"srcset":"https:\/\/i0.wp.com\/noticiasribeiraopreto.com.br\/wp-content\/uploads\/2025\/07\/1-Comercial-x-Botafogo-Raul-Ramos-3.jpg?fit=799%2C533&ssl=1&resize=350%2C200 1x, https:\/\/i0.wp.com\/noticiasribeiraopreto.com.br\/wp-content\/uploads\/2025\/07\/1-Comercial-x-Botafogo-Raul-Ramos-3.jpg?fit=799%2C533&ssl=1&resize=525%2C300 1.5x, https:\/\/i0.wp.com\/noticiasribeiraopreto.com.br\/wp-content\/uploads\/2025\/07\/1-Comercial-x-Botafogo-Raul-Ramos-3.jpg?fit=799%2C533&ssl=1&resize=700%2C400 2x"},"classes":[]},{"id":67540,"url":"https:\/\/noticiasribeiraopreto.com.br\/index.php\/2025\/04\/15\/copa-paulista-2025-tera-classico-come-fogo-na-1a-fase-veja-os-grupos\/","url_meta":{"origin":74976,"position":1},"title":"Copa Paulista 2025 ter\u00e1 cl\u00e1ssico Come-Fogo na 1\u00aa fase; veja os grupos","author":"noticiasribeiraopreto.com.br","date":"15 de April de 2025","format":false,"excerpt":"Pelo segundo ano consecutivo, Botafogo e Comercial se enfrentam na 1\u00aa fase da Copa Paulista. A confirma\u00e7\u00e3o foi feita pela Federa\u00e7\u00e3o Paulista de Futebol (FPF), durante o conselho t\u00e9cnico realizado nesta ter\u00e7a-feira (15). A edi\u00e7\u00e3o de 2025 contar\u00e1 com 23 times, divididos em quatro grupos. A competi\u00e7\u00e3o come\u00e7a em 15\u2026","rel":"","context":"In &quot;Not\u00edcias de Ribeir\u00e3o Preto-SP e Regi\u00e3o&quot;","block_context":{"text":"Not\u00edcias de Ribeir\u00e3o Preto-SP e Regi\u00e3o","link":"https:\/\/noticiasribeiraopreto.com.br\/index.php\/category\/noticias-de-ribeirao-preto-sp-e-regiao-ismael-colosi\/"},"img":{"alt_text":"","src":"https:\/\/i0.wp.com\/noticiasribeiraopreto.com.br\/wp-content\/uploads\/2025\/04\/Copia-de-Copia-de-Copia-de-TAMANHO-EXATO-PARA-FOTOS-NO-SISTEMA-NOVO-2025-04-15T141442.906_2025-04-15_17-15-41_png_2025-04-15_17-15-41.webp.webp?fit=1200%2C675&ssl=1&resize=350%2C200","width":350,"height":200,"srcset":"https:\/\/i0.wp.com\/noticiasribeiraopreto.com.br\/wp-content\/uploads\/2025\/04\/Copia-de-Copia-de-Copia-de-TAMANHO-EXATO-PARA-FOTOS-NO-SISTEMA-NOVO-2025-04-15T141442.906_2025-04-15_17-15-41_png_2025-04-15_17-15-41.webp.webp?fit=1200%2C675&ssl=1&resize=350%2C200 1x, https:\/\/i0.wp.com\/noticiasribeiraopreto.com.br\/wp-content\/uploads\/2025\/04\/Copia-de-Copia-de-Copia-de-TAMANHO-EXATO-PARA-FOTOS-NO-SISTEMA-NOVO-2025-04-15T141442.906_2025-04-15_17-15-41_png_2025-04-15_17-15-41.webp.webp?fit=1200%2C675&ssl=1&resize=525%2C300 1.5x, https:\/\/i0.wp.com\/noticiasribeiraopreto.com.br\/wp-content\/uploads\/2025\/04\/Copia-de-Copia-de-Copia-de-TAMANHO-EXATO-PARA-FOTOS-NO-SISTEMA-NOVO-2025-04-15T141442.906_2025-04-15_17-15-41_png_2025-04-15_17-15-41.webp.webp?fit=1200%2C675&ssl=1&resize=700%2C400 2x, https:\/\/i0.wp.com\/noticiasribeiraopreto.com.br\/wp-content\/uploads\/2025\/04\/Copia-de-Copia-de-Copia-de-TAMANHO-EXATO-PARA-FOTOS-NO-SISTEMA-NOVO-2025-04-15T141442.906_2025-04-15_17-15-41_png_2025-04-15_17-15-41.webp.webp?fit=1200%2C675&ssl=1&resize=1050%2C600 3x"},"classes":[]},{"id":22668,"url":"https:\/\/noticiasribeiraopreto.com.br\/index.php\/2023\/12\/30\/o-ano-da-dupla-come-fogo-manutencoes-campanha-historica-e-fim-de-uma-era\/","url_meta":{"origin":74976,"position":2},"title":"O ano da dupla Come-Fogo: Manuten\u00e7\u00f5es, campanha hist\u00f3rica e fim de uma era\u00a0\u00a0","author":"noticiasribeiraopreto.com.br","date":"30 de December de 2023","format":false,"excerpt":"O ano chegou ao fim e a dupla Come-Fogo encerra mais uma temporada. Esta, com bons n\u00fameros para ambos os times. Em 2023, diferente de 2022, n\u00e3o teve acesso, por\u00e9m, as equipes deram orgulho para seus torcedores.\u00a0\u00a0Por isso, o Tribuna preparou uma retrospectiva para relembrar os pontos altos e baixos\u2026","rel":"","context":"In &quot;Not\u00edcias de Ribeir\u00e3o Preto-SP e Regi\u00e3o&quot;","block_context":{"text":"Not\u00edcias de Ribeir\u00e3o Preto-SP e Regi\u00e3o","link":"https:\/\/noticiasribeiraopreto.com.br\/index.php\/category\/noticias-de-ribeirao-preto-sp-e-regiao-ismael-colosi\/"},"img":{"alt_text":"","src":"https:\/\/i0.wp.com\/noticiasribeiraopreto.com.br\/wp-content\/uploads\/2023\/12\/9926bd76-bc87-4b44-b325-cbc7092645c6.jpg?fit=590%2C332&ssl=1&resize=350%2C200","width":350,"height":200,"srcset":"https:\/\/i0.wp.com\/noticiasribeiraopreto.com.br\/wp-content\/uploads\/2023\/12\/9926bd76-bc87-4b44-b325-cbc7092645c6.jpg?fit=590%2C332&ssl=1&resize=350%2C200 1x, https:\/\/i0.wp.com\/noticiasribeiraopreto.com.br\/wp-content\/uploads\/2023\/12\/9926bd76-bc87-4b44-b325-cbc7092645c6.jpg?fit=590%2C332&ssl=1&resize=525%2C300 1.5x"},"classes":[]},{"id":75580,"url":"https:\/\/noticiasribeiraopreto.com.br\/index.php\/2025\/08\/12\/ja-classificado-comercial-empata-com-a-inter-de-limeira-na-copa-paulista\/","url_meta":{"origin":74976,"position":3},"title":"J\u00e1 classificado, Comercial empata com a Inter de Limeira na Copa Paulista","author":"noticiasribeiraopreto.com.br","date":"12 de August de 2025","format":false,"excerpt":"O Comercial empatou em 2 a 2 com a Inter de Limeira na noite desta segunda-feira (11), em partida v\u00e1lida pela 9\u00aa rodada da Copa Paulista. O confronto foi disputado no Est\u00e1dio Santa Cruz, em Ribeir\u00e3o Preto. A Inter saiu na frente com gol do atacante Thomaz, camisa 9. Aos\u2026","rel":"","context":"In &quot;Not\u00edcias de Ribeir\u00e3o Preto-SP e Regi\u00e3o&quot;","block_context":{"text":"Not\u00edcias de Ribeir\u00e3o Preto-SP e Regi\u00e3o","link":"https:\/\/noticiasribeiraopreto.com.br\/index.php\/category\/noticias-de-ribeirao-preto-sp-e-regiao-ismael-colosi\/"},"img":{"alt_text":"","src":"https:\/\/i0.wp.com\/noticiasribeiraopreto.com.br\/wp-content\/uploads\/2025\/08\/44a29cca-0a52-4fe9-8215-95e7f4511ebf_2025-08-12_01-11-19.webp.webp?fit=1200%2C801&ssl=1&resize=350%2C200","width":350,"height":200,"srcset":"https:\/\/i0.wp.com\/noticiasribeiraopreto.com.br\/wp-content\/uploads\/2025\/08\/44a29cca-0a52-4fe9-8215-95e7f4511ebf_2025-08-12_01-11-19.webp.webp?fit=1200%2C801&ssl=1&resize=350%2C200 1x, https:\/\/i0.wp.com\/noticiasribeiraopreto.com.br\/wp-content\/uploads\/2025\/08\/44a29cca-0a52-4fe9-8215-95e7f4511ebf_2025-08-12_01-11-19.webp.webp?fit=1200%2C801&ssl=1&resize=525%2C300 1.5x, https:\/\/i0.wp.com\/noticiasribeiraopreto.com.br\/wp-content\/uploads\/2025\/08\/44a29cca-0a52-4fe9-8215-95e7f4511ebf_2025-08-12_01-11-19.webp.webp?fit=1200%2C801&ssl=1&resize=700%2C400 2x, https:\/\/i0.wp.com\/noticiasribeiraopreto.com.br\/wp-content\/uploads\/2025\/08\/44a29cca-0a52-4fe9-8215-95e7f4511ebf_2025-08-12_01-11-19.webp.webp?fit=1200%2C801&ssl=1&resize=1050%2C600 3x"},"classes":[]},{"id":74289,"url":"https:\/\/noticiasribeiraopreto.com.br\/index.php\/2025\/07\/19\/comercial-busca-lideranca-contra-francana-pela-copa-paulista\/","url_meta":{"origin":74976,"position":4},"title":"Comercial busca lideran\u00e7a contra Francana pela Copa Paulista","author":"noticiasribeiraopreto.com.br","date":"19 de July de 2025","format":false,"excerpt":"19 de julho de 2025 09:3018 de julho de 2025 20:268 Compartilhar0 Por Hugo Luque O Comercial tenta retomar a lideran\u00e7a do Grupo 2 da Copa Paulista neste s\u00e1bado (19), \u00e0s 16h, no Est\u00e1dio Municipal Doutor Lancha Filho, o Lanch\u00e3o, contra a Francana. O duelo \u00e9 v\u00e1lido pela sexta rodada\u2026","rel":"","context":"In &quot;Not\u00edcias de Ribeir\u00e3o Preto-SP e Regi\u00e3o&quot;","block_context":{"text":"Not\u00edcias de Ribeir\u00e3o Preto-SP e Regi\u00e3o","link":"https:\/\/noticiasribeiraopreto.com.br\/index.php\/category\/noticias-de-ribeirao-preto-sp-e-regiao-ismael-colosi\/"},"img":{"alt_text":"","src":"https:\/\/i0.wp.com\/noticiasribeiraopreto.com.br\/wp-content\/uploads\/2025\/07\/1-Comercial-x-Francana-Raul-Ramos-2.jpg?fit=799%2C533&ssl=1&resize=350%2C200","width":350,"height":200,"srcset":"https:\/\/i0.wp.com\/noticiasribeiraopreto.com.br\/wp-content\/uploads\/2025\/07\/1-Comercial-x-Francana-Raul-Ramos-2.jpg?fit=799%2C533&ssl=1&resize=350%2C200 1x, https:\/\/i0.wp.com\/noticiasribeiraopreto.com.br\/wp-content\/uploads\/2025\/07\/1-Comercial-x-Francana-Raul-Ramos-2.jpg?fit=799%2C533&ssl=1&resize=525%2C300 1.5x, https:\/\/i0.wp.com\/noticiasribeiraopreto.com.br\/wp-content\/uploads\/2025\/07\/1-Comercial-x-Francana-Raul-Ramos-2.jpg?fit=799%2C533&ssl=1&resize=700%2C400 2x"},"classes":[]},{"id":74463,"url":"https:\/\/noticiasribeiraopreto.com.br\/index.php\/2025\/07\/23\/botafogo-recebe-inter-de-limeira-pela-copa-paulista\/","url_meta":{"origin":74976,"position":5},"title":"Botafogo recebe Inter de Limeira pela Copa Paulista","author":"noticiasribeiraopreto.com.br","date":"23 de July de 2025","format":false,"excerpt":"23 de julho de 2025 11:0023 de julho de 2025 10:378 Compartilhar0 Por Hugo Luque O Botafogo volta \u00e0s aten\u00e7\u00f5es para a Copa Paulista novamente nesta quarta-feira (23), \u00e0s 15h, quando recebe a Inter de Limeira no Est\u00e1dio Santa Cruz\/Arena Nicnet, pela sexta rodada do Grupo 2. Ap\u00f3s um in\u00edcio\u2026","rel":"","context":"In &quot;Not\u00edcias de Ribeir\u00e3o Preto-SP e Regi\u00e3o&quot;","block_context":{"text":"Not\u00edcias de Ribeir\u00e3o Preto-SP e Regi\u00e3o","link":"https:\/\/noticiasribeiraopreto.com.br\/index.php\/category\/noticias-de-ribeirao-preto-sp-e-regiao-ismael-colosi\/"},"img":{"alt_text":"","src":"https:\/\/i0.wp.com\/noticiasribeiraopreto.com.br\/wp-content\/uploads\/2025\/07\/1-Francana-x-Botafogo-Luiz-Fernando-Cosenzo_Agencia-Botafogo-2-scaled.jpg?fit=1170%2C780&ssl=1&resize=350%2C200","width":350,"height":200,"srcset":"https:\/\/i0.wp.com\/noticiasribeiraopreto.com.br\/wp-content\/uploads\/2025\/07\/1-Francana-x-Botafogo-Luiz-Fernando-Cosenzo_Agencia-Botafogo-2-scaled.jpg?fit=1170%2C780&ssl=1&resize=350%2C200 1x, https:\/\/i0.wp.com\/noticiasribeiraopreto.com.br\/wp-content\/uploads\/2025\/07\/1-Francana-x-Botafogo-Luiz-Fernando-Cosenzo_Agencia-Botafogo-2-scaled.jpg?fit=1170%2C780&ssl=1&resize=525%2C300 1.5x, https:\/\/i0.wp.com\/noticiasribeiraopreto.com.br\/wp-content\/uploads\/2025\/07\/1-Francana-x-Botafogo-Luiz-Fernando-Cosenzo_Agencia-Botafogo-2-scaled.jpg?fit=1170%2C780&ssl=1&resize=700%2C400 2x, https:\/\/i0.wp.com\/noticiasribeiraopreto.com.br\/wp-content\/uploads\/2025\/07\/1-Francana-x-Botafogo-Luiz-Fernando-Cosenzo_Agencia-Botafogo-2-scaled.jpg?fit=1170%2C780&ssl=1&resize=1050%2C600 3x"},"classes":[]}],"jetpack_sharing_enabled":true,"jetpack_shortlink":"https:\/\/wp.me\/peQAOb-jvi","_links":{"self":[{"href":"https:\/\/noticiasribeiraopreto.com.br\/index.php\/wp-json\/wp\/v2\/posts\/74976","targetHints":{"allow":["GET"]}}],"collection":[{"href":"https:\/\/noticiasribeiraopreto.com.br\/index.php\/wp-json\/wp\/v2\/posts"}],"about":[{"href":"https:\/\/noticiasribeiraopreto.com.br\/index.php\/wp-json\/wp\/v2\/types\/post"}],"author":[{"embeddable":true,"href":"https:\/\/noticiasribeiraopreto.com.br\/index.php\/wp-json\/wp\/v2\/users\/1"}],"replies":[{"embeddable":true,"href":"https:\/\/noticiasribeiraopreto.com.br\/index.php\/wp-json\/wp\/v2\/comments?post=74976"}],"version-history":[{"count":0,"href":"https:\/\/noticiasribeiraopreto.com.br\/index.php\/wp-json\/wp\/v2\/posts\/74976\/revisions"}],"wp:featuredmedia":[{"embeddable":true,"href":"https:\/\/noticiasribeiraopreto.com.br\/index.php\/wp-json\/wp\/v2\/media\/73465"}],"wp:attachment":[{"href":"https:\/\/noticiasribeiraopreto.com.br\/index.php\/wp-json\/wp\/v2\/media?parent=74976"}],"wp:term":[{"taxonomy":"category","embeddable":true,"href":"https:\/\/noticiasribeiraopreto.com.br\/index.php\/wp-json\/wp\/v2\/categories?post=74976"},{"taxonomy":"post_tag","embeddable":true,"href":"https:\/\/noticiasribeiraopreto.com.br\/index.php\/wp-json\/wp\/v2\/tags?post=74976"}],"curies":[{"name":"wp","href":"https:\/\/api.w.org\/{rel}","templated":true}]}}