{"id":74979,"date":"2025-08-01T00:25:28","date_gmt":"2025-08-01T03:25:28","guid":{"rendered":"https:\/\/noticiasribeiraopreto.com.br\/index.php\/2025\/08\/01\/carro-invade-loja-de-conveniencia-e-deixa-duas-pessoas-feridas-em-ribeirao-preto\/"},"modified":"2025-08-01T00:25:28","modified_gmt":"2025-08-01T03:25:28","slug":"carro-invade-loja-de-conveniencia-e-deixa-duas-pessoas-feridas-em-ribeirao-preto","status":"publish","type":"post","link":"https:\/\/noticiasribeiraopreto.com.br\/index.php\/2025\/08\/01\/carro-invade-loja-de-conveniencia-e-deixa-duas-pessoas-feridas-em-ribeirao-preto\/","title":{"rendered":"Carro invade loja de conveni\u00eancia e deixa duas pessoas feridas em Ribeir\u00e3o Preto"},"content":{"rendered":"<div class='code-block code-block-1' style='margin: 8px 0 8px auto; text-align: right; display: block; clear: both;'>\n<p><a href=\"https:\/\/wa.link\/vpicfd\"><img data-recalc-dims=\"1\" class=\"wp-image-4922\" style=\"aspect-ratio: 2.0253164556962027; width: 561px; height: auto;\" src=\"https:\/\/i0.wp.com\/ismaelcolosi.com.br\/wp-content\/uploads\/2023\/11\/grupo-de-empregos-whatsapp-e-facebook-ismael-colosi-vagas.jpg?ssl=1\" alt=\"\" \/><\/a><\/p>\n<!-- \/wp:image -->\n<\/div>\n<p> <br \/>\n<\/p>\n<div data-td-block-uid=\"tdi_95\">\n<div class=\"tdb-block-inner td-fix-index\">\n<p>Um carro invadiu uma loja de conveni\u00eancia de um posto de combust\u00edvel, na zona Sul de Ribeir\u00e3o Preto, na noite desta quinta-feira (31). O ve\u00edculo atravessou a fachada de vidro do estabelecimento e atingiu duas pessoas que estavam sentadas em uma mesa.<\/p>\n<p>As v\u00edtimas sofreram fraturas: uma quebrou a perna e a outra o bra\u00e7o. Ambas permanecem conscientes e foram encaminhadas para atendimento m\u00e9dico. A motorista do ve\u00edculo tamb\u00e9m recebeu atendimento ap\u00f3s apresentar um pico de press\u00e3o arterial, causado pelo susto.<\/p>\n<p>No momento do acidente, a condutora seguia em dire\u00e7\u00e3o \u00e0 casa da m\u00e3e. Ela estava sozinha no carro. As circunst\u00e2ncias da colis\u00e3o ainda ser\u00e3o apuradas.<\/p>\n<hr class=\"wp-block-separator has-alpha-channel-opacity\"\/>\n<p>SAIBA MAIS<\/p>\n<p>Sabia que a cidade mais silenciosa do Brasil fica na regi\u00e3o de Ribeir\u00e3o Preto? Veja qual \u00e9<\/p>\n<h2 class=\"wp-block-heading\"><strong>FIQUE ON<\/strong><\/h2>\n<p>Quer ficar por dentro de tudo que acontece em Ribeir\u00e3o Preto e regi\u00e3o? Ent\u00e3o siga os perfis do\u202facidade on\u202fno\u202f<a href=\"https:\/\/www.instagram.com\/acidadeonribeirao\" target=\"_blank\" rel=\"noreferrer noopener\">Instagram<\/a>\u202fe no\u202f<a href=\"https:\/\/www.facebook.com\/acidadeonribeirao\/\" target=\"_blank\" rel=\"noreferrer noopener\">Facebook<\/a>.<\/p>\n<p>Al\u00e9m disso, voc\u00ea pode receber as principais not\u00edcias diretamente no WhatsApp. Para isso, basta\u00a0<a href=\"https:\/\/chat.whatsapp.com\/BjKQZ9oJwlz8VVT50NuePq\" target=\"_blank\" rel=\"noreferrer noopener\">entrar no grupo clicando aqui<\/a>.<\/p>\n<p>Por fim, se quiser fazer uma den\u00fancia ou sugerir uma reportagem sobre Ribeir\u00e3o Preto e regi\u00e3o, envie uma mensagem pelo WhatsApp:\u00a0(16) 99117-7802.<\/p>\n<p>VEJA TAMB\u00c9M<\/p>\n<p>Qual o hor\u00e1rio em que celulares s\u00e3o mais furtados?<\/p>\n<p><!-- AI CONTENT END 1 -->\n<\/div>\n<\/div>\n<p><script async src=\"\/\/www.instagram.com\/embed.js\"><\/script><br \/>\n<br \/><br \/>\n<br \/><a href=\"https:\/\/www.acidadeon.com\/ribeiraopreto\/cotidiano\/carro-invade-loja-de-conveniencia-e-deixa-duas-pessoas-feridas-em-ribeirao-preto\/\">Source link <\/a><\/p>\n<!-- CONTENT END 1 -->\n","protected":false},"excerpt":{"rendered":"<p>Um carro invadiu uma loja de conveni\u00eancia de um posto de combust\u00edvel, na zona Sul de Ribeir\u00e3o Preto, na noite desta quinta-feira (31). O ve\u00edculo&#8230;<\/p>\n","protected":false},"author":1,"featured_media":74980,"comment_status":"open","ping_status":"open","sticky":false,"template":"","format":"standard","meta":{"advanced_seo_description":"","jetpack_seo_html_title":"","jetpack_seo_noindex":false,"jetpack_post_was_ever_published":false,"_jetpack_newsletter_access":"","_jetpack_dont_email_post_to_subs":false,"_jetpack_newsletter_tier_id":0,"_jetpack_memberships_contains_paywalled_content":false,"_jetpack_memberships_contains_paid_content":false,"footnotes":"","jetpack_publicize_message":"","jetpack_publicize_feature_enabled":true,"jetpack_social_post_already_shared":true,"jetpack_social_options":{"image_generator_settings":{"template":"highway","default_image_id":0,"font":"","enabled":false},"version":2}},"categories":[11],"tags":[],"class_list":["post-74979","post","type-post","status-publish","format-standard","has-post-thumbnail","hentry","category-noticias-de-ribeirao-preto-sp-e-regiao-ismael-colosi"],"jetpack_publicize_connections":[],"jetpack_featured_media_url":"https:\/\/i0.wp.com\/noticiasribeiraopreto.com.br\/wp-content\/uploads\/2025\/08\/Copia-de-Copia-de-Copia-de-TAMANHO-EXATO-PARA-FOTOS-NO-SISTEMA-NOVO_2025-08-01_01-08-19.webp.webp?fit=1200%2C675&ssl=1","jetpack-related-posts":[{"id":74992,"url":"https:\/\/noticiasribeiraopreto.com.br\/index.php\/2025\/08\/01\/imagens-mostram-momento-que-carro-invade-loja-de-conveniencia-veja-o-video\/","url_meta":{"origin":74979,"position":0},"title":"Imagens mostram momento que carro invade loja de conveni\u00eancia; Veja o v\u00eddeo","author":"noticiasribeiraopreto.com.br","date":"1 de August de 2025","format":false,"excerpt":"Imagens de c\u00e2mera de seguran\u00e7a mostraram o momento que um carro invadiu a loja de conveni\u00eancia de um posto de combust\u00edveis na zona Sul de Ribeir\u00e3o Preto \u2013 veja abaixo. O acidente aconteceu na noite de quinta-feira (31) e deixou tr\u00eas pessoas feridas. Entre as v\u00edtimas, est\u00e3o dois clientes que\u2026","rel":"","context":"In &quot;Not\u00edcias de Ribeir\u00e3o Preto-SP e Regi\u00e3o&quot;","block_context":{"text":"Not\u00edcias de Ribeir\u00e3o Preto-SP e Regi\u00e3o","link":"https:\/\/noticiasribeiraopreto.com.br\/index.php\/category\/noticias-de-ribeirao-preto-sp-e-regiao-ismael-colosi\/"},"img":{"alt_text":"","src":"https:\/\/i0.wp.com\/noticiasribeiraopreto.com.br\/wp-content\/uploads\/2025\/08\/posto_2025-08-01_11-32-50.webp.webp?fit=1200%2C608&ssl=1&resize=350%2C200","width":350,"height":200,"srcset":"https:\/\/i0.wp.com\/noticiasribeiraopreto.com.br\/wp-content\/uploads\/2025\/08\/posto_2025-08-01_11-32-50.webp.webp?fit=1200%2C608&ssl=1&resize=350%2C200 1x, https:\/\/i0.wp.com\/noticiasribeiraopreto.com.br\/wp-content\/uploads\/2025\/08\/posto_2025-08-01_11-32-50.webp.webp?fit=1200%2C608&ssl=1&resize=525%2C300 1.5x, https:\/\/i0.wp.com\/noticiasribeiraopreto.com.br\/wp-content\/uploads\/2025\/08\/posto_2025-08-01_11-32-50.webp.webp?fit=1200%2C608&ssl=1&resize=700%2C400 2x, https:\/\/i0.wp.com\/noticiasribeiraopreto.com.br\/wp-content\/uploads\/2025\/08\/posto_2025-08-01_11-32-50.webp.webp?fit=1200%2C608&ssl=1&resize=1050%2C600 3x"},"classes":[]},{"id":74996,"url":"https:\/\/noticiasribeiraopreto.com.br\/index.php\/2025\/08\/01\/videos-carro-invade-loja-de-conveniencia-e-deixa-tres-feridos\/","url_meta":{"origin":74979,"position":1},"title":"V\u00cdDEOS &#8211; Carro invade loja de conveni\u00eancia e deixa tr\u00eas feridos","author":"noticiasribeiraopreto.com.br","date":"1 de August de 2025","format":false,"excerpt":"Acidente ocorreu em posto de combust\u00edvel onde carro bateu em bomba e causou inc\u00eandio em 2024 1 de agosto de 2025 10:151 Compartilhar0 Por: Adalberto Luque Um carro invadiu uma loja de conveni\u00eancia de um posto de combust\u00edveis, na noite desta quinta-feira (31) e deixou tr\u00eas pessoas feridas. O acidente\u2026","rel":"","context":"In &quot;Not\u00edcias de Ribeir\u00e3o Preto-SP e Regi\u00e3o&quot;","block_context":{"text":"Not\u00edcias de Ribeir\u00e3o Preto-SP e Regi\u00e3o","link":"https:\/\/noticiasribeiraopreto.com.br\/index.php\/category\/noticias-de-ribeirao-preto-sp-e-regiao-ismael-colosi\/"},"img":{"alt_text":"","src":"https:\/\/i0.wp.com\/noticiasribeiraopreto.com.br\/wp-content\/uploads\/2025\/08\/01-ago-2025-postofiusa0.jpg?fit=822%2C766&ssl=1&resize=350%2C200","width":350,"height":200,"srcset":"https:\/\/i0.wp.com\/noticiasribeiraopreto.com.br\/wp-content\/uploads\/2025\/08\/01-ago-2025-postofiusa0.jpg?fit=822%2C766&ssl=1&resize=350%2C200 1x, https:\/\/i0.wp.com\/noticiasribeiraopreto.com.br\/wp-content\/uploads\/2025\/08\/01-ago-2025-postofiusa0.jpg?fit=822%2C766&ssl=1&resize=525%2C300 1.5x, https:\/\/i0.wp.com\/noticiasribeiraopreto.com.br\/wp-content\/uploads\/2025\/08\/01-ago-2025-postofiusa0.jpg?fit=822%2C766&ssl=1&resize=700%2C400 2x"},"classes":[]},{"id":43476,"url":"https:\/\/noticiasribeiraopreto.com.br\/index.php\/2024\/03\/21\/veja-o-que-diz-a-defesa-da-mulher-presa-apos-confusao-em-loja-de-conveniencia-de-ribeirao\/","url_meta":{"origin":74979,"position":2},"title":"Veja o que diz a defesa da mulher presa ap\u00f3s confus\u00e3o em loja de conveni\u00eancia de Ribeir\u00e3o","author":"noticiasribeiraopreto.com.br","date":"21 de March de 2024","format":false,"excerpt":"A defesa da engenheira agr\u00f4noma Ana Paula Junqueira, que foi presa na noite do \u00faltimo s\u00e1bado (16), ap\u00f3s uma confus\u00e3o em uma loja de conveni\u00eancia de um posto de combust\u00edveis no Jardim Paulista, em Ribeir\u00e3o Preto, pediu para Justi\u00e7a a liberdade da mulher. A defesa alega que Ana Paula faz\u2026","rel":"","context":"In &quot;Not\u00edcias de Ribeir\u00e3o Preto-SP e Regi\u00e3o&quot;","block_context":{"text":"Not\u00edcias de Ribeir\u00e3o Preto-SP e Regi\u00e3o","link":"https:\/\/noticiasribeiraopreto.com.br\/index.php\/category\/noticias-de-ribeirao-preto-sp-e-regiao-ismael-colosi\/"},"img":{"alt_text":"","src":"https:\/\/i0.wp.com\/noticiasribeiraopreto.com.br\/wp-content\/uploads\/2024\/03\/ENGENHEIRA.jpg?fit=1200%2C809&ssl=1&resize=350%2C200","width":350,"height":200,"srcset":"https:\/\/i0.wp.com\/noticiasribeiraopreto.com.br\/wp-content\/uploads\/2024\/03\/ENGENHEIRA.jpg?fit=1200%2C809&ssl=1&resize=350%2C200 1x, https:\/\/i0.wp.com\/noticiasribeiraopreto.com.br\/wp-content\/uploads\/2024\/03\/ENGENHEIRA.jpg?fit=1200%2C809&ssl=1&resize=525%2C300 1.5x, https:\/\/i0.wp.com\/noticiasribeiraopreto.com.br\/wp-content\/uploads\/2024\/03\/ENGENHEIRA.jpg?fit=1200%2C809&ssl=1&resize=700%2C400 2x, https:\/\/i0.wp.com\/noticiasribeiraopreto.com.br\/wp-content\/uploads\/2024\/03\/ENGENHEIRA.jpg?fit=1200%2C809&ssl=1&resize=1050%2C600 3x"},"classes":[]},{"id":84978,"url":"https:\/\/noticiasribeiraopreto.com.br\/index.php\/2026\/04\/19\/fusca-bate-em-onibus-e-atinge-loja-em-ribeirao-preto-motorista-fica-ferido\/","url_meta":{"origin":74979,"position":3},"title":"Fusca bate em \u00f4nibus e atinge loja em Ribeir\u00e3o Preto; motorista fica ferido","author":"noticiasribeiraopreto.com.br","date":"19 de April de 2026","format":false,"excerpt":"Ler o resumo da not\u00edcia Um VW\u202fFusca colidiu com a lateral de um \u00f4nibus na avenida Francisco Junqueira, em Ribeir\u00e3o\u202fPreto, na manh\u00e3 de domingo (19). O motorista perdeu o controle ao descer a rua Lav\u00ednia, no Jardim\u202fMacedo, e o carro foi arremessado contra a porta de uma loja de ve\u00edculos.\u2026","rel":"","context":"In &quot;Not\u00edcias de Ribeir\u00e3o Preto-SP e Regi\u00e3o&quot;","block_context":{"text":"Not\u00edcias de Ribeir\u00e3o Preto-SP e Regi\u00e3o","link":"https:\/\/noticiasribeiraopreto.com.br\/index.php\/category\/noticias-de-ribeirao-preto-sp-e-regiao-ismael-colosi\/"},"img":{"alt_text":"","src":"https:\/\/i0.wp.com\/noticiasribeiraopreto.com.br\/wp-content\/uploads\/2026\/04\/acidente-francisco_2026-04-19_13-34-40.webp.webp?fit=1200%2C575&ssl=1&resize=350%2C200","width":350,"height":200,"srcset":"https:\/\/i0.wp.com\/noticiasribeiraopreto.com.br\/wp-content\/uploads\/2026\/04\/acidente-francisco_2026-04-19_13-34-40.webp.webp?fit=1200%2C575&ssl=1&resize=350%2C200 1x, https:\/\/i0.wp.com\/noticiasribeiraopreto.com.br\/wp-content\/uploads\/2026\/04\/acidente-francisco_2026-04-19_13-34-40.webp.webp?fit=1200%2C575&ssl=1&resize=525%2C300 1.5x, https:\/\/i0.wp.com\/noticiasribeiraopreto.com.br\/wp-content\/uploads\/2026\/04\/acidente-francisco_2026-04-19_13-34-40.webp.webp?fit=1200%2C575&ssl=1&resize=700%2C400 2x, https:\/\/i0.wp.com\/noticiasribeiraopreto.com.br\/wp-content\/uploads\/2026\/04\/acidente-francisco_2026-04-19_13-34-40.webp.webp?fit=1200%2C575&ssl=1&resize=1050%2C600 3x"},"classes":[]},{"id":63040,"url":"https:\/\/noticiasribeiraopreto.com.br\/index.php\/2025\/01\/31\/video-carro-invade-loja-e-atropela-duas-pessoas-no-interior-de-sp\/","url_meta":{"origin":74979,"position":4},"title":"V\u00cdDEO: Carro invade loja e atropela duas pessoas no interior de SP","author":"noticiasribeiraopreto.com.br","date":"31 de January de 2025","format":false,"excerpt":"Na tarde desta sexta-feira (31), um carro invadiu um estabelecimento comercial, em Barretos, no interior de S\u00e3o Paulo, e atropelou dois funcion\u00e1rios da loja. Equipes do Corpo de Bombeiros, Samu e Pol\u00edcia Militar estiveram no local. De acordo com o propriet\u00e1rio do com\u00e9rcio, os funcion\u00e1rios seguem internados na Santa Casa\u2026","rel":"","context":"In &quot;Not\u00edcias de Ribeir\u00e3o Preto-SP e Regi\u00e3o&quot;","block_context":{"text":"Not\u00edcias de Ribeir\u00e3o Preto-SP e Regi\u00e3o","link":"https:\/\/noticiasribeiraopreto.com.br\/index.php\/category\/noticias-de-ribeirao-preto-sp-e-regiao-ismael-colosi\/"},"img":{"alt_text":"","src":"https:\/\/i0.wp.com\/noticiasribeiraopreto.com.br\/wp-content\/uploads\/2025\/01\/Sem-titulo_2025-01-31_19-40-55_png_2025-01-31_19-40-56.webp.webp?fit=1200%2C675&ssl=1&resize=350%2C200","width":350,"height":200,"srcset":"https:\/\/i0.wp.com\/noticiasribeiraopreto.com.br\/wp-content\/uploads\/2025\/01\/Sem-titulo_2025-01-31_19-40-55_png_2025-01-31_19-40-56.webp.webp?fit=1200%2C675&ssl=1&resize=350%2C200 1x, https:\/\/i0.wp.com\/noticiasribeiraopreto.com.br\/wp-content\/uploads\/2025\/01\/Sem-titulo_2025-01-31_19-40-55_png_2025-01-31_19-40-56.webp.webp?fit=1200%2C675&ssl=1&resize=525%2C300 1.5x, https:\/\/i0.wp.com\/noticiasribeiraopreto.com.br\/wp-content\/uploads\/2025\/01\/Sem-titulo_2025-01-31_19-40-55_png_2025-01-31_19-40-56.webp.webp?fit=1200%2C675&ssl=1&resize=700%2C400 2x, https:\/\/i0.wp.com\/noticiasribeiraopreto.com.br\/wp-content\/uploads\/2025\/01\/Sem-titulo_2025-01-31_19-40-55_png_2025-01-31_19-40-56.webp.webp?fit=1200%2C675&ssl=1&resize=1050%2C600 3x"},"classes":[]},{"id":79553,"url":"https:\/\/noticiasribeiraopreto.com.br\/index.php\/2025\/11\/03\/duas-pessoas-ficam-feridas-apos-acidente-entre-carro-e-moto-em-cruzamento-de-ribeirao-preto\/","url_meta":{"origin":74979,"position":5},"title":"Duas pessoas ficam feridas ap\u00f3s acidente entre carro e moto em cruzamento de Ribeir\u00e3o Preto","author":"noticiasribeiraopreto.com.br","date":"3 de November de 2025","format":false,"excerpt":"Duas pessoas ficaram feridas na tarde desta segunda-feira (3) ap\u00f3s um acidente entre um carro e uma moto no cruzamento das ruas Marques de Pombal e Padre Euclides, no bairro Campos El\u00edseos, em Ribeir\u00e3o Preto. Ap\u00f3s a colis\u00e3o, o carro tamb\u00e9m atingiu um ve\u00edculo que estava estacionado na rua Padre\u2026","rel":"","context":"In &quot;Not\u00edcias de Ribeir\u00e3o Preto-SP e Regi\u00e3o&quot;","block_context":{"text":"Not\u00edcias de Ribeir\u00e3o Preto-SP e Regi\u00e3o","link":"https:\/\/noticiasribeiraopreto.com.br\/index.php\/category\/noticias-de-ribeirao-preto-sp-e-regiao-ismael-colosi\/"},"img":{"alt_text":"","src":"https:\/\/i0.wp.com\/noticiasribeiraopreto.com.br\/wp-content\/uploads\/2025\/11\/Copia-de-Copia-de-Copia-de-TAMANHO-EXATO-PARA-FOTOS-NO-SISTEMA-NOVO-2025-11-03T163003.936_2025-11-03_19-30-28.webp.webp?fit=1200%2C675&ssl=1&resize=350%2C200","width":350,"height":200,"srcset":"https:\/\/i0.wp.com\/noticiasribeiraopreto.com.br\/wp-content\/uploads\/2025\/11\/Copia-de-Copia-de-Copia-de-TAMANHO-EXATO-PARA-FOTOS-NO-SISTEMA-NOVO-2025-11-03T163003.936_2025-11-03_19-30-28.webp.webp?fit=1200%2C675&ssl=1&resize=350%2C200 1x, https:\/\/i0.wp.com\/noticiasribeiraopreto.com.br\/wp-content\/uploads\/2025\/11\/Copia-de-Copia-de-Copia-de-TAMANHO-EXATO-PARA-FOTOS-NO-SISTEMA-NOVO-2025-11-03T163003.936_2025-11-03_19-30-28.webp.webp?fit=1200%2C675&ssl=1&resize=525%2C300 1.5x, https:\/\/i0.wp.com\/noticiasribeiraopreto.com.br\/wp-content\/uploads\/2025\/11\/Copia-de-Copia-de-Copia-de-TAMANHO-EXATO-PARA-FOTOS-NO-SISTEMA-NOVO-2025-11-03T163003.936_2025-11-03_19-30-28.webp.webp?fit=1200%2C675&ssl=1&resize=700%2C400 2x, https:\/\/i0.wp.com\/noticiasribeiraopreto.com.br\/wp-content\/uploads\/2025\/11\/Copia-de-Copia-de-Copia-de-TAMANHO-EXATO-PARA-FOTOS-NO-SISTEMA-NOVO-2025-11-03T163003.936_2025-11-03_19-30-28.webp.webp?fit=1200%2C675&ssl=1&resize=1050%2C600 3x"},"classes":[]}],"jetpack_sharing_enabled":true,"jetpack_shortlink":"https:\/\/wp.me\/peQAOb-jvl","_links":{"self":[{"href":"https:\/\/noticiasribeiraopreto.com.br\/index.php\/wp-json\/wp\/v2\/posts\/74979","targetHints":{"allow":["GET"]}}],"collection":[{"href":"https:\/\/noticiasribeiraopreto.com.br\/index.php\/wp-json\/wp\/v2\/posts"}],"about":[{"href":"https:\/\/noticiasribeiraopreto.com.br\/index.php\/wp-json\/wp\/v2\/types\/post"}],"author":[{"embeddable":true,"href":"https:\/\/noticiasribeiraopreto.com.br\/index.php\/wp-json\/wp\/v2\/users\/1"}],"replies":[{"embeddable":true,"href":"https:\/\/noticiasribeiraopreto.com.br\/index.php\/wp-json\/wp\/v2\/comments?post=74979"}],"version-history":[{"count":0,"href":"https:\/\/noticiasribeiraopreto.com.br\/index.php\/wp-json\/wp\/v2\/posts\/74979\/revisions"}],"wp:featuredmedia":[{"embeddable":true,"href":"https:\/\/noticiasribeiraopreto.com.br\/index.php\/wp-json\/wp\/v2\/media\/74980"}],"wp:attachment":[{"href":"https:\/\/noticiasribeiraopreto.com.br\/index.php\/wp-json\/wp\/v2\/media?parent=74979"}],"wp:term":[{"taxonomy":"category","embeddable":true,"href":"https:\/\/noticiasribeiraopreto.com.br\/index.php\/wp-json\/wp\/v2\/categories?post=74979"},{"taxonomy":"post_tag","embeddable":true,"href":"https:\/\/noticiasribeiraopreto.com.br\/index.php\/wp-json\/wp\/v2\/tags?post=74979"}],"curies":[{"name":"wp","href":"https:\/\/api.w.org\/{rel}","templated":true}]}}