{"id":74981,"date":"2025-08-01T00:33:04","date_gmt":"2025-08-01T03:33:04","guid":{"rendered":"https:\/\/noticiasribeiraopreto.com.br\/index.php\/2025\/08\/01\/governador-de-sp-passara-por-um-procedimento-medico-neste-final-de-semana-entenda\/"},"modified":"2025-08-01T00:33:04","modified_gmt":"2025-08-01T03:33:04","slug":"governador-de-sp-passara-por-um-procedimento-medico-neste-final-de-semana-entenda","status":"publish","type":"post","link":"https:\/\/noticiasribeiraopreto.com.br\/index.php\/2025\/08\/01\/governador-de-sp-passara-por-um-procedimento-medico-neste-final-de-semana-entenda\/","title":{"rendered":"Governador de SP passar\u00e1 por um procedimento m\u00e9dico neste final de semana; entenda"},"content":{"rendered":"<div class='code-block code-block-1' style='margin: 8px 0 8px auto; text-align: right; display: block; clear: both;'>\n<p><a href=\"https:\/\/wa.link\/vpicfd\"><img data-recalc-dims=\"1\" class=\"wp-image-4922\" style=\"aspect-ratio: 2.0253164556962027; width: 561px; height: auto;\" src=\"https:\/\/i0.wp.com\/ismaelcolosi.com.br\/wp-content\/uploads\/2023\/11\/grupo-de-empregos-whatsapp-e-facebook-ismael-colosi-vagas.jpg?ssl=1\" alt=\"\" \/><\/a><\/p>\n<!-- \/wp:image -->\n<\/div>\n<p> <br \/>\n<\/p>\n<div data-td-block-uid=\"tdi_95\">\n<div class=\"tdb-block-inner td-fix-index\">\n<p>O governador de S\u00e3o Paulo, <strong>Tarc\u00edsio de Freitas<\/strong>, ser\u00e1 submetido a um procedimento m\u00e9dico neste domingo (3), no Hospital Albert Einstein, na capital paulista. Ele passar\u00e1 por uma <strong>radioabla\u00e7\u00e3o<\/strong> por ultrassonografia de <strong>tireoide<\/strong>, com alta prevista para o mesmo dia.<\/p>\n<p>Na segunda-feira (4), Tarc\u00edsio manter\u00e1 a rotina de trabalho e cumprir\u00e1 agenda interna no Pal\u00e1cio dos Bandeirantes, sede do governo estadual.<\/p>\n<h3 class=\"wp-block-heading\"><strong>Entenda o procedimento<\/strong><\/h3>\n<p>A radioabla\u00e7\u00e3o por ultrassonografia \u00e9 uma t\u00e9cnica moderna e minimamente invasiva, indicada para o tratamento de n\u00f3dulos benignos na tireoide.<\/p>\n<p>O procedimento \u00e9 feito com o aux\u00edlio de imagens de ultrassom, que guiam uma agulha fina at\u00e9 o n\u00f3dulo. Em seguida, a ponta da agulha libera calor, promovendo a destrui\u00e7\u00e3o controlada do tecido alterado.<\/p>\n<p>A abordagem dispensa cortes, tem r\u00e1pida recupera\u00e7\u00e3o e costuma ser realizada em regime ambulatorial, permitindo que o paciente receba alta no mesmo dia.<\/p>\n<hr class=\"wp-block-separator has-alpha-channel-opacity\"\/>\n<p>SAIBA MAIS<\/p>\n<p>Sabia que a cidade mais silenciosa do Brasil fica na regi\u00e3o de Ribeir\u00e3o Preto? Veja qual \u00e9<\/p>\n<h2 class=\"wp-block-heading\"><strong>FIQUE ON<\/strong><\/h2>\n<p>Quer ficar por dentro de tudo que acontece em Ribeir\u00e3o Preto e regi\u00e3o? Ent\u00e3o siga os perfis do\u202facidade on\u202fno\u202f<a href=\"https:\/\/www.instagram.com\/acidadeonribeirao\" target=\"_blank\" rel=\"noreferrer noopener\">Instagram<\/a>\u202fe no\u202f<a href=\"https:\/\/www.facebook.com\/acidadeonribeirao\/\" target=\"_blank\" rel=\"noreferrer noopener\">Facebook<\/a>.<\/p>\n<p>Al\u00e9m disso, voc\u00ea pode receber as principais not\u00edcias diretamente no WhatsApp. Para isso, basta\u00a0<a href=\"https:\/\/chat.whatsapp.com\/BjKQZ9oJwlz8VVT50NuePq\" target=\"_blank\" rel=\"noreferrer noopener\">entrar no grupo clicando aqui<\/a>.<\/p>\n<p>Por fim, se quiser fazer uma den\u00fancia ou sugerir uma reportagem sobre Ribeir\u00e3o Preto e regi\u00e3o, envie uma mensagem pelo WhatsApp:\u00a0(16) 99117-7802.<\/p>\n<p>VEJA TAMB\u00c9M<\/p>\n<p>Qual o hor\u00e1rio em que celulares s\u00e3o mais furtados?<\/p>\n<p><!-- AI CONTENT END 1 -->\n<\/div>\n<\/div>\n<p><script async src=\"\/\/www.instagram.com\/embed.js\"><\/script><br \/>\n<br \/><br \/>\n<br \/><a href=\"https:\/\/www.acidadeon.com\/ribeiraopreto\/politica\/governador-de-sp-passara-por-um-procedimento-medico-neste-final-de-semana-entenda\/\">Source link <\/a><\/p>\n<!-- CONTENT END 1 -->\n","protected":false},"excerpt":{"rendered":"<p>O governador de S\u00e3o Paulo, Tarc\u00edsio de Freitas, ser\u00e1 submetido a um procedimento m\u00e9dico neste domingo (3), no Hospital Albert Einstein, na capital paulista. Ele&#8230;<\/p>\n","protected":false},"author":1,"featured_media":74982,"comment_status":"open","ping_status":"open","sticky":false,"template":"","format":"standard","meta":{"advanced_seo_description":"","jetpack_seo_html_title":"","jetpack_seo_noindex":false,"jetpack_post_was_ever_published":false,"_jetpack_newsletter_access":"","_jetpack_dont_email_post_to_subs":false,"_jetpack_newsletter_tier_id":0,"_jetpack_memberships_contains_paywalled_content":false,"_jetpack_memberships_contains_paid_content":false,"footnotes":"","jetpack_publicize_message":"","jetpack_publicize_feature_enabled":true,"jetpack_social_post_already_shared":true,"jetpack_social_options":{"image_generator_settings":{"template":"highway","default_image_id":0,"font":"","enabled":false},"version":2}},"categories":[11],"tags":[],"class_list":["post-74981","post","type-post","status-publish","format-standard","has-post-thumbnail","hentry","category-noticias-de-ribeirao-preto-sp-e-regiao-ismael-colosi"],"jetpack_publicize_connections":[],"jetpack_featured_media_url":"https:\/\/i0.wp.com\/noticiasribeiraopreto.com.br\/wp-content\/uploads\/2025\/08\/Copia-de-Copia-de-Copia-de-TAMANHO-EXATO-PARA-FOTOS-NO-SISTEMA-NOVO-2025-02-08T170442.981_2025-02-08_20-09-06_png_2025-02-08_20-09-06.webp.webp?fit=1200%2C675&ssl=1","jetpack-related-posts":[{"id":75108,"url":"https:\/\/noticiasribeiraopreto.com.br\/index.php\/2025\/08\/03\/veja-o-estado-de-saude-de-tarcisio-apos-radioablacao\/","url_meta":{"origin":74981,"position":0},"title":"Veja o estado de sa\u00fade de Tarc\u00edsio ap\u00f3s radioabla\u00e7\u00e3o","author":"noticiasribeiraopreto.com.br","date":"3 de August de 2025","format":false,"excerpt":"O governador de S\u00e3o Paulo, Tarc\u00edsio de Freitas (REP), passou por um procedimento de radioabla\u00e7\u00e3o por ultrassonografia de tireoide neste domingo (3). Segundo o governo estadual, o procedimento aconteceu sem intercorr\u00eancias. A previs\u00e3o \u00e9 que Tarc\u00edsio receba alta do hospital Albert Einstein, ainda na noite deste domingo. Nesta segunda-feira (4),\u2026","rel":"","context":"In &quot;Not\u00edcias de Ribeir\u00e3o Preto-SP e Regi\u00e3o&quot;","block_context":{"text":"Not\u00edcias de Ribeir\u00e3o Preto-SP e Regi\u00e3o","link":"https:\/\/noticiasribeiraopreto.com.br\/index.php\/category\/noticias-de-ribeirao-preto-sp-e-regiao-ismael-colosi\/"},"img":{"alt_text":"","src":"https:\/\/i0.wp.com\/noticiasribeiraopreto.com.br\/wp-content\/uploads\/2025\/08\/54485224546_582bddc753_o_2025-04-29_21-59-46.webp.webp?fit=1200%2C1047&ssl=1&resize=350%2C200","width":350,"height":200,"srcset":"https:\/\/i0.wp.com\/noticiasribeiraopreto.com.br\/wp-content\/uploads\/2025\/08\/54485224546_582bddc753_o_2025-04-29_21-59-46.webp.webp?fit=1200%2C1047&ssl=1&resize=350%2C200 1x, https:\/\/i0.wp.com\/noticiasribeiraopreto.com.br\/wp-content\/uploads\/2025\/08\/54485224546_582bddc753_o_2025-04-29_21-59-46.webp.webp?fit=1200%2C1047&ssl=1&resize=525%2C300 1.5x, https:\/\/i0.wp.com\/noticiasribeiraopreto.com.br\/wp-content\/uploads\/2025\/08\/54485224546_582bddc753_o_2025-04-29_21-59-46.webp.webp?fit=1200%2C1047&ssl=1&resize=700%2C400 2x, https:\/\/i0.wp.com\/noticiasribeiraopreto.com.br\/wp-content\/uploads\/2025\/08\/54485224546_582bddc753_o_2025-04-29_21-59-46.webp.webp?fit=1200%2C1047&ssl=1&resize=1050%2C600 3x"},"classes":[]},{"id":67988,"url":"https:\/\/noticiasribeiraopreto.com.br\/index.php\/2025\/04\/21\/jornal-da-franca-ha-procedimentos-e-exames-que-todas-as-mulheres-devem-fazer-saiba-quais-sao-eles\/","url_meta":{"origin":74981,"position":1},"title":"Jornal da Franca &#8211; H\u00e1 procedimentos e exames que todas as mulheres devem fazer. Saiba quais s\u00e3o eles","author":"noticiasribeiraopreto.com.br","date":"21 de April de 2025","format":false,"excerpt":"compartilhar no whatsapp compartilhar no telegram compartilhar no facebook compartilhar no linkedin Um dos principais exames de rotina para as mulheres \u00e9 a mamografia uma vez ao ano O coordenador da ginecologia e obstetr\u00edcia do Hospital \u00c1guas Claras, Marcus Vinicius, esclarece ao \u2018Not\u00edcias ao Minuto\u2019 os principais procedimentos que toda\u2026","rel":"","context":"In &quot;Not\u00edcias de Franca-SP&quot;","block_context":{"text":"Not\u00edcias de Franca-SP","link":"https:\/\/noticiasribeiraopreto.com.br\/index.php\/category\/noticias-de-ribeirao-preto-sp-e-regiao-ismael-colosi\/noticias-franca-sp\/"},"img":{"alt_text":"","src":"https:\/\/i0.wp.com\/noticiasribeiraopreto.com.br\/wp-content\/uploads\/2025\/04\/tomossintese-exame-cancr-de-mama.jpg?fit=924%2C616&ssl=1&resize=350%2C200","width":350,"height":200,"srcset":"https:\/\/i0.wp.com\/noticiasribeiraopreto.com.br\/wp-content\/uploads\/2025\/04\/tomossintese-exame-cancr-de-mama.jpg?fit=924%2C616&ssl=1&resize=350%2C200 1x, https:\/\/i0.wp.com\/noticiasribeiraopreto.com.br\/wp-content\/uploads\/2025\/04\/tomossintese-exame-cancr-de-mama.jpg?fit=924%2C616&ssl=1&resize=525%2C300 1.5x, https:\/\/i0.wp.com\/noticiasribeiraopreto.com.br\/wp-content\/uploads\/2025\/04\/tomossintese-exame-cancr-de-mama.jpg?fit=924%2C616&ssl=1&resize=700%2C400 2x"},"classes":[]},{"id":84773,"url":"https:\/\/noticiasribeiraopreto.com.br\/index.php\/2026\/04\/15\/entenda-o-que-tarcisio-de-freitas-veio-fazer-em-ribeirao-preto\/","url_meta":{"origin":74981,"position":2},"title":"Entenda o que Tarc\u00edsio de Freitas veio fazer em Ribeir\u00e3o Preto","author":"noticiasribeiraopreto.com.br","date":"15 de April de 2026","format":false,"excerpt":"Ler o resumo da not\u00edcia Governador de S\u00e3o Paulo, Tarc\u00edsio de Freitas (REP), participou da abertura do Cana Summit 2026 em Ribeir\u00e3o Preto nesta quarta-feira (15). O evento no Taiwan Centro de Eventos contou com a presen\u00e7a do gobernador do Mato Grosso do Sul, Eduardo Riedel (PP). Em discurso, Tarc\u00edsio\u2026","rel":"","context":"In &quot;Not\u00edcias de Ribeir\u00e3o Preto-SP e Regi\u00e3o&quot;","block_context":{"text":"Not\u00edcias de Ribeir\u00e3o Preto-SP e Regi\u00e3o","link":"https:\/\/noticiasribeiraopreto.com.br\/index.php\/category\/noticias-de-ribeirao-preto-sp-e-regiao-ismael-colosi\/"},"img":{"alt_text":"","src":"https:\/\/i0.wp.com\/noticiasribeiraopreto.com.br\/wp-content\/uploads\/2026\/04\/tarcisio-riddel_2026-04-15_18-18-19-e1776277132165.webp.webp?fit=1200%2C876&ssl=1&resize=350%2C200","width":350,"height":200,"srcset":"https:\/\/i0.wp.com\/noticiasribeiraopreto.com.br\/wp-content\/uploads\/2026\/04\/tarcisio-riddel_2026-04-15_18-18-19-e1776277132165.webp.webp?fit=1200%2C876&ssl=1&resize=350%2C200 1x, https:\/\/i0.wp.com\/noticiasribeiraopreto.com.br\/wp-content\/uploads\/2026\/04\/tarcisio-riddel_2026-04-15_18-18-19-e1776277132165.webp.webp?fit=1200%2C876&ssl=1&resize=525%2C300 1.5x, https:\/\/i0.wp.com\/noticiasribeiraopreto.com.br\/wp-content\/uploads\/2026\/04\/tarcisio-riddel_2026-04-15_18-18-19-e1776277132165.webp.webp?fit=1200%2C876&ssl=1&resize=700%2C400 2x, https:\/\/i0.wp.com\/noticiasribeiraopreto.com.br\/wp-content\/uploads\/2026\/04\/tarcisio-riddel_2026-04-15_18-18-19-e1776277132165.webp.webp?fit=1200%2C876&ssl=1&resize=1050%2C600 3x"},"classes":[]},{"id":64874,"url":"https:\/\/noticiasribeiraopreto.com.br\/index.php\/2025\/03\/13\/prefeito-de-cidade-no-interior-de-sp-sofre-infarto-e-passara-por-cateterismo\/","url_meta":{"origin":74981,"position":3},"title":"Prefeito de cidade no interior de SP sofre infarto e passar\u00e1 por cateterismo","author":"noticiasribeiraopreto.com.br","date":"13 de March de 2025","format":false,"excerpt":"O prefeito de Taquaritinga, Fulvio Zuppani (MDB), sofreu um infarto na madrugada desta quinta-feira (13) e dever\u00e1\u00a0passar por cateterismo. A prefeitura divulgou, por meio de nota, que o Chefe do Executivo, que tamb\u00e9m \u00e9 medico, sentiu um forte desconforto no peito e buscou atendimento no Pronto-socorro da Santa Casa da\u2026","rel":"","context":"In &quot;Not\u00edcias de Ribeir\u00e3o Preto-SP e Regi\u00e3o&quot;","block_context":{"text":"Not\u00edcias de Ribeir\u00e3o Preto-SP e Regi\u00e3o","link":"https:\/\/noticiasribeiraopreto.com.br\/index.php\/category\/noticias-de-ribeirao-preto-sp-e-regiao-ismael-colosi\/"},"img":{"alt_text":"","src":"https:\/\/i0.wp.com\/noticiasribeiraopreto.com.br\/wp-content\/uploads\/2025\/03\/WhatsApp-Image-2025-03-13-at-09.30.44_2025-03-13_12-31-24_jpeg_2025-03-13_12-31-24.webp.webp?fit=1200%2C675&ssl=1&resize=350%2C200","width":350,"height":200,"srcset":"https:\/\/i0.wp.com\/noticiasribeiraopreto.com.br\/wp-content\/uploads\/2025\/03\/WhatsApp-Image-2025-03-13-at-09.30.44_2025-03-13_12-31-24_jpeg_2025-03-13_12-31-24.webp.webp?fit=1200%2C675&ssl=1&resize=350%2C200 1x, https:\/\/i0.wp.com\/noticiasribeiraopreto.com.br\/wp-content\/uploads\/2025\/03\/WhatsApp-Image-2025-03-13-at-09.30.44_2025-03-13_12-31-24_jpeg_2025-03-13_12-31-24.webp.webp?fit=1200%2C675&ssl=1&resize=525%2C300 1.5x, https:\/\/i0.wp.com\/noticiasribeiraopreto.com.br\/wp-content\/uploads\/2025\/03\/WhatsApp-Image-2025-03-13-at-09.30.44_2025-03-13_12-31-24_jpeg_2025-03-13_12-31-24.webp.webp?fit=1200%2C675&ssl=1&resize=700%2C400 2x, https:\/\/i0.wp.com\/noticiasribeiraopreto.com.br\/wp-content\/uploads\/2025\/03\/WhatsApp-Image-2025-03-13-at-09.30.44_2025-03-13_12-31-24_jpeg_2025-03-13_12-31-24.webp.webp?fit=1200%2C675&ssl=1&resize=1050%2C600 3x"},"classes":[]},{"id":9715,"url":"https:\/\/noticiasribeiraopreto.com.br\/index.php\/2023\/12\/02\/estes-sinais-indicam-problema-na-tireoide\/","url_meta":{"origin":74981,"position":4},"title":"estes sinais indicam problema na tireoide","author":"noticiasribeiraopreto.com.br","date":"2 de December de 2023","format":false,"excerpt":"Cr\u00e9ditos: Getty ImagesHipertireoidismo est\u00e1 associado uma s\u00e9rie de sinais e sintomas, que incluem a sensa\u00e7\u00e3o de calor excessivo e transpira\u00e7\u00e3o em excesso \u2013 iStock\/Getty Images Condi\u00e7\u00e3o que afeta a tireoide, o hipertireoidismo afeta uma gl\u00e2ndula vital que regula o funcionamento de \u00f3rg\u00e3os importantes como o cora\u00e7\u00e3o, c\u00e9rebro, f\u00edgado e os\u2026","rel":"","context":"In &quot;Variedades&quot;","block_context":{"text":"Variedades","link":"https:\/\/noticiasribeiraopreto.com.br\/index.php\/category\/variedades\/"},"img":{"alt_text":"","src":"https:\/\/i0.wp.com\/noticiasribeiraopreto.com.br\/wp-content\/uploads\/2023\/12\/istock-1311222514.jpg?fit=1200%2C638&ssl=1&resize=350%2C200","width":350,"height":200,"srcset":"https:\/\/i0.wp.com\/noticiasribeiraopreto.com.br\/wp-content\/uploads\/2023\/12\/istock-1311222514.jpg?fit=1200%2C638&ssl=1&resize=350%2C200 1x, https:\/\/i0.wp.com\/noticiasribeiraopreto.com.br\/wp-content\/uploads\/2023\/12\/istock-1311222514.jpg?fit=1200%2C638&ssl=1&resize=525%2C300 1.5x, https:\/\/i0.wp.com\/noticiasribeiraopreto.com.br\/wp-content\/uploads\/2023\/12\/istock-1311222514.jpg?fit=1200%2C638&ssl=1&resize=700%2C400 2x, https:\/\/i0.wp.com\/noticiasribeiraopreto.com.br\/wp-content\/uploads\/2023\/12\/istock-1311222514.jpg?fit=1200%2C638&ssl=1&resize=1050%2C600 3x"},"classes":[]},{"id":84523,"url":"https:\/\/noticiasribeiraopreto.com.br\/index.php\/2026\/04\/10\/pacientes-relatam-paralisia-facial-apos-procedimentos-com-dentista-em-ribeirao-preto\/","url_meta":{"origin":74981,"position":5},"title":"Pacientes relatam paralisia facial ap\u00f3s procedimentos com dentista em Ribeir\u00e3o Preto","author":"noticiasribeiraopreto.com.br","date":"10 de April de 2026","format":false,"excerpt":"Ler o resumo da not\u00edcia Pacientes denunciam cirurgi\u00e3-dentista \u00e0 Pol\u00edcia Civil em Ribeir\u00e3o Preto por sequelas graves ap\u00f3s procedimentos faciais. Projetista realizou cirurgia facial em 26\/11\/2025 e desenvolveu infec\u00e7\u00e3o grave quatro dias depois, precisando de atendimento emergencial. Durante nova interven\u00e7\u00e3o, m\u00e9dicos descobriram bichectomia sem consentimento pr\u00e9vio; paciente relatou paralisia facial\u2026","rel":"","context":"In &quot;Not\u00edcias de Ribeir\u00e3o Preto-SP e Regi\u00e3o&quot;","block_context":{"text":"Not\u00edcias de Ribeir\u00e3o Preto-SP e Regi\u00e3o","link":"https:\/\/noticiasribeiraopreto.com.br\/index.php\/category\/noticias-de-ribeirao-preto-sp-e-regiao-ismael-colosi\/"},"img":{"alt_text":"","src":"https:\/\/i0.wp.com\/noticiasribeiraopreto.com.br\/wp-content\/uploads\/2026\/04\/palace-2026-04-10T211002.982_2026-04-11_00-10-23.webp.webp?fit=1200%2C675&ssl=1&resize=350%2C200","width":350,"height":200,"srcset":"https:\/\/i0.wp.com\/noticiasribeiraopreto.com.br\/wp-content\/uploads\/2026\/04\/palace-2026-04-10T211002.982_2026-04-11_00-10-23.webp.webp?fit=1200%2C675&ssl=1&resize=350%2C200 1x, https:\/\/i0.wp.com\/noticiasribeiraopreto.com.br\/wp-content\/uploads\/2026\/04\/palace-2026-04-10T211002.982_2026-04-11_00-10-23.webp.webp?fit=1200%2C675&ssl=1&resize=525%2C300 1.5x, https:\/\/i0.wp.com\/noticiasribeiraopreto.com.br\/wp-content\/uploads\/2026\/04\/palace-2026-04-10T211002.982_2026-04-11_00-10-23.webp.webp?fit=1200%2C675&ssl=1&resize=700%2C400 2x, https:\/\/i0.wp.com\/noticiasribeiraopreto.com.br\/wp-content\/uploads\/2026\/04\/palace-2026-04-10T211002.982_2026-04-11_00-10-23.webp.webp?fit=1200%2C675&ssl=1&resize=1050%2C600 3x"},"classes":[]}],"jetpack_sharing_enabled":true,"jetpack_shortlink":"https:\/\/wp.me\/peQAOb-jvn","_links":{"self":[{"href":"https:\/\/noticiasribeiraopreto.com.br\/index.php\/wp-json\/wp\/v2\/posts\/74981","targetHints":{"allow":["GET"]}}],"collection":[{"href":"https:\/\/noticiasribeiraopreto.com.br\/index.php\/wp-json\/wp\/v2\/posts"}],"about":[{"href":"https:\/\/noticiasribeiraopreto.com.br\/index.php\/wp-json\/wp\/v2\/types\/post"}],"author":[{"embeddable":true,"href":"https:\/\/noticiasribeiraopreto.com.br\/index.php\/wp-json\/wp\/v2\/users\/1"}],"replies":[{"embeddable":true,"href":"https:\/\/noticiasribeiraopreto.com.br\/index.php\/wp-json\/wp\/v2\/comments?post=74981"}],"version-history":[{"count":0,"href":"https:\/\/noticiasribeiraopreto.com.br\/index.php\/wp-json\/wp\/v2\/posts\/74981\/revisions"}],"wp:featuredmedia":[{"embeddable":true,"href":"https:\/\/noticiasribeiraopreto.com.br\/index.php\/wp-json\/wp\/v2\/media\/74982"}],"wp:attachment":[{"href":"https:\/\/noticiasribeiraopreto.com.br\/index.php\/wp-json\/wp\/v2\/media?parent=74981"}],"wp:term":[{"taxonomy":"category","embeddable":true,"href":"https:\/\/noticiasribeiraopreto.com.br\/index.php\/wp-json\/wp\/v2\/categories?post=74981"},{"taxonomy":"post_tag","embeddable":true,"href":"https:\/\/noticiasribeiraopreto.com.br\/index.php\/wp-json\/wp\/v2\/tags?post=74981"}],"curies":[{"name":"wp","href":"https:\/\/api.w.org\/{rel}","templated":true}]}}