{"id":74984,"date":"2025-08-01T08:40:51","date_gmt":"2025-08-01T11:40:51","guid":{"rendered":"https:\/\/noticiasribeiraopreto.com.br\/index.php\/2025\/08\/01\/regiao-tem-superavit-de-us-12-bi\/"},"modified":"2025-08-01T08:40:51","modified_gmt":"2025-08-01T11:40:51","slug":"regiao-tem-superavit-de-us-12-bi","status":"publish","type":"post","link":"https:\/\/noticiasribeiraopreto.com.br\/index.php\/2025\/08\/01\/regiao-tem-superavit-de-us-12-bi\/","title":{"rendered":"Regi\u00e3o tem super\u00e1vit de US$ 1,2 bi"},"content":{"rendered":"<div class='code-block code-block-1' style='margin: 8px 0 8px auto; text-align: right; display: block; clear: both;'>\n<p><a href=\"https:\/\/wa.link\/vpicfd\"><img data-recalc-dims=\"1\" class=\"wp-image-4922\" style=\"aspect-ratio: 2.0253164556962027; width: 561px; height: auto;\" src=\"https:\/\/i0.wp.com\/ismaelcolosi.com.br\/wp-content\/uploads\/2023\/11\/grupo-de-empregos-whatsapp-e-facebook-ismael-colosi-vagas.jpg?ssl=1\" alt=\"\" \/><\/a><\/p>\n<!-- \/wp:image -->\n<\/div>\n<p> <br \/>\n<\/p>\n<div>\n<p>Levantamento do Departamento de Rela\u00e7\u00f5es Internacionais e Com\u00e9rcio Exterior da Federa\u00e7\u00e3o das Ind\u00fastrias do Estado de S\u00e3o Paulo (Fiesp), baseado em dados das regionais do Centro das Ind\u00fastrias do Estado de S\u00e3o Paulo (Ciesp), mostra que, no primeiro semestre de 2025, a regi\u00e3o de Ribeir\u00e3o Preto teve exporta\u00e7\u00f5es de US$ 1,59 bilh\u00e3o (-2,6% na compara\u00e7\u00e3o interanual) e importa\u00e7\u00f5es de US$ 384,1 milh\u00f5es (+68,6%).<\/p>\n<p>O resultado super\u00e1vit comercial fechou o per\u00edodo em US$ 1,2 bilh\u00e3o, US$ 170 milh\u00f5es a menos que os US$ 1,37 bilh\u00e3o do mesmo per\u00edodo do ano passado, queda de 12,41%. De janeiro a junho de 2024, segundo o Ciesp, as importa\u00e7\u00f5es somaram US$ 227,9 milh\u00f5es e as exporta\u00e7\u00f5es, US$ 1,6 bilh\u00e3o.<\/p>\n<p>Os principais produtos exportados neste ano s\u00e3o prepara\u00e7\u00f5es de produtos hort\u00edcolas (20%), a\u00e7\u00facares e produtos de confeitaria (17,5%) e res\u00edduos e desperd\u00edcios das ind\u00fastrias alimentares (11,6%). As importa\u00e7\u00f5es se concentraram em combust\u00edveis minerais (29,5%), m\u00e1quinas, aparelhos e instrumentos mec\u00e2nicos (13,7%) e pl\u00e1sticos e suas obras (7,3%).<\/p>\n<p>Os destinos mais relevantes das exporta\u00e7\u00f5es das 37 cidades da regi\u00e3o de Ribeir\u00e3o Preto s\u00e3o os Estados Unidos (17,6%), China (9,4%) e B\u00e9lgica (8,7%). As compras tiveram como origens destacadas a R\u00fassia (29,9%), China (24,1%) e EUA (8,1%), de acordo com os dados divulgados pelo Centro das Ind\u00fastrias do Estado de S\u00e3o Paulo .<\/p>\n<p>Rafael Cervone, presidente do Ciesp e primeiro vice-presidente da Fiesp, salienta que \u201ca ind\u00fastria, cujo avan\u00e7o e fortalecimento temos defendido perante o governo, pode contribuir de modo cada vez mais significativo para amplia\u00e7\u00e3o das vendas internacionais, tanto em volume quanto pelo fato de incluir produtos de alto valor agregado na pauta de exporta\u00e7\u00f5es\u201d.<\/p>\n<p>Ele lembra, tamb\u00e9m, que o Ciesp presta assessoria na \u00e1rea do com\u00e9rcio exterior \u00e0s empresas associadas. Para isso, basta entrar em contato com a Diretoria Regional \u2013 abrange 37 munic\u00edpios \u2013 ou com a Central de Atendimento, pelo telefone (11) 3549-3232 ou e-mail: <span class=\"__cf_email__\" data-cfemail=\"ec8d98898288858189829883ac8f85899f9cc28f8381c28e9e\">[email\u00a0protected]<\/span>.<\/p>\n<p>Ribeir\u00e3o Preto estabeleceu, em 2023, com\u00e9rcio com 126 pa\u00edses em todos os cinco continentes. As exporta\u00e7\u00f5es atingem 114 pa\u00edses e a cidade importa produtos de 77 pa\u00edses no total. Os dados t\u00eam por base informa\u00e7\u00f5es divulgadas pela Secretaria de Com\u00e9rcio Exterior (Secex) do Minist\u00e9rio do Desenvolvimento, Ind\u00fastria, Com\u00e9rcio e Servi\u00e7os (MDIC).<\/p>\n<p><strong>Brasil \u2013 <\/strong>A balan\u00e7a comercial brasileira registrou super\u00e1vit comercial de US$ 1,276 bilh\u00e3o na quarta semana de julho. De acordo com dados da Secretaria de Com\u00e9rcio Exterior do Minist\u00e9rio do Desenvolvimento, Ind\u00fastria, Com\u00e9rcio e Servi\u00e7os (MDIC) divulgados nesta semana, o valor foi alcan\u00e7ado com exporta\u00e7\u00f5es de US$ 6,719 bilh\u00f5es e importa\u00e7\u00f5es de US$ 5,443 bilh\u00f5es.<\/p>\n<p>O super\u00e1vit acumulado no m\u00eas de julho \u00e9 de US$ 4,790 bilh\u00f5es. No ano, soma um total de US$ 34,883 bilh\u00f5es. At\u00e9 a quarta semana de julho as exporta\u00e7\u00f5es somaram US$ 26,234 bilh\u00f5es, e cresceram 3,0% na m\u00e9dia di\u00e1ria em compara\u00e7\u00e3o com o mesmo m\u00eas do ano passado.<\/p>\n<p>O resultado se deu devido a uma alta de 2,4% em Agropecu\u00e1ria, que somou US$ 6,06 bilh\u00f5es; redu\u00e7\u00e3o de 7,6% em Ind\u00fastria Extrativa, que chegou a US$ 5,46 bilh\u00f5es e, por fim, crescimento de 8,1% em Ind\u00fastria de Transforma\u00e7\u00e3o, que alcan\u00e7ou US$ 14,61 bilh\u00f5es.<\/p>\n<p>J\u00e1 as importa\u00e7\u00f5es totalizaram US$ 21,443 bilh\u00f5es e cresceram 11,5% na mesma compara\u00e7\u00e3o, com crescimento de 5,4% em Agropecu\u00e1ria, que somou US$ 420 milh\u00f5es; queda de 17,2% em Ind\u00fastria Extrativa, que chegou a US$ 980 milh\u00f5es e, por fim, alta de 13,7% em Ind\u00fastria de Transforma\u00e7\u00e3o, que alcan\u00e7ou US$ 19,91 bilh\u00f5es.<\/p>\n<\/div>\n<p><br \/>\n<br \/><a href=\"https:\/\/www.tribunaribeirao.com.br\/regiao-tem-superavit-de-us-12-bi\/\">Source link <\/a><\/p>\n<!-- CONTENT END 1 -->\n","protected":false},"excerpt":{"rendered":"<p>Levantamento do Departamento de Rela\u00e7\u00f5es Internacionais e Com\u00e9rcio Exterior da Federa\u00e7\u00e3o das Ind\u00fastrias do Estado de S\u00e3o Paulo (Fiesp), baseado em dados das regionais do&#8230;<\/p>\n","protected":false},"author":1,"featured_media":74985,"comment_status":"open","ping_status":"open","sticky":false,"template":"","format":"standard","meta":{"advanced_seo_description":"","jetpack_seo_html_title":"","jetpack_seo_noindex":false,"jetpack_post_was_ever_published":false,"_jetpack_newsletter_access":"","_jetpack_dont_email_post_to_subs":false,"_jetpack_newsletter_tier_id":0,"_jetpack_memberships_contains_paywalled_content":false,"_jetpack_memberships_contains_paid_content":false,"footnotes":"","jetpack_publicize_message":"","jetpack_publicize_feature_enabled":true,"jetpack_social_post_already_shared":true,"jetpack_social_options":{"image_generator_settings":{"template":"highway","default_image_id":0,"font":"","enabled":false},"version":2}},"categories":[11],"tags":[],"class_list":["post-74984","post","type-post","status-publish","format-standard","has-post-thumbnail","hentry","category-noticias-de-ribeirao-preto-sp-e-regiao-ismael-colosi"],"jetpack_publicize_connections":[],"jetpack_featured_media_url":"https:\/\/i0.wp.com\/noticiasribeiraopreto.com.br\/wp-content\/uploads\/2025\/08\/expor.jpg?fit=580%2C388&ssl=1","jetpack-related-posts":[{"id":7747,"url":"https:\/\/noticiasribeiraopreto.com.br\/index.php\/2023\/11\/28\/exportacoes-superam-us-300-bi-pelo-segundo-ano\/","url_meta":{"origin":74984,"position":0},"title":"Exporta\u00e7\u00f5es superam US$ 300 bi pelo segundo ano\u00a0","author":"noticiasribeiraopreto.com.br","date":"28 de November de 2023","format":false,"excerpt":"28 de novembro de 2023 | 18:0028 de novembro de 2023 | 9:08 0Pelo segundo ano seguido, as exporta\u00e7\u00f5es brasileiras superaram a marca de US$ 300 bilh\u00f5es, divulgou o Minist\u00e9rio do Desenvolvimento, Ind\u00fastria, Com\u00e9rcio e Servi\u00e7os (MDIC). At\u00e9 a terceira semana de novembro, as vendas para o exterior somaram US$\u2026","rel":"","context":"In &quot;Not\u00edcias de Ribeir\u00e3o Preto-SP e Regi\u00e3o&quot;","block_context":{"text":"Not\u00edcias de Ribeir\u00e3o Preto-SP e Regi\u00e3o","link":"https:\/\/noticiasribeiraopreto.com.br\/index.php\/category\/noticias-de-ribeirao-preto-sp-e-regiao-ismael-colosi\/"},"img":{"alt_text":"","src":"https:\/\/i0.wp.com\/noticiasribeiraopreto.com.br\/wp-content\/uploads\/2023\/11\/dolares.jpg?fit=1170%2C700&ssl=1&resize=350%2C200","width":350,"height":200,"srcset":"https:\/\/i0.wp.com\/noticiasribeiraopreto.com.br\/wp-content\/uploads\/2023\/11\/dolares.jpg?fit=1170%2C700&ssl=1&resize=350%2C200 1x, https:\/\/i0.wp.com\/noticiasribeiraopreto.com.br\/wp-content\/uploads\/2023\/11\/dolares.jpg?fit=1170%2C700&ssl=1&resize=525%2C300 1.5x, https:\/\/i0.wp.com\/noticiasribeiraopreto.com.br\/wp-content\/uploads\/2023\/11\/dolares.jpg?fit=1170%2C700&ssl=1&resize=700%2C400 2x, https:\/\/i0.wp.com\/noticiasribeiraopreto.com.br\/wp-content\/uploads\/2023\/11\/dolares.jpg?fit=1170%2C700&ssl=1&resize=1050%2C600 3x"},"classes":[]},{"id":75279,"url":"https:\/\/noticiasribeiraopreto.com.br\/index.php\/2025\/08\/06\/veja-o-impacto-do-tarifaco-de-trump-em-ribeirao-preto\/","url_meta":{"origin":74984,"position":1},"title":"Veja o impacto do Tarifa\u00e7o de Trump em Ribeir\u00e3o Preto","author":"noticiasribeiraopreto.com.br","date":"6 de August de 2025","format":false,"excerpt":"Entrou em vigor nesta quarta-feira (6) o tarifa\u00e7o de 50% imposto sobre parte das exporta\u00e7\u00f5es brasileiras para os Estados Unidos. E o impacto em Ribeir\u00e3o Preto pode chegar a 18,16 milh\u00f5es de d\u00f3lares, segundo levantamento do jornal O Estado de S\u00e3o Paulo. A medida, assinada na semana passada pelo presidente\u2026","rel":"","context":"In &quot;Not\u00edcias de Ribeir\u00e3o Preto-SP e Regi\u00e3o&quot;","block_context":{"text":"Not\u00edcias de Ribeir\u00e3o Preto-SP e Regi\u00e3o","link":"https:\/\/noticiasribeiraopreto.com.br\/index.php\/category\/noticias-de-ribeirao-preto-sp-e-regiao-ismael-colosi\/"},"img":{"alt_text":"","src":"https:\/\/i0.wp.com\/noticiasribeiraopreto.com.br\/wp-content\/uploads\/2025\/07\/Copia-de-Copia-de-Copia-de-TAMANHO-EXATO-PARA-FOTOS-NO-SISTEMA-NOVO-2025-07-18T194849.427_2025-07-18_22-48-58.webp.webp?fit=1200%2C675&ssl=1&resize=350%2C200","width":350,"height":200,"srcset":"https:\/\/i0.wp.com\/noticiasribeiraopreto.com.br\/wp-content\/uploads\/2025\/07\/Copia-de-Copia-de-Copia-de-TAMANHO-EXATO-PARA-FOTOS-NO-SISTEMA-NOVO-2025-07-18T194849.427_2025-07-18_22-48-58.webp.webp?fit=1200%2C675&ssl=1&resize=350%2C200 1x, https:\/\/i0.wp.com\/noticiasribeiraopreto.com.br\/wp-content\/uploads\/2025\/07\/Copia-de-Copia-de-Copia-de-TAMANHO-EXATO-PARA-FOTOS-NO-SISTEMA-NOVO-2025-07-18T194849.427_2025-07-18_22-48-58.webp.webp?fit=1200%2C675&ssl=1&resize=525%2C300 1.5x, https:\/\/i0.wp.com\/noticiasribeiraopreto.com.br\/wp-content\/uploads\/2025\/07\/Copia-de-Copia-de-Copia-de-TAMANHO-EXATO-PARA-FOTOS-NO-SISTEMA-NOVO-2025-07-18T194849.427_2025-07-18_22-48-58.webp.webp?fit=1200%2C675&ssl=1&resize=700%2C400 2x, https:\/\/i0.wp.com\/noticiasribeiraopreto.com.br\/wp-content\/uploads\/2025\/07\/Copia-de-Copia-de-Copia-de-TAMANHO-EXATO-PARA-FOTOS-NO-SISTEMA-NOVO-2025-07-18T194849.427_2025-07-18_22-48-58.webp.webp?fit=1200%2C675&ssl=1&resize=1050%2C600 3x"},"classes":[]},{"id":39656,"url":"https:\/\/noticiasribeiraopreto.com.br\/index.php\/2024\/02\/27\/regiao-de-rp-fecha-2023-com-r-1542-bi\/","url_meta":{"origin":74984,"position":2},"title":"Regi\u00e3o de RP fecha 2023 com R$ 1,542 bi\u00a0","author":"noticiasribeiraopreto.com.br","date":"27 de February de 2024","format":false,"excerpt":"Dados da Funda\u00e7\u00e3o Sistema Estadual de An\u00e1lise de Dados (Seade), divulgados nesta ter\u00e7a-feira, 20 de fevereiro, revelam que R$ 1,542 bilh\u00e3o (R$ 1.542.400.000) foram investidos na Regi\u00e3o Administrativa de Ribeir\u00e3o Preto ao longo do ano passado. De acordo com a Pesquisa de Investimentos Anunciados no Estado de S\u00e3o Paulo (Piesp),\u2026","rel":"","context":"In &quot;Not\u00edcias de Ribeir\u00e3o Preto-SP e Regi\u00e3o&quot;","block_context":{"text":"Not\u00edcias de Ribeir\u00e3o Preto-SP e Regi\u00e3o","link":"https:\/\/noticiasribeiraopreto.com.br\/index.php\/category\/noticias-de-ribeirao-preto-sp-e-regiao-ismael-colosi\/"},"img":{"alt_text":"","src":"https:\/\/i0.wp.com\/noticiasribeiraopreto.com.br\/wp-content\/uploads\/2024\/02\/SeadeRA-Detalhe-Divulgacao-Alesp-scaled.jpg?fit=1000%2C572&ssl=1&resize=350%2C200","width":350,"height":200,"srcset":"https:\/\/i0.wp.com\/noticiasribeiraopreto.com.br\/wp-content\/uploads\/2024\/02\/SeadeRA-Detalhe-Divulgacao-Alesp-scaled.jpg?fit=1000%2C572&ssl=1&resize=350%2C200 1x, https:\/\/i0.wp.com\/noticiasribeiraopreto.com.br\/wp-content\/uploads\/2024\/02\/SeadeRA-Detalhe-Divulgacao-Alesp-scaled.jpg?fit=1000%2C572&ssl=1&resize=525%2C300 1.5x, https:\/\/i0.wp.com\/noticiasribeiraopreto.com.br\/wp-content\/uploads\/2024\/02\/SeadeRA-Detalhe-Divulgacao-Alesp-scaled.jpg?fit=1000%2C572&ssl=1&resize=700%2C400 2x"},"classes":[]},{"id":58551,"url":"https:\/\/noticiasribeiraopreto.com.br\/index.php\/2024\/09\/30\/investimento-em-energia-verde-movimenta-mais-de-r-29-bilhoes-na-regiao-de-ribeirao\/","url_meta":{"origin":74984,"position":3},"title":"Investimento em energia verde movimenta mais de R$ 2,9 bilh\u00f5es na regi\u00e3o de Ribeir\u00e3o","author":"noticiasribeiraopreto.com.br","date":"30 de September de 2024","format":false,"excerpt":"Os investimentos em energia verde superam R$ 2,9 bilh\u00e3o na regi\u00e3o de Ribeir\u00e3o Preto, de acordo com a Funda\u00e7\u00e3o Seade \u2013 os n\u00fameros tamb\u00e9m levam em considera\u00e7\u00e3o os investimentos realizados em Franca e cidades vizinhas. Os n\u00fameros constam na Pesquisa de Investimentos Anunciados no Estado de S\u00e3o Paulo, que contam\u2026","rel":"","context":"In &quot;Not\u00edcias de Ribeir\u00e3o Preto-SP e Regi\u00e3o&quot;","block_context":{"text":"Not\u00edcias de Ribeir\u00e3o Preto-SP e Regi\u00e3o","link":"https:\/\/noticiasribeiraopreto.com.br\/index.php\/category\/noticias-de-ribeirao-preto-sp-e-regiao-ismael-colosi\/"},"img":{"alt_text":"","src":"https:\/\/i0.wp.com\/noticiasribeiraopreto.com.br\/wp-content\/uploads\/2024\/09\/etanol-2-guariba_2024-09-30_20-02-31_jpg_2024-09-30_20-02-31.webp.webp?fit=975%2C551&ssl=1&resize=350%2C200","width":350,"height":200,"srcset":"https:\/\/i0.wp.com\/noticiasribeiraopreto.com.br\/wp-content\/uploads\/2024\/09\/etanol-2-guariba_2024-09-30_20-02-31_jpg_2024-09-30_20-02-31.webp.webp?fit=975%2C551&ssl=1&resize=350%2C200 1x, https:\/\/i0.wp.com\/noticiasribeiraopreto.com.br\/wp-content\/uploads\/2024\/09\/etanol-2-guariba_2024-09-30_20-02-31_jpg_2024-09-30_20-02-31.webp.webp?fit=975%2C551&ssl=1&resize=525%2C300 1.5x, https:\/\/i0.wp.com\/noticiasribeiraopreto.com.br\/wp-content\/uploads\/2024\/09\/etanol-2-guariba_2024-09-30_20-02-31_jpg_2024-09-30_20-02-31.webp.webp?fit=975%2C551&ssl=1&resize=700%2C400 2x"},"classes":[]},{"id":76555,"url":"https:\/\/noticiasribeiraopreto.com.br\/index.php\/2025\/08\/31\/sp-amplia-compra-de-cafe-da-regiao-de-ribeirao-preto-para-enfrentar-tarifaco-de-trump\/","url_meta":{"origin":74984,"position":4},"title":"SP amplia compra de caf\u00e9 da regi\u00e3o de Ribeir\u00e3o Preto para enfrentar Tarifa\u00e7o de Trump","author":"noticiasribeiraopreto.com.br","date":"31 de August de 2025","format":false,"excerpt":"O Governo de S\u00e3o Paulo ampliou a compra de caf\u00e9 produzido por cooperativas da regi\u00e3o de Ribeir\u00e3o Preto para enfrentar o Tarifa\u00e7o imposto pelo presidente dos Estados Unidos, Donald Trump. S\u00e3o cinco chamados p\u00fablicos para compra do caf\u00e9, por meio do PPAIS (Programa Paulista da Agricultura de Interesse Social), que\u2026","rel":"","context":"In &quot;Not\u00edcias de Ribeir\u00e3o Preto-SP e Regi\u00e3o&quot;","block_context":{"text":"Not\u00edcias de Ribeir\u00e3o Preto-SP e Regi\u00e3o","link":"https:\/\/noticiasribeiraopreto.com.br\/index.php\/category\/noticias-de-ribeirao-preto-sp-e-regiao-ismael-colosi\/"},"img":{"alt_text":"","src":"https:\/\/i0.wp.com\/noticiasribeiraopreto.com.br\/wp-content\/uploads\/2025\/08\/cafe_2025-08-31_17-54-11.webp.webp?fit=1000%2C667&ssl=1&resize=350%2C200","width":350,"height":200,"srcset":"https:\/\/i0.wp.com\/noticiasribeiraopreto.com.br\/wp-content\/uploads\/2025\/08\/cafe_2025-08-31_17-54-11.webp.webp?fit=1000%2C667&ssl=1&resize=350%2C200 1x, https:\/\/i0.wp.com\/noticiasribeiraopreto.com.br\/wp-content\/uploads\/2025\/08\/cafe_2025-08-31_17-54-11.webp.webp?fit=1000%2C667&ssl=1&resize=525%2C300 1.5x, https:\/\/i0.wp.com\/noticiasribeiraopreto.com.br\/wp-content\/uploads\/2025\/08\/cafe_2025-08-31_17-54-11.webp.webp?fit=1000%2C667&ssl=1&resize=700%2C400 2x"},"classes":[]},{"id":25744,"url":"https:\/\/noticiasribeiraopreto.com.br\/index.php\/2024\/01\/08\/eua-retiram-direito-de-sobretaxa-de-1034-para-aco-brasileiro\/","url_meta":{"origin":74984,"position":5},"title":"EUA retiram direito de sobretaxa de 103,4% para a\u00e7o brasileiro \u2013 Folha de Ribeir\u00e3o","author":"noticiasribeiraopreto.com.br","date":"8 de January de 2024","format":false,"excerpt":"Ap\u00f3s mais de 30 anos, os Estados Unidos retiraram uma barreira comercial sobre a produ\u00e7\u00e3o sider\u00fargica brasileira. O pa\u00eds retirou o direito\u00a0antidumping\u00a0sobre os tubos soldados de a\u00e7o do Brasil. Agora, esses produtos deixar\u00e3o de pagar sobretaxa de 103,4% para entrar no mercado norte-americano. Em vigor desde 1992, o direito\u00a0antidumping\u00a0foi revogado\u2026","rel":"","context":"In &quot;Not\u00edcias de Ribeir\u00e3o Preto-SP e Regi\u00e3o&quot;","block_context":{"text":"Not\u00edcias de Ribeir\u00e3o Preto-SP e Regi\u00e3o","link":"https:\/\/noticiasribeiraopreto.com.br\/index.php\/category\/noticias-de-ribeirao-preto-sp-e-regiao-ismael-colosi\/"},"img":{"alt_text":"","src":"","width":0,"height":0},"classes":[]}],"jetpack_sharing_enabled":true,"jetpack_shortlink":"https:\/\/wp.me\/peQAOb-jvq","_links":{"self":[{"href":"https:\/\/noticiasribeiraopreto.com.br\/index.php\/wp-json\/wp\/v2\/posts\/74984","targetHints":{"allow":["GET"]}}],"collection":[{"href":"https:\/\/noticiasribeiraopreto.com.br\/index.php\/wp-json\/wp\/v2\/posts"}],"about":[{"href":"https:\/\/noticiasribeiraopreto.com.br\/index.php\/wp-json\/wp\/v2\/types\/post"}],"author":[{"embeddable":true,"href":"https:\/\/noticiasribeiraopreto.com.br\/index.php\/wp-json\/wp\/v2\/users\/1"}],"replies":[{"embeddable":true,"href":"https:\/\/noticiasribeiraopreto.com.br\/index.php\/wp-json\/wp\/v2\/comments?post=74984"}],"version-history":[{"count":0,"href":"https:\/\/noticiasribeiraopreto.com.br\/index.php\/wp-json\/wp\/v2\/posts\/74984\/revisions"}],"wp:featuredmedia":[{"embeddable":true,"href":"https:\/\/noticiasribeiraopreto.com.br\/index.php\/wp-json\/wp\/v2\/media\/74985"}],"wp:attachment":[{"href":"https:\/\/noticiasribeiraopreto.com.br\/index.php\/wp-json\/wp\/v2\/media?parent=74984"}],"wp:term":[{"taxonomy":"category","embeddable":true,"href":"https:\/\/noticiasribeiraopreto.com.br\/index.php\/wp-json\/wp\/v2\/categories?post=74984"},{"taxonomy":"post_tag","embeddable":true,"href":"https:\/\/noticiasribeiraopreto.com.br\/index.php\/wp-json\/wp\/v2\/tags?post=74984"}],"curies":[{"name":"wp","href":"https:\/\/api.w.org\/{rel}","templated":true}]}}