{"id":74990,"date":"2025-08-01T09:39:38","date_gmt":"2025-08-01T12:39:38","guid":{"rendered":"https:\/\/noticiasribeiraopreto.com.br\/index.php\/2025\/08\/01\/quadrilha-do-falso-roubo-e-alvo-de-operacao-da-policia-civil-prejuizo-chega-a-r-4-milhoes\/"},"modified":"2025-08-01T09:39:38","modified_gmt":"2025-08-01T12:39:38","slug":"quadrilha-do-falso-roubo-e-alvo-de-operacao-da-policia-civil-prejuizo-chega-a-r-4-milhoes","status":"publish","type":"post","link":"https:\/\/noticiasribeiraopreto.com.br\/index.php\/2025\/08\/01\/quadrilha-do-falso-roubo-e-alvo-de-operacao-da-policia-civil-prejuizo-chega-a-r-4-milhoes\/","title":{"rendered":"Quadrilha do \u2018falso roubo\u2019 \u00e9 alvo de opera\u00e7\u00e3o da Pol\u00edcia Civil; preju\u00edzo chega a R$ 4 milh\u00f5es"},"content":{"rendered":"<div class='code-block code-block-1' style='margin: 8px 0 8px auto; text-align: right; display: block; clear: both;'>\n<p><a href=\"https:\/\/wa.link\/vpicfd\"><img data-recalc-dims=\"1\" class=\"wp-image-4922\" style=\"aspect-ratio: 2.0253164556962027; width: 561px; height: auto;\" src=\"https:\/\/i0.wp.com\/ismaelcolosi.com.br\/wp-content\/uploads\/2023\/11\/grupo-de-empregos-whatsapp-e-facebook-ismael-colosi-vagas.jpg?ssl=1\" alt=\"\" \/><\/a><\/p>\n<!-- \/wp:image -->\n<\/div>\n<p> <br \/>\n<\/p>\n<div>\n<p>A<strong> Pol\u00edcia Civil <\/strong>deflagrou nesta sexta-feira (1\u00ba de agosto) a Opera\u00e7\u00e3o \u201cfalso roubo\u201d contra uma<mark style=\"background-color:#fcb900\" class=\"has-inline-color has-black-color\"> quadrilha que simulava roubos para desviar cargas. <\/mark>Um criminoso foi preso em <strong>Sert\u00e3ozinho<\/strong>, na regi\u00e3o de <strong>Ribeir\u00e3o Preto<\/strong>. Os policiais seguem nas ruas para prender os outros suspeitos.<\/p>\n<h2 class=\"wp-block-heading\"><strong>In\u00edcio das investiga\u00e7\u00f5es<\/strong><\/h2>\n<p>O caso teve in\u00edcio em maio de 2024, quando equipes da Delegacia de Gua\u00edra foram acionadas por funcion\u00e1rios de uma empresa do ramo aliment\u00edcio ap\u00f3s notarem comportamento suspeito de um motorista que aguardava carregamento.<\/p>\n<p>Durante a abordagem, os policiais descobriram que o caminh\u00e3o trator estava com placa traseira ausente e, no porta-luvas, foram encontradas quatro placas de ve\u00edculos diferentes, al\u00e9m de documentos que n\u00e3o correspondiam ao ve\u00edculo.<\/p>\n<p>O motorista foi preso em flagrante por adultera\u00e7\u00e3o de sinal identificador de ve\u00edculo automotor e estelionato. A partir desta pris\u00e3o, investiga\u00e7\u00f5es mais aprofundadas revelaram um esquema criminoso de grande envergadura.<\/p>\n<h2 class=\"wp-block-heading\"><strong>Modus operandi da organiza\u00e7\u00e3o<\/strong><\/h2>\n<p>A investiga\u00e7\u00e3o revelou que a organiza\u00e7\u00e3o criminosa atuava de forma estruturada, com divis\u00e3o clara de tarefas entre seus integrantes. O grupo era composto por oito motoristas principais, al\u00e9m de propriet\u00e1rios de caminh\u00f5es e semirreboques que facilitavam as opera\u00e7\u00f5es il\u00edcitas.<\/p>\n<p>O esquema funcionava da seguinte forma: <mark style=\"background-color:#fcb900\" class=\"has-inline-color has-black-color\">os motoristas carregavam legitimamente as mercadorias nas empresas, mas posteriormente desviavam as cargas para receptadores. <\/mark>Para encobrir os crimes, dirigiam-se a delegacias de pol\u00edcia em S\u00e3o Paulo e registravam falsos boletins de ocorr\u00eancia, alegando terem sido v\u00edtimas de roubo.<\/p>\n<p>Entre setembro de 2023 e abril de 2024, foram identificados 15 boletins de ocorr\u00eancia falsos registrados pelos integrantes do grupo, sempre com narrativas similares: alegavam ter sido abordados por 3 ou 4 criminosos armados, conduzidos a locais ermos e posteriormente liberados com os ve\u00edculos abandonados sem as cargas.<\/p>\n<h2 class=\"wp-block-heading\"><strong>Preju\u00edzos <\/strong><\/h2>\n<p>A organiza\u00e7\u00e3o criminosa foi respons\u00e1vel pelo desvio de cargas diversas, incluindo fertilizantes, bobinas de cobre, equipamentos industriais, ureia, a\u00e7\u00facar e produtos aliment\u00edcios. <mark style=\"background-color:#fcb900\" class=\"has-inline-color has-black-color\">O preju\u00edzo total estimado \u00e9 de R$ 4.225.970,51.<\/mark><\/p>\n<p>Al\u00e9m das pris\u00f5es, a Justi\u00e7a determinou o sequestro dos ve\u00edculos utilizados nos crimes, incluindo caminh\u00f5es tratores e semirreboques das marcas Scania, Iveco e Mercedes-Benz, al\u00e9m do bloqueio de valores banc\u00e1rios dos investigados at\u00e9 o limite do preju\u00edzo causado.<\/p>\n<p>SAIBA MAIS<br \/>Ricardo sanciona diretrizes do or\u00e7amento de Ribeir\u00e3o Preto com 140 vetos<\/p>\n<h2 class=\"wp-block-heading\"><strong>FIQUE ON<\/strong><\/h2>\n<p>Fique ligado em tudo que acontece em Ribeir\u00e3o Preto e regi\u00e3o. Siga os perfis do<strong>\u00a0acidade on<\/strong>\u00a0no\u00a0<a href=\"https:\/\/www.instagram.com\/acidadeonribeirao\" target=\"_blank\" rel=\"noreferrer noopener\">Instagram<\/a>\u00a0e no\u00a0<a href=\"https:\/\/www.facebook.com\/acidadeonribeirao\/\" target=\"_blank\" rel=\"noreferrer noopener\">Facebook<\/a>.<\/p>\n<p>Receba not\u00edcias do<strong>\u00a0acidade on<\/strong>\u00a0no WhatsApp.<a href=\"https:\/\/chat.whatsapp.com\/BjKQZ9oJwlz8VVT50NuePq\" target=\"_blank\" rel=\"noreferrer noopener\">\u00a0Para entrar no grupo, basta clicar aqui.<\/a><\/p>\n<p>Fa\u00e7a uma den\u00fancia ou sugira uma reportagem sobre Ribeir\u00e3o Preto e regi\u00e3o pelo WhatsApp: 16 99117 7802.<\/p>\n<p>VEJA TAMB\u00c9M<br \/>Vai fazer calor no final de semana em SP?<\/p>\n<p><!-- AI CONTENT END 1 -->\n<\/div>\n<p><script async src=\"\/\/www.instagram.com\/embed.js\"><\/script><br \/>\n<br \/><br \/>\n<br \/><a href=\"https:\/\/www.acidadeon.com\/ribeiraopreto\/cotidiano\/quadrilha-do-falso-roubo-e-alvo-de-operacao-da-policia-civil-prejuizo-chega-a-r-4-milhoes\/\">Source link <\/a><\/p>\n<!-- CONTENT END 1 -->\n","protected":false},"excerpt":{"rendered":"<p>A Pol\u00edcia Civil deflagrou nesta sexta-feira (1\u00ba de agosto) a Opera\u00e7\u00e3o \u201cfalso roubo\u201d contra uma quadrilha que simulava roubos para desviar cargas. Um criminoso foi&#8230;<\/p>\n","protected":false},"author":1,"featured_media":74991,"comment_status":"open","ping_status":"open","sticky":false,"template":"","format":"standard","meta":{"advanced_seo_description":"","jetpack_seo_html_title":"","jetpack_seo_noindex":false,"jetpack_post_was_ever_published":false,"_jetpack_newsletter_access":"","_jetpack_dont_email_post_to_subs":false,"_jetpack_newsletter_tier_id":0,"_jetpack_memberships_contains_paywalled_content":false,"_jetpack_memberships_contains_paid_content":false,"footnotes":"","jetpack_publicize_message":"","jetpack_publicize_feature_enabled":true,"jetpack_social_post_already_shared":true,"jetpack_social_options":{"image_generator_settings":{"template":"highway","default_image_id":0,"font":"","enabled":false},"version":2}},"categories":[11],"tags":[],"class_list":["post-74990","post","type-post","status-publish","format-standard","has-post-thumbnail","hentry","category-noticias-de-ribeirao-preto-sp-e-regiao-ismael-colosi"],"jetpack_publicize_connections":[],"jetpack_featured_media_url":"https:\/\/i0.wp.com\/noticiasribeiraopreto.com.br\/wp-content\/uploads\/2025\/08\/quadrilha_2025-08-01_12-27-52.webp.webp?fit=1156%2C868&ssl=1","jetpack-related-posts":[{"id":61564,"url":"https:\/\/noticiasribeiraopreto.com.br\/index.php\/2024\/12\/16\/megaoperacao-contra-roubo-a-carros-fortes-em-sp-prisoes-suspeito-morto-e-apreensao-milionaria\/","url_meta":{"origin":74990,"position":0},"title":"Megaopera\u00e7\u00e3o contra roubo a carros-fortes em SP: pris\u00f5es, suspeito morto e apreens\u00e3o milion\u00e1ria","author":"noticiasribeiraopreto.com.br","date":"16 de December de 2024","format":false,"excerpt":"Uma opera\u00e7\u00e3o de grande escala foi realizada nesta segunda-feira (16) para desarticular uma quadrilha suspeita de cometer roubos a carros-fortes em v\u00e1rias regi\u00f5es do estado de S\u00e3o Paulo. Coordenada pela Pol\u00edcia Civil, a a\u00e7\u00e3o contou com o apoio de diversas for\u00e7as policiais e resultou em um balan\u00e7o significativo: 10 pessoas\u2026","rel":"","context":"In &quot;Not\u00edcias de Ribeir\u00e3o Preto-SP e Regi\u00e3o&quot;","block_context":{"text":"Not\u00edcias de Ribeir\u00e3o Preto-SP e Regi\u00e3o","link":"https:\/\/noticiasribeiraopreto.com.br\/index.php\/category\/noticias-de-ribeirao-preto-sp-e-regiao-ismael-colosi\/"},"img":{"alt_text":"","src":"https:\/\/i0.wp.com\/noticiasribeiraopreto.com.br\/wp-content\/uploads\/2024\/12\/Captura-de-tela-2024-12-16-150335-e1734372598135.png?fit=1200%2C672&ssl=1&resize=350%2C200","width":350,"height":200,"srcset":"https:\/\/i0.wp.com\/noticiasribeiraopreto.com.br\/wp-content\/uploads\/2024\/12\/Captura-de-tela-2024-12-16-150335-e1734372598135.png?fit=1200%2C672&ssl=1&resize=350%2C200 1x, https:\/\/i0.wp.com\/noticiasribeiraopreto.com.br\/wp-content\/uploads\/2024\/12\/Captura-de-tela-2024-12-16-150335-e1734372598135.png?fit=1200%2C672&ssl=1&resize=525%2C300 1.5x, https:\/\/i0.wp.com\/noticiasribeiraopreto.com.br\/wp-content\/uploads\/2024\/12\/Captura-de-tela-2024-12-16-150335-e1734372598135.png?fit=1200%2C672&ssl=1&resize=700%2C400 2x, https:\/\/i0.wp.com\/noticiasribeiraopreto.com.br\/wp-content\/uploads\/2024\/12\/Captura-de-tela-2024-12-16-150335-e1734372598135.png?fit=1200%2C672&ssl=1&resize=1050%2C600 3x"},"classes":[]},{"id":81059,"url":"https:\/\/noticiasribeiraopreto.com.br\/index.php\/2025\/12\/22\/video-quadrilha-que-roubava-cafe-e-presa-durante-operacao\/","url_meta":{"origin":74990,"position":1},"title":"V\u00cdDEO: Quadrilha que roubava caf\u00e9 \u00e9 presa durante opera\u00e7\u00e3o","author":"noticiasribeiraopreto.com.br","date":"22 de December de 2025","format":false,"excerpt":"\r \r \r 22 de dezembro de 2025 14:43 \r Compartilhar0 Tr\u00eas suspeitos foram presos e um segue foragido; o grupo \u00e9 acusado de roubo em uma fazenda no munic\u00edpio de Pedregulho (SP), em agosto deste ano. A Pol\u00edcia Civil de S\u00e3o Paulo, com apoio da Delegacia de Investiga\u00e7\u00f5es Gerais\u2026","rel":"","context":"In &quot;Not\u00edcias de Ribeir\u00e3o Preto-SP e Regi\u00e3o&quot;","block_context":{"text":"Not\u00edcias de Ribeir\u00e3o Preto-SP e Regi\u00e3o","link":"https:\/\/noticiasribeiraopreto.com.br\/index.php\/category\/noticias-de-ribeirao-preto-sp-e-regiao-ismael-colosi\/"},"img":{"alt_text":"","src":"https:\/\/i0.wp.com\/noticiasribeiraopreto.com.br\/wp-content\/uploads\/2025\/12\/OPERACAO.jpg?fit=800%2C500&ssl=1&resize=350%2C200","width":350,"height":200,"srcset":"https:\/\/i0.wp.com\/noticiasribeiraopreto.com.br\/wp-content\/uploads\/2025\/12\/OPERACAO.jpg?fit=800%2C500&ssl=1&resize=350%2C200 1x, https:\/\/i0.wp.com\/noticiasribeiraopreto.com.br\/wp-content\/uploads\/2025\/12\/OPERACAO.jpg?fit=800%2C500&ssl=1&resize=525%2C300 1.5x, https:\/\/i0.wp.com\/noticiasribeiraopreto.com.br\/wp-content\/uploads\/2025\/12\/OPERACAO.jpg?fit=800%2C500&ssl=1&resize=700%2C400 2x"},"classes":[]},{"id":18487,"url":"https:\/\/noticiasribeiraopreto.com.br\/index.php\/2023\/12\/20\/utm_sourcerssutm_mediumrssutm_campaignpolicia-evita-roubo-e-prende-bandidos-em-franca\/","url_meta":{"origin":74990,"position":2},"title":"Pol\u00edcia evita roubo e prende bandidos em Franca \u2013 X Tudo Ribeir\u00e3o","author":"noticiasribeiraopreto.com.br","date":"20 de December de 2023","format":false,"excerpt":"Tr\u00eas marginais foram presos pela Pol\u00edcia Civil ap\u00f3s uma tentativa de roubo que foi frustada pela equipe da Delegacia de Investiga\u00e7\u00f5es Gerais (DIG), na cidade de Franca. Segundo informa\u00e7\u00f5es da Pol\u00edcia Civil, os Policiais da DIG receberam informa\u00e7\u00f5es que uma quadrilha estava preparando para assaltar uma resid\u00eancia de um empres\u00e1rio\u2026","rel":"","context":"In &quot;Not\u00edcias de Ribeir\u00e3o Preto-SP e Regi\u00e3o&quot;","block_context":{"text":"Not\u00edcias de Ribeir\u00e3o Preto-SP e Regi\u00e3o","link":"https:\/\/noticiasribeiraopreto.com.br\/index.php\/category\/noticias-de-ribeirao-preto-sp-e-regiao-ismael-colosi\/"},"img":{"alt_text":"","src":"https:\/\/i0.wp.com\/noticiasribeiraopreto.com.br\/wp-content\/uploads\/2023\/12\/cf5b30a6-fe7b-4e38-81d6-1dbb6d8e0a5b.jpeg?fit=1200%2C976&ssl=1&resize=350%2C200","width":350,"height":200,"srcset":"https:\/\/i0.wp.com\/noticiasribeiraopreto.com.br\/wp-content\/uploads\/2023\/12\/cf5b30a6-fe7b-4e38-81d6-1dbb6d8e0a5b.jpeg?fit=1200%2C976&ssl=1&resize=350%2C200 1x, https:\/\/i0.wp.com\/noticiasribeiraopreto.com.br\/wp-content\/uploads\/2023\/12\/cf5b30a6-fe7b-4e38-81d6-1dbb6d8e0a5b.jpeg?fit=1200%2C976&ssl=1&resize=525%2C300 1.5x, https:\/\/i0.wp.com\/noticiasribeiraopreto.com.br\/wp-content\/uploads\/2023\/12\/cf5b30a6-fe7b-4e38-81d6-1dbb6d8e0a5b.jpeg?fit=1200%2C976&ssl=1&resize=700%2C400 2x, https:\/\/i0.wp.com\/noticiasribeiraopreto.com.br\/wp-content\/uploads\/2023\/12\/cf5b30a6-fe7b-4e38-81d6-1dbb6d8e0a5b.jpeg?fit=1200%2C976&ssl=1&resize=1050%2C600 3x"},"classes":[]},{"id":79108,"url":"https:\/\/noticiasribeiraopreto.com.br\/index.php\/2025\/10\/24\/mulher-procurada-apos-roubo-a-predio-em-ribeirao-preto-consegue-fugir-em-sc\/","url_meta":{"origin":74990,"position":3},"title":"Mulher procurada ap\u00f3s roubo a pr\u00e9dio em Ribeir\u00e3o Preto consegue fugir em SC","author":"noticiasribeiraopreto.com.br","date":"24 de October de 2025","format":false,"excerpt":"A mulher de 21 anos suspeita de integrar a quadrilha que roubou moradores de um pr\u00e9dio residencial, no Centro de Ribeir\u00e3o Preto, segue foragida. Julia Moretti de Paula \u00e9 apontada por usar documento falso para alugar o apartamento no edif\u00edcio\u00a0alvo do assalto, al\u00e9m de participar ativamente do crime. Nesta sexta-feira\u2026","rel":"","context":"In &quot;Not\u00edcias de Ribeir\u00e3o Preto-SP e Regi\u00e3o&quot;","block_context":{"text":"Not\u00edcias de Ribeir\u00e3o Preto-SP e Regi\u00e3o","link":"https:\/\/noticiasribeiraopreto.com.br\/index.php\/category\/noticias-de-ribeirao-preto-sp-e-regiao-ismael-colosi\/"},"img":{"alt_text":"","src":"https:\/\/i0.wp.com\/noticiasribeiraopreto.com.br\/wp-content\/uploads\/2025\/09\/WhatsApp-Image-2025-09-25-at-12.21.51_2025-09-25_16-11-00.webp.webp?fit=1200%2C675&ssl=1&resize=350%2C200","width":350,"height":200,"srcset":"https:\/\/i0.wp.com\/noticiasribeiraopreto.com.br\/wp-content\/uploads\/2025\/09\/WhatsApp-Image-2025-09-25-at-12.21.51_2025-09-25_16-11-00.webp.webp?fit=1200%2C675&ssl=1&resize=350%2C200 1x, https:\/\/i0.wp.com\/noticiasribeiraopreto.com.br\/wp-content\/uploads\/2025\/09\/WhatsApp-Image-2025-09-25-at-12.21.51_2025-09-25_16-11-00.webp.webp?fit=1200%2C675&ssl=1&resize=525%2C300 1.5x, https:\/\/i0.wp.com\/noticiasribeiraopreto.com.br\/wp-content\/uploads\/2025\/09\/WhatsApp-Image-2025-09-25-at-12.21.51_2025-09-25_16-11-00.webp.webp?fit=1200%2C675&ssl=1&resize=700%2C400 2x, https:\/\/i0.wp.com\/noticiasribeiraopreto.com.br\/wp-content\/uploads\/2025\/09\/WhatsApp-Image-2025-09-25-at-12.21.51_2025-09-25_16-11-00.webp.webp?fit=1200%2C675&ssl=1&resize=1050%2C600 3x"},"classes":[]},{"id":80244,"url":"https:\/\/noticiasribeiraopreto.com.br\/index.php\/2025\/11\/18\/policia-civil-prende-suspeitos-de-integrar-quadrilha-de-roubos-de-joias-que-agiu-em-ribeirao-preto\/","url_meta":{"origin":74990,"position":4},"title":"Pol\u00edcia Civil prende suspeitos de integrar quadrilha de roubos de joias que agiu em Ribeir\u00e3o Preto","author":"noticiasribeiraopreto.com.br","date":"18 de November de 2025","format":false,"excerpt":"A Pol\u00edcia Civil prendeu nesta ter\u00e7a-feira (18) quatro suspeitos de integrar uma quadrilha especializada em roubos de joias. Ap\u00f3s um assalto ocorrido em maio deste ano, no bairro Ribeir\u00e2nia, zona Leste de Ribeir\u00e3o Preto, uma das v\u00edtimas reconheceu as joias roubadas sendo vendidas em um programa de TV. Na opera\u00e7\u00e3o\u2026","rel":"","context":"In &quot;Not\u00edcias de Ribeir\u00e3o Preto-SP e Regi\u00e3o&quot;","block_context":{"text":"Not\u00edcias de Ribeir\u00e3o Preto-SP e Regi\u00e3o","link":"https:\/\/noticiasribeiraopreto.com.br\/index.php\/category\/noticias-de-ribeirao-preto-sp-e-regiao-ismael-colosi\/"},"img":{"alt_text":"","src":"https:\/\/i0.wp.com\/noticiasribeiraopreto.com.br\/wp-content\/uploads\/2025\/11\/roubo-joias_2025-11-18_14-15-20.webp.webp?fit=1200%2C833&ssl=1&resize=350%2C200","width":350,"height":200,"srcset":"https:\/\/i0.wp.com\/noticiasribeiraopreto.com.br\/wp-content\/uploads\/2025\/11\/roubo-joias_2025-11-18_14-15-20.webp.webp?fit=1200%2C833&ssl=1&resize=350%2C200 1x, https:\/\/i0.wp.com\/noticiasribeiraopreto.com.br\/wp-content\/uploads\/2025\/11\/roubo-joias_2025-11-18_14-15-20.webp.webp?fit=1200%2C833&ssl=1&resize=525%2C300 1.5x, https:\/\/i0.wp.com\/noticiasribeiraopreto.com.br\/wp-content\/uploads\/2025\/11\/roubo-joias_2025-11-18_14-15-20.webp.webp?fit=1200%2C833&ssl=1&resize=700%2C400 2x, https:\/\/i0.wp.com\/noticiasribeiraopreto.com.br\/wp-content\/uploads\/2025\/11\/roubo-joias_2025-11-18_14-15-20.webp.webp?fit=1200%2C833&ssl=1&resize=1050%2C600 3x"},"classes":[]},{"id":61550,"url":"https:\/\/noticiasribeiraopreto.com.br\/index.php\/2024\/12\/16\/o-que-se-sabe-sobre-a-megaoperacao-contra-quadrilha-suspeita-de-roubos-a-carros-fortes\/","url_meta":{"origin":74990,"position":5},"title":"O que se sabe sobre a megaopera\u00e7\u00e3o contra quadrilha suspeita de roubos a carros-fortes","author":"noticiasribeiraopreto.com.br","date":"16 de December de 2024","format":false,"excerpt":"A fase II da opera\u00e7\u00e3o Carcar\u00e1, deflagrada nesta segunda-feira (16), em 17 cidades do estado de S\u00e3o Paulo, incluindo Ribeir\u00e3o Preto, Franca e Serra Azul, prendeu 11 pessoas temporariamente por suspeita de integrar uma quadrilha de roubos a carros-fortes e empresas de transporte de valores. Um suspeito, contra o qual\u2026","rel":"","context":"In &quot;Not\u00edcias de Ribeir\u00e3o Preto-SP e Regi\u00e3o&quot;","block_context":{"text":"Not\u00edcias de Ribeir\u00e3o Preto-SP e Regi\u00e3o","link":"https:\/\/noticiasribeiraopreto.com.br\/index.php\/category\/noticias-de-ribeirao-preto-sp-e-regiao-ismael-colosi\/"},"img":{"alt_text":"","src":"https:\/\/i0.wp.com\/noticiasribeiraopreto.com.br\/wp-content\/uploads\/2024\/12\/WhatsApp-Image-2024-12-16-at-09.33.25_2024-12-16_16-24-14_jpeg_2024-12-16_16-24-15.webp.webp?fit=1200%2C539&ssl=1&resize=350%2C200","width":350,"height":200,"srcset":"https:\/\/i0.wp.com\/noticiasribeiraopreto.com.br\/wp-content\/uploads\/2024\/12\/WhatsApp-Image-2024-12-16-at-09.33.25_2024-12-16_16-24-14_jpeg_2024-12-16_16-24-15.webp.webp?fit=1200%2C539&ssl=1&resize=350%2C200 1x, https:\/\/i0.wp.com\/noticiasribeiraopreto.com.br\/wp-content\/uploads\/2024\/12\/WhatsApp-Image-2024-12-16-at-09.33.25_2024-12-16_16-24-14_jpeg_2024-12-16_16-24-15.webp.webp?fit=1200%2C539&ssl=1&resize=525%2C300 1.5x, https:\/\/i0.wp.com\/noticiasribeiraopreto.com.br\/wp-content\/uploads\/2024\/12\/WhatsApp-Image-2024-12-16-at-09.33.25_2024-12-16_16-24-14_jpeg_2024-12-16_16-24-15.webp.webp?fit=1200%2C539&ssl=1&resize=700%2C400 2x, https:\/\/i0.wp.com\/noticiasribeiraopreto.com.br\/wp-content\/uploads\/2024\/12\/WhatsApp-Image-2024-12-16-at-09.33.25_2024-12-16_16-24-14_jpeg_2024-12-16_16-24-15.webp.webp?fit=1200%2C539&ssl=1&resize=1050%2C600 3x"},"classes":[]}],"jetpack_sharing_enabled":true,"jetpack_shortlink":"https:\/\/wp.me\/peQAOb-jvw","_links":{"self":[{"href":"https:\/\/noticiasribeiraopreto.com.br\/index.php\/wp-json\/wp\/v2\/posts\/74990","targetHints":{"allow":["GET"]}}],"collection":[{"href":"https:\/\/noticiasribeiraopreto.com.br\/index.php\/wp-json\/wp\/v2\/posts"}],"about":[{"href":"https:\/\/noticiasribeiraopreto.com.br\/index.php\/wp-json\/wp\/v2\/types\/post"}],"author":[{"embeddable":true,"href":"https:\/\/noticiasribeiraopreto.com.br\/index.php\/wp-json\/wp\/v2\/users\/1"}],"replies":[{"embeddable":true,"href":"https:\/\/noticiasribeiraopreto.com.br\/index.php\/wp-json\/wp\/v2\/comments?post=74990"}],"version-history":[{"count":0,"href":"https:\/\/noticiasribeiraopreto.com.br\/index.php\/wp-json\/wp\/v2\/posts\/74990\/revisions"}],"wp:featuredmedia":[{"embeddable":true,"href":"https:\/\/noticiasribeiraopreto.com.br\/index.php\/wp-json\/wp\/v2\/media\/74991"}],"wp:attachment":[{"href":"https:\/\/noticiasribeiraopreto.com.br\/index.php\/wp-json\/wp\/v2\/media?parent=74990"}],"wp:term":[{"taxonomy":"category","embeddable":true,"href":"https:\/\/noticiasribeiraopreto.com.br\/index.php\/wp-json\/wp\/v2\/categories?post=74990"},{"taxonomy":"post_tag","embeddable":true,"href":"https:\/\/noticiasribeiraopreto.com.br\/index.php\/wp-json\/wp\/v2\/tags?post=74990"}],"curies":[{"name":"wp","href":"https:\/\/api.w.org\/{rel}","templated":true}]}}