{"id":74992,"date":"2025-08-01T09:47:06","date_gmt":"2025-08-01T12:47:06","guid":{"rendered":"https:\/\/noticiasribeiraopreto.com.br\/index.php\/2025\/08\/01\/imagens-mostram-momento-que-carro-invade-loja-de-conveniencia-veja-o-video\/"},"modified":"2025-08-01T09:47:06","modified_gmt":"2025-08-01T12:47:06","slug":"imagens-mostram-momento-que-carro-invade-loja-de-conveniencia-veja-o-video","status":"publish","type":"post","link":"https:\/\/noticiasribeiraopreto.com.br\/index.php\/2025\/08\/01\/imagens-mostram-momento-que-carro-invade-loja-de-conveniencia-veja-o-video\/","title":{"rendered":"Imagens mostram momento que carro invade loja de conveni\u00eancia; Veja o v\u00eddeo"},"content":{"rendered":"<div class='code-block code-block-1' style='margin: 8px 0 8px auto; text-align: right; display: block; clear: both;'>\n<p><a href=\"https:\/\/wa.link\/vpicfd\"><img data-recalc-dims=\"1\" class=\"wp-image-4922\" style=\"aspect-ratio: 2.0253164556962027; width: 561px; height: auto;\" src=\"https:\/\/i0.wp.com\/ismaelcolosi.com.br\/wp-content\/uploads\/2023\/11\/grupo-de-empregos-whatsapp-e-facebook-ismael-colosi-vagas.jpg?ssl=1\" alt=\"\" \/><\/a><\/p>\n<!-- \/wp:image -->\n<\/div>\n<p> <br \/>\n<\/p>\n<div data-td-block-uid=\"tdi_95\">\n<div class=\"tdb-block-inner td-fix-index\">\n<p>Imagens de c\u00e2mera de seguran\u00e7a mostraram o momento que um carro invadiu a <strong>loja de conveni\u00eancia<\/strong> de um posto de combust\u00edveis na zona Sul de <strong>Ribeir\u00e3o Preto<\/strong> \u2013 veja abaixo. O acidente aconteceu na noite de quinta-feira (31) e deixou tr\u00eas pessoas feridas.<\/p>\n<blockquote class=\"instagram-media\" data-instgrm-permalink=\"https:\/\/www.instagram.com\/reel\/DMz4vajuJDz\/?utm_source=ig_embed&amp;utm_campaign=loading\" data-instgrm-version=\"14\" style=\"background:#FFF;border:0;border-radius:3px;margin: 1px;max-width:540px;min-width:326px;padding:0;width:99.375%;width:-webkit-calc(100% - 2px);width:calc(100% - 2px)\"\/>\n<p>Entre as v\u00edtimas, est\u00e3o dois clientes que estavam no posto, que fica entre as<strong> avenidas Jo\u00e3o Fi\u00fasa e Wladimir Meirelles<\/strong>, e a funcion\u00e1ria da loja.<\/p>\n<p>Segundo apura\u00e7\u00e3o da <strong>EPTV<\/strong>, a trabalhadora quebrou a perna e os dois clientes tamb\u00e9m sofreram ferimentos, como cortes e luxa\u00e7\u00e3o no p\u00e9. A funcion\u00e1ria deve passar por cirurgia, j\u00e1 que a fratura foi exposta.<\/p>\n<h2 class=\"wp-block-heading\"><strong>O acidente<\/strong><\/h2>\n<p>O ve\u00edculo atravessou a fachada de vidro do estabelecimento e atingiu duas pessoas que estavam sentadas em uma mesa e a funcion\u00e1ria, que passava pelo local.<\/p>\n<p>Ambos permanecem conscientes e foram encaminhadas para atendimento m\u00e9dico. A motorista do ve\u00edculo tamb\u00e9m recebeu atendimento ap\u00f3s apresentar um pico de press\u00e3o arterial, causado pelo susto.<\/p>\n<p>No momento do acidente, a condutora seguia em dire\u00e7\u00e3o \u00e0 casa da m\u00e3e. Ela estava sozinha no carro. As circunst\u00e2ncias da colis\u00e3o ainda ser\u00e3o apuradas.<\/p>\n<p>SAIBA MAIS<br \/>Ricardo sanciona diretrizes do or\u00e7amento de Ribeir\u00e3o Preto com 140 vetos<\/p>\n<h2 class=\"wp-block-heading\"><strong>FIQUE ON<\/strong><\/h2>\n<p>Fique ligado em tudo que acontece em Ribeir\u00e3o Preto e regi\u00e3o. Siga os perfis do<strong>\u00a0acidade on<\/strong>\u00a0no\u00a0<a href=\"https:\/\/www.instagram.com\/acidadeonribeirao\" target=\"_blank\" rel=\"noreferrer noopener\">Instagram<\/a>\u00a0e no\u00a0<a href=\"https:\/\/www.facebook.com\/acidadeonribeirao\/\" target=\"_blank\" rel=\"noreferrer noopener\">Facebook<\/a>.<\/p>\n<p>Receba not\u00edcias do<strong>\u00a0acidade on<\/strong>\u00a0no WhatsApp.<a href=\"https:\/\/chat.whatsapp.com\/BjKQZ9oJwlz8VVT50NuePq\" target=\"_blank\" rel=\"noreferrer noopener\">\u00a0Para entrar no grupo, basta clicar aqui.<\/a><\/p>\n<p>Fa\u00e7a uma den\u00fancia ou sugira uma reportagem sobre Ribeir\u00e3o Preto e regi\u00e3o pelo WhatsApp: 16 99117 7802.<\/p>\n<p>VEJA TAMB\u00c9M<br \/>Vai fazer calor no final de semana em SP?<\/p>\n<p><!-- AI CONTENT END 1 -->\n<\/div>\n<\/div>\n<p><script async src=\"\/\/www.instagram.com\/embed.js\"><\/script><br \/>\n<br \/><br \/>\n<br \/><a href=\"https:\/\/www.acidadeon.com\/ribeiraopreto\/cotidiano\/imagens-mostram-momento-que-carro-invade-loja-de-conveniencia-veja-o-video\/\">Source link <\/a><\/p>\n<!-- CONTENT END 1 -->\n","protected":false},"excerpt":{"rendered":"<p>Imagens de c\u00e2mera de seguran\u00e7a mostraram o momento que um carro invadiu a loja de conveni\u00eancia de um posto de combust\u00edveis na zona Sul de&#8230;<\/p>\n","protected":false},"author":1,"featured_media":74993,"comment_status":"open","ping_status":"open","sticky":false,"template":"","format":"standard","meta":{"advanced_seo_description":"","jetpack_seo_html_title":"","jetpack_seo_noindex":false,"jetpack_post_was_ever_published":false,"_jetpack_newsletter_access":"","_jetpack_dont_email_post_to_subs":false,"_jetpack_newsletter_tier_id":0,"_jetpack_memberships_contains_paywalled_content":false,"_jetpack_memberships_contains_paid_content":false,"footnotes":"","jetpack_publicize_message":"","jetpack_publicize_feature_enabled":true,"jetpack_social_post_already_shared":true,"jetpack_social_options":{"image_generator_settings":{"template":"highway","default_image_id":0,"font":"","enabled":false},"version":2}},"categories":[11],"tags":[],"class_list":["post-74992","post","type-post","status-publish","format-standard","has-post-thumbnail","hentry","category-noticias-de-ribeirao-preto-sp-e-regiao-ismael-colosi"],"jetpack_publicize_connections":[],"jetpack_featured_media_url":"https:\/\/i0.wp.com\/noticiasribeiraopreto.com.br\/wp-content\/uploads\/2025\/08\/posto_2025-08-01_11-32-50.webp.webp?fit=1200%2C608&ssl=1","jetpack-related-posts":[{"id":74996,"url":"https:\/\/noticiasribeiraopreto.com.br\/index.php\/2025\/08\/01\/videos-carro-invade-loja-de-conveniencia-e-deixa-tres-feridos\/","url_meta":{"origin":74992,"position":0},"title":"V\u00cdDEOS &#8211; Carro invade loja de conveni\u00eancia e deixa tr\u00eas feridos","author":"noticiasribeiraopreto.com.br","date":"1 de August de 2025","format":false,"excerpt":"Acidente ocorreu em posto de combust\u00edvel onde carro bateu em bomba e causou inc\u00eandio em 2024 1 de agosto de 2025 10:151 Compartilhar0 Por: Adalberto Luque Um carro invadiu uma loja de conveni\u00eancia de um posto de combust\u00edveis, na noite desta quinta-feira (31) e deixou tr\u00eas pessoas feridas. O acidente\u2026","rel":"","context":"In &quot;Not\u00edcias de Ribeir\u00e3o Preto-SP e Regi\u00e3o&quot;","block_context":{"text":"Not\u00edcias de Ribeir\u00e3o Preto-SP e Regi\u00e3o","link":"https:\/\/noticiasribeiraopreto.com.br\/index.php\/category\/noticias-de-ribeirao-preto-sp-e-regiao-ismael-colosi\/"},"img":{"alt_text":"","src":"https:\/\/i0.wp.com\/noticiasribeiraopreto.com.br\/wp-content\/uploads\/2025\/08\/01-ago-2025-postofiusa0.jpg?fit=822%2C766&ssl=1&resize=350%2C200","width":350,"height":200,"srcset":"https:\/\/i0.wp.com\/noticiasribeiraopreto.com.br\/wp-content\/uploads\/2025\/08\/01-ago-2025-postofiusa0.jpg?fit=822%2C766&ssl=1&resize=350%2C200 1x, https:\/\/i0.wp.com\/noticiasribeiraopreto.com.br\/wp-content\/uploads\/2025\/08\/01-ago-2025-postofiusa0.jpg?fit=822%2C766&ssl=1&resize=525%2C300 1.5x, https:\/\/i0.wp.com\/noticiasribeiraopreto.com.br\/wp-content\/uploads\/2025\/08\/01-ago-2025-postofiusa0.jpg?fit=822%2C766&ssl=1&resize=700%2C400 2x"},"classes":[]},{"id":43476,"url":"https:\/\/noticiasribeiraopreto.com.br\/index.php\/2024\/03\/21\/veja-o-que-diz-a-defesa-da-mulher-presa-apos-confusao-em-loja-de-conveniencia-de-ribeirao\/","url_meta":{"origin":74992,"position":1},"title":"Veja o que diz a defesa da mulher presa ap\u00f3s confus\u00e3o em loja de conveni\u00eancia de Ribeir\u00e3o","author":"noticiasribeiraopreto.com.br","date":"21 de March de 2024","format":false,"excerpt":"A defesa da engenheira agr\u00f4noma Ana Paula Junqueira, que foi presa na noite do \u00faltimo s\u00e1bado (16), ap\u00f3s uma confus\u00e3o em uma loja de conveni\u00eancia de um posto de combust\u00edveis no Jardim Paulista, em Ribeir\u00e3o Preto, pediu para Justi\u00e7a a liberdade da mulher. A defesa alega que Ana Paula faz\u2026","rel":"","context":"In &quot;Not\u00edcias de Ribeir\u00e3o Preto-SP e Regi\u00e3o&quot;","block_context":{"text":"Not\u00edcias de Ribeir\u00e3o Preto-SP e Regi\u00e3o","link":"https:\/\/noticiasribeiraopreto.com.br\/index.php\/category\/noticias-de-ribeirao-preto-sp-e-regiao-ismael-colosi\/"},"img":{"alt_text":"","src":"https:\/\/i0.wp.com\/noticiasribeiraopreto.com.br\/wp-content\/uploads\/2024\/03\/ENGENHEIRA.jpg?fit=1200%2C809&ssl=1&resize=350%2C200","width":350,"height":200,"srcset":"https:\/\/i0.wp.com\/noticiasribeiraopreto.com.br\/wp-content\/uploads\/2024\/03\/ENGENHEIRA.jpg?fit=1200%2C809&ssl=1&resize=350%2C200 1x, https:\/\/i0.wp.com\/noticiasribeiraopreto.com.br\/wp-content\/uploads\/2024\/03\/ENGENHEIRA.jpg?fit=1200%2C809&ssl=1&resize=525%2C300 1.5x, https:\/\/i0.wp.com\/noticiasribeiraopreto.com.br\/wp-content\/uploads\/2024\/03\/ENGENHEIRA.jpg?fit=1200%2C809&ssl=1&resize=700%2C400 2x, https:\/\/i0.wp.com\/noticiasribeiraopreto.com.br\/wp-content\/uploads\/2024\/03\/ENGENHEIRA.jpg?fit=1200%2C809&ssl=1&resize=1050%2C600 3x"},"classes":[]},{"id":74979,"url":"https:\/\/noticiasribeiraopreto.com.br\/index.php\/2025\/08\/01\/carro-invade-loja-de-conveniencia-e-deixa-duas-pessoas-feridas-em-ribeirao-preto\/","url_meta":{"origin":74992,"position":2},"title":"Carro invade loja de conveni\u00eancia e deixa duas pessoas feridas em Ribeir\u00e3o Preto","author":"noticiasribeiraopreto.com.br","date":"1 de August de 2025","format":false,"excerpt":"Um carro invadiu uma loja de conveni\u00eancia de um posto de combust\u00edvel, na zona Sul de Ribeir\u00e3o Preto, na noite desta quinta-feira (31). O ve\u00edculo atravessou a fachada de vidro do estabelecimento e atingiu duas pessoas que estavam sentadas em uma mesa. As v\u00edtimas sofreram fraturas: uma quebrou a perna\u2026","rel":"","context":"In &quot;Not\u00edcias de Ribeir\u00e3o Preto-SP e Regi\u00e3o&quot;","block_context":{"text":"Not\u00edcias de Ribeir\u00e3o Preto-SP e Regi\u00e3o","link":"https:\/\/noticiasribeiraopreto.com.br\/index.php\/category\/noticias-de-ribeirao-preto-sp-e-regiao-ismael-colosi\/"},"img":{"alt_text":"","src":"https:\/\/i0.wp.com\/noticiasribeiraopreto.com.br\/wp-content\/uploads\/2025\/08\/Copia-de-Copia-de-Copia-de-TAMANHO-EXATO-PARA-FOTOS-NO-SISTEMA-NOVO_2025-08-01_01-08-19.webp.webp?fit=1200%2C675&ssl=1&resize=350%2C200","width":350,"height":200,"srcset":"https:\/\/i0.wp.com\/noticiasribeiraopreto.com.br\/wp-content\/uploads\/2025\/08\/Copia-de-Copia-de-Copia-de-TAMANHO-EXATO-PARA-FOTOS-NO-SISTEMA-NOVO_2025-08-01_01-08-19.webp.webp?fit=1200%2C675&ssl=1&resize=350%2C200 1x, https:\/\/i0.wp.com\/noticiasribeiraopreto.com.br\/wp-content\/uploads\/2025\/08\/Copia-de-Copia-de-Copia-de-TAMANHO-EXATO-PARA-FOTOS-NO-SISTEMA-NOVO_2025-08-01_01-08-19.webp.webp?fit=1200%2C675&ssl=1&resize=525%2C300 1.5x, https:\/\/i0.wp.com\/noticiasribeiraopreto.com.br\/wp-content\/uploads\/2025\/08\/Copia-de-Copia-de-Copia-de-TAMANHO-EXATO-PARA-FOTOS-NO-SISTEMA-NOVO_2025-08-01_01-08-19.webp.webp?fit=1200%2C675&ssl=1&resize=700%2C400 2x, https:\/\/i0.wp.com\/noticiasribeiraopreto.com.br\/wp-content\/uploads\/2025\/08\/Copia-de-Copia-de-Copia-de-TAMANHO-EXATO-PARA-FOTOS-NO-SISTEMA-NOVO_2025-08-01_01-08-19.webp.webp?fit=1200%2C675&ssl=1&resize=1050%2C600 3x"},"classes":[]},{"id":44035,"url":"https:\/\/noticiasribeiraopreto.com.br\/index.php\/2024\/03\/25\/justica-nega-liberdade-a-engenheira-presa-por-confusao-em-loja-de-conveniencia-de-ribeirao-preto\/","url_meta":{"origin":74992,"position":3},"title":"Justi\u00e7a nega liberdade \u00e0 engenheira presa por confus\u00e3o em loja de conveni\u00eancia de Ribeir\u00e3o Preto","author":"noticiasribeiraopreto.com.br","date":"25 de March de 2024","format":false,"excerpt":"O Tribunal de Justi\u00e7a de S\u00e3o Paulo negou na manh\u00e3 desta segunda-feira (25), o pedido de liberdade \u00e0 engenheira agr\u00f4noma Ana Paula Junqueira, de 43 anos, presa no \u00faltimo dia 16 por se envolver em uma confus\u00e3o dentro de uma loja de conveni\u00eancia de um posto de combust\u00edvel, no bairro\u2026","rel":"","context":"In &quot;Not\u00edcias de Ribeir\u00e3o Preto-SP e Regi\u00e3o&quot;","block_context":{"text":"Not\u00edcias de Ribeir\u00e3o Preto-SP e Regi\u00e3o","link":"https:\/\/noticiasribeiraopreto.com.br\/index.php\/category\/noticias-de-ribeirao-preto-sp-e-regiao-ismael-colosi\/"},"img":{"alt_text":"","src":"https:\/\/i0.wp.com\/noticiasribeiraopreto.com.br\/wp-content\/uploads\/2024\/03\/1711380828_ENGENHEIRA.jpg?fit=1200%2C809&ssl=1&resize=350%2C200","width":350,"height":200,"srcset":"https:\/\/i0.wp.com\/noticiasribeiraopreto.com.br\/wp-content\/uploads\/2024\/03\/1711380828_ENGENHEIRA.jpg?fit=1200%2C809&ssl=1&resize=350%2C200 1x, https:\/\/i0.wp.com\/noticiasribeiraopreto.com.br\/wp-content\/uploads\/2024\/03\/1711380828_ENGENHEIRA.jpg?fit=1200%2C809&ssl=1&resize=525%2C300 1.5x, https:\/\/i0.wp.com\/noticiasribeiraopreto.com.br\/wp-content\/uploads\/2024\/03\/1711380828_ENGENHEIRA.jpg?fit=1200%2C809&ssl=1&resize=700%2C400 2x, https:\/\/i0.wp.com\/noticiasribeiraopreto.com.br\/wp-content\/uploads\/2024\/03\/1711380828_ENGENHEIRA.jpg?fit=1200%2C809&ssl=1&resize=1050%2C600 3x"},"classes":[]},{"id":62933,"url":"https:\/\/noticiasribeiraopreto.com.br\/index.php\/2025\/01\/28\/engenheira-e-condenada-a-pagar-indenizacao-por-humilhar-balconista-em-ribeirao\/","url_meta":{"origin":74992,"position":4},"title":"Engenheira \u00e9 condenada a pagar indeniza\u00e7\u00e3o por humilhar balconista em Ribeir\u00e3o","author":"noticiasribeiraopreto.com.br","date":"28 de January de 2025","format":false,"excerpt":"A Justi\u00e7a condenou a engenheira agr\u00f4noma Ana Paula Junqueira, acusada de agredir e ofender uma balconista durante uma confus\u00e3o em uma loja de conveni\u00eancia, em Ribeir\u00e3o Preto, ao pagamento de R$ 5 mil de indeniza\u00e7\u00e3o \u00e0 v\u00edtima. A cabe recurso. A ju\u00edza Mayra Callegari Gomes de Almeida, da 5\u00aa Vara\u2026","rel":"","context":"In &quot;Not\u00edcias de Ribeir\u00e3o Preto-SP e Regi\u00e3o&quot;","block_context":{"text":"Not\u00edcias de Ribeir\u00e3o Preto-SP e Regi\u00e3o","link":"https:\/\/noticiasribeiraopreto.com.br\/index.php\/category\/noticias-de-ribeirao-preto-sp-e-regiao-ismael-colosi\/"},"img":{"alt_text":"","src":"https:\/\/i0.wp.com\/noticiasribeiraopreto.com.br\/wp-content\/uploads\/2025\/01\/Copia-de-Copia-de-Copia-de-TAMANHO-EXATO-PARA-FOTOS-NO-SISTEMA-NOVO-2025-01-28T191336.743_2025-01-28_22-13-50_png_2025-01-28_22-13-51.webp.webp?fit=1200%2C675&ssl=1&resize=350%2C200","width":350,"height":200,"srcset":"https:\/\/i0.wp.com\/noticiasribeiraopreto.com.br\/wp-content\/uploads\/2025\/01\/Copia-de-Copia-de-Copia-de-TAMANHO-EXATO-PARA-FOTOS-NO-SISTEMA-NOVO-2025-01-28T191336.743_2025-01-28_22-13-50_png_2025-01-28_22-13-51.webp.webp?fit=1200%2C675&ssl=1&resize=350%2C200 1x, https:\/\/i0.wp.com\/noticiasribeiraopreto.com.br\/wp-content\/uploads\/2025\/01\/Copia-de-Copia-de-Copia-de-TAMANHO-EXATO-PARA-FOTOS-NO-SISTEMA-NOVO-2025-01-28T191336.743_2025-01-28_22-13-50_png_2025-01-28_22-13-51.webp.webp?fit=1200%2C675&ssl=1&resize=525%2C300 1.5x, https:\/\/i0.wp.com\/noticiasribeiraopreto.com.br\/wp-content\/uploads\/2025\/01\/Copia-de-Copia-de-Copia-de-TAMANHO-EXATO-PARA-FOTOS-NO-SISTEMA-NOVO-2025-01-28T191336.743_2025-01-28_22-13-50_png_2025-01-28_22-13-51.webp.webp?fit=1200%2C675&ssl=1&resize=700%2C400 2x, https:\/\/i0.wp.com\/noticiasribeiraopreto.com.br\/wp-content\/uploads\/2025\/01\/Copia-de-Copia-de-Copia-de-TAMANHO-EXATO-PARA-FOTOS-NO-SISTEMA-NOVO-2025-01-28T191336.743_2025-01-28_22-13-50_png_2025-01-28_22-13-51.webp.webp?fit=1200%2C675&ssl=1&resize=1050%2C600 3x"},"classes":[]},{"id":79529,"url":"https:\/\/noticiasribeiraopreto.com.br\/index.php\/2025\/11\/03\/durante-perseguicao-motorista-sobe-na-calcada-e-passa-entre-poste-e-fachada-de-loja-video\/","url_meta":{"origin":74992,"position":5},"title":"Durante persegui\u00e7\u00e3o, motorista sobe na cal\u00e7ada e passa entre poste e fachada de loja; V\u00cdDEO","author":"noticiasribeiraopreto.com.br","date":"3 de November de 2025","format":false,"excerpt":"Uma persegui\u00e7\u00e3o policial terminou em acidente na madrugada deste domingo (2) na avenida Saudade, em Ribeir\u00e3o Preto. Um homem foi preso ap\u00f3s dirigir embriagado e colidir contra a fachada de uma loja durante a tentativa de fuga. Segundo a Pol\u00edcia Militar, a equipe realizava patrulhamento de rotina quando viu um\u2026","rel":"","context":"In &quot;Not\u00edcias de Ribeir\u00e3o Preto-SP e Regi\u00e3o&quot;","block_context":{"text":"Not\u00edcias de Ribeir\u00e3o Preto-SP e Regi\u00e3o","link":"https:\/\/noticiasribeiraopreto.com.br\/index.php\/category\/noticias-de-ribeirao-preto-sp-e-regiao-ismael-colosi\/"},"img":{"alt_text":"","src":"https:\/\/i0.wp.com\/noticiasribeiraopreto.com.br\/wp-content\/uploads\/2025\/11\/palace-6_2025-11-03_17-59-41.webp.webp?fit=1200%2C675&ssl=1&resize=350%2C200","width":350,"height":200,"srcset":"https:\/\/i0.wp.com\/noticiasribeiraopreto.com.br\/wp-content\/uploads\/2025\/11\/palace-6_2025-11-03_17-59-41.webp.webp?fit=1200%2C675&ssl=1&resize=350%2C200 1x, https:\/\/i0.wp.com\/noticiasribeiraopreto.com.br\/wp-content\/uploads\/2025\/11\/palace-6_2025-11-03_17-59-41.webp.webp?fit=1200%2C675&ssl=1&resize=525%2C300 1.5x, https:\/\/i0.wp.com\/noticiasribeiraopreto.com.br\/wp-content\/uploads\/2025\/11\/palace-6_2025-11-03_17-59-41.webp.webp?fit=1200%2C675&ssl=1&resize=700%2C400 2x, https:\/\/i0.wp.com\/noticiasribeiraopreto.com.br\/wp-content\/uploads\/2025\/11\/palace-6_2025-11-03_17-59-41.webp.webp?fit=1200%2C675&ssl=1&resize=1050%2C600 3x"},"classes":[]}],"jetpack_sharing_enabled":true,"jetpack_shortlink":"https:\/\/wp.me\/peQAOb-jvy","_links":{"self":[{"href":"https:\/\/noticiasribeiraopreto.com.br\/index.php\/wp-json\/wp\/v2\/posts\/74992","targetHints":{"allow":["GET"]}}],"collection":[{"href":"https:\/\/noticiasribeiraopreto.com.br\/index.php\/wp-json\/wp\/v2\/posts"}],"about":[{"href":"https:\/\/noticiasribeiraopreto.com.br\/index.php\/wp-json\/wp\/v2\/types\/post"}],"author":[{"embeddable":true,"href":"https:\/\/noticiasribeiraopreto.com.br\/index.php\/wp-json\/wp\/v2\/users\/1"}],"replies":[{"embeddable":true,"href":"https:\/\/noticiasribeiraopreto.com.br\/index.php\/wp-json\/wp\/v2\/comments?post=74992"}],"version-history":[{"count":0,"href":"https:\/\/noticiasribeiraopreto.com.br\/index.php\/wp-json\/wp\/v2\/posts\/74992\/revisions"}],"wp:featuredmedia":[{"embeddable":true,"href":"https:\/\/noticiasribeiraopreto.com.br\/index.php\/wp-json\/wp\/v2\/media\/74993"}],"wp:attachment":[{"href":"https:\/\/noticiasribeiraopreto.com.br\/index.php\/wp-json\/wp\/v2\/media?parent=74992"}],"wp:term":[{"taxonomy":"category","embeddable":true,"href":"https:\/\/noticiasribeiraopreto.com.br\/index.php\/wp-json\/wp\/v2\/categories?post=74992"},{"taxonomy":"post_tag","embeddable":true,"href":"https:\/\/noticiasribeiraopreto.com.br\/index.php\/wp-json\/wp\/v2\/tags?post=74992"}],"curies":[{"name":"wp","href":"https:\/\/api.w.org\/{rel}","templated":true}]}}