{"id":74994,"date":"2025-08-01T09:54:43","date_gmt":"2025-08-01T12:54:43","guid":{"rendered":"https:\/\/noticiasribeiraopreto.com.br\/index.php\/2025\/08\/01\/agosto-comeca-com-alerta-no-interior-de-sao-paulo-veja-a-previsao-do-tempo\/"},"modified":"2025-08-01T09:54:43","modified_gmt":"2025-08-01T12:54:43","slug":"agosto-comeca-com-alerta-no-interior-de-sao-paulo-veja-a-previsao-do-tempo","status":"publish","type":"post","link":"https:\/\/noticiasribeiraopreto.com.br\/index.php\/2025\/08\/01\/agosto-comeca-com-alerta-no-interior-de-sao-paulo-veja-a-previsao-do-tempo\/","title":{"rendered":"Agosto come\u00e7a com alerta no interior de S\u00e3o Paulo; Veja a previs\u00e3o do tempo"},"content":{"rendered":"<div class='code-block code-block-1' style='margin: 8px 0 8px auto; text-align: right; display: block; clear: both;'>\n<p><a href=\"https:\/\/wa.link\/vpicfd\"><img data-recalc-dims=\"1\" class=\"wp-image-4922\" style=\"aspect-ratio: 2.0253164556962027; width: 561px; height: auto;\" src=\"https:\/\/i0.wp.com\/ismaelcolosi.com.br\/wp-content\/uploads\/2023\/11\/grupo-de-empregos-whatsapp-e-facebook-ismael-colosi-vagas.jpg?ssl=1\" alt=\"\" \/><\/a><\/p>\n<!-- \/wp:image -->\n<\/div>\n<p> <br \/>\n<\/p>\n<div>\n<p>O<strong> interior de S\u00e3o Paulo<\/strong> come\u00e7a a sexta-feira (1\u00ba de agosto) com alerta para o risco de baixa unidade. Segundo a <strong><a href=\"https:\/\/www.climatempo.com.br\/previsao-do-tempo\/15-dias\/cidade\/530\/ribeiraopreto-sp\" data-type=\"link\" data-id=\"https:\/\/www.climatempo.com.br\/previsao-do-tempo\/15-dias\/cidade\/530\/ribeiraopreto-sp\" target=\"_blank\" rel=\"noopener\">Climatempo,<\/a><\/strong> o dia ser\u00e1 marcado pelo predom\u00ednio do tempo seco sobre grande parte do interior paulista.<\/p>\n<p>Em<strong> Ribeir\u00e3o Preto<\/strong>, <mark style=\"background-color:#fcb900\" class=\"has-inline-color has-black-color\">as temperaturas devem ficar entre 13\u00b0C e 28\u00b0C. <\/mark>O dia ser\u00e1 de Sol, sem nuvens, com aumento de nebulosidade no per\u00edodo da noite. <mark style=\"background-color:#fcb900\" class=\"has-inline-color has-black-color\">N\u00e3o chove.<\/mark><\/p>\n<p>Os meteorologistas apontam que o cen\u00e1rio se estende para o fim de semana e traz dois destaques: \u201ca queda acentuada da umidade relativa do ar e a eleva\u00e7\u00e3o gradual das temperaturas, especialmente nas \u00e1reas centrais do Brasil\u201d, informa.<\/p>\n<p>As cidades ao norte do Estado de S\u00e3o Paulo entram em alerta m\u00e1ximo, j\u00e1 que a umidade deve cair para abaixo de 20%, com risco maior de inc\u00eandios florestais e problemas respirat\u00f3rios.<\/p>\n<h2 class=\"wp-block-heading\"><strong>Por que o tempo est\u00e1 t\u00e3o seco?<\/strong><\/h2>\n<p>Segundo os meteorologistas, um bloqueio atmosf\u00e9rico provocado pela Alta Subtropical do Atl\u00e2ntico Sul (ASAS) \u00e9 o principal respons\u00e1vel por este cen\u00e1rio. \u201cDurante o inverno, este sistema de alta press\u00e3o se intensifica e se expande sobre o interior do Brasil, mantendo o c\u00e9u limpo e dificultando a forma\u00e7\u00e3o de nuvens e chuvas\u201d, informa.<\/p>\n<p>\u201cCom a aus\u00eancia de precipita\u00e7\u00e3o, o solo perde umidade rapidamente e a vegeta\u00e7\u00e3o seca, o que contribui para quedas ainda mais acentuadas da umidade relativa do ar. O resultado \u00e9 um ciclo de dias ensolarados e secos, com grande amplitude t\u00e9rmica: manh\u00e3s mais frias e tardes muito quentes, cen\u00e1rio t\u00edpico da esta\u00e7\u00e3o\u201d, completa.<\/p>\n<p>SAIBA MAIS<br \/>Ricardo sanciona diretrizes do or\u00e7amento de Ribeir\u00e3o Preto com 140 vetos<\/p>\n<h2 class=\"wp-block-heading\"><strong>FIQUE ON<\/strong><\/h2>\n<p>Fique ligado em tudo que acontece em Ribeir\u00e3o Preto e regi\u00e3o. Siga os perfis do<strong> acidade on<\/strong> no <a href=\"https:\/\/www.instagram.com\/acidadeonribeirao\" data-type=\"link\" data-id=\"https:\/\/www.instagram.com\/acidadeonribeirao\" target=\"_blank\" rel=\"noopener\">Instagram<\/a> e no <a href=\"https:\/\/www.facebook.com\/acidadeonribeirao\/\" data-type=\"link\" data-id=\"https:\/\/www.facebook.com\/acidadeonribeirao\/\" target=\"_blank\" rel=\"noopener\">Facebook<\/a>.<\/p>\n<p>Receba not\u00edcias do<strong> acidade on<\/strong> no WhatsApp.<a href=\"https:\/\/chat.whatsapp.com\/BjKQZ9oJwlz8VVT50NuePq\" data-type=\"link\" data-id=\"https:\/\/chat.whatsapp.com\/BjKQZ9oJwlz8VVT50NuePq\" target=\"_blank\" rel=\"noopener\"> Para entrar no grupo, basta clicar aqui.<\/a><\/p>\n<p>Fa\u00e7a uma den\u00fancia ou sugira uma reportagem sobre Ribeir\u00e3o Preto e regi\u00e3o pelo WhatsApp: 16 99117 7802.<\/p>\n<p>VEJA TAMB\u00c9M<br \/>Vai fazer calor no final de semana em SP?<\/p>\n<p><!-- AI CONTENT END 1 -->\n<\/div>\n<p><script async src=\"\/\/www.instagram.com\/embed.js\"><\/script><br \/>\n<br \/><br \/>\n<br \/><a href=\"https:\/\/www.acidadeon.com\/ribeiraopreto\/cotidiano\/agosto-comeca-com-alerta-no-interior-de-sao-paulo-veja-a-previsao-do-tempo\/\">Source link <\/a><\/p>\n<!-- CONTENT END 1 -->\n","protected":false},"excerpt":{"rendered":"<p>O interior de S\u00e3o Paulo come\u00e7a a sexta-feira (1\u00ba de agosto) com alerta para o risco de baixa unidade. Segundo a Climatempo, o dia ser\u00e1&#8230;<\/p>\n","protected":false},"author":1,"featured_media":74995,"comment_status":"open","ping_status":"open","sticky":false,"template":"","format":"standard","meta":{"advanced_seo_description":"","jetpack_seo_html_title":"","jetpack_seo_noindex":false,"jetpack_post_was_ever_published":false,"_jetpack_newsletter_access":"","_jetpack_dont_email_post_to_subs":false,"_jetpack_newsletter_tier_id":0,"_jetpack_memberships_contains_paywalled_content":false,"_jetpack_memberships_contains_paid_content":false,"footnotes":"","jetpack_publicize_message":"","jetpack_publicize_feature_enabled":true,"jetpack_social_post_already_shared":true,"jetpack_social_options":{"image_generator_settings":{"template":"highway","default_image_id":0,"font":"","enabled":false},"version":2}},"categories":[11],"tags":[],"class_list":["post-74994","post","type-post","status-publish","format-standard","has-post-thumbnail","hentry","category-noticias-de-ribeirao-preto-sp-e-regiao-ismael-colosi"],"jetpack_publicize_connections":[],"jetpack_featured_media_url":"https:\/\/i0.wp.com\/noticiasribeiraopreto.com.br\/wp-content\/uploads\/2025\/08\/tempo-seco-sao-paulo_2025-08-01_10-41-19.webp.webp?fit=700%2C700&ssl=1","jetpack-related-posts":[{"id":75819,"url":"https:\/\/noticiasribeiraopreto.com.br\/index.php\/2025\/08\/15\/veranico-no-interior-de-sp-temperaturas-podem-chegar-a-35-c\/","url_meta":{"origin":74994,"position":0},"title":"Veranico no interior de SP: temperaturas podem chegar a 35\u202f\u00b0C","author":"noticiasribeiraopreto.com.br","date":"15 de August de 2025","format":false,"excerpt":"Ap\u00f3s um per\u00edodo de temperaturas mais baixas, o interior de S\u00e3o Paulo se prepara para enfrentar um novo veranico, com temperaturas muito acima da m\u00e9dia para o inverno, a partir da pr\u00f3xima quarta-feira (20). De acordo com a Climatempo, o per\u00edodo n\u00e3o ser\u00e1 classificado como onda de calor, no entanto,\u2026","rel":"","context":"In &quot;Not\u00edcias de Ribeir\u00e3o Preto-SP e Regi\u00e3o&quot;","block_context":{"text":"Not\u00edcias de Ribeir\u00e3o Preto-SP e Regi\u00e3o","link":"https:\/\/noticiasribeiraopreto.com.br\/index.php\/category\/noticias-de-ribeirao-preto-sp-e-regiao-ismael-colosi\/"},"img":{"alt_text":"","src":"https:\/\/i0.wp.com\/noticiasribeiraopreto.com.br\/wp-content\/uploads\/2025\/08\/WhatsApp-Image-2025-08-15-at-06.23.01_2025-08-15_10-04-02-1024x576.webp.webp?fit=1024%2C576&ssl=1&resize=350%2C200","width":350,"height":200,"srcset":"https:\/\/i0.wp.com\/noticiasribeiraopreto.com.br\/wp-content\/uploads\/2025\/08\/WhatsApp-Image-2025-08-15-at-06.23.01_2025-08-15_10-04-02-1024x576.webp.webp?fit=1024%2C576&ssl=1&resize=350%2C200 1x, https:\/\/i0.wp.com\/noticiasribeiraopreto.com.br\/wp-content\/uploads\/2025\/08\/WhatsApp-Image-2025-08-15-at-06.23.01_2025-08-15_10-04-02-1024x576.webp.webp?fit=1024%2C576&ssl=1&resize=525%2C300 1.5x, https:\/\/i0.wp.com\/noticiasribeiraopreto.com.br\/wp-content\/uploads\/2025\/08\/WhatsApp-Image-2025-08-15-at-06.23.01_2025-08-15_10-04-02-1024x576.webp.webp?fit=1024%2C576&ssl=1&resize=700%2C400 2x"},"classes":[]},{"id":56927,"url":"https:\/\/noticiasribeiraopreto.com.br\/index.php\/2024\/08\/18\/onda-de-calor-comeca-neste-domingo-veja-previsao-para-ribeirao-preto\/","url_meta":{"origin":74994,"position":1},"title":"Onda de calor come\u00e7a neste domingo; Veja previs\u00e3o para Ribeir\u00e3o Preto","author":"noticiasribeiraopreto.com.br","date":"18 de August de 2024","format":false,"excerpt":"Uma nova onda de calor come\u00e7a a afetar o interior de S\u00e3o Paulo neste domingo (18), de acordo com a Climatempo. Em Ribeir\u00e3o Preto o dia ser\u00e1 de Sol o dia todo sem nuvens no c\u00e9u e noite de tempo aberto ainda sem nuvens. Conforme registro do Centro Integrado de\u2026","rel":"","context":"In &quot;Not\u00edcias de Ribeir\u00e3o Preto-SP e Regi\u00e3o&quot;","block_context":{"text":"Not\u00edcias de Ribeir\u00e3o Preto-SP e Regi\u00e3o","link":"https:\/\/noticiasribeiraopreto.com.br\/index.php\/category\/noticias-de-ribeirao-preto-sp-e-regiao-ismael-colosi\/"},"img":{"alt_text":"","src":"https:\/\/i0.wp.com\/noticiasribeiraopreto.com.br\/wp-content\/uploads\/2024\/08\/ceu_azul_1024x576_28082020185640.jpg?fit=1024%2C576&ssl=1&resize=350%2C200","width":350,"height":200,"srcset":"https:\/\/i0.wp.com\/noticiasribeiraopreto.com.br\/wp-content\/uploads\/2024\/08\/ceu_azul_1024x576_28082020185640.jpg?fit=1024%2C576&ssl=1&resize=350%2C200 1x, https:\/\/i0.wp.com\/noticiasribeiraopreto.com.br\/wp-content\/uploads\/2024\/08\/ceu_azul_1024x576_28082020185640.jpg?fit=1024%2C576&ssl=1&resize=525%2C300 1.5x, https:\/\/i0.wp.com\/noticiasribeiraopreto.com.br\/wp-content\/uploads\/2024\/08\/ceu_azul_1024x576_28082020185640.jpg?fit=1024%2C576&ssl=1&resize=700%2C400 2x"},"classes":[]},{"id":52079,"url":"https:\/\/noticiasribeiraopreto.com.br\/index.php\/2024\/06\/03\/interior-de-sp-recebe-alerta-para-queda-de-temperatura-devido-a-nova-frente-fria-veja-regioes\/","url_meta":{"origin":74994,"position":2},"title":"Interior de SP recebe alerta para queda de temperatura devido a nova frente fria; veja regi\u00f5es","author":"noticiasribeiraopreto.com.br","date":"3 de June de 2024","format":false,"excerpt":"Uma nova frente fria deve provocar uma \u2018virada no tempo\u2019 em diversos munic\u00edpios do estado de S\u00e3o Paulo, a partir desta ter\u00e7a-feira (04), de acordo com a meteorologia. Segundo a Climatempo, h\u00e1 condi\u00e7\u00f5es para pancadas de chuva isoladas no litoral paulista, enquanto no interior de S\u00e3o Paulo, as temperaturas devem\u2026","rel":"","context":"In &quot;Not\u00edcias de Ribeir\u00e3o Preto-SP e Regi\u00e3o&quot;","block_context":{"text":"Not\u00edcias de Ribeir\u00e3o Preto-SP e Regi\u00e3o","link":"https:\/\/noticiasribeiraopreto.com.br\/index.php\/category\/noticias-de-ribeirao-preto-sp-e-regiao-ismael-colosi\/"},"img":{"alt_text":"","src":"https:\/\/i0.wp.com\/noticiasribeiraopreto.com.br\/wp-content\/uploads\/2024\/06\/frio_deve_1024x576_26072021125814.jpg?fit=1024%2C576&ssl=1&resize=350%2C200","width":350,"height":200,"srcset":"https:\/\/i0.wp.com\/noticiasribeiraopreto.com.br\/wp-content\/uploads\/2024\/06\/frio_deve_1024x576_26072021125814.jpg?fit=1024%2C576&ssl=1&resize=350%2C200 1x, https:\/\/i0.wp.com\/noticiasribeiraopreto.com.br\/wp-content\/uploads\/2024\/06\/frio_deve_1024x576_26072021125814.jpg?fit=1024%2C576&ssl=1&resize=525%2C300 1.5x, https:\/\/i0.wp.com\/noticiasribeiraopreto.com.br\/wp-content\/uploads\/2024\/06\/frio_deve_1024x576_26072021125814.jpg?fit=1024%2C576&ssl=1&resize=700%2C400 2x"},"classes":[]},{"id":58739,"url":"https:\/\/noticiasribeiraopreto.com.br\/index.php\/2024\/10\/05\/fim-de-semana-comeca-com-alerta-do-inmet-no-interior-de-sp\/","url_meta":{"origin":74994,"position":3},"title":"Fim de semana come\u00e7a com alerta do Inmet no interior de SP","author":"noticiasribeiraopreto.com.br","date":"5 de October de 2024","format":false,"excerpt":"O fim de semana come\u00e7ou com alerta do Inmet (Instituto Nacional de Meteorologia) no interior de S\u00e3o Paulo. Segundo o \u00f3rg\u00e3o, h\u00e1 um aviso de perigo potencial para baixa umidade neste s\u00e1bado (5), v\u00e1lido para o per\u00edodo entre 10h e 21h. O Inmet informa que a umidade do ar deve\u2026","rel":"","context":"In &quot;Not\u00edcias de Ribeir\u00e3o Preto-SP e Regi\u00e3o&quot;","block_context":{"text":"Not\u00edcias de Ribeir\u00e3o Preto-SP e Regi\u00e3o","link":"https:\/\/noticiasribeiraopreto.com.br\/index.php\/category\/noticias-de-ribeirao-preto-sp-e-regiao-ismael-colosi\/"},"img":{"alt_text":"","src":"https:\/\/i0.wp.com\/noticiasribeiraopreto.com.br\/wp-content\/uploads\/2024\/09\/ribeirao-preto_2024-09-30_10-41-38_jpeg_2024-09-30_10-41-38.webp.webp?fit=1200%2C903&ssl=1&resize=350%2C200","width":350,"height":200,"srcset":"https:\/\/i0.wp.com\/noticiasribeiraopreto.com.br\/wp-content\/uploads\/2024\/09\/ribeirao-preto_2024-09-30_10-41-38_jpeg_2024-09-30_10-41-38.webp.webp?fit=1200%2C903&ssl=1&resize=350%2C200 1x, https:\/\/i0.wp.com\/noticiasribeiraopreto.com.br\/wp-content\/uploads\/2024\/09\/ribeirao-preto_2024-09-30_10-41-38_jpeg_2024-09-30_10-41-38.webp.webp?fit=1200%2C903&ssl=1&resize=525%2C300 1.5x, https:\/\/i0.wp.com\/noticiasribeiraopreto.com.br\/wp-content\/uploads\/2024\/09\/ribeirao-preto_2024-09-30_10-41-38_jpeg_2024-09-30_10-41-38.webp.webp?fit=1200%2C903&ssl=1&resize=700%2C400 2x, https:\/\/i0.wp.com\/noticiasribeiraopreto.com.br\/wp-content\/uploads\/2024\/09\/ribeirao-preto_2024-09-30_10-41-38_jpeg_2024-09-30_10-41-38.webp.webp?fit=1200%2C903&ssl=1&resize=1050%2C600 3x"},"classes":[]},{"id":57087,"url":"https:\/\/noticiasribeiraopreto.com.br\/index.php\/2024\/08\/22\/vai-chover-no-interior-de-sp-confira-a-previsao-para-os-proximos-dias\/","url_meta":{"origin":74994,"position":4},"title":"Vai chover no interior de SP? Confira a previs\u00e3o para os pr\u00f3ximos dias","author":"noticiasribeiraopreto.com.br","date":"22 de August de 2024","format":false,"excerpt":"O tempo seco e as altas temperaturas devem dar uma tr\u00e9gua para o ribeir\u00e3o-pretano neste final de semana, de acordo com a previs\u00e3o da Climatempo. Conforme o servi\u00e7o de meteorologia, uma forte frente fria j\u00e1 come\u00e7ou a influenciar o norte da Argentina e o Rio Grande do Sul e nos\u2026","rel":"","context":"In &quot;Not\u00edcias de Ribeir\u00e3o Preto-SP e Regi\u00e3o&quot;","block_context":{"text":"Not\u00edcias de Ribeir\u00e3o Preto-SP e Regi\u00e3o","link":"https:\/\/noticiasribeiraopreto.com.br\/index.php\/category\/noticias-de-ribeirao-preto-sp-e-regiao-ismael-colosi\/"},"img":{"alt_text":"","src":"https:\/\/i0.wp.com\/noticiasribeiraopreto.com.br\/wp-content\/uploads\/2024\/08\/WhatsApp-Image-2023-12-23-at-18.39.14.jpeg?fit=1200%2C844&ssl=1&resize=350%2C200","width":350,"height":200,"srcset":"https:\/\/i0.wp.com\/noticiasribeiraopreto.com.br\/wp-content\/uploads\/2024\/08\/WhatsApp-Image-2023-12-23-at-18.39.14.jpeg?fit=1200%2C844&ssl=1&resize=350%2C200 1x, https:\/\/i0.wp.com\/noticiasribeiraopreto.com.br\/wp-content\/uploads\/2024\/08\/WhatsApp-Image-2023-12-23-at-18.39.14.jpeg?fit=1200%2C844&ssl=1&resize=525%2C300 1.5x, https:\/\/i0.wp.com\/noticiasribeiraopreto.com.br\/wp-content\/uploads\/2024\/08\/WhatsApp-Image-2023-12-23-at-18.39.14.jpeg?fit=1200%2C844&ssl=1&resize=700%2C400 2x, https:\/\/i0.wp.com\/noticiasribeiraopreto.com.br\/wp-content\/uploads\/2024\/08\/WhatsApp-Image-2023-12-23-at-18.39.14.jpeg?fit=1200%2C844&ssl=1&resize=1050%2C600 3x"},"classes":[]},{"id":76451,"url":"https:\/\/noticiasribeiraopreto.com.br\/index.php\/2025\/08\/29\/chuva-marca-a-manha-em-ribeirao-preto-interior-de-sp-tem-alerta-de-temporais\/","url_meta":{"origin":74994,"position":5},"title":"Chuva marca a manh\u00e3 em Ribeir\u00e3o Preto; Interior de SP tem alerta de temporais","author":"noticiasribeiraopreto.com.br","date":"29 de August de 2025","format":false,"excerpt":"A \u00faltima sexta-feira (29) de agosto come\u00e7ou com chuva e c\u00e9u nublado em Ribeir\u00e3o Preto. As temperaturas variam entre 18\u00baC e 28\u00baC ao longo do dia. Segundo a Climatempo, a previs\u00e3o indica sol entre muitas nuvens pela manh\u00e3, com possibilidade de chuva a qualquer hora. Um cavado meteorol\u00f3gico, que avan\u00e7a\u2026","rel":"","context":"In &quot;Not\u00edcias de Ribeir\u00e3o Preto-SP e Regi\u00e3o&quot;","block_context":{"text":"Not\u00edcias de Ribeir\u00e3o Preto-SP e Regi\u00e3o","link":"https:\/\/noticiasribeiraopreto.com.br\/index.php\/category\/noticias-de-ribeirao-preto-sp-e-regiao-ismael-colosi\/"},"img":{"alt_text":"","src":"https:\/\/i0.wp.com\/noticiasribeiraopreto.com.br\/wp-content\/uploads\/2025\/08\/Copia-de-Copia-de-Copia-de-TAMANHO-EXATO-PARA-FOTOS-NO-SISTEMA-NOVO-2025-08-29T075213.748_2025-08-29_10-52-19.webp.webp?fit=1200%2C675&ssl=1&resize=350%2C200","width":350,"height":200,"srcset":"https:\/\/i0.wp.com\/noticiasribeiraopreto.com.br\/wp-content\/uploads\/2025\/08\/Copia-de-Copia-de-Copia-de-TAMANHO-EXATO-PARA-FOTOS-NO-SISTEMA-NOVO-2025-08-29T075213.748_2025-08-29_10-52-19.webp.webp?fit=1200%2C675&ssl=1&resize=350%2C200 1x, https:\/\/i0.wp.com\/noticiasribeiraopreto.com.br\/wp-content\/uploads\/2025\/08\/Copia-de-Copia-de-Copia-de-TAMANHO-EXATO-PARA-FOTOS-NO-SISTEMA-NOVO-2025-08-29T075213.748_2025-08-29_10-52-19.webp.webp?fit=1200%2C675&ssl=1&resize=525%2C300 1.5x, https:\/\/i0.wp.com\/noticiasribeiraopreto.com.br\/wp-content\/uploads\/2025\/08\/Copia-de-Copia-de-Copia-de-TAMANHO-EXATO-PARA-FOTOS-NO-SISTEMA-NOVO-2025-08-29T075213.748_2025-08-29_10-52-19.webp.webp?fit=1200%2C675&ssl=1&resize=700%2C400 2x, https:\/\/i0.wp.com\/noticiasribeiraopreto.com.br\/wp-content\/uploads\/2025\/08\/Copia-de-Copia-de-Copia-de-TAMANHO-EXATO-PARA-FOTOS-NO-SISTEMA-NOVO-2025-08-29T075213.748_2025-08-29_10-52-19.webp.webp?fit=1200%2C675&ssl=1&resize=1050%2C600 3x"},"classes":[]}],"jetpack_sharing_enabled":true,"jetpack_shortlink":"https:\/\/wp.me\/peQAOb-jvA","_links":{"self":[{"href":"https:\/\/noticiasribeiraopreto.com.br\/index.php\/wp-json\/wp\/v2\/posts\/74994","targetHints":{"allow":["GET"]}}],"collection":[{"href":"https:\/\/noticiasribeiraopreto.com.br\/index.php\/wp-json\/wp\/v2\/posts"}],"about":[{"href":"https:\/\/noticiasribeiraopreto.com.br\/index.php\/wp-json\/wp\/v2\/types\/post"}],"author":[{"embeddable":true,"href":"https:\/\/noticiasribeiraopreto.com.br\/index.php\/wp-json\/wp\/v2\/users\/1"}],"replies":[{"embeddable":true,"href":"https:\/\/noticiasribeiraopreto.com.br\/index.php\/wp-json\/wp\/v2\/comments?post=74994"}],"version-history":[{"count":0,"href":"https:\/\/noticiasribeiraopreto.com.br\/index.php\/wp-json\/wp\/v2\/posts\/74994\/revisions"}],"wp:featuredmedia":[{"embeddable":true,"href":"https:\/\/noticiasribeiraopreto.com.br\/index.php\/wp-json\/wp\/v2\/media\/74995"}],"wp:attachment":[{"href":"https:\/\/noticiasribeiraopreto.com.br\/index.php\/wp-json\/wp\/v2\/media?parent=74994"}],"wp:term":[{"taxonomy":"category","embeddable":true,"href":"https:\/\/noticiasribeiraopreto.com.br\/index.php\/wp-json\/wp\/v2\/categories?post=74994"},{"taxonomy":"post_tag","embeddable":true,"href":"https:\/\/noticiasribeiraopreto.com.br\/index.php\/wp-json\/wp\/v2\/tags?post=74994"}],"curies":[{"name":"wp","href":"https:\/\/api.w.org\/{rel}","templated":true}]}}