{"id":74996,"date":"2025-08-01T10:24:51","date_gmt":"2025-08-01T13:24:51","guid":{"rendered":"https:\/\/noticiasribeiraopreto.com.br\/index.php\/2025\/08\/01\/videos-carro-invade-loja-de-conveniencia-e-deixa-tres-feridos\/"},"modified":"2025-08-01T10:24:51","modified_gmt":"2025-08-01T13:24:51","slug":"videos-carro-invade-loja-de-conveniencia-e-deixa-tres-feridos","status":"publish","type":"post","link":"https:\/\/noticiasribeiraopreto.com.br\/index.php\/2025\/08\/01\/videos-carro-invade-loja-de-conveniencia-e-deixa-tres-feridos\/","title":{"rendered":"V\u00cdDEOS &#8211; Carro invade loja de conveni\u00eancia e deixa tr\u00eas feridos"},"content":{"rendered":"<div class='code-block code-block-1' style='margin: 8px 0 8px auto; text-align: right; display: block; clear: both;'>\n<p><a href=\"https:\/\/wa.link\/vpicfd\"><img data-recalc-dims=\"1\" class=\"wp-image-4922\" style=\"aspect-ratio: 2.0253164556962027; width: 561px; height: auto;\" src=\"https:\/\/i0.wp.com\/ismaelcolosi.com.br\/wp-content\/uploads\/2023\/11\/grupo-de-empregos-whatsapp-e-facebook-ismael-colosi-vagas.jpg?ssl=1\" alt=\"\" \/><\/a><\/p>\n<!-- \/wp:image -->\n<\/div>\n<p> <br \/>\n<\/p>\n<div id=\"\">\n<h2 class=\"penci-post-subtitle\">Acidente ocorreu em posto de combust\u00edvel onde carro bateu em bomba e causou inc\u00eandio em 2024<\/h2>\n<p>\n\t\t\t\t\t\t\t\t\t<span class=\"entry-meta-item penci-posted-on\"><i class=\"fa fa-clock-o\"\/><time class=\"entry-date published updated\" datetime=\"2025-08-01T10:15:00-03:00\">1 de agosto de 2025 10:15<\/time><\/span><span class=\"entry-meta-item penci-post-countview\"><span class=\"entry-meta-item penci-post-countview penci_post-meta_item\"><i class=\"fa fa-eye\"\/><span class=\"penci-post-countview-number penci-post-countview-p433442\">1<\/span><\/span><\/span>\t\t\t\t\t\t\t\t<\/p>\n<p><!-- .entry-meta --><br \/>\n\t\t\t\t\t\t\t\t<span class=\"penci-social-buttons penci-social-share-footer\"><span class=\"penci-social-share-text\">Compartilhar<\/span><a href=\"#\" class=\"penci-post-like penci_post-meta_item  single-like-button penci-social-item like\" data-post_id=\"433442\" title=\"Like\" data-like=\"Like\" data-unlike=\"Unlike\"><i class=\"fa fa-thumbs-o-up\"\/><span class=\"penci-share-number\">0<\/span><\/a><i class=\"fa fa-facebook\"\/><a class=\"penci-social-item twitter\" target=\"_blank\" rel=\"noopener\" title=\"\" href=\"https:\/\/twitter.com\/intent\/tweet?text=V\u00cdDEOS%20-%20Carro%20invade%20loja%20de%20conveni\u00eancia%20e%20deixa%20tr\u00eas%20feridos%20-%20https:\/\/www.tribunaribeirao.com.br\/videos-carro-invade-loja-de-conveniencia-e-deixa-tres-feridos\/\"><i class=\"fa fa-twitter\"\/><\/a><i class=\"fa fa-linkedin\"\/><i class=\"fa fa-whatsapp\"\/><i class=\"fa fa-telegram\"\/><i class=\"fa fa-envelope\"\/><\/span>\t\t\t\t\t\t\t<\/div>\n<div>\n<p>Por: Adalberto Luque<\/p>\n<p>Um carro invadiu uma loja de conveni\u00eancia de um posto de combust\u00edveis, na noite desta quinta-feira (31) e deixou tr\u00eas pessoas feridas. O acidente ocorreu na rotat\u00f3ria das avenidas Professor Jo\u00e3o Fi\u00fasa e Wladimir Meirelles, no Jardim Iraj\u00e1, zona Sul de Ribeir\u00e3o Preto.<\/p>\n<p>A motorista do ve\u00edculo perdeu o controle e entrou na loja, prensando uma funcion\u00e1ria do local no balc\u00e3o e atingindo dois clientes. A funcion\u00e1ria foi socorrida com fratura nas duas pernas e deve passar por cirurgia.<\/p>\n<p><iframe loading=\"lazy\" title=\"Posto Fi\u00fasa Jun\u00e7\u00e3o\" width=\"500\" height=\"375\" src=\"https:\/\/www.youtube.com\/embed\/QBiIype-Y0g?feature=oembed\" frameborder=\"0\" allow=\"accelerometer; autoplay; clipboard-write; encrypted-media; gyroscope; picture-in-picture; web-share\" referrerpolicy=\"strict-origin-when-cross-origin\" allowfullscreen><\/iframe><\/p>\n<p>Um homem sofreu escoria\u00e7\u00f5es e uma mulher que tamb\u00e9m estava na loja com suspeita de fratura na clav\u00edcula. Viaturas do Servi\u00e7o de Atendimento M\u00f3vel de Urg\u00eancia (SAMU) e do Corpo de Bombeiros (resgate e caminh\u00e3o bomba) atenderam a ocorr\u00eancia.<\/p>\n<p>Al\u00e9m das tr\u00eas v\u00edtimas, a mulher estava em estado de choque, teve aumento da press\u00e3o e tamb\u00e9m precisou ser socorrida. Todos foram levados a hospitais.<\/p>\n<figure id=\"attachment_433450\" aria-describedby=\"caption-attachment-433450\" style=\"width: 693px\" class=\"wp-caption alignnone\"><img data-recalc-dims=\"1\" loading=\"lazy\" alt=\"\" decoding=\"async\" class=\"wp-image-433450 lazyload\" src=\"https:\/\/i0.wp.com\/www.tribunaribeirao.com.br\/wp-content\/uploads\/2025\/08\/01-ago-2025-postofiusa2.jpg?resize=693%2C466&#038;ssl=1\" width=\"693\" height=\"466\" srcset=\"https:\/\/www.tribunaribeirao.com.br\/wp-content\/uploads\/2025\/08\/01-ago-2025-postofiusa2.jpg 610w, https:\/\/www.tribunaribeirao.com.br\/wp-content\/uploads\/2025\/08\/01-ago-2025-postofiusa2-300x202.jpg 300w, https:\/\/www.tribunaribeirao.com.br\/wp-content\/uploads\/2025\/08\/01-ago-2025-postofiusa2-595x400.jpg 595w, https:\/\/www.tribunaribeirao.com.br\/wp-content\/uploads\/2025\/08\/01-ago-2025-postofiusa2-585x393.jpg 585w\" data-sizes=\"(max-width: 693px) 100vw, 693px\" style=\"--smush-placeholder-width: 693px; --smush-placeholder-aspect-ratio: 693\/466;\"\/><figcaption id=\"caption-attachment-433450\" class=\"wp-caption-text\">Viaturas de resgate do SAMU e do Corpo de Bombeiros precisaram socorrer as tr\u00eas v\u00edtimas e a motorista, em estado de choque (Foto: Redes Sociais)<\/figcaption><\/figure>\n<p>A suspeita \u00e9 que a motorista possa ter confundido os pedais ao acessar a vaga da loja de conveni\u00eancia do posto, que fica ao lado da sede do Corpo de Bombeiros.<\/p>\n<p><strong>Outro grave acidente<\/strong><\/p>\n<p>O posto onde fica a loja de conveni\u00eancia registrou outro grave acidente, na noite de 27 de abril do ano passado. Um ve\u00edculo bateu em uma das bombas de abastecimento e houve um princ\u00edpio de inc\u00eandio. O Corpo de Bombeiros, que fica ao lado, atuou com rapidez e extinguiu as chamas.<\/p>\n<figure id=\"attachment_433452\" aria-describedby=\"caption-attachment-433452\" style=\"width: 800px\" class=\"wp-caption alignnone\"><img data-recalc-dims=\"1\" loading=\"lazy\" alt=\"\" decoding=\"async\" class=\"size-full wp-image-433452 lazyload\" src=\"https:\/\/i0.wp.com\/www.tribunaribeirao.com.br\/wp-content\/uploads\/2025\/08\/01-ago-2025-postofiusa4.jpg?resize=800%2C466&#038;ssl=1\" width=\"800\" height=\"466\" srcset=\"https:\/\/www.tribunaribeirao.com.br\/wp-content\/uploads\/2025\/08\/01-ago-2025-postofiusa4.jpg 800w, https:\/\/www.tribunaribeirao.com.br\/wp-content\/uploads\/2025\/08\/01-ago-2025-postofiusa4-300x175.jpg 300w, https:\/\/www.tribunaribeirao.com.br\/wp-content\/uploads\/2025\/08\/01-ago-2025-postofiusa4-768x447.jpg 768w, https:\/\/www.tribunaribeirao.com.br\/wp-content\/uploads\/2025\/08\/01-ago-2025-postofiusa4-687x400.jpg 687w, https:\/\/www.tribunaribeirao.com.br\/wp-content\/uploads\/2025\/08\/01-ago-2025-postofiusa4-585x341.jpg 585w\" data-sizes=\"(max-width: 800px) 100vw, 800px\" style=\"--smush-placeholder-width: 800px; --smush-placeholder-aspect-ratio: 800\/466;\"\/><figcaption id=\"caption-attachment-433452\" class=\"wp-caption-text\">Em abril de 2024 um carro bateu em uma bomba de abastecimento e pegou fogo (Foto: Ana Clara Albuquerque\/Arquivo Tribuna Ribeir\u00e3o)<\/figcaption><\/figure>\n<p>\u00a0<\/p>\n<p>_____<\/p>\n<p>\u00a0<\/p>\n<p>Jornal Tribuna Ribeir\u00e3o<br \/>Um Jornal com a cara de Ribeir\u00e3o!<\/p>\n<p>Impresso | WEB | Redes sociais<br \/>Tribuna Ribeir\u00e3o \u2013 Fone: (16) 3632-2200 \u2013 Whatsapp: (16) 98161-8743<br \/>Av. Bar\u00e3o do Bananal, 880 \u2013 Jardim Anhanguera, Ribeir\u00e3o Preto<\/p>\n<p>@tribunaribeirao<br \/>@meiaderibeirao<br \/>@dinoderibeirao<br \/>#TribunaRibeir\u00e3o<br \/>#News<br \/>#Not\u00edcia<br \/>#Ribeir\u00e3oPreto #Not\u00edciasDeRibeir\u00e3oPreto<br \/>#ClassificadosTribunaRibeir\u00e3o<br \/>#Jornalismo<br \/>#ClassificadosRibeir\u00e3o<\/p>\n<\/div>\n<p><script async src=\"\/\/platform.twitter.com\/widgets.js\" charset=\"utf-8\"><\/script><br \/>\n<br \/><br \/>\n<br \/><a href=\"https:\/\/www.tribunaribeirao.com.br\/videos-carro-invade-loja-de-conveniencia-e-deixa-tres-feridos\/\">Source link <\/a><\/p>\n<!-- CONTENT END 1 -->\n","protected":false},"excerpt":{"rendered":"<p>Acidente ocorreu em posto de combust\u00edvel onde carro bateu em bomba e causou inc\u00eandio em 2024 1 de agosto de 2025 10:151 Compartilhar0 Por: Adalberto&#8230;<\/p>\n","protected":false},"author":1,"featured_media":74998,"comment_status":"open","ping_status":"open","sticky":false,"template":"","format":"standard","meta":{"advanced_seo_description":"","jetpack_seo_html_title":"","jetpack_seo_noindex":false,"jetpack_post_was_ever_published":false,"_jetpack_newsletter_access":"","_jetpack_dont_email_post_to_subs":false,"_jetpack_newsletter_tier_id":0,"_jetpack_memberships_contains_paywalled_content":false,"_jetpack_memberships_contains_paid_content":false,"footnotes":"","jetpack_publicize_message":"","jetpack_publicize_feature_enabled":true,"jetpack_social_post_already_shared":true,"jetpack_social_options":{"image_generator_settings":{"template":"highway","default_image_id":0,"font":"","enabled":false},"version":2}},"categories":[11],"tags":[],"class_list":["post-74996","post","type-post","status-publish","format-standard","has-post-thumbnail","hentry","category-noticias-de-ribeirao-preto-sp-e-regiao-ismael-colosi"],"jetpack_publicize_connections":[],"jetpack_featured_media_url":"https:\/\/i0.wp.com\/noticiasribeiraopreto.com.br\/wp-content\/uploads\/2025\/08\/01-ago-2025-postofiusa0.jpg?fit=822%2C766&ssl=1","jetpack-related-posts":[{"id":70843,"url":"https:\/\/noticiasribeiraopreto.com.br\/index.php\/2025\/05\/30\/caminhao-desgovernado-bate-em-carro-e-vai-parar-em-acesso-da-anhanguera\/","url_meta":{"origin":74996,"position":0},"title":"Caminh\u00e3o desgovernado bate em carro e vai parar em acesso da Anhanguera","author":"noticiasribeiraopreto.com.br","date":"30 de May de 2025","format":false,"excerpt":"Um caminh\u00e3o estacionado em um posto de combust\u00edveis desceu desgovernado na manh\u00e3 desta sexta-feira (30), bateu em um carro e uma cerca, e foi parar na al\u00e7a de acesso pelo km 368 da rodovia Anhanguera (SP-330), em Orl\u00e2ndia, a aproximadamente 50 quil\u00f4metros de Ribeir\u00e3o Preto. Segundo a Artesp (Ag\u00eancia de\u2026","rel":"","context":"In &quot;Not\u00edcias de Ribeir\u00e3o Preto-SP e Regi\u00e3o&quot;","block_context":{"text":"Not\u00edcias de Ribeir\u00e3o Preto-SP e Regi\u00e3o","link":"https:\/\/noticiasribeiraopreto.com.br\/index.php\/category\/noticias-de-ribeirao-preto-sp-e-regiao-ismael-colosi\/"},"img":{"alt_text":"","src":"https:\/\/i0.wp.com\/noticiasribeiraopreto.com.br\/wp-content\/uploads\/2025\/05\/WhatsApp-Image-2025-05-30-at-10.01.06_2025-05-30_13-20-52.webp.webp?fit=1200%2C867&ssl=1&resize=350%2C200","width":350,"height":200,"srcset":"https:\/\/i0.wp.com\/noticiasribeiraopreto.com.br\/wp-content\/uploads\/2025\/05\/WhatsApp-Image-2025-05-30-at-10.01.06_2025-05-30_13-20-52.webp.webp?fit=1200%2C867&ssl=1&resize=350%2C200 1x, https:\/\/i0.wp.com\/noticiasribeiraopreto.com.br\/wp-content\/uploads\/2025\/05\/WhatsApp-Image-2025-05-30-at-10.01.06_2025-05-30_13-20-52.webp.webp?fit=1200%2C867&ssl=1&resize=525%2C300 1.5x, https:\/\/i0.wp.com\/noticiasribeiraopreto.com.br\/wp-content\/uploads\/2025\/05\/WhatsApp-Image-2025-05-30-at-10.01.06_2025-05-30_13-20-52.webp.webp?fit=1200%2C867&ssl=1&resize=700%2C400 2x, https:\/\/i0.wp.com\/noticiasribeiraopreto.com.br\/wp-content\/uploads\/2025\/05\/WhatsApp-Image-2025-05-30-at-10.01.06_2025-05-30_13-20-52.webp.webp?fit=1200%2C867&ssl=1&resize=1050%2C600 3x"},"classes":[]},{"id":78644,"url":"https:\/\/noticiasribeiraopreto.com.br\/index.php\/2025\/10\/15\/carro-bate-em-mureta-e-deixa-dois-feridos-em-avenida-de-ribeirao-preto\/","url_meta":{"origin":74996,"position":1},"title":"Carro bate em mureta e deixa dois feridos em avenida de Ribeir\u00e3o Preto","author":"noticiasribeiraopreto.com.br","date":"15 de October de 2025","format":false,"excerpt":"Duas pessoas ficaram feridas na manh\u00e3 desta quarta-feira (15), depois que o carro em que estavam bateu em uma mureta de prote\u00e7\u00e3o na avenida do Caf\u00e9, pr\u00f3ximo do acesso \u00e0 USP, na zona Oeste de Ribeir\u00e3o Preto. Segundo informa\u00e7\u00f5es, o motorista, de 69 anos, e o passageiro, de 67 anos,\u2026","rel":"","context":"In &quot;Not\u00edcias de Ribeir\u00e3o Preto-SP e Regi\u00e3o&quot;","block_context":{"text":"Not\u00edcias de Ribeir\u00e3o Preto-SP e Regi\u00e3o","link":"https:\/\/noticiasribeiraopreto.com.br\/index.php\/category\/noticias-de-ribeirao-preto-sp-e-regiao-ismael-colosi\/"},"img":{"alt_text":"","src":"https:\/\/i0.wp.com\/noticiasribeiraopreto.com.br\/wp-content\/uploads\/2025\/10\/WhatsApp-Image-2025-10-15-at-12.17.12_2025-10-15_16-25-47.webp.webp?fit=1200%2C675&ssl=1&resize=350%2C200","width":350,"height":200,"srcset":"https:\/\/i0.wp.com\/noticiasribeiraopreto.com.br\/wp-content\/uploads\/2025\/10\/WhatsApp-Image-2025-10-15-at-12.17.12_2025-10-15_16-25-47.webp.webp?fit=1200%2C675&ssl=1&resize=350%2C200 1x, https:\/\/i0.wp.com\/noticiasribeiraopreto.com.br\/wp-content\/uploads\/2025\/10\/WhatsApp-Image-2025-10-15-at-12.17.12_2025-10-15_16-25-47.webp.webp?fit=1200%2C675&ssl=1&resize=525%2C300 1.5x, https:\/\/i0.wp.com\/noticiasribeiraopreto.com.br\/wp-content\/uploads\/2025\/10\/WhatsApp-Image-2025-10-15-at-12.17.12_2025-10-15_16-25-47.webp.webp?fit=1200%2C675&ssl=1&resize=700%2C400 2x, https:\/\/i0.wp.com\/noticiasribeiraopreto.com.br\/wp-content\/uploads\/2025\/10\/WhatsApp-Image-2025-10-15-at-12.17.12_2025-10-15_16-25-47.webp.webp?fit=1200%2C675&ssl=1&resize=1050%2C600 3x"},"classes":[]},{"id":39624,"url":"https:\/\/noticiasribeiraopreto.com.br\/index.php\/2024\/02\/27\/motorista-e-retirado-a-forca-de-carro-de-aplicativo-e-tem-veiculo-roubado-em-ribeirao\/","url_meta":{"origin":74996,"position":2},"title":"Motorista \u00e9 retirado \u00e0 for\u00e7a de carro de aplicativo e tem ve\u00edculo roubado em Ribeir\u00e3o","author":"noticiasribeiraopreto.com.br","date":"27 de February de 2024","format":false,"excerpt":"Na madrugada desta ter\u00e7a-feira (27), dois assaltantes roubaram carro de um motorista de aplicativo, na Vila Albertina, zona Norte de Ribeir\u00e3o Preto. De acordo com o\u00a0boletim de ocorr\u00eancia (BO),\u00a0o motorista, de 67 anos, havia acabado de deixar uma passageira em casa, quando manobrava o ve\u00edculo e foi abordado por dois\u2026","rel":"","context":"In &quot;Not\u00edcias de Ribeir\u00e3o Preto-SP e Regi\u00e3o&quot;","block_context":{"text":"Not\u00edcias de Ribeir\u00e3o Preto-SP e Regi\u00e3o","link":"https:\/\/noticiasribeiraopreto.com.br\/index.php\/category\/noticias-de-ribeirao-preto-sp-e-regiao-ismael-colosi\/"},"img":{"alt_text":"","src":"https:\/\/i0.wp.com\/noticiasribeiraopreto.com.br\/wp-content\/uploads\/2024\/02\/cpj_1024x576_21012021092745.jpg?fit=1024%2C575&ssl=1&resize=350%2C200","width":350,"height":200,"srcset":"https:\/\/i0.wp.com\/noticiasribeiraopreto.com.br\/wp-content\/uploads\/2024\/02\/cpj_1024x576_21012021092745.jpg?fit=1024%2C575&ssl=1&resize=350%2C200 1x, https:\/\/i0.wp.com\/noticiasribeiraopreto.com.br\/wp-content\/uploads\/2024\/02\/cpj_1024x576_21012021092745.jpg?fit=1024%2C575&ssl=1&resize=525%2C300 1.5x, https:\/\/i0.wp.com\/noticiasribeiraopreto.com.br\/wp-content\/uploads\/2024\/02\/cpj_1024x576_21012021092745.jpg?fit=1024%2C575&ssl=1&resize=700%2C400 2x"},"classes":[]},{"id":47965,"url":"https:\/\/noticiasribeiraopreto.com.br\/index.php\/2024\/04\/29\/exposicao-com-replicas-de-carros-de-formula-1-e-prorrogada-em-ribeirao-preto-confira\/","url_meta":{"origin":74996,"position":3},"title":"Exposi\u00e7\u00e3o com r\u00e9plicas de carros de F\u00f3rmula 1 \u00e9 prorrogada em Ribeir\u00e3o Preto; Confira","author":"noticiasribeiraopreto.com.br","date":"29 de April de 2024","format":false,"excerpt":"A exposi\u00e7\u00e3o de r\u00e9plicas de carros da F\u00f3rmula 1 e de objetos do mundo automobil\u00edstico, que acontece no Ribeir\u00e3o Shopping, na zona Sul de Ribeir\u00e3o Preto, foi prorrogada at\u00e9 o dia 5 de maio. Com entrada de gra\u00e7a, a mostra \u201cF\u00f3rmula Design & Best of The Best\u201d tem como destaque\u2026","rel":"","context":"In &quot;Not\u00edcias de Ribeir\u00e3o Preto-SP e Regi\u00e3o&quot;","block_context":{"text":"Not\u00edcias de Ribeir\u00e3o Preto-SP e Regi\u00e3o","link":"https:\/\/noticiasribeiraopreto.com.br\/index.php\/category\/noticias-de-ribeirao-preto-sp-e-regiao-ismael-colosi\/"},"img":{"alt_text":"","src":"https:\/\/i0.wp.com\/noticiasribeiraopreto.com.br\/wp-content\/uploads\/2024\/04\/Copia-de-Copia-de-TAMANHO-EXATO-PARA-FOTOS-NO-SISTEMA-NOVO-22-1_2024-04-29_23-20-10_jpg.webp.webp?fit=1200%2C675&ssl=1&resize=350%2C200","width":350,"height":200,"srcset":"https:\/\/i0.wp.com\/noticiasribeiraopreto.com.br\/wp-content\/uploads\/2024\/04\/Copia-de-Copia-de-TAMANHO-EXATO-PARA-FOTOS-NO-SISTEMA-NOVO-22-1_2024-04-29_23-20-10_jpg.webp.webp?fit=1200%2C675&ssl=1&resize=350%2C200 1x, https:\/\/i0.wp.com\/noticiasribeiraopreto.com.br\/wp-content\/uploads\/2024\/04\/Copia-de-Copia-de-TAMANHO-EXATO-PARA-FOTOS-NO-SISTEMA-NOVO-22-1_2024-04-29_23-20-10_jpg.webp.webp?fit=1200%2C675&ssl=1&resize=525%2C300 1.5x, https:\/\/i0.wp.com\/noticiasribeiraopreto.com.br\/wp-content\/uploads\/2024\/04\/Copia-de-Copia-de-TAMANHO-EXATO-PARA-FOTOS-NO-SISTEMA-NOVO-22-1_2024-04-29_23-20-10_jpg.webp.webp?fit=1200%2C675&ssl=1&resize=700%2C400 2x, https:\/\/i0.wp.com\/noticiasribeiraopreto.com.br\/wp-content\/uploads\/2024\/04\/Copia-de-Copia-de-TAMANHO-EXATO-PARA-FOTOS-NO-SISTEMA-NOVO-22-1_2024-04-29_23-20-10_jpg.webp.webp?fit=1200%2C675&ssl=1&resize=1050%2C600 3x"},"classes":[]},{"id":81347,"url":"https:\/\/noticiasribeiraopreto.com.br\/index.php\/2026\/01\/02\/carro-supostamente-envolvido-em-atropelamento-de-mae-e-filho-em-bonfim-e-apreendido\/","url_meta":{"origin":74996,"position":4},"title":"Carro supostamente envolvido em atropelamento de m\u00e3e e filho em Bonfim \u00e9 apreendido","author":"noticiasribeiraopreto.com.br","date":"2 de January de 2026","format":false,"excerpt":"\r \r \r 2 de janeiro de 2026 13:592 de janeiro de 2026 14:01 \r Compartilhar0 Pol\u00edcia Militar localizou ve\u00edculo nesta sexta-feira (2) em uma estrada de terra no bairro Recreio Internacional em Ribeir\u00e3o Preto Um carro abandonado em uma estrada de terra no bairro Recreio Internacional, na zona Leste\u2026","rel":"","context":"In &quot;Not\u00edcias de Ribeir\u00e3o Preto-SP e Regi\u00e3o&quot;","block_context":{"text":"Not\u00edcias de Ribeir\u00e3o Preto-SP e Regi\u00e3o","link":"https:\/\/noticiasribeiraopreto.com.br\/index.php\/category\/noticias-de-ribeirao-preto-sp-e-regiao-ismael-colosi\/"},"img":{"alt_text":"","src":"https:\/\/i0.wp.com\/noticiasribeiraopreto.com.br\/wp-content\/uploads\/2026\/01\/1000204232-scaled.jpg?fit=1200%2C554&ssl=1&resize=350%2C200","width":350,"height":200,"srcset":"https:\/\/i0.wp.com\/noticiasribeiraopreto.com.br\/wp-content\/uploads\/2026\/01\/1000204232-scaled.jpg?fit=1200%2C554&ssl=1&resize=350%2C200 1x, https:\/\/i0.wp.com\/noticiasribeiraopreto.com.br\/wp-content\/uploads\/2026\/01\/1000204232-scaled.jpg?fit=1200%2C554&ssl=1&resize=525%2C300 1.5x, https:\/\/i0.wp.com\/noticiasribeiraopreto.com.br\/wp-content\/uploads\/2026\/01\/1000204232-scaled.jpg?fit=1200%2C554&ssl=1&resize=700%2C400 2x, https:\/\/i0.wp.com\/noticiasribeiraopreto.com.br\/wp-content\/uploads\/2026\/01\/1000204232-scaled.jpg?fit=1200%2C554&ssl=1&resize=1050%2C600 3x"},"classes":[]},{"id":81360,"url":"https:\/\/noticiasribeiraopreto.com.br\/index.php\/2026\/01\/03\/carro-envolvido-em-atropelamento-de-mae-e-filho-e-identificado-em-ribeirao-preto\/","url_meta":{"origin":74996,"position":5},"title":"Carro envolvido em atropelamento de m\u00e3e e filho \u00e9 identificado em Ribeir\u00e3o Preto","author":"noticiasribeiraopreto.com.br","date":"3 de January de 2026","format":false,"excerpt":"A GCM (Guarda Civil Metropolitana) informou nesta sexta-feira (2) que identificou o carro envolvido no atropelamento de uma mulher o e filho dela em Bonfim Paulista, distrito na zona Sul de Ribeir\u00e3o Preto. As v\u00edtimas, Eliene de Santana Maia, de 33 anos, e Guilherme da Silva Maia, 6 anos, seguem\u2026","rel":"","context":"In &quot;Not\u00edcias de Ribeir\u00e3o Preto-SP e Regi\u00e3o&quot;","block_context":{"text":"Not\u00edcias de Ribeir\u00e3o Preto-SP e Regi\u00e3o","link":"https:\/\/noticiasribeiraopreto.com.br\/index.php\/category\/noticias-de-ribeirao-preto-sp-e-regiao-ismael-colosi\/"},"img":{"alt_text":"","src":"https:\/\/i0.wp.com\/noticiasribeiraopreto.com.br\/wp-content\/uploads\/2026\/01\/CARRO_2026-01-02_18-15-21.webp.webp?fit=1200%2C702&ssl=1&resize=350%2C200","width":350,"height":200,"srcset":"https:\/\/i0.wp.com\/noticiasribeiraopreto.com.br\/wp-content\/uploads\/2026\/01\/CARRO_2026-01-02_18-15-21.webp.webp?fit=1200%2C702&ssl=1&resize=350%2C200 1x, https:\/\/i0.wp.com\/noticiasribeiraopreto.com.br\/wp-content\/uploads\/2026\/01\/CARRO_2026-01-02_18-15-21.webp.webp?fit=1200%2C702&ssl=1&resize=525%2C300 1.5x, https:\/\/i0.wp.com\/noticiasribeiraopreto.com.br\/wp-content\/uploads\/2026\/01\/CARRO_2026-01-02_18-15-21.webp.webp?fit=1200%2C702&ssl=1&resize=700%2C400 2x, https:\/\/i0.wp.com\/noticiasribeiraopreto.com.br\/wp-content\/uploads\/2026\/01\/CARRO_2026-01-02_18-15-21.webp.webp?fit=1200%2C702&ssl=1&resize=1050%2C600 3x"},"classes":[]}],"jetpack_sharing_enabled":true,"jetpack_shortlink":"https:\/\/wp.me\/peQAOb-jvC","_links":{"self":[{"href":"https:\/\/noticiasribeiraopreto.com.br\/index.php\/wp-json\/wp\/v2\/posts\/74996","targetHints":{"allow":["GET"]}}],"collection":[{"href":"https:\/\/noticiasribeiraopreto.com.br\/index.php\/wp-json\/wp\/v2\/posts"}],"about":[{"href":"https:\/\/noticiasribeiraopreto.com.br\/index.php\/wp-json\/wp\/v2\/types\/post"}],"author":[{"embeddable":true,"href":"https:\/\/noticiasribeiraopreto.com.br\/index.php\/wp-json\/wp\/v2\/users\/1"}],"replies":[{"embeddable":true,"href":"https:\/\/noticiasribeiraopreto.com.br\/index.php\/wp-json\/wp\/v2\/comments?post=74996"}],"version-history":[{"count":0,"href":"https:\/\/noticiasribeiraopreto.com.br\/index.php\/wp-json\/wp\/v2\/posts\/74996\/revisions"}],"wp:featuredmedia":[{"embeddable":true,"href":"https:\/\/noticiasribeiraopreto.com.br\/index.php\/wp-json\/wp\/v2\/media\/74998"}],"wp:attachment":[{"href":"https:\/\/noticiasribeiraopreto.com.br\/index.php\/wp-json\/wp\/v2\/media?parent=74996"}],"wp:term":[{"taxonomy":"category","embeddable":true,"href":"https:\/\/noticiasribeiraopreto.com.br\/index.php\/wp-json\/wp\/v2\/categories?post=74996"},{"taxonomy":"post_tag","embeddable":true,"href":"https:\/\/noticiasribeiraopreto.com.br\/index.php\/wp-json\/wp\/v2\/tags?post=74996"}],"curies":[{"name":"wp","href":"https:\/\/api.w.org\/{rel}","templated":true}]}}