{"id":74999,"date":"2025-08-01T11:51:48","date_gmt":"2025-08-01T14:51:48","guid":{"rendered":"https:\/\/noticiasribeiraopreto.com.br\/index.php\/2025\/08\/01\/operacao-mira-motoristas-que-desviavam-cargas\/"},"modified":"2025-08-01T11:51:48","modified_gmt":"2025-08-01T14:51:48","slug":"operacao-mira-motoristas-que-desviavam-cargas","status":"publish","type":"post","link":"https:\/\/noticiasribeiraopreto.com.br\/index.php\/2025\/08\/01\/operacao-mira-motoristas-que-desviavam-cargas\/","title":{"rendered":"Opera\u00e7\u00e3o mira motoristas que desviavam cargas"},"content":{"rendered":"<div class='code-block code-block-1' style='margin: 8px 0 8px auto; text-align: right; display: block; clear: both;'>\n<p><a href=\"https:\/\/wa.link\/vpicfd\"><img data-recalc-dims=\"1\" class=\"wp-image-4922\" style=\"aspect-ratio: 2.0253164556962027; width: 561px; height: auto;\" src=\"https:\/\/i0.wp.com\/ismaelcolosi.com.br\/wp-content\/uploads\/2023\/11\/grupo-de-empregos-whatsapp-e-facebook-ismael-colosi-vagas.jpg?ssl=1\" alt=\"\" \/><\/a><\/p>\n<!-- \/wp:image -->\n<\/div>\n<p> <br \/>\n<\/p>\n<div>\n<p>Por: Adalberto Luque<\/p>\n<p>A Pol\u00edcia Civil realizou, na manh\u00e3 desta sexta-feira (1\u00ba) uma mega opera\u00e7\u00e3o contra uma quadrilha especializada em desviar cargas de caminh\u00f5es e registrar boletins de ocorr\u00eancia (BOs) de roubo. As a\u00e7\u00f5es foram realizadas em 10 cidades dos estados de S\u00e3o Paulo, Santa Catarina e Paran\u00e1.<\/p>\n<p>De acordo com o delegado Rafael Faria Domingos, da Delegacia de Investiga\u00e7\u00f5es Gerais (DIG) de Barretos, o objetivo foi cumprir 8 mandados de pris\u00e3o e 128 de busca e apreens\u00e3o nos tr\u00eas estados.<\/p>\n<p>A Opera\u00e7\u00e3o \u201cFalso Roubo\u201d foi coordenada pela delegacia de Gua\u00edra, com apoio da DIG e DISE da Delegacia Seccional de Barretos, Delegacia de Defesa da Mulher (DDM) de Gua\u00edra, Grupo de Opera\u00e7\u00f5es Especiais (GOE) da Divis\u00e3o Especializada de Investiga\u00e7\u00f5es Criminais de Ribeir\u00e3o Preto e demais Delegacias Seccionais que integram o Departamento de Pol\u00edcia Judici\u00e1ria do Interior-3 (Deinter-3). Tamb\u00e9m participaram policiais civis do Paran\u00e1 e Santa Catarina.<\/p>\n<figure id=\"attachment_433506\" aria-describedby=\"caption-attachment-433506\" style=\"width: 1200px\" class=\"wp-caption alignnone\"><img data-recalc-dims=\"1\" loading=\"lazy\" alt=\"\" decoding=\"async\" class=\"size-full wp-image-433506 lazyload\" src=\"https:\/\/i0.wp.com\/www.tribunaribeirao.com.br\/wp-content\/uploads\/2025\/08\/01-ago-2025-operacaoguaira2-scaled.jpg?resize=1200%2C672&#038;ssl=1\" width=\"1200\" height=\"672\" srcset=\"https:\/\/www.tribunaribeirao.com.br\/wp-content\/uploads\/2025\/08\/01-ago-2025-operacaoguaira2-scaled.jpg 1200w, https:\/\/www.tribunaribeirao.com.br\/wp-content\/uploads\/2025\/08\/01-ago-2025-operacaoguaira2-300x168.jpg 300w, https:\/\/www.tribunaribeirao.com.br\/wp-content\/uploads\/2025\/08\/01-ago-2025-operacaoguaira2-1024x574.jpg 1024w, https:\/\/www.tribunaribeirao.com.br\/wp-content\/uploads\/2025\/08\/01-ago-2025-operacaoguaira2-768x430.jpg 768w, https:\/\/www.tribunaribeirao.com.br\/wp-content\/uploads\/2025\/08\/01-ago-2025-operacaoguaira2-960x538.jpg 960w, https:\/\/www.tribunaribeirao.com.br\/wp-content\/uploads\/2025\/08\/01-ago-2025-operacaoguaira2-714x400.jpg 714w, https:\/\/www.tribunaribeirao.com.br\/wp-content\/uploads\/2025\/08\/01-ago-2025-operacaoguaira2-585x328.jpg 585w\" data-sizes=\"(max-width: 1200px) 100vw, 1200px\" style=\"--smush-placeholder-width: 1200px; --smush-placeholder-aspect-ratio: 1200\/672;\"\/><figcaption id=\"caption-attachment-433506\" class=\"wp-caption-text\">Segundo o delegado Rafael Faria Domingos, oito motoristas se disponibilizavam por aplicativo, desviavam as cargas e registravam falsos BOs (Foto: Pol\u00edcia Civil\/Divulga\u00e7\u00e3o)<\/figcaption><\/figure>\n<p>De acordo com o delegado, as investiga\u00e7\u00f5es come\u00e7aram em maio de 2024, quando policiais civis de Gua\u00edra prenderam o motorista de um caminh\u00e3o com adultera\u00e7\u00e3o de sinal identificador.<\/p>\n<p>\u201c[Foi] uma opera\u00e7\u00e3o para desarticular uma quadrinha, uma organiza\u00e7\u00e3o criminosa que praticou uma s\u00e9rie de desvios de cargas no estado de S\u00e3o Paulo. As investiga\u00e7\u00f5es se iniciaram a partir da pris\u00e3o em flagrante de um motorista que tentava carregar um caminh\u00e3o adulterado numa empresa da cidade de Gua\u00edra\u201d, explicou Domingos.<\/p>\n<p>A partir da pris\u00e3o, as investiga\u00e7\u00f5es realizadas pela Delegacia de Gua\u00edra prosseguiram. \u201cForam identificados oito motoristas que se disponibilizavam para recolher cargas em diversas empresas atrav\u00e9s de um aplicativo. Recolhiam as cargas e em seguida, desviavam e vendiam essas cargas e registravam falsas ocorr\u00eancias de roubos no estado de S\u00e3o Paulo\u201d, acrescentou o delegado.<\/p>\n<p>Al\u00e9m dos oito motoristas principais, a investiga\u00e7\u00e3o apontou que propriet\u00e1rios de caminh\u00f5es e semirreboques facilitavam as opera\u00e7\u00f5es il\u00edcitas. A organiza\u00e7\u00e3o criminosa atuava de forma estruturada, com divis\u00e3o clara de tarefas entre seus integrantes.<\/p>\n<figure id=\"attachment_433507\" aria-describedby=\"caption-attachment-433507\" style=\"width: 1039px\" class=\"wp-caption alignnone\"><img data-recalc-dims=\"1\" loading=\"lazy\" alt=\"\" decoding=\"async\" class=\"size-full wp-image-433507 lazyload\" src=\"https:\/\/i0.wp.com\/www.tribunaribeirao.com.br\/wp-content\/uploads\/2025\/08\/01-ago-2025-operacaoguaira3.jpg?resize=1039%2C780&#038;ssl=1\" width=\"1039\" height=\"780\" srcset=\"https:\/\/www.tribunaribeirao.com.br\/wp-content\/uploads\/2025\/08\/01-ago-2025-operacaoguaira3.jpg 1039w, https:\/\/www.tribunaribeirao.com.br\/wp-content\/uploads\/2025\/08\/01-ago-2025-operacaoguaira3-300x225.jpg 300w, https:\/\/www.tribunaribeirao.com.br\/wp-content\/uploads\/2025\/08\/01-ago-2025-operacaoguaira3-1024x769.jpg 1024w, https:\/\/www.tribunaribeirao.com.br\/wp-content\/uploads\/2025\/08\/01-ago-2025-operacaoguaira3-768x577.jpg 768w, https:\/\/www.tribunaribeirao.com.br\/wp-content\/uploads\/2025\/08\/01-ago-2025-operacaoguaira3-760x570.jpg 760w, https:\/\/www.tribunaribeirao.com.br\/wp-content\/uploads\/2025\/08\/01-ago-2025-operacaoguaira3-960x721.jpg 960w, https:\/\/www.tribunaribeirao.com.br\/wp-content\/uploads\/2025\/08\/01-ago-2025-operacaoguaira3-533x400.jpg 533w, https:\/\/www.tribunaribeirao.com.br\/wp-content\/uploads\/2025\/08\/01-ago-2025-operacaoguaira3-585x439.jpg 585w\" data-sizes=\"(max-width: 1039px) 100vw, 1039px\" style=\"--smush-placeholder-width: 1039px; --smush-placeholder-aspect-ratio: 1039\/780;\"\/><figcaption id=\"caption-attachment-433507\" class=\"wp-caption-text\">Opera\u00e7\u00e3o foi realizada em 10 cidades de tr\u00eas estados para cumprir 8 mandados de pris\u00e3o e 18 de busca e apreens\u00e3o (Foto: Pol\u00edcia Civil\/Divulga\u00e7\u00e3o)<\/figcaption><\/figure>\n<p>Os policiais civis descobriram 15 boletins de ocorr\u00eancia falsos registrados pelos integrantes do grupo somente entre setembro de 2023 e abril de 2024. A narrativa era sempre a mesma: haviam sido rendidos por tr\u00eas ou quatro criminosos armados, levados para locais ermos e depois liberados com os ve\u00edculos j\u00e1 sem as cargas.<\/p>\n<p>O delegado informou que o preju\u00edzo \u00e9 superior a R$ 4 milh\u00f5es. Al\u00e9m dos mandados de pris\u00e3o e de busca e apreens\u00e3o, a Justi\u00e7a determinou o sequestro dos ve\u00edculos utilizados nos crimes, incluindo caminh\u00f5es, tratores e semirreboques e bloqueio de valores banc\u00e1rios dos investigados at\u00e9 o limite do preju\u00edzo causado \u00e0s v\u00edtimas.<\/p>\n<p><strong>Um preso<\/strong><\/p>\n<p>Os mandados foram cumpridos nas cidades de Londrina, Mandaguari, Sertan\u00f3polis, Foz do Igua\u00e7u e Curitiba, todas no Paran\u00e1, Canoinhas e Balne\u00e1rio Pi\u00e7arras, ambas em Santa Catarina e nas cidades de Sert\u00e3ozinho, Ribeir\u00e3o Preto e Franca, no estado de S\u00e3o Paulo.<\/p>\n<p>Um dos investigados foi preso temporariamente em Sert\u00e3ozinho. Os outros alvos n\u00e3o foram localizados. Segundo Domingos, as investiga\u00e7\u00f5es prosseguem com o objetivo de localizar e prender os demais integrantes e descobrir outros membros do esquema.<\/p>\n<p>Os investigados ir\u00e3o responder pelos crimes de organiza\u00e7\u00e3o criminosa, furto qualificado mediante fraude, recepta\u00e7\u00e3o qualificada, falsa comunica\u00e7\u00e3o de crime, falsifica\u00e7\u00e3o de documento p\u00fablico e adultera\u00e7\u00e3o de sinal identificador de ve\u00edculo automotor.<\/p>\n<p>\u00a0<\/p>\n<p>_____<\/p>\n<p>\u00a0<\/p>\n<p>Jornal Tribuna Ribeir\u00e3o<br \/>Um Jornal com a cara de Ribeir\u00e3o!<\/p>\n<p>Impresso | WEB | Redes sociais<br \/>Tribuna Ribeir\u00e3o \u2013 Fone: (16) 3632-2200 \u2013 Whatsapp: (16) 98161-8743<br \/>Av. Bar\u00e3o do Bananal, 880 \u2013 Jardim Anhanguera, Ribeir\u00e3o Preto<\/p>\n<p>@tribunaribeirao<br \/>@meiaderibeirao<br \/>@dinoderibeirao<br \/>#TribunaRibeir\u00e3o<br \/>#News<br \/>#Not\u00edcia<br \/>#Ribeir\u00e3oPreto #Not\u00edciasDeRibeir\u00e3oPreto<br \/>#ClassificadosTribunaRibeir\u00e3o<br \/>#Jornalismo<br \/>#ClassificadosRibeir\u00e3o<\/p>\n<\/div>\n<p><br \/>\n<br \/><a href=\"https:\/\/www.tribunaribeirao.com.br\/operacao-mira-motoristas-que-desviavam-cargas\/\">Source link <\/a><\/p>\n<!-- CONTENT END 1 -->\n","protected":false},"excerpt":{"rendered":"<p>Por: Adalberto Luque A Pol\u00edcia Civil realizou, na manh\u00e3 desta sexta-feira (1\u00ba) uma mega opera\u00e7\u00e3o contra uma quadrilha especializada em desviar cargas de caminh\u00f5es e&#8230;<\/p>\n","protected":false},"author":1,"featured_media":75000,"comment_status":"open","ping_status":"open","sticky":false,"template":"","format":"standard","meta":{"advanced_seo_description":"","jetpack_seo_html_title":"","jetpack_seo_noindex":false,"jetpack_post_was_ever_published":false,"_jetpack_newsletter_access":"","_jetpack_dont_email_post_to_subs":false,"_jetpack_newsletter_tier_id":0,"_jetpack_memberships_contains_paywalled_content":false,"_jetpack_memberships_contains_paid_content":false,"footnotes":"","jetpack_publicize_message":"","jetpack_publicize_feature_enabled":true,"jetpack_social_post_already_shared":true,"jetpack_social_options":{"image_generator_settings":{"template":"highway","default_image_id":0,"font":"","enabled":false},"version":2}},"categories":[11],"tags":[],"class_list":["post-74999","post","type-post","status-publish","format-standard","has-post-thumbnail","hentry","category-noticias-de-ribeirao-preto-sp-e-regiao-ismael-colosi"],"jetpack_publicize_connections":[],"jetpack_featured_media_url":"https:\/\/i0.wp.com\/noticiasribeiraopreto.com.br\/wp-content\/uploads\/2025\/08\/01-ago-2025-operacaoguaira1.jpg?fit=822%2C766&ssl=1","jetpack-related-posts":[{"id":62873,"url":"https:\/\/noticiasribeiraopreto.com.br\/index.php\/2025\/01\/27\/homem-e-preso-pela-suspeita-de-envolvimento-em-roubo-milionario-de-pedras-de-boi-na-regiao-de-ribeirao\/","url_meta":{"origin":74999,"position":0},"title":"Homem \u00e9 preso pela suspeita de envolvimento em roubo milion\u00e1rio de pedras de boi na regi\u00e3o de Ribeir\u00e3o","author":"noticiasribeiraopreto.com.br","date":"27 de January de 2025","format":false,"excerpt":"Uma opera\u00e7\u00e3o da Pol\u00edcia Civil de Barretos, cidade a 120 quil\u00f4metros de Ribeir\u00e3o Preto, prendeu um homem de 50 anos suspeito de participar de um roubo de pedras de boi avaliadas em R$ 2 milh\u00f5es. O crime aconteceu na rodovia Brigadeiro Faria Lima (SP-326), em setembro de 2023. Na ocasi\u00e3o,\u2026","rel":"","context":"In &quot;Not\u00edcias de Ribeir\u00e3o Preto-SP e Regi\u00e3o&quot;","block_context":{"text":"Not\u00edcias de Ribeir\u00e3o Preto-SP e Regi\u00e3o","link":"https:\/\/noticiasribeiraopreto.com.br\/index.php\/category\/noticias-de-ribeirao-preto-sp-e-regiao-ismael-colosi\/"},"img":{"alt_text":"","src":"https:\/\/i0.wp.com\/noticiasribeiraopreto.com.br\/wp-content\/uploads\/2024\/09\/pedra-de-boi_2024-09-09_19-51-03_png_2024-09-09_19-51-03.webp.webp?fit=1191%2C666&ssl=1&resize=350%2C200","width":350,"height":200,"srcset":"https:\/\/i0.wp.com\/noticiasribeiraopreto.com.br\/wp-content\/uploads\/2024\/09\/pedra-de-boi_2024-09-09_19-51-03_png_2024-09-09_19-51-03.webp.webp?fit=1191%2C666&ssl=1&resize=350%2C200 1x, https:\/\/i0.wp.com\/noticiasribeiraopreto.com.br\/wp-content\/uploads\/2024\/09\/pedra-de-boi_2024-09-09_19-51-03_png_2024-09-09_19-51-03.webp.webp?fit=1191%2C666&ssl=1&resize=525%2C300 1.5x, https:\/\/i0.wp.com\/noticiasribeiraopreto.com.br\/wp-content\/uploads\/2024\/09\/pedra-de-boi_2024-09-09_19-51-03_png_2024-09-09_19-51-03.webp.webp?fit=1191%2C666&ssl=1&resize=700%2C400 2x, https:\/\/i0.wp.com\/noticiasribeiraopreto.com.br\/wp-content\/uploads\/2024\/09\/pedra-de-boi_2024-09-09_19-51-03_png_2024-09-09_19-51-03.webp.webp?fit=1191%2C666&ssl=1&resize=1050%2C600 3x"},"classes":[]},{"id":74990,"url":"https:\/\/noticiasribeiraopreto.com.br\/index.php\/2025\/08\/01\/quadrilha-do-falso-roubo-e-alvo-de-operacao-da-policia-civil-prejuizo-chega-a-r-4-milhoes\/","url_meta":{"origin":74999,"position":1},"title":"Quadrilha do \u2018falso roubo\u2019 \u00e9 alvo de opera\u00e7\u00e3o da Pol\u00edcia Civil; preju\u00edzo chega a R$ 4 milh\u00f5es","author":"noticiasribeiraopreto.com.br","date":"1 de August de 2025","format":false,"excerpt":"A Pol\u00edcia Civil deflagrou nesta sexta-feira (1\u00ba de agosto) a Opera\u00e7\u00e3o \u201cfalso roubo\u201d contra uma quadrilha que simulava roubos para desviar cargas. Um criminoso foi preso em Sert\u00e3ozinho, na regi\u00e3o de Ribeir\u00e3o Preto. Os policiais seguem nas ruas para prender os outros suspeitos. In\u00edcio das investiga\u00e7\u00f5es O caso teve in\u00edcio\u2026","rel":"","context":"In &quot;Not\u00edcias de Ribeir\u00e3o Preto-SP e Regi\u00e3o&quot;","block_context":{"text":"Not\u00edcias de Ribeir\u00e3o Preto-SP e Regi\u00e3o","link":"https:\/\/noticiasribeiraopreto.com.br\/index.php\/category\/noticias-de-ribeirao-preto-sp-e-regiao-ismael-colosi\/"},"img":{"alt_text":"","src":"https:\/\/i0.wp.com\/noticiasribeiraopreto.com.br\/wp-content\/uploads\/2025\/08\/quadrilha_2025-08-01_12-27-52.webp.webp?fit=1156%2C868&ssl=1&resize=350%2C200","width":350,"height":200,"srcset":"https:\/\/i0.wp.com\/noticiasribeiraopreto.com.br\/wp-content\/uploads\/2025\/08\/quadrilha_2025-08-01_12-27-52.webp.webp?fit=1156%2C868&ssl=1&resize=350%2C200 1x, https:\/\/i0.wp.com\/noticiasribeiraopreto.com.br\/wp-content\/uploads\/2025\/08\/quadrilha_2025-08-01_12-27-52.webp.webp?fit=1156%2C868&ssl=1&resize=525%2C300 1.5x, https:\/\/i0.wp.com\/noticiasribeiraopreto.com.br\/wp-content\/uploads\/2025\/08\/quadrilha_2025-08-01_12-27-52.webp.webp?fit=1156%2C868&ssl=1&resize=700%2C400 2x, https:\/\/i0.wp.com\/noticiasribeiraopreto.com.br\/wp-content\/uploads\/2025\/08\/quadrilha_2025-08-01_12-27-52.webp.webp?fit=1156%2C868&ssl=1&resize=1050%2C600 3x"},"classes":[]},{"id":18487,"url":"https:\/\/noticiasribeiraopreto.com.br\/index.php\/2023\/12\/20\/utm_sourcerssutm_mediumrssutm_campaignpolicia-evita-roubo-e-prende-bandidos-em-franca\/","url_meta":{"origin":74999,"position":2},"title":"Pol\u00edcia evita roubo e prende bandidos em Franca \u2013 X Tudo Ribeir\u00e3o","author":"noticiasribeiraopreto.com.br","date":"20 de December de 2023","format":false,"excerpt":"Tr\u00eas marginais foram presos pela Pol\u00edcia Civil ap\u00f3s uma tentativa de roubo que foi frustada pela equipe da Delegacia de Investiga\u00e7\u00f5es Gerais (DIG), na cidade de Franca. Segundo informa\u00e7\u00f5es da Pol\u00edcia Civil, os Policiais da DIG receberam informa\u00e7\u00f5es que uma quadrilha estava preparando para assaltar uma resid\u00eancia de um empres\u00e1rio\u2026","rel":"","context":"In &quot;Not\u00edcias de Ribeir\u00e3o Preto-SP e Regi\u00e3o&quot;","block_context":{"text":"Not\u00edcias de Ribeir\u00e3o Preto-SP e Regi\u00e3o","link":"https:\/\/noticiasribeiraopreto.com.br\/index.php\/category\/noticias-de-ribeirao-preto-sp-e-regiao-ismael-colosi\/"},"img":{"alt_text":"","src":"https:\/\/i0.wp.com\/noticiasribeiraopreto.com.br\/wp-content\/uploads\/2023\/12\/cf5b30a6-fe7b-4e38-81d6-1dbb6d8e0a5b.jpeg?fit=1200%2C976&ssl=1&resize=350%2C200","width":350,"height":200,"srcset":"https:\/\/i0.wp.com\/noticiasribeiraopreto.com.br\/wp-content\/uploads\/2023\/12\/cf5b30a6-fe7b-4e38-81d6-1dbb6d8e0a5b.jpeg?fit=1200%2C976&ssl=1&resize=350%2C200 1x, https:\/\/i0.wp.com\/noticiasribeiraopreto.com.br\/wp-content\/uploads\/2023\/12\/cf5b30a6-fe7b-4e38-81d6-1dbb6d8e0a5b.jpeg?fit=1200%2C976&ssl=1&resize=525%2C300 1.5x, https:\/\/i0.wp.com\/noticiasribeiraopreto.com.br\/wp-content\/uploads\/2023\/12\/cf5b30a6-fe7b-4e38-81d6-1dbb6d8e0a5b.jpeg?fit=1200%2C976&ssl=1&resize=700%2C400 2x, https:\/\/i0.wp.com\/noticiasribeiraopreto.com.br\/wp-content\/uploads\/2023\/12\/cf5b30a6-fe7b-4e38-81d6-1dbb6d8e0a5b.jpeg?fit=1200%2C976&ssl=1&resize=1050%2C600 3x"},"classes":[]},{"id":83590,"url":"https:\/\/noticiasribeiraopreto.com.br\/index.php\/2026\/03\/21\/homem-que-assaltava-caminhoneiros-no-interior-de-sp-e-preso-em-mg\/","url_meta":{"origin":74999,"position":3},"title":"Homem que assaltava caminhoneiros no interior de SP \u00e9 preso em MG","author":"noticiasribeiraopreto.com.br","date":"21 de March de 2026","format":false,"excerpt":"A Pol\u00edcia Civil de S\u00e3o Jo\u00e3o da Boa Vista, no interior de S\u00e3o Paulo, prendeu, nesta sexta-feira (20), em Itajub\u00e1, o nono integrante de uma quadrilha especializada em roubo de caminh\u00f5es. O suspeito, de 29 anos, era respons\u00e1vel por render caminhoneiros durante os assaltos. Ele mora em Itajub\u00e1 e possui\u2026","rel":"","context":"In &quot;Not\u00edcias de Ribeir\u00e3o Preto-SP e Regi\u00e3o&quot;","block_context":{"text":"Not\u00edcias de Ribeir\u00e3o Preto-SP e Regi\u00e3o","link":"https:\/\/noticiasribeiraopreto.com.br\/index.php\/category\/noticias-de-ribeirao-preto-sp-e-regiao-ismael-colosi\/"},"img":{"alt_text":"","src":"https:\/\/i0.wp.com\/noticiasribeiraopreto.com.br\/wp-content\/uploads\/2026\/03\/image_2026-03-21_15-35-02.webp.webp?fit=984%2C738&ssl=1&resize=350%2C200","width":350,"height":200,"srcset":"https:\/\/i0.wp.com\/noticiasribeiraopreto.com.br\/wp-content\/uploads\/2026\/03\/image_2026-03-21_15-35-02.webp.webp?fit=984%2C738&ssl=1&resize=350%2C200 1x, https:\/\/i0.wp.com\/noticiasribeiraopreto.com.br\/wp-content\/uploads\/2026\/03\/image_2026-03-21_15-35-02.webp.webp?fit=984%2C738&ssl=1&resize=525%2C300 1.5x, https:\/\/i0.wp.com\/noticiasribeiraopreto.com.br\/wp-content\/uploads\/2026\/03\/image_2026-03-21_15-35-02.webp.webp?fit=984%2C738&ssl=1&resize=700%2C400 2x"},"classes":[]},{"id":83767,"url":"https:\/\/noticiasribeiraopreto.com.br\/index.php\/2026\/03\/25\/mais-quatro-presos-na-operacao-criptopix\/","url_meta":{"origin":74999,"position":4},"title":"Mais quatro presos na \u201cOpera\u00e7\u00e3o Criptopix\u201d","author":"noticiasribeiraopreto.com.br","date":"25 de March de 2026","format":false,"excerpt":"\r Pris\u00f5es ocorreram nas cidades de Jaboticabal, Monte alto, Osasco e Itapecerica da Serra, as duas \u00faltimas na Grande S\u00e3o Paulo\r \r 25 de mar\u00e7o de 2026 12:3825 de mar\u00e7o de 2026 18:23 \r Compartilhar2 Por: Adalberto Luque \u2013 A Pol\u00edcia Civil prendeu mais quatro envolvidos em sequestros de empres\u00e1rios\u2026","rel":"","context":"In &quot;Not\u00edcias de Ribeir\u00e3o Preto-SP e Regi\u00e3o&quot;","block_context":{"text":"Not\u00edcias de Ribeir\u00e3o Preto-SP e Regi\u00e3o","link":"https:\/\/noticiasribeiraopreto.com.br\/index.php\/category\/noticias-de-ribeirao-preto-sp-e-regiao-ismael-colosi\/"},"img":{"alt_text":"","src":"https:\/\/i0.wp.com\/noticiasribeiraopreto.com.br\/wp-content\/uploads\/2026\/03\/25-mar-2026-criptopixterceira-scaled.jpg?fit=1169%2C780&ssl=1&resize=350%2C200","width":350,"height":200,"srcset":"https:\/\/i0.wp.com\/noticiasribeiraopreto.com.br\/wp-content\/uploads\/2026\/03\/25-mar-2026-criptopixterceira-scaled.jpg?fit=1169%2C780&ssl=1&resize=350%2C200 1x, https:\/\/i0.wp.com\/noticiasribeiraopreto.com.br\/wp-content\/uploads\/2026\/03\/25-mar-2026-criptopixterceira-scaled.jpg?fit=1169%2C780&ssl=1&resize=525%2C300 1.5x, https:\/\/i0.wp.com\/noticiasribeiraopreto.com.br\/wp-content\/uploads\/2026\/03\/25-mar-2026-criptopixterceira-scaled.jpg?fit=1169%2C780&ssl=1&resize=700%2C400 2x, https:\/\/i0.wp.com\/noticiasribeiraopreto.com.br\/wp-content\/uploads\/2026\/03\/25-mar-2026-criptopixterceira-scaled.jpg?fit=1169%2C780&ssl=1&resize=1050%2C600 3x"},"classes":[]},{"id":81059,"url":"https:\/\/noticiasribeiraopreto.com.br\/index.php\/2025\/12\/22\/video-quadrilha-que-roubava-cafe-e-presa-durante-operacao\/","url_meta":{"origin":74999,"position":5},"title":"V\u00cdDEO: Quadrilha que roubava caf\u00e9 \u00e9 presa durante opera\u00e7\u00e3o","author":"noticiasribeiraopreto.com.br","date":"22 de December de 2025","format":false,"excerpt":"\r \r \r 22 de dezembro de 2025 14:43 \r Compartilhar0 Tr\u00eas suspeitos foram presos e um segue foragido; o grupo \u00e9 acusado de roubo em uma fazenda no munic\u00edpio de Pedregulho (SP), em agosto deste ano. A Pol\u00edcia Civil de S\u00e3o Paulo, com apoio da Delegacia de Investiga\u00e7\u00f5es Gerais\u2026","rel":"","context":"In &quot;Not\u00edcias de Ribeir\u00e3o Preto-SP e Regi\u00e3o&quot;","block_context":{"text":"Not\u00edcias de Ribeir\u00e3o Preto-SP e Regi\u00e3o","link":"https:\/\/noticiasribeiraopreto.com.br\/index.php\/category\/noticias-de-ribeirao-preto-sp-e-regiao-ismael-colosi\/"},"img":{"alt_text":"","src":"https:\/\/i0.wp.com\/noticiasribeiraopreto.com.br\/wp-content\/uploads\/2025\/12\/OPERACAO.jpg?fit=800%2C500&ssl=1&resize=350%2C200","width":350,"height":200,"srcset":"https:\/\/i0.wp.com\/noticiasribeiraopreto.com.br\/wp-content\/uploads\/2025\/12\/OPERACAO.jpg?fit=800%2C500&ssl=1&resize=350%2C200 1x, https:\/\/i0.wp.com\/noticiasribeiraopreto.com.br\/wp-content\/uploads\/2025\/12\/OPERACAO.jpg?fit=800%2C500&ssl=1&resize=525%2C300 1.5x, https:\/\/i0.wp.com\/noticiasribeiraopreto.com.br\/wp-content\/uploads\/2025\/12\/OPERACAO.jpg?fit=800%2C500&ssl=1&resize=700%2C400 2x"},"classes":[]}],"jetpack_sharing_enabled":true,"jetpack_shortlink":"https:\/\/wp.me\/peQAOb-jvF","_links":{"self":[{"href":"https:\/\/noticiasribeiraopreto.com.br\/index.php\/wp-json\/wp\/v2\/posts\/74999","targetHints":{"allow":["GET"]}}],"collection":[{"href":"https:\/\/noticiasribeiraopreto.com.br\/index.php\/wp-json\/wp\/v2\/posts"}],"about":[{"href":"https:\/\/noticiasribeiraopreto.com.br\/index.php\/wp-json\/wp\/v2\/types\/post"}],"author":[{"embeddable":true,"href":"https:\/\/noticiasribeiraopreto.com.br\/index.php\/wp-json\/wp\/v2\/users\/1"}],"replies":[{"embeddable":true,"href":"https:\/\/noticiasribeiraopreto.com.br\/index.php\/wp-json\/wp\/v2\/comments?post=74999"}],"version-history":[{"count":0,"href":"https:\/\/noticiasribeiraopreto.com.br\/index.php\/wp-json\/wp\/v2\/posts\/74999\/revisions"}],"wp:featuredmedia":[{"embeddable":true,"href":"https:\/\/noticiasribeiraopreto.com.br\/index.php\/wp-json\/wp\/v2\/media\/75000"}],"wp:attachment":[{"href":"https:\/\/noticiasribeiraopreto.com.br\/index.php\/wp-json\/wp\/v2\/media?parent=74999"}],"wp:term":[{"taxonomy":"category","embeddable":true,"href":"https:\/\/noticiasribeiraopreto.com.br\/index.php\/wp-json\/wp\/v2\/categories?post=74999"},{"taxonomy":"post_tag","embeddable":true,"href":"https:\/\/noticiasribeiraopreto.com.br\/index.php\/wp-json\/wp\/v2\/tags?post=74999"}],"curies":[{"name":"wp","href":"https:\/\/api.w.org\/{rel}","templated":true}]}}