{"id":75003,"date":"2025-08-01T12:41:19","date_gmt":"2025-08-01T15:41:19","guid":{"rendered":"https:\/\/noticiasribeiraopreto.com.br\/index.php\/2025\/08\/01\/atlantica-dor-anuncia-lancamento-de-pedra-fundamental-de-hospital-em-ribeirao-preto\/"},"modified":"2025-08-01T12:41:19","modified_gmt":"2025-08-01T15:41:19","slug":"atlantica-dor-anuncia-lancamento-de-pedra-fundamental-de-hospital-em-ribeirao-preto","status":"publish","type":"post","link":"https:\/\/noticiasribeiraopreto.com.br\/index.php\/2025\/08\/01\/atlantica-dor-anuncia-lancamento-de-pedra-fundamental-de-hospital-em-ribeirao-preto\/","title":{"rendered":"Atl\u00e2ntica D\u2019Or anuncia lan\u00e7amento de pedra fundamental de hospital em Ribeir\u00e3o Preto"},"content":{"rendered":"<div class='code-block code-block-1' style='margin: 8px 0 8px auto; text-align: right; display: block; clear: both;'>\n<p><a href=\"https:\/\/wa.link\/vpicfd\"><img data-recalc-dims=\"1\" class=\"wp-image-4922\" style=\"aspect-ratio: 2.0253164556962027; width: 561px; height: auto;\" src=\"https:\/\/i0.wp.com\/ismaelcolosi.com.br\/wp-content\/uploads\/2023\/11\/grupo-de-empregos-whatsapp-e-facebook-ismael-colosi-vagas.jpg?ssl=1\" alt=\"\" \/><\/a><\/p>\n<!-- \/wp:image -->\n<\/div>\n<p> <br \/>\n<\/p>\n<div>\n<p>A <strong>Atl\u00e2ntica D\u2019Or<\/strong>, parceria entre a Rede D\u2019Or e a Bradesco Seguros, anunciou o lan\u00e7amento da pedra fundamental do hospital que est\u00e1 em constru\u00e7\u00e3o em <strong>Ribeir\u00e3o Preto<\/strong>. As obras s\u00e3o realizadas em terreno ao lado do Ribeir\u00e3o Shopping, na zona Sul.<\/p>\n<p>Segundo comunicado, o lan\u00e7amento da pedra fundamental ser\u00e1 realizado na pr\u00f3xima ter\u00e7a-feira (5). O <strong>acidade on Ribeir\u00e3o<\/strong> informou em agosto de 2024 que Ribeir\u00e3o Preto havia entrado no radar da rede para constru\u00e7\u00e3o do hospital.<\/p>\n<h2 class=\"wp-block-heading\"><strong>Novo hospital<\/strong><\/h2>\n<p>A implanta\u00e7\u00e3o da unidade j\u00e1 foi iniciada em um galp\u00e3o que antes abrigava a loja da C&amp;C.<\/p>\n<p>A estrutura receber\u00e1 refor\u00e7o e ser\u00e1 adaptada para uso hospitalar. Al\u00e9m disso, ser\u00e1 constru\u00edda uma laje intermedi\u00e1ria para criar tr\u00eas pavimentos: inferior, t\u00e9rreo e superior.<\/p>\n<p>Essa laje abrigar\u00e1 setores importantes, como unidades de apoio t\u00e9cnico, armazenamento e \u00e1reas de circula\u00e7\u00e3o, garantindo uma distribui\u00e7\u00e3o eficiente dos servi\u00e7os hospitalares.<\/p>\n<p>A primeira fase do projeto prev\u00ea a constru\u00e7\u00e3o de 20.600,66 m\u00b2, e ser\u00e1 composta por:<\/p>\n<ul class=\"wp-block-list\">\n<li>Pronto Atendimento Adulto e Pedi\u00e1trico<\/li>\n<\/ul>\n<ul class=\"wp-block-list\">\n<li>Unidades de Terapia Intensiva (UTI)<\/li>\n<\/ul>\n<ul class=\"wp-block-list\">\n<li>138 leitos de interna\u00e7\u00e3o<\/li>\n<\/ul>\n<p>A segunda etapa inclui a constru\u00e7\u00e3o de uma nova torre com 10 pavimentos, ligada ao pr\u00e9dio da fase um nos tr\u00eas primeiros andares, que aumentar\u00e1 a capacidade do hospital para um total de 290 leitos de interna\u00e7\u00e3o.<\/p>\n<p>O documento ainda informa que a nova torre ter\u00e1 alas de UTI, centro de diagn\u00f3sticos por imagem e consult\u00f3rios para atendimento ambulatorial.<\/p>\n<p>SAIBA MAIS<br \/>Ricardo sanciona diretrizes do or\u00e7amento de Ribeir\u00e3o Preto com 140 vetos<\/p>\n<h2 class=\"wp-block-heading\"><strong>FIQUE ON<\/strong><\/h2>\n<p>Fique ligado em tudo que acontece em Ribeir\u00e3o Preto e regi\u00e3o. Siga os perfis do<strong>\u00a0acidade on<\/strong>\u00a0no\u00a0<a href=\"https:\/\/www.instagram.com\/acidadeonribeirao\" target=\"_blank\" rel=\"noreferrer noopener\">Instagram<\/a>\u00a0e no\u00a0<a href=\"https:\/\/www.facebook.com\/acidadeonribeirao\/\" target=\"_blank\" rel=\"noreferrer noopener\">Facebook<\/a>.<\/p>\n<p>Receba not\u00edcias do<strong>\u00a0acidade on<\/strong>\u00a0no WhatsApp.<a href=\"https:\/\/chat.whatsapp.com\/BjKQZ9oJwlz8VVT50NuePq\" target=\"_blank\" rel=\"noreferrer noopener\">\u00a0Para entrar no grupo, basta clicar aqui.<\/a><\/p>\n<p>Fa\u00e7a uma den\u00fancia ou sugira uma reportagem sobre Ribeir\u00e3o Preto e regi\u00e3o pelo WhatsApp: 16 99117 7802.<\/p>\n<p>VEJA TAMB\u00c9M<br \/>Vai fazer calor no final de semana em SP?<\/p>\n<p><!-- AI CONTENT END 1 -->\n<\/div>\n<p><script async src=\"\/\/www.instagram.com\/embed.js\"><\/script><br \/>\n<br \/><br \/>\n<br \/><a href=\"https:\/\/www.acidadeon.com\/ribeiraopreto\/economia\/atlantica-dor-anuncia-lancamento-de-pedra-fundamental-de-hospital-em-ribeirao-preto\/\">Source link <\/a><\/p>\n<!-- CONTENT END 1 -->\n","protected":false},"excerpt":{"rendered":"<p>A Atl\u00e2ntica D\u2019Or, parceria entre a Rede D\u2019Or e a Bradesco Seguros, anunciou o lan\u00e7amento da pedra fundamental do hospital que est\u00e1 em constru\u00e7\u00e3o em&#8230;<\/p>\n","protected":false},"author":1,"featured_media":75004,"comment_status":"open","ping_status":"open","sticky":false,"template":"","format":"standard","meta":{"advanced_seo_description":"","jetpack_seo_html_title":"","jetpack_seo_noindex":false,"jetpack_post_was_ever_published":false,"_jetpack_newsletter_access":"","_jetpack_dont_email_post_to_subs":false,"_jetpack_newsletter_tier_id":0,"_jetpack_memberships_contains_paywalled_content":false,"_jetpack_memberships_contains_paid_content":false,"footnotes":"","jetpack_publicize_message":"","jetpack_publicize_feature_enabled":true,"jetpack_social_post_already_shared":true,"jetpack_social_options":{"image_generator_settings":{"template":"highway","default_image_id":0,"font":"","enabled":false},"version":2}},"categories":[11],"tags":[],"class_list":["post-75003","post","type-post","status-publish","format-standard","has-post-thumbnail","hentry","category-noticias-de-ribeirao-preto-sp-e-regiao-ismael-colosi"],"jetpack_publicize_connections":[],"jetpack_featured_media_url":"https:\/\/i0.wp.com\/noticiasribeiraopreto.com.br\/wp-content\/uploads\/2025\/08\/Copia-de-Copia-de-Copia-de-TAMANHO-EXATO-PARA-FOTOS-NO-SISTEMA-NOVO-2025-06-11T182730.945_2025-06-11_21-27-42.webp.webp?fit=1200%2C675&ssl=1","jetpack-related-posts":[{"id":75216,"url":"https:\/\/noticiasribeiraopreto.com.br\/index.php\/2025\/08\/05\/hospital-na-zona-sul-de-ribeirao-preto-tem-pedra-fundamental-lancada\/","url_meta":{"origin":75003,"position":0},"title":"Hospital na zona Sul de Ribeir\u00e3o Preto tem pedra fundamental lan\u00e7ada","author":"noticiasribeiraopreto.com.br","date":"5 de August de 2025","format":false,"excerpt":"A Rede D\u2019Or, em parceria com a\u00a0Bradesco Seguros, realizou nesta ter\u00e7a-feira (5), o lan\u00e7amento da Pedra Fundamental do Hospital Atl\u00e2ntica D\u2019Or, que ficar\u00e1 localizado na zona Sul de Ribeir\u00e3o Preto, dentro do complexo Ribeir\u00e3o Shopping. O investimento estimado \u00e9 de R$ 250 milh\u00f5es e o hospital contar\u00e1 com 138 leitos\u2026","rel":"","context":"In &quot;Not\u00edcias de Ribeir\u00e3o Preto-SP e Regi\u00e3o&quot;","block_context":{"text":"Not\u00edcias de Ribeir\u00e3o Preto-SP e Regi\u00e3o","link":"https:\/\/noticiasribeiraopreto.com.br\/index.php\/category\/noticias-de-ribeirao-preto-sp-e-regiao-ismael-colosi\/"},"img":{"alt_text":"","src":"https:\/\/i0.wp.com\/noticiasribeiraopreto.com.br\/wp-content\/uploads\/2025\/08\/rodrigo-gavina-ceo-da-rede-dor_2025-08-05_17-06-01.webp.webp?fit=1200%2C928&ssl=1&resize=350%2C200","width":350,"height":200,"srcset":"https:\/\/i0.wp.com\/noticiasribeiraopreto.com.br\/wp-content\/uploads\/2025\/08\/rodrigo-gavina-ceo-da-rede-dor_2025-08-05_17-06-01.webp.webp?fit=1200%2C928&ssl=1&resize=350%2C200 1x, https:\/\/i0.wp.com\/noticiasribeiraopreto.com.br\/wp-content\/uploads\/2025\/08\/rodrigo-gavina-ceo-da-rede-dor_2025-08-05_17-06-01.webp.webp?fit=1200%2C928&ssl=1&resize=525%2C300 1.5x, https:\/\/i0.wp.com\/noticiasribeiraopreto.com.br\/wp-content\/uploads\/2025\/08\/rodrigo-gavina-ceo-da-rede-dor_2025-08-05_17-06-01.webp.webp?fit=1200%2C928&ssl=1&resize=700%2C400 2x, https:\/\/i0.wp.com\/noticiasribeiraopreto.com.br\/wp-content\/uploads\/2025\/08\/rodrigo-gavina-ceo-da-rede-dor_2025-08-05_17-06-01.webp.webp?fit=1200%2C928&ssl=1&resize=1050%2C600 3x"},"classes":[]},{"id":75050,"url":"https:\/\/noticiasribeiraopreto.com.br\/index.php\/2025\/08\/02\/confessionario-tribuna-ribeirao-40\/","url_meta":{"origin":75003,"position":1},"title":"Confession\u00e1rio &#8211; Tribuna Ribeir\u00e3o","author":"noticiasribeiraopreto.com.br","date":"2 de August de 2025","format":false,"excerpt":"2 de agosto de 2025 12:574 Compartilhar0 Novo hospital em Ribeir\u00e3o Nesta ter\u00e7a-feira, 5, a Atl\u00e2ntica D\u2019Or, parceria entre a Rede D\u2019Or, maior rede hospitalar independente do Brasil, e a Atl\u00e2ntica Hospitais e Participa\u00e7\u00f5es, integrante do Grupo Bradesco Seguros, realiza o lan\u00e7amento da pedra fundamental de sua nova unidade hospitalar\u2026","rel":"","context":"In &quot;Not\u00edcias de Ribeir\u00e3o Preto-SP e Regi\u00e3o&quot;","block_context":{"text":"Not\u00edcias de Ribeir\u00e3o Preto-SP e Regi\u00e3o","link":"https:\/\/noticiasribeiraopreto.com.br\/index.php\/category\/noticias-de-ribeirao-preto-sp-e-regiao-ismael-colosi\/"},"img":{"alt_text":"","src":"https:\/\/i0.wp.com\/noticiasribeiraopreto.com.br\/wp-content\/uploads\/2025\/08\/este.jpeg?fit=860%2C484&ssl=1&resize=350%2C200","width":350,"height":200,"srcset":"https:\/\/i0.wp.com\/noticiasribeiraopreto.com.br\/wp-content\/uploads\/2025\/08\/este.jpeg?fit=860%2C484&ssl=1&resize=350%2C200 1x, https:\/\/i0.wp.com\/noticiasribeiraopreto.com.br\/wp-content\/uploads\/2025\/08\/este.jpeg?fit=860%2C484&ssl=1&resize=525%2C300 1.5x, https:\/\/i0.wp.com\/noticiasribeiraopreto.com.br\/wp-content\/uploads\/2025\/08\/este.jpeg?fit=860%2C484&ssl=1&resize=700%2C400 2x"},"classes":[]},{"id":75211,"url":"https:\/\/noticiasribeiraopreto.com.br\/index.php\/2025\/08\/05\/atlantica-dor-lanca-obra-de-futuro-hospital-em-ribeirao-preto\/","url_meta":{"origin":75003,"position":2},"title":"Atl\u00e2ntica D\u2019Or lan\u00e7a obra de futuro hospital em Ribeir\u00e3o Preto","author":"noticiasribeiraopreto.com.br","date":"5 de August de 2025","format":false,"excerpt":"Unidade, que ter\u00e1 140 leitos na primeira fase, est\u00e1 em constru\u00e7\u00e3o na zona sul da cidade, dentro do complexo Ribeir\u00e3oShopping Nesta ter\u00e7a-feira, 5 de agosto, a Atl\u00e2ntica D\u2019Or, parceria entre a Rede D\u2019Or \u2014 maior empresa de sa\u00fade da Am\u00e9rica Latina \u2014 e a Atl\u00e2ntica Hospitais e Participa\u00e7\u00f5es, empresa controlada\u2026","rel":"","context":"In &quot;Not\u00edcias de Ribeir\u00e3o Preto-SP e Regi\u00e3o&quot;","block_context":{"text":"Not\u00edcias de Ribeir\u00e3o Preto-SP e Regi\u00e3o","link":"https:\/\/noticiasribeiraopreto.com.br\/index.php\/category\/noticias-de-ribeirao-preto-sp-e-regiao-ismael-colosi\/"},"img":{"alt_text":"","src":"https:\/\/i0.wp.com\/noticiasribeiraopreto.com.br\/wp-content\/uploads\/2025\/08\/hospital-dor-scaled.jpg?fit=1200%2C560&ssl=1&resize=350%2C200","width":350,"height":200,"srcset":"https:\/\/i0.wp.com\/noticiasribeiraopreto.com.br\/wp-content\/uploads\/2025\/08\/hospital-dor-scaled.jpg?fit=1200%2C560&ssl=1&resize=350%2C200 1x, https:\/\/i0.wp.com\/noticiasribeiraopreto.com.br\/wp-content\/uploads\/2025\/08\/hospital-dor-scaled.jpg?fit=1200%2C560&ssl=1&resize=525%2C300 1.5x, https:\/\/i0.wp.com\/noticiasribeiraopreto.com.br\/wp-content\/uploads\/2025\/08\/hospital-dor-scaled.jpg?fit=1200%2C560&ssl=1&resize=700%2C400 2x, https:\/\/i0.wp.com\/noticiasribeiraopreto.com.br\/wp-content\/uploads\/2025\/08\/hospital-dor-scaled.jpg?fit=1200%2C560&ssl=1&resize=1050%2C600 3x"},"classes":[]},{"id":75382,"url":"https:\/\/noticiasribeiraopreto.com.br\/index.php\/2025\/08\/07\/obra-do-world-trade-center-em-ribeirao-preto-preve-investimento-de-r-400-milhoes\/","url_meta":{"origin":75003,"position":3},"title":"Obra do World Trade Center em Ribeir\u00e3o Preto prev\u00ea investimento de R$ 400 milh\u00f5es","author":"noticiasribeiraopreto.com.br","date":"7 de August de 2025","format":false,"excerpt":"A Copema Empreendimentos, construtora respons\u00e1vel pelas obras do World Trade Center Ribeir\u00e3o Preto, prev\u00ea investimentos de R$ 400 milh\u00f5es na constru\u00e7\u00e3o do complexo, que ficar\u00e1 anexo ao Ribeir\u00e3o Shopping. Nesta sexta-feira (8), acontece a cerim\u00f4nia de lan\u00e7amento da pedra fundamental, que marca o in\u00edcio formal das obras. A expectativa \u00e9\u2026","rel":"","context":"In &quot;Not\u00edcias de Ribeir\u00e3o Preto-SP e Regi\u00e3o&quot;","block_context":{"text":"Not\u00edcias de Ribeir\u00e3o Preto-SP e Regi\u00e3o","link":"https:\/\/noticiasribeiraopreto.com.br\/index.php\/category\/noticias-de-ribeirao-preto-sp-e-regiao-ismael-colosi\/"},"img":{"alt_text":"","src":"https:\/\/i0.wp.com\/noticiasribeiraopreto.com.br\/wp-content\/uploads\/2025\/08\/AnyConv.com__venda-ribeirao-shopping.webp.webp?fit=1200%2C688&ssl=1&resize=350%2C200","width":350,"height":200,"srcset":"https:\/\/i0.wp.com\/noticiasribeiraopreto.com.br\/wp-content\/uploads\/2025\/08\/AnyConv.com__venda-ribeirao-shopping.webp.webp?fit=1200%2C688&ssl=1&resize=350%2C200 1x, https:\/\/i0.wp.com\/noticiasribeiraopreto.com.br\/wp-content\/uploads\/2025\/08\/AnyConv.com__venda-ribeirao-shopping.webp.webp?fit=1200%2C688&ssl=1&resize=525%2C300 1.5x, https:\/\/i0.wp.com\/noticiasribeiraopreto.com.br\/wp-content\/uploads\/2025\/08\/AnyConv.com__venda-ribeirao-shopping.webp.webp?fit=1200%2C688&ssl=1&resize=700%2C400 2x, https:\/\/i0.wp.com\/noticiasribeiraopreto.com.br\/wp-content\/uploads\/2025\/08\/AnyConv.com__venda-ribeirao-shopping.webp.webp?fit=1200%2C688&ssl=1&resize=1050%2C600 3x"},"classes":[]},{"id":56992,"url":"https:\/\/noticiasribeiraopreto.com.br\/index.php\/2024\/08\/20\/ribeirao-preto-entra-no-radar-de-nova-rede-de-hospitais-em-negocio-bilionario\/","url_meta":{"origin":75003,"position":4},"title":"Ribeir\u00e3o Preto entra no radar de nova rede de hospitais em neg\u00f3cio bilion\u00e1rio","author":"noticiasribeiraopreto.com.br","date":"20 de August de 2024","format":false,"excerpt":"A Rede D\u2019Or S\u00e3o Luiz e o Grupo Bradesco Seguros conclu\u00edram o fechamento da parceria para cria\u00e7\u00e3o de uma nova de hospitais chamada de Atl\u00e2ntica D\u2019Or, que prev\u00ea investimentos de R$ 1,1 bilh\u00e3o. Segundo comunicado emitido pelas empresas em maio, Ribeir\u00e3o Preto est\u00e1 no radar para receber um hospital da\u2026","rel":"","context":"In &quot;Not\u00edcias de Ribeir\u00e3o Preto-SP e Regi\u00e3o&quot;","block_context":{"text":"Not\u00edcias de Ribeir\u00e3o Preto-SP e Regi\u00e3o","link":"https:\/\/noticiasribeiraopreto.com.br\/index.php\/category\/noticias-de-ribeirao-preto-sp-e-regiao-ismael-colosi\/"},"img":{"alt_text":"","src":"https:\/\/i0.wp.com\/noticiasribeiraopreto.com.br\/wp-content\/uploads\/2024\/08\/hospital_2024-08-20_14-06-39_jpg_2024-08-20_14-06-39.webp.webp?fit=1200%2C800&ssl=1&resize=350%2C200","width":350,"height":200,"srcset":"https:\/\/i0.wp.com\/noticiasribeiraopreto.com.br\/wp-content\/uploads\/2024\/08\/hospital_2024-08-20_14-06-39_jpg_2024-08-20_14-06-39.webp.webp?fit=1200%2C800&ssl=1&resize=350%2C200 1x, https:\/\/i0.wp.com\/noticiasribeiraopreto.com.br\/wp-content\/uploads\/2024\/08\/hospital_2024-08-20_14-06-39_jpg_2024-08-20_14-06-39.webp.webp?fit=1200%2C800&ssl=1&resize=525%2C300 1.5x, https:\/\/i0.wp.com\/noticiasribeiraopreto.com.br\/wp-content\/uploads\/2024\/08\/hospital_2024-08-20_14-06-39_jpg_2024-08-20_14-06-39.webp.webp?fit=1200%2C800&ssl=1&resize=700%2C400 2x, https:\/\/i0.wp.com\/noticiasribeiraopreto.com.br\/wp-content\/uploads\/2024\/08\/hospital_2024-08-20_14-06-39_jpg_2024-08-20_14-06-39.webp.webp?fit=1200%2C800&ssl=1&resize=1050%2C600 3x"},"classes":[]},{"id":83862,"url":"https:\/\/noticiasribeiraopreto.com.br\/index.php\/2026\/03\/27\/adevirp-lanca-pedra-fundamental-de-obra-de-r-35-milhoes-em-ribeirao-preto\/","url_meta":{"origin":75003,"position":5},"title":"Adevirp lan\u00e7a pedra fundamental de obra de R$ 3,5 milh\u00f5es em Ribeir\u00e3o Preto","author":"noticiasribeiraopreto.com.br","date":"27 de March de 2026","format":false,"excerpt":"A Associa\u00e7\u00e3o dos Deficientes Visuais de Ribeir\u00e3o Preto (Adevirp) iniciou, nesta sexta-feira (27), uma nova etapa de crescimento com o lan\u00e7amento da pedra fundamental de sua amplia\u00e7\u00e3o. A entidade viabilizou o projeto com um investimento de R$ 3,5 milh\u00f5es, proveniente de recursos do Minist\u00e9rio P\u00fablico do Trabalho (MPT). Pedra Fundamental\u2026","rel":"","context":"In &quot;Not\u00edcias de Ribeir\u00e3o Preto-SP e Regi\u00e3o&quot;","block_context":{"text":"Not\u00edcias de Ribeir\u00e3o Preto-SP e Regi\u00e3o","link":"https:\/\/noticiasribeiraopreto.com.br\/index.php\/category\/noticias-de-ribeirao-preto-sp-e-regiao-ismael-colosi\/"},"img":{"alt_text":"","src":"https:\/\/i0.wp.com\/noticiasribeiraopreto.com.br\/wp-content\/uploads\/2026\/03\/palace-94_2026-03-27_15-40-05.webp.webp?fit=1200%2C675&ssl=1&resize=350%2C200","width":350,"height":200,"srcset":"https:\/\/i0.wp.com\/noticiasribeiraopreto.com.br\/wp-content\/uploads\/2026\/03\/palace-94_2026-03-27_15-40-05.webp.webp?fit=1200%2C675&ssl=1&resize=350%2C200 1x, https:\/\/i0.wp.com\/noticiasribeiraopreto.com.br\/wp-content\/uploads\/2026\/03\/palace-94_2026-03-27_15-40-05.webp.webp?fit=1200%2C675&ssl=1&resize=525%2C300 1.5x, https:\/\/i0.wp.com\/noticiasribeiraopreto.com.br\/wp-content\/uploads\/2026\/03\/palace-94_2026-03-27_15-40-05.webp.webp?fit=1200%2C675&ssl=1&resize=700%2C400 2x, https:\/\/i0.wp.com\/noticiasribeiraopreto.com.br\/wp-content\/uploads\/2026\/03\/palace-94_2026-03-27_15-40-05.webp.webp?fit=1200%2C675&ssl=1&resize=1050%2C600 3x"},"classes":[]}],"jetpack_sharing_enabled":true,"jetpack_shortlink":"https:\/\/wp.me\/peQAOb-jvJ","_links":{"self":[{"href":"https:\/\/noticiasribeiraopreto.com.br\/index.php\/wp-json\/wp\/v2\/posts\/75003","targetHints":{"allow":["GET"]}}],"collection":[{"href":"https:\/\/noticiasribeiraopreto.com.br\/index.php\/wp-json\/wp\/v2\/posts"}],"about":[{"href":"https:\/\/noticiasribeiraopreto.com.br\/index.php\/wp-json\/wp\/v2\/types\/post"}],"author":[{"embeddable":true,"href":"https:\/\/noticiasribeiraopreto.com.br\/index.php\/wp-json\/wp\/v2\/users\/1"}],"replies":[{"embeddable":true,"href":"https:\/\/noticiasribeiraopreto.com.br\/index.php\/wp-json\/wp\/v2\/comments?post=75003"}],"version-history":[{"count":0,"href":"https:\/\/noticiasribeiraopreto.com.br\/index.php\/wp-json\/wp\/v2\/posts\/75003\/revisions"}],"wp:featuredmedia":[{"embeddable":true,"href":"https:\/\/noticiasribeiraopreto.com.br\/index.php\/wp-json\/wp\/v2\/media\/75004"}],"wp:attachment":[{"href":"https:\/\/noticiasribeiraopreto.com.br\/index.php\/wp-json\/wp\/v2\/media?parent=75003"}],"wp:term":[{"taxonomy":"category","embeddable":true,"href":"https:\/\/noticiasribeiraopreto.com.br\/index.php\/wp-json\/wp\/v2\/categories?post=75003"},{"taxonomy":"post_tag","embeddable":true,"href":"https:\/\/noticiasribeiraopreto.com.br\/index.php\/wp-json\/wp\/v2\/tags?post=75003"}],"curies":[{"name":"wp","href":"https:\/\/api.w.org\/{rel}","templated":true}]}}