{"id":75005,"date":"2025-08-01T12:49:39","date_gmt":"2025-08-01T15:49:39","guid":{"rendered":"https:\/\/noticiasribeiraopreto.com.br\/index.php\/2025\/08\/01\/veja-as-medidas-anunciadas-para-mitigar-os-efeitos-do-tarifaco-em-sp\/"},"modified":"2025-08-01T12:49:39","modified_gmt":"2025-08-01T15:49:39","slug":"veja-as-medidas-anunciadas-para-mitigar-os-efeitos-do-tarifaco-em-sp","status":"publish","type":"post","link":"https:\/\/noticiasribeiraopreto.com.br\/index.php\/2025\/08\/01\/veja-as-medidas-anunciadas-para-mitigar-os-efeitos-do-tarifaco-em-sp\/","title":{"rendered":"Veja as medidas anunciadas para mitigar os efeitos do Tarifa\u00e7o em SP"},"content":{"rendered":"<div class='code-block code-block-1' style='margin: 8px 0 8px auto; text-align: right; display: block; clear: both;'>\n<p><a href=\"https:\/\/wa.link\/vpicfd\"><img data-recalc-dims=\"1\" class=\"wp-image-4922\" style=\"aspect-ratio: 2.0253164556962027; width: 561px; height: auto;\" src=\"https:\/\/i0.wp.com\/ismaelcolosi.com.br\/wp-content\/uploads\/2023\/11\/grupo-de-empregos-whatsapp-e-facebook-ismael-colosi-vagas.jpg?ssl=1\" alt=\"\" \/><\/a><\/p>\n<!-- \/wp:image -->\n<\/div>\n<p> <br \/>\n<\/p>\n<div>\n<p>Mesmo com 694 isen\u00e7\u00f5es, o <strong>Tarifa\u00e7o de Trump <\/strong>oficializou taxas de 50% na exporta\u00e7\u00e3o de produtos como carne e caf\u00e9 aos <strong>Estados Unidos<\/strong>. Entre as medidas anunciada para mitigar os efeitos junto \u00e0s empresas exportadoras de S\u00e3o Paulo, o governo estadual anunciou a libera\u00e7\u00e3o de R$ 1,5 bilh\u00e3o em cr\u00e9ditos acumulados de ICMS.<\/p>\n<p>A libera\u00e7\u00e3o dos cr\u00e9ditos de ICMS do ProAtivo ser\u00e1 destinada prioritariamente a contribuintes exportadores que possuam cr\u00e9ditos acumulados aptos \u00e0 transfer\u00eancia.<\/p>\n<p><mark style=\"background-color:#fcb900\" class=\"has-inline-color has-black-color\">A iniciativa visa garantir liquidez \u00e0s empresas paulistas com atua\u00e7\u00e3o no mercado externo<\/mark>, especialmente \u00e0quelas com maior valor agregado na produ\u00e7\u00e3o, preservando a competitividade e evitando impactos negativos sobre o PIB (Produto Interno Bruto) estadual.<\/p>\n<h2 class=\"wp-block-heading\"><strong>Como pedir?<\/strong><\/h2>\n<p>Cada empresa poder\u00e1 solicitar at\u00e9 R$ 120 milh\u00f5es, conforme os crit\u00e9rios estabelecidos nas normas. Os pedidos aprovados ser\u00e3o atendidos em at\u00e9 10 parcelas. O cronograma de libera\u00e7\u00e3o ter\u00e1 in\u00edcio em setembro deste ano.<\/p>\n<p>As regras para ades\u00e3o \u00e0 nova rodada do ProAtivo ser\u00e3o publicadas na Resolu\u00e7\u00e3o e na Portaria a serem disponibilizadas no Di\u00e1rio Oficial do Estado. Os pedidos poder\u00e3o ser protocolados eletronicamente por meio do <strong><a href=\"https:\/\/portal.fazenda.sp.gov.br\/servicos\/sipet\" data-type=\"link\" data-id=\"https:\/\/portal.fazenda.sp.gov.br\/servicos\/sipet\" target=\"_blank\" rel=\"noopener\">Sipet (Sistema de Peticionamento Eletr\u00f4nico da Sefaz-SP)<\/a><\/strong>, utilizando o formul\u00e1rio \u201cPedido de Transfer\u00eancia de Cr\u00e9dito Acumulado \u2013 12\u00aa Rodada do Pr\u00f3Ativo\u201d.<\/p>\n<h2 class=\"wp-block-heading\"><strong>Linha de Cr\u00e9dito<\/strong><\/h2>\n<p>O governo paulista tamb\u00e9m anunciou a amplia\u00e7\u00e3o da linha de cr\u00e9dito Giro Exportador, que passa de R$ 200 milh\u00f5es para R$ 400 milh\u00f5es, com juros subsidiados para empreendedores afetados.<\/p>\n<p>Os recursos s\u00e3o disponibilizados pela Desenvolve SP, ag\u00eancia de fomento do Estado, em parceria com a Secretaria de Desenvolvimento Econ\u00f4mico e a Secretaria da Fazenda e Planejamento.<\/p>\n<p>A linha oferece taxas a partir de 0,27% ao m\u00eas + IPCA, com prazo de at\u00e9 60 meses para pagamento e car\u00eancia de at\u00e9 12 meses, inclusa no prazo total. Exportadores interessados podem solicitar o cr\u00e9dito diretamente pelo <a href=\"https:\/\/www.desenvolvesp.com.br\/\" data-type=\"link\" data-id=\"https:\/\/www.desenvolvesp.com.br\/\" target=\"_blank\" rel=\"noopener\">site da <strong>Desenvolve SP<\/strong> (clique aqui).<\/a><\/p>\n<h2 class=\"wp-block-heading\"><strong>\u2018Ajuda momentaneamente\u2019<\/strong><\/h2>\n<p>Para especialistas, a medida anunciada pelo governo paulista, assim como por outros estados, ajuda momentaneamente as empresas que foram atingidas pelo Tarifa\u00e7o. O especialista em tributos <strong>Jos\u00e9 Guilherme Sabino<\/strong>, CEO da Assertif,<mark style=\"background-color:#fcb900\" class=\"has-inline-color has-black-color\"> a libera\u00e7\u00e3o dos cr\u00e9ditos faz com que as empresas tenham fluxo de caixa melhor<\/mark>.<\/p>\n<p>\u201cIsso melhora a liquidez nas empresas, porque elas podem converter esse cr\u00e9dito em recursos financeiros imediatos. Ao mesmo tempo, essa calendariza\u00e7\u00e3o anunciada pelo governo, traz o melhor planejamento financeiro, podendo as empresas planejar melhores projetos, novos desenvolvimentos de produtos e etc\u201d, explica.<\/p>\n<p>Para Jos\u00e9 Guilherme, isso reduz a vulnerabilidade das empresas e pode at\u00e9 manter os pre\u00e7os competitivos no mercado externo.<\/p>\n<p>No entanto, ele refor\u00e7a que o Governo Federal precisa manter o di\u00e1logo diplom\u00e1tico e econ\u00f4mico, al\u00e9m de pressionar as empresas norte-americanas que importam produtos brasileiros para aumentar as exce\u00e7\u00f5es e diminuir o Tarifa\u00e7o. <mark style=\"background-color:#fcb900\" class=\"has-inline-color has-black-color\">\u201cO ideal \u00e9 que o Tarifa\u00e7o chegue a 15%, no m\u00e1ximo\u201d<\/mark>, completa.<\/p>\n<p>SAIBA MAIS<br \/>Ricardo sanciona diretrizes do or\u00e7amento de Ribeir\u00e3o Preto com 140 vetos<\/p>\n<h2 class=\"wp-block-heading\"><strong>FIQUE ON<\/strong><\/h2>\n<p>Fique ligado em tudo que acontece em Ribeir\u00e3o Preto e regi\u00e3o. Siga os perfis do<strong>\u00a0acidade on<\/strong>\u00a0no\u00a0<a href=\"https:\/\/www.instagram.com\/acidadeonribeirao\" target=\"_blank\" rel=\"noreferrer noopener\">Instagram<\/a>\u00a0e no\u00a0<a href=\"https:\/\/www.facebook.com\/acidadeonribeirao\/\" target=\"_blank\" rel=\"noreferrer noopener\">Facebook<\/a>.<\/p>\n<p>Receba not\u00edcias do<strong>\u00a0acidade on<\/strong>\u00a0no WhatsApp.<a href=\"https:\/\/chat.whatsapp.com\/BjKQZ9oJwlz8VVT50NuePq\" target=\"_blank\" rel=\"noreferrer noopener\">\u00a0Para entrar no grupo, basta clicar aqui.<\/a><\/p>\n<p>Fa\u00e7a uma den\u00fancia ou sugira uma reportagem sobre Ribeir\u00e3o Preto e regi\u00e3o pelo WhatsApp: 16 99117 7802.<\/p>\n<p>VEJA TAMB\u00c9M<br \/>Vai fazer calor no final de semana em SP?<\/p>\n<p><!-- AI CONTENT END 1 -->\n<\/div>\n<p><script async src=\"\/\/www.instagram.com\/embed.js\"><\/script><br \/>\n<br \/><br \/>\n<br \/><a href=\"https:\/\/www.acidadeon.com\/ribeiraopreto\/politica\/veja-as-medidas-anunciadas-para-mitigar-os-efeitos-do-tarifaco-em-sp\/\">Source link <\/a><\/p>\n<!-- CONTENT END 1 -->\n","protected":false},"excerpt":{"rendered":"<p>Mesmo com 694 isen\u00e7\u00f5es, o Tarifa\u00e7o de Trump oficializou taxas de 50% na exporta\u00e7\u00e3o de produtos como carne e caf\u00e9 aos Estados Unidos. Entre as&#8230;<\/p>\n","protected":false},"author":1,"featured_media":74283,"comment_status":"open","ping_status":"open","sticky":false,"template":"","format":"standard","meta":{"advanced_seo_description":"","jetpack_seo_html_title":"","jetpack_seo_noindex":false,"jetpack_post_was_ever_published":false,"_jetpack_newsletter_access":"","_jetpack_dont_email_post_to_subs":false,"_jetpack_newsletter_tier_id":0,"_jetpack_memberships_contains_paywalled_content":false,"_jetpack_memberships_contains_paid_content":false,"footnotes":"","jetpack_publicize_message":"","jetpack_publicize_feature_enabled":true,"jetpack_social_post_already_shared":true,"jetpack_social_options":{"image_generator_settings":{"template":"highway","default_image_id":0,"font":"","enabled":false},"version":2}},"categories":[11],"tags":[],"class_list":["post-75005","post","type-post","status-publish","format-standard","has-post-thumbnail","hentry","category-noticias-de-ribeirao-preto-sp-e-regiao-ismael-colosi"],"jetpack_publicize_connections":[],"jetpack_featured_media_url":"https:\/\/i0.wp.com\/noticiasribeiraopreto.com.br\/wp-content\/uploads\/2025\/07\/Copia-de-Copia-de-Copia-de-TAMANHO-EXATO-PARA-FOTOS-NO-SISTEMA-NOVO-2025-07-18T194849.427_2025-07-18_22-48-58.webp.webp?fit=1200%2C675&ssl=1","jetpack-related-posts":[{"id":75279,"url":"https:\/\/noticiasribeiraopreto.com.br\/index.php\/2025\/08\/06\/veja-o-impacto-do-tarifaco-de-trump-em-ribeirao-preto\/","url_meta":{"origin":75005,"position":0},"title":"Veja o impacto do Tarifa\u00e7o de Trump em Ribeir\u00e3o Preto","author":"noticiasribeiraopreto.com.br","date":"6 de August de 2025","format":false,"excerpt":"Entrou em vigor nesta quarta-feira (6) o tarifa\u00e7o de 50% imposto sobre parte das exporta\u00e7\u00f5es brasileiras para os Estados Unidos. E o impacto em Ribeir\u00e3o Preto pode chegar a 18,16 milh\u00f5es de d\u00f3lares, segundo levantamento do jornal O Estado de S\u00e3o Paulo. A medida, assinada na semana passada pelo presidente\u2026","rel":"","context":"In &quot;Not\u00edcias de Ribeir\u00e3o Preto-SP e Regi\u00e3o&quot;","block_context":{"text":"Not\u00edcias de Ribeir\u00e3o Preto-SP e Regi\u00e3o","link":"https:\/\/noticiasribeiraopreto.com.br\/index.php\/category\/noticias-de-ribeirao-preto-sp-e-regiao-ismael-colosi\/"},"img":{"alt_text":"","src":"https:\/\/i0.wp.com\/noticiasribeiraopreto.com.br\/wp-content\/uploads\/2025\/07\/Copia-de-Copia-de-Copia-de-TAMANHO-EXATO-PARA-FOTOS-NO-SISTEMA-NOVO-2025-07-18T194849.427_2025-07-18_22-48-58.webp.webp?fit=1200%2C675&ssl=1&resize=350%2C200","width":350,"height":200,"srcset":"https:\/\/i0.wp.com\/noticiasribeiraopreto.com.br\/wp-content\/uploads\/2025\/07\/Copia-de-Copia-de-Copia-de-TAMANHO-EXATO-PARA-FOTOS-NO-SISTEMA-NOVO-2025-07-18T194849.427_2025-07-18_22-48-58.webp.webp?fit=1200%2C675&ssl=1&resize=350%2C200 1x, https:\/\/i0.wp.com\/noticiasribeiraopreto.com.br\/wp-content\/uploads\/2025\/07\/Copia-de-Copia-de-Copia-de-TAMANHO-EXATO-PARA-FOTOS-NO-SISTEMA-NOVO-2025-07-18T194849.427_2025-07-18_22-48-58.webp.webp?fit=1200%2C675&ssl=1&resize=525%2C300 1.5x, https:\/\/i0.wp.com\/noticiasribeiraopreto.com.br\/wp-content\/uploads\/2025\/07\/Copia-de-Copia-de-Copia-de-TAMANHO-EXATO-PARA-FOTOS-NO-SISTEMA-NOVO-2025-07-18T194849.427_2025-07-18_22-48-58.webp.webp?fit=1200%2C675&ssl=1&resize=700%2C400 2x, https:\/\/i0.wp.com\/noticiasribeiraopreto.com.br\/wp-content\/uploads\/2025\/07\/Copia-de-Copia-de-Copia-de-TAMANHO-EXATO-PARA-FOTOS-NO-SISTEMA-NOVO-2025-07-18T194849.427_2025-07-18_22-48-58.webp.webp?fit=1200%2C675&ssl=1&resize=1050%2C600 3x"},"classes":[]},{"id":75689,"url":"https:\/\/noticiasribeiraopreto.com.br\/index.php\/2025\/08\/13\/tarifaco-de-trump-entenda-o-plano-do-governo-federal-para-reduzir-impactos-economicos\/","url_meta":{"origin":75005,"position":1},"title":"Tarifa\u00e7o de Trump: Entenda o plano do governo federal para reduzir impactos econ\u00f4micos","author":"noticiasribeiraopreto.com.br","date":"13 de August de 2025","format":false,"excerpt":"O governo federal apresentou nesta quarta-feira (13) as primeiras medidas para reduzir os impactos econ\u00f4micos do Tarifa\u00e7o de Trump, que elevou em 50% as tarifas de importa\u00e7\u00e3o sobre produtos brasileiros. Entre as medidas anunciadas est\u00e3o a cria\u00e7\u00e3o de uma linha de cr\u00e9dito de R$ 30 bilh\u00f5es para ajudar empresas afetadas,\u2026","rel":"","context":"In &quot;Not\u00edcias de Ribeir\u00e3o Preto-SP e Regi\u00e3o&quot;","block_context":{"text":"Not\u00edcias de Ribeir\u00e3o Preto-SP e Regi\u00e3o","link":"https:\/\/noticiasribeiraopreto.com.br\/index.php\/category\/noticias-de-ribeirao-preto-sp-e-regiao-ismael-colosi\/"},"img":{"alt_text":"","src":"https:\/\/i0.wp.com\/noticiasribeiraopreto.com.br\/wp-content\/uploads\/2025\/07\/Copia-de-Copia-de-Copia-de-TAMANHO-EXATO-PARA-FOTOS-NO-SISTEMA-NOVO-2025-07-18T194849.427_2025-07-18_22-48-58.webp.webp?fit=1200%2C675&ssl=1&resize=350%2C200","width":350,"height":200,"srcset":"https:\/\/i0.wp.com\/noticiasribeiraopreto.com.br\/wp-content\/uploads\/2025\/07\/Copia-de-Copia-de-Copia-de-TAMANHO-EXATO-PARA-FOTOS-NO-SISTEMA-NOVO-2025-07-18T194849.427_2025-07-18_22-48-58.webp.webp?fit=1200%2C675&ssl=1&resize=350%2C200 1x, https:\/\/i0.wp.com\/noticiasribeiraopreto.com.br\/wp-content\/uploads\/2025\/07\/Copia-de-Copia-de-Copia-de-TAMANHO-EXATO-PARA-FOTOS-NO-SISTEMA-NOVO-2025-07-18T194849.427_2025-07-18_22-48-58.webp.webp?fit=1200%2C675&ssl=1&resize=525%2C300 1.5x, https:\/\/i0.wp.com\/noticiasribeiraopreto.com.br\/wp-content\/uploads\/2025\/07\/Copia-de-Copia-de-Copia-de-TAMANHO-EXATO-PARA-FOTOS-NO-SISTEMA-NOVO-2025-07-18T194849.427_2025-07-18_22-48-58.webp.webp?fit=1200%2C675&ssl=1&resize=700%2C400 2x, https:\/\/i0.wp.com\/noticiasribeiraopreto.com.br\/wp-content\/uploads\/2025\/07\/Copia-de-Copia-de-Copia-de-TAMANHO-EXATO-PARA-FOTOS-NO-SISTEMA-NOVO-2025-07-18T194849.427_2025-07-18_22-48-58.webp.webp?fit=1200%2C675&ssl=1&resize=1050%2C600 3x"},"classes":[]},{"id":75404,"url":"https:\/\/noticiasribeiraopreto.com.br\/index.php\/2025\/08\/08\/tarifas-afetam-778-das-exportacoes\/","url_meta":{"origin":75005,"position":2},"title":"Tarifas afetam 77,8% das exporta\u00e7\u00f5es","author":"noticiasribeiraopreto.com.br","date":"8 de August de 2025","format":false,"excerpt":"Levantamento da CNI aponta que 77,8% das exporta\u00e7\u00f5es brasileiras aos Estados Unidos est\u00e3o atualmente sujeitas a sobretaxas comerciais Um levantamento da Confedera\u00e7\u00e3o Nacional da Ind\u00fastria (CNI) aponta que 77,8% das exporta\u00e7\u00f5es brasileiras aos Estados Unidos est\u00e3o atualmente sujeitas a sobretaxas comerciais, resultado de tr\u00eas frentes tarif\u00e1rias impostas pelo presidente Donald\u2026","rel":"","context":"In &quot;Not\u00edcias de Ribeir\u00e3o Preto-SP e Regi\u00e3o&quot;","block_context":{"text":"Not\u00edcias de Ribeir\u00e3o Preto-SP e Regi\u00e3o","link":"https:\/\/noticiasribeiraopreto.com.br\/index.php\/category\/noticias-de-ribeirao-preto-sp-e-regiao-ismael-colosi\/"},"img":{"alt_text":"","src":"https:\/\/i0.wp.com\/noticiasribeiraopreto.com.br\/wp-content\/uploads\/2025\/08\/Tarifas-Cadu-Gomes-VPR.jpg?fit=1170%2C700&ssl=1&resize=350%2C200","width":350,"height":200,"srcset":"https:\/\/i0.wp.com\/noticiasribeiraopreto.com.br\/wp-content\/uploads\/2025\/08\/Tarifas-Cadu-Gomes-VPR.jpg?fit=1170%2C700&ssl=1&resize=350%2C200 1x, https:\/\/i0.wp.com\/noticiasribeiraopreto.com.br\/wp-content\/uploads\/2025\/08\/Tarifas-Cadu-Gomes-VPR.jpg?fit=1170%2C700&ssl=1&resize=525%2C300 1.5x, https:\/\/i0.wp.com\/noticiasribeiraopreto.com.br\/wp-content\/uploads\/2025\/08\/Tarifas-Cadu-Gomes-VPR.jpg?fit=1170%2C700&ssl=1&resize=700%2C400 2x, https:\/\/i0.wp.com\/noticiasribeiraopreto.com.br\/wp-content\/uploads\/2025\/08\/Tarifas-Cadu-Gomes-VPR.jpg?fit=1170%2C700&ssl=1&resize=1050%2C600 3x"},"classes":[]},{"id":75282,"url":"https:\/\/noticiasribeiraopreto.com.br\/index.php\/2025\/08\/06\/haddad-entrega-hoje-a-lula-plano-contra-efeitos-do-tarifaco-dos-eua\/","url_meta":{"origin":75005,"position":3},"title":"Haddad entrega hoje a Lula plano contra efeitos do tarifa\u00e7o dos EUA","author":"noticiasribeiraopreto.com.br","date":"6 de August de 2025","format":false,"excerpt":"O texto da medida provis\u00f3ria (MP) com as a\u00e7\u00f5es planejadas pelo governo federal, em resposta ao tarifa\u00e7o imposto pelo presidente dos Estados Unidos (EUA), Donald Trump, contra os produtos com origem no Brasil, ser\u00e1 enviado ao Pal\u00e1cio do Planalto pelo Minist\u00e9rio da Fazenda ainda nesta quarta-feira (6). \u201cSer\u00e1 um plano\u2026","rel":"","context":"In &quot;Not\u00edcias de Ribeir\u00e3o Preto-SP e Regi\u00e3o&quot;","block_context":{"text":"Not\u00edcias de Ribeir\u00e3o Preto-SP e Regi\u00e3o","link":"https:\/\/noticiasribeiraopreto.com.br\/index.php\/category\/noticias-de-ribeirao-preto-sp-e-regiao-ismael-colosi\/"},"img":{"alt_text":"","src":"https:\/\/i0.wp.com\/noticiasribeiraopreto.com.br\/wp-content\/uploads\/2025\/08\/Haddad1.jpeg?fit=1170%2C700&ssl=1&resize=350%2C200","width":350,"height":200,"srcset":"https:\/\/i0.wp.com\/noticiasribeiraopreto.com.br\/wp-content\/uploads\/2025\/08\/Haddad1.jpeg?fit=1170%2C700&ssl=1&resize=350%2C200 1x, https:\/\/i0.wp.com\/noticiasribeiraopreto.com.br\/wp-content\/uploads\/2025\/08\/Haddad1.jpeg?fit=1170%2C700&ssl=1&resize=525%2C300 1.5x, https:\/\/i0.wp.com\/noticiasribeiraopreto.com.br\/wp-content\/uploads\/2025\/08\/Haddad1.jpeg?fit=1170%2C700&ssl=1&resize=700%2C400 2x, https:\/\/i0.wp.com\/noticiasribeiraopreto.com.br\/wp-content\/uploads\/2025\/08\/Haddad1.jpeg?fit=1170%2C700&ssl=1&resize=1050%2C600 3x"},"classes":[]},{"id":29267,"url":"https:\/\/noticiasribeiraopreto.com.br\/index.php\/2024\/01\/17\/desenvolve-sp-liberacao-de-credito-avanca-38\/","url_meta":{"origin":75005,"position":4},"title":"Desenvolve SP: libera\u00e7\u00e3o de cr\u00e9dito avan\u00e7a 38%\u00a0","author":"noticiasribeiraopreto.com.br","date":"17 de January de 2024","format":false,"excerpt":"O volume de opera\u00e7\u00f5es de cr\u00e9dito realizadas pela Desenvolve SP em 2023 avan\u00e7ou 38% em rela\u00e7\u00e3o ao ano anterior. A ag\u00eancia de fomento ligada \u00e0 Secretaria de Desenvolvimento Econ\u00f4mico do Governo de S\u00e3o Paulo atingiu R$ 1,012 bilh\u00e3o de desembolsos para empreendedores privados e agentes p\u00fablicos durante o ano passado,\u2026","rel":"","context":"In &quot;Not\u00edcias de Ribeir\u00e3o Preto-SP e Regi\u00e3o&quot;","block_context":{"text":"Not\u00edcias de Ribeir\u00e3o Preto-SP e Regi\u00e3o","link":"https:\/\/noticiasribeiraopreto.com.br\/index.php\/category\/noticias-de-ribeirao-preto-sp-e-regiao-ismael-colosi\/"},"img":{"alt_text":"","src":"https:\/\/i0.wp.com\/noticiasribeiraopreto.com.br\/wp-content\/uploads\/2024\/01\/Desenvolve-Divulgacao.jpg?fit=800%2C541&ssl=1&resize=350%2C200","width":350,"height":200,"srcset":"https:\/\/i0.wp.com\/noticiasribeiraopreto.com.br\/wp-content\/uploads\/2024\/01\/Desenvolve-Divulgacao.jpg?fit=800%2C541&ssl=1&resize=350%2C200 1x, https:\/\/i0.wp.com\/noticiasribeiraopreto.com.br\/wp-content\/uploads\/2024\/01\/Desenvolve-Divulgacao.jpg?fit=800%2C541&ssl=1&resize=525%2C300 1.5x, https:\/\/i0.wp.com\/noticiasribeiraopreto.com.br\/wp-content\/uploads\/2024\/01\/Desenvolve-Divulgacao.jpg?fit=800%2C541&ssl=1&resize=700%2C400 2x"},"classes":[]},{"id":75333,"url":"https:\/\/noticiasribeiraopreto.com.br\/index.php\/2025\/08\/07\/brasil-vai-a-omc-contra-tarifaco\/","url_meta":{"origin":75005,"position":5},"title":"Brasil vai a OMC contra tarifa\u00e7o","author":"noticiasribeiraopreto.com.br","date":"7 de August de 2025","format":false,"excerpt":"O governo federal brasileiro deu entrada na Organiza\u00e7\u00e3o Mundial do Com\u00e9rcio (OMC) com um \u201cpedido de consulta\u201d contra os Estados Unidos, em rea\u00e7\u00e3o ao tarifa\u00e7o imposto pelo presidente norte-americano, Donald Trump, \u00e0s exporta\u00e7\u00f5es brasileiras, medida que entraram em vigor nesta quarta-feira, 6 de agosto. A informa\u00e7\u00e3o \u00e9 do Minist\u00e9rio das\u2026","rel":"","context":"In &quot;Not\u00edcias de Ribeir\u00e3o Preto-SP e Regi\u00e3o&quot;","block_context":{"text":"Not\u00edcias de Ribeir\u00e3o Preto-SP e Regi\u00e3o","link":"https:\/\/noticiasribeiraopreto.com.br\/index.php\/category\/noticias-de-ribeirao-preto-sp-e-regiao-ismael-colosi\/"},"img":{"alt_text":"","src":"https:\/\/i0.wp.com\/noticiasribeiraopreto.com.br\/wp-content\/uploads\/2025\/08\/Tarifas-Denis-Balibouse-Reuters-scaled.jpg?fit=1144%2C780&ssl=1&resize=350%2C200","width":350,"height":200,"srcset":"https:\/\/i0.wp.com\/noticiasribeiraopreto.com.br\/wp-content\/uploads\/2025\/08\/Tarifas-Denis-Balibouse-Reuters-scaled.jpg?fit=1144%2C780&ssl=1&resize=350%2C200 1x, https:\/\/i0.wp.com\/noticiasribeiraopreto.com.br\/wp-content\/uploads\/2025\/08\/Tarifas-Denis-Balibouse-Reuters-scaled.jpg?fit=1144%2C780&ssl=1&resize=525%2C300 1.5x, https:\/\/i0.wp.com\/noticiasribeiraopreto.com.br\/wp-content\/uploads\/2025\/08\/Tarifas-Denis-Balibouse-Reuters-scaled.jpg?fit=1144%2C780&ssl=1&resize=700%2C400 2x, https:\/\/i0.wp.com\/noticiasribeiraopreto.com.br\/wp-content\/uploads\/2025\/08\/Tarifas-Denis-Balibouse-Reuters-scaled.jpg?fit=1144%2C780&ssl=1&resize=1050%2C600 3x"},"classes":[]}],"jetpack_sharing_enabled":true,"jetpack_shortlink":"https:\/\/wp.me\/peQAOb-jvL","_links":{"self":[{"href":"https:\/\/noticiasribeiraopreto.com.br\/index.php\/wp-json\/wp\/v2\/posts\/75005","targetHints":{"allow":["GET"]}}],"collection":[{"href":"https:\/\/noticiasribeiraopreto.com.br\/index.php\/wp-json\/wp\/v2\/posts"}],"about":[{"href":"https:\/\/noticiasribeiraopreto.com.br\/index.php\/wp-json\/wp\/v2\/types\/post"}],"author":[{"embeddable":true,"href":"https:\/\/noticiasribeiraopreto.com.br\/index.php\/wp-json\/wp\/v2\/users\/1"}],"replies":[{"embeddable":true,"href":"https:\/\/noticiasribeiraopreto.com.br\/index.php\/wp-json\/wp\/v2\/comments?post=75005"}],"version-history":[{"count":0,"href":"https:\/\/noticiasribeiraopreto.com.br\/index.php\/wp-json\/wp\/v2\/posts\/75005\/revisions"}],"wp:featuredmedia":[{"embeddable":true,"href":"https:\/\/noticiasribeiraopreto.com.br\/index.php\/wp-json\/wp\/v2\/media\/74283"}],"wp:attachment":[{"href":"https:\/\/noticiasribeiraopreto.com.br\/index.php\/wp-json\/wp\/v2\/media?parent=75005"}],"wp:term":[{"taxonomy":"category","embeddable":true,"href":"https:\/\/noticiasribeiraopreto.com.br\/index.php\/wp-json\/wp\/v2\/categories?post=75005"},{"taxonomy":"post_tag","embeddable":true,"href":"https:\/\/noticiasribeiraopreto.com.br\/index.php\/wp-json\/wp\/v2\/tags?post=75005"}],"curies":[{"name":"wp","href":"https:\/\/api.w.org\/{rel}","templated":true}]}}