{"id":75006,"date":"2025-08-01T12:57:29","date_gmt":"2025-08-01T15:57:29","guid":{"rendered":"https:\/\/noticiasribeiraopreto.com.br\/index.php\/2025\/08\/01\/convenio-com-gigante-dos-alimentos-preve-oferta-de-emprego-para-beneficiarios-do-bolsa-familia\/"},"modified":"2025-08-01T12:57:29","modified_gmt":"2025-08-01T15:57:29","slug":"convenio-com-gigante-dos-alimentos-preve-oferta-de-emprego-para-beneficiarios-do-bolsa-familia","status":"publish","type":"post","link":"https:\/\/noticiasribeiraopreto.com.br\/index.php\/2025\/08\/01\/convenio-com-gigante-dos-alimentos-preve-oferta-de-emprego-para-beneficiarios-do-bolsa-familia\/","title":{"rendered":"Conv\u00eanio com gigante dos alimentos prev\u00ea oferta de emprego para benefici\u00e1rios do Bolsa Fam\u00edlia"},"content":{"rendered":"<div class='code-block code-block-1' style='margin: 8px 0 8px auto; text-align: right; display: block; clear: both;'>\n<p><a href=\"https:\/\/wa.link\/vpicfd\"><img data-recalc-dims=\"1\" class=\"wp-image-4922\" style=\"aspect-ratio: 2.0253164556962027; width: 561px; height: auto;\" src=\"https:\/\/i0.wp.com\/ismaelcolosi.com.br\/wp-content\/uploads\/2023\/11\/grupo-de-empregos-whatsapp-e-facebook-ismael-colosi-vagas.jpg?ssl=1\" alt=\"\" \/><\/a><\/p>\n<!-- \/wp:image -->\n<\/div>\n<p> <br \/>\n<\/p>\n<div data-td-block-uid=\"tdi_95\">\n<div class=\"tdb-block-inner td-fix-index\">\n<p>A<strong> JBS <\/strong>assinou na \u00faltima quinta-feira (31) um acordo de coopera\u00e7\u00e3o t\u00e9cnica com o <strong>Governo Federal<\/strong> para viabilizar a oferta de vagas de emprego a inscritos no <strong>Cad\u00danico (Cadastro \u00danico)<\/strong>, como o <strong>Bolsa Fam\u00edlia<\/strong>. Ser\u00e3o disponibilizadas vagas em 136 cidades paulistas, como <strong>Ribeir\u00e3o Preto<\/strong>,<strong> Barretos<\/strong> e <strong>Nuporanga<\/strong>.<\/p>\n<p>O conv\u00eanio tem dura\u00e7\u00e3o de dois anos e o objetivo de promover a inclus\u00e3o socioecon\u00f4mica das pessoas inscritas no Cad\u00danico. O acordo foi celebrado na sede da JBS em S\u00e3o Paulo, com a presen\u00e7a do ministro do Desenvolvimento, Wellington Dias, do conselheiro da JBS Wesley Batista e do CEO global da empresa, Gilberto Tomazoni.<\/p>\n<h2 class=\"wp-block-heading\"><strong>Como vai funcionar?<\/strong><\/h2>\n<p>Para viabilizar a participa\u00e7\u00e3o dos inscritos no Cad\u00danico nos processos seletivos da companhia, o Minist\u00e9rio de Desenvolvimento e Assist\u00eancia Social atuar\u00e1 em parceria com \u00f3rg\u00e3os da rede de assist\u00eancia social para garantir o acesso \u00e0s informa\u00e7\u00f5es necess\u00e1rias, mediante consentimento pr\u00e9vio dos candidatos.<\/p>\n<p>O compartilhamento de dados com a JBS ser\u00e1 realizado em conformidade com a Pol\u00edtica de Privacidade da empresa e com as diretrizes da LGPD (Lei Geral de Prote\u00e7\u00e3o de Dados).<\/p>\n<p>Pelo acordo, caber\u00e1 \u00e0 JBS realizar os processos seletivos e encaminhar ao minist\u00e9rio os dados dos candidatos contratados, a fim de validar sua elegibilidade no Cad\u00danico. Criado em 2001, o sistema re\u00fane informa\u00e7\u00f5es de fam\u00edlias de baixa renda existentes no pa\u00eds para inclus\u00e3o em programas de assist\u00eancia social e redistribui\u00e7\u00e3o de renda.<\/p>\n<p>SAIBA MAIS<br \/>Ricardo sanciona diretrizes do or\u00e7amento de Ribeir\u00e3o Preto com 140 vetos<\/p>\n<h2 class=\"wp-block-heading\"><strong>FIQUE ON<\/strong><\/h2>\n<p>Fique ligado em tudo que acontece em Ribeir\u00e3o Preto e regi\u00e3o. Siga os perfis do<strong>\u00a0acidade on<\/strong>\u00a0no\u00a0<a href=\"https:\/\/www.instagram.com\/acidadeonribeirao\" target=\"_blank\" rel=\"noreferrer noopener\">Instagram<\/a>\u00a0e no\u00a0<a href=\"https:\/\/www.facebook.com\/acidadeonribeirao\/\" target=\"_blank\" rel=\"noreferrer noopener\">Facebook<\/a>.<\/p>\n<p>Receba not\u00edcias do<strong>\u00a0acidade on<\/strong>\u00a0no WhatsApp.<a href=\"https:\/\/chat.whatsapp.com\/BjKQZ9oJwlz8VVT50NuePq\" target=\"_blank\" rel=\"noreferrer noopener\">\u00a0Para entrar no grupo, basta clicar aqui.<\/a><\/p>\n<p>Fa\u00e7a uma den\u00fancia ou sugira uma reportagem sobre Ribeir\u00e3o Preto e regi\u00e3o pelo WhatsApp: 16 99117 7802.<\/p>\n<p>VEJA TAMB\u00c9M<br \/>Vai fazer calor no final de semana em SP?<\/p>\n<p><!-- AI CONTENT END 1 -->\n<\/div>\n<\/div>\n<p><script async src=\"\/\/www.instagram.com\/embed.js\"><\/script><br \/>\n<br \/><br \/>\n<br \/><a href=\"https:\/\/www.acidadeon.com\/ribeiraopreto\/economia\/convenio-com-gigante-dos-alimentos-preve-oferta-de-emprego-para-beneficiarios-do-bolsa-familia\/\">Source link <\/a><\/p>\n<!-- CONTENT END 1 -->\n","protected":false},"excerpt":{"rendered":"<p>A JBS assinou na \u00faltima quinta-feira (31) um acordo de coopera\u00e7\u00e3o t\u00e9cnica com o Governo Federal para viabilizar a oferta de vagas de emprego a&#8230;<\/p>\n","protected":false},"author":1,"featured_media":75007,"comment_status":"open","ping_status":"open","sticky":false,"template":"","format":"standard","meta":{"advanced_seo_description":"","jetpack_seo_html_title":"","jetpack_seo_noindex":false,"jetpack_post_was_ever_published":false,"_jetpack_newsletter_access":"","_jetpack_dont_email_post_to_subs":false,"_jetpack_newsletter_tier_id":0,"_jetpack_memberships_contains_paywalled_content":false,"_jetpack_memberships_contains_paid_content":false,"footnotes":"","jetpack_publicize_message":"","jetpack_publicize_feature_enabled":true,"jetpack_social_post_already_shared":true,"jetpack_social_options":{"image_generator_settings":{"template":"highway","default_image_id":0,"font":"","enabled":false},"version":2}},"categories":[11],"tags":[],"class_list":["post-75006","post","type-post","status-publish","format-standard","has-post-thumbnail","hentry","category-noticias-de-ribeirao-preto-sp-e-regiao-ismael-colosi"],"jetpack_publicize_connections":[],"jetpack_featured_media_url":"https:\/\/i0.wp.com\/noticiasribeiraopreto.com.br\/wp-content\/uploads\/2025\/08\/convenio-jbs-governo_2025-08-01_14-19-20.webp.webp?fit=1200%2C800&ssl=1","jetpack-related-posts":[{"id":23809,"url":"https:\/\/noticiasribeiraopreto.com.br\/index.php\/2024\/01\/03\/cadunico-2024-divulgada-lista-atualizada-dos-programas-disponiveis-para-voce\/","url_meta":{"origin":75006,"position":0},"title":"Cad\u00danico 2024: DIVULGADA lista ATUALIZADA dos programas dispon\u00edveis para voc\u00ea","author":"noticiasribeiraopreto.com.br","date":"3 de January de 2024","format":false,"excerpt":"O Cadastro \u00danico para Programas Sociais do Governo Federal (Cad\u00danico) \u00e9 mais do que uma simples inscri\u00e7\u00e3o na base de dados do governo. Isso porque ele re\u00fane informa\u00e7\u00f5es de fam\u00edlias brasileiras de baixa renda para que elas possam participar de diversos benef\u00edcios sociais. Assim, se voc\u00ea est\u00e1 inscrito no Cad\u00danico,\u2026","rel":"","context":"In &quot;Vagas de Emprego em Ribeir\u00e3o Preto-SP&quot;","block_context":{"text":"Vagas de Emprego em Ribeir\u00e3o Preto-SP","link":"https:\/\/noticiasribeiraopreto.com.br\/index.php\/category\/empregos-classificados-vagas-trabalho\/vagas-de-empregos-em-ribeirao-preto-regiao-brasil\/"},"img":{"alt_text":"","src":"https:\/\/i0.wp.com\/noticiasribeiraopreto.com.br\/wp-content\/uploads\/2024\/01\/noticiasconcursos.com_.br-cadunico-2024-divulgada-lista-atualizada-dos-programas-disponiveis-para-voce-cadastro-unico.jpeg?fit=1200%2C755&ssl=1&resize=350%2C200","width":350,"height":200,"srcset":"https:\/\/i0.wp.com\/noticiasribeiraopreto.com.br\/wp-content\/uploads\/2024\/01\/noticiasconcursos.com_.br-cadunico-2024-divulgada-lista-atualizada-dos-programas-disponiveis-para-voce-cadastro-unico.jpeg?fit=1200%2C755&ssl=1&resize=350%2C200 1x, https:\/\/i0.wp.com\/noticiasribeiraopreto.com.br\/wp-content\/uploads\/2024\/01\/noticiasconcursos.com_.br-cadunico-2024-divulgada-lista-atualizada-dos-programas-disponiveis-para-voce-cadastro-unico.jpeg?fit=1200%2C755&ssl=1&resize=525%2C300 1.5x, https:\/\/i0.wp.com\/noticiasribeiraopreto.com.br\/wp-content\/uploads\/2024\/01\/noticiasconcursos.com_.br-cadunico-2024-divulgada-lista-atualizada-dos-programas-disponiveis-para-voce-cadastro-unico.jpeg?fit=1200%2C755&ssl=1&resize=700%2C400 2x, https:\/\/i0.wp.com\/noticiasribeiraopreto.com.br\/wp-content\/uploads\/2024\/01\/noticiasconcursos.com_.br-cadunico-2024-divulgada-lista-atualizada-dos-programas-disponiveis-para-voce-cadastro-unico.jpeg?fit=1200%2C755&ssl=1&resize=1050%2C600 3x"},"classes":[]},{"id":47268,"url":"https:\/\/noticiasribeiraopreto.com.br\/index.php\/2024\/04\/25\/emprestimo-autorizado-para-inscritos-no-cadunico-e-bolsa-familia-saiba-como-solicitar\/","url_meta":{"origin":75006,"position":1},"title":"Empr\u00e9stimo autorizado para inscritos no Cad\u00danico e Bolsa Fam\u00edlia: Saiba como solicitar","author":"noticiasribeiraopreto.com.br","date":"25 de April de 2024","format":false,"excerpt":"Criado para atender fam\u00edlias de baixa renda no pa\u00eds, o programa Bolsa Fam\u00edlia oferece diversos benef\u00edcios a quem est\u00e1 inscrito em iniciativas sociais. Al\u00e9m do pagamento m\u00ednimo de R$ 600, as fam\u00edlias tamb\u00e9m t\u00eam direito a outros benef\u00edcios oferecidos pelo Governo Federal. Em breve, o Governo Lula deve conceder empr\u00e9stimos\u2026","rel":"","context":"In &quot;Dinheiro e Investimento&quot;","block_context":{"text":"Dinheiro e Investimento","link":"https:\/\/noticiasribeiraopreto.com.br\/index.php\/category\/dinheiro-e-investimento-como-fazer-como-ganhar\/"},"img":{"alt_text":"","src":"https:\/\/i0.wp.com\/noticiasribeiraopreto.com.br\/wp-content\/uploads\/2024\/04\/O-seu-credito-foi.webp.webp?fit=1200%2C630&ssl=1&resize=350%2C200","width":350,"height":200,"srcset":"https:\/\/i0.wp.com\/noticiasribeiraopreto.com.br\/wp-content\/uploads\/2024\/04\/O-seu-credito-foi.webp.webp?fit=1200%2C630&ssl=1&resize=350%2C200 1x, https:\/\/i0.wp.com\/noticiasribeiraopreto.com.br\/wp-content\/uploads\/2024\/04\/O-seu-credito-foi.webp.webp?fit=1200%2C630&ssl=1&resize=525%2C300 1.5x, https:\/\/i0.wp.com\/noticiasribeiraopreto.com.br\/wp-content\/uploads\/2024\/04\/O-seu-credito-foi.webp.webp?fit=1200%2C630&ssl=1&resize=700%2C400 2x, https:\/\/i0.wp.com\/noticiasribeiraopreto.com.br\/wp-content\/uploads\/2024\/04\/O-seu-credito-foi.webp.webp?fit=1200%2C630&ssl=1&resize=1050%2C600 3x"},"classes":[]},{"id":13622,"url":"https:\/\/noticiasribeiraopreto.com.br\/index.php\/2023\/12\/10\/e-inscrito-no-cadunico-e-precisa-de-emprego\/","url_meta":{"origin":75006,"position":2},"title":"\u00c9 inscrito no Cad\u00danico e PRECISA DE EMPREGO?","author":"noticiasribeiraopreto.com.br","date":"10 de December de 2023","format":false,"excerpt":"O MDS planeja implementar um programa que apresentar\u00e1 grandes oportunidades de trabalho para cidad\u00e3os registrados no Cad\u00danico (Cadastro \u00danico). O cadastro foi estabelecido inicialmente para a concess\u00e3o de acesso a v\u00e1rias iniciativas, o que inclui o Bolsa Fam\u00edlia. O Minist\u00e9rio do Desenvolvimento e Assist\u00eancia Social, Fam\u00edlia e Combate \u00e0 Fome\u2026","rel":"","context":"In &quot;Vagas de Emprego em Ribeir\u00e3o Preto-SP&quot;","block_context":{"text":"Vagas de Emprego em Ribeir\u00e3o Preto-SP","link":"https:\/\/noticiasribeiraopreto.com.br\/index.php\/category\/empregos-classificados-vagas-trabalho\/vagas-de-empregos-em-ribeirao-preto-regiao-brasil\/"},"img":{"alt_text":"","src":"https:\/\/i0.wp.com\/noticiasribeiraopreto.com.br\/wp-content\/uploads\/2023\/12\/noticiasconcursos.com_.br-n-79.jpg?fit=1200%2C800&ssl=1&resize=350%2C200","width":350,"height":200,"srcset":"https:\/\/i0.wp.com\/noticiasribeiraopreto.com.br\/wp-content\/uploads\/2023\/12\/noticiasconcursos.com_.br-n-79.jpg?fit=1200%2C800&ssl=1&resize=350%2C200 1x, https:\/\/i0.wp.com\/noticiasribeiraopreto.com.br\/wp-content\/uploads\/2023\/12\/noticiasconcursos.com_.br-n-79.jpg?fit=1200%2C800&ssl=1&resize=525%2C300 1.5x, https:\/\/i0.wp.com\/noticiasribeiraopreto.com.br\/wp-content\/uploads\/2023\/12\/noticiasconcursos.com_.br-n-79.jpg?fit=1200%2C800&ssl=1&resize=700%2C400 2x, https:\/\/i0.wp.com\/noticiasribeiraopreto.com.br\/wp-content\/uploads\/2023\/12\/noticiasconcursos.com_.br-n-79.jpg?fit=1200%2C800&ssl=1&resize=1050%2C600 3x"},"classes":[]},{"id":22510,"url":"https:\/\/noticiasribeiraopreto.com.br\/index.php\/2023\/12\/30\/cadunico-2024-tudo-que-voce-precisa-saber-para-se-cadastrar\/","url_meta":{"origin":75006,"position":3},"title":"Cad\u00danico 2024: Tudo que voc\u00ea precisa saber para se Cadastrar!","author":"noticiasribeiraopreto.com.br","date":"30 de December de 2023","format":false,"excerpt":"O Cad\u00danico, ou Cadastro \u00danico para Programas Sociais, \u00e9 um instrumento fundamental para que as fam\u00edlias em situa\u00e7\u00e3o de vulnerabilidade social tenham acesso a diversos programas sociais. Atrav\u00e9s dele, \u00e9 poss\u00edvel obter o NIS (N\u00famero de Identifica\u00e7\u00e3o Social), que \u00e9 utilizado para acessar benef\u00edcios como o Bolsa Fam\u00edlia, por exemplo.\u2026","rel":"","context":"In &quot;Vagas de Emprego em Ribeir\u00e3o Preto-SP&quot;","block_context":{"text":"Vagas de Emprego em Ribeir\u00e3o Preto-SP","link":"https:\/\/noticiasribeiraopreto.com.br\/index.php\/category\/empregos-classificados-vagas-trabalho\/vagas-de-empregos-em-ribeirao-preto-regiao-brasil\/"},"img":{"alt_text":"","src":"","width":0,"height":0},"classes":[]},{"id":20094,"url":"https:\/\/noticiasribeiraopreto.com.br\/index.php\/2023\/12\/24\/bolsa-familia-vai-bloquear-beneficiarios-com-irregularidades-em-2024-veja-se-voce-esta-na-lista\/","url_meta":{"origin":75006,"position":4},"title":"Bolsa Fam\u00edlia vai BLOQUEAR benefici\u00e1rios com irregularidades em 2024; veja se voc\u00ea est\u00e1 na LISTA","author":"noticiasribeiraopreto.com.br","date":"24 de December de 2023","format":false,"excerpt":"O Bolsa Fam\u00edlia encerrou os pagamentos de 2023 na \u00faltima semana e muitas pessoas j\u00e1 est\u00e3o se perguntando como ser\u00e1 o benef\u00edcio em 2024. D\u00favidas com rela\u00e7\u00e3o ao cadastro, novos valores e datas s\u00e3o as mais comuns. Por outro lado, o Governo Federal j\u00e1 antecipou que, em janeiro, vai realizar\u2026","rel":"","context":"In &quot;Vagas de Emprego em Ribeir\u00e3o Preto-SP&quot;","block_context":{"text":"Vagas de Emprego em Ribeir\u00e3o Preto-SP","link":"https:\/\/noticiasribeiraopreto.com.br\/index.php\/category\/empregos-classificados-vagas-trabalho\/vagas-de-empregos-em-ribeirao-preto-regiao-brasil\/"},"img":{"alt_text":"","src":"https:\/\/i0.wp.com\/noticiasribeiraopreto.com.br\/wp-content\/uploads\/2023\/12\/noticiasconcursos.com_.br-bolsa-familia-vai-bloquear-beneficiarios-com-irregularidades-em-2024-veja-se-voce-esta-na-lista-jefferson-rudy-agencia-senado.jpg?fit=1170%2C700&ssl=1&resize=350%2C200","width":350,"height":200,"srcset":"https:\/\/i0.wp.com\/noticiasribeiraopreto.com.br\/wp-content\/uploads\/2023\/12\/noticiasconcursos.com_.br-bolsa-familia-vai-bloquear-beneficiarios-com-irregularidades-em-2024-veja-se-voce-esta-na-lista-jefferson-rudy-agencia-senado.jpg?fit=1170%2C700&ssl=1&resize=350%2C200 1x, https:\/\/i0.wp.com\/noticiasribeiraopreto.com.br\/wp-content\/uploads\/2023\/12\/noticiasconcursos.com_.br-bolsa-familia-vai-bloquear-beneficiarios-com-irregularidades-em-2024-veja-se-voce-esta-na-lista-jefferson-rudy-agencia-senado.jpg?fit=1170%2C700&ssl=1&resize=525%2C300 1.5x, https:\/\/i0.wp.com\/noticiasribeiraopreto.com.br\/wp-content\/uploads\/2023\/12\/noticiasconcursos.com_.br-bolsa-familia-vai-bloquear-beneficiarios-com-irregularidades-em-2024-veja-se-voce-esta-na-lista-jefferson-rudy-agencia-senado.jpg?fit=1170%2C700&ssl=1&resize=700%2C400 2x, https:\/\/i0.wp.com\/noticiasribeiraopreto.com.br\/wp-content\/uploads\/2023\/12\/noticiasconcursos.com_.br-bolsa-familia-vai-bloquear-beneficiarios-com-irregularidades-em-2024-veja-se-voce-esta-na-lista-jefferson-rudy-agencia-senado.jpg?fit=1170%2C700&ssl=1&resize=1050%2C600 3x"},"classes":[]},{"id":23117,"url":"https:\/\/noticiasribeiraopreto.com.br\/index.php\/2024\/01\/01\/cadunico-2024-confira-o-passo-a-passo-e-realize-a-sua-inscricao\/","url_meta":{"origin":75006,"position":5},"title":"CAD\u00daNICO 2024: Confira o passo a passo e realize a sua inscri\u00e7\u00e3o!","author":"noticiasribeiraopreto.com.br","date":"1 de January de 2024","format":false,"excerpt":"O Cad\u00danico, ou Cadastro \u00danico, \u00e9 um servi\u00e7o do Minist\u00e9rio do Desenvolvimento e Assist\u00eancia Social, Fam\u00edlia e Combate \u00e0 Fome, cujo objetivo \u00e9 obter informa\u00e7\u00f5es sobre fam\u00edlias de baixa renda e \u00e9 um requisito para diversos programas sociais do Governo Federal. Neste artigo, vamos explicar como se inscrever no Cad\u00danico\u2026","rel":"","context":"In &quot;Vagas de Emprego em Ribeir\u00e3o Preto-SP&quot;","block_context":{"text":"Vagas de Emprego em Ribeir\u00e3o Preto-SP","link":"https:\/\/noticiasribeiraopreto.com.br\/index.php\/category\/empregos-classificados-vagas-trabalho\/vagas-de-empregos-em-ribeirao-preto-regiao-brasil\/"},"img":{"alt_text":"","src":"","width":0,"height":0},"classes":[]}],"jetpack_sharing_enabled":true,"jetpack_shortlink":"https:\/\/wp.me\/peQAOb-jvM","_links":{"self":[{"href":"https:\/\/noticiasribeiraopreto.com.br\/index.php\/wp-json\/wp\/v2\/posts\/75006","targetHints":{"allow":["GET"]}}],"collection":[{"href":"https:\/\/noticiasribeiraopreto.com.br\/index.php\/wp-json\/wp\/v2\/posts"}],"about":[{"href":"https:\/\/noticiasribeiraopreto.com.br\/index.php\/wp-json\/wp\/v2\/types\/post"}],"author":[{"embeddable":true,"href":"https:\/\/noticiasribeiraopreto.com.br\/index.php\/wp-json\/wp\/v2\/users\/1"}],"replies":[{"embeddable":true,"href":"https:\/\/noticiasribeiraopreto.com.br\/index.php\/wp-json\/wp\/v2\/comments?post=75006"}],"version-history":[{"count":0,"href":"https:\/\/noticiasribeiraopreto.com.br\/index.php\/wp-json\/wp\/v2\/posts\/75006\/revisions"}],"wp:featuredmedia":[{"embeddable":true,"href":"https:\/\/noticiasribeiraopreto.com.br\/index.php\/wp-json\/wp\/v2\/media\/75007"}],"wp:attachment":[{"href":"https:\/\/noticiasribeiraopreto.com.br\/index.php\/wp-json\/wp\/v2\/media?parent=75006"}],"wp:term":[{"taxonomy":"category","embeddable":true,"href":"https:\/\/noticiasribeiraopreto.com.br\/index.php\/wp-json\/wp\/v2\/categories?post=75006"},{"taxonomy":"post_tag","embeddable":true,"href":"https:\/\/noticiasribeiraopreto.com.br\/index.php\/wp-json\/wp\/v2\/tags?post=75006"}],"curies":[{"name":"wp","href":"https:\/\/api.w.org\/{rel}","templated":true}]}}