{"id":75008,"date":"2025-08-01T13:07:02","date_gmt":"2025-08-01T16:07:02","guid":{"rendered":"https:\/\/noticiasribeiraopreto.com.br\/index.php\/2025\/08\/01\/biquini-champions-beer-e-festa-do-peao-confira-atracoes-do-fim-de-semana-em-ribeirao-e-regiao\/"},"modified":"2025-08-01T13:07:02","modified_gmt":"2025-08-01T16:07:02","slug":"biquini-champions-beer-e-festa-do-peao-confira-atracoes-do-fim-de-semana-em-ribeirao-e-regiao","status":"publish","type":"post","link":"https:\/\/noticiasribeiraopreto.com.br\/index.php\/2025\/08\/01\/biquini-champions-beer-e-festa-do-peao-confira-atracoes-do-fim-de-semana-em-ribeirao-e-regiao\/","title":{"rendered":"Biquini, Champions Beer e Festa do Pe\u00e3o: Confira atra\u00e7\u00f5es do fim de semana em Ribeir\u00e3o e regi\u00e3o"},"content":{"rendered":"<div class='code-block code-block-1' style='margin: 8px 0 8px auto; text-align: right; display: block; clear: both;'>\n<p><a href=\"https:\/\/wa.link\/vpicfd\"><img data-recalc-dims=\"1\" class=\"wp-image-4922\" style=\"aspect-ratio: 2.0253164556962027; width: 561px; height: auto;\" src=\"https:\/\/i0.wp.com\/ismaelcolosi.com.br\/wp-content\/uploads\/2023\/11\/grupo-de-empregos-whatsapp-e-facebook-ismael-colosi-vagas.jpg?ssl=1\" alt=\"\" \/><\/a><\/p>\n<!-- \/wp:image -->\n<\/div>\n<p> <br \/>\n<\/p>\n<div>\n<p>O m\u00eas de agosto come\u00e7a com uma programa\u00e7\u00e3o cultural recheada de atividades para diferentes gostos. <strong>Ribeir\u00e3o Preto e regi\u00e3o<\/strong> recebe a o show gratuito da banda <strong>Biquini<\/strong>, <strong>Champions Beer e a Festa do Pe\u00e3o de Pitangueiras<\/strong>. Confira a programa\u00e7\u00e3o completa abaixo.<\/p>\n<h2 class=\"wp-block-heading\"><strong>Biquini \u2013 A Vida Come\u00e7a Aos 40<\/strong><\/h2>\n<p>A banda <strong>Biquini<\/strong> relembra can\u00e7\u00f5es que atravessaram gera\u00e7\u00f5es em show da turn\u00ea\u00a0<strong>\u201cA Vida Come\u00e7a Aos 40\u201d<\/strong>, que acontece neste <strong>domingo (3)<\/strong>, \u00e0s <strong>18h<\/strong>, no\u00a0<strong>Sesi Ribeir\u00e3o Preto<\/strong>. O show trar\u00e1 um repert\u00f3rio renovado, com m\u00fasicas in\u00e9ditas de um novo disco lan\u00e7ado este ano e can\u00e7\u00f5es cl\u00e1ssicas.<\/p>\n<p><strong>Quando:\u00a0<\/strong>3 de agosto, domingo \u00a0<br \/><strong>Hor\u00e1rio:<\/strong> 18h<strong><br \/>Local:\u00a0<\/strong>Sesi Ribeir\u00e3o Preto \u2013 rua Niter\u00f3i, S\/N <strong><br \/>Entrada gratuita mediante a reserva <a href=\"https:\/\/www.sesisp.org.br\/evento\/6e0985bb-30d8-469f-a64f-43cc5954d9cf\/biquini\" target=\"_blank\" rel=\"noopener\">(clique aqui)<\/a><\/strong><\/p>\n<h2 class=\"wp-block-heading\"><strong>Champions Beer <\/strong><strong\/><\/h2>\n<p>O <strong>Champions Beer <\/strong>chega ao <strong>estacionamento do Shopping Iguatemi,<\/strong> em Ribeir\u00e3o Preto. <strong>O evento tem entrada gratuita<\/strong>\u00a0e acontece durante dois finais de semana: de\u00a0<strong>1 a 3 de agosto<\/strong>\u00a0e de\u00a0<strong>8 a 10 de agosto<\/strong>, sempre a partir das\u00a0<strong>17h, \u00e0s sextas-feiras,<\/strong>\u00a0e com in\u00edcio \u00e0s\u00a0<strong>14h, aos s\u00e1bados e domingos<\/strong>.<\/p>\n<p>O festival contar\u00e1 com <strong>14 cervejas<\/strong> artesanais de diversas cidades paulistas, al\u00e9m de uma representante do <strong>Paran\u00e1<\/strong>. Haver\u00e1 tamb\u00e9m vota\u00e7\u00e3o da melhor cerveja do evento, food trucks, espa\u00e7o pet-friendly, \u00e1rea kids e shows ao vivo.<\/p>\n<p><strong>Quando:\u00a0<\/strong>1\u00ba a 10 de agosto \u00a0\u00a0\u00a0\u00a0<strong><br \/>Hor\u00e1rio:\u00a0<\/strong>Sextas-feiras a partir das 17h e s\u00e1bados e domingos a partir das 14h<br \/><strong>Local:\u00a0<\/strong>Estacionamento do Shopping Iguatemi<br \/><strong>Entrada gratuita<\/strong><\/p>\n<h2 class=\"wp-block-heading\"><strong>Festa do Pe\u00e3o de Pitangueiras<\/strong><\/h2>\n<p>A<strong>\u00a034\u00aa Festa do Pe\u00e3o de Pitangueiras\u00a0<\/strong>segue nesta<strong> sexta-feira (1\u00ba) <\/strong>e <strong>s\u00e1bado (2) <\/strong>com provas na arena,\u00a0shows sertanejos\u00a0e\u00a0presen\u00e7a confirmada de <strong>Kak\u00e1 de Barretos<\/strong>. Na sexta, a Festa recebe<strong> Luan Pereira <\/strong>e, no s\u00e1bado, conta com shows de<strong> Hugo &amp; Guilherme, VH &amp; Alexandre <\/strong>e<strong> DJ Jiraya Uai<\/strong>. Os ingressos podem ser adquiridos pela internet\u00a0<strong><a href=\"https:\/\/beta.meubilhete.com.br\/\" target=\"_blank\" rel=\"noreferrer noopener\">(clique aqui).<\/a><\/strong><\/p>\n<p><strong>Quando:<\/strong> 1\u00ba e 2 de agosto, sexta-feira e s\u00e1bado \u00a0<br \/><strong>Hor\u00e1rio:<\/strong> 20h<br \/><strong>Local:<\/strong> Largo do Gin\u00e1sio de Esportes \u2013 Elpideo Marchesi, 322 \u2013 Centro \u00a0<br \/><strong>Ingressos: <\/strong>A partir de R$ 100<strong\/><\/p>\n<h2 class=\"wp-block-heading\"><strong>Macumba Bourbon Festival<\/strong><\/h2>\n<p><strong>Ribeir\u00e3o Preto<\/strong> recebe neste <strong>s\u00e1bado (2)<\/strong> o festival de blues \u201c<strong>Macumba Bourbon Festival<\/strong>\u201d, a partir das <strong>16h<\/strong>, na <strong>rua Sete de Setembro<\/strong>, em frente ao <strong>Sem Fronteiras Bar<\/strong>. O evento, que celebra o <strong>Dia Internacional do Blues, <\/strong>recebe shows das bandas <strong>Mississippi Devils<\/strong> e <strong>Ernesto Rodarte &amp; The Trouble Makers<\/strong>. Al\u00e9m de contar com um card\u00e1pio inspirado na culin\u00e1ria <strong>cajun e crioula<\/strong> de <strong>Nova Orleans.<\/strong><\/p>\n<p><strong>Quando:<\/strong> 2 de agosto, s\u00e1bado<br \/><strong>Hor\u00e1rio:<\/strong> A partir das 16h<br \/><strong>Onde:<\/strong> Rua Sete de Setembro, em frente ao Sem Fronteiras Bar \u2013 Centro \u00a0<br \/><strong>Entrada gratuita<\/strong><\/p>\n<h2 class=\"wp-block-heading\"><strong>Concerto USP na Catedral<\/strong><\/h2>\n<p>No pr\u00f3ximo <strong>domingo (3)<\/strong>, \u00e0s <strong>20h<\/strong>, a\u00a0<strong>Catedral Metropolitana de Ribeir\u00e3o Preto<\/strong>\u00a0ser\u00e1 palco de mais uma edi\u00e7\u00e3o do\u00a0<strong>Concerto USP na Catedral<\/strong><strong>. <\/strong>Nesta edi\u00e7\u00e3o, o pianista Rubens Russomanno Ricciardi, a soprano carioca Fabiula Carvalho de Almeida Rego e o violoncelista Andr\u00e9 Lu\u00eds Giovanini Micheletti apresentam um repert\u00f3rio com obras de Heitor Villa Lobos, Ant\u00f4nio Carlos Gomes, Wolfgang Amadeus Mozart e pe\u00e7as sacras. O evento integra a campanha solid\u00e1ria\u00a0<strong>\u201cSalve a Catedral\u201d<\/strong>. <strong\/><\/p>\n<p><strong>Quando:\u00a0<\/strong>3 de agosto, domingo \u00a0\u00a0\u00a0\u00a0<strong><br \/>Hor\u00e1rio:<\/strong>\u00a020h \u00a0<strong><br \/>Local:<\/strong>\u00a0Catedral Metropolitana de Ribeir\u00e3o Preto \u2013 Rua Flor\u00eancio de Abreu, s\/n, Centro<br \/><strong>Entrada gratuita <\/strong><strong>\u00a0<\/strong><\/p>\n<h2 class=\"wp-block-heading\"><strong>Feira do Coletivo<\/strong><\/h2>\n<p>A pra\u00e7a Sete de Setembro<strong> <\/strong>recebe neste<strong> domingo (3) <\/strong>mais uma edi\u00e7\u00e3o da <strong>Feira do Coletivo <\/strong>a partir das <strong>15h. <\/strong>A feira segue at\u00e9<strong> 21h<\/strong>, com<strong>\u00a0entrada gratuita. <\/strong>A programa\u00e7\u00e3o inclui m\u00fasica ao vivo,\u00a0<strong>food trucks<\/strong>,\u00a0<strong>cervejas\u00a0<\/strong>e\u00a0<strong>chopes artesanais<\/strong>,\u00a0<strong>comidas t\u00edpicas<\/strong>,\u00a0<strong>expositores<\/strong>,\u00a0<strong>oficinas<\/strong>,\u00a0<strong>feira de ado\u00e7\u00e3o de animais\u00a0<\/strong>e\u00a0<strong>atividades para crian\u00e7as.<\/strong> <\/p>\n<p>O p\u00fablico tamb\u00e9m poder\u00e1 participar de leitura de tar\u00f4, oficinas de manualidades para adultos e a\u00e7\u00f5es voltadas ao bem-estar animal. As crian\u00e7as contar\u00e3o com pula-pula, brinquedos infl\u00e1veis, pintura facial, recrea\u00e7\u00e3o e oficinas.<\/p>\n<p><strong>Quando:\u00a0<\/strong>3 de agosto, domingo \u00a0<strong><br \/>Hor\u00e1rio:<\/strong> A partir das 15h<strong><br \/>Local:\u00a0<\/strong>Pra\u00e7a 7 de Setembro \u2013 Centro \u00a0\u00a0\u00a0<strong><br \/>Entrada gratuita <\/strong><\/p>\n<h2 class=\"wp-block-heading\"><strong>Ar: Acervo Rotativo <\/strong><strong\/><\/h2>\n<p>O\u00a0<strong>Centro Cultural Sesi Ribeir\u00e3o Preto<\/strong>\u00a0recebe a partir desta <strong>sexta-feira (1\u00ba)<\/strong> a exposi\u00e7\u00e3o\u00a0<strong>\u201cAR: Acervo Rotativo\u201d, a partir das 19h. <\/strong>A abertura conta com show <strong>Tramas<\/strong>, interpretado por <strong>Leonardo Freitas e Ricardo Perez<\/strong>, apresentando ritmos que fazem parte da narrativa hist\u00f3rica do Brasil como choro, samba, afrossamba, frevo e bai\u00e3o e curadoria de <strong>Laerte Ramos<\/strong>. A exposi\u00e7\u00e3o apresenta <strong>400 obras de arte<\/strong> contempor\u00e2nea em um pequeno formato \u2013 medindo at\u00e9 5 x 5 cm \u2013 produzidas e doadas por 400 artistas de 16 pa\u00edses.<\/p>\n<p><strong>Quando:\u00a0<\/strong>1\u00ba de agosto a 30 de novembro <strong><br \/>Hor\u00e1rio:\u00a0<\/strong>Quarta \u00e0 s\u00e1bado, das 11h \u00e0s 20h\/domingos e feriados, das 11h \u00e0s 17h<strong><br \/>Local:\u00a0<\/strong>Sesi Ribeir\u00e3o Preto<br \/><strong>Entrada gratuita <\/strong>\u2013 Para participar do coquetel de abertura \u00e9 necess\u00e1rio reservar ingressos <strong>(<a href=\"https:\/\/www.sesisp.org.br\/evento\/74a8ab1e-424b-4267-bf26-66b5bbf33f9d\/abertura-da-exposicao-ar-acervo-rotativo\" target=\"_blank\" rel=\"noreferrer noopener\">clique aqui<\/a>)<\/strong><\/p>\n<h2 class=\"wp-block-heading\"><strong>Caminhada cultural na Vila Tib\u00e9rio<\/strong><\/h2>\n<p>O tradicional bairro na zona Oeste de Ribeir\u00e3o, Vila Tib\u00e9rio recebe no <strong>domingo (3), \u00e0s 9h, uma caminhada cultural gratuita. <\/strong>Para\u00a0<strong>participar<\/strong>, por\u00e9m, \u00e9 necess\u00e1rio fazer a\u00a0<strong>inscri\u00e7\u00e3o\u00a0<\/strong>online (<a href=\"https:\/\/docs.google.com\/forms\/d\/e\/1FAIpQLSfsS8Z38gkYBrtCOMofkvEtC28kAymyG71N2pRSzGBOEZvSIg\/viewform\" target=\"_blank\" rel=\"noreferrer noopener\">clique aqui<\/a>). A concentra\u00e7\u00e3o ser\u00e1 na <strong>Pra\u00e7a Cora\u00e7\u00e3o de Maria<\/strong>. Os participantes ir\u00e3o a pontos como a Escola Sinh\u00e1 Junqueira, o Santu\u00e1rio Nossa Senhora do Ros\u00e1rio, Lar Santana e a F\u00e1brica da Cervejaria Ant\u00e1rtica, entre outros.<\/p>\n<p><strong>Quando: <\/strong>3 de agosto, domingo \u00a0<strong>\u00a0<\/strong>\u00a0<strong><br \/>Hor\u00e1rio:<\/strong> 9h<br \/><strong>Concentra\u00e7\u00e3o: <\/strong>Pra\u00e7a Cora\u00e7\u00e3o de Maria \u2013 Rua Martinico Prado, 599 (em frente \u00e0 Igreja Nossa Senhora do Ros\u00e1rio) \u00a0\u00a0\u00a0<br \/><strong>Inscri\u00e7\u00f5es:<\/strong>\u00a0<a href=\"https:\/\/docs.google.com\/forms\/d\/e\/1FAIpQLSfsS8Z38gkYBrtCOMofkvEtC28kAymyG71N2pRSzGBOEZvSIg\/viewform\" target=\"_blank\" rel=\"noreferrer noopener\">Clique aqui<\/a><\/p>\n<h2 class=\"wp-block-heading\"><strong>Jacque Falcheti convida Fernanda Marx<\/strong><\/h2>\n<p>Nesta <strong>sexta-feira (1\u00ba)<\/strong>, o <strong>Coletivo Fuligem<\/strong> recebe a cantora e compositora <strong>Jacque Falcheti <\/strong>que convida<strong> Fernada Marx <\/strong>para um show minimalista de voz e viol\u00e3o. O repert\u00f3rio contar\u00e1 com can\u00e7\u00f5es do \u00e1lbum<strong> CRUA <\/strong>e composi\u00e7\u00f5es in\u00e9ditas de<strong> Jacque <\/strong>que estar\u00e3o em seu pr\u00f3ximo projeto.<\/p>\n<p><strong>Quando: <\/strong>1\u00ba de agosto, sexta-feira <strong><br \/>Hor\u00e1rio:<\/strong> 20h30 <strong><br \/>Local:\u00a0<\/strong>Coletivo Fuligem \u2013 rua Doutor Loiola, 532, Vila Tib\u00e9rio <strong><br \/>Entrada gratuita<\/strong><\/p>\n<h2 class=\"wp-block-heading\"><strong>Gio Lisboa | Fora da Plateia<\/strong><\/h2>\n<p>O comediante <strong>Gio Lisboa<\/strong> apresenta o stand-up \u201c<strong>Fora da Plateia<\/strong>\u201d, no <strong>Theatro Pedro II<\/strong>, neste <strong>s\u00e1bado (2)<\/strong>, \u00e0s <strong>20h<\/strong>. No show, o humorista conta com uma banda no palco, formada pelo <strong>DJ Wander<\/strong> e pelo guitarrista <strong>Gabriel Pinho<\/strong>, tornando a performance mais din\u00e2mica. O humorista classifica o espet\u00e1culo como uma \u201cexperi\u00eancia imersiva que vai mudar a com\u00e9dia\u201d. Os ingressos podem ser adquiridos <strong>on-line <a href=\"https:\/\/ingressodigital.com\/evento\/15752\/gio-lisboa-%7C-fora-da-plateia\" target=\"_blank\" rel=\"noopener\">(clique aqui)<\/a><\/strong>. <\/p>\n<p><strong>Quando: <\/strong>2 de agosto, s\u00e1bado <strong><br \/>Hor\u00e1rio:<\/strong>\u00a020h<strong><br \/>Local:\u00a0<\/strong>Theatro Pedro II | rua \u00c1lvares Cabral, 370 \u2013 Centro \u00a0\u00a0\u00a0<br \/><strong>Ingressos: <\/strong>A partir de R$ 35<\/p>\n<h2 class=\"wp-block-heading\"><strong>Mi\u00e1 Mello \u2013 M\u00e3e Fora da Caixa \u00a0<\/strong><\/h2>\n<p>Neste fim de semana, o <strong>Teatro Municipal de Ribeir\u00e3o Preto<\/strong> recebe <strong>Mi\u00e1 Mello<\/strong>, que apresentar\u00e1 a pe\u00e7a \u201c<strong>M\u00e3e Fora da Caixa<\/strong>\u201d. Na trama, uma mulher com uma filha de sete anos espera ansiosa em seu banheiro pelo resultado de um novo teste de gravidez. Nesses cinco minutos, a protagonista mergulha em um mar de pensamentos e lembran\u00e7as. Os ingressos podem ser adquiridos <strong><a href=\"https:\/\/megabilheteria.com\/evento\/temporada?id=20230224145244\" target=\"_blank\" rel=\"noopener\">on-line (clique aqui)<\/a>.<\/strong><\/p>\n<p><strong>Quando: <\/strong>2 e 3 de agosto, s\u00e1bado e domingo \u00a0<strong><br \/>Hor\u00e1rio:\u00a0<\/strong>S\u00e1bado (2) \u00e0s 20h e domingo (3) \u00e0s 19h <strong><br \/>Local:\u00a0<\/strong>Teatro Municipal de Ribeir\u00e3o Preto \u2013 Jardim Mosteiro <strong><br \/>Ingressos: <\/strong>A partir de R$ 60<\/p>\n<h2 class=\"wp-block-heading\"><strong>Show do Mussa<\/strong><\/h2>\n<p>O m\u00fasico, compositor e youtuber <strong>Mussa<\/strong> sobe ao palco do <strong>Theatro Pedro II<\/strong> neste <strong>s\u00e1bado (2)<\/strong>, a partir das <strong>15h<\/strong>. Inspirado pela cultura urbana do rap, <strong>Mussa<\/strong> cativa crian\u00e7as a e pais por todo o Brasil. O show contar\u00e1 com m\u00fasicas envolventes e de letras inteligentes e mensagens positivas. Os ingressos podem ser adquiridos <strong>on-line <a href=\"https:\/\/ingressodigital.com\/evento\/16272\/show-do-mussa\" target=\"_blank\" rel=\"noopener\">(clique aqui)<\/a><\/strong>.<\/p>\n<p><strong>Quando: <\/strong>2 de agosto, domingo \u00a0\u00a0<strong><br \/>Hor\u00e1rio:<\/strong>\u00a015h \u00a0<strong><br \/>Local:\u00a0<\/strong>Theatro Pedro II \u2013 rua \u00c1lvares Cabral, 370 \u2013 Centro \u00a0\u00a0<strong><br \/>Ingressos: <\/strong>A partir de R$ 40<\/p>\n<h2 class=\"wp-block-heading\"><strong>Forrock do Pitoresco<\/strong><\/h2>\n<p>No<strong> domingo (3)<\/strong>, o <strong>Centro Cultural Sesi <\/strong>recebe a<strong> banda Pitoresco <\/strong>para um show que mistura riffs pesados e guitarras distorcidas unidas ao bai\u00e3o, maracatu, xote e mais. O intuito do show \u00e9 incorporar elementos estrangeiros \u00e0 musicalidade brasileira. O repert\u00f3rio conta com m\u00fasicas autorais da banda e releituras de cl\u00e1ssicos da m\u00fasica mundial.<\/p>\n<p><strong>Quando: <\/strong>3 de agosto, domingo \u00a0<strong><br \/>Hor\u00e1rio:<\/strong>\u00a016h30<strong><br \/>Local:\u00a0<\/strong>Sesi Ribeir\u00e3o Preto \u2013 rua Niter\u00f3i, S\/N \u00a0\u00a0\u00a0\u00a0\u00a0<strong><br \/>Entrada gratuita \u00a0<\/strong><\/p>\n<h2 class=\"wp-block-heading\"><strong>Hey Jude, Tributo aos Beatles<\/strong><\/h2>\n<p>A maior homenagem brasileira aos <strong>Beatles<\/strong> chega neste <strong>domingo (3)<\/strong> em <strong>Ribeir\u00e3o Preto<\/strong>. A banda <strong>Hey Jude<\/strong> ir\u00e1 recriar a sonoridade, os figurinos e a energia do quarteto ingl\u00eas. O repert\u00f3rio percorrer\u00e1 todas as fases da banda, incluindo cl\u00e1ssicos. Os ingressos podem ser adquiridos <strong>on-line <a href=\"https:\/\/bileto.sympla.com.br\/event\/107321\/d\/323269\" target=\"_blank\" rel=\"noopener\">(clique aqui)<\/a>,<\/strong> a partir de <strong>R$ 60<\/strong>. <strong\/><\/p>\n<p><strong>Quando: <\/strong>3 de agosto, domingo \u00a0\u00a0\u00a0<strong>\u00a0<br \/>Hor\u00e1rio:<\/strong>\u00a0A partir das 19h<br \/><strong>Local:\u00a0<\/strong>Theatro Pedro II | rua \u00c1lvares Cabral, 370 \u2013 Centro <strong><br \/>Ingressos:<\/strong> A partir de R$ 60 <strong>\u00a0<\/strong><\/p>\n<h2 class=\"wp-block-heading\"><strong>Jam para Beb\u00eas<\/strong><\/h2>\n<p>O <strong>Sesc Ribeir\u00e3o<\/strong> recebe o <strong>Xir\u00ea de Quintal<\/strong>, um projeto de educa\u00e7\u00e3o afrocentrada que apresenta a <strong>JAM<\/strong> de dan\u00e7a, um espa\u00e7o de improvisa\u00e7\u00e3o para expressar a liberdade do movimento corporal. A atividade \u00e9 indicada para crian\u00e7as de 0 a 6 anos acompanhada de uma pessoa adulta. Ser\u00e3o distribu\u00eddas <strong>15 vagas<\/strong> com distribui\u00e7\u00e3o de senhas <strong>30 minutos<\/strong> antes de come\u00e7ar.<\/p>\n<p><strong>Quando:\u00a0<\/strong>2 e 3 de agosto, s\u00e1bado e domingo \u00a0\u00a0<br \/><strong>Local:<\/strong>\u00a0Sesc Ribeir\u00e3o Preto \u2013 Centro<br \/><strong>Hor\u00e1rio: <\/strong>10h30<br \/><strong>Entrada gratuita<\/strong><\/p>\n<p>SAIBA MAIS<br \/>Catedral de Ribeir\u00e3o Preto recebe Concerto da USP; entrada \u00e9 gratuita<\/p>\n<h3 class=\"wp-block-heading\"><strong>FIQUE ON\u00a0\u00a0\u00a0\u00a0\u00a0\u00a0\u00a0\u00a0\u00a0<\/strong><\/h3>\n<p>Quer ficar por dentro de tudo que acontece em Ribeir\u00e3o Preto e regi\u00e3o? Ent\u00e3o siga os perfis do\u202facidade on\u202fno\u202f<a href=\"https:\/\/www.instagram.com\/acidadeonribeirao\" target=\"_blank\" rel=\"noreferrer noopener\">Instagram<\/a>\u202fe no\u202f<a href=\"https:\/\/www.facebook.com\/acidadeonribeirao\/\" target=\"_blank\" rel=\"noreferrer noopener\">Facebook<\/a>.<\/p>\n<p>Al\u00e9m disso, voc\u00ea pode receber as principais not\u00edcias diretamente no WhatsApp. Para isso, basta\u00a0<a href=\"https:\/\/chat.whatsapp.com\/BjKQZ9oJwlz8VVT50NuePq\" target=\"_blank\" rel=\"noreferrer noopener\">entrar no grupo clicando aqui<\/a>.<\/p>\n<p>Por fim, se quiser fazer uma den\u00fancia ou sugerir uma reportagem sobre Ribeir\u00e3o Preto e regi\u00e3o, envie uma mensagem pelo WhatsApp: (16) 99117-7802.<\/p>\n<p>VEJA TAMB\u00c9M<br \/>Quem foram os vencedores do Pr\u00eamio Grande Otelo 2025?<\/p>\n<p><!-- AI CONTENT END 1 -->\n<\/div>\n<p><script async src=\"\/\/www.instagram.com\/embed.js\"><\/script><br \/>\n<br \/><br \/>\n<br \/><a href=\"https:\/\/www.acidadeon.com\/ribeiraopreto\/lazer-e-cultura\/biquini-champions-beer-e-festa-do-peao-confira-atracoes-do-fim-de-semana-em-ribeirao-e-regiao\/\">Source link <\/a><\/p>\n<!-- CONTENT END 1 -->\n","protected":false},"excerpt":{"rendered":"<p>O m\u00eas de agosto come\u00e7a com uma programa\u00e7\u00e3o cultural recheada de atividades para diferentes gostos. Ribeir\u00e3o Preto e regi\u00e3o recebe a o show gratuito da&#8230;<\/p>\n","protected":false},"author":1,"featured_media":74490,"comment_status":"open","ping_status":"open","sticky":false,"template":"","format":"standard","meta":{"advanced_seo_description":"","jetpack_seo_html_title":"","jetpack_seo_noindex":false,"jetpack_post_was_ever_published":false,"_jetpack_newsletter_access":"","_jetpack_dont_email_post_to_subs":false,"_jetpack_newsletter_tier_id":0,"_jetpack_memberships_contains_paywalled_content":false,"_jetpack_memberships_contains_paid_content":false,"footnotes":"","jetpack_publicize_message":"","jetpack_publicize_feature_enabled":true,"jetpack_social_post_already_shared":true,"jetpack_social_options":{"image_generator_settings":{"template":"highway","default_image_id":0,"font":"","enabled":false},"version":2}},"categories":[11],"tags":[],"class_list":["post-75008","post","type-post","status-publish","format-standard","has-post-thumbnail","hentry","category-noticias-de-ribeirao-preto-sp-e-regiao-ismael-colosi"],"jetpack_publicize_connections":[],"jetpack_featured_media_url":"https:\/\/i0.wp.com\/noticiasribeiraopreto.com.br\/wp-content\/uploads\/2025\/07\/biquini-show_2025-07-23_15-39-35.webp.webp?fit=1066%2C600&ssl=1","jetpack-related-posts":[{"id":74489,"url":"https:\/\/noticiasribeiraopreto.com.br\/index.php\/2025\/07\/23\/biquini-anuncia-show-com-entrada-gratuita-em-ribeirao-preto\/","url_meta":{"origin":75008,"position":0},"title":"Biquini anuncia show com entrada gratuita em Ribeir\u00e3o Preto","author":"noticiasribeiraopreto.com.br","date":"23 de July de 2025","format":false,"excerpt":"Com mais de 2,5 mil shows realizados, a banda Biquini \u2013 anteriormente Biquini Cavad\u00e3o \u2013 relembra can\u00e7\u00f5es que atravessaram gera\u00e7\u00f5es em show da turn\u00ea \u201cA Vida Come\u00e7a Aos 40\u201d, que acontece no dia 3 de agosto, \u00e0s 18h, no Sesi Ribeir\u00e3o Preto. Os ingressos gratuitos ser\u00e3o distribu\u00eddos para Clientes Sesi\u2026","rel":"","context":"In &quot;Not\u00edcias de Ribeir\u00e3o Preto-SP e Regi\u00e3o&quot;","block_context":{"text":"Not\u00edcias de Ribeir\u00e3o Preto-SP e Regi\u00e3o","link":"https:\/\/noticiasribeiraopreto.com.br\/index.php\/category\/noticias-de-ribeirao-preto-sp-e-regiao-ismael-colosi\/"},"img":{"alt_text":"","src":"https:\/\/i0.wp.com\/noticiasribeiraopreto.com.br\/wp-content\/uploads\/2025\/07\/biquini-show_2025-07-23_15-39-35.webp.webp?fit=1066%2C600&ssl=1&resize=350%2C200","width":350,"height":200,"srcset":"https:\/\/i0.wp.com\/noticiasribeiraopreto.com.br\/wp-content\/uploads\/2025\/07\/biquini-show_2025-07-23_15-39-35.webp.webp?fit=1066%2C600&ssl=1&resize=350%2C200 1x, https:\/\/i0.wp.com\/noticiasribeiraopreto.com.br\/wp-content\/uploads\/2025\/07\/biquini-show_2025-07-23_15-39-35.webp.webp?fit=1066%2C600&ssl=1&resize=525%2C300 1.5x, https:\/\/i0.wp.com\/noticiasribeiraopreto.com.br\/wp-content\/uploads\/2025\/07\/biquini-show_2025-07-23_15-39-35.webp.webp?fit=1066%2C600&ssl=1&resize=700%2C400 2x, https:\/\/i0.wp.com\/noticiasribeiraopreto.com.br\/wp-content\/uploads\/2025\/07\/biquini-show_2025-07-23_15-39-35.webp.webp?fit=1066%2C600&ssl=1&resize=1050%2C600 3x"},"classes":[]},{"id":20900,"url":"https:\/\/noticiasribeiraopreto.com.br\/index.php\/2023\/12\/26\/biquini-cavadao-faz-show-em-ribeirao-preto-veja-como-comprar-ingressos\/","url_meta":{"origin":75008,"position":1},"title":"Biquini Cavad\u00e3o faz show em Ribeir\u00e3o Preto; Veja como comprar ingressos","author":"noticiasribeiraopreto.com.br","date":"26 de December de 2023","format":false,"excerpt":"A Banda Biquini, antiga Biquini Cavad\u00e3o, vai se apresentar em Ribeir\u00e3o Preto no dia 16 de mar\u00e7o, \u00e0s 20 horas, no Theatro Pedro II, no Centro. Os ingressos j\u00e1 est\u00e3o \u00e0 venda on-line. At\u00e9 o dia 6 de fevereiro de 2024, as bilheterias do Theatro Pedro II est\u00e3o fechadas. A\u2026","rel":"","context":"In &quot;Not\u00edcias de Ribeir\u00e3o Preto-SP e Regi\u00e3o&quot;","block_context":{"text":"Not\u00edcias de Ribeir\u00e3o Preto-SP e Regi\u00e3o","link":"https:\/\/noticiasribeiraopreto.com.br\/index.php\/category\/noticias-de-ribeirao-preto-sp-e-regiao-ismael-colosi\/"},"img":{"alt_text":"","src":"https:\/\/i0.wp.com\/noticiasribeiraopreto.com.br\/wp-content\/uploads\/2023\/12\/WhatsApp-Image-2023-12-26-at-11.00.29.jpeg?fit=546%2C288&ssl=1&resize=350%2C200","width":350,"height":200,"srcset":"https:\/\/i0.wp.com\/noticiasribeiraopreto.com.br\/wp-content\/uploads\/2023\/12\/WhatsApp-Image-2023-12-26-at-11.00.29.jpeg?fit=546%2C288&ssl=1&resize=350%2C200 1x, https:\/\/i0.wp.com\/noticiasribeiraopreto.com.br\/wp-content\/uploads\/2023\/12\/WhatsApp-Image-2023-12-26-at-11.00.29.jpeg?fit=546%2C288&ssl=1&resize=525%2C300 1.5x"},"classes":[]},{"id":59328,"url":"https:\/\/noticiasribeiraopreto.com.br\/index.php\/2024\/10\/21\/sesi-ribeirao-tem-programacao-com-shows-de-rock-jazz-viola-caipira-forro-e-ritmos-africanos\/","url_meta":{"origin":75008,"position":2},"title":"Sesi Ribeir\u00e3o tem programa\u00e7\u00e3o com shows de rock, jazz, viola caipira, forr\u00f3 e ritmos africanos","author":"noticiasribeiraopreto.com.br","date":"21 de October de 2024","format":false,"excerpt":"O Sesi Ribeir\u00e3o Preto oferece uma programa\u00e7\u00e3o cultural com muita diversidade musical, passando pelos g\u00eaneros de jazz, rock, viola caipira, forr\u00f3 e ritmos africanos. Ao todo s\u00e3o cinco atra\u00e7\u00f5es para todas as idades. A entrada \u00e9 gratuita. Confira a programa\u00e7\u00e3o Nesta quinta-feira (24), \u00e0s 19h30, a banda Pitoresco promete um\u2026","rel":"","context":"In &quot;Not\u00edcias de Ribeir\u00e3o Preto-SP e Regi\u00e3o&quot;","block_context":{"text":"Not\u00edcias de Ribeir\u00e3o Preto-SP e Regi\u00e3o","link":"https:\/\/noticiasribeiraopreto.com.br\/index.php\/category\/noticias-de-ribeirao-preto-sp-e-regiao-ismael-colosi\/"},"img":{"alt_text":"","src":"https:\/\/i0.wp.com\/noticiasribeiraopreto.com.br\/wp-content\/uploads\/2024\/10\/ae451ad3-3ad9-49dc-8d23-6ba32dc0e266_2024-10-21_15-52-48_jpg_2024-10-21_15-52-48.webp.webp?fit=1200%2C800&ssl=1&resize=350%2C200","width":350,"height":200,"srcset":"https:\/\/i0.wp.com\/noticiasribeiraopreto.com.br\/wp-content\/uploads\/2024\/10\/ae451ad3-3ad9-49dc-8d23-6ba32dc0e266_2024-10-21_15-52-48_jpg_2024-10-21_15-52-48.webp.webp?fit=1200%2C800&ssl=1&resize=350%2C200 1x, https:\/\/i0.wp.com\/noticiasribeiraopreto.com.br\/wp-content\/uploads\/2024\/10\/ae451ad3-3ad9-49dc-8d23-6ba32dc0e266_2024-10-21_15-52-48_jpg_2024-10-21_15-52-48.webp.webp?fit=1200%2C800&ssl=1&resize=525%2C300 1.5x, https:\/\/i0.wp.com\/noticiasribeiraopreto.com.br\/wp-content\/uploads\/2024\/10\/ae451ad3-3ad9-49dc-8d23-6ba32dc0e266_2024-10-21_15-52-48_jpg_2024-10-21_15-52-48.webp.webp?fit=1200%2C800&ssl=1&resize=700%2C400 2x, https:\/\/i0.wp.com\/noticiasribeiraopreto.com.br\/wp-content\/uploads\/2024\/10\/ae451ad3-3ad9-49dc-8d23-6ba32dc0e266_2024-10-21_15-52-48_jpg_2024-10-21_15-52-48.webp.webp?fit=1200%2C800&ssl=1&resize=1050%2C600 3x"},"classes":[]},{"id":74971,"url":"https:\/\/noticiasribeiraopreto.com.br\/index.php\/2025\/07\/31\/festival-com-cerveja-gastronomia-e-entrada-gratuita-comeca-nesta-sexta-em-ribeirao-preto-2\/","url_meta":{"origin":75008,"position":3},"title":"Festival com cerveja, gastronomia e entrada gratuita come\u00e7a nesta sexta em Ribeir\u00e3o Preto","author":"noticiasribeiraopreto.com.br","date":"31 de July de 2025","format":false,"excerpt":"O maior festival de cervejas artesanais do estado de S\u00e3o Paulo, o Champions Beer, come\u00e7a nesta quinta-feira (1\u00ba) no estacionamento do Shopping Iguatemi, em Ribeir\u00e3o Preto. O evento tem entrada gratuita e acontece durante dois finais de semana: de 1 a 3 de agosto e de 8 a 10 de\u2026","rel":"","context":"In &quot;Not\u00edcias de Ribeir\u00e3o Preto-SP e Regi\u00e3o&quot;","block_context":{"text":"Not\u00edcias de Ribeir\u00e3o Preto-SP e Regi\u00e3o","link":"https:\/\/noticiasribeiraopreto.com.br\/index.php\/category\/noticias-de-ribeirao-preto-sp-e-regiao-ismael-colosi\/"},"img":{"alt_text":"","src":"https:\/\/i0.wp.com\/noticiasribeiraopreto.com.br\/wp-content\/uploads\/2025\/07\/Copia-de-Copia-de-Copia-de-TAMANHO-EXATO-PARA-FOTOS-NO-SISTEMA-NOVO-2025-07-28T161641.051_2025-07-28_19-17-00.webp.webp?fit=1200%2C675&ssl=1&resize=350%2C200","width":350,"height":200,"srcset":"https:\/\/i0.wp.com\/noticiasribeiraopreto.com.br\/wp-content\/uploads\/2025\/07\/Copia-de-Copia-de-Copia-de-TAMANHO-EXATO-PARA-FOTOS-NO-SISTEMA-NOVO-2025-07-28T161641.051_2025-07-28_19-17-00.webp.webp?fit=1200%2C675&ssl=1&resize=350%2C200 1x, https:\/\/i0.wp.com\/noticiasribeiraopreto.com.br\/wp-content\/uploads\/2025\/07\/Copia-de-Copia-de-Copia-de-TAMANHO-EXATO-PARA-FOTOS-NO-SISTEMA-NOVO-2025-07-28T161641.051_2025-07-28_19-17-00.webp.webp?fit=1200%2C675&ssl=1&resize=525%2C300 1.5x, https:\/\/i0.wp.com\/noticiasribeiraopreto.com.br\/wp-content\/uploads\/2025\/07\/Copia-de-Copia-de-Copia-de-TAMANHO-EXATO-PARA-FOTOS-NO-SISTEMA-NOVO-2025-07-28T161641.051_2025-07-28_19-17-00.webp.webp?fit=1200%2C675&ssl=1&resize=700%2C400 2x, https:\/\/i0.wp.com\/noticiasribeiraopreto.com.br\/wp-content\/uploads\/2025\/07\/Copia-de-Copia-de-Copia-de-TAMANHO-EXATO-PARA-FOTOS-NO-SISTEMA-NOVO-2025-07-28T161641.051_2025-07-28_19-17-00.webp.webp?fit=1200%2C675&ssl=1&resize=1050%2C600 3x"},"classes":[]},{"id":74938,"url":"https:\/\/noticiasribeiraopreto.com.br\/index.php\/2025\/07\/31\/festival-com-cerveja-gastronomia-e-entrada-gratuita-comeca-nesta-sexta-em-ribeirao-preto\/","url_meta":{"origin":75008,"position":4},"title":"Festival com cerveja, gastronomia e entrada gratuita come\u00e7a nesta sexta em Ribeir\u00e3o Preto","author":"noticiasribeiraopreto.com.br","date":"31 de July de 2025","format":false,"excerpt":"O maior festival de cervejas artesanais do estado de S\u00e3o Paulo, o Champions Beer, come\u00e7a nesta quinta-feira (1\u00ba) no estacionamento do Shopping Iguatemi, em Ribeir\u00e3o Preto. O evento tem entrada gratuita e acontece durante dois finais de semana: de 1 a 3 de agosto e de 8 a 10 de\u2026","rel":"","context":"In &quot;Not\u00edcias de Ribeir\u00e3o Preto-SP e Regi\u00e3o&quot;","block_context":{"text":"Not\u00edcias de Ribeir\u00e3o Preto-SP e Regi\u00e3o","link":"https:\/\/noticiasribeiraopreto.com.br\/index.php\/category\/noticias-de-ribeirao-preto-sp-e-regiao-ismael-colosi\/"},"img":{"alt_text":"","src":"https:\/\/i0.wp.com\/noticiasribeiraopreto.com.br\/wp-content\/uploads\/2025\/07\/Copia-de-Copia-de-Copia-de-TAMANHO-EXATO-PARA-FOTOS-NO-SISTEMA-NOVO-2025-07-28T161641.051_2025-07-28_19-17-00.webp.webp?fit=1200%2C675&ssl=1&resize=350%2C200","width":350,"height":200,"srcset":"https:\/\/i0.wp.com\/noticiasribeiraopreto.com.br\/wp-content\/uploads\/2025\/07\/Copia-de-Copia-de-Copia-de-TAMANHO-EXATO-PARA-FOTOS-NO-SISTEMA-NOVO-2025-07-28T161641.051_2025-07-28_19-17-00.webp.webp?fit=1200%2C675&ssl=1&resize=350%2C200 1x, https:\/\/i0.wp.com\/noticiasribeiraopreto.com.br\/wp-content\/uploads\/2025\/07\/Copia-de-Copia-de-Copia-de-TAMANHO-EXATO-PARA-FOTOS-NO-SISTEMA-NOVO-2025-07-28T161641.051_2025-07-28_19-17-00.webp.webp?fit=1200%2C675&ssl=1&resize=525%2C300 1.5x, https:\/\/i0.wp.com\/noticiasribeiraopreto.com.br\/wp-content\/uploads\/2025\/07\/Copia-de-Copia-de-Copia-de-TAMANHO-EXATO-PARA-FOTOS-NO-SISTEMA-NOVO-2025-07-28T161641.051_2025-07-28_19-17-00.webp.webp?fit=1200%2C675&ssl=1&resize=700%2C400 2x, https:\/\/i0.wp.com\/noticiasribeiraopreto.com.br\/wp-content\/uploads\/2025\/07\/Copia-de-Copia-de-Copia-de-TAMANHO-EXATO-PARA-FOTOS-NO-SISTEMA-NOVO-2025-07-28T161641.051_2025-07-28_19-17-00.webp.webp?fit=1200%2C675&ssl=1&resize=1050%2C600 3x"},"classes":[]},{"id":56561,"url":"https:\/\/noticiasribeiraopreto.com.br\/index.php\/2024\/08\/14\/festa-do-peao-de-barretos-comeca-nesta-quinta-veja-programacao-de-shows\/","url_meta":{"origin":75008,"position":5},"title":"Festa do Pe\u00e3o de Barretos come\u00e7a nesta quinta; Veja programa\u00e7\u00e3o de shows","author":"noticiasribeiraopreto.com.br","date":"14 de August de 2024","format":false,"excerpt":"A 69\u00aa Festa do Pe\u00e3o de Barretos, considerada a maior da Am\u00e9rica Latina, tem in\u00edcio nesta quinta-feira (15). Entre as atra\u00e7\u00f5es confirmadas para a abertura est\u00e3o Luan Pereira, Lauana Prado e DJ Lucas Beat. De acordo com a organiza\u00e7\u00e3o, o evento que acontece entre os dias 15 e 25 de\u2026","rel":"","context":"In &quot;Not\u00edcias de Ribeir\u00e3o Preto-SP e Regi\u00e3o&quot;","block_context":{"text":"Not\u00edcias de Ribeir\u00e3o Preto-SP e Regi\u00e3o","link":"https:\/\/noticiasribeiraopreto.com.br\/index.php\/category\/noticias-de-ribeirao-preto-sp-e-regiao-ismael-colosi\/"},"img":{"alt_text":"","src":"https:\/\/i0.wp.com\/noticiasribeiraopreto.com.br\/wp-content\/uploads\/2024\/08\/172312398066b4c90cb1cc8_2024-08-14_20-51-59_jpg_2024-08-14_20-51-59.webp.webp?fit=800%2C533&ssl=1&resize=350%2C200","width":350,"height":200,"srcset":"https:\/\/i0.wp.com\/noticiasribeiraopreto.com.br\/wp-content\/uploads\/2024\/08\/172312398066b4c90cb1cc8_2024-08-14_20-51-59_jpg_2024-08-14_20-51-59.webp.webp?fit=800%2C533&ssl=1&resize=350%2C200 1x, https:\/\/i0.wp.com\/noticiasribeiraopreto.com.br\/wp-content\/uploads\/2024\/08\/172312398066b4c90cb1cc8_2024-08-14_20-51-59_jpg_2024-08-14_20-51-59.webp.webp?fit=800%2C533&ssl=1&resize=525%2C300 1.5x, https:\/\/i0.wp.com\/noticiasribeiraopreto.com.br\/wp-content\/uploads\/2024\/08\/172312398066b4c90cb1cc8_2024-08-14_20-51-59_jpg_2024-08-14_20-51-59.webp.webp?fit=800%2C533&ssl=1&resize=700%2C400 2x"},"classes":[]}],"jetpack_sharing_enabled":true,"jetpack_shortlink":"https:\/\/wp.me\/peQAOb-jvO","_links":{"self":[{"href":"https:\/\/noticiasribeiraopreto.com.br\/index.php\/wp-json\/wp\/v2\/posts\/75008","targetHints":{"allow":["GET"]}}],"collection":[{"href":"https:\/\/noticiasribeiraopreto.com.br\/index.php\/wp-json\/wp\/v2\/posts"}],"about":[{"href":"https:\/\/noticiasribeiraopreto.com.br\/index.php\/wp-json\/wp\/v2\/types\/post"}],"author":[{"embeddable":true,"href":"https:\/\/noticiasribeiraopreto.com.br\/index.php\/wp-json\/wp\/v2\/users\/1"}],"replies":[{"embeddable":true,"href":"https:\/\/noticiasribeiraopreto.com.br\/index.php\/wp-json\/wp\/v2\/comments?post=75008"}],"version-history":[{"count":0,"href":"https:\/\/noticiasribeiraopreto.com.br\/index.php\/wp-json\/wp\/v2\/posts\/75008\/revisions"}],"wp:featuredmedia":[{"embeddable":true,"href":"https:\/\/noticiasribeiraopreto.com.br\/index.php\/wp-json\/wp\/v2\/media\/74490"}],"wp:attachment":[{"href":"https:\/\/noticiasribeiraopreto.com.br\/index.php\/wp-json\/wp\/v2\/media?parent=75008"}],"wp:term":[{"taxonomy":"category","embeddable":true,"href":"https:\/\/noticiasribeiraopreto.com.br\/index.php\/wp-json\/wp\/v2\/categories?post=75008"},{"taxonomy":"post_tag","embeddable":true,"href":"https:\/\/noticiasribeiraopreto.com.br\/index.php\/wp-json\/wp\/v2\/tags?post=75008"}],"curies":[{"name":"wp","href":"https:\/\/api.w.org\/{rel}","templated":true}]}}