{"id":75009,"date":"2025-08-01T13:14:41","date_gmt":"2025-08-01T16:14:41","guid":{"rendered":"https:\/\/noticiasribeiraopreto.com.br\/index.php\/2025\/08\/01\/dia-da-cerveja-ribeirao-preto-e-a-capital-do-chope-e-das-artesanais\/"},"modified":"2025-08-01T13:14:41","modified_gmt":"2025-08-01T16:14:41","slug":"dia-da-cerveja-ribeirao-preto-e-a-capital-do-chope-e-das-artesanais","status":"publish","type":"post","link":"https:\/\/noticiasribeiraopreto.com.br\/index.php\/2025\/08\/01\/dia-da-cerveja-ribeirao-preto-e-a-capital-do-chope-e-das-artesanais\/","title":{"rendered":"Dia da Cerveja: Ribeir\u00e3o Preto \u00e9 a Capital do Chope e das Artesanais"},"content":{"rendered":"<div class='code-block code-block-1' style='margin: 8px 0 8px auto; text-align: right; display: block; clear: both;'>\n<p><a href=\"https:\/\/wa.link\/vpicfd\"><img data-recalc-dims=\"1\" class=\"wp-image-4922\" style=\"aspect-ratio: 2.0253164556962027; width: 561px; height: auto;\" src=\"https:\/\/i0.wp.com\/ismaelcolosi.com.br\/wp-content\/uploads\/2023\/11\/grupo-de-empregos-whatsapp-e-facebook-ismael-colosi-vagas.jpg?ssl=1\" alt=\"\" \/><\/a><\/p>\n<!-- \/wp:image -->\n<\/div>\n<p> <br \/>\n<\/p>\n<div>\n<p>O <strong>Dia da Cerveja<\/strong> \u00e9 comemorado nesta sexta-feira (1\u00ba de agosto) e, <strong>Ribeir\u00e3o Preto<\/strong> \u00e9 desde o ano passado a Capital do Chope e das Cervejas Artesanais. O t\u00edtulo foi concedido por meio de um projeto de lei aprovado pela <strong>Alesp (Assembleia Legislativa de S\u00e3o Paulo)<\/strong> e sancionado pelo <strong>governador Tarc\u00edsio de Freitas (REP)<\/strong>.<\/p>\n<p>A cidade ganhou destaque como um dos grandes polos cervejeiros do Brasil, por conta de uma variedade de estilos. Segundo a \u00faltima edi\u00e7\u00e3o do <strong><a href=\"https:\/\/www.gov.br\/agricultura\/pt-br\/assuntos\/noticias\/com-1-847-cervejarias-registradas-no-brasil-setor-cresce-6-8-em-2023\/anuario-da-cerveja\" data-type=\"link\" data-id=\"https:\/\/www.gov.br\/agricultura\/pt-br\/assuntos\/noticias\/com-1-847-cervejarias-registradas-no-brasil-setor-cresce-6-8-em-2023\/anuario-da-cerveja\" target=\"_blank\" rel=\"noopener\">Anu\u00e1rio da Cerveja<\/a><\/strong>, divulgado pelo Minist\u00e9rio da Agricultura em 2024, Ribeir\u00e3o Preto contava com 17 cervejarias registradas \u2013 ficando entre as 10 com mais estabelecimentos do tipo no Pa\u00eds.<\/p>\n<p><mark style=\"background-color:#fcb900\" class=\"has-inline-color has-black-color\">O documento informa que havia 738 r\u00f3tulos de cervejas registrados em Ribeir\u00e3o Preto <\/mark>\u2013 a cidade tamb\u00e9m ocupa a 10\u00aa coloca\u00e7\u00e3o neste quesito.<\/p>\n<h2 class=\"wp-block-heading\"><strong>Cerveja em Ribeir\u00e3o Preto<\/strong><\/h2>\n<p>A liga\u00e7\u00e3o de Ribeir\u00e3o Preto com a cerveja come\u00e7ou em 1886, com a funda\u00e7\u00e3o da primeira f\u00e1brica na cidade, a Livi &amp; Bertoldi. No in\u00edcio do s\u00e9culo XX, a Cia. Paulista se instalou na cidade e, em 1936, a Choperia Pinguim abriu as portas.<\/p>\n<p>Em 1995, foi fundada a Colorado, a primeira cervejaria artesanal local. J\u00e1 no s\u00e9culo XXI, f\u00e1bricas como a Invicta, Lund, Pratinha, Walf\u00e4nger, SP 330, Maltesa, Amarillo, Macumba, entre outras, se instalaram em Ribeir\u00e3o Preto.<\/p>\n<p>Desde 2016, Ribeir\u00e3o Preto conta com um polo cervejeiro, que re\u00fane 19 empresas produtoras de cerveja artesanal, que atuam em conjunto para consolidar seu espa\u00e7o no mercado.<\/p>\n<p>SAIBA MAIS<br \/>Ricardo sanciona diretrizes do or\u00e7amento de Ribeir\u00e3o Preto com 140 vetos<\/p>\n<h2 class=\"wp-block-heading\"><strong>FIQUE ON<\/strong><\/h2>\n<p>Fique ligado em tudo que acontece em Ribeir\u00e3o Preto e regi\u00e3o. Siga os perfis do<strong>\u00a0acidade on<\/strong>\u00a0no\u00a0<a href=\"https:\/\/www.instagram.com\/acidadeonribeirao\" target=\"_blank\" rel=\"noreferrer noopener\">Instagram<\/a>\u00a0e no\u00a0<a href=\"https:\/\/www.facebook.com\/acidadeonribeirao\/\" target=\"_blank\" rel=\"noreferrer noopener\">Facebook<\/a>.<\/p>\n<p>Receba not\u00edcias do<strong>\u00a0acidade on<\/strong>\u00a0no WhatsApp.<a href=\"https:\/\/chat.whatsapp.com\/BjKQZ9oJwlz8VVT50NuePq\" target=\"_blank\" rel=\"noreferrer noopener\">\u00a0Para entrar no grupo, basta clicar aqui.<\/a><\/p>\n<p>Fa\u00e7a uma den\u00fancia ou sugira uma reportagem sobre Ribeir\u00e3o Preto e regi\u00e3o pelo WhatsApp: 16 99117 7802.<\/p>\n<p>VEJA TAMB\u00c9M<br \/>Vai fazer calor no final de semana em SP?<\/p>\n<p><!-- AI CONTENT END 1 -->\n<\/div>\n<p><script async src=\"\/\/www.instagram.com\/embed.js\"><\/script><br \/>\n<br \/><br \/>\n<br \/><a href=\"https:\/\/www.acidadeon.com\/ribeiraopreto\/economia\/dia-da-cerveja-ribeirao-preto-e-a-capital-do-chope-e-das-artesanais\/\">Source link <\/a><\/p>\n<!-- CONTENT END 1 -->\n","protected":false},"excerpt":{"rendered":"<p>O Dia da Cerveja \u00e9 comemorado nesta sexta-feira (1\u00ba de agosto) e, Ribeir\u00e3o Preto \u00e9 desde o ano passado a Capital do Chope e das&#8230;<\/p>\n","protected":false},"author":1,"featured_media":72471,"comment_status":"open","ping_status":"open","sticky":false,"template":"","format":"standard","meta":{"advanced_seo_description":"","jetpack_seo_html_title":"","jetpack_seo_noindex":false,"jetpack_post_was_ever_published":false,"_jetpack_newsletter_access":"","_jetpack_dont_email_post_to_subs":false,"_jetpack_newsletter_tier_id":0,"_jetpack_memberships_contains_paywalled_content":false,"_jetpack_memberships_contains_paid_content":false,"footnotes":"","jetpack_publicize_message":"","jetpack_publicize_feature_enabled":true,"jetpack_social_post_already_shared":true,"jetpack_social_options":{"image_generator_settings":{"template":"highway","default_image_id":0,"font":"","enabled":false},"version":2}},"categories":[11],"tags":[],"class_list":["post-75009","post","type-post","status-publish","format-standard","has-post-thumbnail","hentry","category-noticias-de-ribeirao-preto-sp-e-regiao-ismael-colosi"],"jetpack_publicize_connections":[],"jetpack_featured_media_url":"https:\/\/i0.wp.com\/noticiasribeiraopreto.com.br\/wp-content\/uploads\/2025\/06\/cerveja-artesanal_2025-06-17_14-49-37.webp.webp?fit=1200%2C675&ssl=1","jetpack-related-posts":[{"id":31716,"url":"https:\/\/noticiasribeiraopreto.com.br\/index.php\/2024\/01\/23\/ribeirao-recebe-novo-evento-de-carros-antigos-com-chope-e-food-trucks-veja-quando\/","url_meta":{"origin":75009,"position":0},"title":"Ribeir\u00e3o recebe novo evento de carros antigos com chope e food trucks; Veja quando","author":"noticiasribeiraopreto.com.br","date":"23 de January de 2024","format":false,"excerpt":"Neste domingo (28), Ribeir\u00e3o Preto recebe mais um evento para quem \u00e9 apaixonado por carros antigos. A primeira edi\u00e7\u00e3o do \u201cSunday Volks Day\u201d acontece a partir das 9h, no Espa\u00e7o Pantanal, na zona Sul da cidade. Os interessados em participar do evento, ou at\u00e9 mesmo expor o seu ve\u00edculo cl\u00e1ssico,\u2026","rel":"","context":"In &quot;Not\u00edcias de Ribeir\u00e3o Preto-SP e Regi\u00e3o&quot;","block_context":{"text":"Not\u00edcias de Ribeir\u00e3o Preto-SP e Regi\u00e3o","link":"https:\/\/noticiasribeiraopreto.com.br\/index.php\/category\/noticias-de-ribeirao-preto-sp-e-regiao-ismael-colosi\/"},"img":{"alt_text":"","src":"https:\/\/i0.wp.com\/noticiasribeiraopreto.com.br\/wp-content\/uploads\/2024\/01\/Copia-de-Copia-de-TAMANHO-EXATO-PARA-FOTOS-NO-SISTEMA-NOVO-2-1.jpg?fit=1200%2C675&ssl=1&resize=350%2C200","width":350,"height":200,"srcset":"https:\/\/i0.wp.com\/noticiasribeiraopreto.com.br\/wp-content\/uploads\/2024\/01\/Copia-de-Copia-de-TAMANHO-EXATO-PARA-FOTOS-NO-SISTEMA-NOVO-2-1.jpg?fit=1200%2C675&ssl=1&resize=350%2C200 1x, https:\/\/i0.wp.com\/noticiasribeiraopreto.com.br\/wp-content\/uploads\/2024\/01\/Copia-de-Copia-de-TAMANHO-EXATO-PARA-FOTOS-NO-SISTEMA-NOVO-2-1.jpg?fit=1200%2C675&ssl=1&resize=525%2C300 1.5x, https:\/\/i0.wp.com\/noticiasribeiraopreto.com.br\/wp-content\/uploads\/2024\/01\/Copia-de-Copia-de-TAMANHO-EXATO-PARA-FOTOS-NO-SISTEMA-NOVO-2-1.jpg?fit=1200%2C675&ssl=1&resize=700%2C400 2x, https:\/\/i0.wp.com\/noticiasribeiraopreto.com.br\/wp-content\/uploads\/2024\/01\/Copia-de-Copia-de-TAMANHO-EXATO-PARA-FOTOS-NO-SISTEMA-NOVO-2-1.jpg?fit=1200%2C675&ssl=1&resize=1050%2C600 3x"},"classes":[]},{"id":55629,"url":"https:\/\/noticiasribeiraopreto.com.br\/index.php\/2024\/08\/04\/ribeirao-preto-tem-duas-vocacoes-segundo-secretario-de-tarcisio-veja-quais-sao\/","url_meta":{"origin":75009,"position":1},"title":"Ribeir\u00e3o Preto tem duas voca\u00e7\u00f5es, segundo secret\u00e1rio de Tarc\u00edsio; Veja quais s\u00e3o","author":"noticiasribeiraopreto.com.br","date":"4 de August de 2024","format":false,"excerpt":"O secret\u00e1rio de Desenvolvimento Econ\u00f4mico de S\u00e3o Paulo, Jorge Lima, afirmou que Ribeir\u00e3o Preto n\u00e3o pode depender de apenas uma voca\u00e7\u00e3o na economia. Em entrevista ao acidade on Ribeir\u00e3o, o secret\u00e1rio afirma que o t\u00edtulo de Capital do Chope e das Cervejas Artesanais pode facilitar o desenvolvimento dessa ind\u00fastria na\u2026","rel":"","context":"In &quot;Not\u00edcias de Ribeir\u00e3o Preto-SP e Regi\u00e3o&quot;","block_context":{"text":"Not\u00edcias de Ribeir\u00e3o Preto-SP e Regi\u00e3o","link":"https:\/\/noticiasribeiraopreto.com.br\/index.php\/category\/noticias-de-ribeirao-preto-sp-e-regiao-ismael-colosi\/"},"img":{"alt_text":"","src":"https:\/\/i0.wp.com\/noticiasribeiraopreto.com.br\/wp-content\/uploads\/2024\/08\/WhatsApp-Image-2024-08-04-at-09.05.30_2024-08-04_12-37-47_jpeg_2024-08-04_12-37-47.webp.webp?fit=1200%2C900&ssl=1&resize=350%2C200","width":350,"height":200,"srcset":"https:\/\/i0.wp.com\/noticiasribeiraopreto.com.br\/wp-content\/uploads\/2024\/08\/WhatsApp-Image-2024-08-04-at-09.05.30_2024-08-04_12-37-47_jpeg_2024-08-04_12-37-47.webp.webp?fit=1200%2C900&ssl=1&resize=350%2C200 1x, https:\/\/i0.wp.com\/noticiasribeiraopreto.com.br\/wp-content\/uploads\/2024\/08\/WhatsApp-Image-2024-08-04-at-09.05.30_2024-08-04_12-37-47_jpeg_2024-08-04_12-37-47.webp.webp?fit=1200%2C900&ssl=1&resize=525%2C300 1.5x, https:\/\/i0.wp.com\/noticiasribeiraopreto.com.br\/wp-content\/uploads\/2024\/08\/WhatsApp-Image-2024-08-04-at-09.05.30_2024-08-04_12-37-47_jpeg_2024-08-04_12-37-47.webp.webp?fit=1200%2C900&ssl=1&resize=700%2C400 2x, https:\/\/i0.wp.com\/noticiasribeiraopreto.com.br\/wp-content\/uploads\/2024\/08\/WhatsApp-Image-2024-08-04-at-09.05.30_2024-08-04_12-37-47_jpeg_2024-08-04_12-37-47.webp.webp?fit=1200%2C900&ssl=1&resize=1050%2C600 3x"},"classes":[]},{"id":46721,"url":"https:\/\/noticiasribeiraopreto.com.br\/index.php\/2024\/04\/13\/feira-com-musica-ao-vivo-cerveja-e-food-trucks-acontece-neste-domingo-em-ribeirao-preto\/","url_meta":{"origin":75009,"position":2},"title":"Feira com m\u00fasica ao vivo, cerveja e food trucks acontece neste domingo em Ribeir\u00e3o Preto","author":"noticiasribeiraopreto.com.br","date":"13 de April de 2024","format":false,"excerpt":"Neste domingo (14) acontece mais uma edi\u00e7\u00e3o da Feira do Coletivo na pra\u00e7a 7 de Setembro, no\u00a0Centro\u00a0de Ribeir\u00e3o Preto. O evento \u00e9 gratuito e aberto ao p\u00fablico. O evento acontece das 15h \u00e0s 21h e conta com cervejas e chopes artesanais, food trucks, expositores, oficinas, feira de ado\u00e7\u00e3o de animais\u2026","rel":"","context":"In &quot;Not\u00edcias de Ribeir\u00e3o Preto-SP e Regi\u00e3o&quot;","block_context":{"text":"Not\u00edcias de Ribeir\u00e3o Preto-SP e Regi\u00e3o","link":"https:\/\/noticiasribeiraopreto.com.br\/index.php\/category\/noticias-de-ribeirao-preto-sp-e-regiao-ismael-colosi\/"},"img":{"alt_text":"","src":"https:\/\/i0.wp.com\/noticiasribeiraopreto.com.br\/wp-content\/uploads\/2024\/04\/WhatsApp-Image-2024-04-09-at-18.23.00-1.webp.webp?fit=1200%2C863&ssl=1&resize=350%2C200","width":350,"height":200,"srcset":"https:\/\/i0.wp.com\/noticiasribeiraopreto.com.br\/wp-content\/uploads\/2024\/04\/WhatsApp-Image-2024-04-09-at-18.23.00-1.webp.webp?fit=1200%2C863&ssl=1&resize=350%2C200 1x, https:\/\/i0.wp.com\/noticiasribeiraopreto.com.br\/wp-content\/uploads\/2024\/04\/WhatsApp-Image-2024-04-09-at-18.23.00-1.webp.webp?fit=1200%2C863&ssl=1&resize=525%2C300 1.5x, https:\/\/i0.wp.com\/noticiasribeiraopreto.com.br\/wp-content\/uploads\/2024\/04\/WhatsApp-Image-2024-04-09-at-18.23.00-1.webp.webp?fit=1200%2C863&ssl=1&resize=700%2C400 2x, https:\/\/i0.wp.com\/noticiasribeiraopreto.com.br\/wp-content\/uploads\/2024\/04\/WhatsApp-Image-2024-04-09-at-18.23.00-1.webp.webp?fit=1200%2C863&ssl=1&resize=1050%2C600 3x"},"classes":[]},{"id":80213,"url":"https:\/\/noticiasribeiraopreto.com.br\/index.php\/2025\/11\/17\/bate-papo-resgata-a-historia-da-cerveja-em-ribeirao-preto-veja-como-participar\/","url_meta":{"origin":75009,"position":3},"title":"Bate-papo resgata a hist\u00f3ria da cerveja em Ribeir\u00e3o Preto; Veja como participar","author":"noticiasribeiraopreto.com.br","date":"17 de November de 2025","format":false,"excerpt":"O audit\u00f3rio da Biblioteca Sinh\u00e1 Junqueira, em Ribeir\u00e3o Preto, ser\u00e1 palco da roda de conversa \u201cHist\u00f3ria e cerveja em Ribeir\u00e3o Preto: das brassagens dos italianos \u00e0 primeira IPA do Brasil\u201d. O evento tem entrada gratuita e acontece na quinta-feira (20), \u00e0s 14h. LEIA MAIS: Capital do Chope: dos imigrantes \u00e0\u2026","rel":"","context":"In &quot;Not\u00edcias de Ribeir\u00e3o Preto-SP e Regi\u00e3o&quot;","block_context":{"text":"Not\u00edcias de Ribeir\u00e3o Preto-SP e Regi\u00e3o","link":"https:\/\/noticiasribeiraopreto.com.br\/index.php\/category\/noticias-de-ribeirao-preto-sp-e-regiao-ismael-colosi\/"},"img":{"alt_text":"","src":"https:\/\/i0.wp.com\/noticiasribeiraopreto.com.br\/wp-content\/uploads\/2025\/08\/cerveja_2025-08-07_14-50-54.webp.webp?fit=1200%2C800&ssl=1&resize=350%2C200","width":350,"height":200,"srcset":"https:\/\/i0.wp.com\/noticiasribeiraopreto.com.br\/wp-content\/uploads\/2025\/08\/cerveja_2025-08-07_14-50-54.webp.webp?fit=1200%2C800&ssl=1&resize=350%2C200 1x, https:\/\/i0.wp.com\/noticiasribeiraopreto.com.br\/wp-content\/uploads\/2025\/08\/cerveja_2025-08-07_14-50-54.webp.webp?fit=1200%2C800&ssl=1&resize=525%2C300 1.5x, https:\/\/i0.wp.com\/noticiasribeiraopreto.com.br\/wp-content\/uploads\/2025\/08\/cerveja_2025-08-07_14-50-54.webp.webp?fit=1200%2C800&ssl=1&resize=700%2C400 2x, https:\/\/i0.wp.com\/noticiasribeiraopreto.com.br\/wp-content\/uploads\/2025\/08\/cerveja_2025-08-07_14-50-54.webp.webp?fit=1200%2C800&ssl=1&resize=1050%2C600 3x"},"classes":[]},{"id":46408,"url":"https:\/\/noticiasribeiraopreto.com.br\/index.php\/2024\/04\/11\/ribeirao-preto-tem-feira-com-cerveja-artesanal-food-trucks-e-musica-ao-vivo-no-final-de-semana\/","url_meta":{"origin":75009,"position":4},"title":"Ribeir\u00e3o Preto tem feira com cerveja artesanal, food trucks e m\u00fasica ao vivo no final de semana","author":"noticiasribeiraopreto.com.br","date":"11 de April de 2024","format":false,"excerpt":"Ribeir\u00e3o Preto recebe mais uma edi\u00e7\u00e3o da Feira do Coletivo, neste domingo (14), na pra\u00e7a 7 de Setembro, no Centro da cidade. O evento \u00e9 gratuito e aberto ao p\u00fablico. A feira vai acontecer das 15h \u00e0s 21h e conta com cervejas e chopes artesanais, food trucks, expositores, oficinas, feira\u2026","rel":"","context":"In &quot;Not\u00edcias de Ribeir\u00e3o Preto-SP e Regi\u00e3o&quot;","block_context":{"text":"Not\u00edcias de Ribeir\u00e3o Preto-SP e Regi\u00e3o","link":"https:\/\/noticiasribeiraopreto.com.br\/index.php\/category\/noticias-de-ribeirao-preto-sp-e-regiao-ismael-colosi\/"},"img":{"alt_text":"","src":"https:\/\/i0.wp.com\/noticiasribeiraopreto.com.br\/wp-content\/uploads\/2024\/04\/AnyConv.com__WhatsApp-Image-2024-04-09-at-18.23.00-e1712858091814.webp.webp?fit=1050%2C700&ssl=1&resize=350%2C200","width":350,"height":200,"srcset":"https:\/\/i0.wp.com\/noticiasribeiraopreto.com.br\/wp-content\/uploads\/2024\/04\/AnyConv.com__WhatsApp-Image-2024-04-09-at-18.23.00-e1712858091814.webp.webp?fit=1050%2C700&ssl=1&resize=350%2C200 1x, https:\/\/i0.wp.com\/noticiasribeiraopreto.com.br\/wp-content\/uploads\/2024\/04\/AnyConv.com__WhatsApp-Image-2024-04-09-at-18.23.00-e1712858091814.webp.webp?fit=1050%2C700&ssl=1&resize=525%2C300 1.5x, https:\/\/i0.wp.com\/noticiasribeiraopreto.com.br\/wp-content\/uploads\/2024\/04\/AnyConv.com__WhatsApp-Image-2024-04-09-at-18.23.00-e1712858091814.webp.webp?fit=1050%2C700&ssl=1&resize=700%2C400 2x, https:\/\/i0.wp.com\/noticiasribeiraopreto.com.br\/wp-content\/uploads\/2024\/04\/AnyConv.com__WhatsApp-Image-2024-04-09-at-18.23.00-e1712858091814.webp.webp?fit=1050%2C700&ssl=1&resize=1050%2C600 3x"},"classes":[]},{"id":79459,"url":"https:\/\/noticiasribeiraopreto.com.br\/index.php\/2025\/11\/01\/evento-com-entrada-gratuita-reune-12-cervejarias-independentes-em-ribeirao-preto\/","url_meta":{"origin":75009,"position":5},"title":"Evento com entrada gratuita re\u00fane 12 cervejarias independentes em Ribeir\u00e3o Preto","author":"noticiasribeiraopreto.com.br","date":"1 de November de 2025","format":false,"excerpt":"Ribeir\u00e3o Preto vai receber neste domingo (2), um evento que re\u00fane 12 cervejarias independentes da cidade e regi\u00e3o. O \u00c1gora ser\u00e1 realizado na rua Sete de Setembro e oferece ao p\u00fablico degusta\u00e7\u00e3o de diferentes estilos de cerveja, m\u00fasica ao vivo, gastronomia e atividades culturais. Inspirado nas \u00e1goras gregas, o evento,\u2026","rel":"","context":"In &quot;Not\u00edcias de Ribeir\u00e3o Preto-SP e Regi\u00e3o&quot;","block_context":{"text":"Not\u00edcias de Ribeir\u00e3o Preto-SP e Regi\u00e3o","link":"https:\/\/noticiasribeiraopreto.com.br\/index.php\/category\/noticias-de-ribeirao-preto-sp-e-regiao-ismael-colosi\/"},"img":{"alt_text":"","src":"https:\/\/i0.wp.com\/noticiasribeiraopreto.com.br\/wp-content\/uploads\/2025\/06\/cerveja-artesanal_2025-06-17_14-49-37.webp.webp?fit=1200%2C675&ssl=1&resize=350%2C200","width":350,"height":200,"srcset":"https:\/\/i0.wp.com\/noticiasribeiraopreto.com.br\/wp-content\/uploads\/2025\/06\/cerveja-artesanal_2025-06-17_14-49-37.webp.webp?fit=1200%2C675&ssl=1&resize=350%2C200 1x, https:\/\/i0.wp.com\/noticiasribeiraopreto.com.br\/wp-content\/uploads\/2025\/06\/cerveja-artesanal_2025-06-17_14-49-37.webp.webp?fit=1200%2C675&ssl=1&resize=525%2C300 1.5x, https:\/\/i0.wp.com\/noticiasribeiraopreto.com.br\/wp-content\/uploads\/2025\/06\/cerveja-artesanal_2025-06-17_14-49-37.webp.webp?fit=1200%2C675&ssl=1&resize=700%2C400 2x, https:\/\/i0.wp.com\/noticiasribeiraopreto.com.br\/wp-content\/uploads\/2025\/06\/cerveja-artesanal_2025-06-17_14-49-37.webp.webp?fit=1200%2C675&ssl=1&resize=1050%2C600 3x"},"classes":[]}],"jetpack_sharing_enabled":true,"jetpack_shortlink":"https:\/\/wp.me\/peQAOb-jvP","_links":{"self":[{"href":"https:\/\/noticiasribeiraopreto.com.br\/index.php\/wp-json\/wp\/v2\/posts\/75009","targetHints":{"allow":["GET"]}}],"collection":[{"href":"https:\/\/noticiasribeiraopreto.com.br\/index.php\/wp-json\/wp\/v2\/posts"}],"about":[{"href":"https:\/\/noticiasribeiraopreto.com.br\/index.php\/wp-json\/wp\/v2\/types\/post"}],"author":[{"embeddable":true,"href":"https:\/\/noticiasribeiraopreto.com.br\/index.php\/wp-json\/wp\/v2\/users\/1"}],"replies":[{"embeddable":true,"href":"https:\/\/noticiasribeiraopreto.com.br\/index.php\/wp-json\/wp\/v2\/comments?post=75009"}],"version-history":[{"count":0,"href":"https:\/\/noticiasribeiraopreto.com.br\/index.php\/wp-json\/wp\/v2\/posts\/75009\/revisions"}],"wp:featuredmedia":[{"embeddable":true,"href":"https:\/\/noticiasribeiraopreto.com.br\/index.php\/wp-json\/wp\/v2\/media\/72471"}],"wp:attachment":[{"href":"https:\/\/noticiasribeiraopreto.com.br\/index.php\/wp-json\/wp\/v2\/media?parent=75009"}],"wp:term":[{"taxonomy":"category","embeddable":true,"href":"https:\/\/noticiasribeiraopreto.com.br\/index.php\/wp-json\/wp\/v2\/categories?post=75009"},{"taxonomy":"post_tag","embeddable":true,"href":"https:\/\/noticiasribeiraopreto.com.br\/index.php\/wp-json\/wp\/v2\/tags?post=75009"}],"curies":[{"name":"wp","href":"https:\/\/api.w.org\/{rel}","templated":true}]}}