{"id":75014,"date":"2025-08-01T15:28:05","date_gmt":"2025-08-01T18:28:05","guid":{"rendered":"https:\/\/noticiasribeiraopreto.com.br\/index.php\/2025\/08\/01\/coxinhas-douradas-de-bueno-de-andrada-retornam-a-ribeirao\/"},"modified":"2025-08-01T15:28:05","modified_gmt":"2025-08-01T18:28:05","slug":"coxinhas-douradas-de-bueno-de-andrada-retornam-a-ribeirao","status":"publish","type":"post","link":"https:\/\/noticiasribeiraopreto.com.br\/index.php\/2025\/08\/01\/coxinhas-douradas-de-bueno-de-andrada-retornam-a-ribeirao\/","title":{"rendered":"Coxinhas Douradas de Bueno de Andrada retornam a Ribeir\u00e3o"},"content":{"rendered":"<div class='code-block code-block-1' style='margin: 8px 0 8px auto; text-align: right; display: block; clear: both;'>\n<p><a href=\"https:\/\/wa.link\/vpicfd\"><img data-recalc-dims=\"1\" class=\"wp-image-4922\" style=\"aspect-ratio: 2.0253164556962027; width: 561px; height: auto;\" src=\"https:\/\/i0.wp.com\/ismaelcolosi.com.br\/wp-content\/uploads\/2023\/11\/grupo-de-empregos-whatsapp-e-facebook-ismael-colosi-vagas.jpg?ssl=1\" alt=\"\" \/><\/a><\/p>\n<!-- \/wp:image -->\n<\/div>\n<p> <br \/>\n<\/p>\n<div id=\"\">\n<p>\n\t\t\t\t\t\t\t\t\t<span class=\"entry-meta-item penci-posted-on\"><i class=\"fa fa-clock-o\"\/><time class=\"entry-date published updated\" datetime=\"2025-08-01T15:19:17-03:00\">1 de agosto de 2025 15:19<\/time><\/span><span class=\"entry-meta-item penci-post-countview\"><span class=\"entry-meta-item penci-post-countview penci_post-meta_item\"><i class=\"fa fa-eye\"\/><span class=\"penci-post-countview-number penci-post-countview-p433571\">0<\/span><\/span><\/span>\t\t\t\t\t\t\t\t<\/p>\n<p><!-- .entry-meta --><br \/>\n\t\t\t\t\t\t\t\t<span class=\"penci-social-buttons penci-social-share-footer\"><span class=\"penci-social-share-text\">Compartilhar<\/span><a href=\"#\" class=\"penci-post-like penci_post-meta_item  single-like-button penci-social-item like\" data-post_id=\"433571\" title=\"Like\" data-like=\"Like\" data-unlike=\"Unlike\"><i class=\"fa fa-thumbs-o-up\"\/><span class=\"penci-share-number\">0<\/span><\/a><i class=\"fa fa-facebook\"\/><a class=\"penci-social-item twitter\" target=\"_blank\" rel=\"noopener\" title=\"\" href=\"https:\/\/twitter.com\/intent\/tweet?text=Coxinhas%20Douradas%20de%20Bueno%20de%20Andrada%20retornam%20a%20Ribeir\u00e3o%20-%20https:\/\/www.tribunaribeirao.com.br\/coxinhas-douradas-de-bueno-de-andrada-retornam-a-ribeirao\/\"><i class=\"fa fa-twitter\"\/><\/a><i class=\"fa fa-linkedin\"\/><i class=\"fa fa-whatsapp\"\/><i class=\"fa fa-telegram\"\/><i class=\"fa fa-envelope\"\/><\/span>\t\t\t\t\t\t\t<\/div>\n<div>\n<p><em>Campanha de retorno das famosas Coxinhas envolve o personagem \u201cDino de Ribeir\u00e3o\u201d<\/em><\/p>\n<p>A tradicional marca Coxinhas Douradas de Bueno de Andrada est\u00e1 de volta \u00e0 cidade de Ribeir\u00e3o Preto. Conhecida por suas coxinhas servidas desde o caf\u00e9 da manh\u00e3 at\u00e9 o jantar, com preparo r\u00e1pido e sabor caseiro, a rede inaugura uma nova unidade na cidade e lan\u00e7a uma campanha especial para marcar o retorno na Rua Jo\u00e3o Penteado 1139, Jardim Sumar\u00e9.<\/p>\n<p>Como parte da a\u00e7\u00e3o, a marca traz de volta o personagem \u201cDino de Ribeir\u00e3o\u201d, uma escultura de dinossauro que ficou conhecida em 2016 ap\u00f3s ser retirada da frente de uma loja de churrasqueiras na cidade, gerando repercuss\u00e3o nas redes sociais e se tornando um s\u00edmbolo cultural local.<\/p>\n<p>Durante o lan\u00e7amento, o Dino estar\u00e1 exposto temporariamente na entrada da loja, como forma de homenagem \u00e0 mem\u00f3ria afetiva dos moradores da regi\u00e3o. A iniciativa visa resgatar elementos populares de Ribeir\u00e3o Preto e associ\u00e1-los ao retorno da marca.<\/p>\n<p>\u201cNosso objetivo foi criar um ponto de conex\u00e3o real com o p\u00fablico. O Dino virou parte da paisagem da cidade e da mem\u00f3ria das pessoas. Acreditamos que esse reencontro entre ele e a coxinha pode gerar identifica\u00e7\u00e3o e bom humor sem perder o v\u00ednculo afetivo\u201d, afirma um dos respons\u00e1veis pela campanha.<\/p>\n<p>A marca, origin\u00e1ria do distrito de Bueno de Andrada, \u00e9 reconhecida nacionalmente por seu estilo tradicional e atmosfera familiar. A nova fase da empresa traz uma identidade visual atualizada, mas mant\u00e9m as principais caracter\u00edsticas do produto e do atendimento.<\/p>\n<p>A a\u00e7\u00e3o da Coxinhas Douradas (@coxinhasdouradas) com o Dino de Ribeir\u00e3o (@dinoderibeirao) tamb\u00e9m conta com postagens em redes sociais e ativa\u00e7\u00f5es presenciais ao longo das pr\u00f3ximas semanas.<\/p>\n<\/div>\n<p><script async src=\"\/\/platform.twitter.com\/widgets.js\" charset=\"utf-8\"><\/script><br \/>\n<br \/><br \/>\n<br \/><a href=\"https:\/\/www.tribunaribeirao.com.br\/coxinhas-douradas-de-bueno-de-andrada-retornam-a-ribeirao\/\">Source link <\/a><\/p>\n<!-- CONTENT END 1 -->\n","protected":false},"excerpt":{"rendered":"<p>1 de agosto de 2025 15:190 Compartilhar0 Campanha de retorno das famosas Coxinhas envolve o personagem \u201cDino de Ribeir\u00e3o\u201d A tradicional marca Coxinhas Douradas de&#8230;<\/p>\n","protected":false},"author":1,"featured_media":75015,"comment_status":"open","ping_status":"open","sticky":false,"template":"","format":"standard","meta":{"advanced_seo_description":"","jetpack_seo_html_title":"","jetpack_seo_noindex":false,"jetpack_post_was_ever_published":false,"_jetpack_newsletter_access":"","_jetpack_dont_email_post_to_subs":false,"_jetpack_newsletter_tier_id":0,"_jetpack_memberships_contains_paywalled_content":false,"_jetpack_memberships_contains_paid_content":false,"footnotes":"","jetpack_publicize_message":"","jetpack_publicize_feature_enabled":true,"jetpack_social_post_already_shared":true,"jetpack_social_options":{"image_generator_settings":{"template":"highway","default_image_id":0,"font":"","enabled":false},"version":2}},"categories":[11],"tags":[],"class_list":["post-75014","post","type-post","status-publish","format-standard","has-post-thumbnail","hentry","category-noticias-de-ribeirao-preto-sp-e-regiao-ismael-colosi"],"jetpack_publicize_connections":[],"jetpack_featured_media_url":"https:\/\/i0.wp.com\/noticiasribeiraopreto.com.br\/wp-content\/uploads\/2025\/08\/Dino-Coxinhas-scaled.jpeg?fit=1170%2C780&ssl=1","jetpack-related-posts":[{"id":41151,"url":"https:\/\/noticiasribeiraopreto.com.br\/index.php\/2024\/03\/06\/vagas-de-emprego-na-area-de-logistica-em-ribeirao-preto-sp\/","url_meta":{"origin":75014,"position":0},"title":"Vagas de emprego na \u00e1rea de log\u00edstica em Ribeir\u00e3o Preto-SP","author":"noticiasribeiraopreto.com.br","date":"6 de March de 2024","format":false,"excerpt":"L\u00edder de Estoque Auxiliar De Expedi\u00e7\u00e3o Auxiliar de Log\u00edstica - Ribeir\u00e3o Preto - SP Auxiliar de Logistica - Repositor Auxiliar de Logistica - Repositor Operador Log\u00edstico Operador Log\u00edstico - Com Experi\u00eancia AUXILIAR DE LOG\u00cdSTICA Get notified about new Log\u00edstica jobs in Ribeir\u00e3o Preto, SP. Sign in to create job alert\u2026","rel":"","context":"In &quot;Vagas de Emprego em Ribeir\u00e3o Preto-SP&quot;","block_context":{"text":"Vagas de Emprego em Ribeir\u00e3o Preto-SP","link":"https:\/\/noticiasribeiraopreto.com.br\/index.php\/category\/empregos-classificados-vagas-trabalho\/vagas-de-empregos-em-ribeirao-preto-regiao-brasil\/"},"img":{"alt_text":"","src":"https:\/\/i0.wp.com\/noticiasribeiraopreto.com.br\/wp-content\/uploads\/2024\/03\/1709754085_Novas-vagas-de-emprego-na-area-de-logistica-Saiba-como-enviar-seu-curriculo.jpg?fit=1199%2C675&ssl=1&resize=350%2C200","width":350,"height":200,"srcset":"https:\/\/i0.wp.com\/noticiasribeiraopreto.com.br\/wp-content\/uploads\/2024\/03\/1709754085_Novas-vagas-de-emprego-na-area-de-logistica-Saiba-como-enviar-seu-curriculo.jpg?fit=1199%2C675&ssl=1&resize=350%2C200 1x, https:\/\/i0.wp.com\/noticiasribeiraopreto.com.br\/wp-content\/uploads\/2024\/03\/1709754085_Novas-vagas-de-emprego-na-area-de-logistica-Saiba-como-enviar-seu-curriculo.jpg?fit=1199%2C675&ssl=1&resize=525%2C300 1.5x, https:\/\/i0.wp.com\/noticiasribeiraopreto.com.br\/wp-content\/uploads\/2024\/03\/1709754085_Novas-vagas-de-emprego-na-area-de-logistica-Saiba-como-enviar-seu-curriculo.jpg?fit=1199%2C675&ssl=1&resize=700%2C400 2x, https:\/\/i0.wp.com\/noticiasribeiraopreto.com.br\/wp-content\/uploads\/2024\/03\/1709754085_Novas-vagas-de-emprego-na-area-de-logistica-Saiba-como-enviar-seu-curriculo.jpg?fit=1199%2C675&ssl=1&resize=1050%2C600 3x"},"classes":[]},{"id":54653,"url":"https:\/\/noticiasribeiraopreto.com.br\/index.php\/2024\/07\/15\/gerente-de-fabrica\/","url_meta":{"origin":75014,"position":1},"title":"Gerente de F\u00e1brica","author":"noticiasribeiraopreto.com.br","date":"15 de July de 2024","format":false,"excerpt":"Gerente de F\u00e1bricaCampinasView JobDiretor IndustrialS\u00e3o Jos\u00e9 dos CamposView JobGerente de MarketingRibeir\u00e3o PretoView JobDiretor de SustentabilidadeCampinas\/SPView JobDiretor de RHRibeir\u00e3o PretoView JobCoordenador de Marketing Ribeir\u00e3o PretoView JobGerente de Log\u00edsticaRibeir\u00e3o PretoView JobDiretor AdministrativoRibeir\u00e3o PretoView JobSupervisor de VendasRibeir\u00e3o Preto\/SPView JobDiretor Industrial \u2013 Agroneg\u00f3cioRibeir\u00e3o PretoView JobDiretor Geral de Unidade de Neg\u00f3cio B2B - EdtechRibeir\u00e3o PretoView\u2026","rel":"","context":"In &quot;Vagas de Emprego em Ribeir\u00e3o Preto-SP&quot;","block_context":{"text":"Vagas de Emprego em Ribeir\u00e3o Preto-SP","link":"https:\/\/noticiasribeiraopreto.com.br\/index.php\/category\/empregos-classificados-vagas-trabalho\/vagas-de-empregos-em-ribeirao-preto-regiao-brasil\/"},"img":{"alt_text":"","src":"","width":0,"height":0},"classes":[]},{"id":54325,"url":"https:\/\/noticiasribeiraopreto.com.br\/index.php\/2024\/07\/08\/30-novas-vagas-de-emprego-em-ribeirao-preto-sp-102\/","url_meta":{"origin":75014,"position":2},"title":"30 novas vagas de emprego em Ribeir\u00e3o Preto-SP","author":"noticiasribeiraopreto.com.br","date":"8 de July de 2024","format":false,"excerpt":"Gerente de F\u00e1bricaCampinasView JobDiretor IndustrialS\u00e3o Jos\u00e9 dos CamposView JobGerente de MarketingRibeir\u00e3o PretoView JobDiretor de SustentabilidadeCampinas\/SPView JobDiretor de RHRibeir\u00e3o PretoView JobCoordenador de Marketing Ribeir\u00e3o PretoView JobGerente de Log\u00edsticaRibeir\u00e3o PretoView JobDiretor AdministrativoRibeir\u00e3o PretoView JobSupervisor de VendasRibeir\u00e3o Preto\/SPView JobDiretor Industrial \u2013 Agroneg\u00f3cioRibeir\u00e3o PretoView JobDiretor Geral de Unidade de Neg\u00f3cio B2B - EdtechRibeir\u00e3o PretoView\u2026","rel":"","context":"In &quot;Vagas de Emprego em Ribeir\u00e3o Preto-SP&quot;","block_context":{"text":"Vagas de Emprego em Ribeir\u00e3o Preto-SP","link":"https:\/\/noticiasribeiraopreto.com.br\/index.php\/category\/empregos-classificados-vagas-trabalho\/vagas-de-empregos-em-ribeirao-preto-regiao-brasil\/"},"img":{"alt_text":"","src":"","width":0,"height":0},"classes":[]},{"id":45324,"url":"https:\/\/noticiasribeiraopreto.com.br\/index.php\/2024\/04\/03\/vagas-de-emprego-na-area-de-logistica-em-ribeirao-preto-sp-2\/","url_meta":{"origin":75014,"position":3},"title":"Vagas de emprego na \u00e1rea de log\u00edstica em Ribeir\u00e3o Preto-SP","author":"noticiasribeiraopreto.com.br","date":"3 de April de 2024","format":false,"excerpt":"Auxiliar de Estoque Assistente de Log\u00edstica Auxiliar de Produ\u00e7\u00e3o\/Log\u00edstica Estoquista - Sephora Ribeir\u00e3o Preto Estoquista - Sephora Ribeir\u00e3o Preto Auxiliar De Expedi\u00e7\u00e3o Estoquista Assistente Auxiliar de Log\u00edstica - Ribeir\u00e3o Preto - SP Get notified about new Log\u00edstica jobs in Ribeir\u00e3o Preto, SP. Sign in to create job alert 393 Log\u00edstica\u2026","rel":"","context":"In &quot;Vagas de Emprego em Ribeir\u00e3o Preto-SP&quot;","block_context":{"text":"Vagas de Emprego em Ribeir\u00e3o Preto-SP","link":"https:\/\/noticiasribeiraopreto.com.br\/index.php\/category\/empregos-classificados-vagas-trabalho\/vagas-de-empregos-em-ribeirao-preto-regiao-brasil\/"},"img":{"alt_text":"","src":"https:\/\/i0.wp.com\/noticiasribeiraopreto.com.br\/wp-content\/uploads\/2024\/04\/Novas-vagas-de-emprego-na-area-de-logistica-Saiba-como-enviar-seu-curriculo.jpg?fit=1199%2C675&ssl=1&resize=350%2C200","width":350,"height":200,"srcset":"https:\/\/i0.wp.com\/noticiasribeiraopreto.com.br\/wp-content\/uploads\/2024\/04\/Novas-vagas-de-emprego-na-area-de-logistica-Saiba-como-enviar-seu-curriculo.jpg?fit=1199%2C675&ssl=1&resize=350%2C200 1x, https:\/\/i0.wp.com\/noticiasribeiraopreto.com.br\/wp-content\/uploads\/2024\/04\/Novas-vagas-de-emprego-na-area-de-logistica-Saiba-como-enviar-seu-curriculo.jpg?fit=1199%2C675&ssl=1&resize=525%2C300 1.5x, https:\/\/i0.wp.com\/noticiasribeiraopreto.com.br\/wp-content\/uploads\/2024\/04\/Novas-vagas-de-emprego-na-area-de-logistica-Saiba-como-enviar-seu-curriculo.jpg?fit=1199%2C675&ssl=1&resize=700%2C400 2x, https:\/\/i0.wp.com\/noticiasribeiraopreto.com.br\/wp-content\/uploads\/2024\/04\/Novas-vagas-de-emprego-na-area-de-logistica-Saiba-como-enviar-seu-curriculo.jpg?fit=1199%2C675&ssl=1&resize=1050%2C600 3x"},"classes":[]},{"id":39221,"url":"https:\/\/noticiasribeiraopreto.com.br\/index.php\/2024\/02\/23\/20-vagas-de-empregos-entre-e-veja-oportunidades-de-trabalho-em-ribeirao-preto-sp-19\/","url_meta":{"origin":75014,"position":4},"title":"20 vagas de empregos: entre e veja oportunidades de trabalho em Ribeir\u00e3o Preto-SP","author":"noticiasribeiraopreto.com.br","date":"23 de February de 2024","format":false,"excerpt":"Lista de Vagas em Ribeir\u00e3o Preto Ribeir\u00e3o Preto - SP Caixa Ver mais Ribeir\u00e3o Preto - SP AUXILIAR DE ALMOXARIFE Ver mais Ribeir\u00e3o Preto - SP VIGILANTE Ver mais Ribeir\u00e3o Preto - SP Operador de Rastreamento Ver mais Ribeir\u00e3o Preto - SP Almoxarife Ver mais Ribeir\u00e3o Preto - SP Vendedor(a)\u2026","rel":"","context":"In &quot;Vagas de Emprego em Ribeir\u00e3o Preto-SP&quot;","block_context":{"text":"Vagas de Emprego em Ribeir\u00e3o Preto-SP","link":"https:\/\/noticiasribeiraopreto.com.br\/index.php\/category\/empregos-classificados-vagas-trabalho\/vagas-de-empregos-em-ribeirao-preto-regiao-brasil\/"},"img":{"alt_text":"","src":"","width":0,"height":0},"classes":[]},{"id":52860,"url":"https:\/\/noticiasribeiraopreto.com.br\/index.php\/2024\/06\/13\/diretor-geral-de-unidade-de-negocio-b2b-edtech\/","url_meta":{"origin":75014,"position":5},"title":"Diretor Geral de Unidade de Neg\u00f3cio B2B &#8211; Edtech","author":"noticiasribeiraopreto.com.br","date":"13 de June de 2024","format":false,"excerpt":"Diretor Industrial \u2013 Agroneg\u00f3cioRibeir\u00e3o PretoView JobDiretor Geral de Unidade de Neg\u00f3cio B2B - EdtechRibeir\u00e3o PretoView JobGerente de vendas- Bombas centr\u00edfugas Ribeir\u00e3o PretoView JobGerente de PCP CampinasView JobENGENHEIRO CIVIL Ribeir\u00e3o Preto View JobDiretora Financeira (vaga afirmativa para mulheres) Campinas View JobGerente de Manufatura Ribeir\u00e3o Preto View JobGerente de Controle da Qualidade\u2026","rel":"","context":"In &quot;Vagas de Emprego em Ribeir\u00e3o Preto-SP&quot;","block_context":{"text":"Vagas de Emprego em Ribeir\u00e3o Preto-SP","link":"https:\/\/noticiasribeiraopreto.com.br\/index.php\/category\/empregos-classificados-vagas-trabalho\/vagas-de-empregos-em-ribeirao-preto-regiao-brasil\/"},"img":{"alt_text":"","src":"","width":0,"height":0},"classes":[]}],"jetpack_sharing_enabled":true,"jetpack_shortlink":"https:\/\/wp.me\/peQAOb-jvU","_links":{"self":[{"href":"https:\/\/noticiasribeiraopreto.com.br\/index.php\/wp-json\/wp\/v2\/posts\/75014","targetHints":{"allow":["GET"]}}],"collection":[{"href":"https:\/\/noticiasribeiraopreto.com.br\/index.php\/wp-json\/wp\/v2\/posts"}],"about":[{"href":"https:\/\/noticiasribeiraopreto.com.br\/index.php\/wp-json\/wp\/v2\/types\/post"}],"author":[{"embeddable":true,"href":"https:\/\/noticiasribeiraopreto.com.br\/index.php\/wp-json\/wp\/v2\/users\/1"}],"replies":[{"embeddable":true,"href":"https:\/\/noticiasribeiraopreto.com.br\/index.php\/wp-json\/wp\/v2\/comments?post=75014"}],"version-history":[{"count":0,"href":"https:\/\/noticiasribeiraopreto.com.br\/index.php\/wp-json\/wp\/v2\/posts\/75014\/revisions"}],"wp:featuredmedia":[{"embeddable":true,"href":"https:\/\/noticiasribeiraopreto.com.br\/index.php\/wp-json\/wp\/v2\/media\/75015"}],"wp:attachment":[{"href":"https:\/\/noticiasribeiraopreto.com.br\/index.php\/wp-json\/wp\/v2\/media?parent=75014"}],"wp:term":[{"taxonomy":"category","embeddable":true,"href":"https:\/\/noticiasribeiraopreto.com.br\/index.php\/wp-json\/wp\/v2\/categories?post=75014"},{"taxonomy":"post_tag","embeddable":true,"href":"https:\/\/noticiasribeiraopreto.com.br\/index.php\/wp-json\/wp\/v2\/tags?post=75014"}],"curies":[{"name":"wp","href":"https:\/\/api.w.org\/{rel}","templated":true}]}}