{"id":75022,"date":"2025-08-01T18:53:31","date_gmt":"2025-08-01T21:53:31","guid":{"rendered":"https:\/\/noticiasribeiraopreto.com.br\/index.php\/2025\/08\/01\/caneta-emagrecedora-produzida-no-interior-de-sp-chega-as-farmacias-veja-o-preco\/"},"modified":"2025-08-01T18:53:31","modified_gmt":"2025-08-01T21:53:31","slug":"caneta-emagrecedora-produzida-no-interior-de-sp-chega-as-farmacias-veja-o-preco","status":"publish","type":"post","link":"https:\/\/noticiasribeiraopreto.com.br\/index.php\/2025\/08\/01\/caneta-emagrecedora-produzida-no-interior-de-sp-chega-as-farmacias-veja-o-preco\/","title":{"rendered":"Caneta emagrecedora produzida no interior de SP chega \u00e0s farm\u00e1cias; veja o pre\u00e7o"},"content":{"rendered":"<div class='code-block code-block-1' style='margin: 8px 0 8px auto; text-align: right; display: block; clear: both;'>\n<p><a href=\"https:\/\/wa.link\/vpicfd\"><img data-recalc-dims=\"1\" class=\"wp-image-4922\" style=\"aspect-ratio: 2.0253164556962027; width: 561px; height: auto;\" src=\"https:\/\/i0.wp.com\/ismaelcolosi.com.br\/wp-content\/uploads\/2023\/11\/grupo-de-empregos-whatsapp-e-facebook-ismael-colosi-vagas.jpg?ssl=1\" alt=\"\" \/><\/a><\/p>\n<!-- \/wp:image -->\n<\/div>\n<p> <br \/>\n<\/p>\n<div>\n<p>A farmac\u00eautica EMS come\u00e7a a vender na pr\u00f3xima segunda-feira (4) as<strong> primeiras canetas produzidas integralmente no Brasil <\/strong>para o tratamento da obesidade e da diabetes tipo 2. <strong>A fabrica\u00e7\u00e3o acontece na unidade da empresa<\/strong> em Hortol\u00e2ndia, no <strong>interior de S\u00e3o Paulo.<\/strong><\/p>\n<p>O mercado receber\u00e1 duas vers\u00f5es do medicamento: <strong>Olire<\/strong>, indicado para controle de peso, e <strong>Lirux<\/strong>, voltado ao tratamento da diabetes tipo 2. <strong>Ambos t\u00eam como princ\u00edpio ativo a liraglutida.<\/strong><\/p>\n<p>A comercializa\u00e7\u00e3o, nesta fase inicial, ser\u00e1 limitada \u00e0s redes Raia, Drogasil, Drogaria S\u00e3o Paulo e Pacheco. <strong>As canetas estar\u00e3o dispon\u00edveis nos sites e em parte das lojas f\u00edsicas das regi\u00f5es Sul e Sudeste.<\/strong> A distribui\u00e7\u00e3o nacional ocorrer\u00e1 de forma gradual nas pr\u00f3ximas semanas.<\/p>\n<figure class=\"wp-block-image size-full\"><img data-recalc-dims=\"1\" fetchpriority=\"high\" decoding=\"async\" width=\"700\" height=\"467\" src=\"https:\/\/i0.wp.com\/cdn.media-acidadeon.com.br\/ribeiraopreto\/wp-content\/uploads\/sites\/3\/2025\/08\/image_2025-08-01_20-18-22.webp?resize=700%2C467&#038;ssl=1\" alt=\"\" class=\"wp-image-124528\" srcset=\"https:\/\/cdn.media-acidadeon.com.br\/ribeiraopreto\/wp-content\/uploads\/sites\/3\/2025\/08\/image_2025-08-01_20-18-22.webp 700w, https:\/\/cdn.media-acidadeon.com.br\/ribeiraopreto\/wp-content\/uploads\/sites\/3\/2025\/08\/image_2025-08-01_20-18-22-300x200.webp 300w, https:\/\/cdn.media-acidadeon.com.br\/ribeiraopreto\/wp-content\/uploads\/sites\/3\/2025\/08\/image_2025-08-01_20-18-22-696x464.webp 696w\" sizes=\"(max-width: 700px) 100vw, 700px\"\/><figcaption class=\"wp-element-caption\">Canetas emagrecedoras produzidas no Brasil \u2013 Foto: Divulga\u00e7\u00e3o<\/figcaption><\/figure>\n<h3 class=\"wp-block-heading\"><strong>Qual o valor?<\/strong><\/h3>\n<p>O pre\u00e7o sugerido para a embalagem com uma unidade de Olire \u00e9 de <strong>R$ 307,26<\/strong>. O kit com tr\u00eas canetas custa R$ <strong>760,61<\/strong>. No caso do <strong>Lirux<\/strong>, o valor para duas unidades ser\u00e1 de <strong>R$ 507,07<\/strong>. <\/p>\n<p><strong>A primeira remessa inclui 100 mil unidades de Olire e 50 mil de Lirux<\/strong>. A meta da empresa \u00e9 colocar <strong>250 mil canetas em circula\u00e7\u00e3o at\u00e9 o fim de 2025 e atingir 500 mil at\u00e9 agosto de 2026.<\/strong><\/p>\n<p>A planta em Hortol\u00e2ndia tem capacidade para produzir 20 milh\u00f5es de canetas por ano, com possibilidade de amplia\u00e7\u00e3o para 40 milh\u00f5es conforme a demanda. A f\u00e1brica \u00e9 a \u00fanica no pa\u00eds especializada na produ\u00e7\u00e3o de pept\u00eddeos, subst\u00e2ncias que imitam horm\u00f4nios naturais como a liraglutida.<\/p>\n<hr class=\"wp-block-separator has-alpha-channel-opacity\"\/>\n<h4 class=\"wp-block-heading\">SAIBA MAIS<\/h4>\n<p>Sabia que a cidade mais silenciosa do Brasil fica na regi\u00e3o de Ribeir\u00e3o Preto? Veja qual \u00e9<\/p>\n<h2 class=\"wp-block-heading\"><strong>FIQUE ON<\/strong><\/h2>\n<p>Quer ficar por dentro de tudo que acontece em Ribeir\u00e3o Preto e regi\u00e3o? Ent\u00e3o siga os perfis do\u202facidade on\u202fno\u202f<a href=\"https:\/\/www.instagram.com\/acidadeonribeirao\" target=\"_blank\" rel=\"noreferrer noopener\">Instagram<\/a>\u202fe no\u202f<a href=\"https:\/\/www.facebook.com\/acidadeonribeirao\/\" target=\"_blank\" rel=\"noreferrer noopener\">Facebook<\/a>.<\/p>\n<p>Al\u00e9m disso, voc\u00ea pode receber as principais not\u00edcias diretamente no WhatsApp. Para isso, basta\u00a0<a href=\"https:\/\/chat.whatsapp.com\/BjKQZ9oJwlz8VVT50NuePq\" target=\"_blank\" rel=\"noreferrer noopener\">entrar no grupo clicando aqui<\/a>.<\/p>\n<p>Por fim, se quiser fazer uma den\u00fancia ou sugerir uma reportagem sobre Ribeir\u00e3o Preto e regi\u00e3o, envie uma mensagem pelo WhatsApp:\u00a0(16) 99117-7802.<\/p>\n<p>VEJA TAMB\u00c9M<\/p>\n<p>Qual o hor\u00e1rio em que celulares s\u00e3o mais furtados?<\/p>\n<p><!-- AI CONTENT END 1 -->\n<\/div>\n<p><script async src=\"\/\/www.instagram.com\/embed.js\"><\/script><br \/>\n<br \/><br \/>\n<br \/><a href=\"https:\/\/www.acidadeon.com\/ribeiraopreto\/cotidiano\/caneta-emagrecedora-produzida-no-interior-de-sp-chega-as-farmacias-veja-o-preco\/\">Source link <\/a><\/p>\n<!-- CONTENT END 1 -->\n","protected":false},"excerpt":{"rendered":"<p>A farmac\u00eautica EMS come\u00e7a a vender na pr\u00f3xima segunda-feira (4) as primeiras canetas produzidas integralmente no Brasil para o tratamento da obesidade e da diabetes&#8230;<\/p>\n","protected":false},"author":1,"featured_media":75023,"comment_status":"open","ping_status":"open","sticky":false,"template":"","format":"standard","meta":{"advanced_seo_description":"","jetpack_seo_html_title":"","jetpack_seo_noindex":false,"jetpack_post_was_ever_published":false,"_jetpack_newsletter_access":"","_jetpack_dont_email_post_to_subs":false,"_jetpack_newsletter_tier_id":0,"_jetpack_memberships_contains_paywalled_content":false,"_jetpack_memberships_contains_paid_content":false,"footnotes":"","jetpack_publicize_message":"","jetpack_publicize_feature_enabled":true,"jetpack_social_post_already_shared":true,"jetpack_social_options":{"image_generator_settings":{"template":"highway","default_image_id":0,"font":"","enabled":false},"version":2}},"categories":[11],"tags":[],"class_list":["post-75022","post","type-post","status-publish","format-standard","has-post-thumbnail","hentry","category-noticias-de-ribeirao-preto-sp-e-regiao-ismael-colosi"],"jetpack_publicize_connections":[],"jetpack_featured_media_url":"https:\/\/i0.wp.com\/noticiasribeiraopreto.com.br\/wp-content\/uploads\/2025\/08\/high-angle-diabetic-woman-checking-her-glucose-level_2025-04-16_23-31-08_jpg_2025-04-16_23-31-11-1024x681.webp.webp?fit=1024%2C681&ssl=1","jetpack-related-posts":[{"id":15775,"url":"https:\/\/noticiasribeiraopreto.com.br\/index.php\/2023\/12\/14\/novas-canetas-do-emagrecimento-podem-ajudar-uma-farmaceutica-a-se-tornar-a-proxima-empresa-trilionaria-dos-eua\/","url_meta":{"origin":75022,"position":0},"title":"Novas \u2018canetas do emagrecimento\u2019 podem ajudar uma farmac\u00eautica a se tornar a pr\u00f3xima empresa trilion\u00e1ria dos EUA","author":"noticiasribeiraopreto.com.br","date":"14 de December de 2023","format":false,"excerpt":"O sucesso do mercado de \u201ccanetas do emagrecimento\u201d pode fazer a farmac\u00eautica Eli Lilly se tornar a pr\u00f3xima empresa trilion\u00e1ria de Wall Street \u2014 e quem diz isso \u00e9 o investidor bilion\u00e1rio Ken Langone. \u201cAcho que a Eli Lilly ser\u00e1 a primeira empresa farmac\u00eautica de um trilh\u00e3o de d\u00f3lares da\u2026","rel":"","context":"In &quot;Dinheiro e Investimento&quot;","block_context":{"text":"Dinheiro e Investimento","link":"https:\/\/noticiasribeiraopreto.com.br\/index.php\/category\/dinheiro-e-investimento-como-fazer-como-ganhar\/"},"img":{"alt_text":"","src":"https:\/\/i0.wp.com\/noticiasribeiraopreto.com.br\/wp-content\/uploads\/2023\/12\/Mounjaro-medicamento-rival-do-Ozempic-715x402.jpg?fit=715%2C402&ssl=1&resize=350%2C200","width":350,"height":200,"srcset":"https:\/\/i0.wp.com\/noticiasribeiraopreto.com.br\/wp-content\/uploads\/2023\/12\/Mounjaro-medicamento-rival-do-Ozempic-715x402.jpg?fit=715%2C402&ssl=1&resize=350%2C200 1x, https:\/\/i0.wp.com\/noticiasribeiraopreto.com.br\/wp-content\/uploads\/2023\/12\/Mounjaro-medicamento-rival-do-Ozempic-715x402.jpg?fit=715%2C402&ssl=1&resize=525%2C300 1.5x, https:\/\/i0.wp.com\/noticiasribeiraopreto.com.br\/wp-content\/uploads\/2023\/12\/Mounjaro-medicamento-rival-do-Ozempic-715x402.jpg?fit=715%2C402&ssl=1&resize=700%2C400 2x"},"classes":[]},{"id":68575,"url":"https:\/\/noticiasribeiraopreto.com.br\/index.php\/2025\/04\/26\/saude-distribui-novas-canetas-de-insulina\/","url_meta":{"origin":75022,"position":1},"title":"Sa\u00fade distribui novas \u2018canetas\u2019 de insulina \u00a0","author":"noticiasribeiraopreto.com.br","date":"26 de April de 2025","format":false,"excerpt":"26 de abril de 2025 16:3026 de abril de 2025 09:409 Compartilhar0 A prefeitura de Ribeir\u00e3o Preto, por meio da Secretaria Municipal da Sa\u00fade, deu in\u00edcio \u00e0 distribui\u00e7\u00e3o de canetas de insulina permanentes entregues pelo Minist\u00e9rio da Sa\u00fade para pacientes da rede p\u00fablica. A iniciativa moderniza o cuidado com pessoas\u2026","rel":"","context":"In &quot;Not\u00edcias de Ribeir\u00e3o Preto-SP e Regi\u00e3o&quot;","block_context":{"text":"Not\u00edcias de Ribeir\u00e3o Preto-SP e Regi\u00e3o","link":"https:\/\/noticiasribeiraopreto.com.br\/index.php\/category\/noticias-de-ribeirao-preto-sp-e-regiao-ismael-colosi\/"},"img":{"alt_text":"","src":"https:\/\/i0.wp.com\/noticiasribeiraopreto.com.br\/wp-content\/uploads\/2025\/04\/Diabetes-Guilherme-Sircili-scaled.jpeg?fit=752%2C500&ssl=1&resize=350%2C200","width":350,"height":200,"srcset":"https:\/\/i0.wp.com\/noticiasribeiraopreto.com.br\/wp-content\/uploads\/2025\/04\/Diabetes-Guilherme-Sircili-scaled.jpeg?fit=752%2C500&ssl=1&resize=350%2C200 1x, https:\/\/i0.wp.com\/noticiasribeiraopreto.com.br\/wp-content\/uploads\/2025\/04\/Diabetes-Guilherme-Sircili-scaled.jpeg?fit=752%2C500&ssl=1&resize=525%2C300 1.5x, https:\/\/i0.wp.com\/noticiasribeiraopreto.com.br\/wp-content\/uploads\/2025\/04\/Diabetes-Guilherme-Sircili-scaled.jpeg?fit=752%2C500&ssl=1&resize=700%2C400 2x"},"classes":[]},{"id":73271,"url":"https:\/\/noticiasribeiraopreto.com.br\/index.php\/2025\/06\/28\/saude-vai-fornecer-sensor-de-glicose\/","url_meta":{"origin":75022,"position":2},"title":"Sa\u00fade vai fornecer sensor de glicose","author":"noticiasribeiraopreto.com.br","date":"28 de June de 2025","format":false,"excerpt":"A prefeitura de Ribeir\u00e3o Preto deu mais um passo importante no cuidado com a sa\u00fade das crian\u00e7as e adolescentes da rede p\u00fablica: 228 pacientes com diabetes tipo 1, com idades entre 2 e 18 anos incompletos, passam a receber gratuitamente o sensor digital de monitoramento cont\u00ednuo de glicose, por meio\u2026","rel":"","context":"In &quot;Not\u00edcias de Ribeir\u00e3o Preto-SP e Regi\u00e3o&quot;","block_context":{"text":"Not\u00edcias de Ribeir\u00e3o Preto-SP e Regi\u00e3o","link":"https:\/\/noticiasribeiraopreto.com.br\/index.php\/category\/noticias-de-ribeirao-preto-sp-e-regiao-ismael-colosi\/"},"img":{"alt_text":"","src":"https:\/\/i0.wp.com\/noticiasribeiraopreto.com.br\/wp-content\/uploads\/2025\/06\/Diabetes-Detalhe-Fernando-Gonzaga.jpg?fit=1200%2C800&ssl=1&resize=350%2C200","width":350,"height":200,"srcset":"https:\/\/i0.wp.com\/noticiasribeiraopreto.com.br\/wp-content\/uploads\/2025\/06\/Diabetes-Detalhe-Fernando-Gonzaga.jpg?fit=1200%2C800&ssl=1&resize=350%2C200 1x, https:\/\/i0.wp.com\/noticiasribeiraopreto.com.br\/wp-content\/uploads\/2025\/06\/Diabetes-Detalhe-Fernando-Gonzaga.jpg?fit=1200%2C800&ssl=1&resize=525%2C300 1.5x, https:\/\/i0.wp.com\/noticiasribeiraopreto.com.br\/wp-content\/uploads\/2025\/06\/Diabetes-Detalhe-Fernando-Gonzaga.jpg?fit=1200%2C800&ssl=1&resize=700%2C400 2x, https:\/\/i0.wp.com\/noticiasribeiraopreto.com.br\/wp-content\/uploads\/2025\/06\/Diabetes-Detalhe-Fernando-Gonzaga.jpg?fit=1200%2C800&ssl=1&resize=1050%2C600 3x"},"classes":[]},{"id":84181,"url":"https:\/\/noticiasribeiraopreto.com.br\/index.php\/2026\/04\/03\/o-que-se-sabe-sobre-o-esquema-ilegal-de-canetas-emagrecedoras-no-interior-de-sp\/","url_meta":{"origin":75022,"position":3},"title":"O que se sabe sobre o esquema ilegal de canetas emagrecedoras no interior de SP","author":"noticiasribeiraopreto.com.br","date":"3 de April de 2026","format":false,"excerpt":"Ler o resumo da not\u00edcia O que se sabe sobre o esquema ilegal de canetas emagrecedoras no interior de SP Duas cl\u00ednicas investigadas por aplica\u00e7\u00e3o irregular de canetas emagrecedoras em Monte Alto, no interior de S\u00e3o Paulo, atuavam de forma conjunta e faziam indica\u00e7\u00e3o m\u00fatua de clientes, segundo a Pol\u00edcia\u2026","rel":"","context":"In &quot;Not\u00edcias de Ribeir\u00e3o Preto-SP e Regi\u00e3o&quot;","block_context":{"text":"Not\u00edcias de Ribeir\u00e3o Preto-SP e Regi\u00e3o","link":"https:\/\/noticiasribeiraopreto.com.br\/index.php\/category\/noticias-de-ribeirao-preto-sp-e-regiao-ismael-colosi\/"},"img":{"alt_text":"","src":"https:\/\/i0.wp.com\/noticiasribeiraopreto.com.br\/wp-content\/uploads\/2026\/04\/palace-2026-04-03T131819.934_2026-04-03_16-18-31.webp.webp?fit=1200%2C675&ssl=1&resize=350%2C200","width":350,"height":200,"srcset":"https:\/\/i0.wp.com\/noticiasribeiraopreto.com.br\/wp-content\/uploads\/2026\/04\/palace-2026-04-03T131819.934_2026-04-03_16-18-31.webp.webp?fit=1200%2C675&ssl=1&resize=350%2C200 1x, https:\/\/i0.wp.com\/noticiasribeiraopreto.com.br\/wp-content\/uploads\/2026\/04\/palace-2026-04-03T131819.934_2026-04-03_16-18-31.webp.webp?fit=1200%2C675&ssl=1&resize=525%2C300 1.5x, https:\/\/i0.wp.com\/noticiasribeiraopreto.com.br\/wp-content\/uploads\/2026\/04\/palace-2026-04-03T131819.934_2026-04-03_16-18-31.webp.webp?fit=1200%2C675&ssl=1&resize=700%2C400 2x, https:\/\/i0.wp.com\/noticiasribeiraopreto.com.br\/wp-content\/uploads\/2026\/04\/palace-2026-04-03T131819.934_2026-04-03_16-18-31.webp.webp?fit=1200%2C675&ssl=1&resize=1050%2C600 3x"},"classes":[]},{"id":67658,"url":"https:\/\/noticiasribeiraopreto.com.br\/index.php\/2025\/04\/16\/anvisa-restringe-venda-de-canetas-emagrecedoras-veja-o-que-muda\/","url_meta":{"origin":75022,"position":4},"title":"Anvisa restringe venda de canetas emagrecedoras; veja o que muda","author":"noticiasribeiraopreto.com.br","date":"16 de April de 2025","format":false,"excerpt":"Nesta quarta-feira (16), a Diretoria Colegiada da Anvisa aprovou novas regras para a prescri\u00e7\u00e3o e a dispensa\u00e7\u00e3o de medicamentos agonistas do receptor GLP-1. Com a nova medida, se torna obrigat\u00f3ria a reten\u00e7\u00e3o de receita m\u00e9dica para a venda desses medicamentos. Entre os medicamentos afetados est\u00e3o semaglutida, liraglutida, dulaglutida, exenatida, tirzepatida\u2026","rel":"","context":"In &quot;Not\u00edcias de Ribeir\u00e3o Preto-SP e Regi\u00e3o&quot;","block_context":{"text":"Not\u00edcias de Ribeir\u00e3o Preto-SP e Regi\u00e3o","link":"https:\/\/noticiasribeiraopreto.com.br\/index.php\/category\/noticias-de-ribeirao-preto-sp-e-regiao-ismael-colosi\/"},"img":{"alt_text":"","src":"https:\/\/i0.wp.com\/noticiasribeiraopreto.com.br\/wp-content\/uploads\/2025\/04\/high-angle-diabetic-woman-checking-her-glucose-level_2025-04-16_23-31-08_jpg_2025-04-16_23-31-11-scaled.webp.webp?fit=1200%2C798&ssl=1&resize=350%2C200","width":350,"height":200,"srcset":"https:\/\/i0.wp.com\/noticiasribeiraopreto.com.br\/wp-content\/uploads\/2025\/04\/high-angle-diabetic-woman-checking-her-glucose-level_2025-04-16_23-31-08_jpg_2025-04-16_23-31-11-scaled.webp.webp?fit=1200%2C798&ssl=1&resize=350%2C200 1x, https:\/\/i0.wp.com\/noticiasribeiraopreto.com.br\/wp-content\/uploads\/2025\/04\/high-angle-diabetic-woman-checking-her-glucose-level_2025-04-16_23-31-08_jpg_2025-04-16_23-31-11-scaled.webp.webp?fit=1200%2C798&ssl=1&resize=525%2C300 1.5x, https:\/\/i0.wp.com\/noticiasribeiraopreto.com.br\/wp-content\/uploads\/2025\/04\/high-angle-diabetic-woman-checking-her-glucose-level_2025-04-16_23-31-08_jpg_2025-04-16_23-31-11-scaled.webp.webp?fit=1200%2C798&ssl=1&resize=700%2C400 2x, https:\/\/i0.wp.com\/noticiasribeiraopreto.com.br\/wp-content\/uploads\/2025\/04\/high-angle-diabetic-woman-checking-her-glucose-level_2025-04-16_23-31-08_jpg_2025-04-16_23-31-11-scaled.webp.webp?fit=1200%2C798&ssl=1&resize=1050%2C600 3x"},"classes":[]},{"id":69412,"url":"https:\/\/noticiasribeiraopreto.com.br\/index.php\/2025\/05\/06\/jornal-da-franca-canetas-para-emagrecer-entenda-o-risco-do-uso-sem-acompanhamento\/","url_meta":{"origin":75022,"position":5},"title":"Jornal da Franca &#8211; \u201cCanetas para emagrecer\u201d: entenda o risco do uso sem acompanhamento","author":"noticiasribeiraopreto.com.br","date":"6 de May de 2025","format":false,"excerpt":"compartilhar no whatsapp compartilhar no telegram compartilhar no facebook compartilhar no linkedin A Anvisa vai come\u00e7ar a obrigar a reten\u00e7\u00e3o de receitas m\u00e9dicas para as chamadas \u201ccanetas para emagrecer\u201d; entenda os riscos delas Medicamentos como o Ozempic prometem emagrecimento r\u00e1pido, mas seu uso n\u00e3o deve ser indiscriminado \u2013 foto Shutterstock\u2026","rel":"","context":"In &quot;Not\u00edcias de Franca-SP&quot;","block_context":{"text":"Not\u00edcias de Franca-SP","link":"https:\/\/noticiasribeiraopreto.com.br\/index.php\/category\/noticias-de-ribeirao-preto-sp-e-regiao-ismael-colosi\/noticias-franca-sp\/"},"img":{"alt_text":"","src":"https:\/\/i0.wp.com\/noticiasribeiraopreto.com.br\/wp-content\/uploads\/2025\/05\/canetas-para-emagrecer-ozempic-shutterstock.jpg?fit=1200%2C675&ssl=1&resize=350%2C200","width":350,"height":200,"srcset":"https:\/\/i0.wp.com\/noticiasribeiraopreto.com.br\/wp-content\/uploads\/2025\/05\/canetas-para-emagrecer-ozempic-shutterstock.jpg?fit=1200%2C675&ssl=1&resize=350%2C200 1x, https:\/\/i0.wp.com\/noticiasribeiraopreto.com.br\/wp-content\/uploads\/2025\/05\/canetas-para-emagrecer-ozempic-shutterstock.jpg?fit=1200%2C675&ssl=1&resize=525%2C300 1.5x, https:\/\/i0.wp.com\/noticiasribeiraopreto.com.br\/wp-content\/uploads\/2025\/05\/canetas-para-emagrecer-ozempic-shutterstock.jpg?fit=1200%2C675&ssl=1&resize=700%2C400 2x, https:\/\/i0.wp.com\/noticiasribeiraopreto.com.br\/wp-content\/uploads\/2025\/05\/canetas-para-emagrecer-ozempic-shutterstock.jpg?fit=1200%2C675&ssl=1&resize=1050%2C600 3x"},"classes":[]}],"jetpack_sharing_enabled":true,"jetpack_shortlink":"https:\/\/wp.me\/peQAOb-jw2","_links":{"self":[{"href":"https:\/\/noticiasribeiraopreto.com.br\/index.php\/wp-json\/wp\/v2\/posts\/75022","targetHints":{"allow":["GET"]}}],"collection":[{"href":"https:\/\/noticiasribeiraopreto.com.br\/index.php\/wp-json\/wp\/v2\/posts"}],"about":[{"href":"https:\/\/noticiasribeiraopreto.com.br\/index.php\/wp-json\/wp\/v2\/types\/post"}],"author":[{"embeddable":true,"href":"https:\/\/noticiasribeiraopreto.com.br\/index.php\/wp-json\/wp\/v2\/users\/1"}],"replies":[{"embeddable":true,"href":"https:\/\/noticiasribeiraopreto.com.br\/index.php\/wp-json\/wp\/v2\/comments?post=75022"}],"version-history":[{"count":0,"href":"https:\/\/noticiasribeiraopreto.com.br\/index.php\/wp-json\/wp\/v2\/posts\/75022\/revisions"}],"wp:featuredmedia":[{"embeddable":true,"href":"https:\/\/noticiasribeiraopreto.com.br\/index.php\/wp-json\/wp\/v2\/media\/75023"}],"wp:attachment":[{"href":"https:\/\/noticiasribeiraopreto.com.br\/index.php\/wp-json\/wp\/v2\/media?parent=75022"}],"wp:term":[{"taxonomy":"category","embeddable":true,"href":"https:\/\/noticiasribeiraopreto.com.br\/index.php\/wp-json\/wp\/v2\/categories?post=75022"},{"taxonomy":"post_tag","embeddable":true,"href":"https:\/\/noticiasribeiraopreto.com.br\/index.php\/wp-json\/wp\/v2\/tags?post=75022"}],"curies":[{"name":"wp","href":"https:\/\/api.w.org\/{rel}","templated":true}]}}