{"id":75024,"date":"2025-08-01T19:00:01","date_gmt":"2025-08-01T22:00:01","guid":{"rendered":"https:\/\/noticiasribeiraopreto.com.br\/index.php\/2025\/08\/01\/professores-da-rede-publica-podem-se-inscrever-em-curso-gratuito-na-usp-de-ribeirao-preto\/"},"modified":"2025-08-01T19:00:01","modified_gmt":"2025-08-01T22:00:01","slug":"professores-da-rede-publica-podem-se-inscrever-em-curso-gratuito-na-usp-de-ribeirao-preto","status":"publish","type":"post","link":"https:\/\/noticiasribeiraopreto.com.br\/index.php\/2025\/08\/01\/professores-da-rede-publica-podem-se-inscrever-em-curso-gratuito-na-usp-de-ribeirao-preto\/","title":{"rendered":"Professores da rede p\u00fablica podem se inscrever em curso gratuito na USP de Ribeir\u00e3o Preto"},"content":{"rendered":"<div class='code-block code-block-1' style='margin: 8px 0 8px auto; text-align: right; display: block; clear: both;'>\n<p><a href=\"https:\/\/wa.link\/vpicfd\"><img data-recalc-dims=\"1\" class=\"wp-image-4922\" style=\"aspect-ratio: 2.0253164556962027; width: 561px; height: auto;\" src=\"https:\/\/i0.wp.com\/ismaelcolosi.com.br\/wp-content\/uploads\/2023\/11\/grupo-de-empregos-whatsapp-e-facebook-ismael-colosi-vagas.jpg?ssl=1\" alt=\"\" \/><\/a><\/p>\n<!-- \/wp:image -->\n<\/div>\n<p> <br \/>\n<\/p>\n<div data-td-block-uid=\"tdi_95\">\n<div class=\"tdb-block-inner td-fix-index\">\n<p>A Faculdade de Direito de Ribeir\u00e3o Preto (FDRP\/USP) est\u00e1 com inscri\u00e7\u00f5es abertas para o <strong>Curso de Capacita\u00e7\u00e3o em Direitos Humanos e Cidadania<\/strong>, voltado <strong>exclusivamente <\/strong>para professores da rede p\u00fablica de ensino b\u00e1sico.<\/p>\n<p>A forma\u00e7\u00e3o ser\u00e1 <strong>100% gratuita e presencial<\/strong>, com in\u00edcio previsto para o dia <strong>13 de setembro de 2025<\/strong>. As aulas acontecer\u00e3o aos <strong>s\u00e1bados, das 8h \u00e0s 12h<\/strong>, nas depend\u00eancias da faculdade, localizada no campus da USP em Ribeir\u00e3o Preto.<\/p>\n<p>O curso busca aprofundar a compreens\u00e3o dos direitos humanos e promover pr\u00e1ticas pedag\u00f3gicas que incentivem a cidadania e o respeito \u00e0 diversidade nas escolas.<\/p>\n<p>Os participantes receber\u00e3o <strong>certificado de conclus\u00e3o emitido pela Funda\u00e7\u00e3o para o Desenvolvimento do Ensino e da Pesquisa do Direito (FADEP)<\/strong>.<\/p>\n<p>As vagas s\u00e3o limitadas, e as inscri\u00e7\u00f5es devem ser feitas por meio do link \u2013 <a href=\"https:\/\/bit.ly\/3UxipWy\" data-type=\"link\" data-id=\"https:\/\/bit.ly\/3UxipWy\" target=\"_blank\" rel=\"noopener\">clique aqui.<\/a><\/p>\n<hr class=\"wp-block-separator has-alpha-channel-opacity\"\/>\n<h4 class=\"wp-block-heading\">SAIBA MAIS<\/h4>\n<p>Sabia que a cidade mais silenciosa do Brasil fica na regi\u00e3o de Ribeir\u00e3o Preto? Veja qual \u00e9<\/p>\n<h2 class=\"wp-block-heading\"><strong>FIQUE ON<\/strong><\/h2>\n<p>Quer ficar por dentro de tudo que acontece em Ribeir\u00e3o Preto e regi\u00e3o? Ent\u00e3o siga os perfis do\u202facidade on\u202fno\u202f<a href=\"https:\/\/www.instagram.com\/acidadeonribeirao\" target=\"_blank\" rel=\"noreferrer noopener\">Instagram<\/a>\u202fe no\u202f<a href=\"https:\/\/www.facebook.com\/acidadeonribeirao\/\" target=\"_blank\" rel=\"noreferrer noopener\">Facebook<\/a>.<\/p>\n<p>Al\u00e9m disso, voc\u00ea pode receber as principais not\u00edcias diretamente no WhatsApp. Para isso, basta\u00a0<a href=\"https:\/\/chat.whatsapp.com\/BjKQZ9oJwlz8VVT50NuePq\" target=\"_blank\" rel=\"noreferrer noopener\">entrar no grupo clicando aqui<\/a>.<\/p>\n<p>Por fim, se quiser fazer uma den\u00fancia ou sugerir uma reportagem sobre Ribeir\u00e3o Preto e regi\u00e3o, envie uma mensagem pelo WhatsApp:\u00a0(16) 99117-7802.<\/p>\n<p>VEJA TAMB\u00c9M<\/p>\n<p>Qual o hor\u00e1rio em que celulares s\u00e3o mais furtados?<\/p>\n<p><!-- AI CONTENT END 1 -->\n<\/div>\n<\/div>\n<p><script async src=\"\/\/www.instagram.com\/embed.js\"><\/script><br \/>\n<br \/><br \/>\n<br \/><a href=\"https:\/\/www.acidadeon.com\/ribeiraopreto\/cotidiano\/professores-da-rede-publica-podem-se-inscrever-em-curso-gratuito-na-usp-de-ribeirao-preto\/\">Source link <\/a><\/p>\n<!-- CONTENT END 1 -->\n","protected":false},"excerpt":{"rendered":"<p>A Faculdade de Direito de Ribeir\u00e3o Preto (FDRP\/USP) est\u00e1 com inscri\u00e7\u00f5es abertas para o Curso de Capacita\u00e7\u00e3o em Direitos Humanos e Cidadania, voltado exclusivamente para&#8230;<\/p>\n","protected":false},"author":1,"featured_media":75025,"comment_status":"open","ping_status":"open","sticky":false,"template":"","format":"standard","meta":{"advanced_seo_description":"","jetpack_seo_html_title":"","jetpack_seo_noindex":false,"jetpack_post_was_ever_published":false,"_jetpack_newsletter_access":"","_jetpack_dont_email_post_to_subs":false,"_jetpack_newsletter_tier_id":0,"_jetpack_memberships_contains_paywalled_content":false,"_jetpack_memberships_contains_paid_content":false,"footnotes":"","jetpack_publicize_message":"","jetpack_publicize_feature_enabled":true,"jetpack_social_post_already_shared":true,"jetpack_social_options":{"image_generator_settings":{"template":"highway","default_image_id":0,"font":"","enabled":false},"version":2}},"categories":[11],"tags":[],"class_list":["post-75024","post","type-post","status-publish","format-standard","has-post-thumbnail","hentry","category-noticias-de-ribeirao-preto-sp-e-regiao-ismael-colosi"],"jetpack_publicize_connections":[],"jetpack_featured_media_url":"https:\/\/i0.wp.com\/noticiasribeiraopreto.com.br\/wp-content\/uploads\/2025\/08\/Copia-de-Copia-de-Copia-de-TAMANHO-EXATO-PARA-FOTOS-NO-SISTEMA-NOVO-2025-08-01T161657.060_2025-08-01_19-17-18.webp.webp?fit=1200%2C675&ssl=1","jetpack-related-posts":[{"id":56954,"url":"https:\/\/noticiasribeiraopreto.com.br\/index.php\/2024\/08\/19\/quer-estudar-na-usp-ribeirao-preto-inscricoes-da-fuvest-comecam-hoje\/","url_meta":{"origin":75024,"position":0},"title":"Quer estudar na USP Ribeir\u00e3o Preto? Inscri\u00e7\u00f5es da Fuvest come\u00e7am hoje","author":"noticiasribeiraopreto.com.br","date":"19 de August de 2024","format":false,"excerpt":"Come\u00e7am \u00e0s 12h desta segunda-feira (19) as inscri\u00e7\u00f5es para Fuvest, vestibular que d\u00e1 acesso \u00e0 USP (Universidade de S\u00e3o Paulo). Ao todo, s\u00e3o 8.147 vagas disponibilizadas no vestibular, sendo 4.888 de ampla concorr\u00eancia, 2.053 reservadas para estudantes de escolas p\u00fablicas e 1.206 vagas para estudantes de escolas p\u00fablicas PPI (pretos\u2026","rel":"","context":"In &quot;Not\u00edcias de Ribeir\u00e3o Preto-SP e Regi\u00e3o&quot;","block_context":{"text":"Not\u00edcias de Ribeir\u00e3o Preto-SP e Regi\u00e3o","link":"https:\/\/noticiasribeiraopreto.com.br\/index.php\/category\/noticias-de-ribeirao-preto-sp-e-regiao-ismael-colosi\/"},"img":{"alt_text":"","src":"https:\/\/i0.wp.com\/noticiasribeiraopreto.com.br\/wp-content\/uploads\/2024\/08\/20170216_00_campus_ribeirao1.webp.webp?fit=800%2C420&ssl=1&resize=350%2C200","width":350,"height":200,"srcset":"https:\/\/i0.wp.com\/noticiasribeiraopreto.com.br\/wp-content\/uploads\/2024\/08\/20170216_00_campus_ribeirao1.webp.webp?fit=800%2C420&ssl=1&resize=350%2C200 1x, https:\/\/i0.wp.com\/noticiasribeiraopreto.com.br\/wp-content\/uploads\/2024\/08\/20170216_00_campus_ribeirao1.webp.webp?fit=800%2C420&ssl=1&resize=525%2C300 1.5x, https:\/\/i0.wp.com\/noticiasribeiraopreto.com.br\/wp-content\/uploads\/2024\/08\/20170216_00_campus_ribeirao1.webp.webp?fit=800%2C420&ssl=1&resize=700%2C400 2x"},"classes":[]},{"id":59475,"url":"https:\/\/noticiasribeiraopreto.com.br\/index.php\/2024\/10\/24\/cursos-na-usp-ribeirao-preto-estao-entre-os-mais-concorridos-da-fuvest\/","url_meta":{"origin":75024,"position":1},"title":"Cursos na USP Ribeir\u00e3o Preto est\u00e3o entre os mais concorridos da Fuvest","author":"noticiasribeiraopreto.com.br","date":"24 de October de 2024","format":false,"excerpt":"A Fuvest divulgou nesta quinta-feira (24) os cursos mais concorridos do vestibular de acesso \u00e0 USP (Universidade de S\u00e3o Paulo). Os cursos de Medicina e Psicologia, oferecidos em Ribeir\u00e3o Preto, est\u00e3o entre as carreiras mais concorridas nesta edi\u00e7\u00e3o. Os inscritos na Fuvest j\u00e1 podem consultar a rela\u00e7\u00e3o de candidatos por\u2026","rel":"","context":"In &quot;Not\u00edcias de Ribeir\u00e3o Preto-SP e Regi\u00e3o&quot;","block_context":{"text":"Not\u00edcias de Ribeir\u00e3o Preto-SP e Regi\u00e3o","link":"https:\/\/noticiasribeiraopreto.com.br\/index.php\/category\/noticias-de-ribeirao-preto-sp-e-regiao-ismael-colosi\/"},"img":{"alt_text":"","src":"https:\/\/i0.wp.com\/noticiasribeiraopreto.com.br\/wp-content\/uploads\/2024\/10\/1729786358_CAMPUS-DA-USP-DE-RIBEIRAO-PRETO-1024x683.jpg?fit=1024%2C683&ssl=1&resize=350%2C200","width":350,"height":200,"srcset":"https:\/\/i0.wp.com\/noticiasribeiraopreto.com.br\/wp-content\/uploads\/2024\/10\/1729786358_CAMPUS-DA-USP-DE-RIBEIRAO-PRETO-1024x683.jpg?fit=1024%2C683&ssl=1&resize=350%2C200 1x, https:\/\/i0.wp.com\/noticiasribeiraopreto.com.br\/wp-content\/uploads\/2024\/10\/1729786358_CAMPUS-DA-USP-DE-RIBEIRAO-PRETO-1024x683.jpg?fit=1024%2C683&ssl=1&resize=525%2C300 1.5x, https:\/\/i0.wp.com\/noticiasribeiraopreto.com.br\/wp-content\/uploads\/2024\/10\/1729786358_CAMPUS-DA-USP-DE-RIBEIRAO-PRETO-1024x683.jpg?fit=1024%2C683&ssl=1&resize=700%2C400 2x"},"classes":[]},{"id":62777,"url":"https:\/\/noticiasribeiraopreto.com.br\/index.php\/2025\/01\/23\/estudante-da-regiao-de-ribeirao-e-aprovada-em-segundo-lugar-em-medicina-na-usp\/","url_meta":{"origin":75024,"position":2},"title":"Estudante da regi\u00e3o de Ribeir\u00e3o \u00e9 aprovada em segundo lugar em medicina na USP","author":"noticiasribeiraopreto.com.br","date":"23 de January de 2025","format":false,"excerpt":"Uma estudante da escola estadual Galdino de Castro, em Cajuru, cidade na regi\u00e3o de Ribeir\u00e3o Preto, passou em segundo lugar na FMRP (Faculdade de Medicina de Ribeir\u00e3o Preto) da USP (Universidade de S\u00e3o Paulo). Fl\u00e1via Silva Pontes, de 17 anos, tirou nota 900 na reda\u00e7\u00e3o do Enem (Exame Nacional do\u2026","rel":"","context":"In &quot;Not\u00edcias de Ribeir\u00e3o Preto-SP e Regi\u00e3o&quot;","block_context":{"text":"Not\u00edcias de Ribeir\u00e3o Preto-SP e Regi\u00e3o","link":"https:\/\/noticiasribeiraopreto.com.br\/index.php\/category\/noticias-de-ribeirao-preto-sp-e-regiao-ismael-colosi\/"},"img":{"alt_text":"","src":"https:\/\/i0.wp.com\/noticiasribeiraopreto.com.br\/wp-content\/uploads\/2025\/01\/3cfd82f7-fe99-4db4-8e19-72059cbe1927_2025-01-24_00-28-36_jpeg_2025-01-24_00-28-37.webp.webp?fit=1200%2C900&ssl=1&resize=350%2C200","width":350,"height":200,"srcset":"https:\/\/i0.wp.com\/noticiasribeiraopreto.com.br\/wp-content\/uploads\/2025\/01\/3cfd82f7-fe99-4db4-8e19-72059cbe1927_2025-01-24_00-28-36_jpeg_2025-01-24_00-28-37.webp.webp?fit=1200%2C900&ssl=1&resize=350%2C200 1x, https:\/\/i0.wp.com\/noticiasribeiraopreto.com.br\/wp-content\/uploads\/2025\/01\/3cfd82f7-fe99-4db4-8e19-72059cbe1927_2025-01-24_00-28-36_jpeg_2025-01-24_00-28-37.webp.webp?fit=1200%2C900&ssl=1&resize=525%2C300 1.5x, https:\/\/i0.wp.com\/noticiasribeiraopreto.com.br\/wp-content\/uploads\/2025\/01\/3cfd82f7-fe99-4db4-8e19-72059cbe1927_2025-01-24_00-28-36_jpeg_2025-01-24_00-28-37.webp.webp?fit=1200%2C900&ssl=1&resize=700%2C400 2x, https:\/\/i0.wp.com\/noticiasribeiraopreto.com.br\/wp-content\/uploads\/2025\/01\/3cfd82f7-fe99-4db4-8e19-72059cbe1927_2025-01-24_00-28-36_jpeg_2025-01-24_00-28-37.webp.webp?fit=1200%2C900&ssl=1&resize=1050%2C600 3x"},"classes":[]},{"id":79566,"url":"https:\/\/noticiasribeiraopreto.com.br\/index.php\/2025\/11\/04\/morre-aos-97-anos-o-ex-diretor-da-medicina-usp-prof-dutra-de-oliveira\/","url_meta":{"origin":75024,"position":3},"title":"Morre, aos 97 anos, o ex-diretor da Medicina USP, Prof. Dutra de Oliveira","author":"noticiasribeiraopreto.com.br","date":"4 de November de 2025","format":false,"excerpt":"4 de novembro de 2025 09:161 Compartilhar0 Morreu nesta segunda-feira, 3 de novembro, em Ribeir\u00e3o Preto, o professor Jos\u00e9 Eduardo Dutra de Oliveira, aos 97 anos, um dos nomes mais importantes da hist\u00f3ria da Faculdade de Medicina de Ribeir\u00e3o Preto da Universidade de S\u00e3o Paulo (FMRP-USP). M\u00e9dico, pesquisador e professor\u2026","rel":"","context":"In &quot;Not\u00edcias de Ribeir\u00e3o Preto-SP e Regi\u00e3o&quot;","block_context":{"text":"Not\u00edcias de Ribeir\u00e3o Preto-SP e Regi\u00e3o","link":"https:\/\/noticiasribeiraopreto.com.br\/index.php\/category\/noticias-de-ribeirao-preto-sp-e-regiao-ismael-colosi\/"},"img":{"alt_text":"","src":"https:\/\/i0.wp.com\/noticiasribeiraopreto.com.br\/wp-content\/uploads\/2025\/11\/Prof-Dutra.jpg?fit=1200%2C630&ssl=1&resize=350%2C200","width":350,"height":200,"srcset":"https:\/\/i0.wp.com\/noticiasribeiraopreto.com.br\/wp-content\/uploads\/2025\/11\/Prof-Dutra.jpg?fit=1200%2C630&ssl=1&resize=350%2C200 1x, https:\/\/i0.wp.com\/noticiasribeiraopreto.com.br\/wp-content\/uploads\/2025\/11\/Prof-Dutra.jpg?fit=1200%2C630&ssl=1&resize=525%2C300 1.5x, https:\/\/i0.wp.com\/noticiasribeiraopreto.com.br\/wp-content\/uploads\/2025\/11\/Prof-Dutra.jpg?fit=1200%2C630&ssl=1&resize=700%2C400 2x, https:\/\/i0.wp.com\/noticiasribeiraopreto.com.br\/wp-content\/uploads\/2025\/11\/Prof-Dutra.jpg?fit=1200%2C630&ssl=1&resize=1050%2C600 3x"},"classes":[]},{"id":82116,"url":"https:\/\/noticiasribeiraopreto.com.br\/index.php\/2026\/02\/04\/usp-ribeirao-abre-inscricoes-de-curso-gratuito-sobre-nocoes-de-direito-para-idosos\/","url_meta":{"origin":75024,"position":4},"title":"USP Ribeir\u00e3o abre inscri\u00e7\u00f5es de curso gratuito sobre no\u00e7\u00f5es de direito para idosos","author":"noticiasribeiraopreto.com.br","date":"4 de February de 2026","format":false,"excerpt":"A FDRP (Faculdade de Direito de Ribeir\u00e3o Preto) da USP (Universidade de S\u00e3o Paulo) est\u00e1 com inscri\u00e7\u00f5es abertas, at\u00e9 23 de fevereiro, para o Curso de No\u00e7\u00f5es Gerais de Direito, oferecido dentro do programa USP 60+, da Pr\u00f3-Reitoria de Cultura e Extens\u00e3o Universit\u00e1ria da USP. Gratuito e semestral, o curso\u2026","rel":"","context":"In &quot;Not\u00edcias de Ribeir\u00e3o Preto-SP e Regi\u00e3o&quot;","block_context":{"text":"Not\u00edcias de Ribeir\u00e3o Preto-SP e Regi\u00e3o","link":"https:\/\/noticiasribeiraopreto.com.br\/index.php\/category\/noticias-de-ribeirao-preto-sp-e-regiao-ismael-colosi\/"},"img":{"alt_text":"","src":"https:\/\/i0.wp.com\/noticiasribeiraopreto.com.br\/wp-content\/uploads\/2026\/02\/direito-curso_2026-02-03_19-07-51.webp.webp?fit=1200%2C630&ssl=1&resize=350%2C200","width":350,"height":200,"srcset":"https:\/\/i0.wp.com\/noticiasribeiraopreto.com.br\/wp-content\/uploads\/2026\/02\/direito-curso_2026-02-03_19-07-51.webp.webp?fit=1200%2C630&ssl=1&resize=350%2C200 1x, https:\/\/i0.wp.com\/noticiasribeiraopreto.com.br\/wp-content\/uploads\/2026\/02\/direito-curso_2026-02-03_19-07-51.webp.webp?fit=1200%2C630&ssl=1&resize=525%2C300 1.5x, https:\/\/i0.wp.com\/noticiasribeiraopreto.com.br\/wp-content\/uploads\/2026\/02\/direito-curso_2026-02-03_19-07-51.webp.webp?fit=1200%2C630&ssl=1&resize=700%2C400 2x, https:\/\/i0.wp.com\/noticiasribeiraopreto.com.br\/wp-content\/uploads\/2026\/02\/direito-curso_2026-02-03_19-07-51.webp.webp?fit=1200%2C630&ssl=1&resize=1050%2C600 3x"},"classes":[]},{"id":77342,"url":"https:\/\/noticiasribeiraopreto.com.br\/index.php\/2025\/09\/16\/centro-academico-de-fisioterapia-da-usp-ribeirao-preto-realiza-evento-para-estudantes\/","url_meta":{"origin":75024,"position":5},"title":"Centro Acad\u00eamico de Fisioterapia da USP Ribeir\u00e3o Preto realiza evento para estudantes","author":"noticiasribeiraopreto.com.br","date":"16 de September de 2025","format":false,"excerpt":"O Centro Acad\u00eamico de Fisioterapia (CAFisio) da USP Ribeir\u00e3o Preto promover\u00e1 um evento para estudantes do ensino m\u00e9dio e vestibulandos, com objetivo de mostrar o curso aos interessados. O evento, chamado \u201cFisioterapia de Portas Abertas\u201d, ser\u00e1 realizado no dia 27 de setembro, a partir das 8h, no campus em Ribeir\u00e3o.\u2026","rel":"","context":"In &quot;Not\u00edcias de Ribeir\u00e3o Preto-SP e Regi\u00e3o&quot;","block_context":{"text":"Not\u00edcias de Ribeir\u00e3o Preto-SP e Regi\u00e3o","link":"https:\/\/noticiasribeiraopreto.com.br\/index.php\/category\/noticias-de-ribeirao-preto-sp-e-regiao-ismael-colosi\/"},"img":{"alt_text":"","src":"https:\/\/i0.wp.com\/noticiasribeiraopreto.com.br\/wp-content\/uploads\/2025\/09\/USP_2025-09-16_14-59-34.webp.webp?fit=1200%2C673&ssl=1&resize=350%2C200","width":350,"height":200,"srcset":"https:\/\/i0.wp.com\/noticiasribeiraopreto.com.br\/wp-content\/uploads\/2025\/09\/USP_2025-09-16_14-59-34.webp.webp?fit=1200%2C673&ssl=1&resize=350%2C200 1x, https:\/\/i0.wp.com\/noticiasribeiraopreto.com.br\/wp-content\/uploads\/2025\/09\/USP_2025-09-16_14-59-34.webp.webp?fit=1200%2C673&ssl=1&resize=525%2C300 1.5x, https:\/\/i0.wp.com\/noticiasribeiraopreto.com.br\/wp-content\/uploads\/2025\/09\/USP_2025-09-16_14-59-34.webp.webp?fit=1200%2C673&ssl=1&resize=700%2C400 2x, https:\/\/i0.wp.com\/noticiasribeiraopreto.com.br\/wp-content\/uploads\/2025\/09\/USP_2025-09-16_14-59-34.webp.webp?fit=1200%2C673&ssl=1&resize=1050%2C600 3x"},"classes":[]}],"jetpack_sharing_enabled":true,"jetpack_shortlink":"https:\/\/wp.me\/peQAOb-jw4","_links":{"self":[{"href":"https:\/\/noticiasribeiraopreto.com.br\/index.php\/wp-json\/wp\/v2\/posts\/75024","targetHints":{"allow":["GET"]}}],"collection":[{"href":"https:\/\/noticiasribeiraopreto.com.br\/index.php\/wp-json\/wp\/v2\/posts"}],"about":[{"href":"https:\/\/noticiasribeiraopreto.com.br\/index.php\/wp-json\/wp\/v2\/types\/post"}],"author":[{"embeddable":true,"href":"https:\/\/noticiasribeiraopreto.com.br\/index.php\/wp-json\/wp\/v2\/users\/1"}],"replies":[{"embeddable":true,"href":"https:\/\/noticiasribeiraopreto.com.br\/index.php\/wp-json\/wp\/v2\/comments?post=75024"}],"version-history":[{"count":0,"href":"https:\/\/noticiasribeiraopreto.com.br\/index.php\/wp-json\/wp\/v2\/posts\/75024\/revisions"}],"wp:featuredmedia":[{"embeddable":true,"href":"https:\/\/noticiasribeiraopreto.com.br\/index.php\/wp-json\/wp\/v2\/media\/75025"}],"wp:attachment":[{"href":"https:\/\/noticiasribeiraopreto.com.br\/index.php\/wp-json\/wp\/v2\/media?parent=75024"}],"wp:term":[{"taxonomy":"category","embeddable":true,"href":"https:\/\/noticiasribeiraopreto.com.br\/index.php\/wp-json\/wp\/v2\/categories?post=75024"},{"taxonomy":"post_tag","embeddable":true,"href":"https:\/\/noticiasribeiraopreto.com.br\/index.php\/wp-json\/wp\/v2\/tags?post=75024"}],"curies":[{"name":"wp","href":"https:\/\/api.w.org\/{rel}","templated":true}]}}