{"id":75026,"date":"2025-08-01T19:07:12","date_gmt":"2025-08-01T22:07:12","guid":{"rendered":"https:\/\/noticiasribeiraopreto.com.br\/index.php\/2025\/08\/01\/entenda-a-nova-decisao-da-justica-da-italia-sobre-pedidos-de-cidadania\/"},"modified":"2025-08-01T19:07:12","modified_gmt":"2025-08-01T22:07:12","slug":"entenda-a-nova-decisao-da-justica-da-italia-sobre-pedidos-de-cidadania","status":"publish","type":"post","link":"https:\/\/noticiasribeiraopreto.com.br\/index.php\/2025\/08\/01\/entenda-a-nova-decisao-da-justica-da-italia-sobre-pedidos-de-cidadania\/","title":{"rendered":"Entenda a nova decis\u00e3o da Justi\u00e7a da It\u00e1lia sobre pedidos de cidadania"},"content":{"rendered":"<div class='code-block code-block-1' style='margin: 8px 0 8px auto; text-align: right; display: block; clear: both;'>\n<p><a href=\"https:\/\/wa.link\/vpicfd\"><img data-recalc-dims=\"1\" class=\"wp-image-4922\" style=\"aspect-ratio: 2.0253164556962027; width: 561px; height: auto;\" src=\"https:\/\/i0.wp.com\/ismaelcolosi.com.br\/wp-content\/uploads\/2023\/11\/grupo-de-empregos-whatsapp-e-facebook-ismael-colosi-vagas.jpg?ssl=1\" alt=\"\" \/><\/a><\/p>\n<!-- \/wp:image -->\n<\/div>\n<p> <br \/>\n<\/p>\n<div>\n<p>A <strong>Corte Constitucional da It\u00e1lia<\/strong> (equivalente ao nosso STF) publicou na \u00faltima quinta-feira (31), decis\u00e3o que determina que <mark style=\"background-color:#fcb900\" class=\"has-inline-color has-black-color\">n\u00e3o h\u00e1 limite geracional para reconhecimento da cidadania italiana antes da lei que limitou a duas gera\u00e7\u00f5es o reconhecimento da cidadania<\/mark>.<\/p>\n<p>A nova decis\u00e3o diz respeito apenas \u00e0 legisla\u00e7\u00e3o anterior e atinge pedidos de cidadania italiana feitos antes de 27 de mar\u00e7o, que estavam h\u00e1 meses parados nos tribunais.<\/p>\n<p>A Corte Constitucional \u00e9 o mais alto tribunal da It\u00e1lia em mat\u00e9ria de direito constitucional e julga a legitimidade das leis e suas aplica\u00e7\u00f5es. Ou seja, se est\u00e3o de acordo com o que diz a Constitui\u00e7\u00e3o italiana.<\/p>\n<h2 class=\"wp-block-heading\"><strong>Decis\u00e3o<\/strong><\/h2>\n<p>O parecer da Corte foi emitido em resposta a pedidos feitos pelos tribunais de Mil\u00e3o, Floren\u00e7a, Roma e Bolonha antes da publica\u00e7\u00e3o do decreto do governo italiano que restringiu a cidadania por descend\u00eancia.<\/p>\n<p>Esses tribunais requisitavam a defini\u00e7\u00e3o de um limite geracional para o reconhecimento da cidadania, alegando que a aus\u00eancia de limites geracionais dilu\u00eda a conex\u00e3o real entre o cidad\u00e3o e o Estado.<\/p>\n<p>Em outras palavras, os tribunais de prov\u00edncias italianas queriam reduzir a concess\u00e3o de cidadanias argumentando que a lei como era, sem restri\u00e7\u00f5es geracionais, concederia a cidadania a \u201cdezenas de milh\u00f5es de pessoas privadas de efetiva liga\u00e7\u00e3o com a It\u00e1lia\u201d e \u201ctotalmente estranhas \u00e0 comunidade nacional\u201d.<\/p>\n<p>A suprema corte, entretanto, considerou as alega\u00e7\u00f5es improcedentes e determinou que, segundo a lei vigente na \u00e9poca, n\u00e3o era poss\u00edvel impor tais limites solicitados pelos tribunais, j\u00e1 que esta seria uma a\u00e7\u00e3o de compet\u00eancia do poder legislador (o Parlamento), e n\u00e3o do Judici\u00e1rio.<\/p>\n<h2 class=\"wp-block-heading\"><strong>O que significa?<\/strong><\/h2>\n<p>Na pr\u00e1tica, isso significa que diversos processos (protocolados antes de 27 de mar\u00e7o de 2025) que estavam parados h\u00e1 meses nesses quatro tribunais, porque os ju\u00edzes aguardavam o posicionamento da Corte, voltar\u00e3o a ser julgados.<\/p>\n<p>Significa tamb\u00e9m que as decis\u00f5es para esses casos devem manter o padr\u00e3o que era seguido at\u00e9 ent\u00e3o, reconhecendo a cidadania a todos os que provem ascend\u00eancia italiana.<\/p>\n<h2 class=\"wp-block-heading\"><strong>A decis\u00e3o altera a nova lei?<\/strong><\/h2>\n<p>Apesar de dizer que a cidadania ius sanguinis (por sangue) n\u00e3o tem limite geracional, a decis\u00e3o da Corte Constitucional diz respeito apenas \u00e0 lei vigente na \u00e9poca em que sua posi\u00e7\u00e3o foi solicitada, ou seja, anterior \u00e0 lei que restringiu o reconhecimento a filhos e netos de italianos. Por isso, n\u00e3o afeta as normas vigentes.<\/p>\n<p><mark style=\"background-color:#fcb900\" class=\"has-inline-color has-black-color\">A suprema corte n\u00e3o avaliou a legitimidade da nova lei<\/mark>, pois entendeu que n\u00e3o havia condi\u00e7\u00f5es para que ela pr\u00f3pria questionasse a constitucionalidade da mesma.<\/p>\n<p>Isso n\u00e3o impede, por\u00e9m, que outros tribunais questionem a Corte sobre a nova norma vigente \u2013 como j\u00e1 ocorreu com o Tribunal de Turim, que alega ind\u00edcios de que a lei viola princ\u00edpios constitucionais.<\/p>\n<p>A nova lei, fruto do decreto do governo em mar\u00e7o e aprovada pelo Parlamento em maio, teve impacto em \u00edtalo-descendentes de todo o mundo, principalmente no Brasil, j\u00e1 que 32 milh\u00f5es de brasileiros s\u00e3o descendentes de italianos.<\/p>\n<h2 class=\"wp-block-heading\"><strong>A senten\u00e7a d\u00e1 indicativos de um futuro posicionamento da Corte?<\/strong><\/h2>\n<p>O genealogista<strong> Alexandre Timosencho <\/strong>analisa que o posicionamento da Corte d\u00e1 algum indicativo de como pode vir a resposta ao questionamento do Tribunal de Turim sobre a constitucionalidade da lei atual.<\/p>\n<p>Na vis\u00e3o dele, ainda que a senten\u00e7a n\u00e3o disserte sobre a nova lei, h\u00e1 men\u00e7\u00e3o a assuntos que ser\u00e3o debatidos, como a aus\u00eancia de limite geracional e do direito adquirido \u00e0 cidadania.<\/p>\n<p>\u201cA Corte \u00e9 muito clara, nada disso (v\u00ednculo cultural, limite geracional, tempo de resid\u00eancia na It\u00e1lia e flu\u00eancia no idioma) \u00e9 previsto na lei (anterior). \u00c9 o direito de sangue\u201d, afirma Timosencho, que tamb\u00e9m \u00e9 presidente da DMCidadania.<\/p>\n<p>\u201cMostra que a justi\u00e7a italiana est\u00e1 sempre a parte do governo. Ela n\u00e3o \u00e9 nem a favor, nem contra. Ela \u00e9 neutra e julga conforme a constitui\u00e7\u00e3o, n\u00e3o conforme o que o governo ou a popula\u00e7\u00e3o quer\u201d, completa.<\/p>\n<p>A Corte j\u00e1 declarou inconstitucionais normas de cidadania que eram discriminat\u00f3rias ou irrazo\u00e1veis em outros contextos.<\/p>\n<p>Neste \u00faltimo parecer, tamb\u00e9m observou que a Constitui\u00e7\u00e3o italiana n\u00e3o define o conceito de \u201cpovo\u201d de forma r\u00edgida, mas associa a principalmente \u00e0 participa\u00e7\u00e3o pol\u00edtica, a direitos e deveres, e \u00e0 perten\u00e7a a uma comunidade com ra\u00edzes culturais e lingu\u00edsticas, que \u00e9 aberta ao pluralismo e protege as minorias.<\/p>\n<p>No entanto, n\u00e3o \u00e9 poss\u00edvel adiantar que a Corte ir\u00e1 considerar o decreto inconstitucional, como querem os \u00edtalo-descendentes, porque ela se recusou a \u201csubstituir o legislador\u201d na defini\u00e7\u00e3o de crit\u00e9rios para reconhecimento da cidadania.<\/p>\n<h2 class=\"wp-block-heading\"><strong>Como ficam os pedidos de cidadania italiana agora?<\/strong><\/h2>\n<p>Nada muda com rela\u00e7\u00e3o ao que j\u00e1 se sabia:<mark style=\"background-color:#fcb900\" class=\"has-inline-color has-black-color\"> pedidos feitos at\u00e9 27 de mar\u00e7o continuam sem restri\u00e7\u00e3o geracional<\/mark>, e pedidos a partir do dia 28 de mar\u00e7o continuam sendo submetidos \u00e0s restri\u00e7\u00f5es da norma vigente, aprovada pelo Parlamento.<\/p>\n<h2 class=\"wp-block-heading\"><strong>Entenda a nova regra vigente<\/strong><\/h2>\n<p>Para aqueles que ainda n\u00e3o solicitaram a cidadania italiana (ou o fizeram a partir de 28 de mar\u00e7o), as regras vigentes, de acordo com a lei aprovada pelo Parlamento italiano em maio, dizem que, para solicitar a cidadania italiana, n\u00e3o bastar\u00e1 ter um dos pais ou av\u00f3s italiano.<\/p>\n<p>Ser\u00e1 preciso tamb\u00e9m que o ascendente n\u00e3o tenha outra nacionalidade, o que exclui os \u00edtalo-brasileiros, que n\u00e3o poder\u00e3o mais passar sua cidadania.<\/p>\n<p>Uma alternativa para quem tem dupla nacionalidade passar a cidadania aos filhos (v\u00e1lida apenas para os genitores, n\u00e3o para os av\u00f3s) \u00e9 morar legalmente por pelo menos dois anos cont\u00ednuos na It\u00e1lia ap\u00f3s adquirir a cidadania e antes do nascimento do filho.<\/p>\n<p>Essa alternativa, por\u00e9m, inviabiliza aqueles que n\u00e3o moraram na It\u00e1lia antes de ter seus filhos de passarem a cidadania.<\/p>\n<p>Para menores de idade, o processo de reconhecimento da cidadania \u00e9 mais simples. Caso os pais sejam italianos nascidos fora da It\u00e1lia, devem declarar a vontade de adquirir a cidadania do filho dentro de um ano de seu nascimento ou ado\u00e7\u00e3o. Se isso n\u00e3o for feito, o menor que morar por dois anos cont\u00ednuos no pa\u00eds europeu tamb\u00e9m pode solicitar a cidadania.<\/p>\n<h2 class=\"wp-block-heading\"><strong>Transi\u00e7\u00e3o<\/strong><\/h2>\n<p>Uma regra de transi\u00e7\u00e3o foi estabelecida para os filhos de italianos que eram menores de idade na data em que o decreto foi convertido em lei (23 de junho de 2025):<\/p>\n<ul class=\"wp-block-list\">\n<li>a declara\u00e7\u00e3o da vontade de aquisi\u00e7\u00e3o da cidadania poder\u00e1 ser feita at\u00e9 31 de maio de 2026 para os descendentes com at\u00e9 18 anos de idade, desde que um dos pais j\u00e1 seja italiano ou tenha dado entrada no pedido at\u00e9 27 de mar\u00e7o de 2025.<\/li>\n<\/ul>\n<p>Segundo o governo italiano, o objetivo da nova lei \u00e9 frear fraudes e reduzir a grande quantidade de processos nos \u00f3rg\u00e3os administrativos italianos decorrentes dos milhares de pedidos de reconhecimento de cidadania italiana nos \u00faltimos anos.<\/p>\n<p>S\u00f3 no ano passado, mais de 20 mil brasileiros \u00edtalo-descendentes tiveram a cidadania reconhecida. Na Argentina, foram mais de 30 mil (com informa\u00e7\u00f5es<strong> Isabela Moya\/Estad\u00e3o Conte\u00fado<\/strong>).<\/p>\n<p>SAIBA MAIS<br \/>Atl\u00e2ntica D\u2019Or anuncia lan\u00e7amento de pedra fundamental de hospital em Ribeir\u00e3o Preto<\/p>\n<h2 class=\"wp-block-heading\"><strong>FIQUE ON<\/strong><\/h2>\n<p>Fique ligado em tudo que acontece em Ribeir\u00e3o Preto e regi\u00e3o. Siga os perfis do <strong>acidade on <\/strong>no <a href=\"https:\/\/www.instagram.com\/acidadeonribeirao\" data-type=\"link\" data-id=\"https:\/\/www.instagram.com\/acidadeonribeirao\" target=\"_blank\" rel=\"noopener\">Instagram<\/a> e no <a href=\"https:\/\/www.facebook.com\/acidadeonribeirao\/\" data-type=\"link\" data-id=\"https:\/\/www.facebook.com\/acidadeonribeirao\/\" target=\"_blank\" rel=\"noopener\">Facebook<\/a>.<\/p>\n<p>Receba not\u00edcias do <strong>acidade on <\/strong>no WhatsApp. <a href=\"https:\/\/chat.whatsapp.com\/BjKQZ9oJwlz8VVT50NuePq\" data-type=\"link\" data-id=\"https:\/\/chat.whatsapp.com\/BjKQZ9oJwlz8VVT50NuePq\" target=\"_blank\" rel=\"noopener\">Para entrar no grupo, basta clicar aqui.<\/a><\/p>\n<p>Fa\u00e7a uma den\u00fancia ou sugira uma reportagem sobre Ribeir\u00e3o Preto e regi\u00e3o pelo WhatsApp: 16 99117 7802.<\/p>\n<p>VEJA TAMB\u00c9M<br \/>Por que agosto \u00e9 chamado de \u2018m\u00eas do desgosto\u2019 ou \u2018do cachorro louco\u2019?<\/p>\n<p><!-- AI CONTENT END 1 -->\n<\/div>\n<p><script async src=\"\/\/www.instagram.com\/embed.js\"><\/script><br \/>\n<br \/><br \/>\n<br \/><a href=\"https:\/\/www.acidadeon.com\/ribeiraopreto\/cotidiano\/entenda-a-nova-decisao-da-justica-da-italia-sobre-pedidos-de-cidadania\/\">Source link <\/a><\/p>\n<!-- CONTENT END 1 -->\n","protected":false},"excerpt":{"rendered":"<p>A Corte Constitucional da It\u00e1lia (equivalente ao nosso STF) publicou na \u00faltima quinta-feira (31), decis\u00e3o que determina que n\u00e3o h\u00e1 limite geracional para reconhecimento da&#8230;<\/p>\n","protected":false},"author":1,"featured_media":75027,"comment_status":"open","ping_status":"open","sticky":false,"template":"","format":"standard","meta":{"advanced_seo_description":"","jetpack_seo_html_title":"","jetpack_seo_noindex":false,"jetpack_post_was_ever_published":false,"_jetpack_newsletter_access":"","_jetpack_dont_email_post_to_subs":false,"_jetpack_newsletter_tier_id":0,"_jetpack_memberships_contains_paywalled_content":false,"_jetpack_memberships_contains_paid_content":false,"footnotes":"","jetpack_publicize_message":"","jetpack_publicize_feature_enabled":true,"jetpack_social_post_already_shared":true,"jetpack_social_options":{"image_generator_settings":{"template":"highway","default_image_id":0,"font":"","enabled":false},"version":2}},"categories":[11],"tags":[],"class_list":["post-75026","post","type-post","status-publish","format-standard","has-post-thumbnail","hentry","category-noticias-de-ribeirao-preto-sp-e-regiao-ismael-colosi"],"jetpack_publicize_connections":[],"jetpack_featured_media_url":"https:\/\/i0.wp.com\/noticiasribeiraopreto.com.br\/wp-content\/uploads\/2025\/08\/Copia-de-Copia-de-Copia-de-TAMANHO-EXATO-PARA-FOTOS-NO-SISTEMA-NOVO-2025-03-28T193003.143_2025-03-28_22-30-10_png_2025-03-28_22-30-10.webp.webp?fit=1200%2C675&ssl=1","jetpack-related-posts":[{"id":66200,"url":"https:\/\/noticiasribeiraopreto.com.br\/index.php\/2025\/03\/28\/governo-da-italia-limita-direito-de-cidadania-apenas-a-filhos-e-netos-de-italianos\/","url_meta":{"origin":75026,"position":0},"title":"Governo da It\u00e1lia limita direito de cidadania apenas a filhos e netos de italianos","author":"noticiasribeiraopreto.com.br","date":"28 de March de 2025","format":false,"excerpt":"Nesta sexta-feira (28), o governo da It\u00e1lia aprovou uma nova lei que limita o n\u00famero de gera\u00e7\u00f5es para o reconhecimento da cidadania italiana por direito de sangue, o \u201cjus sanguinis\u201d. A partir de hoje, apenas filhos ou netos de italianos poder\u00e3o solicitar a cidadania. Vale ressaltar que no Brasil h\u00e1\u2026","rel":"","context":"In &quot;Not\u00edcias de Ribeir\u00e3o Preto-SP e Regi\u00e3o&quot;","block_context":{"text":"Not\u00edcias de Ribeir\u00e3o Preto-SP e Regi\u00e3o","link":"https:\/\/noticiasribeiraopreto.com.br\/index.php\/category\/noticias-de-ribeirao-preto-sp-e-regiao-ismael-colosi\/"},"img":{"alt_text":"","src":"https:\/\/i0.wp.com\/noticiasribeiraopreto.com.br\/wp-content\/uploads\/2025\/03\/Copia-de-Copia-de-Copia-de-TAMANHO-EXATO-PARA-FOTOS-NO-SISTEMA-NOVO-2025-03-28T193003.143_2025-03-28_22-30-10_png_2025-03-28_22-30-10.webp.webp?fit=1200%2C675&ssl=1&resize=350%2C200","width":350,"height":200,"srcset":"https:\/\/i0.wp.com\/noticiasribeiraopreto.com.br\/wp-content\/uploads\/2025\/03\/Copia-de-Copia-de-Copia-de-TAMANHO-EXATO-PARA-FOTOS-NO-SISTEMA-NOVO-2025-03-28T193003.143_2025-03-28_22-30-10_png_2025-03-28_22-30-10.webp.webp?fit=1200%2C675&ssl=1&resize=350%2C200 1x, https:\/\/i0.wp.com\/noticiasribeiraopreto.com.br\/wp-content\/uploads\/2025\/03\/Copia-de-Copia-de-Copia-de-TAMANHO-EXATO-PARA-FOTOS-NO-SISTEMA-NOVO-2025-03-28T193003.143_2025-03-28_22-30-10_png_2025-03-28_22-30-10.webp.webp?fit=1200%2C675&ssl=1&resize=525%2C300 1.5x, https:\/\/i0.wp.com\/noticiasribeiraopreto.com.br\/wp-content\/uploads\/2025\/03\/Copia-de-Copia-de-Copia-de-TAMANHO-EXATO-PARA-FOTOS-NO-SISTEMA-NOVO-2025-03-28T193003.143_2025-03-28_22-30-10_png_2025-03-28_22-30-10.webp.webp?fit=1200%2C675&ssl=1&resize=700%2C400 2x, https:\/\/i0.wp.com\/noticiasribeiraopreto.com.br\/wp-content\/uploads\/2025\/03\/Copia-de-Copia-de-Copia-de-TAMANHO-EXATO-PARA-FOTOS-NO-SISTEMA-NOVO-2025-03-28T193003.143_2025-03-28_22-30-10_png_2025-03-28_22-30-10.webp.webp?fit=1200%2C675&ssl=1&resize=1050%2C600 3x"},"classes":[]},{"id":71766,"url":"https:\/\/noticiasribeiraopreto.com.br\/index.php\/2025\/06\/10\/jornal-da-franca-camara-de-franca-repudia-decreto-italiano-que-afeta-cidadania-a-brasileiros-no-pais\/","url_meta":{"origin":75026,"position":1},"title":"Jornal da Franca &#8211; C\u00e2mara de Franca repudia decreto Italiano que afeta cidadania a brasileiros no pa\u00eds\u00a0","author":"noticiasribeiraopreto.com.br","date":"10 de June de 2025","format":false,"excerpt":"compartilhar no whatsapp compartilhar no telegram compartilhar no facebook compartilhar no linkedin Medida atinge milhares de brasileiros, incluindo centenas de francanos, que aguardam reconhecimento A C\u00e2mara Municipal de Franca votar\u00e1 mo\u00e7\u00e3o de rep\u00fadio ao Decreto-Lei n\u00ba 36\/2025 do governo italiano, que altera as regras para o reconhecimento da cidadania italiana\u2026","rel":"","context":"In &quot;Not\u00edcias de Franca-SP&quot;","block_context":{"text":"Not\u00edcias de Franca-SP","link":"https:\/\/noticiasribeiraopreto.com.br\/index.php\/category\/noticias-de-ribeirao-preto-sp-e-regiao-ismael-colosi\/noticias-franca-sp\/"},"img":{"alt_text":"","src":"https:\/\/i0.wp.com\/noticiasribeiraopreto.com.br\/wp-content\/uploads\/2025\/06\/passaporte-1.jpg?fit=1200%2C705&ssl=1&resize=350%2C200","width":350,"height":200,"srcset":"https:\/\/i0.wp.com\/noticiasribeiraopreto.com.br\/wp-content\/uploads\/2025\/06\/passaporte-1.jpg?fit=1200%2C705&ssl=1&resize=350%2C200 1x, https:\/\/i0.wp.com\/noticiasribeiraopreto.com.br\/wp-content\/uploads\/2025\/06\/passaporte-1.jpg?fit=1200%2C705&ssl=1&resize=525%2C300 1.5x, https:\/\/i0.wp.com\/noticiasribeiraopreto.com.br\/wp-content\/uploads\/2025\/06\/passaporte-1.jpg?fit=1200%2C705&ssl=1&resize=700%2C400 2x, https:\/\/i0.wp.com\/noticiasribeiraopreto.com.br\/wp-content\/uploads\/2025\/06\/passaporte-1.jpg?fit=1200%2C705&ssl=1&resize=1050%2C600 3x"},"classes":[]},{"id":40370,"url":"https:\/\/noticiasribeiraopreto.com.br\/index.php\/2024\/03\/03\/imigracao-italiana-a-importancia-da-uniao-entre-as-entidades\/","url_meta":{"origin":75026,"position":2},"title":"Imigra\u00e7\u00e3o italiana: a import\u00e2ncia da uni\u00e3o entre as entidades\u00a0","author":"noticiasribeiraopreto.com.br","date":"3 de March de 2024","format":false,"excerpt":"No anivers\u00e1rio de 150 anos da chegada dessa etnia ao Brasil, \u00e9 preciso somar for\u00e7as e encontrar solu\u00e7\u00f5es que beneficiem toda a comunidade italianaPor Camila Malucelli Neste ano, a comunidade italiana no Brasil comemora os 150 de imigra\u00e7\u00e3o ao pa\u00eds. A data marca a chegada em Vit\u00f3ria (ES), em 1874,\u2026","rel":"","context":"In &quot;Not\u00edcias de Ribeir\u00e3o Preto-SP e Regi\u00e3o&quot;","block_context":{"text":"Not\u00edcias de Ribeir\u00e3o Preto-SP e Regi\u00e3o","link":"https:\/\/noticiasribeiraopreto.com.br\/index.php\/category\/noticias-de-ribeirao-preto-sp-e-regiao-ismael-colosi\/"},"img":{"alt_text":"","src":"https:\/\/i0.wp.com\/noticiasribeiraopreto.com.br\/wp-content\/uploads\/2024\/03\/Camila-Malucelli-scaled.jpeg?fit=430%2C645&ssl=1&resize=350%2C200","width":350,"height":200},"classes":[]},{"id":40146,"url":"https:\/\/noticiasribeiraopreto.com.br\/index.php\/2024\/03\/01\/decisao-sobre-robinho-sai-no-dia-20-de-marco\/","url_meta":{"origin":75026,"position":3},"title":"Decis\u00e3o sobre Robinho sai no dia 20 de mar\u00e7o\u00a0","author":"noticiasribeiraopreto.com.br","date":"1 de March de 2024","format":false,"excerpt":"1 de mar\u00e7o de 2024 | 11:301 de mar\u00e7o de 2024 | 9:11 0Rodrigo Sampaio (AE)\u00a0\u00a0O Superior Tribunal de Justi\u00e7a (STJ) marcou para 20 de mar\u00e7o o julgamento do processo de Robinho. O jogador foi sentenciado em \u00faltima inst\u00e2ncia a nove anos de pris\u00e3o na It\u00e1lia pelo crime de estupro\u2026","rel":"","context":"In &quot;Not\u00edcias de Ribeir\u00e3o Preto-SP e Regi\u00e3o&quot;","block_context":{"text":"Not\u00edcias de Ribeir\u00e3o Preto-SP e Regi\u00e3o","link":"https:\/\/noticiasribeiraopreto.com.br\/index.php\/category\/noticias-de-ribeirao-preto-sp-e-regiao-ismael-colosi\/"},"img":{"alt_text":"","src":"https:\/\/i0.wp.com\/noticiasribeiraopreto.com.br\/wp-content\/uploads\/2024\/03\/Robinho-Tony-Gentile-Reuters-scaled.jpg?fit=1000%2C598&ssl=1&resize=350%2C200","width":350,"height":200,"srcset":"https:\/\/i0.wp.com\/noticiasribeiraopreto.com.br\/wp-content\/uploads\/2024\/03\/Robinho-Tony-Gentile-Reuters-scaled.jpg?fit=1000%2C598&ssl=1&resize=350%2C200 1x, https:\/\/i0.wp.com\/noticiasribeiraopreto.com.br\/wp-content\/uploads\/2024\/03\/Robinho-Tony-Gentile-Reuters-scaled.jpg?fit=1000%2C598&ssl=1&resize=525%2C300 1.5x, https:\/\/i0.wp.com\/noticiasribeiraopreto.com.br\/wp-content\/uploads\/2024\/03\/Robinho-Tony-Gentile-Reuters-scaled.jpg?fit=1000%2C598&ssl=1&resize=700%2C400 2x"},"classes":[]},{"id":72689,"url":"https:\/\/noticiasribeiraopreto.com.br\/index.php\/2025\/06\/19\/jornal-da-franca-conheca-cinco-tradicoes-italianas-que-conquistaram-principalmente-os-francanos\/","url_meta":{"origin":75026,"position":4},"title":"Jornal da Franca &#8211; Conhe\u00e7a cinco tradi\u00e7\u00f5es italianas que conquistaram principalmente os francanos","author":"noticiasribeiraopreto.com.br","date":"19 de June de 2025","format":false,"excerpt":"Da mesa ao idioma, a cultura italiana molda h\u00e1bitos, celebra\u00e7\u00f5es e valores em todo o Brasil, especialmente entre os francanos O Brasil \u00e9 lar de uma das maiores comunidades italianas fora da It\u00e1lia, com mais de 30 milh\u00f5es de \u00edtalo-brasileiros. A chegada dos imigrantes italianos em terras brasileiras no final\u2026","rel":"","context":"In &quot;Not\u00edcias de Franca-SP&quot;","block_context":{"text":"Not\u00edcias de Franca-SP","link":"https:\/\/noticiasribeiraopreto.com.br\/index.php\/category\/noticias-de-ribeirao-preto-sp-e-regiao-ismael-colosi\/noticias-franca-sp\/"},"img":{"alt_text":"","src":"https:\/\/i0.wp.com\/noticiasribeiraopreto.com.br\/wp-content\/uploads\/2025\/06\/Pizza.jpg?fit=1200%2C675&ssl=1&resize=350%2C200","width":350,"height":200,"srcset":"https:\/\/i0.wp.com\/noticiasribeiraopreto.com.br\/wp-content\/uploads\/2025\/06\/Pizza.jpg?fit=1200%2C675&ssl=1&resize=350%2C200 1x, https:\/\/i0.wp.com\/noticiasribeiraopreto.com.br\/wp-content\/uploads\/2025\/06\/Pizza.jpg?fit=1200%2C675&ssl=1&resize=525%2C300 1.5x, https:\/\/i0.wp.com\/noticiasribeiraopreto.com.br\/wp-content\/uploads\/2025\/06\/Pizza.jpg?fit=1200%2C675&ssl=1&resize=700%2C400 2x, https:\/\/i0.wp.com\/noticiasribeiraopreto.com.br\/wp-content\/uploads\/2025\/06\/Pizza.jpg?fit=1200%2C675&ssl=1&resize=1050%2C600 3x"},"classes":[]},{"id":43950,"url":"https:\/\/noticiasribeiraopreto.com.br\/index.php\/2024\/03\/24\/robinho-e-mais-uma-celebridade-a-cumprir-pena-no-presidio-dos-famosos\/","url_meta":{"origin":75026,"position":5},"title":"Robinho \u00e9 mais uma celebridade a cumprir pena no pres\u00eddio dos famosos\u00a0","author":"noticiasribeiraopreto.com.br","date":"24 de March de 2024","format":false,"excerpt":"A penitenci\u00e1ria de Trememb\u00e9, que fica no Vale do Para\u00edba, interior de S\u00e3o Paulo, leva a fama de ser o \u201cpres\u00eddio dos famosos\u201d. Condenados em casos de repercuss\u00e3o nacional costumam ser encaminhados ao complexo para o cumprimento da pena por terem algum tipo de fama e por estarem em risco\u2026","rel":"","context":"In &quot;Not\u00edcias de Ribeir\u00e3o Preto-SP e Regi\u00e3o&quot;","block_context":{"text":"Not\u00edcias de Ribeir\u00e3o Preto-SP e Regi\u00e3o","link":"https:\/\/noticiasribeiraopreto.com.br\/index.php\/category\/noticias-de-ribeirao-preto-sp-e-regiao-ismael-colosi\/"},"img":{"alt_text":"","src":"https:\/\/i0.wp.com\/noticiasribeiraopreto.com.br\/wp-content\/uploads\/2024\/03\/Robinho-selecao-1.jpg?fit=1200%2C758&ssl=1&resize=350%2C200","width":350,"height":200,"srcset":"https:\/\/i0.wp.com\/noticiasribeiraopreto.com.br\/wp-content\/uploads\/2024\/03\/Robinho-selecao-1.jpg?fit=1200%2C758&ssl=1&resize=350%2C200 1x, https:\/\/i0.wp.com\/noticiasribeiraopreto.com.br\/wp-content\/uploads\/2024\/03\/Robinho-selecao-1.jpg?fit=1200%2C758&ssl=1&resize=525%2C300 1.5x, https:\/\/i0.wp.com\/noticiasribeiraopreto.com.br\/wp-content\/uploads\/2024\/03\/Robinho-selecao-1.jpg?fit=1200%2C758&ssl=1&resize=700%2C400 2x, https:\/\/i0.wp.com\/noticiasribeiraopreto.com.br\/wp-content\/uploads\/2024\/03\/Robinho-selecao-1.jpg?fit=1200%2C758&ssl=1&resize=1050%2C600 3x"},"classes":[]}],"jetpack_sharing_enabled":true,"jetpack_shortlink":"https:\/\/wp.me\/peQAOb-jw6","_links":{"self":[{"href":"https:\/\/noticiasribeiraopreto.com.br\/index.php\/wp-json\/wp\/v2\/posts\/75026","targetHints":{"allow":["GET"]}}],"collection":[{"href":"https:\/\/noticiasribeiraopreto.com.br\/index.php\/wp-json\/wp\/v2\/posts"}],"about":[{"href":"https:\/\/noticiasribeiraopreto.com.br\/index.php\/wp-json\/wp\/v2\/types\/post"}],"author":[{"embeddable":true,"href":"https:\/\/noticiasribeiraopreto.com.br\/index.php\/wp-json\/wp\/v2\/users\/1"}],"replies":[{"embeddable":true,"href":"https:\/\/noticiasribeiraopreto.com.br\/index.php\/wp-json\/wp\/v2\/comments?post=75026"}],"version-history":[{"count":0,"href":"https:\/\/noticiasribeiraopreto.com.br\/index.php\/wp-json\/wp\/v2\/posts\/75026\/revisions"}],"wp:featuredmedia":[{"embeddable":true,"href":"https:\/\/noticiasribeiraopreto.com.br\/index.php\/wp-json\/wp\/v2\/media\/75027"}],"wp:attachment":[{"href":"https:\/\/noticiasribeiraopreto.com.br\/index.php\/wp-json\/wp\/v2\/media?parent=75026"}],"wp:term":[{"taxonomy":"category","embeddable":true,"href":"https:\/\/noticiasribeiraopreto.com.br\/index.php\/wp-json\/wp\/v2\/categories?post=75026"},{"taxonomy":"post_tag","embeddable":true,"href":"https:\/\/noticiasribeiraopreto.com.br\/index.php\/wp-json\/wp\/v2\/tags?post=75026"}],"curies":[{"name":"wp","href":"https:\/\/api.w.org\/{rel}","templated":true}]}}