{"id":75028,"date":"2025-08-01T19:14:21","date_gmt":"2025-08-01T22:14:21","guid":{"rendered":"https:\/\/noticiasribeiraopreto.com.br\/index.php\/2025\/08\/01\/ataques-de-pit-bull-saiba-como-fazer-denuncias-em-ribeirao-preto\/"},"modified":"2025-08-01T19:14:21","modified_gmt":"2025-08-01T22:14:21","slug":"ataques-de-pit-bull-saiba-como-fazer-denuncias-em-ribeirao-preto","status":"publish","type":"post","link":"https:\/\/noticiasribeiraopreto.com.br\/index.php\/2025\/08\/01\/ataques-de-pit-bull-saiba-como-fazer-denuncias-em-ribeirao-preto\/","title":{"rendered":"Ataques de pit bull: Saiba como fazer den\u00fancias em Ribeir\u00e3o Preto"},"content":{"rendered":"<div class='code-block code-block-1' style='margin: 8px 0 8px auto; text-align: right; display: block; clear: both;'>\n<p><a href=\"https:\/\/wa.link\/vpicfd\"><img data-recalc-dims=\"1\" class=\"wp-image-4922\" style=\"aspect-ratio: 2.0253164556962027; width: 561px; height: auto;\" src=\"https:\/\/i0.wp.com\/ismaelcolosi.com.br\/wp-content\/uploads\/2023\/11\/grupo-de-empregos-whatsapp-e-facebook-ismael-colosi-vagas.jpg?ssl=1\" alt=\"\" \/><\/a><\/p>\n<!-- \/wp:image -->\n<\/div>\n<p> <br \/>\n<\/p>\n<div>\n<p><strong>Ribeir\u00e3o Preto registrou dois ataques de c\u00e3es da ra\u00e7a pit bull em um per\u00edodo de oito dias \u2013 entre 17 e 25 de julho.<\/strong><\/p>\n<p>No primeiro caso, no \u00faltimo dia 17, um outro cachorro foi alvo, depois que o tutor de um pit bull teria soltado a guia do animal conduzido sem focinheira no bairro Sumarezinho, na zona Oeste.<\/p>\n<p>No segundo ataque, no dia 25, uma tutora e a sua cachorra ficaram feridas ap\u00f3s um pit bull avan\u00e7ar sobre elas em uma pra\u00e7a no Alto da Boa Vista, na zona Sul. O c\u00e3o teria escapado das m\u00e3os de um homem que o conduzia.<\/p>\n<p>Nos dois casos, os cachorros atacados sofreram ferimentos, assim como a tutora no segundo ataque.<\/p>\n<h2 class=\"wp-block-heading\"><strong>O que fazer?<\/strong><\/h2>\n<p>A <a href=\"https:\/\/www.ribeiraopreto.sp.gov.br\/portal\/\" data-type=\"link\" data-id=\"https:\/\/www.ribeiraopreto.sp.gov.br\/portal\/\" target=\"_blank\" rel=\"noopener\">Prefeitura de Ribeir\u00e3o Preto<\/a> informou ao <strong>acidade on Ribeir\u00e3o <\/strong>que orienta a popula\u00e7\u00e3o por meio da Divis\u00e3o de Bem Estar Animal (DBEA), da Secretaria de Meio Ambiente, sobre maus-tratos a animais, condutas que configuram o crime, o combate \u00e0 pr\u00e1tica, incluindo animais soltos em vias.<\/p>\n<p>No entanto, segundo a prefeitura, conforme lei estadual, compete aos \u00f3rg\u00e3os de seguran\u00e7a p\u00fablica, como a PM (Pol\u00edcia Militar), a fiscaliza\u00e7\u00e3o e autua\u00e7\u00e3o da circula\u00e7\u00e3o de c\u00e3es de ra\u00e7as consideradas ferozes.<\/p>\n<p>Em caso de den\u00fancias, a prefeitura orienta a popula\u00e7\u00e3o a entrar em contato imediato pelos telefones 190 (Pol\u00edcia Milittar) ou 153 (Guarda Civil Metropolitana).<\/p>\n<h3 class=\"wp-block-heading\"><strong>Legisla\u00e7\u00e3o<\/strong><\/h3>\n<p>Pela lei estadual n\u00ba 11.531\/2003, a condu\u00e7\u00e3o de c\u00e3es das ra\u00e7as pit bull, rottweiller, mastim napolitano, american stafforshire terrier e derivadas, em vias e espa\u00e7os p\u00fablicos, dever\u00e1 ser feita com a utiliza\u00e7\u00e3o de coleira e guia de condu\u00e7\u00e3o. O decreto que regulamenta essa lei tamb\u00e9m exige o uso de focinheira no caso de centro de compras ou locais fechados de acesso p\u00fablico, eventos, passeatas ou concentra\u00e7\u00f5es p\u00fablicas realizados em vias p\u00fablicas.<\/p>\n<p>J\u00e1 a lei municipal n\u00ba 9.319\/2001 pro\u00edbe a circula\u00e7\u00e3o, nas vias e logradouros p\u00fablicos de Ribeir\u00e3o Preto, de c\u00e3es das ra\u00e7as american pit bull terrier, american staffordshire terrier e staffordshire bul terrier, mesmo presos e com focinheira.<\/p>\n<p>SAIBA MAIS<\/p>\n<p>Motorista fica em estado grave e cavalo morre ap\u00f3s atropelamento em rodovia<\/p>\n<h4 class=\"wp-block-heading\"><strong>FIQUE ON<\/strong><\/h4>\n<p>Quer ficar por dentro de tudo que acontece em Ribeir\u00e3o Preto e regi\u00e3o? Ent\u00e3o siga os perfis do\u202facidade on\u202fno\u202f<a href=\"https:\/\/www.instagram.com\/acidadeonribeirao\" target=\"_blank\" rel=\"noreferrer noopener\">Instagram<\/a>\u202fe no\u202f<a href=\"https:\/\/www.facebook.com\/acidadeonribeirao\/\" target=\"_blank\" rel=\"noreferrer noopener\">Facebook<\/a>.<\/p>\n<p>Al\u00e9m disso, voc\u00ea pode receber as principais not\u00edcias diretamente no WhatsApp. Para isso, basta\u00a0<a href=\"https:\/\/chat.whatsapp.com\/BjKQZ9oJwlz8VVT50NuePq\" target=\"_blank\" rel=\"noreferrer noopener\">entrar no grupo clicando aqui<\/a>.<\/p>\n<p>Por fim, se quiser fazer uma den\u00fancia ou sugerir uma reportagem sobre Ribeir\u00e3o Preto e regi\u00e3o, envie uma mensagem pelo WhatsApp: (16) 99117-7802.<\/p>\n<p>VEJA TAMB\u00c9M<\/p>\n<p>O que \u00e9 s\u00edndrome de Fournier?<\/p>\n<p><!-- AI CONTENT END 1 -->\n<\/div>\n<p><script async src=\"\/\/www.instagram.com\/embed.js\"><\/script><br \/>\n<br \/><br \/>\n<br \/><a href=\"https:\/\/www.acidadeon.com\/ribeiraopreto\/cotidiano\/ataques-de-pit-bull-saiba-como-fazer-denuncias-em-ribeirao-preto\/\">Source link <\/a><\/p>\n<!-- CONTENT END 1 -->\n","protected":false},"excerpt":{"rendered":"<p>Ribeir\u00e3o Preto registrou dois ataques de c\u00e3es da ra\u00e7a pit bull em um per\u00edodo de oito dias \u2013 entre 17 e 25 de julho. No&#8230;<\/p>\n","protected":false},"author":1,"featured_media":75029,"comment_status":"open","ping_status":"open","sticky":false,"template":"","format":"standard","meta":{"advanced_seo_description":"","jetpack_seo_html_title":"","jetpack_seo_noindex":false,"jetpack_post_was_ever_published":false,"_jetpack_newsletter_access":"","_jetpack_dont_email_post_to_subs":false,"_jetpack_newsletter_tier_id":0,"_jetpack_memberships_contains_paywalled_content":false,"_jetpack_memberships_contains_paid_content":false,"footnotes":"","jetpack_publicize_message":"","jetpack_publicize_feature_enabled":true,"jetpack_social_post_already_shared":true,"jetpack_social_options":{"image_generator_settings":{"template":"highway","default_image_id":0,"font":"","enabled":false},"version":2}},"categories":[11],"tags":[],"class_list":["post-75028","post","type-post","status-publish","format-standard","has-post-thumbnail","hentry","category-noticias-de-ribeirao-preto-sp-e-regiao-ismael-colosi"],"jetpack_publicize_connections":[],"jetpack_featured_media_url":"https:\/\/i0.wp.com\/noticiasribeiraopreto.com.br\/wp-content\/uploads\/2025\/08\/homem-atacado-pitbull.jpg?fit=1500%2C998&ssl=1","jetpack-related-posts":[{"id":74695,"url":"https:\/\/noticiasribeiraopreto.com.br\/index.php\/2025\/07\/27\/tutora-e-cachorra-ficam-feridas-apos-ataque-de-pit-bull-em-praca-na-zona-sul-de-ribeirao-preto-video\/","url_meta":{"origin":75028,"position":0},"title":"Tutora e cachorra ficam feridas ap\u00f3s ataque de pit bull em pra\u00e7a na zona Sul de Ribeir\u00e3o Preto; V\u00eddeo","author":"noticiasribeiraopreto.com.br","date":"27 de July de 2025","format":false,"excerpt":"Uma tutora e a sua cachorra ficaram feridas ap\u00f3s o ataque de um c\u00e3o da ra\u00e7a pit bull em uma pra\u00e7a no Alto da Boa Vista, zona Sul de Ribeir\u00e3o Preto. Assista ao v\u00eddeo abaixo. A v\u00edtima fazia um passeio com o sua cachorra, quando o pit bull teria escapado\u2026","rel":"","context":"In &quot;Not\u00edcias de Ribeir\u00e3o Preto-SP e Regi\u00e3o&quot;","block_context":{"text":"Not\u00edcias de Ribeir\u00e3o Preto-SP e Regi\u00e3o","link":"https:\/\/noticiasribeiraopreto.com.br\/index.php\/category\/noticias-de-ribeirao-preto-sp-e-regiao-ismael-colosi\/"},"img":{"alt_text":"","src":"https:\/\/i0.wp.com\/noticiasribeiraopreto.com.br\/wp-content\/uploads\/2025\/07\/WhatsApp-Image-2025-07-27-at-13.09.09_2025-07-27_16-10-40.webp.webp?fit=1200%2C703&ssl=1&resize=350%2C200","width":350,"height":200,"srcset":"https:\/\/i0.wp.com\/noticiasribeiraopreto.com.br\/wp-content\/uploads\/2025\/07\/WhatsApp-Image-2025-07-27-at-13.09.09_2025-07-27_16-10-40.webp.webp?fit=1200%2C703&ssl=1&resize=350%2C200 1x, https:\/\/i0.wp.com\/noticiasribeiraopreto.com.br\/wp-content\/uploads\/2025\/07\/WhatsApp-Image-2025-07-27-at-13.09.09_2025-07-27_16-10-40.webp.webp?fit=1200%2C703&ssl=1&resize=525%2C300 1.5x, https:\/\/i0.wp.com\/noticiasribeiraopreto.com.br\/wp-content\/uploads\/2025\/07\/WhatsApp-Image-2025-07-27-at-13.09.09_2025-07-27_16-10-40.webp.webp?fit=1200%2C703&ssl=1&resize=700%2C400 2x, https:\/\/i0.wp.com\/noticiasribeiraopreto.com.br\/wp-content\/uploads\/2025\/07\/WhatsApp-Image-2025-07-27-at-13.09.09_2025-07-27_16-10-40.webp.webp?fit=1200%2C703&ssl=1&resize=1050%2C600 3x"},"classes":[]},{"id":74717,"url":"https:\/\/noticiasribeiraopreto.com.br\/index.php\/2025\/07\/28\/video-pit-bull-ataca-mulher-e-caozinho-na-zona-sul\/","url_meta":{"origin":75028,"position":1},"title":"V\u00cdDEO &#8211; Pit bull ataca mulher e c\u00e3ozinho na zona Sul","author":"noticiasribeiraopreto.com.br","date":"28 de July de 2025","format":false,"excerpt":"Ataque ocorreu em pra\u00e7a, quando c\u00e3o teria se soltado de coleira e iniciado o ataque 28 de julho de 2025 12:451 Compartilhar0 Por: Adalberto Luque Uma mulher e seu c\u00e3ozinho teriam ficados feridos, neste s\u00e1bado (26), ap\u00f3s serem atacados por um c\u00e3o da ra\u00e7a pit bull. O ataque ocorreu na\u2026","rel":"","context":"In &quot;Not\u00edcias de Ribeir\u00e3o Preto-SP e Regi\u00e3o&quot;","block_context":{"text":"Not\u00edcias de Ribeir\u00e3o Preto-SP e Regi\u00e3o","link":"https:\/\/noticiasribeiraopreto.com.br\/index.php\/category\/noticias-de-ribeirao-preto-sp-e-regiao-ismael-colosi\/"},"img":{"alt_text":"","src":"https:\/\/i0.wp.com\/noticiasribeiraopreto.com.br\/wp-content\/uploads\/2025\/07\/28-jul-2025-ataquepitbull.jpg?fit=822%2C467&ssl=1&resize=350%2C200","width":350,"height":200,"srcset":"https:\/\/i0.wp.com\/noticiasribeiraopreto.com.br\/wp-content\/uploads\/2025\/07\/28-jul-2025-ataquepitbull.jpg?fit=822%2C467&ssl=1&resize=350%2C200 1x, https:\/\/i0.wp.com\/noticiasribeiraopreto.com.br\/wp-content\/uploads\/2025\/07\/28-jul-2025-ataquepitbull.jpg?fit=822%2C467&ssl=1&resize=525%2C300 1.5x, https:\/\/i0.wp.com\/noticiasribeiraopreto.com.br\/wp-content\/uploads\/2025\/07\/28-jul-2025-ataquepitbull.jpg?fit=822%2C467&ssl=1&resize=700%2C400 2x"},"classes":[]},{"id":72326,"url":"https:\/\/noticiasribeiraopreto.com.br\/index.php\/2025\/06\/16\/criancas-sobem-em-carro-para-se-protegerem-de-ataque-de-pit-bull-video\/","url_meta":{"origin":75028,"position":2},"title":"Crian\u00e7as sobem em carro para se protegerem de ataque de pit bull; V\u00eddeo","author":"noticiasribeiraopreto.com.br","date":"16 de June de 2025","format":false,"excerpt":"Um grupo de crian\u00e7as e adolescentes subiu no teto de um carro, no final da tarde deste domingo (15), para se proteger do ataque de um pit bull em uma rua de Jaboticabal, a 50 quil\u00f4metros de Ribeir\u00e3o Preto. Assista ao v\u00eddeo abaixo. Uma menina, por\u00e9m, sofreu ferimentos e precisou\u2026","rel":"","context":"In &quot;Not\u00edcias de Ribeir\u00e3o Preto-SP e Regi\u00e3o&quot;","block_context":{"text":"Not\u00edcias de Ribeir\u00e3o Preto-SP e Regi\u00e3o","link":"https:\/\/noticiasribeiraopreto.com.br\/index.php\/category\/noticias-de-ribeirao-preto-sp-e-regiao-ismael-colosi\/"},"img":{"alt_text":"","src":"https:\/\/i0.wp.com\/noticiasribeiraopreto.com.br\/wp-content\/uploads\/2025\/06\/ATAQUE_2025-06-16_09-54-30.webp.webp?fit=1200%2C736&ssl=1&resize=350%2C200","width":350,"height":200,"srcset":"https:\/\/i0.wp.com\/noticiasribeiraopreto.com.br\/wp-content\/uploads\/2025\/06\/ATAQUE_2025-06-16_09-54-30.webp.webp?fit=1200%2C736&ssl=1&resize=350%2C200 1x, https:\/\/i0.wp.com\/noticiasribeiraopreto.com.br\/wp-content\/uploads\/2025\/06\/ATAQUE_2025-06-16_09-54-30.webp.webp?fit=1200%2C736&ssl=1&resize=525%2C300 1.5x, https:\/\/i0.wp.com\/noticiasribeiraopreto.com.br\/wp-content\/uploads\/2025\/06\/ATAQUE_2025-06-16_09-54-30.webp.webp?fit=1200%2C736&ssl=1&resize=700%2C400 2x, https:\/\/i0.wp.com\/noticiasribeiraopreto.com.br\/wp-content\/uploads\/2025\/06\/ATAQUE_2025-06-16_09-54-30.webp.webp?fit=1200%2C736&ssl=1&resize=1050%2C600 3x"},"classes":[]},{"id":72382,"url":"https:\/\/noticiasribeiraopreto.com.br\/index.php\/2025\/06\/16\/muito-assustador-diz-adolescente-que-subiu-em-carro-para-se-proteger-de-ataque-de-pit-bull\/","url_meta":{"origin":75028,"position":3},"title":"\u2018Muito assustador\u2019, diz adolescente que subiu em carro para se proteger de ataque de pit bull","author":"noticiasribeiraopreto.com.br","date":"16 de June de 2025","format":false,"excerpt":"Uma adolescente que precisou subir em um carro para se proteger do ataque de um pit bull relatou os momentos de tens\u00e3o vividos com mais cinco amigos neste domingo (15), no bairro Santo Ant\u00f4nio, em Jaboticabal, a 50 quil\u00f4metros de Ribeir\u00e3o Preto. O cachorro teria o teria escapado de uma\u2026","rel":"","context":"In &quot;Not\u00edcias de Ribeir\u00e3o Preto-SP e Regi\u00e3o&quot;","block_context":{"text":"Not\u00edcias de Ribeir\u00e3o Preto-SP e Regi\u00e3o","link":"https:\/\/noticiasribeiraopreto.com.br\/index.php\/category\/noticias-de-ribeirao-preto-sp-e-regiao-ismael-colosi\/"},"img":{"alt_text":"","src":"https:\/\/i0.wp.com\/noticiasribeiraopreto.com.br\/wp-content\/uploads\/2025\/06\/CACHORRO_2025-06-16_17-18-12.webp.webp?fit=1200%2C868&ssl=1&resize=350%2C200","width":350,"height":200,"srcset":"https:\/\/i0.wp.com\/noticiasribeiraopreto.com.br\/wp-content\/uploads\/2025\/06\/CACHORRO_2025-06-16_17-18-12.webp.webp?fit=1200%2C868&ssl=1&resize=350%2C200 1x, https:\/\/i0.wp.com\/noticiasribeiraopreto.com.br\/wp-content\/uploads\/2025\/06\/CACHORRO_2025-06-16_17-18-12.webp.webp?fit=1200%2C868&ssl=1&resize=525%2C300 1.5x, https:\/\/i0.wp.com\/noticiasribeiraopreto.com.br\/wp-content\/uploads\/2025\/06\/CACHORRO_2025-06-16_17-18-12.webp.webp?fit=1200%2C868&ssl=1&resize=700%2C400 2x, https:\/\/i0.wp.com\/noticiasribeiraopreto.com.br\/wp-content\/uploads\/2025\/06\/CACHORRO_2025-06-16_17-18-12.webp.webp?fit=1200%2C868&ssl=1&resize=1050%2C600 3x"},"classes":[]},{"id":76587,"url":"https:\/\/noticiasribeiraopreto.com.br\/index.php\/2025\/09\/01\/shih-tzu-e-atacado-por-pitbull-no-interior-de-sp-video\/","url_meta":{"origin":75028,"position":4},"title":"Shih tzu \u00e9 atacado por pitbull no interior de SP; V\u00eddeo","author":"noticiasribeiraopreto.com.br","date":"1 de September de 2025","format":false,"excerpt":"Um cachorro da ra\u00e7a shih tzu foi atacado por um pitbull, na manh\u00e3 de domingo (31), em Tai\u00fava, cidade a 84 quil\u00f4metros de Ribeir\u00e3o Preto. O caso aconteceu na rua Ant\u00f4nio Coletes e foi registrado por uma c\u00e2mera de seguran\u00e7a de uma resid\u00eancia (veja abaixo). Nas imagens, \u00e9 poss\u00edvel ver\u2026","rel":"","context":"In &quot;Not\u00edcias de Ribeir\u00e3o Preto-SP e Regi\u00e3o&quot;","block_context":{"text":"Not\u00edcias de Ribeir\u00e3o Preto-SP e Regi\u00e3o","link":"https:\/\/noticiasribeiraopreto.com.br\/index.php\/category\/noticias-de-ribeirao-preto-sp-e-regiao-ismael-colosi\/"},"img":{"alt_text":"","src":"https:\/\/i0.wp.com\/noticiasribeiraopreto.com.br\/wp-content\/uploads\/2025\/09\/Copia-de-Copia-de-Copia-de-TAMANHO-EXATO-PARA-FOTOS-NO-SISTEMA-NOVO-2025-09-01T105836.101_2025-09-01_13-58-43.webp.webp?fit=1200%2C675&ssl=1&resize=350%2C200","width":350,"height":200,"srcset":"https:\/\/i0.wp.com\/noticiasribeiraopreto.com.br\/wp-content\/uploads\/2025\/09\/Copia-de-Copia-de-Copia-de-TAMANHO-EXATO-PARA-FOTOS-NO-SISTEMA-NOVO-2025-09-01T105836.101_2025-09-01_13-58-43.webp.webp?fit=1200%2C675&ssl=1&resize=350%2C200 1x, https:\/\/i0.wp.com\/noticiasribeiraopreto.com.br\/wp-content\/uploads\/2025\/09\/Copia-de-Copia-de-Copia-de-TAMANHO-EXATO-PARA-FOTOS-NO-SISTEMA-NOVO-2025-09-01T105836.101_2025-09-01_13-58-43.webp.webp?fit=1200%2C675&ssl=1&resize=525%2C300 1.5x, https:\/\/i0.wp.com\/noticiasribeiraopreto.com.br\/wp-content\/uploads\/2025\/09\/Copia-de-Copia-de-Copia-de-TAMANHO-EXATO-PARA-FOTOS-NO-SISTEMA-NOVO-2025-09-01T105836.101_2025-09-01_13-58-43.webp.webp?fit=1200%2C675&ssl=1&resize=700%2C400 2x, https:\/\/i0.wp.com\/noticiasribeiraopreto.com.br\/wp-content\/uploads\/2025\/09\/Copia-de-Copia-de-Copia-de-TAMANHO-EXATO-PARA-FOTOS-NO-SISTEMA-NOVO-2025-09-01T105836.101_2025-09-01_13-58-43.webp.webp?fit=1200%2C675&ssl=1&resize=1050%2C600 3x"},"classes":[]},{"id":63031,"url":"https:\/\/noticiasribeiraopreto.com.br\/index.php\/2025\/01\/31\/crianca-de-9-anos-fica-gravemente-ferida-apos-ataque-de-pitbull-na-regiao-de-ribeirao\/","url_meta":{"origin":75028,"position":5},"title":"Crian\u00e7a de 9 anos fica gravemente ferida ap\u00f3s ataque de pitbull na regi\u00e3o de Ribeir\u00e3o","author":"noticiasribeiraopreto.com.br","date":"31 de January de 2025","format":false,"excerpt":"Uma crian\u00e7a de 9 anos ficou gravemente ferida ap\u00f3s ser atacada por um c\u00e3o da ra\u00e7a pitbull, enquanto brincava na rua de casa, em Monte Alto, cidade na regi\u00e3o de Ribeir\u00e3o Preto, na tarde desta quinta-feira (30). De acordo com as informa\u00e7\u00f5es da EPTV, o menino foi socorrido para um\u2026","rel":"","context":"In &quot;Not\u00edcias de Ribeir\u00e3o Preto-SP e Regi\u00e3o&quot;","block_context":{"text":"Not\u00edcias de Ribeir\u00e3o Preto-SP e Regi\u00e3o","link":"https:\/\/noticiasribeiraopreto.com.br\/index.php\/category\/noticias-de-ribeirao-preto-sp-e-regiao-ismael-colosi\/"},"img":{"alt_text":"","src":"https:\/\/i0.wp.com\/noticiasribeiraopreto.com.br\/wp-content\/uploads\/2025\/01\/Copia-de-Copia-de-Copia-de-TAMANHO-EXATO-PARA-FOTOS-NO-SISTEMA-NOVO-2025-01-31T125929.348_2025-01-31_15-59-40_png_2025-01-31_15-59-40.webp.webp?fit=1200%2C675&ssl=1&resize=350%2C200","width":350,"height":200,"srcset":"https:\/\/i0.wp.com\/noticiasribeiraopreto.com.br\/wp-content\/uploads\/2025\/01\/Copia-de-Copia-de-Copia-de-TAMANHO-EXATO-PARA-FOTOS-NO-SISTEMA-NOVO-2025-01-31T125929.348_2025-01-31_15-59-40_png_2025-01-31_15-59-40.webp.webp?fit=1200%2C675&ssl=1&resize=350%2C200 1x, https:\/\/i0.wp.com\/noticiasribeiraopreto.com.br\/wp-content\/uploads\/2025\/01\/Copia-de-Copia-de-Copia-de-TAMANHO-EXATO-PARA-FOTOS-NO-SISTEMA-NOVO-2025-01-31T125929.348_2025-01-31_15-59-40_png_2025-01-31_15-59-40.webp.webp?fit=1200%2C675&ssl=1&resize=525%2C300 1.5x, https:\/\/i0.wp.com\/noticiasribeiraopreto.com.br\/wp-content\/uploads\/2025\/01\/Copia-de-Copia-de-Copia-de-TAMANHO-EXATO-PARA-FOTOS-NO-SISTEMA-NOVO-2025-01-31T125929.348_2025-01-31_15-59-40_png_2025-01-31_15-59-40.webp.webp?fit=1200%2C675&ssl=1&resize=700%2C400 2x, https:\/\/i0.wp.com\/noticiasribeiraopreto.com.br\/wp-content\/uploads\/2025\/01\/Copia-de-Copia-de-Copia-de-TAMANHO-EXATO-PARA-FOTOS-NO-SISTEMA-NOVO-2025-01-31T125929.348_2025-01-31_15-59-40_png_2025-01-31_15-59-40.webp.webp?fit=1200%2C675&ssl=1&resize=1050%2C600 3x"},"classes":[]}],"jetpack_sharing_enabled":true,"jetpack_shortlink":"https:\/\/wp.me\/peQAOb-jw8","_links":{"self":[{"href":"https:\/\/noticiasribeiraopreto.com.br\/index.php\/wp-json\/wp\/v2\/posts\/75028","targetHints":{"allow":["GET"]}}],"collection":[{"href":"https:\/\/noticiasribeiraopreto.com.br\/index.php\/wp-json\/wp\/v2\/posts"}],"about":[{"href":"https:\/\/noticiasribeiraopreto.com.br\/index.php\/wp-json\/wp\/v2\/types\/post"}],"author":[{"embeddable":true,"href":"https:\/\/noticiasribeiraopreto.com.br\/index.php\/wp-json\/wp\/v2\/users\/1"}],"replies":[{"embeddable":true,"href":"https:\/\/noticiasribeiraopreto.com.br\/index.php\/wp-json\/wp\/v2\/comments?post=75028"}],"version-history":[{"count":0,"href":"https:\/\/noticiasribeiraopreto.com.br\/index.php\/wp-json\/wp\/v2\/posts\/75028\/revisions"}],"wp:featuredmedia":[{"embeddable":true,"href":"https:\/\/noticiasribeiraopreto.com.br\/index.php\/wp-json\/wp\/v2\/media\/75029"}],"wp:attachment":[{"href":"https:\/\/noticiasribeiraopreto.com.br\/index.php\/wp-json\/wp\/v2\/media?parent=75028"}],"wp:term":[{"taxonomy":"category","embeddable":true,"href":"https:\/\/noticiasribeiraopreto.com.br\/index.php\/wp-json\/wp\/v2\/categories?post=75028"},{"taxonomy":"post_tag","embeddable":true,"href":"https:\/\/noticiasribeiraopreto.com.br\/index.php\/wp-json\/wp\/v2\/tags?post=75028"}],"curies":[{"name":"wp","href":"https:\/\/api.w.org\/{rel}","templated":true}]}}