{"id":75030,"date":"2025-08-01T19:21:25","date_gmt":"2025-08-01T22:21:25","guid":{"rendered":"https:\/\/noticiasribeiraopreto.com.br\/index.php\/2025\/08\/01\/ladroes-roubam-carro-e-levam-perfumes-e-hidratantes-em-ribeirao-preto\/"},"modified":"2025-08-01T19:21:25","modified_gmt":"2025-08-01T22:21:25","slug":"ladroes-roubam-carro-e-levam-perfumes-e-hidratantes-em-ribeirao-preto","status":"publish","type":"post","link":"https:\/\/noticiasribeiraopreto.com.br\/index.php\/2025\/08\/01\/ladroes-roubam-carro-e-levam-perfumes-e-hidratantes-em-ribeirao-preto\/","title":{"rendered":"Ladr\u00f5es roubam carro e levam perfumes e hidratantes em Ribeir\u00e3o Preto"},"content":{"rendered":"<div class='code-block code-block-1' style='margin: 8px 0 8px auto; text-align: right; display: block; clear: both;'>\n<p><a href=\"https:\/\/wa.link\/vpicfd\"><img data-recalc-dims=\"1\" class=\"wp-image-4922\" style=\"aspect-ratio: 2.0253164556962027; width: 561px; height: auto;\" src=\"https:\/\/i0.wp.com\/ismaelcolosi.com.br\/wp-content\/uploads\/2023\/11\/grupo-de-empregos-whatsapp-e-facebook-ismael-colosi-vagas.jpg?ssl=1\" alt=\"\" \/><\/a><\/p>\n<!-- \/wp:image -->\n<\/div>\n<p> <br \/>\n<\/p>\n<div data-td-block-uid=\"tdi_95\">\n<div class=\"tdb-block-inner td-fix-index\">\n<p>Uma dupla de assaltantes levou o carro de uma vendedora de cosm\u00e9ticos em<strong> Ribeir\u00e3o Preto<\/strong>, na noite da \u00faltima quinta-feira (31). Al\u00e9m do ve\u00edculo, os criminosos levaram produtos como perfumes e hidratantes.<\/p>\n<p>O crime aconteceu na <strong>avenida Doutora Nadir Aguiar<\/strong>, na zona Oeste, por volta das 20h. Segundo o <strong>BO (boletim de ocorr\u00eancia)<\/strong>, a v\u00edtima contou para pol\u00edcia que foi ao local para fazer uma entrega.<\/p>\n<p>O marido dela permaneceu no carro, quando dois criminosos em uma motocicleta chegaram e anunciaram o assalto. Al\u00e9m do ve\u00edculo, Chevrolet\/Onix, os ladr\u00f5es levaram um aparelho celular e 30 embalagens com perfumes e hidratantes. Ap\u00f3s o roubo, os bandidos fugiram.<\/p>\n<p>O caso foi registrado na<strong> CPJ (Central de Pol\u00edcia Judici\u00e1ria) de Ribeir\u00e3o Preto<\/strong>. A Pol\u00edcia Civil investiga o crime.<\/p>\n<p>SAIBA MAIS<br \/>Ricardo sanciona diretrizes do or\u00e7amento de Ribeir\u00e3o Preto com 140 vetos<\/p>\n<h2 class=\"wp-block-heading\"><strong>FIQUE ON<\/strong><\/h2>\n<p>Fique ligado em tudo que acontece em Ribeir\u00e3o Preto e regi\u00e3o. Siga os perfis do<strong>\u00a0acidade on<\/strong>\u00a0no\u00a0<a href=\"https:\/\/www.instagram.com\/acidadeonribeirao\" target=\"_blank\" rel=\"noreferrer noopener\">Instagram<\/a>\u00a0e no\u00a0<a href=\"https:\/\/www.facebook.com\/acidadeonribeirao\/\" target=\"_blank\" rel=\"noreferrer noopener\">Facebook<\/a>.<\/p>\n<p>Receba not\u00edcias do<strong>\u00a0acidade on<\/strong>\u00a0no WhatsApp.<a href=\"https:\/\/chat.whatsapp.com\/BjKQZ9oJwlz8VVT50NuePq\" target=\"_blank\" rel=\"noreferrer noopener\">\u00a0Para entrar no grupo, basta clicar aqui.<\/a><\/p>\n<p>Fa\u00e7a uma den\u00fancia ou sugira uma reportagem sobre Ribeir\u00e3o Preto e regi\u00e3o pelo WhatsApp: 16 99117 7802.<\/p>\n<p>VEJA TAMB\u00c9M<br \/>Vai fazer calor no final de semana em SP?<\/p>\n<p><!-- AI CONTENT END 1 -->\n<\/div>\n<\/div>\n<p><script async src=\"\/\/www.instagram.com\/embed.js\"><\/script><br \/>\n<br \/><br \/>\n<br \/><a href=\"https:\/\/www.acidadeon.com\/ribeiraopreto\/cotidiano\/ladroes-roubam-carro-e-levam-perfumes-e-hidratantes-em-ribeirao-preto\/\">Source link <\/a><\/p>\n<!-- CONTENT END 1 -->\n","protected":false},"excerpt":{"rendered":"<p>Uma dupla de assaltantes levou o carro de uma vendedora de cosm\u00e9ticos em Ribeir\u00e3o Preto, na noite da \u00faltima quinta-feira (31). Al\u00e9m do ve\u00edculo, os&#8230;<\/p>\n","protected":false},"author":1,"featured_media":75031,"comment_status":"open","ping_status":"open","sticky":false,"template":"","format":"standard","meta":{"advanced_seo_description":"","jetpack_seo_html_title":"","jetpack_seo_noindex":false,"jetpack_post_was_ever_published":false,"_jetpack_newsletter_access":"","_jetpack_dont_email_post_to_subs":false,"_jetpack_newsletter_tier_id":0,"_jetpack_memberships_contains_paywalled_content":false,"_jetpack_memberships_contains_paid_content":false,"footnotes":"","jetpack_publicize_message":"","jetpack_publicize_feature_enabled":true,"jetpack_social_post_already_shared":true,"jetpack_social_options":{"image_generator_settings":{"template":"highway","default_image_id":0,"font":"","enabled":false},"version":2}},"categories":[11],"tags":[],"class_list":["post-75030","post","type-post","status-publish","format-standard","has-post-thumbnail","hentry","category-noticias-de-ribeirao-preto-sp-e-regiao-ismael-colosi"],"jetpack_publicize_connections":[],"jetpack_featured_media_url":"https:\/\/i0.wp.com\/noticiasribeiraopreto.com.br\/wp-content\/uploads\/2025\/08\/AnyConv.com__Copia-de-Copia-de-TAMANHO-EXATO-PARA-FOTOS-NO-SISTEMA-NOVO_2024-05-20_14-50-54.webp.webp?fit=1200%2C675&ssl=1","jetpack-related-posts":[{"id":62046,"url":"https:\/\/noticiasribeiraopreto.com.br\/index.php\/2025\/01\/02\/ladroes-levam-100-mil-dolares-e-joias-avaliadas-em-r-4-milhoes-de-casa-em-ribeirao-preto\/","url_meta":{"origin":75030,"position":0},"title":"Ladr\u00f5es levam 100 mil d\u00f3lares e joias avaliadas em R$ 4 milh\u00f5es de casa em Ribeir\u00e3o Preto","author":"noticiasribeiraopreto.com.br","date":"2 de January de 2025","format":false,"excerpt":"Ladr\u00f5es invadiram uma casa e levaram 100 mil d\u00f3lares em dinheiro e uma maleta com joias avaliadas em R$ 4 milh\u00f5es de uma casa no Alto da Boa Vista, na zona Sul de Ribeir\u00e3o Preto. Segundo o BO (boletim de ocorr\u00eancia), o crime aconteceu na manh\u00e3 da \u00faltima ter\u00e7a-feira (31).\u2026","rel":"","context":"In &quot;Not\u00edcias de Ribeir\u00e3o Preto-SP e Regi\u00e3o&quot;","block_context":{"text":"Not\u00edcias de Ribeir\u00e3o Preto-SP e Regi\u00e3o","link":"https:\/\/noticiasribeiraopreto.com.br\/index.php\/category\/noticias-de-ribeirao-preto-sp-e-regiao-ismael-colosi\/"},"img":{"alt_text":"","src":"https:\/\/i0.wp.com\/noticiasribeiraopreto.com.br\/wp-content\/uploads\/2025\/01\/HomemmorreapscairdeandaimeenquantotrabalhavaemRibeiroPreto_Tamanho_2_image.jpg?fit=1200%2C900&ssl=1&resize=350%2C200","width":350,"height":200,"srcset":"https:\/\/i0.wp.com\/noticiasribeiraopreto.com.br\/wp-content\/uploads\/2025\/01\/HomemmorreapscairdeandaimeenquantotrabalhavaemRibeiroPreto_Tamanho_2_image.jpg?fit=1200%2C900&ssl=1&resize=350%2C200 1x, https:\/\/i0.wp.com\/noticiasribeiraopreto.com.br\/wp-content\/uploads\/2025\/01\/HomemmorreapscairdeandaimeenquantotrabalhavaemRibeiroPreto_Tamanho_2_image.jpg?fit=1200%2C900&ssl=1&resize=525%2C300 1.5x, https:\/\/i0.wp.com\/noticiasribeiraopreto.com.br\/wp-content\/uploads\/2025\/01\/HomemmorreapscairdeandaimeenquantotrabalhavaemRibeiroPreto_Tamanho_2_image.jpg?fit=1200%2C900&ssl=1&resize=700%2C400 2x, https:\/\/i0.wp.com\/noticiasribeiraopreto.com.br\/wp-content\/uploads\/2025\/01\/HomemmorreapscairdeandaimeenquantotrabalhavaemRibeiroPreto_Tamanho_2_image.jpg?fit=1200%2C900&ssl=1&resize=1050%2C600 3x"},"classes":[]},{"id":56960,"url":"https:\/\/noticiasribeiraopreto.com.br\/index.php\/2024\/08\/19\/quadrilha-rouba-dolares-joias-e-carro-de-familia-em-ribeirao-preto\/","url_meta":{"origin":75030,"position":1},"title":"Quadrilha rouba d\u00f3lares, joias e carro de fam\u00edlia em Ribeir\u00e3o Preto","author":"noticiasribeiraopreto.com.br","date":"19 de August de 2024","format":false,"excerpt":"Uma quadrilha manteve ref\u00e9m uma fam\u00edlia e os funcion\u00e1rios de uma casa no bairro Lagoinha, na zona Leste de Ribeir\u00e3o Preto, na manh\u00e3 do \u00faltimo s\u00e1bado (17). Os criminosos levaram d\u00f3lares, joias, o carro da fam\u00edlia, al\u00e9m de aparelhos eletr\u00f4nicos. Segundo o BO (boletim de ocorr\u00eancia), o crime aconteceu por\u2026","rel":"","context":"In &quot;Not\u00edcias de Ribeir\u00e3o Preto-SP e Regi\u00e3o&quot;","block_context":{"text":"Not\u00edcias de Ribeir\u00e3o Preto-SP e Regi\u00e3o","link":"https:\/\/noticiasribeiraopreto.com.br\/index.php\/category\/noticias-de-ribeirao-preto-sp-e-regiao-ismael-colosi\/"},"img":{"alt_text":"","src":"https:\/\/i0.wp.com\/noticiasribeiraopreto.com.br\/wp-content\/uploads\/2024\/08\/WhatsApp-Image-2023-12-09-at-13.55.44.jpeg?fit=1024%2C576&ssl=1&resize=350%2C200","width":350,"height":200,"srcset":"https:\/\/i0.wp.com\/noticiasribeiraopreto.com.br\/wp-content\/uploads\/2024\/08\/WhatsApp-Image-2023-12-09-at-13.55.44.jpeg?fit=1024%2C576&ssl=1&resize=350%2C200 1x, https:\/\/i0.wp.com\/noticiasribeiraopreto.com.br\/wp-content\/uploads\/2024\/08\/WhatsApp-Image-2023-12-09-at-13.55.44.jpeg?fit=1024%2C576&ssl=1&resize=525%2C300 1.5x, https:\/\/i0.wp.com\/noticiasribeiraopreto.com.br\/wp-content\/uploads\/2024\/08\/WhatsApp-Image-2023-12-09-at-13.55.44.jpeg?fit=1024%2C576&ssl=1&resize=700%2C400 2x"},"classes":[]},{"id":57377,"url":"https:\/\/noticiasribeiraopreto.com.br\/index.php\/2024\/08\/30\/ladroes-extorquem-vitima-em-ribeirao-e-obrigam-transferencias-de-r-30-mil-no-pix\/","url_meta":{"origin":75030,"position":2},"title":"Ladr\u00f5es extorquem v\u00edtima em Ribeir\u00e3o e obrigam transfer\u00eancias de R$ 30 mil no Pix","author":"noticiasribeiraopreto.com.br","date":"30 de August de 2024","format":false,"excerpt":"Um homem foi v\u00edtima de dois assaltantes na manh\u00e3 da \u00faltima quinta-feira (29), no Jardim das Palmeiras, na zona Leste de Ribeir\u00e3o Preto. Os criminosos extorquiram a v\u00edtima e levaram mais de R$ 30 mil. Segundo o BO (boletim de ocorr\u00eancia), os criminosos invadiram a resid\u00eancia por volta das 6h,\u2026","rel":"","context":"In &quot;Not\u00edcias de Ribeir\u00e3o Preto-SP e Regi\u00e3o&quot;","block_context":{"text":"Not\u00edcias de Ribeir\u00e3o Preto-SP e Regi\u00e3o","link":"https:\/\/noticiasribeiraopreto.com.br\/index.php\/category\/noticias-de-ribeirao-preto-sp-e-regiao-ismael-colosi\/"},"img":{"alt_text":"","src":"https:\/\/i0.wp.com\/noticiasribeiraopreto.com.br\/wp-content\/uploads\/2024\/08\/1725019471_HomemmorreapscairdeandaimeenquantotrabalhavaemRibeiroPreto_Tamanho_2_image.jpg?fit=1200%2C900&ssl=1&resize=350%2C200","width":350,"height":200,"srcset":"https:\/\/i0.wp.com\/noticiasribeiraopreto.com.br\/wp-content\/uploads\/2024\/08\/1725019471_HomemmorreapscairdeandaimeenquantotrabalhavaemRibeiroPreto_Tamanho_2_image.jpg?fit=1200%2C900&ssl=1&resize=350%2C200 1x, https:\/\/i0.wp.com\/noticiasribeiraopreto.com.br\/wp-content\/uploads\/2024\/08\/1725019471_HomemmorreapscairdeandaimeenquantotrabalhavaemRibeiroPreto_Tamanho_2_image.jpg?fit=1200%2C900&ssl=1&resize=525%2C300 1.5x, https:\/\/i0.wp.com\/noticiasribeiraopreto.com.br\/wp-content\/uploads\/2024\/08\/1725019471_HomemmorreapscairdeandaimeenquantotrabalhavaemRibeiroPreto_Tamanho_2_image.jpg?fit=1200%2C900&ssl=1&resize=700%2C400 2x, https:\/\/i0.wp.com\/noticiasribeiraopreto.com.br\/wp-content\/uploads\/2024\/08\/1725019471_HomemmorreapscairdeandaimeenquantotrabalhavaemRibeiroPreto_Tamanho_2_image.jpg?fit=1200%2C900&ssl=1&resize=1050%2C600 3x"},"classes":[]},{"id":63027,"url":"https:\/\/noticiasribeiraopreto.com.br\/index.php\/2025\/01\/31\/seguranca-morre-em-acidente-de-moto-enquanto-perseguia-ladroes-em-ribeirao-preto\/","url_meta":{"origin":75030,"position":3},"title":"Seguran\u00e7a morre em acidente de moto enquanto perseguia ladr\u00f5es em Ribeir\u00e3o Preto","author":"noticiasribeiraopreto.com.br","date":"31 de January de 2025","format":false,"excerpt":"Um seguran\u00e7a de 48 anos morreu na noite da \u00faltima quinta-feira (30) na avenida Thomaz Alberto Whately, na Vila Brasil, zona Norte de Ribeir\u00e3o Preto. A v\u00edtima teve o carro roubado e morreu em um acidente de moto enquanto perseguia os ladr\u00f5es. De acordo com apura\u00e7\u00e3o da EPTV, Celso Henrique\u2026","rel":"","context":"In &quot;Not\u00edcias de Ribeir\u00e3o Preto-SP e Regi\u00e3o&quot;","block_context":{"text":"Not\u00edcias de Ribeir\u00e3o Preto-SP e Regi\u00e3o","link":"https:\/\/noticiasribeiraopreto.com.br\/index.php\/category\/noticias-de-ribeirao-preto-sp-e-regiao-ismael-colosi\/"},"img":{"alt_text":"","src":"https:\/\/i0.wp.com\/noticiasribeiraopreto.com.br\/wp-content\/uploads\/2025\/01\/celso-henrique_2025-01-31_15-14-52_jpg_2025-01-31_15-14-52.webp.webp?fit=848%2C563&ssl=1&resize=350%2C200","width":350,"height":200,"srcset":"https:\/\/i0.wp.com\/noticiasribeiraopreto.com.br\/wp-content\/uploads\/2025\/01\/celso-henrique_2025-01-31_15-14-52_jpg_2025-01-31_15-14-52.webp.webp?fit=848%2C563&ssl=1&resize=350%2C200 1x, https:\/\/i0.wp.com\/noticiasribeiraopreto.com.br\/wp-content\/uploads\/2025\/01\/celso-henrique_2025-01-31_15-14-52_jpg_2025-01-31_15-14-52.webp.webp?fit=848%2C563&ssl=1&resize=525%2C300 1.5x, https:\/\/i0.wp.com\/noticiasribeiraopreto.com.br\/wp-content\/uploads\/2025\/01\/celso-henrique_2025-01-31_15-14-52_jpg_2025-01-31_15-14-52.webp.webp?fit=848%2C563&ssl=1&resize=700%2C400 2x"},"classes":[]},{"id":66528,"url":"https:\/\/noticiasribeiraopreto.com.br\/index.php\/2025\/04\/02\/ladroes-de-alianca-atacam-em-bairros-da-zona-oeste-de-ribeirao-preto\/","url_meta":{"origin":75030,"position":4},"title":"Ladr\u00f5es de alian\u00e7a atacam em bairros da zona Oeste de Ribeir\u00e3o Preto","author":"noticiasribeiraopreto.com.br","date":"2 de April de 2025","format":false,"excerpt":"Tr\u00eas pessoas foram v\u00edtimas de assaltos nas \u00faltimas semanas em que os criminosos roubaram alian\u00e7as, na zona Oeste de Ribeir\u00e3o Preto. Como foram os crimes: O primeiro ocorreu no dia 18 de mar\u00e7o, na rua Alfredo de Siqueira, no bairro Sumarezinho. A v\u00edtima, um homem de 38 anos, estacionava o\u2026","rel":"","context":"In &quot;Not\u00edcias de Ribeir\u00e3o Preto-SP e Regi\u00e3o&quot;","block_context":{"text":"Not\u00edcias de Ribeir\u00e3o Preto-SP e Regi\u00e3o","link":"https:\/\/noticiasribeiraopreto.com.br\/index.php\/category\/noticias-de-ribeirao-preto-sp-e-regiao-ismael-colosi\/"},"img":{"alt_text":"","src":"https:\/\/i0.wp.com\/noticiasribeiraopreto.com.br\/wp-content\/uploads\/2025\/04\/ALIANCA_2025-04-02_15-22-53_jpg_2025-04-02_15-22-54.webp.webp?fit=1200%2C800&ssl=1&resize=350%2C200","width":350,"height":200,"srcset":"https:\/\/i0.wp.com\/noticiasribeiraopreto.com.br\/wp-content\/uploads\/2025\/04\/ALIANCA_2025-04-02_15-22-53_jpg_2025-04-02_15-22-54.webp.webp?fit=1200%2C800&ssl=1&resize=350%2C200 1x, https:\/\/i0.wp.com\/noticiasribeiraopreto.com.br\/wp-content\/uploads\/2025\/04\/ALIANCA_2025-04-02_15-22-53_jpg_2025-04-02_15-22-54.webp.webp?fit=1200%2C800&ssl=1&resize=525%2C300 1.5x, https:\/\/i0.wp.com\/noticiasribeiraopreto.com.br\/wp-content\/uploads\/2025\/04\/ALIANCA_2025-04-02_15-22-53_jpg_2025-04-02_15-22-54.webp.webp?fit=1200%2C800&ssl=1&resize=700%2C400 2x, https:\/\/i0.wp.com\/noticiasribeiraopreto.com.br\/wp-content\/uploads\/2025\/04\/ALIANCA_2025-04-02_15-22-53_jpg_2025-04-02_15-22-54.webp.webp?fit=1200%2C800&ssl=1&resize=1050%2C600 3x"},"classes":[]},{"id":74811,"url":"https:\/\/noticiasribeiraopreto.com.br\/index.php\/2025\/07\/29\/troca-de-tiros-ladroes-tentam-roubar-policial-militar-que-chegava-do-trabalho\/","url_meta":{"origin":75030,"position":5},"title":"Troca de tiros: Ladr\u00f5es tentam roubar policial militar que chegava do trabalho","author":"noticiasribeiraopreto.com.br","date":"29 de July de 2025","format":false,"excerpt":"Uma quadrilha tentou assaltar um policial militar que chegava em casa, ap\u00f3s o trabalho, em Brodowski, na regi\u00e3o de Ribeir\u00e3o Preto. O crime aconteceu na madrugada desta ter\u00e7a-feira (29), por volta das 2h30. Segundo o BO (boletim de ocorr\u00eancia), o policial retornava do servi\u00e7o e, ao estacionar o carro em\u2026","rel":"","context":"In &quot;Not\u00edcias de Ribeir\u00e3o Preto-SP e Regi\u00e3o&quot;","block_context":{"text":"Not\u00edcias de Ribeir\u00e3o Preto-SP e Regi\u00e3o","link":"https:\/\/noticiasribeiraopreto.com.br\/index.php\/category\/noticias-de-ribeirao-preto-sp-e-regiao-ismael-colosi\/"},"img":{"alt_text":"","src":"https:\/\/i0.wp.com\/noticiasribeiraopreto.com.br\/wp-content\/uploads\/2025\/07\/troca-de-tiros_2025-07-29_15-37-28.webp.webp?fit=1200%2C653&ssl=1&resize=350%2C200","width":350,"height":200,"srcset":"https:\/\/i0.wp.com\/noticiasribeiraopreto.com.br\/wp-content\/uploads\/2025\/07\/troca-de-tiros_2025-07-29_15-37-28.webp.webp?fit=1200%2C653&ssl=1&resize=350%2C200 1x, https:\/\/i0.wp.com\/noticiasribeiraopreto.com.br\/wp-content\/uploads\/2025\/07\/troca-de-tiros_2025-07-29_15-37-28.webp.webp?fit=1200%2C653&ssl=1&resize=525%2C300 1.5x, https:\/\/i0.wp.com\/noticiasribeiraopreto.com.br\/wp-content\/uploads\/2025\/07\/troca-de-tiros_2025-07-29_15-37-28.webp.webp?fit=1200%2C653&ssl=1&resize=700%2C400 2x, https:\/\/i0.wp.com\/noticiasribeiraopreto.com.br\/wp-content\/uploads\/2025\/07\/troca-de-tiros_2025-07-29_15-37-28.webp.webp?fit=1200%2C653&ssl=1&resize=1050%2C600 3x"},"classes":[]}],"jetpack_sharing_enabled":true,"jetpack_shortlink":"https:\/\/wp.me\/peQAOb-jwa","_links":{"self":[{"href":"https:\/\/noticiasribeiraopreto.com.br\/index.php\/wp-json\/wp\/v2\/posts\/75030","targetHints":{"allow":["GET"]}}],"collection":[{"href":"https:\/\/noticiasribeiraopreto.com.br\/index.php\/wp-json\/wp\/v2\/posts"}],"about":[{"href":"https:\/\/noticiasribeiraopreto.com.br\/index.php\/wp-json\/wp\/v2\/types\/post"}],"author":[{"embeddable":true,"href":"https:\/\/noticiasribeiraopreto.com.br\/index.php\/wp-json\/wp\/v2\/users\/1"}],"replies":[{"embeddable":true,"href":"https:\/\/noticiasribeiraopreto.com.br\/index.php\/wp-json\/wp\/v2\/comments?post=75030"}],"version-history":[{"count":0,"href":"https:\/\/noticiasribeiraopreto.com.br\/index.php\/wp-json\/wp\/v2\/posts\/75030\/revisions"}],"wp:featuredmedia":[{"embeddable":true,"href":"https:\/\/noticiasribeiraopreto.com.br\/index.php\/wp-json\/wp\/v2\/media\/75031"}],"wp:attachment":[{"href":"https:\/\/noticiasribeiraopreto.com.br\/index.php\/wp-json\/wp\/v2\/media?parent=75030"}],"wp:term":[{"taxonomy":"category","embeddable":true,"href":"https:\/\/noticiasribeiraopreto.com.br\/index.php\/wp-json\/wp\/v2\/categories?post=75030"},{"taxonomy":"post_tag","embeddable":true,"href":"https:\/\/noticiasribeiraopreto.com.br\/index.php\/wp-json\/wp\/v2\/tags?post=75030"}],"curies":[{"name":"wp","href":"https:\/\/api.w.org\/{rel}","templated":true}]}}