{"id":75078,"date":"2025-08-03T08:33:22","date_gmt":"2025-08-03T11:33:22","guid":{"rendered":"https:\/\/noticiasribeiraopreto.com.br\/index.php\/2025\/08\/03\/tarifaco-impacto-no-agronegocio-regional-e-no-bolso-do-consumidor\/"},"modified":"2025-08-03T08:33:22","modified_gmt":"2025-08-03T11:33:22","slug":"tarifaco-impacto-no-agronegocio-regional-e-no-bolso-do-consumidor","status":"publish","type":"post","link":"https:\/\/noticiasribeiraopreto.com.br\/index.php\/2025\/08\/03\/tarifaco-impacto-no-agronegocio-regional-e-no-bolso-do-consumidor\/","title":{"rendered":"Tarifa\u00e7o: impacto no agroneg\u00f3cio regional e no bolso do consumidor"},"content":{"rendered":"<div class='code-block code-block-1' style='margin: 8px 0 8px auto; text-align: right; display: block; clear: both;'>\n<p><a href=\"https:\/\/wa.link\/vpicfd\"><img data-recalc-dims=\"1\" class=\"wp-image-4922\" style=\"aspect-ratio: 2.0253164556962027; width: 561px; height: auto;\" src=\"https:\/\/i0.wp.com\/ismaelcolosi.com.br\/wp-content\/uploads\/2023\/11\/grupo-de-empregos-whatsapp-e-facebook-ismael-colosi-vagas.jpg?ssl=1\" alt=\"\" \/><\/a><\/p>\n<!-- \/wp:image -->\n<\/div>\n<p> <br \/>\n<\/p>\n<div>\n<p>Por Adriana Cristofoli<\/p>\n<p>\u00a0<\/p>\n<p>A recente decis\u00e3o do presidente norte-americano Donald Trump de aplicar uma tarifa adicional de 50% sobre diversos produtos brasileiros voltou a abalar a rela\u00e7\u00e3o comercial entre Brasil e Estados Unidos. A medida, que entra em vigor no dia 6 de agosto, afeta diretamente setores estrat\u00e9gicos da economia nacional, e tem re\ufb02exos imediatos na regi\u00e3o de Ribeir\u00e3o Preto, tradicional polo do agroneg\u00f3cio paulista.<\/p>\n<figure id=\"attachment_433794\" aria-describedby=\"caption-attachment-433794\" style=\"width: 201px\" class=\"wp-caption alignleft\"><img data-recalc-dims=\"1\" alt=\"\" loading=\"lazy\" decoding=\"async\" class=\"wp-image-433794 size-medium\" src=\"https:\/\/i0.wp.com\/www.tribunaribeirao.com.br\/wp-content\/uploads\/2025\/08\/Moreira-201x300.jpeg?resize=201%2C300&#038;ssl=1\" width=\"201\" height=\"300\" srcset=\"https:\/\/www.tribunaribeirao.com.br\/wp-content\/uploads\/2025\/08\/Moreira-201x300.jpeg 201w, https:\/\/www.tribunaribeirao.com.br\/wp-content\/uploads\/2025\/08\/Moreira-267x400.jpeg 267w, https:\/\/www.tribunaribeirao.com.br\/wp-content\/uploads\/2025\/08\/Moreira.jpeg 377w\" sizes=\"auto, (max-width: 201px) 100vw, 201px\"\/><figcaption id=\"caption-attachment-433794\" class=\"wp-caption-text\">Para Moreira o Brasil deixou de ser apenas um parceiro comercial dos EUA e passou a ser um ator estrat\u00e9gico adverso em determinadas pautas (Arquivo Pessoal)<\/figcaption><\/figure>\n<p>Embora cerca de 700 categorias de produtos tenham sido isentas da tarifa extra (como suco de laranja, celulose, aeronaves e fertilizantes), produtos essenciais para a balan\u00e7a comercial da nossa regi\u00e3o, como carne bovina, caf\u00e9 e algumas frutas, permanecem entre os mais penalizados.<\/p>\n<p>O governo americano justi\ufb01cou a medida alegando que o Brasil representa uma \u201camea\u00e7a incomum e extraordin\u00e1ria\u201d \u00e0 economia dos Estados Unidos. Na pr\u00e1tica, essa express\u00e3o tem valor mais simb\u00f3lico do que t\u00e9cnico. O que est\u00e1 em jogo \u00e9 a alta competitividade dos produtos brasileiros, especialmente em setores como carnes, gr\u00e3os e caf\u00e9, que pressionam a ind\u00fastria e o agroneg\u00f3cio americanos.<\/p>\n<p>A medida tamb\u00e9m possui vi\u00e9s pol\u00edtico, t\u00edpica de anos eleitorais nos EUA. Trump refor\u00e7a seu discurso de prote\u00e7\u00e3o ao emprego americano e atende demandas de setores industriais e rurais do seu eleitorado.<\/p>\n<p>Para o consultor econ\u00f4mico Jos\u00e9 Rita Moreira, o est\u00edmulo para o tarifa\u00e7o foi muito mais geopol\u00edtico, especialmente se analisado \u00e0 luz dos desdobramentos da mais recente c\u00fapula dos BRICS, realizada em junho de 2025.<\/p>\n<p>\u201cO que se viu naquela reuni\u00e3o foi um claro reposicionamento pol\u00edtico do bloco, com fortes implica\u00e7\u00f5es para a ordem econ\u00f4mica internacional, e, sobretudo, para os interesses estrat\u00e9gicos dos Estados Unidos\u201d, declara.<\/p>\n<p>Moreira explica que durante a reuni\u00e3o, o bloco dos BRICS, que hoje inclui pa\u00edses como Ir\u00e3, Ar\u00e1bia Saudita, Egito e Argentina (em sua vers\u00e3o ampliada), emitiu declara\u00e7\u00f5es incisivas sobre tr\u00eas temas extremamente sens\u00edveis \u00e0 pol\u00edtica externa americana:<\/p>\n<ol>\n<li>Cr\u00edtica \u00e0 postura dos EUA na guerra Israel-Hamas, com \u00eanfase no apoio militar<\/li>\n<\/ol>\n<p>incondicional a Israel e no bloqueio a resolu\u00e7\u00f5es de cessar-fogo na ONU.<\/p>\n<ol start=\"2\">\n<li>Condena\u00e7\u00e3o do recente bombardeio americano em territ\u00f3rio iraniano,<\/li>\n<\/ol>\n<p>classi\ufb01cado pelo grupo como \u201ca\u00e7\u00e3o unilateral, desestabilizadora e contr\u00e1ria ao<\/p>\n<p>direito internacional\u201d.<\/p>\n<ol start=\"3\">\n<li>Avan\u00e7o da proposta de uma moeda comum dos BRICS, cujo objetivo seria<\/li>\n<\/ol>\n<p>facilitar o com\u00e9rcio entre os membros sem depender do d\u00f3lar, reduzindo a<\/p>\n<p>in\ufb02u\u00eancia norte-americana sobre o sistema \ufb01nanceiro global.<\/p>\n<p>\u201cEssas tr\u00eas frentes, seguran\u00e7a, diplomacia e sistema monet\u00e1rio, tocam diretamente os<\/p>\n<p>pilares da hegemonia dos EUA. E qualquer amea\u00e7a coordenada, ainda que simb\u00f3lica, \u00e9<\/p>\n<p>interpretada como um risco a ser neutralizado\u201d, observa.<\/p>\n<p>O economista acredita que embora a Casa Branca alegue raz\u00f5es comerciais, como \u201cdesequil\u00edbrio de mercado\u201d e \u201cconcorr\u00eancia desleal\u201d, a medida de sobretaxar produtos brasileiros atinge setores centrais da economia do pa\u00eds, e envia um recado claro: h\u00e1 custos a pagar por desa\ufb01ar a ordem liderada pelos EUA.<\/p>\n<p>Para Moreira, a presen\u00e7a ativa do Brasil no BRICS, somada ao apoio t\u00e1cito \u00e0s cr\u00edticas contra a atua\u00e7\u00e3o americana no Oriente M\u00e9dio e \u00e0 discuss\u00e3o sobre uma moeda alternativa ao d\u00f3lar, refor\u00e7ou a percep\u00e7\u00e3o, dentro do governo Trump, de que o pa\u00eds deixou de ser apenas um parceiro comercial e passou a ser um ator estrat\u00e9gico adverso em determinadas pautas. \u201cA divulga\u00e7\u00e3o do Tarifa\u00e7o ocorreu logo ap\u00f3s essa reuni\u00e3o\u201d, observa.<\/p>\n<p>Ainda segundo o consultor faltou rea\u00e7\u00e3o do governo brasileiro. O Brasil foi pego de surpresa e reagiu com lentid\u00e3o. Mesmo com sinais pr\u00e9vios de insatisfa\u00e7\u00e3o vindos de Washington, o governo federal n\u00e3o atuou com a agilidade esperada. N\u00e3o houve mobiliza\u00e7\u00e3o diplom\u00e1tica para antecipar ou mitigar os efeitos do tarifa\u00e7o. Tamb\u00e9m n\u00e3o houve esfor\u00e7o para negociar exce\u00e7\u00f5es mais abrangentes para produtos estrat\u00e9gicos. \u201cA intransig\u00eancia do governo em abrir di\u00e1logo tamb\u00e9m prejudica o pa\u00eds. O momento exige pragmatismo e articula\u00e7\u00e3o internacional, e n\u00e3o posicionamentos ideol\u00f3gicos ou posturas isolacionistas\u201d, observa.<\/p>\n<p>Para Moreira, o impacto regional \u00e9 evidente. A cadeia da carne bovina, com abatedouros, con\ufb01namentos e frigor\u00ed\ufb01cos presentes em diversas cidades do entorno de Ribeir\u00e3o Preto, sofrer\u00e1 diretamente com a queda na demanda externa.<\/p>\n<p>O caf\u00e9 ar\u00e1bica, produto de exporta\u00e7\u00e3o com forte presen\u00e7a nas \u00e1reas de Franca, Altin\u00f3polis e regi\u00e3o da Mogiana, tamb\u00e9m est\u00e1 entre os mais afetados. J\u00e1 frutas tropicais e produtos hortifrutigranjeiros, que dependem de mercados internacionais, tendem a sofrer desacelera\u00e7\u00e3o. Por outro lado, a isen\u00e7\u00e3o do suco de laranja e da polpa \u00e9 uma boa not\u00edcia para o setor citr\u00edcola, ainda relevante em munic\u00edpios como Bebedouro, Mat\u00e3o e Araraquara.<\/p>\n<p><strong>E para o consumidor \ufb01nal? A carne vai baratear? O caf\u00e9 vai \ufb01car mais acess\u00edvel?<\/strong><\/p>\n<p>A resposta, segundo o consultor econ\u00f4mico Jos\u00e9 Rita Moreira, infelizmente, \u00e9 n\u00e3o necessariamente. Para ele, em teoria, com a queda das exporta\u00e7\u00f5es, haveria maior oferta interna e os pre\u00e7os cairiam. Por\u00e9m, a realidade \u00e9 mais complexa.<\/p>\n<p>A carne bovina, por exemplo, tem custo de produ\u00e7\u00e3o atrelado ao d\u00f3lar. Com isso, mesmo com mais produto no mercado interno, os pre\u00e7os n\u00e3o devem recuar signi\ufb01cativamente. Frigor\u00ed\ufb01cos tamb\u00e9m podem reduzir a produ\u00e7\u00e3o para evitar excedentes e preservar a margem de lucro.<\/p>\n<p>O caf\u00e9, por sua vez, pode apresentar alguma queda nos pre\u00e7os ao consumidor, principalmente nas variedades especiais que seriam destinadas \u00e0 exporta\u00e7\u00e3o. No entanto, a redu\u00e7\u00e3o deve ser pontual e, em muitos casos, absorvida pela cadeia comercial antes de chegar ao varejo.<\/p>\n<p>Al\u00e9m de carnes e caf\u00e9, o brasileiro deve se preparar para pre\u00e7os mais elevados, ou, no<\/p>\n<p>m\u00ednimo, inst\u00e1veis, em itens como: Frutas exportadas (mam\u00e3o, manga, mel\u00e3o); derivados de prote\u00edna animal (lingui\u00e7as, embutidos, carnes processadas); Produtos que dependem de insumos importados e log\u00edstica de exporta\u00e7\u00e3o.<\/p>\n<p>Moreira acredita que o consumidor pode ser penalizado duplamente: pelo impacto nos pre\u00e7os e pela desacelera\u00e7\u00e3o econ\u00f4mica regional, que afeta empregos e renda.<\/p>\n<p>\u00c9 necess\u00e1rio buscar outros compradores no exterior, mas isso exige tempo, estrat\u00e9gia e diplomacia ativa. A China, pa\u00edses do Oriente M\u00e9dio, Europa e mesmo vizinhos da Am\u00e9rica do Sul s\u00e3o op\u00e7\u00f5es. \u201cNo entanto, n\u00e3o h\u00e1 garantia de absor\u00e7\u00e3o imediata dos produtos brasileiros que perderam espa\u00e7o nos EUA., at\u00e9 porque o mundo j\u00e1 est\u00e1 mapeado, e n\u00e3o podemos ser ing\u00eanuos em acreditar que outros mercados estariam havidos para comprar nossos produtos\u201d, observa.<\/p>\n<p>Al\u00e9m disso, novos mercados exigem adapta\u00e7\u00f5es log\u00edsticas, certi\ufb01ca\u00e7\u00f5es sanit\u00e1rias e, em alguns casos, concess\u00f5es comerciais que o Brasil ainda precisa negociar.<\/p>\n<p>\u201cEsperar que o mercado se ajuste sozinho pode custar caro, e, como j\u00e1 se v\u00ea, quem paga a conta \u00e9 o produtor e o consumidor brasileiro\u201d, finaliza.<\/p>\n<p>\u00a0<\/p>\n<p>\u00a0<\/p>\n<p>\u00a0<\/p>\n<p>\u00a0<\/p>\n<\/div>\n<p><br \/>\n<br \/><a href=\"https:\/\/www.tribunaribeirao.com.br\/tarifaco-impacto-no-agronegocio-regional-e-no-bolso-do-consumidor\/\">Source link <\/a><\/p>\n<!-- CONTENT END 1 -->\n","protected":false},"excerpt":{"rendered":"<p>Por Adriana Cristofoli \u00a0 A recente decis\u00e3o do presidente norte-americano Donald Trump de aplicar uma tarifa adicional de 50% sobre diversos produtos brasileiros voltou a&#8230;<\/p>\n","protected":false},"author":1,"featured_media":75079,"comment_status":"open","ping_status":"open","sticky":false,"template":"","format":"standard","meta":{"advanced_seo_description":"","jetpack_seo_html_title":"","jetpack_seo_noindex":false,"jetpack_post_was_ever_published":false,"_jetpack_newsletter_access":"","_jetpack_dont_email_post_to_subs":false,"_jetpack_newsletter_tier_id":0,"_jetpack_memberships_contains_paywalled_content":false,"_jetpack_memberships_contains_paid_content":false,"footnotes":"","jetpack_publicize_message":"","jetpack_publicize_feature_enabled":true,"jetpack_social_post_already_shared":true,"jetpack_social_options":{"image_generator_settings":{"template":"highway","default_image_id":0,"font":"","enabled":false},"version":2}},"categories":[11],"tags":[],"class_list":["post-75078","post","type-post","status-publish","format-standard","has-post-thumbnail","hentry","category-noticias-de-ribeirao-preto-sp-e-regiao-ismael-colosi"],"jetpack_publicize_connections":[],"jetpack_featured_media_url":"https:\/\/i0.wp.com\/noticiasribeiraopreto.com.br\/wp-content\/uploads\/2025\/08\/capa.jpeg?fit=300%2C168&ssl=1","jetpack-related-posts":[{"id":53345,"url":"https:\/\/noticiasribeiraopreto.com.br\/index.php\/2024\/06\/19\/aniversario-de-ribeirao-preto-entenda-a-importancia-do-agronegocio-para-a-cidade\/","url_meta":{"origin":75078,"position":0},"title":"Anivers\u00e1rio de Ribeir\u00e3o Preto: Entenda a import\u00e2ncia do agroneg\u00f3cio para a cidade","author":"noticiasribeiraopreto.com.br","date":"19 de June de 2024","format":false,"excerpt":"Reconhecida como a \u201cCapital Brasileira do Agroneg\u00f3cio\u201d h\u00e1 20 anos, Ribeir\u00e3o Preto tem papel fundamental para o setor no \u00e2mbito nacional, tornando-se um dos polos mais importantes de agroind\u00fastria do Pa\u00eds devido a produtividade e inova\u00e7\u00e3o. Com a popula\u00e7\u00e3o de 698.642 habitantes e uma \u00e1rea territorial de 650.916 km\u00b2, de\u2026","rel":"","context":"In &quot;Not\u00edcias de Ribeir\u00e3o Preto-SP e Regi\u00e3o&quot;","block_context":{"text":"Not\u00edcias de Ribeir\u00e3o Preto-SP e Regi\u00e3o","link":"https:\/\/noticiasribeiraopreto.com.br\/index.php\/category\/noticias-de-ribeirao-preto-sp-e-regiao-ismael-colosi\/"},"img":{"alt_text":"","src":"https:\/\/i0.wp.com\/noticiasribeiraopreto.com.br\/wp-content\/uploads\/2024\/06\/12_2024-06-14_19-51-16_jpg_2024-06-14_19-51-16.webp.webp?fit=1200%2C675&ssl=1&resize=350%2C200","width":350,"height":200,"srcset":"https:\/\/i0.wp.com\/noticiasribeiraopreto.com.br\/wp-content\/uploads\/2024\/06\/12_2024-06-14_19-51-16_jpg_2024-06-14_19-51-16.webp.webp?fit=1200%2C675&ssl=1&resize=350%2C200 1x, https:\/\/i0.wp.com\/noticiasribeiraopreto.com.br\/wp-content\/uploads\/2024\/06\/12_2024-06-14_19-51-16_jpg_2024-06-14_19-51-16.webp.webp?fit=1200%2C675&ssl=1&resize=525%2C300 1.5x, https:\/\/i0.wp.com\/noticiasribeiraopreto.com.br\/wp-content\/uploads\/2024\/06\/12_2024-06-14_19-51-16_jpg_2024-06-14_19-51-16.webp.webp?fit=1200%2C675&ssl=1&resize=700%2C400 2x, https:\/\/i0.wp.com\/noticiasribeiraopreto.com.br\/wp-content\/uploads\/2024\/06\/12_2024-06-14_19-51-16_jpg_2024-06-14_19-51-16.webp.webp?fit=1200%2C675&ssl=1&resize=1050%2C600 3x"},"classes":[]},{"id":68587,"url":"https:\/\/noticiasribeiraopreto.com.br\/index.php\/2025\/04\/26\/capital-do-agro-ribeirao-preto-recebe-eventos-internacionais-do-agronegocio\/","url_meta":{"origin":75078,"position":1},"title":"Capital do agro: Ribeir\u00e3o Preto recebe eventos internacionais do agroneg\u00f3cio","author":"noticiasribeiraopreto.com.br","date":"26 de April de 2025","format":false,"excerpt":"Al\u00e9m da Agrishow, Ribeir\u00e3o Preto recebe outros eventos independentes e paralelos ligados ao mundo do agroneg\u00f3cio a partir deste domingo (27).\u00a0 Durante os encontros, est\u00e3o previstas as participa\u00e7\u00f5es de pol\u00edticos e de representantes de outros pa\u00edses. Um dos eventos \u00e9 o Agrotalk Show, que acontece neste domingo (27), no Espa\u00e7o\u2026","rel":"","context":"In &quot;Not\u00edcias de Ribeir\u00e3o Preto-SP e Regi\u00e3o&quot;","block_context":{"text":"Not\u00edcias de Ribeir\u00e3o Preto-SP e Regi\u00e3o","link":"https:\/\/noticiasribeiraopreto.com.br\/index.php\/category\/noticias-de-ribeirao-preto-sp-e-regiao-ismael-colosi\/"},"img":{"alt_text":"","src":"https:\/\/i0.wp.com\/noticiasribeiraopreto.com.br\/wp-content\/uploads\/2025\/04\/capital-do-agronegocio_2025-04-26_20-33-26.webp.webp?fit=1200%2C800&ssl=1&resize=350%2C200","width":350,"height":200,"srcset":"https:\/\/i0.wp.com\/noticiasribeiraopreto.com.br\/wp-content\/uploads\/2025\/04\/capital-do-agronegocio_2025-04-26_20-33-26.webp.webp?fit=1200%2C800&ssl=1&resize=350%2C200 1x, https:\/\/i0.wp.com\/noticiasribeiraopreto.com.br\/wp-content\/uploads\/2025\/04\/capital-do-agronegocio_2025-04-26_20-33-26.webp.webp?fit=1200%2C800&ssl=1&resize=525%2C300 1.5x, https:\/\/i0.wp.com\/noticiasribeiraopreto.com.br\/wp-content\/uploads\/2025\/04\/capital-do-agronegocio_2025-04-26_20-33-26.webp.webp?fit=1200%2C800&ssl=1&resize=700%2C400 2x, https:\/\/i0.wp.com\/noticiasribeiraopreto.com.br\/wp-content\/uploads\/2025\/04\/capital-do-agronegocio_2025-04-26_20-33-26.webp.webp?fit=1200%2C800&ssl=1&resize=1050%2C600 3x"},"classes":[]},{"id":71643,"url":"https:\/\/noticiasribeiraopreto.com.br\/index.php\/2025\/06\/08\/ribeirao-preto-lanca-rota-inova-rural-conexao-entre-universidades-e-agronegocio\/","url_meta":{"origin":75078,"position":2},"title":"Ribeir\u00e3o Preto lan\u00e7a Rota Inova Rural: conex\u00e3o entre universidades e agroneg\u00f3cio","author":"noticiasribeiraopreto.com.br","date":"8 de June de 2025","format":false,"excerpt":"Ser\u00e1 lan\u00e7ada na pr\u00f3xima ter\u00e7a-feira (10), em Ribeir\u00e3o Preto, a Rota Inova Rural, que pretende conectar universidades, startups e empresas, especialmente usinas, para o desenvolvimento de tecnologias inovadoras para o agroneg\u00f3cio. Al\u00e9m de palestras peri\u00f3dicas, os agentes envolvidos desenvolver\u00e3o ferramentas de inova\u00e7\u00e3o sob medida para as reais necessidades do setor.\u2026","rel":"","context":"In &quot;Not\u00edcias de Ribeir\u00e3o Preto-SP e Regi\u00e3o&quot;","block_context":{"text":"Not\u00edcias de Ribeir\u00e3o Preto-SP e Regi\u00e3o","link":"https:\/\/noticiasribeiraopreto.com.br\/index.php\/category\/noticias-de-ribeirao-preto-sp-e-regiao-ismael-colosi\/"},"img":{"alt_text":"","src":"https:\/\/i0.wp.com\/noticiasribeiraopreto.com.br\/wp-content\/uploads\/2025\/06\/dabi-business_2025-06-08_15-54-36.webp.webp?fit=1200%2C675&ssl=1&resize=350%2C200","width":350,"height":200,"srcset":"https:\/\/i0.wp.com\/noticiasribeiraopreto.com.br\/wp-content\/uploads\/2025\/06\/dabi-business_2025-06-08_15-54-36.webp.webp?fit=1200%2C675&ssl=1&resize=350%2C200 1x, https:\/\/i0.wp.com\/noticiasribeiraopreto.com.br\/wp-content\/uploads\/2025\/06\/dabi-business_2025-06-08_15-54-36.webp.webp?fit=1200%2C675&ssl=1&resize=525%2C300 1.5x, https:\/\/i0.wp.com\/noticiasribeiraopreto.com.br\/wp-content\/uploads\/2025\/06\/dabi-business_2025-06-08_15-54-36.webp.webp?fit=1200%2C675&ssl=1&resize=700%2C400 2x, https:\/\/i0.wp.com\/noticiasribeiraopreto.com.br\/wp-content\/uploads\/2025\/06\/dabi-business_2025-06-08_15-54-36.webp.webp?fit=1200%2C675&ssl=1&resize=1050%2C600 3x"},"classes":[]},{"id":62953,"url":"https:\/\/noticiasribeiraopreto.com.br\/index.php\/2025\/01\/29\/programa-agronegocio-nas-escolas-esta-com-inscricoes-abertas-saiba-como-participar\/","url_meta":{"origin":75078,"position":3},"title":"Programa &#8216;Agroneg\u00f3cio nas Escolas&#8217; est\u00e1 com inscri\u00e7\u00f5es abertas; Saiba como participar","author":"noticiasribeiraopreto.com.br","date":"29 de January de 2025","format":false,"excerpt":"A Abag (Associa\u00e7\u00e3o Brasileira do Agroneg\u00f3cio da Regi\u00e3o de Ribeir\u00e3o Preto) est\u00e1 com inscri\u00e7\u00f5es abertas para o programa educacional \u201cAgroneg\u00f3cio na Escola\u201d, que incentiva os estudantes a participarem de discuss\u00f5es sobre o agroneg\u00f3cio. O foco do programa \u00e9 a capacita\u00e7\u00e3o de professores, al\u00e9m de levar conhecimento sobe o setor para\u2026","rel":"","context":"In &quot;Not\u00edcias de Ribeir\u00e3o Preto-SP e Regi\u00e3o&quot;","block_context":{"text":"Not\u00edcias de Ribeir\u00e3o Preto-SP e Regi\u00e3o","link":"https:\/\/noticiasribeiraopreto.com.br\/index.php\/category\/noticias-de-ribeirao-preto-sp-e-regiao-ismael-colosi\/"},"img":{"alt_text":"","src":"https:\/\/i0.wp.com\/noticiasribeiraopreto.com.br\/wp-content\/uploads\/2025\/01\/WhatsApp-Image-2025-01-29-at-10.09.35_2025-01-29_14-28-42_jpeg_2025-01-29_14-28-42.webp.webp?fit=1200%2C800&ssl=1&resize=350%2C200","width":350,"height":200,"srcset":"https:\/\/i0.wp.com\/noticiasribeiraopreto.com.br\/wp-content\/uploads\/2025\/01\/WhatsApp-Image-2025-01-29-at-10.09.35_2025-01-29_14-28-42_jpeg_2025-01-29_14-28-42.webp.webp?fit=1200%2C800&ssl=1&resize=350%2C200 1x, https:\/\/i0.wp.com\/noticiasribeiraopreto.com.br\/wp-content\/uploads\/2025\/01\/WhatsApp-Image-2025-01-29-at-10.09.35_2025-01-29_14-28-42_jpeg_2025-01-29_14-28-42.webp.webp?fit=1200%2C800&ssl=1&resize=525%2C300 1.5x, https:\/\/i0.wp.com\/noticiasribeiraopreto.com.br\/wp-content\/uploads\/2025\/01\/WhatsApp-Image-2025-01-29-at-10.09.35_2025-01-29_14-28-42_jpeg_2025-01-29_14-28-42.webp.webp?fit=1200%2C800&ssl=1&resize=700%2C400 2x, https:\/\/i0.wp.com\/noticiasribeiraopreto.com.br\/wp-content\/uploads\/2025\/01\/WhatsApp-Image-2025-01-29-at-10.09.35_2025-01-29_14-28-42_jpeg_2025-01-29_14-28-42.webp.webp?fit=1200%2C800&ssl=1&resize=1050%2C600 3x"},"classes":[]},{"id":58930,"url":"https:\/\/noticiasribeiraopreto.com.br\/index.php\/2024\/10\/09\/banco-abc-brasil-promove-evento-de-agronegocio-em-ribeirao-preto\/","url_meta":{"origin":75078,"position":4},"title":"Banco ABC Brasil promove evento de agroneg\u00f3cio em Ribeir\u00e3o Preto","author":"noticiasribeiraopreto.com.br","date":"9 de October de 2024","format":false,"excerpt":"\u201cEm Ribeir\u00e3o Preto, o agroneg\u00f3cio \u00e9 t\u00e3o estruturado que estamos em uma vin\u00edcola com a temperatura batendo os 38 graus\u201d, comentou o especialista em agroneg\u00f3cio Carlos Cogo, durante a palestra que realizou na quarta-feira, dia 02\/10, sobre os cen\u00e1rios, desafios e oportunidades do agro brasileiro. Consultor do segmento h\u00e1 30\u2026","rel":"","context":"In &quot;Not\u00edcias de Ribeir\u00e3o Preto-SP e Regi\u00e3o&quot;","block_context":{"text":"Not\u00edcias de Ribeir\u00e3o Preto-SP e Regi\u00e3o","link":"https:\/\/noticiasribeiraopreto.com.br\/index.php\/category\/noticias-de-ribeirao-preto-sp-e-regiao-ismael-colosi\/"},"img":{"alt_text":"","src":"https:\/\/i0.wp.com\/noticiasribeiraopreto.com.br\/wp-content\/uploads\/2024\/10\/capa_2024-10-09_20-25-34_jpg_2024-10-09_20-25-37-scaled.webp.webp?fit=1200%2C800&ssl=1&resize=350%2C200","width":350,"height":200,"srcset":"https:\/\/i0.wp.com\/noticiasribeiraopreto.com.br\/wp-content\/uploads\/2024\/10\/capa_2024-10-09_20-25-34_jpg_2024-10-09_20-25-37-scaled.webp.webp?fit=1200%2C800&ssl=1&resize=350%2C200 1x, https:\/\/i0.wp.com\/noticiasribeiraopreto.com.br\/wp-content\/uploads\/2024\/10\/capa_2024-10-09_20-25-34_jpg_2024-10-09_20-25-37-scaled.webp.webp?fit=1200%2C800&ssl=1&resize=525%2C300 1.5x, https:\/\/i0.wp.com\/noticiasribeiraopreto.com.br\/wp-content\/uploads\/2024\/10\/capa_2024-10-09_20-25-34_jpg_2024-10-09_20-25-37-scaled.webp.webp?fit=1200%2C800&ssl=1&resize=700%2C400 2x, https:\/\/i0.wp.com\/noticiasribeiraopreto.com.br\/wp-content\/uploads\/2024\/10\/capa_2024-10-09_20-25-34_jpg_2024-10-09_20-25-37-scaled.webp.webp?fit=1200%2C800&ssl=1&resize=1050%2C600 3x"},"classes":[]},{"id":3191,"url":"https:\/\/noticiasribeiraopreto.com.br\/index.php\/2023\/10\/18\/ribeirao-preto-sedia-iv-congresso-de-direito-aplicado-ao-agronegocio\/","url_meta":{"origin":75078,"position":5},"title":"Ribeir\u00e3o Preto sedia IV Congresso de Direito aplicado ao Agroneg\u00f3cio","author":"noticiasribeiraopreto.com.br","date":"18 de October de 2023","format":false,"excerpt":"171 Em um contexto de constante transforma\u00e7\u00e3o e desafios, o Direito aplicado ao Agroneg\u00f3cio exige profissionais cada vez mais preparados e atualizados. O IV Congresso de Direito aplicado ao Agroneg\u00f3cio tem como objetivo discutir agendas importantes do setor e garantir ambiente de seguran\u00e7a jur\u00eddica \u00e0 produ\u00e7\u00e3o agropecu\u00e1ria. O evento ser\u00e1\u2026","rel":"","context":"In &quot;Not\u00edcias de Ribeir\u00e3o Preto-SP e Regi\u00e3o&quot;","block_context":{"text":"Not\u00edcias de Ribeir\u00e3o Preto-SP e Regi\u00e3o","link":"https:\/\/noticiasribeiraopreto.com.br\/index.php\/category\/noticias-de-ribeirao-preto-sp-e-regiao-ismael-colosi\/"},"img":{"alt_text":"","src":"https:\/\/i0.wp.com\/noticiasribeiraopreto.com.br\/wp-content\/uploads\/2023\/11\/congresso_oab_direito_agronegocio_-_foto_fernando_gonzaga_1.jpg?fit=1200%2C800&ssl=1&resize=350%2C200","width":350,"height":200,"srcset":"https:\/\/i0.wp.com\/noticiasribeiraopreto.com.br\/wp-content\/uploads\/2023\/11\/congresso_oab_direito_agronegocio_-_foto_fernando_gonzaga_1.jpg?fit=1200%2C800&ssl=1&resize=350%2C200 1x, https:\/\/i0.wp.com\/noticiasribeiraopreto.com.br\/wp-content\/uploads\/2023\/11\/congresso_oab_direito_agronegocio_-_foto_fernando_gonzaga_1.jpg?fit=1200%2C800&ssl=1&resize=525%2C300 1.5x, https:\/\/i0.wp.com\/noticiasribeiraopreto.com.br\/wp-content\/uploads\/2023\/11\/congresso_oab_direito_agronegocio_-_foto_fernando_gonzaga_1.jpg?fit=1200%2C800&ssl=1&resize=700%2C400 2x, https:\/\/i0.wp.com\/noticiasribeiraopreto.com.br\/wp-content\/uploads\/2023\/11\/congresso_oab_direito_agronegocio_-_foto_fernando_gonzaga_1.jpg?fit=1200%2C800&ssl=1&resize=1050%2C600 3x"},"classes":[]}],"jetpack_sharing_enabled":true,"jetpack_shortlink":"https:\/\/wp.me\/peQAOb-jwW","_links":{"self":[{"href":"https:\/\/noticiasribeiraopreto.com.br\/index.php\/wp-json\/wp\/v2\/posts\/75078","targetHints":{"allow":["GET"]}}],"collection":[{"href":"https:\/\/noticiasribeiraopreto.com.br\/index.php\/wp-json\/wp\/v2\/posts"}],"about":[{"href":"https:\/\/noticiasribeiraopreto.com.br\/index.php\/wp-json\/wp\/v2\/types\/post"}],"author":[{"embeddable":true,"href":"https:\/\/noticiasribeiraopreto.com.br\/index.php\/wp-json\/wp\/v2\/users\/1"}],"replies":[{"embeddable":true,"href":"https:\/\/noticiasribeiraopreto.com.br\/index.php\/wp-json\/wp\/v2\/comments?post=75078"}],"version-history":[{"count":0,"href":"https:\/\/noticiasribeiraopreto.com.br\/index.php\/wp-json\/wp\/v2\/posts\/75078\/revisions"}],"wp:featuredmedia":[{"embeddable":true,"href":"https:\/\/noticiasribeiraopreto.com.br\/index.php\/wp-json\/wp\/v2\/media\/75079"}],"wp:attachment":[{"href":"https:\/\/noticiasribeiraopreto.com.br\/index.php\/wp-json\/wp\/v2\/media?parent=75078"}],"wp:term":[{"taxonomy":"category","embeddable":true,"href":"https:\/\/noticiasribeiraopreto.com.br\/index.php\/wp-json\/wp\/v2\/categories?post=75078"},{"taxonomy":"post_tag","embeddable":true,"href":"https:\/\/noticiasribeiraopreto.com.br\/index.php\/wp-json\/wp\/v2\/tags?post=75078"}],"curies":[{"name":"wp","href":"https:\/\/api.w.org\/{rel}","templated":true}]}}