{"id":75080,"date":"2025-08-03T09:29:03","date_gmt":"2025-08-03T12:29:03","guid":{"rendered":"https:\/\/noticiasribeiraopreto.com.br\/index.php\/2025\/08\/03\/confira-a-previsao-do-tempo-para-ribeirao-preto-neste-domingo-2\/"},"modified":"2025-08-03T09:29:03","modified_gmt":"2025-08-03T12:29:03","slug":"confira-a-previsao-do-tempo-para-ribeirao-preto-neste-domingo-2","status":"publish","type":"post","link":"https:\/\/noticiasribeiraopreto.com.br\/index.php\/2025\/08\/03\/confira-a-previsao-do-tempo-para-ribeirao-preto-neste-domingo-2\/","title":{"rendered":"Confira a previs\u00e3o do tempo para Ribeir\u00e3o Preto neste domingo"},"content":{"rendered":"<div class='code-block code-block-1' style='margin: 8px 0 8px auto; text-align: right; display: block; clear: both;'>\n<p><a href=\"https:\/\/wa.link\/vpicfd\"><img data-recalc-dims=\"1\" class=\"wp-image-4922\" style=\"aspect-ratio: 2.0253164556962027; width: 561px; height: auto;\" src=\"https:\/\/i0.wp.com\/ismaelcolosi.com.br\/wp-content\/uploads\/2023\/11\/grupo-de-empregos-whatsapp-e-facebook-ismael-colosi-vagas.jpg?ssl=1\" alt=\"\" \/><\/a><\/p>\n<!-- \/wp:image -->\n<\/div>\n<p> <br \/>\n<\/p>\n<div data-td-block-uid=\"tdi_95\">\n<div class=\"tdb-block-inner td-fix-index\">\n<p>A <strong>previs\u00e3o do tempo para Ribeir\u00e3o Preto <\/strong>aponta que este domingo (3) ser\u00e1 de Sol e com muitas nuvens no per\u00edodo da tarde. A <strong><a href=\"https:\/\/www.climatempo.com.br\/previsao-do-tempo\/15-dias\/cidade\/530\/ribeiraopreto-sp\" data-type=\"link\" data-id=\"https:\/\/www.climatempo.com.br\/previsao-do-tempo\/15-dias\/cidade\/530\/ribeiraopreto-sp\" target=\"_blank\" rel=\"noopener\">Climatempo <\/a><\/strong>informa que o per\u00edodo da noite deve ter nebulosidade, mas n\u00e3o h\u00e1 previs\u00e3o de chuva.<\/p>\n<p><mark style=\"background-color:#fcb900\" class=\"has-inline-color has-black-color\">As temperaturas em Ribeir\u00e3o Preto devem ficar entre 14\u00b0C e 28\u00b0C<\/mark>, e a umidade relativa do ar varia entre 22% e 63%.<\/p>\n<h2 class=\"wp-block-heading\"><strong>Massa de ar frio<\/strong><\/h2>\n<p>A Defesa Civil de S\u00e3o Paulo informa que, em raz\u00e3o da atua\u00e7\u00e3o de uma massa de ar frio seca, o domingo come\u00e7ou com sensa\u00e7\u00e3o de frio. Ao longo do dia, o tempo ser\u00e1 est\u00e1vel e com temperaturas m\u00e1ximas de at\u00e9 32\u00b0C em algumas regi\u00f5es do estado de S\u00e3o Paulo.<\/p>\n<p>Na faixa leste \u00e9 poss\u00edvel ocorrer rajadas de vento com velocidades de at\u00e9 60 km\/h. \u201cAl\u00e9m disso, nas \u00faltimas horas do domingo, o litoral sul pode ter a forma\u00e7\u00e3o de \u00e1reas de instabilidade e, por conseguinte, eventos de chuva\u201d, informa.<\/p>\n<p><mark style=\"background-color:#fcb900\" class=\"has-inline-color has-black-color\">Destacam-se os baixos \u00edndices de umidade relativa do ar em todo o estado,<\/mark> os quais, no per\u00edodo da tarde, podem alcan\u00e7ar valores inferiores a 20% em grande parte dos munic\u00edpios paulistas.<\/p>\n<p>Diante disso, a OMS aconselha redobrar o cuidado com a hidrata\u00e7\u00e3o e evitar atividades ao ar livre no per\u00edodo da tarde<\/p>\n<p><!-- AI CONTENT END 1 -->\n<\/div>\n<\/div>\n<p><br \/>\n<br \/><a href=\"https:\/\/www.acidadeon.com\/ribeiraopreto\/cotidiano\/confira-a-previsao-do-tempo-para-ribeirao-preto-neste-domingo-5\/\">Source link <\/a><\/p>\n<!-- CONTENT END 1 -->\n","protected":false},"excerpt":{"rendered":"<p>A previs\u00e3o do tempo para Ribeir\u00e3o Preto aponta que este domingo (3) ser\u00e1 de Sol e com muitas nuvens no per\u00edodo da tarde. A Climatempo&#8230;<\/p>\n","protected":false},"author":1,"featured_media":75081,"comment_status":"open","ping_status":"open","sticky":false,"template":"","format":"standard","meta":{"advanced_seo_description":"","jetpack_seo_html_title":"","jetpack_seo_noindex":false,"jetpack_post_was_ever_published":false,"_jetpack_newsletter_access":"","_jetpack_dont_email_post_to_subs":false,"_jetpack_newsletter_tier_id":0,"_jetpack_memberships_contains_paywalled_content":false,"_jetpack_memberships_contains_paid_content":false,"footnotes":"","jetpack_publicize_message":"","jetpack_publicize_feature_enabled":true,"jetpack_social_post_already_shared":true,"jetpack_social_options":{"image_generator_settings":{"template":"highway","default_image_id":0,"font":"","enabled":false},"version":2}},"categories":[11],"tags":[],"class_list":["post-75080","post","type-post","status-publish","format-standard","has-post-thumbnail","hentry","category-noticias-de-ribeirao-preto-sp-e-regiao-ismael-colosi"],"jetpack_publicize_connections":[],"jetpack_featured_media_url":"https:\/\/i0.wp.com\/noticiasribeiraopreto.com.br\/wp-content\/uploads\/2025\/08\/ceu-ribeirao-preto-3_2025-08-03_12-22-19.webp.webp?fit=1200%2C900&ssl=1","jetpack-related-posts":[{"id":73962,"url":"https:\/\/noticiasribeiraopreto.com.br\/index.php\/2025\/07\/13\/saiba-como-fica-o-tempo-em-ribeirao-preto-neste-domingo\/","url_meta":{"origin":75080,"position":0},"title":"Saiba como fica o tempo em Ribeir\u00e3o Preto neste domingo","author":"noticiasribeiraopreto.com.br","date":"13 de July de 2025","format":false,"excerpt":"O domingo (13) amanheceu nublado em Ribeir\u00e3o Preto. Segundo a Climatempo, a temperatura m\u00e1xima prevista para cidade \u00e9 de 24\u00baC, com m\u00ednima de 15\u00b0C. Os meteorologistas apontam que o dia ter\u00e1 muitas nuvens, mas n\u00e3o h\u00e1 previs\u00e3o de chuva. A umidade do ar varia entre 46% e 80%. Massa de\u2026","rel":"","context":"In &quot;Not\u00edcias de Ribeir\u00e3o Preto-SP e Regi\u00e3o&quot;","block_context":{"text":"Not\u00edcias de Ribeir\u00e3o Preto-SP e Regi\u00e3o","link":"https:\/\/noticiasribeiraopreto.com.br\/index.php\/category\/noticias-de-ribeirao-preto-sp-e-regiao-ismael-colosi\/"},"img":{"alt_text":"","src":"https:\/\/i0.wp.com\/noticiasribeiraopreto.com.br\/wp-content\/uploads\/2025\/07\/nuvens-ribeirao-preto_2025-07-13_12-33-16.webp.webp?fit=1200%2C900&ssl=1&resize=350%2C200","width":350,"height":200,"srcset":"https:\/\/i0.wp.com\/noticiasribeiraopreto.com.br\/wp-content\/uploads\/2025\/07\/nuvens-ribeirao-preto_2025-07-13_12-33-16.webp.webp?fit=1200%2C900&ssl=1&resize=350%2C200 1x, https:\/\/i0.wp.com\/noticiasribeiraopreto.com.br\/wp-content\/uploads\/2025\/07\/nuvens-ribeirao-preto_2025-07-13_12-33-16.webp.webp?fit=1200%2C900&ssl=1&resize=525%2C300 1.5x, https:\/\/i0.wp.com\/noticiasribeiraopreto.com.br\/wp-content\/uploads\/2025\/07\/nuvens-ribeirao-preto_2025-07-13_12-33-16.webp.webp?fit=1200%2C900&ssl=1&resize=700%2C400 2x, https:\/\/i0.wp.com\/noticiasribeiraopreto.com.br\/wp-content\/uploads\/2025\/07\/nuvens-ribeirao-preto_2025-07-13_12-33-16.webp.webp?fit=1200%2C900&ssl=1&resize=1050%2C600 3x"},"classes":[]},{"id":66772,"url":"https:\/\/noticiasribeiraopreto.com.br\/index.php\/2025\/04\/05\/massa-de-ar-frio-derruba-temperaturas-neste-final-de-semana-veja-previsao-para-ribeirao\/","url_meta":{"origin":75080,"position":1},"title":"Massa de ar frio derruba temperaturas neste final de semana; Veja previs\u00e3o para Ribeir\u00e3o","author":"noticiasribeiraopreto.com.br","date":"5 de April de 2025","format":false,"excerpt":"Uma forte massa de ar frio de origem polar se espalha pelo Centro-Sul do Brasil e avan\u00e7a para a regi\u00e3o Sudeste neste fim de semana. Esse cen\u00e1rio deve aliviar o calor\u00e3o em diversas regi\u00f5es. De acordo com a Climatempo, o s\u00e1bado (5), em Ribeir\u00e3o Preto, tem previs\u00e3o de chuva a\u2026","rel":"","context":"In &quot;Not\u00edcias de Ribeir\u00e3o Preto-SP e Regi\u00e3o&quot;","block_context":{"text":"Not\u00edcias de Ribeir\u00e3o Preto-SP e Regi\u00e3o","link":"https:\/\/noticiasribeiraopreto.com.br\/index.php\/category\/noticias-de-ribeirao-preto-sp-e-regiao-ismael-colosi\/"},"img":{"alt_text":"","src":"https:\/\/i0.wp.com\/noticiasribeiraopreto.com.br\/wp-content\/uploads\/2025\/04\/WhatsApp-Image-2025-04-05-at-09.44.20_2025-04-05_12-45-05_jpeg_2025-04-05_12-45-05.webp.webp?fit=1200%2C900&ssl=1&resize=350%2C200","width":350,"height":200,"srcset":"https:\/\/i0.wp.com\/noticiasribeiraopreto.com.br\/wp-content\/uploads\/2025\/04\/WhatsApp-Image-2025-04-05-at-09.44.20_2025-04-05_12-45-05_jpeg_2025-04-05_12-45-05.webp.webp?fit=1200%2C900&ssl=1&resize=350%2C200 1x, https:\/\/i0.wp.com\/noticiasribeiraopreto.com.br\/wp-content\/uploads\/2025\/04\/WhatsApp-Image-2025-04-05-at-09.44.20_2025-04-05_12-45-05_jpeg_2025-04-05_12-45-05.webp.webp?fit=1200%2C900&ssl=1&resize=525%2C300 1.5x, https:\/\/i0.wp.com\/noticiasribeiraopreto.com.br\/wp-content\/uploads\/2025\/04\/WhatsApp-Image-2025-04-05-at-09.44.20_2025-04-05_12-45-05_jpeg_2025-04-05_12-45-05.webp.webp?fit=1200%2C900&ssl=1&resize=700%2C400 2x, https:\/\/i0.wp.com\/noticiasribeiraopreto.com.br\/wp-content\/uploads\/2025\/04\/WhatsApp-Image-2025-04-05-at-09.44.20_2025-04-05_12-45-05_jpeg_2025-04-05_12-45-05.webp.webp?fit=1200%2C900&ssl=1&resize=1050%2C600 3x"},"classes":[]},{"id":70349,"url":"https:\/\/noticiasribeiraopreto.com.br\/index.php\/2025\/05\/25\/sol-chuva-ou-frio-veja-como-vai-estar-o-tempo-neste-domingo-em-ribeirao-preto\/","url_meta":{"origin":75080,"position":2},"title":"Sol, chuva ou frio? Veja como vai estar o tempo neste domingo em Ribeir\u00e3o Preto","author":"noticiasribeiraopreto.com.br","date":"25 de May de 2025","format":false,"excerpt":"A previs\u00e3o do tempo para este domingo (25) em Ribeir\u00e3o Preto indica um dia semelhante ao anterior. O sol aparece entre muitas nuvens durante a manh\u00e3 e a tarde, com per\u00edodos de c\u00e9u nublado. \u00c0 noite, o c\u00e9u deve permanecer limpo, mas h\u00e1 possibilidade de nevoeiro. As temperaturas variam entre\u2026","rel":"","context":"In &quot;Not\u00edcias de Ribeir\u00e3o Preto-SP e Regi\u00e3o&quot;","block_context":{"text":"Not\u00edcias de Ribeir\u00e3o Preto-SP e Regi\u00e3o","link":"https:\/\/noticiasribeiraopreto.com.br\/index.php\/category\/noticias-de-ribeirao-preto-sp-e-regiao-ismael-colosi\/"},"img":{"alt_text":"","src":"https:\/\/i0.wp.com\/noticiasribeiraopreto.com.br\/wp-content\/uploads\/2025\/05\/Imagem-do-WhatsApp-de-2025-05-25-as-09.33.04_1f9e47fe_2025-05-25_12-33-46.webp.webp?fit=1200%2C675&ssl=1&resize=350%2C200","width":350,"height":200,"srcset":"https:\/\/i0.wp.com\/noticiasribeiraopreto.com.br\/wp-content\/uploads\/2025\/05\/Imagem-do-WhatsApp-de-2025-05-25-as-09.33.04_1f9e47fe_2025-05-25_12-33-46.webp.webp?fit=1200%2C675&ssl=1&resize=350%2C200 1x, https:\/\/i0.wp.com\/noticiasribeiraopreto.com.br\/wp-content\/uploads\/2025\/05\/Imagem-do-WhatsApp-de-2025-05-25-as-09.33.04_1f9e47fe_2025-05-25_12-33-46.webp.webp?fit=1200%2C675&ssl=1&resize=525%2C300 1.5x, https:\/\/i0.wp.com\/noticiasribeiraopreto.com.br\/wp-content\/uploads\/2025\/05\/Imagem-do-WhatsApp-de-2025-05-25-as-09.33.04_1f9e47fe_2025-05-25_12-33-46.webp.webp?fit=1200%2C675&ssl=1&resize=700%2C400 2x, https:\/\/i0.wp.com\/noticiasribeiraopreto.com.br\/wp-content\/uploads\/2025\/05\/Imagem-do-WhatsApp-de-2025-05-25-as-09.33.04_1f9e47fe_2025-05-25_12-33-46.webp.webp?fit=1200%2C675&ssl=1&resize=1050%2C600 3x"},"classes":[]},{"id":76539,"url":"https:\/\/noticiasribeiraopreto.com.br\/index.php\/2025\/08\/31\/confira-a-previsao-do-tempo-para-ribeirao-preto-neste-domingo-3\/","url_meta":{"origin":75080,"position":3},"title":"Confira a previs\u00e3o do tempo para Ribeir\u00e3o Preto neste domingo","author":"noticiasribeiraopreto.com.br","date":"31 de August de 2025","format":false,"excerpt":"O domingo (31) come\u00e7ou com sol em Ribeir\u00e3o Preto. Segundo a previs\u00e3o do tempo, o as nuvens devem aumentar a partir da tarde, contudo n\u00e3o h\u00e1 previs\u00e3o de chuva. A Climatempo informa que a temperatura m\u00e1xima prevista \u00e9 de 30\u00b0C, com m\u00ednima de 16\u00baC. A umidade relativa do ar varia\u2026","rel":"","context":"In &quot;Not\u00edcias de Ribeir\u00e3o Preto-SP e Regi\u00e3o&quot;","block_context":{"text":"Not\u00edcias de Ribeir\u00e3o Preto-SP e Regi\u00e3o","link":"https:\/\/noticiasribeiraopreto.com.br\/index.php\/category\/noticias-de-ribeirao-preto-sp-e-regiao-ismael-colosi\/"},"img":{"alt_text":"","src":"https:\/\/i0.wp.com\/noticiasribeiraopreto.com.br\/wp-content\/uploads\/2025\/08\/ceu-azul_2025-08-31_12-37-03.webp.webp?fit=1200%2C900&ssl=1&resize=350%2C200","width":350,"height":200,"srcset":"https:\/\/i0.wp.com\/noticiasribeiraopreto.com.br\/wp-content\/uploads\/2025\/08\/ceu-azul_2025-08-31_12-37-03.webp.webp?fit=1200%2C900&ssl=1&resize=350%2C200 1x, https:\/\/i0.wp.com\/noticiasribeiraopreto.com.br\/wp-content\/uploads\/2025\/08\/ceu-azul_2025-08-31_12-37-03.webp.webp?fit=1200%2C900&ssl=1&resize=525%2C300 1.5x, https:\/\/i0.wp.com\/noticiasribeiraopreto.com.br\/wp-content\/uploads\/2025\/08\/ceu-azul_2025-08-31_12-37-03.webp.webp?fit=1200%2C900&ssl=1&resize=700%2C400 2x, https:\/\/i0.wp.com\/noticiasribeiraopreto.com.br\/wp-content\/uploads\/2025\/08\/ceu-azul_2025-08-31_12-37-03.webp.webp?fit=1200%2C900&ssl=1&resize=1050%2C600 3x"},"classes":[]},{"id":75280,"url":"https:\/\/noticiasribeiraopreto.com.br\/index.php\/2025\/08\/06\/massa-de-ar-polar-forte-deve-derrubar-as-temperaturas-veja-previsao\/","url_meta":{"origin":75080,"position":4},"title":"Massa de ar polar forte deve derrubar as temperaturas; Veja previs\u00e3o","author":"noticiasribeiraopreto.com.br","date":"6 de August de 2025","format":false,"excerpt":"Uma massa de ar polar de forte intensidade dever\u00e1 derrubar as temperaturas no Sudeste. Segundo a Climatempo, o ar frio dever\u00e1 chegar na retaguarda de uma nova frente fria associada a um ciclone extratropical, que avan\u00e7a para a regi\u00e3o entre quinta-feira (7) sexta-feira (8). Para o Sul, h\u00e1 at\u00e9 possibilidade\u2026","rel":"","context":"In &quot;Not\u00edcias de Ribeir\u00e3o Preto-SP e Regi\u00e3o&quot;","block_context":{"text":"Not\u00edcias de Ribeir\u00e3o Preto-SP e Regi\u00e3o","link":"https:\/\/noticiasribeiraopreto.com.br\/index.php\/category\/noticias-de-ribeirao-preto-sp-e-regiao-ismael-colosi\/"},"img":{"alt_text":"","src":"https:\/\/i0.wp.com\/noticiasribeiraopreto.com.br\/wp-content\/uploads\/2025\/07\/frio_sp06_2025-07-29_09-28-55.webp.webp?fit=1200%2C808&ssl=1&resize=350%2C200","width":350,"height":200,"srcset":"https:\/\/i0.wp.com\/noticiasribeiraopreto.com.br\/wp-content\/uploads\/2025\/07\/frio_sp06_2025-07-29_09-28-55.webp.webp?fit=1200%2C808&ssl=1&resize=350%2C200 1x, https:\/\/i0.wp.com\/noticiasribeiraopreto.com.br\/wp-content\/uploads\/2025\/07\/frio_sp06_2025-07-29_09-28-55.webp.webp?fit=1200%2C808&ssl=1&resize=525%2C300 1.5x, https:\/\/i0.wp.com\/noticiasribeiraopreto.com.br\/wp-content\/uploads\/2025\/07\/frio_sp06_2025-07-29_09-28-55.webp.webp?fit=1200%2C808&ssl=1&resize=700%2C400 2x, https:\/\/i0.wp.com\/noticiasribeiraopreto.com.br\/wp-content\/uploads\/2025\/07\/frio_sp06_2025-07-29_09-28-55.webp.webp?fit=1200%2C808&ssl=1&resize=1050%2C600 3x"},"classes":[]},{"id":73267,"url":"https:\/\/noticiasribeiraopreto.com.br\/index.php\/2025\/06\/28\/apos-frio-intenso-veja-a-previsao-do-tempo-para-ribeirao-preto-no-final-de-semana\/","url_meta":{"origin":75080,"position":5},"title":"Ap\u00f3s frio intenso, veja a previs\u00e3o do tempo para Ribeir\u00e3o Preto no final de semana","author":"noticiasribeiraopreto.com.br","date":"28 de June de 2025","format":false,"excerpt":"Ap\u00f3s uma sequ\u00eancia de dias gelados, com recordes de temperatura m\u00ednima, o clima come\u00e7a a mudar em diversas regi\u00f5es. O avan\u00e7o de uma massa de ar quente eleva as temperaturas, especialmente no Sudeste e Centro-Oeste. Mesmo com madrugadas ainda frias, os term\u00f4metros sobem rapidamente ao longo do dia no interior\u2026","rel":"","context":"In &quot;Not\u00edcias de Ribeir\u00e3o Preto-SP e Regi\u00e3o&quot;","block_context":{"text":"Not\u00edcias de Ribeir\u00e3o Preto-SP e Regi\u00e3o","link":"https:\/\/noticiasribeiraopreto.com.br\/index.php\/category\/noticias-de-ribeirao-preto-sp-e-regiao-ismael-colosi\/"},"img":{"alt_text":"","src":"https:\/\/i0.wp.com\/noticiasribeiraopreto.com.br\/wp-content\/uploads\/2025\/06\/WhatsApp-Image-2024-02-21-at-07.07.05.jpeg?fit=1200%2C623&ssl=1&resize=350%2C200","width":350,"height":200,"srcset":"https:\/\/i0.wp.com\/noticiasribeiraopreto.com.br\/wp-content\/uploads\/2025\/06\/WhatsApp-Image-2024-02-21-at-07.07.05.jpeg?fit=1200%2C623&ssl=1&resize=350%2C200 1x, https:\/\/i0.wp.com\/noticiasribeiraopreto.com.br\/wp-content\/uploads\/2025\/06\/WhatsApp-Image-2024-02-21-at-07.07.05.jpeg?fit=1200%2C623&ssl=1&resize=525%2C300 1.5x, https:\/\/i0.wp.com\/noticiasribeiraopreto.com.br\/wp-content\/uploads\/2025\/06\/WhatsApp-Image-2024-02-21-at-07.07.05.jpeg?fit=1200%2C623&ssl=1&resize=700%2C400 2x, https:\/\/i0.wp.com\/noticiasribeiraopreto.com.br\/wp-content\/uploads\/2025\/06\/WhatsApp-Image-2024-02-21-at-07.07.05.jpeg?fit=1200%2C623&ssl=1&resize=1050%2C600 3x"},"classes":[]}],"jetpack_sharing_enabled":true,"jetpack_shortlink":"https:\/\/wp.me\/peQAOb-jwY","_links":{"self":[{"href":"https:\/\/noticiasribeiraopreto.com.br\/index.php\/wp-json\/wp\/v2\/posts\/75080","targetHints":{"allow":["GET"]}}],"collection":[{"href":"https:\/\/noticiasribeiraopreto.com.br\/index.php\/wp-json\/wp\/v2\/posts"}],"about":[{"href":"https:\/\/noticiasribeiraopreto.com.br\/index.php\/wp-json\/wp\/v2\/types\/post"}],"author":[{"embeddable":true,"href":"https:\/\/noticiasribeiraopreto.com.br\/index.php\/wp-json\/wp\/v2\/users\/1"}],"replies":[{"embeddable":true,"href":"https:\/\/noticiasribeiraopreto.com.br\/index.php\/wp-json\/wp\/v2\/comments?post=75080"}],"version-history":[{"count":0,"href":"https:\/\/noticiasribeiraopreto.com.br\/index.php\/wp-json\/wp\/v2\/posts\/75080\/revisions"}],"wp:featuredmedia":[{"embeddable":true,"href":"https:\/\/noticiasribeiraopreto.com.br\/index.php\/wp-json\/wp\/v2\/media\/75081"}],"wp:attachment":[{"href":"https:\/\/noticiasribeiraopreto.com.br\/index.php\/wp-json\/wp\/v2\/media?parent=75080"}],"wp:term":[{"taxonomy":"category","embeddable":true,"href":"https:\/\/noticiasribeiraopreto.com.br\/index.php\/wp-json\/wp\/v2\/categories?post=75080"},{"taxonomy":"post_tag","embeddable":true,"href":"https:\/\/noticiasribeiraopreto.com.br\/index.php\/wp-json\/wp\/v2\/tags?post=75080"}],"curies":[{"name":"wp","href":"https:\/\/api.w.org\/{rel}","templated":true}]}}